{"id":289454,"date":"2022-07-26T19:35:19","date_gmt":"2022-07-26T17:35:19","guid":{"rendered":"https:\/\/www.radiopiu.net\/wordpress\/?p=289454"},"modified":"2022-07-27T05:41:30","modified_gmt":"2022-07-27T03:41:30","slug":"novita-allesterno-e-allinterno-dello-stabilimento-luxottica-di-agordo","status":"publish","type":"post","link":"https:\/\/www.radiopiu.net\/wordpress\/novita-allesterno-e-allinterno-dello-stabilimento-luxottica-di-agordo\/","title":{"rendered":"NOVITA&#8217; ALL&#8217;ESTERNO E ALL&#8217;INTERNO DELLO STABILIMENTO LUXOTTICA DI AGORDO"},"content":{"rendered":"<p><strong><a class=\"dt-pswp-item\" href=\"https:\/\/www.radiopiu.net\/wordpress\/wp-content\/uploads\/2022\/06\/LUXOTTICA-11-scaled.jpg\" data-dt-img-description=\"\" data-large_image_width=\"2560\" data-large_image_height=\"1703\"><img loading=\"lazy\" decoding=\"async\" class=\"size-thumbnail wp-image-284018 alignleft\" src=\"https:\/\/www.radiopiu.net\/wordpress\/wp-content\/uploads\/2022\/06\/LUXOTTICA-11-150x150.jpg\" alt=\"\" width=\"150\" height=\"150\" \/><\/a>AGORDO <\/strong>Grandi novit\u00e0 alla Luxottica di Agordo. Nelle ultime ore l&#8217;azienda ha informato le maestranze su cosa sta avvenendo fuori e dentro lo stabilimento. Un lungo comunicato con spiegati tutti i particolari. &#8220;<em>Il comprensorio di Agordo\u00a0 &#8211; si legge nel comunicato &#8211; sta vivendo in questi mesi una trasformazione che impatta sia le aree interne che le aree esterne, sia i reparti produttivi che gli uffici. Alcuni reparti produttivi e uffici saranno ricollocati in aree diverse, approfittando nel renderli moderni ed efficienti, sia dal punto del risparmio energetico che di flusso di prodotto. Tra questi l\u2019area del Product, Style &amp; R&amp;D, avr\u00e0 una veste completamente nuova, volta a raccontare l\u2019eccellenza di un prodotto che nasce da una idea, si sviluppa tecnicamente, anche attraverso i primi prototipi, e viene poi arricchito dalle continue migliorie ed innovazioni frutto di ricerca e sviluppo sempre all\u2019avanguardia. Il tutto nel perfetto connubio tra l\u2019artigianalit\u00e0 e la trasformazione digitale che ci colloca nel futuro. Innovazione, evoluzione e cambiamento anche per il Laboratorio Qualit\u00e0 che si \u00e8 gi\u00e0 svelato nella sua grande avanguardia trovando collocazione in una area visibile a tutti.Gli spogliatoi sono stati riaperti, seppur in aree temporanee, in attesa di realizzare una nuova area dedicata, che sar\u00e0 pi\u00f9 ampia e confortevole. Luxottica ha posto la massima attenzione alle proprie persone, facendole vivere in ambienti sani e sicuri. \u00c8 stata disegnata una nuova viabilit\u00e0 che semplificher\u00e0 i flussi di entrata e uscita dalla fabbrica, accompagnando il progetto con nuovi parcheggi e sistemazione di quelli esistenti. Per sopperire alla temporanea diminuzione dei parcheggi adiacenti alla fabbrica, l\u2019azienda ha messo a disposizione un servizio di navette che collegano i parcheggi esterni di Tamonich, Polane e Via Tissi. Mappa e dettagli sono visionabili nella sezione Welfare di OneLuxottica. Inoltre, per una maggiore sicurezza di pedoni e pendolari anche la zona di fermata delle corriere \u00e8 stata ridisegnata e trover\u00e0 presto la sua nuova collocazione pi\u00f9 coerente lato Portineria, evitando cos\u00ec inutili attraversamenti della strada<\/em>.&#8221; Luxottica chiede a tutti i dipendenti la massima collaborazione e un po\u2019 di pazienza in questo periodo di lavori in Valcozzena.<\/p>\n<p>&nbsp;<\/p>\n<p>&nbsp;<\/p>\n<p>*****<\/p>\n","protected":false},"excerpt":{"rendered":"<p>AGORDO Grandi novit\u00e0 alla Luxottica di Agordo. Nelle ultime ore l&#8217;azienda ha informato le maestranze su cosa sta avvenendo fuori e dentro lo stabilimento. Un lungo comunicato con spiegati tutti i particolari. &#8220;Il comprensorio di Agordo\u00a0 &#8211; si legge nel comunicato &#8211; sta vivendo in questi mesi una trasformazione che impatta sia le aree interne&hellip;<\/p>\n","protected":false},"author":4,"featured_media":284018,"comment_status":"closed","ping_status":"closed","sticky":false,"template":"","format":"standard","meta":{"_monsterinsights_skip_tracking":false,"_monsterinsights_sitenote_active":false,"_monsterinsights_sitenote_note":"","_monsterinsights_sitenote_category":0,"footnotes":""},"categories":[104,49],"tags":[],"class_list":["post-289454","post","type-post","status-publish","format-standard","has-post-thumbnail","hentry","category-evidenza_3","category-news-18","category-104","category-49","description-off"],"img_url":"https:\/\/www.radiopiu.net\/wordpress\/wp-content\/uploads\/2022\/06\/LUXOTTICA-11-scaled.jpg","_links":{"self":[{"href":"https:\/\/www.radiopiu.net\/wordpress\/wp-json\/wp\/v2\/posts\/289454","targetHints":{"allow":["GET"]}}],"collection":[{"href":"https:\/\/www.radiopiu.net\/wordpress\/wp-json\/wp\/v2\/posts"}],"about":[{"href":"https:\/\/www.radiopiu.net\/wordpress\/wp-json\/wp\/v2\/types\/post"}],"author":[{"embeddable":true,"href":"https:\/\/www.radiopiu.net\/wordpress\/wp-json\/wp\/v2\/users\/4"}],"replies":[{"embeddable":true,"href":"https:\/\/www.radiopiu.net\/wordpress\/wp-json\/wp\/v2\/comments?post=289454"}],"version-history":[{"count":0,"href":"https:\/\/www.radiopiu.net\/wordpress\/wp-json\/wp\/v2\/posts\/289454\/revisions"}],"wp:featuredmedia":[{"embeddable":true,"href":"https:\/\/www.radiopiu.net\/wordpress\/wp-json\/wp\/v2\/media\/284018"}],"wp:attachment":[{"href":"https:\/\/www.radiopiu.net\/wordpress\/wp-json\/wp\/v2\/media?parent=289454"}],"wp:term":[{"taxonomy":"category","embeddable":true,"href":"https:\/\/www.radiopiu.net\/wordpress\/wp-json\/wp\/v2\/categories?post=289454"},{"taxonomy":"post_tag","embeddable":true,"href":"https:\/\/www.radiopiu.net\/wordpress\/wp-json\/wp\/v2\/tags?post=289454"}],"curies":[{"name":"wp","href":"https:\/\/api.w.org\/{rel}","templated":true}]}}