{"id":289462,"date":"2022-07-27T05:27:24","date_gmt":"2022-07-27T03:27:24","guid":{"rendered":"https:\/\/www.radiopiu.net\/wordpress\/?p=289462"},"modified":"2022-07-27T05:37:12","modified_gmt":"2022-07-27T03:37:12","slug":"strade-allagate-a-vodo-di-cadore","status":"publish","type":"post","link":"https:\/\/www.radiopiu.net\/wordpress\/strade-allagate-a-vodo-di-cadore\/","title":{"rendered":"STRADE ALLAGATE A VODO DI CADORE"},"content":{"rendered":"<p><strong>VODO DI CADORE <\/strong>Forte temporale a Vodo di Cadore dove le strade sono diventate un fiume marrone come si nota nel video che pubblichiamo. In Cadore si \u00e8 passati in poche ore dai problema causati dal fuoco a quelli provocati dall\u2019acqua. La pioggia, che da un lato ha aiutato a spegnere l\u2019incendio boschivo di Lozzo di Cadore, ha per\u00f2 provocato problemi nella zona di Vodo e Peajo. Il forte acquazzone di met\u00e0 pomeriggio ha fatto scattare gli allarmi della frana di Cancia in comune di Borca di Cadore, dove \u00e8 sceso materiale molto liquido, arrivato solo nella vasca di accumulo, senza interessare fortunatamente abitazioni e viabilit\u00e0- Problemi alla circolazione invece tra Vodo e Peaio dove sul torrente Rudan \u00e8 scesa una colata detritica, rattenuta dalla briglia realizzata dai Servizi Forestali della Regione, senza interessare le abitazioni a valle. I\u00a0rallentamenti alla viabilit\u00e0 sono stati causati dal materiale liquido che ha invaso una carreggiata, costringendo i Vigili del Fuoco ad intervenire anche con un\u2019idrovora per la pulizia del manto stradale.<\/p>\n<h3><span style=\"color: #0000ff;\"><strong>DA VIABILITA&#8217; PROVINCIA BELLUNO (TELEGRAM)<\/strong><\/span><\/h3>\n<div style=\"width: 1200px;\" class=\"wp-video\"><video class=\"wp-video-shortcode\" id=\"video-289462-1\" width=\"1200\" height=\"675\" preload=\"metadata\" controls=\"controls\"><source type=\"video\/mp4\" src=\"https:\/\/www.radiopiu.net\/wordpress\/wp-content\/uploads\/2022\/07\/VODO.mp4?_=1\" \/><a href=\"https:\/\/www.radiopiu.net\/wordpress\/wp-content\/uploads\/2022\/07\/VODO.mp4\">https:\/\/www.radiopiu.net\/wordpress\/wp-content\/uploads\/2022\/07\/VODO.mp4<\/a><\/video><\/div>\n<p>&nbsp;<\/p>\n<p>&nbsp;<\/p>\n<p>&nbsp;<\/p>\n<p>****<\/p>\n","protected":false},"excerpt":{"rendered":"<p>VODO DI CADORE Forte temporale a Vodo di Cadore dove le strade sono diventate un fiume marrone come si nota nel video che pubblichiamo. In Cadore si \u00e8 passati in poche ore dai problema causati dal fuoco a quelli provocati dall\u2019acqua. La pioggia, che da un lato ha aiutato a spegnere l\u2019incendio boschivo di Lozzo&hellip;<\/p>\n","protected":false},"author":4,"featured_media":289463,"comment_status":"closed","ping_status":"closed","sticky":false,"template":"","format":"standard","meta":{"_monsterinsights_skip_tracking":false,"_monsterinsights_sitenote_active":false,"_monsterinsights_sitenote_note":"","_monsterinsights_sitenote_category":0,"footnotes":""},"categories":[51,49],"tags":[],"class_list":["post-289462","post","type-post","status-publish","format-standard","has-post-thumbnail","hentry","category-evidenza-top","category-news-18","category-51","category-49","description-off"],"img_url":"https:\/\/www.radiopiu.net\/wordpress\/wp-content\/uploads\/2022\/07\/Schermata-2022-07-26-alle-19.46.40.png","_links":{"self":[{"href":"https:\/\/www.radiopiu.net\/wordpress\/wp-json\/wp\/v2\/posts\/289462","targetHints":{"allow":["GET"]}}],"collection":[{"href":"https:\/\/www.radiopiu.net\/wordpress\/wp-json\/wp\/v2\/posts"}],"about":[{"href":"https:\/\/www.radiopiu.net\/wordpress\/wp-json\/wp\/v2\/types\/post"}],"author":[{"embeddable":true,"href":"https:\/\/www.radiopiu.net\/wordpress\/wp-json\/wp\/v2\/users\/4"}],"replies":[{"embeddable":true,"href":"https:\/\/www.radiopiu.net\/wordpress\/wp-json\/wp\/v2\/comments?post=289462"}],"version-history":[{"count":0,"href":"https:\/\/www.radiopiu.net\/wordpress\/wp-json\/wp\/v2\/posts\/289462\/revisions"}],"wp:featuredmedia":[{"embeddable":true,"href":"https:\/\/www.radiopiu.net\/wordpress\/wp-json\/wp\/v2\/media\/289463"}],"wp:attachment":[{"href":"https:\/\/www.radiopiu.net\/wordpress\/wp-json\/wp\/v2\/media?parent=289462"}],"wp:term":[{"taxonomy":"category","embeddable":true,"href":"https:\/\/www.radiopiu.net\/wordpress\/wp-json\/wp\/v2\/categories?post=289462"},{"taxonomy":"post_tag","embeddable":true,"href":"https:\/\/www.radiopiu.net\/wordpress\/wp-json\/wp\/v2\/tags?post=289462"}],"curies":[{"name":"wp","href":"https:\/\/api.w.org\/{rel}","templated":true}]}}