{"id":289475,"date":"2022-07-27T06:28:38","date_gmt":"2022-07-27T04:28:38","guid":{"rendered":"https:\/\/www.radiopiu.net\/wordpress\/?p=289475"},"modified":"2022-07-27T05:36:52","modified_gmt":"2022-07-27T03:36:52","slug":"una-frana-sulla-strada-per-ornella","status":"publish","type":"post","link":"https:\/\/www.radiopiu.net\/wordpress\/una-frana-sulla-strada-per-ornella\/","title":{"rendered":"UNA FRANA SULLA STRADA PER ORNELLA"},"content":{"rendered":"<p><strong>LIVINALLONGO<\/strong> Alle 19:45 una frana ha interrotto ad Ornella la strada comunale che porta all\u2019abitato di Pallua. <em>&#8220;Non sono coinvolte persone o autoveicoli &#8211; ci dice il sindaco Leandro Grones- I frazionisti di Ornella stanno lavorando per liberare il tombotto, rimuovere detriti e materiale e quindi alla pulizia della sede stradale&#8221;.<\/em><br \/>\nI lavori di regimazione idraulica effettuati negli dai Servizi Forestali sul R\u00f9 de la Boa hanno limitato i danni, mentre Iil tombotto sar\u00e0 a breve oggetto di intervento di adeguamento gi\u00e0 finanziato con i fondi Vaia.<\/p>\n<p><img decoding=\"async\" src=\"https:\/\/www.radiopiu.net\/wordpress\/wp-content\/uploads\/2022\/07\/bef7d418-5864-4e33-8373-1d738d5717d0.jpg\" \/><\/p>\n","protected":false},"excerpt":{"rendered":"<p>LIVINALLONGO Alle 19:45 una frana ha interrotto ad Ornella la strada comunale che porta all\u2019abitato di Pallua. &#8220;Non sono coinvolte persone o autoveicoli &#8211; ci dice il sindaco Leandro Grones- I frazionisti di Ornella stanno lavorando per liberare il tombotto, rimuovere detriti e materiale e quindi alla pulizia della sede stradale&#8221;. I lavori di regimazione&hellip;<\/p>\n","protected":false},"author":4,"featured_media":289476,"comment_status":"closed","ping_status":"closed","sticky":false,"template":"","format":"standard","meta":{"_monsterinsights_skip_tracking":false,"_monsterinsights_sitenote_active":false,"_monsterinsights_sitenote_note":"","_monsterinsights_sitenote_category":0,"footnotes":""},"categories":[51,49],"tags":[],"class_list":["post-289475","post","type-post","status-publish","format-standard","has-post-thumbnail","hentry","category-evidenza-top","category-news-18","category-51","category-49","description-off"],"img_url":"https:\/\/www.radiopiu.net\/wordpress\/wp-content\/uploads\/2022\/07\/bef7d418-5864-4e33-8373-1d738d5717d0.jpg","_links":{"self":[{"href":"https:\/\/www.radiopiu.net\/wordpress\/wp-json\/wp\/v2\/posts\/289475","targetHints":{"allow":["GET"]}}],"collection":[{"href":"https:\/\/www.radiopiu.net\/wordpress\/wp-json\/wp\/v2\/posts"}],"about":[{"href":"https:\/\/www.radiopiu.net\/wordpress\/wp-json\/wp\/v2\/types\/post"}],"author":[{"embeddable":true,"href":"https:\/\/www.radiopiu.net\/wordpress\/wp-json\/wp\/v2\/users\/4"}],"replies":[{"embeddable":true,"href":"https:\/\/www.radiopiu.net\/wordpress\/wp-json\/wp\/v2\/comments?post=289475"}],"version-history":[{"count":0,"href":"https:\/\/www.radiopiu.net\/wordpress\/wp-json\/wp\/v2\/posts\/289475\/revisions"}],"wp:featuredmedia":[{"embeddable":true,"href":"https:\/\/www.radiopiu.net\/wordpress\/wp-json\/wp\/v2\/media\/289476"}],"wp:attachment":[{"href":"https:\/\/www.radiopiu.net\/wordpress\/wp-json\/wp\/v2\/media?parent=289475"}],"wp:term":[{"taxonomy":"category","embeddable":true,"href":"https:\/\/www.radiopiu.net\/wordpress\/wp-json\/wp\/v2\/categories?post=289475"},{"taxonomy":"post_tag","embeddable":true,"href":"https:\/\/www.radiopiu.net\/wordpress\/wp-json\/wp\/v2\/tags?post=289475"}],"curies":[{"name":"wp","href":"https:\/\/api.w.org\/{rel}","templated":true}]}}