{"id":289533,"date":"2022-07-28T05:33:18","date_gmt":"2022-07-28T03:33:18","guid":{"rendered":"https:\/\/www.radiopiu.net\/wordpress\/?p=289533"},"modified":"2022-07-28T09:50:25","modified_gmt":"2022-07-28T07:50:25","slug":"giornale-radiopiu-28-luglio-2022-direttore-mirko-mezzacasa","status":"publish","type":"post","link":"https:\/\/www.radiopiu.net\/wordpress\/giornale-radiopiu-28-luglio-2022-direttore-mirko-mezzacasa\/","title":{"rendered":"GIORNALE RADIOPIU 28 LUGLIO 2022 DIRETTORE MIRKO MEZZACASA"},"content":{"rendered":"<h3 class=\"kvgmc6g5 cxmmr5t8 oygrvhab hcukyx3x c1et5uql\"><span style=\"color: #0000ff;\"><strong>RADIO PIU INFORMAZIONE il canale su TELEGRAM informazione di prima\u00a0 <\/strong><\/span><span style=\"color: #0000ff;\"><strong>mano e in tempo reale. iscriviti ed aiutaci a farlo conoscere\u00a0 \u00a0<\/strong><\/span><\/h3>\n<p><iframe loading=\"lazy\" title=\"Rocca Pietore, Marmolada, Val Pettorina\" width=\"1200\" height=\"675\" src=\"https:\/\/www.youtube.com\/embed\/fnodpFI2M1w?feature=oembed\" frameborder=\"0\" allow=\"accelerometer; autoplay; clipboard-write; encrypted-media; gyroscope; picture-in-picture\" allowfullscreen><\/iframe><\/p>\n<p>&nbsp;<\/p>\n<blockquote>\n<h3>LA MARMOLADA NON \u00c8 CHIUSA. TROPPA CONFUSIONE FA MALE ALLA NOSTRA MONTAGNA<\/h3>\n<\/blockquote>\n<p><strong><a class=\"dt-pswp-item\" href=\"https:\/\/www.radiopiu.net\/wordpress\/wp-content\/uploads\/2022\/07\/marmolada.jpg\" data-dt-img-description=\"\" data-large_image_width=\"1280\" data-large_image_height=\"960\"><img loading=\"lazy\" decoding=\"async\" class=\"size-thumbnail wp-image-285964 alignleft\" src=\"https:\/\/www.radiopiu.net\/wordpress\/wp-content\/uploads\/2022\/07\/marmolada-150x150.jpg\" alt=\"\" width=\"150\" height=\"150\" \/><\/a>ROCCA PIETORE\u00a0 <\/strong>\u201c<em>Il versante veneto della Marmolada \u00e8 accessibile e sicuro. Le nostre attivit\u00e0 sono aperte e gli impianti perfettamente funzionanti. Le decisioni prese dagli enti locali trentini, per quanto legittime e comprensibili, se non adeguatamente chiarite e comunicate, corrono il rischio di creare confusione nel pieno della stagione e, alimentando una cattiva comunicazione, di creare disorientamento nella platea degli ospiti delle nostre valli. Sempre nel rispetto assoluto di quello che \u00e8 successo il 3 luglio, le imprese turistiche, nonch\u00e9 tutto l\u2019indotto che esse generano, hanno il diritto\/dovere di poter lavorare<\/em>\u201d. Cos\u00ec la societ\u00e0 Marmolada, che gestisce gli impianti di risalita sul versante bellunese del massiccio, interviene alla luce dell\u2019ordinanza del comune di Canazei, con cui si amplia l&#8217;area in cui vige il divieto di accesso sulla Marmolada, comprendendo anche la sponda del lago di Fedaia che si trova in corrispondenza del seracco crollato all\u2019inizio del mese. \u201c<em>Non entriamo nel merito delle valutazioni, non \u00e8 di nostra competenza, quello che deve essere chiaro \u00e8 che la parte bellunese, come la strada di collegamento tra la val di Fassa e l\u2019Agordino attraverso il passo Fedaia, non sono minimamente interessate da questi provvedimenti di chiusura e limitazione. Sarebbe opportuno che le stesse Istituzioni bellunesi e venete lo ribadissero a loro volta con una comunicazione mirata per non fare del male a questi territori che vivono soprattutto di turismo. Molti nostri visitatori sono convinti che sia tutto chiuso e prediligono altre mete: non ce lo possiamo permettere dopo tutto quello che abbiamo passato negli anni contrassegnati da pandemia, incertezza e limitazioni<\/em>\u201d. \u201c<em>Quanto successo il 3 luglio scorso ha provato tutti noi, operatori e comunit\u00e0, ma solo una montagna usufruibile \u00e8 una montagna viva e sicura. Ai vicini amici trentini chiediamo di evitare fughe in avanti e di coinvolgere anche gli operatori. Il momento \u00e8 delicato e non possiamo compiere passi fals<\/em>i\u201d, conclude Marmolada srl.<\/p>\n<p>&nbsp;<\/p>\n<p>&nbsp;<\/p>\n<hr \/>\n<p>&nbsp;<\/p>\n<blockquote>\n<h3>IN VIA FOCH A CENCENIGHE ACQUA INQUINATA<\/h3>\n<\/blockquote>\n<p><strong>CENCENIGHE<\/strong> Gestione Servizi Pubblici informa che\u00a0 in localit\u00e0 FOCH l&#8217;acqua erogata dall&#8217;acquedotto non \u00e8 potabile e pu\u00f2 essere usata per scopi alimentari SOLO PREVIA bollitura.<\/p>\n<p>&nbsp;<\/p>\n<p>&nbsp;<\/p>\n<hr \/>\n<p>&nbsp;<\/p>\n<blockquote>\n<h3>OGGI STATO DI ATTENZIONE PER TEMPORALI SULLE DOLOMITI VENETE<\/h3>\n<\/blockquote>\n<p><strong>VENEZIA <\/strong>Nuovi temporali potrebbero interessare l\u2019area montana del Veneto nella giornata di oggi. Per questo motivo, il Centro Funzionale Decentrato della Protezione Civile della Regione Veneto ha emesso un bollettino di criticit\u00e0 idrogeologica, dichiarando lo Stato di attenzione sul territorio del Bacino Alto Piave. Oggi \u00e8 infatti prevista instabilit\u00e0 pomeridiana con possibili fenomeni intensi in zona dolomitica. Lo Stato di attenzione \u00e8 valevole dalle 14 alla mezzanotte di oggi.<\/p>\n<p><a class=\"dt-pswp-item\" href=\"https:\/\/www.radiopiu.net\/wordpress\/wp-content\/uploads\/2022\/07\/Schermata-2022-07-27-alle-14.35.42.png\" data-dt-img-description=\"\" data-large_image_width=\"1494\" data-large_image_height=\"492\"><img loading=\"lazy\" decoding=\"async\" class=\"alignnone wp-image-289545 size-large\" src=\"https:\/\/www.radiopiu.net\/wordpress\/wp-content\/uploads\/2022\/07\/Schermata-2022-07-27-alle-14.35.42-1024x337.png\" alt=\"\" width=\"1024\" height=\"337\" srcset=\"https:\/\/www.radiopiu.net\/wordpress\/wp-content\/uploads\/2022\/07\/Schermata-2022-07-27-alle-14.35.42-1024x337.png 1024w, https:\/\/www.radiopiu.net\/wordpress\/wp-content\/uploads\/2022\/07\/Schermata-2022-07-27-alle-14.35.42-300x99.png 300w, https:\/\/www.radiopiu.net\/wordpress\/wp-content\/uploads\/2022\/07\/Schermata-2022-07-27-alle-14.35.42-768x253.png 768w, https:\/\/www.radiopiu.net\/wordpress\/wp-content\/uploads\/2022\/07\/Schermata-2022-07-27-alle-14.35.42.png 1494w\" sizes=\"auto, (max-width: 1024px) 100vw, 1024px\" \/><\/a><\/p>\n<p>&nbsp;<\/p>\n<hr \/>\n<p>&nbsp;<\/p>\n<blockquote>\n<h3>IN MONOPATTINO CONTRO LA Y10, GIOVANE GRAVEMENTE FERITO AL VOLTO<\/h3>\n<\/blockquote>\n<p><strong><a class=\"dt-pswp-item\" href=\"https:\/\/www.radiopiu.net\/wordpress\/wp-content\/uploads\/2022\/07\/SSSS-5.jpg\" data-dt-img-description=\"\" data-large_image_width=\"578\" data-large_image_height=\"332\"><img loading=\"lazy\" decoding=\"async\" class=\"size-thumbnail wp-image-289656 alignleft\" src=\"https:\/\/www.radiopiu.net\/wordpress\/wp-content\/uploads\/2022\/07\/SSSS-5-150x150.jpg\" alt=\"\" width=\"150\" height=\"150\" \/><\/a>SANTA GIUSTINA<\/strong> Dopo 10 giorni \u00a0Andrea Colle, 26 anni, di Santa Giustina \u00e8 tornato a casa. Ha subito un delicato intervento al volto all&#8221;ospedale Ca&#8217; Foncello di Treviso. Ha sofferto un violentissimo\u00a0 trauma facciale dopo l&#8217;impatto con una Lancia Ypsilon, alla cui guida c&#8217;era una donna, L.G. sempre di Santa Giustina. Lo schianto venerd\u00ec 22, alla rotatoria del bar Chicco, vicino al ponte sul torrente Veses. La dinamica \u00e8 stata ricostruita dai carabinieri della stazione di Santa Giustina. Colle si \u00e8 affidato all&#8217;avvocato di fiducia Mauro Gasperin e sostiene di<em> \u00abnon <\/em><em>aver affrontato la rotatoria contromano\u00bb <\/em>come riporta il Corriere delle Alpi nell&#8217;edizione odierna.<\/p>\n<p>FOTO CORRIERE ALPI<\/p>\n<p>&nbsp;<\/p>\n<hr \/>\n<p>&nbsp;<\/p>\n<blockquote>\n<h3>MUORE A 102 ANNI CELINA SEGHI, CAMPIONESSA DELLO SCI ALPINO. IL RICORDO DI MARIO DE MARCO<\/h3>\n<\/blockquote>\n<p><strong><a class=\"dt-pswp-item\" href=\"https:\/\/www.radiopiu.net\/wordpress\/wp-content\/uploads\/2022\/07\/30a28a0b-33cf-4238-9cfa-b8acb6540af7.jpg\" data-dt-img-description=\"\" data-large_image_width=\"1342\" data-large_image_height=\"1600\"><img loading=\"lazy\" decoding=\"async\" class=\"size-thumbnail wp-image-289563 alignleft\" src=\"https:\/\/www.radiopiu.net\/wordpress\/wp-content\/uploads\/2022\/07\/30a28a0b-33cf-4238-9cfa-b8acb6540af7-150x150.jpg\" alt=\"\" width=\"150\" height=\"150\" \/><\/a> <\/strong><\/p>\n<p><strong>\u00a0<\/strong><\/p>\n<p><strong>di Mario De Marco<\/strong><\/p>\n<p>\u00c8 mancata a 102 anni una delle pi\u00f9 grandi campionesse italiane di sci alpino Celina Seghi. Onorato di averle stretto la mano in occasione dei campionati Italiani Ana nel 2017 all&#8217;Abetone, lei faceva da madrina.. Ciao Celina<\/p>\n<p>&nbsp;<\/p>\n<p>&nbsp;<\/p>\n<p>&nbsp;<\/p>\n<hr \/>\n<p>&nbsp;<\/p>\n<blockquote>\n<h3>CHIRURGIA DI AGORDO CHIUSA PER MANCANZA DI PERSONALE, MA LA SOLUZIONE C&#8217;ERA<\/h3>\n<\/blockquote>\n<p><strong><a class=\"dt-pswp-item\" href=\"https:\/\/www.radiopiu.net\/wordpress\/wp-content\/uploads\/2022\/07\/OSPEDALE-AGORDO.png\" data-dt-img-description=\"\" data-large_image_width=\"1316\" data-large_image_height=\"756\"><img loading=\"lazy\" decoding=\"async\" class=\"alignleft wp-image-289638 \" src=\"https:\/\/www.radiopiu.net\/wordpress\/wp-content\/uploads\/2022\/07\/OSPEDALE-AGORDO-300x172.png\" alt=\"\" width=\"227\" height=\"130\" srcset=\"https:\/\/www.radiopiu.net\/wordpress\/wp-content\/uploads\/2022\/07\/OSPEDALE-AGORDO-300x172.png 300w, https:\/\/www.radiopiu.net\/wordpress\/wp-content\/uploads\/2022\/07\/OSPEDALE-AGORDO-1024x588.png 1024w, https:\/\/www.radiopiu.net\/wordpress\/wp-content\/uploads\/2022\/07\/OSPEDALE-AGORDO-768x441.png 768w, https:\/\/www.radiopiu.net\/wordpress\/wp-content\/uploads\/2022\/07\/OSPEDALE-AGORDO.png 1316w\" sizes=\"auto, (max-width: 227px) 100vw, 227px\" \/><\/a>AGORDO<\/strong><\/p>\n<p>di Gianni Santomaso<\/p>\n<audio class=\"wp-audio-shortcode\" id=\"audio-289533-1\" preload=\"none\" style=\"width: 100%;\" controls=\"controls\"><source type=\"audio\/mpeg\" src=\"https:\/\/www.radiopiu.net\/wordpress\/wp-content\/uploads\/2022\/07\/GIANNI-CHIRURGIA-DI-AGORDO-CHIUSA-PER-MANCANZA-DI-PERSONALE.mp3?_=1\" \/><a href=\"https:\/\/www.radiopiu.net\/wordpress\/wp-content\/uploads\/2022\/07\/GIANNI-CHIRURGIA-DI-AGORDO-CHIUSA-PER-MANCANZA-DI-PERSONALE.mp3\">https:\/\/www.radiopiu.net\/wordpress\/wp-content\/uploads\/2022\/07\/GIANNI-CHIRURGIA-DI-AGORDO-CHIUSA-PER-MANCANZA-DI-PERSONALE.mp3<\/a><\/audio>\n<p>&nbsp;<\/p>\n<hr \/>\n<p>&nbsp;<\/p>\n<blockquote>\n<h3>NUOVO DISTACCO SULLA FRANA AL PONTE DEI CASTEI<\/h3>\n<\/blockquote>\n<p><strong>RIVAMONTE<\/strong> Su segnalazione di un nostro ascoltatore siamo andati al Ponte dei Castei dove lo scorso 17 febbraio si era staccata una frana di grosse dimensioni. Con la pioggia e i temporali di questi giorni un&#8217;altro pezzo di montagna, di piccole dimensioni, \u00e8 sceso a valle fermandosi pi\u00f9 in alto.<\/p>\n<p><strong>IL VIDEO<\/strong><\/p>\n<div style=\"width: 1200px;\" class=\"wp-video\"><video class=\"wp-video-shortcode\" id=\"video-289533-1\" width=\"1200\" height=\"675\" preload=\"metadata\" controls=\"controls\"><source type=\"video\/mp4\" src=\"https:\/\/www.radiopiu.net\/wordpress\/wp-content\/uploads\/2022\/07\/PONTE-CRISTO-FRANA.mp4?_=1\" \/><a href=\"https:\/\/www.radiopiu.net\/wordpress\/wp-content\/uploads\/2022\/07\/PONTE-CRISTO-FRANA.mp4\">https:\/\/www.radiopiu.net\/wordpress\/wp-content\/uploads\/2022\/07\/PONTE-CRISTO-FRANA.mp4<\/a><\/video><\/div>\n<p>&nbsp;<\/p>\n\n\t\t\t<style type='text\/css'>\n\t\t\t\t#gallery-1 {\n\t\t\t\t\tmargin: auto;\n\t\t\t\t}\n\t\t\t\t#gallery-1 .gallery-item {\n\t\t\t\t\tfloat: left;\n\t\t\t\t\tmargin-top: 10px;\n\t\t\t\t\ttext-align: center;\n\t\t\t\t\twidth: 33%;\n\t\t\t\t}\n\t\t\t\t#gallery-1 img {\n\t\t\t\t\tborder: 2px solid #cfcfcf;\n\t\t\t\t}\n\t\t\t\t#gallery-1 .gallery-caption {\n\t\t\t\t\tmargin-left: 0;\n\t\t\t\t}\n\t\t\t\t\/* see gallery_shortcode() in wp-includes\/media.php *\/\n\t\t\t<\/style>\n\t\t<div id='gallery-1' class='dt-gallery-container gallery galleryid-289533 gallery-columns-3 gallery-size-thumbnail'><dl class='gallery-item'>\n\t\t\t\t<dt class='gallery-icon landscape'>\n\t\t\t\t\t<a class=\"rollover rollover-zoom dt-pswp-item\" title=\"Schermata 2022-07-27 alle 15.12.58\" data-dt-img-description=\"\" data-large_image_width=\"1612\" data-large_image_height=\"1160\"href='https:\/\/www.radiopiu.net\/wordpress\/wp-content\/uploads\/2022\/07\/Schermata-2022-07-27-alle-15.12.58-1.png'><img loading=\"lazy\" decoding=\"async\" width=\"150\" height=\"150\" src=\"https:\/\/www.radiopiu.net\/wordpress\/wp-content\/uploads\/2022\/07\/Schermata-2022-07-27-alle-15.12.58-1-150x150.png\" class=\"attachment-thumbnail size-thumbnail\" alt=\"\" \/><\/a>\n\t\t\t\t<\/dt><\/dl><dl class='gallery-item'>\n\t\t\t\t<dt class='gallery-icon landscape'>\n\t\t\t\t\t<a class=\"rollover rollover-zoom dt-pswp-item\" title=\"Schermata 2022-07-27 alle 15.28.47\" data-dt-img-description=\"\" data-large_image_width=\"1192\" data-large_image_height=\"780\"href='https:\/\/www.radiopiu.net\/wordpress\/wp-content\/uploads\/2022\/07\/Schermata-2022-07-27-alle-15.28.47.png'><img loading=\"lazy\" decoding=\"async\" width=\"150\" height=\"150\" src=\"https:\/\/www.radiopiu.net\/wordpress\/wp-content\/uploads\/2022\/07\/Schermata-2022-07-27-alle-15.28.47-150x150.png\" class=\"attachment-thumbnail size-thumbnail\" alt=\"\" aria-describedby=\"gallery-1-289553\" \/><\/a>\n\t\t\t\t<\/dt>\n\t\t\t\t\t<dd class='wp-caption-text gallery-caption' id='gallery-1-289553'>\n\t\t\t\t\t14 FEBBRAIO 2022\n\t\t\t\t\t<\/dd><\/dl><dl class='gallery-item'>\n\t\t\t\t<dt class='gallery-icon landscape'>\n\t\t\t\t\t<a class=\"rollover rollover-zoom dt-pswp-item\" title=\"Schermata 2022-07-27 alle 15.27.11\" data-dt-img-description=\"\" data-large_image_width=\"1266\" data-large_image_height=\"662\"href='https:\/\/www.radiopiu.net\/wordpress\/wp-content\/uploads\/2022\/07\/Schermata-2022-07-27-alle-15.27.11.png'><img loading=\"lazy\" decoding=\"async\" width=\"150\" height=\"150\" src=\"https:\/\/www.radiopiu.net\/wordpress\/wp-content\/uploads\/2022\/07\/Schermata-2022-07-27-alle-15.27.11-150x150.png\" class=\"attachment-thumbnail size-thumbnail\" alt=\"\" aria-describedby=\"gallery-1-289554\" \/><\/a>\n\t\t\t\t<\/dt>\n\t\t\t\t\t<dd class='wp-caption-text gallery-caption' id='gallery-1-289554'>\n\t\t\t\t\t27 LUGLIO 2022\n\t\t\t\t\t<\/dd><\/dl><br style=\"clear: both\" \/>\n\t\t\t<\/div>\n\n<p>&nbsp;<\/p>\n<hr \/>\n<p>&nbsp;<\/p>\n<blockquote>\n<h3>SOPRALLUOGHI IN VALBOITE A SEGUITO DEL MALTEMPO, SITUAZIONE SOTTO CONTROLLO A VALLE, CANCIA E SAN VITO<\/h3>\n<\/blockquote>\n<p><strong>BELLUNO<\/strong> \u00ab<em>Il maltempo \u00e8 stato particolarmente violento, ma si sono evitate situazioni di rischio e pericolo grazie alle opere realizzate dalla Provincia, che hanno funzionato perfettamente<\/em>\u00bb. \u00c8 il riassunto del consigliere provinciale delegato alla Difesa del Suolo, Mattia Gosetti, a seguito dei sopralluoghi effettuati in Valle del Boite insieme ai tecnici della struttura provinciale. Una visita puntuale nei luoghi in cui le forti piogge di marted\u00ec pomeriggio hanno innescato diverse colate detritiche sulle pendici dell\u2019Antelao, in particolare nei punti gi\u00e0 monitorati e oggetto di interventi. A Valle di Cadore (Borgata Giau) la colata \u00e8 stata minima. Il corso d\u2019acqua ha eroso parzialmente il terreno lungo l\u2019impluvio, ma il primo vascone di contenimento realizzato dalla Provincia ha trattenuto tutto il materiale solido. A valle, nell\u2019abitato e in strada, sono arrivati acqua e fango che hanno provocato alcuni danni a un\u2019abitazione sottostante. I tecnici spiegano che il problema \u00e8 noto, tant\u2019\u00e8 vero che \u00e8 in fase di progettazione il secondo stralcio dell\u2019intervento sul versante, riguardante proprio le opere di captazione delle acque meteoriche. \u00abI<em>nterverremo in somma urgenza &#8211; spiega il consigliere delegato &#8211; per svuotare la vasca dove si \u00e8 accumulato il materiale. E valuteremo anche opere aggiuntive per mettere in sicurezza il tratto dove si \u00e8 verificata l\u2019erosione<\/em>\u00bb. A Borca di Cadore nessun problema per la frana di Cancia: le opere inaugurate l\u2019autunno scorso hanno dimostrato la loro efficienza. Una grande quantit\u00e0 di materiale solido \u00e8 scesa dall\u2019Antelao, ma si \u00e8 fermata nella piazza alta, senza raggiungere la briglia di tecnologia giapponese Sabo Dam, che rappresenta l\u2019opera principale dell\u2019intervento realizzato dalla Provincia. La piazza alta ha visto un piccolo accumulo di materiale proveniente dall\u2019erosione dell\u2019acqua nel tratto terminale del canalone di Cancia (dal ponte di Metanopoli a valle), che \u00e8 oggetto di progettazione per un secondo stralcio d\u2019intervento. \u00ab<em>Anche in questo caso le opere hanno funzionato. Ora interveniamo immediatamente con lo svuotamento del vascone basso, che ha avuto un piccolo accumulo di material<\/em>e\u00bb sottolinea il consigliere Gosetti. \u00ab<em>Cancia continua a essere monitorata, ma episodi temporaleschi come quello di ieri non costituiscono un problema dopo gli interventi realizzati<\/em>\u00bb. I tecnici hanno concluso i sopralluoghi a San Vito, per la frana di Chiapuzza, dove la situazione \u00e8 invariata rispetto ai mesi scorsi. \u00ab<em>Le piogge non hanno attivato nessun tipo di colata recente, ma anche in questo caso continueremo i monitoraggi, affidati al Tesaf dell\u2019Universit\u00e0 di Padova &#8211; conclude il consigliere Gosetti -. L\u2019attenzione deve rimanere alta, perch\u00e9 in montagna il rischio zero non esiste<\/em>\u00bb.<\/p>\n\n\t\t\t<style type='text\/css'>\n\t\t\t\t#gallery-2 {\n\t\t\t\t\tmargin: auto;\n\t\t\t\t}\n\t\t\t\t#gallery-2 .gallery-item {\n\t\t\t\t\tfloat: left;\n\t\t\t\t\tmargin-top: 10px;\n\t\t\t\t\ttext-align: center;\n\t\t\t\t\twidth: 33%;\n\t\t\t\t}\n\t\t\t\t#gallery-2 img {\n\t\t\t\t\tborder: 2px solid #cfcfcf;\n\t\t\t\t}\n\t\t\t\t#gallery-2 .gallery-caption {\n\t\t\t\t\tmargin-left: 0;\n\t\t\t\t}\n\t\t\t\t\/* see gallery_shortcode() in wp-includes\/media.php *\/\n\t\t\t<\/style>\n\t\t<div id='gallery-2' class='dt-gallery-container gallery galleryid-289533 gallery-columns-3 gallery-size-thumbnail'><dl class='gallery-item'>\n\t\t\t\t<dt class='gallery-icon portrait'>\n\t\t\t\t\t<a class=\"rollover rollover-zoom dt-pswp-item\" title=\"Borgata Giau\" data-dt-img-description=\"\" data-large_image_width=\"1536\" data-large_image_height=\"2048\"href='https:\/\/www.radiopiu.net\/wordpress\/wp-content\/uploads\/2022\/07\/Borgata-Giau.jpg'><img loading=\"lazy\" decoding=\"async\" width=\"150\" height=\"150\" src=\"https:\/\/www.radiopiu.net\/wordpress\/wp-content\/uploads\/2022\/07\/Borgata-Giau-150x150.jpg\" class=\"attachment-thumbnail size-thumbnail\" alt=\"\" \/><\/a>\n\t\t\t\t<\/dt><\/dl><dl class='gallery-item'>\n\t\t\t\t<dt class='gallery-icon portrait'>\n\t\t\t\t\t<a class=\"rollover rollover-zoom dt-pswp-item\" title=\"Cancia 1\" data-dt-img-description=\"\" data-large_image_width=\"1536\" data-large_image_height=\"2048\"href='https:\/\/www.radiopiu.net\/wordpress\/wp-content\/uploads\/2022\/07\/Cancia-1.jpg'><img loading=\"lazy\" decoding=\"async\" width=\"150\" height=\"150\" src=\"https:\/\/www.radiopiu.net\/wordpress\/wp-content\/uploads\/2022\/07\/Cancia-1-150x150.jpg\" class=\"attachment-thumbnail size-thumbnail\" alt=\"\" \/><\/a>\n\t\t\t\t<\/dt><\/dl><dl class='gallery-item'>\n\t\t\t\t<dt class='gallery-icon portrait'>\n\t\t\t\t\t<a class=\"rollover rollover-zoom dt-pswp-item\" title=\"Cancia 3\" data-dt-img-description=\"\" data-large_image_width=\"1536\" data-large_image_height=\"2048\"href='https:\/\/www.radiopiu.net\/wordpress\/wp-content\/uploads\/2022\/07\/Cancia-3.jpg'><img loading=\"lazy\" decoding=\"async\" width=\"150\" height=\"150\" src=\"https:\/\/www.radiopiu.net\/wordpress\/wp-content\/uploads\/2022\/07\/Cancia-3-150x150.jpg\" class=\"attachment-thumbnail size-thumbnail\" alt=\"\" \/><\/a>\n\t\t\t\t<\/dt><\/dl><br style=\"clear: both\" \/><dl class='gallery-item'>\n\t\t\t\t<dt class='gallery-icon portrait'>\n\t\t\t\t\t<a class=\"rollover rollover-zoom dt-pswp-item\" title=\"Cancia 4 vascone basso\" data-dt-img-description=\"\" data-large_image_width=\"1536\" data-large_image_height=\"2048\"href='https:\/\/www.radiopiu.net\/wordpress\/wp-content\/uploads\/2022\/07\/Cancia-4-vascone-basso.jpg'><img loading=\"lazy\" decoding=\"async\" width=\"150\" height=\"150\" src=\"https:\/\/www.radiopiu.net\/wordpress\/wp-content\/uploads\/2022\/07\/Cancia-4-vascone-basso-150x150.jpg\" class=\"attachment-thumbnail size-thumbnail\" alt=\"\" \/><\/a>\n\t\t\t\t<\/dt><\/dl><dl class='gallery-item'>\n\t\t\t\t<dt class='gallery-icon portrait'>\n\t\t\t\t\t<a class=\"rollover rollover-zoom dt-pswp-item\" title=\"Cancia Sabo Dam\" data-dt-img-description=\"\" data-large_image_width=\"1536\" data-large_image_height=\"2048\"href='https:\/\/www.radiopiu.net\/wordpress\/wp-content\/uploads\/2022\/07\/Cancia-Sabo-Dam.jpg'><img loading=\"lazy\" decoding=\"async\" width=\"150\" height=\"150\" src=\"https:\/\/www.radiopiu.net\/wordpress\/wp-content\/uploads\/2022\/07\/Cancia-Sabo-Dam-150x150.jpg\" class=\"attachment-thumbnail size-thumbnail\" alt=\"\" \/><\/a>\n\t\t\t\t<\/dt><\/dl><dl class='gallery-item'>\n\t\t\t\t<dt class='gallery-icon portrait'>\n\t\t\t\t\t<a class=\"rollover rollover-zoom dt-pswp-item\" title=\"Cancia vascone basso\" data-dt-img-description=\"\" data-large_image_width=\"1536\" data-large_image_height=\"2048\"href='https:\/\/www.radiopiu.net\/wordpress\/wp-content\/uploads\/2022\/07\/Cancia-vascone-basso.jpg'><img loading=\"lazy\" decoding=\"async\" width=\"150\" height=\"150\" src=\"https:\/\/www.radiopiu.net\/wordpress\/wp-content\/uploads\/2022\/07\/Cancia-vascone-basso-150x150.jpg\" class=\"attachment-thumbnail size-thumbnail\" alt=\"\" \/><\/a>\n\t\t\t\t<\/dt><\/dl><br style=\"clear: both\" \/>\n\t\t\t<\/div>\n\n<p>&nbsp;<\/p>\n<hr \/>\n<p>&nbsp;<\/p>\n<blockquote>\n<h3>INFORTUNIO ALLA CAVIGLIA AL RIFUGIO LAVAREDO<\/h3>\n<\/blockquote>\n<p><strong>AURONZO <\/strong>Attorno alle 15 di ieri una squadra del Soccorso alpino della Guardia di finanza di Auronzo ha raggiunto il Rifugio Lavaredo, dove un&#8217;escursionista 64enne di Terni aveva riportato un sospetto trauma alla caviglia. Accompagnata alla macchina, la donna si \u00e8 allontanata assieme al marito.<\/p>\n<p>&nbsp;<\/p>\n<blockquote>\n<h3>MALORE AL RIFUGIO SCOTTER<\/h3>\n<\/blockquote>\n<p><strong>SAN VITO DI CADORE<\/strong> Il Soccorso alpino di San Vito di Cadore \u00e8 stato inviato al Rifugio Scotter per un 35enne della Pensilvania che si era sentito poco bene. L&#8217;uomo, che stava percorrendo da solo a piedi una traversata da Bressanone verso la Slovenia, \u00e8 stato caricato sulla jeep e accompagnato al rendez vous con l&#8217;ambulanza, diretta all&#8217;ospedale di Cortina per gli accertamenti del caso.<\/p>\n<p>&nbsp;<\/p>\n<blockquote>\n<h3>SBAGLIANO CANALINO E SI RITROVANO DI FRONTE AD UNO SPERONE DI ROCCIA<\/h3>\n<\/blockquote>\n<p><strong><a class=\"dt-pswp-item\" href=\"https:\/\/www.radiopiu.net\/wordpress\/wp-content\/uploads\/2022\/07\/SALT.png\" data-dt-img-description=\"\" data-large_image_width=\"1432\" data-large_image_height=\"908\"><img loading=\"lazy\" decoding=\"async\" class=\" wp-image-284853 alignleft\" src=\"https:\/\/www.radiopiu.net\/wordpress\/wp-content\/uploads\/2022\/07\/SALT-150x150.png\" alt=\"\" width=\"119\" height=\"119\" \/><\/a>MISURINA<\/strong> L&#8217;elicottero di Dolomiti Emergency \u00e8 volato sui Cadini di Misurina. Salendo verso Forcella della neve, ormai quasi in cima, una coppia dell&#8217;Indiana, lei 30 anni, lui 28, aveva preso un canalino sbagliato e i due si erano ritrovati sulla Forcella con uno sperone di roccia a dividerli dalla traccia corretta. Per la presenza della nebbia, il tecnico di elisoccorso \u00e8 stato sbarcato con un verricello una cinquantina di metri pi\u00f9 in basso. Dopo essere risalito dai due escursionisti, li ha aiutati a spostarsi in un punto agevole per l&#8217;imbarco avvenuto in hovering. La coppia \u00e8 stata lasciata a Misurina.<\/p>\n<p>&nbsp;<\/p>\n<p>&nbsp;<\/p>\n<hr \/>\n<p>&nbsp;<\/p>\n<blockquote>\n<h3>AREE INTERNE, BOND ANNUNCIA L&#8217;ARRIVO DI RISORSE IMPORTANTI ANCHE PER IL BELLUNESE<\/h3>\n<\/blockquote>\n<p><strong><a class=\"dt-pswp-item\" href=\"https:\/\/www.radiopiu.net\/wordpress\/wp-content\/uploads\/2020\/05\/Dario-Bond.jpg\" data-dt-img-description=\"\" data-large_image_width=\"165\" data-large_image_height=\"228\"><img loading=\"lazy\" decoding=\"async\" class=\"size-thumbnail wp-image-138833 alignleft\" src=\"https:\/\/www.radiopiu.net\/wordpress\/wp-content\/uploads\/2020\/05\/Dario-Bond-150x150.jpg\" alt=\"\" width=\"150\" height=\"150\" \/><\/a>ROMA <\/strong>\u201c<em>Sono in arrivo risorse importanti per la montagna bellunese. Sar\u00e0 importante proporre progettualit\u00e0 di ampio respiro, in modo da mettere a fattor comune i soldi delle aree interne con le finanze del Fondo Comuni confinanti e dare risposte concrete a chi vive nelle terre alte, in termini di servizi e infrastrutture utili<\/em>\u201d. Cos\u00ec il deputato Dario Bond, in merito all\u2019approvazione del riparto delle risorse per la Strategia aree interne varata oggi dalla ministra Carfagna in Conferenza Stato-Regioni. \u201c<em>\u00c8 stato approvato il riparto finanziario, 198 milioni per il programma 2021-2027, con 300mila euro per ognuna delle aree gi\u00e0 selezionate nel ciclo 2014-2020, e risorse importanti &#8211; 4 milioni ciascuna &#8211; per le nuove aree interne; inoltre \u00e8 stata approvata anche la nuova modalit\u00e0 di selezione delle nuove aree, insieme a un meccanismo di governance incentrato sul ruolo delle Regioni. Un passo avanti importante anche in ottica bellunese, dove alle aree interne di Comelico e Alto Agordino si sono aggiunte Alpago, Zoldo e Cadore, con Dgr del 20 maggio scorso. Ora si tratta di fare lobby territoriale e mettere in campo una strategia che porti benefici concreti alla montagna bellunese. Solo cos\u00ec si possono superare le difficolt\u00e0 del vivere nelle terre alte<\/em>\u201d<\/p>\n<p>&nbsp;<\/p>\n<p>&nbsp;<\/p>\n<hr \/>\n<p>&nbsp;<\/p>\n<blockquote>\n<h3>LAVORI PUBBLICI\u00a0 PER LA SICUREZZA<\/h3>\n<\/blockquote>\n<p><strong>SEREN DEL GRAPPA<\/strong>\u00a0 Sono entrati nel vivo in questi giorni, con la posa in opera dei micropali che serviranno a sostenere le pareti del nuovo canale di scarico, i lavori di messa in sicurezza nella zona di Col della Fontana.\u00a0 Sempre nei pressi di Col della Fontana si \u00e8 inoltre conclusa nei giorni scorsi la posa in opera di una rete paramassi di circa 30 metri di lunghezza per 8 di altezza sul versante a monte della strada da cui due anni fa si era verificato un consistente distacco di roccia.\u00a0 Restando in tema di opere pubbliche, il territorio comunale di Seren sar\u00e0 interessato nei prossimi giorni anche dall\u2019avvio di un nuovo intervento di sostituzione e ammodernamento della rete dell\u2019illuminazione pubblica con l\u2019installazione di nuovi punti luce a LED, per un importo di spesa di 75 mila euro. Si tratta della terza tranche del piano avviato quattro anni fa.<\/p>\n<p>&nbsp;<\/p>\n<p><strong>IL SINDACO DI SEREN DEL GRAPPA, DARIO SCOPEL\u00a0<\/strong><\/p>\n<audio class=\"wp-audio-shortcode\" id=\"audio-289533-2\" preload=\"none\" style=\"width: 100%;\" controls=\"controls\"><source type=\"audio\/mpeg\" src=\"https:\/\/www.radiopiu.net\/wordpress\/wp-content\/uploads\/2022\/07\/scopel-1.mp3?_=2\" \/><a href=\"https:\/\/www.radiopiu.net\/wordpress\/wp-content\/uploads\/2022\/07\/scopel-1.mp3\">https:\/\/www.radiopiu.net\/wordpress\/wp-content\/uploads\/2022\/07\/scopel-1.mp3<\/a><\/audio>\n<p>&nbsp;<\/p>\n\n\t\t\t<style type='text\/css'>\n\t\t\t\t#gallery-3 {\n\t\t\t\t\tmargin: auto;\n\t\t\t\t}\n\t\t\t\t#gallery-3 .gallery-item {\n\t\t\t\t\tfloat: left;\n\t\t\t\t\tmargin-top: 10px;\n\t\t\t\t\ttext-align: center;\n\t\t\t\t\twidth: 50%;\n\t\t\t\t}\n\t\t\t\t#gallery-3 img {\n\t\t\t\t\tborder: 2px solid #cfcfcf;\n\t\t\t\t}\n\t\t\t\t#gallery-3 .gallery-caption {\n\t\t\t\t\tmargin-left: 0;\n\t\t\t\t}\n\t\t\t\t\/* see gallery_shortcode() in wp-includes\/media.php *\/\n\t\t\t<\/style>\n\t\t<div id='gallery-3' class='dt-gallery-container gallery galleryid-289533 gallery-columns-2 gallery-size-medium'><dl class='gallery-item'>\n\t\t\t\t<dt class='gallery-icon portrait'>\n\t\t\t\t\t<a class=\"rollover rollover-zoom dt-pswp-item\" title=\"c723df98-8fd5-405f-9dc4-636e18027d76\" data-dt-img-description=\"\" data-large_image_width=\"768\" data-large_image_height=\"1024\"href='https:\/\/www.radiopiu.net\/wordpress\/wp-content\/uploads\/2022\/07\/c723df98-8fd5-405f-9dc4-636e18027d76.jpg'><img loading=\"lazy\" decoding=\"async\" width=\"225\" height=\"300\" src=\"https:\/\/www.radiopiu.net\/wordpress\/wp-content\/uploads\/2022\/07\/c723df98-8fd5-405f-9dc4-636e18027d76-225x300.jpg\" class=\"attachment-medium size-medium\" alt=\"\" srcset=\"https:\/\/www.radiopiu.net\/wordpress\/wp-content\/uploads\/2022\/07\/c723df98-8fd5-405f-9dc4-636e18027d76-225x300.jpg 225w, https:\/\/www.radiopiu.net\/wordpress\/wp-content\/uploads\/2022\/07\/c723df98-8fd5-405f-9dc4-636e18027d76.jpg 768w\" sizes=\"auto, (max-width: 225px) 100vw, 225px\" \/><\/a>\n\t\t\t\t<\/dt><\/dl><dl class='gallery-item'>\n\t\t\t\t<dt class='gallery-icon portrait'>\n\t\t\t\t\t<a class=\"rollover rollover-zoom dt-pswp-item\" title=\"49384c5e-8f21-4d94-ab2b-fc844a64af39\" data-dt-img-description=\"\" data-large_image_width=\"768\" data-large_image_height=\"1024\"href='https:\/\/www.radiopiu.net\/wordpress\/wp-content\/uploads\/2022\/07\/49384c5e-8f21-4d94-ab2b-fc844a64af39.jpg'><img loading=\"lazy\" decoding=\"async\" width=\"225\" height=\"300\" src=\"https:\/\/www.radiopiu.net\/wordpress\/wp-content\/uploads\/2022\/07\/49384c5e-8f21-4d94-ab2b-fc844a64af39-225x300.jpg\" class=\"attachment-medium size-medium\" alt=\"\" srcset=\"https:\/\/www.radiopiu.net\/wordpress\/wp-content\/uploads\/2022\/07\/49384c5e-8f21-4d94-ab2b-fc844a64af39-225x300.jpg 225w, https:\/\/www.radiopiu.net\/wordpress\/wp-content\/uploads\/2022\/07\/49384c5e-8f21-4d94-ab2b-fc844a64af39.jpg 768w\" sizes=\"auto, (max-width: 225px) 100vw, 225px\" \/><\/a>\n\t\t\t\t<\/dt><\/dl><br style=\"clear: both\" \/>\n\t\t\t<\/div>\n\n<p>&nbsp;<\/p>\n<hr \/>\n<p>&nbsp;<\/p>\n<blockquote>\n<h3>EMERGENZA IDRICA, PRIMI SEGNALI POSITIVI DOPO LE MANOVRE NOTTURNE IN ALCUNE ZONE DELLA PROVINCIA<\/h3>\n<\/blockquote>\n<p><strong><a class=\"dt-pswp-item\" href=\"https:\/\/www.radiopiu.net\/wordpress\/wp-content\/uploads\/2021\/06\/th-12.jpg\" data-dt-img-description=\"\" data-large_image_width=\"282\" data-large_image_height=\"188\"><img loading=\"lazy\" decoding=\"async\" class=\"size-thumbnail wp-image-216172 alignleft\" src=\"https:\/\/www.radiopiu.net\/wordpress\/wp-content\/uploads\/2021\/06\/th-12-150x150.jpg\" alt=\"\" width=\"150\" height=\"150\" \/><\/a>BELLUNO <\/strong>Cominciano a dare i primi risultati positivi le manovre notturne che Bim Gsp da giorni sta attuando in diverse zone della provincia di Belluno in grave emergenza idrica. Ad Alpago (Puos e Farra) e a Tambre (Lavina, Soralavina e Borsoi), ieri, la fornitura idrica all\u2019utenza \u00e8 stata stabile e regolare. A dare beneficio, il razionamento\u00a0 in localit\u00e0 Villanova tra le ore 22 alle 6 del mattino. Una manovra che, unita ad altre azioni localizzate messe in atto da Bim Gsp, ha permesso ai serbatoi di ricaricarsi e di assicurare, di conseguenza, stabilit\u00e0 nell\u2019erogazione all\u2019utenza collegata: permarranno, pertanto, anche nei prossimi giorni. Proseguono, nel frattempo, i rifornimenti continui, con le autobotti di Gsp e dei Vigili del Fuoco, nelle vasche di accumulo di Buscole, Piai, Pianture (Alpago), e dei serbatoi di Quantin e Mareschiata di Ponte nelle Alpi. Procedono, in parallelo, tra le 22 e le 6, le manovre anche a Belluno, in localit\u00e0 Nevegal, a Fiammoi e nelle vie Internati e Deportati, La Vignetta, Brigata Marche, San Lorenzo, De Min, P.le Stazione e Galleria Caffi, per assicurare l\u2019erogazione giornaliera a Cavarzano, Baldenich, Cusighe, Nogar\u00e8 e Sala; a Ponte nelle Alpi, nelle zone di Casan, Paiane, Soccher, Lizzona, Losego e Vena d&#8217;Oro; a Borgo Valbelluna e a Feltre. Permangono, al momento, criticit\u00e0 a Fonzaso, nella parte alta del Comune, e Limana, nelle localit\u00e0 di Giaon, Navasa, La Cal, Canalet, Praloran, Mane, Sampoi e via Roma est.<\/p>\n<p>&nbsp;<\/p>\n<p>&nbsp;<\/p>\n<hr \/>\n<p>&nbsp;<\/p>\n<blockquote>\n<h3>EMERGENZA IDRICA IN VENETO. PRONTO IL PIANO DEL COMMISSARIO STRAORDINARIO. INTERVENTI PER OLTRE 715 MILIONI DI EURO<\/h3>\n<\/blockquote>\n<p><strong><a class=\"dt-pswp-item\" href=\"https:\/\/www.radiopiu.net\/wordpress\/wp-content\/uploads\/2022\/05\/acqua.jpg\" data-dt-img-description=\"\" data-large_image_width=\"1920\" data-large_image_height=\"1275\"><img loading=\"lazy\" decoding=\"async\" class=\"size-thumbnail wp-image-274889 alignleft\" src=\"https:\/\/www.radiopiu.net\/wordpress\/wp-content\/uploads\/2022\/05\/acqua-150x150.jpg\" alt=\"\" width=\"150\" height=\"150\" \/><\/a>VENEZIA <\/strong>Il Presidente della Regione Veneto, in veste di Commissario delegato per gli interventi urgenti per gestione della crisi idrica, sta procedendo alla definizione delle basi per l\u2019elaborazione del Piano degli interventi da mettere in atto per affrontare la situazione di emergenza idrica che l\u2019intero territorio regionale sta affrontando. Il Soggetto Attuatore coordinatore dr. Nicola Dell\u2019Acqua, avvalendosi delle strutture tecniche di Viveracqua e degli enti e delle amministrazioni coinvolte nell\u2019emergenza, ha individuato nel Piano Siccit\u00e0 e nel Piano Ricerca delle Perdite gi\u00e0 elaborati dagli enti gestori pubblici del Veneto le basi fondamentali su cui attuare il piano degli interventi che il Commissario delegato presenter\u00e0 alla Protezione Civile Nazionale per l\u2019approvazione.\u00a0 Gli interventi previsti sono 192 (dei quali 17 emergenziali, 146 pianificati e 29 da pianificare) per un totale di 715.182.194 euro. La ricerca delle perdite nel sistema acquedottistico veneto passa attraverso l\u2019applicazione delle pi\u00f9 moderne ed efficaci tecnologie del settore e prevede l\u2019acquisizione di un\u2019enorme massa di dati da trasformare in preziose informazioni attraverso distrettualizzazioni e modellizzazioni di sistemi idrici complessi. Alla luce di tali dati, prima si procede a prelocalizzare e poi a localizzare con precisione le perdite di rete, al fine di agire in maniera mirata. Questo investimento immediato e straordinario in Veneto si attesta su 400 milioni di euro, anche a valere sul PNRR. La riduzione delle perdite passa poi necessariamente attraverso la sostituzione e l\u2019ammodernamento delle condotte. Nei prossimi 10 anni in Veneto, verranno investiti circa 900 milioni per rinnovare le reti acquedottistiche che, in media, perdono oggi circa il 40% dell\u2019acqua prelevata.<\/p>\n<p>&nbsp;<\/p>\n<p>&nbsp;<\/p>\n<hr \/>\n<p>&nbsp;<\/p>\n<blockquote>\n<h3>CONCESSIONI IDROELETTRICHE. DE MENECH &#8220;RISTORI CERTI PER LA MONTAGNA&#8221;<\/h3>\n<\/blockquote>\n<p><strong><a class=\"dt-pswp-item\" href=\"https:\/\/www.radiopiu.net\/wordpress\/wp-content\/uploads\/2022\/07\/th-21.jpg\" data-dt-img-description=\"\" data-large_image_width=\"474\" data-large_image_height=\"247\"><img loading=\"lazy\" decoding=\"async\" class=\"size-thumbnail wp-image-289527 alignleft\" src=\"https:\/\/www.radiopiu.net\/wordpress\/wp-content\/uploads\/2022\/07\/th-21-150x150.jpg\" alt=\"\" width=\"150\" height=\"150\" \/><\/a>ROMA<\/strong> Un emendamento del Partito democratico assicura ai territori montani ristori concreti in cambio dei prelievi d\u2019acqua. Per la prima volta, i titolari di concessioni delle grandi derivazioni idroelettriche dovranno, per legge, garantire \u2018misure di compensazione ambientale e territoriale, anche a carattere finanziario, da destinare ai territori dei comuni interessati dalla presenza delle opere e della derivazione compresi tra i punti di presa e di restituzione delle acque\u2019 nonch\u00e9 il mantenimento di \u2018livelli minimi in termini di miglioramento e risanamento ambientale del bacino idrografico. <em>\u00ab\u00c8 un primo concreto esempio di servizio ecosistemico che regola il prelievo di un bene naturale assicurando ritorni per i territori montani dove il bene viene prodotto naturalmente\u00bb, sottolinea il deputato bellunese <strong>Roger De Menech<\/strong>. \u00abPer la prima volta questo elemento viene previsto dal punto di vista giuridico, ed \u00e8 grazie al Pd se i territori avranno ritorni garantiti per legge\u00bb.\u00a0<\/em><\/p>\n<div style=\"width: 848px;\" class=\"wp-video\"><video class=\"wp-video-shortcode\" id=\"video-289533-2\" width=\"848\" height=\"480\" preload=\"metadata\" controls=\"controls\"><source type=\"video\/mp4\" src=\"https:\/\/www.radiopiu.net\/wordpress\/wp-content\/uploads\/2022\/07\/WhatsApp-Video-2022-07-27-at-12.45.31.mp4?_=2\" \/><a href=\"https:\/\/www.radiopiu.net\/wordpress\/wp-content\/uploads\/2022\/07\/WhatsApp-Video-2022-07-27-at-12.45.31.mp4\">https:\/\/www.radiopiu.net\/wordpress\/wp-content\/uploads\/2022\/07\/WhatsApp-Video-2022-07-27-at-12.45.31.mp4<\/a><\/video><\/div>\n<p>&nbsp;<\/p>\n<blockquote>\n<h3>CONCESSIONI IDROELETTRICHE. BOTTACIN &#8220;DE MENECH CON DUE ANNI DI RITARDO DIMOSTRA QUANTO SIA DISCONNESSO DAL TERRITORIO&#8221;<\/h3>\n<\/blockquote>\n<p><a class=\"dt-pswp-item\" href=\"https:\/\/www.radiopiu.net\/wordpress\/wp-content\/uploads\/2021\/04\/BOTTACIN.jpg\" data-dt-img-description=\"\" data-large_image_width=\"1080\" data-large_image_height=\"1398\"><img loading=\"lazy\" decoding=\"async\" class=\"size-thumbnail wp-image-202078 alignleft\" src=\"https:\/\/www.radiopiu.net\/wordpress\/wp-content\/uploads\/2021\/04\/BOTTACIN-150x150.jpg\" alt=\"\" width=\"150\" height=\"150\" \/><\/a><strong>REDAZIONE<\/strong>\u00a0 Ieri le dichiarazioni del Deputato del Pd Roger De Menech, stamane in rassegna stampa l&#8217;intervento dell&#8217;assessore Gianpaolo Bottacin (Lega Nord). In allegato, inoltre, il dettaglio della legge citata<\/p>\n<p>&nbsp;<\/p>\n<p>&nbsp;<\/p>\n<p>&nbsp;<\/p>\n<p>AUDIO<\/p>\n<audio class=\"wp-audio-shortcode\" id=\"audio-289533-3\" preload=\"none\" style=\"width: 100%;\" controls=\"controls\"><source type=\"audio\/mpeg\" src=\"https:\/\/www.radiopiu.net\/wordpress\/wp-content\/uploads\/2022\/07\/botta.mp3?_=3\" \/><a href=\"https:\/\/www.radiopiu.net\/wordpress\/wp-content\/uploads\/2022\/07\/botta.mp3\">https:\/\/www.radiopiu.net\/wordpress\/wp-content\/uploads\/2022\/07\/botta.mp3<\/a><\/audio>\n<p>&nbsp;<\/p>\n<a href=\"https:\/\/www.radiopiu.net\/wordpress\/wp-content\/uploads\/2022\/07\/dettaglio-legge.pdf\" class=\"pdfemb-viewer\" style=\"\" data-width=\"max\" data-height=\"max\" data-toolbar=\"top\" data-toolbar-fixed=\"on\">dettaglio-legge<\/a>\n<p>&nbsp;<\/p>\n<p>&nbsp;<\/p>\n<p>&nbsp;<\/p>\n<p>&nbsp;<\/p>\n<p>&nbsp;<\/p>\n<hr \/>\n<p>&nbsp;<\/p>\n<blockquote>\n<h2>IL PARCO DICE NO ALLA PEDAVENA &#8211; CROCE D&#8217;AUNE<\/h2>\n<h3><\/h3>\n<\/blockquote>\n<p><strong><a class=\"dt-pswp-item\" href=\"https:\/\/www.radiopiu.net\/wordpress\/wp-content\/uploads\/2022\/07\/b31cb9bb-aa25-4ec5-8acc-1e8ea436f5cb.jpg\" data-dt-img-description=\"\" data-large_image_width=\"1600\" data-large_image_height=\"1066\"><img loading=\"lazy\" decoding=\"async\" class=\"alignleft wp-image-289606 \" src=\"https:\/\/www.radiopiu.net\/wordpress\/wp-content\/uploads\/2022\/07\/b31cb9bb-aa25-4ec5-8acc-1e8ea436f5cb-300x200.jpg\" alt=\"\" width=\"233\" height=\"155\" srcset=\"https:\/\/www.radiopiu.net\/wordpress\/wp-content\/uploads\/2022\/07\/b31cb9bb-aa25-4ec5-8acc-1e8ea436f5cb-300x200.jpg 300w, https:\/\/www.radiopiu.net\/wordpress\/wp-content\/uploads\/2022\/07\/b31cb9bb-aa25-4ec5-8acc-1e8ea436f5cb-1024x682.jpg 1024w, https:\/\/www.radiopiu.net\/wordpress\/wp-content\/uploads\/2022\/07\/b31cb9bb-aa25-4ec5-8acc-1e8ea436f5cb-768x512.jpg 768w, https:\/\/www.radiopiu.net\/wordpress\/wp-content\/uploads\/2022\/07\/b31cb9bb-aa25-4ec5-8acc-1e8ea436f5cb-1536x1023.jpg 1536w, https:\/\/www.radiopiu.net\/wordpress\/wp-content\/uploads\/2022\/07\/b31cb9bb-aa25-4ec5-8acc-1e8ea436f5cb.jpg 1600w\" sizes=\"auto, (max-width: 233px) 100vw, 233px\" \/><\/a>FELTRE<\/strong><\/p>\n<p>di Moreno Gioli<\/p>\n<audio class=\"wp-audio-shortcode\" id=\"audio-289533-4\" preload=\"none\" style=\"width: 100%;\" controls=\"controls\"><source type=\"audio\/mpeg\" src=\"https:\/\/www.radiopiu.net\/wordpress\/wp-content\/uploads\/2022\/07\/mpreno.mp3?_=4\" \/><a href=\"https:\/\/www.radiopiu.net\/wordpress\/wp-content\/uploads\/2022\/07\/mpreno.mp3\">https:\/\/www.radiopiu.net\/wordpress\/wp-content\/uploads\/2022\/07\/mpreno.mp3<\/a><\/audio>\n<p>&nbsp;<\/p>\n<p>&nbsp;<\/p>\n<p><strong>LIONELLO GORZA, ORGANIZZATORE DELLA PEDAVENA &#8211; CROCE D&#8217;AUNE<\/strong><\/p>\n<audio class=\"wp-audio-shortcode\" id=\"audio-289533-5\" preload=\"none\" style=\"width: 100%;\" controls=\"controls\"><source type=\"audio\/mpeg\" src=\"https:\/\/www.radiopiu.net\/wordpress\/wp-content\/uploads\/2022\/07\/LIONELLO-GORZA-PEDAVENA.mp3?_=5\" \/><a href=\"https:\/\/www.radiopiu.net\/wordpress\/wp-content\/uploads\/2022\/07\/LIONELLO-GORZA-PEDAVENA.mp3\">https:\/\/www.radiopiu.net\/wordpress\/wp-content\/uploads\/2022\/07\/LIONELLO-GORZA-PEDAVENA.mp3<\/a><\/audio>\n<p>&nbsp;<\/p>\n<p><strong>MICHELE DE BACCO, ORGANIZZATORE DELLA PEDAVENA &#8211; CROCE D&#8217;AUNE<\/strong><\/p>\n<audio class=\"wp-audio-shortcode\" id=\"audio-289533-6\" preload=\"none\" style=\"width: 100%;\" controls=\"controls\"><source type=\"audio\/mpeg\" src=\"https:\/\/www.radiopiu.net\/wordpress\/wp-content\/uploads\/2022\/07\/MICHELE-DE-BACCO-PEDAVENA.mp3?_=6\" \/><a href=\"https:\/\/www.radiopiu.net\/wordpress\/wp-content\/uploads\/2022\/07\/MICHELE-DE-BACCO-PEDAVENA.mp3\">https:\/\/www.radiopiu.net\/wordpress\/wp-content\/uploads\/2022\/07\/MICHELE-DE-BACCO-PEDAVENA.mp3<\/a><\/audio>\n<p>&nbsp;<\/p>\n<blockquote>\n<h3><\/h3>\n<h3>PEDAVENA &#8211; CROCE D&#8217;AUNE, PER BOND IL PARCO DEVE TUTELARE LA MONTAGNA E NON STRONCARLA<\/h3>\n<\/blockquote>\n<p><strong>FELTRE<\/strong> \u201cL<em>a Pedavena-Croce d\u2019Aune \u00e8 una manifestazione storica, che porta turismo e visibilit\u00e0 al territorio bellunese, senza danneggiare ambiente e paesaggio. Sono sicuro che si possa trovare una soluzione per la prossima edizione della corsa, che renda merito anche ad altre attivit\u00e0 possibili all\u2019interno del territorio del Parco Dolomiti bellunesi<\/em>\u201d. Cos\u00ec in una nota il deputato Dario Bond, in merito alle criticit\u00e0 emerse per l\u2019organizzazione della cronoscalata automobilistica da Pedavena a Croce d\u2019Aune.<\/p>\n<p>&nbsp;<\/p>\n<p>&nbsp;<\/p>\n<p>&nbsp;<\/p>\n<p>&nbsp;<\/p>\n<hr \/>\n<blockquote>\n<h3>IN ARRIVO LE RISORSE PER I CENTRI ESTIVI: NEL BELLUNESE 173MILA EURO<\/h3>\n<\/blockquote>\n<p><strong>ROMA <\/strong>\u201c<em>\u00c8 stato definito il riparto dei 58 milioni di euro stanziati dal Governo per sostenere gli enti locali, e di conseguenza le famiglie, nell\u2019organizzazione dei centri estivi. In Veneto, nel complesso, arriveranno entro fine agosto 4.755.068,87 euro. E, nel dettaglio, ai comuni della provincia di Belluno spettano 173.231,17 euro. La misura, pensata e voluta dalla ministra della Famiglia Elena Bonetti, conferma il valore sociale e educativo delle attivit\u00e0 organizzate dagli enti e dalle associazioni nel periodo estivo. Non si tratta solo di un servizio di aiuto alle famiglie, ma di un vero e proprio pilastro per l\u2019inserimento dei ragazzi e ragazze nella comunit\u00e0<\/em>\u201d. Cos\u00ec la deputata veneta di Italia Viva Sara Moretto.<\/p>\n<p><strong>IL DETTAGLIO DEI CONTRIBUTI COMUNE PER COMUNE DELLA PROVINCIA DI BELLUNO (2 pagine)<\/strong><\/p>\n<a href=\"https:\/\/www.radiopiu.net\/wordpress\/wp-content\/uploads\/2022\/07\/centri-estivi-belluno.pdf\" class=\"pdfemb-viewer\" style=\"\" data-width=\"max\" data-height=\"max\" data-toolbar=\"top\" data-toolbar-fixed=\"on\">centri estivi belluno<\/a>\n<p>&nbsp;<\/p>\n<hr \/>\n<p>&nbsp;<\/p>\n<blockquote>\n<h3>DE FAVERI ELETTO PRESIDENTE DELLA PICCOLA INDUSTRIA<\/h3>\n<\/blockquote>\n<p><strong><a class=\"dt-pswp-item\" href=\"https:\/\/www.radiopiu.net\/wordpress\/wp-content\/uploads\/2022\/07\/DE-FAVERI-scaled.jpg\" data-dt-img-description=\"\" data-large_image_width=\"2560\" data-large_image_height=\"2512\"><img loading=\"lazy\" decoding=\"async\" class=\" wp-image-289501 alignleft\" src=\"https:\/\/www.radiopiu.net\/wordpress\/wp-content\/uploads\/2022\/07\/DE-FAVERI-150x150.jpg\" alt=\"\" width=\"119\" height=\"119\" \/><\/a>BELLUNO<\/strong>\u00a0 Alessandro De Faveri, 44 anni, fondatore e titolare della web agency Nodopiano sas di Santa Giustina, \u00e8 stato eletto alla presidenza del Comitato Piccola Industria di Confindustria Belluno Dolomiti.<em> \u201cLe sfide sono tante, ma altrettante sono le opportunit\u00e0, basti pensare alle Olimpiadi o al PNRR che va attuato nella massima legalit\u00e0. L\u2019importante\u201d,\u00a0 diceDe Faveri, \u201c\u00e8 ritrovarsi anche fisicamente dopo anni di pandemia, scambiare le nostre buone pratiche, collaborare tra di noi e con soggetti esterni come Universit\u00e0 e centri di ricerca<\/em>.\u00a0 De Faveri subentra a\u00a0 Davide Piol, che ora guida il Comitato regionale Piccola Industria<\/p>\n<p>&nbsp;<\/p>\n<p>&nbsp;<\/p>\n<hr \/>\n<p>&nbsp;<\/p>\n<blockquote>\n<h3>DILLO A RADIO PIU&#8217;&#8230; A PROPOSITO DELLA CHIUSURA DELLA GALLERIA DI SEGUSINO<\/h3>\n<\/blockquote>\n<p><em>Barriere e semafori, per ridurre le code<\/em><\/p>\n<p>Da Quero Vas riceviamo e pubblichiamo le considerazioni di Doriano Dalla Piazza, ex coordinatore della protezione civile. Pubblichiamo inoltre il suo piano per la viabilit\u00e0 del Basso Feltrino.<\/p>\n<p>&nbsp;<\/p>\n<p><span style=\"font-family: Times New Roman, serif;\"><span style=\"font-size: large;\"><img loading=\"lazy\" decoding=\"async\" class=\"alignleft\" src=\"https:\/\/www.radiopiu.net\/wordpress\/wp-content\/uploads\/2022\/07\/aaa-12.jpg\" width=\"271\" height=\"182\" \/>Mentre la zona del Cadore Zoldano ha il suo flusso naturale verso il Fadalto, e la zona del Primiero verso la Valsugana, i flussi fra l&#8217;Agordino e la pianura insistono luna la valle del Piave, in particolare sulla strada provinciale 1 Bis Madonna del Piave che collega Busche a Fener, e quindi alla provincia di Treviso. <\/span><\/span><span style=\"font-family: Times New Roman, serif;\"><span style=\"font-size: large;\">Dal giorno della chiusura della galleria, nel tardo pomeriggio dei giorni festivi si formano lunghe code, circa 7,5 km sulla SR 348 Feltrina e circa 8,5 km sulla SP 1 Bis Madonna del Piave. Ma i tempi di percorrenza per chi scende lungo la SP 1 Bis, da Busche, sono molto pi\u00f9 lunghi perch\u00e9, al momento dell&#8217;innesto sulla Feltrina, dopo il ponte di Vas, devono cedere la precedenza alle auto che scendono da Feltre. <\/span><\/span><span style=\"font-family: Times New Roman, serif;\"><span style=\"font-size: large;\">Due sono gli aspetti da sottolineare. Da quanto conosco, fino ad oggi, sembrano che non siano ancora iniziati i lavori in galleria. Per esserne certo, andr\u00f2 a vedere di persona. <\/span><\/span><span style=\"font-family: Times New Roman, serif;\"><span style=\"font-size: large;\">L&#8217;altra cosa \u00e8 il rifiuto di prendere in considerazione il piano di gestione della viabilit\u00e0 a Fener che ho proposto, e che permetterebbe di risolvere, con spese tutto sommato limitate, i disagi delle lunghe code.\u00a0 Una prima soluzione da attivarsi sino alla riapertura della galleria, ed una seconda soluzione da attivarsi solo nei pomeriggi festivi. <\/span><\/span><span style=\"font-family: Times New Roman, serif;\"><span style=\"font-size: large;\">Forse il problema risiede nell&#8217;attribuzione delle competenze: i lavori della galleria sono a carico dell&#8217;ATS (l&#8217;ente gestore della rete idrica in provincia di Treviso, e comprende anche i comuni di Quero Vas ed Alano), la competenza sulle strade \u00e8 di Veneto Strade, sono interessate anche le vie interne dell&#8217;abitato di Fener, e quindi competente \u00e8 il comune di Alano di Piave, mentre il comune di Quero Vas \u00e8 coinvolto dal fatto che i suoi cittadini sono &#8220;intrappolati&#8221; verso sud dalle code, e nessuno &#8230;.. pi\u00f9 in alto sembra prendersi a cuore la situazione.<\/span><\/span><\/p>\n<p><a href=\"https:\/\/www.radiopiu.net\/wordpress\/wp-content\/uploads\/2022\/07\/primo-livello.pptx\">primo livello<\/a><\/p>\n<p><a href=\"https:\/\/www.radiopiu.net\/wordpress\/wp-content\/uploads\/2022\/07\/secondo-livello.pptx\">secondo livello<\/a><\/p>\n<p>&nbsp;<\/p>\n<hr \/>\n<p>&nbsp;<\/p>\n<h3><a class=\"dt-pswp-item\" href=\"https:\/\/www.radiopiu.net\/wordpress\/wp-content\/uploads\/2022\/07\/929879b4-2c73-4838-98d7-aef952573720.jpg\" data-dt-img-description=\"\" data-large_image_width=\"1496\" data-large_image_height=\"2000\"><img loading=\"lazy\" decoding=\"async\" class=\"wp-image-289509 alignleft\" src=\"https:\/\/www.radiopiu.net\/wordpress\/wp-content\/uploads\/2022\/07\/929879b4-2c73-4838-98d7-aef952573720-224x300.jpg\" alt=\"\" width=\"159\" height=\"213\" srcset=\"https:\/\/www.radiopiu.net\/wordpress\/wp-content\/uploads\/2022\/07\/929879b4-2c73-4838-98d7-aef952573720-224x300.jpg 224w, https:\/\/www.radiopiu.net\/wordpress\/wp-content\/uploads\/2022\/07\/929879b4-2c73-4838-98d7-aef952573720-766x1024.jpg 766w, https:\/\/www.radiopiu.net\/wordpress\/wp-content\/uploads\/2022\/07\/929879b4-2c73-4838-98d7-aef952573720-768x1027.jpg 768w, https:\/\/www.radiopiu.net\/wordpress\/wp-content\/uploads\/2022\/07\/929879b4-2c73-4838-98d7-aef952573720-1149x1536.jpg 1149w, https:\/\/www.radiopiu.net\/wordpress\/wp-content\/uploads\/2022\/07\/929879b4-2c73-4838-98d7-aef952573720.jpg 1496w\" sizes=\"auto, (max-width: 159px) 100vw, 159px\" \/><\/a>DILLO A RADIO PIU&#8217;&#8230;. QUALCUNO SI E&#8217; DIMENTICATO DEI TRALICCI<\/h3>\n<p>&nbsp;<\/p>\n<p><b>ROCCA PIETORE\u00a0 <\/b>Sono passati quasi quattro anni dalla notte di Vaia, durante la tempesta numerosi tralicci dell&#8217;energia elettrica sono stati piegati, rasi al suolo o sostituiti. Un gran lavoro per assicurare il servizio, ma un nostro ascoltatore ci segnala che i tralicci abbattuti da Vaia sono stati abbandonati al loro destino. A chi il compito di portarli altrove? Una situazione che caratterizza l&#8217;intero territorio, non solo in riva al lago. Lo scatto alle porte di Caprile di Alleghe, sulla destra lunga la ciclabile non asfaltata.<\/p>\n<p>&nbsp;<\/p>\n<p>&nbsp;<\/p>\n<blockquote>\n<h3>TRALICCI A TERRA NEL DOPO VAIA. DE BERNARDIN &#8220;IL RECUPERO E&#8217; IMMINENTE&#8221;<\/h3>\n<\/blockquote>\n<p><strong>ROCCA PIETORE<\/strong> Immediata risposta del sindaco di Rocca Pietore Andrea De Bernardin in merito alla segnalazione dal territorio circa i tralicci ancora a terra nel dopo Vaia. Entro la met\u00e0 d&#8217;agosto il problema potrebbe essere risolto<\/p>\n<p>il sindaco Andrea De Bernardin<\/p>\n<audio class=\"wp-audio-shortcode\" id=\"audio-289533-7\" preload=\"none\" style=\"width: 100%;\" controls=\"controls\"><source type=\"audio\/mpeg\" src=\"https:\/\/www.radiopiu.net\/wordpress\/wp-content\/uploads\/2022\/07\/andrea-2.mp3?_=7\" \/><a href=\"https:\/\/www.radiopiu.net\/wordpress\/wp-content\/uploads\/2022\/07\/andrea-2.mp3\">https:\/\/www.radiopiu.net\/wordpress\/wp-content\/uploads\/2022\/07\/andrea-2.mp3<\/a><\/audio>\n<p>&nbsp;<\/p>\n<hr \/>\n<p>&nbsp;<\/p>\n<blockquote>\n<h3>DILLO A RADIO PIU&#8217;&#8230; TOMBINI GALEOTTI ANTI CICLISTI<\/h3>\n<\/blockquote>\n<p><strong>FALCADE<\/strong><em> &#8220;Ma se qualcuno in bicicletta finisce con la ruota tra tombino ed asfalto?&#8221; <\/em>Questa la segnalazione con allegato video da Falcade. Sulla strada che sale verso Molino (partenza degli impianti sciistici) si notano tombini a raso, ma anche altri che potrebbero causare incidenti a chi transita in bicicletta. Un invito quindi a prestare attenzione.<\/p>\n<div style=\"width: 848px;\" class=\"wp-video\"><video class=\"wp-video-shortcode\" id=\"video-289533-3\" width=\"848\" height=\"480\" preload=\"metadata\" controls=\"controls\"><source type=\"video\/mp4\" src=\"https:\/\/www.radiopiu.net\/wordpress\/wp-content\/uploads\/2022\/07\/WhatsApp-Video-2022-07-27-at-10.34.10.mp4?_=3\" \/><a href=\"https:\/\/www.radiopiu.net\/wordpress\/wp-content\/uploads\/2022\/07\/WhatsApp-Video-2022-07-27-at-10.34.10.mp4\">https:\/\/www.radiopiu.net\/wordpress\/wp-content\/uploads\/2022\/07\/WhatsApp-Video-2022-07-27-at-10.34.10.mp4<\/a><\/video><\/div>\n<p>&nbsp;<\/p>\n<p>&nbsp;<\/p>\n<hr \/>\n<p>&nbsp;<\/p>\n<blockquote>\n<h3>IN VIGORE IL REGISTRO PUBBLICO DELLE OPPOSIZIONI CONTRO IL TELEMARKETING SELVAGGIO<\/h3>\n<\/blockquote>\n<p><strong><a class=\"dt-pswp-item\" href=\"https:\/\/www.radiopiu.net\/wordpress\/wp-content\/uploads\/2021\/10\/cellulare.jpg\" data-dt-img-description=\"\" data-large_image_width=\"1920\" data-large_image_height=\"1280\"><img loading=\"lazy\" decoding=\"async\" class=\"size-thumbnail wp-image-237705 alignleft\" src=\"https:\/\/www.radiopiu.net\/wordpress\/wp-content\/uploads\/2021\/10\/cellulare-150x150.jpg\" alt=\"\" width=\"150\" height=\"150\" \/><\/a>REDAZIONE<\/strong> Quante volte abbiamo ricevuto sia sul telefono fisso di casa che sul cellulare una chiamata da un numero sconosciuto che ci propone delle offerte telefoniche, di energia elettrica o, come succede sempre pi\u00f9 spesso, per investimenti online (o trading). Ebbene ora si pu\u00f2 chiedere che il proprio numero non rientri tra gli elenchi del telemarketing facendo l&#8217;iscrizione al registro pubblico delle opposizioni. Viene estesa ai numeri di cellulare la possibilit\u00e0 di iscrizione all\u2019RPO &#8211; gi\u00e0 prevista per il telefono fisso e l\u2019indirizzo postale &#8211; annullando cos\u00ec i consensi all\u2019utilizzo dei dati da parte degli operatori, i quali saranno obbligati a consultare periodicamente il registro e comunque prima dell\u2019avvio di ogni campagna pubblicitaria. Si tratta di un\u00a0servizio pubblico e gratuito per tutti i cittadini che una volta iscritti negli elenchi del registro non potranno pi\u00f9 essere contattati dall\u2019operatore di telemarketing, a meno che quest\u2019ultimo non abbia ottenuto specifico consenso all\u2019utilizzo dei dati successivamente alla data di iscrizione oppure nell&#8217;ambito di un contratto in essere o cessato da non pi\u00f9 di trenta giorni. L\u2019iscrizione nel registro \u00e8 infatti possibile compilando un apposito modulo elettronico sul sito del RPO\u00a0<a href=\"http:\/\/www.registrodelleopposizioni.it\/\">www.registrodelleopposizioni.it<\/a>, oppure telefonando al numero verde\u00a0800 957 766\u00a0per le utenze fisse e allo\u00a006 42986411\u00a0per i cellulari o inviando un apposito modulo digitale tramite mail all\u2019indirizzo\u00a0<a href=\"mailto:iscrizione@registrodelleopposizioni.it\">iscrizione@registrodelleopposizioni.it<\/a><a href=\"mailto:iscrizione@registrodelleopposizioni.it.\">.<\/a><\/p>\n<p>&nbsp;<\/p>\n<p>&nbsp;<\/p>\n<hr \/>\n<p>&nbsp;<\/p>\n<blockquote>\n<h3>LA DELEGAZIONE AUSTRIACA IN VISITA AL MUSAL DI CANALE D&#8217;AGORDO<\/h3>\n<\/blockquote>\n<p><strong>CANALE D&#8217;AGORDO<\/strong> Da Lienz a Canale d&#8217;Agordo per ricambiare la visita dello scorso maggio del direttore del Museo Albino Luciani, Loris Serafini con Giacomo d&#8217;Ancona segretario in Unione Montana Agordina. La delegazione del Museo della Ferrovia di Lienz \u00e8 salita nell&#8217;Agordino per presentare il progetto Interreg Italia-Austria per la valorizzazione degli archivi dei rispetti musei.<em> &#8220;Gli amici austriaci si sono dichiarati molto soddisfatti per l&#8217;ambiente trovato ed hanno promesso che presto ritorneranno a farci visita&#8221;,<\/em> dichiara dal Musal, Loris Serafini.<\/p>\n\n\t\t\t<style type='text\/css'>\n\t\t\t\t#gallery-4 {\n\t\t\t\t\tmargin: auto;\n\t\t\t\t}\n\t\t\t\t#gallery-4 .gallery-item {\n\t\t\t\t\tfloat: left;\n\t\t\t\t\tmargin-top: 10px;\n\t\t\t\t\ttext-align: center;\n\t\t\t\t\twidth: 25%;\n\t\t\t\t}\n\t\t\t\t#gallery-4 img {\n\t\t\t\t\tborder: 2px solid #cfcfcf;\n\t\t\t\t}\n\t\t\t\t#gallery-4 .gallery-caption {\n\t\t\t\t\tmargin-left: 0;\n\t\t\t\t}\n\t\t\t\t\/* see gallery_shortcode() in wp-includes\/media.php *\/\n\t\t\t<\/style>\n\t\t<div id='gallery-4' class='dt-gallery-container gallery galleryid-289533 gallery-columns-4 gallery-size-thumbnail'><dl class='gallery-item'>\n\t\t\t\t<dt class='gallery-icon landscape'>\n\t\t\t\t\t<a class=\"rollover rollover-zoom dt-pswp-item\" title=\"1d91954d-5e52-45be-8b28-6267dc81fc71\" data-dt-img-description=\"\" data-large_image_width=\"2048\" data-large_image_height=\"1536\"href='https:\/\/www.radiopiu.net\/wordpress\/wp-content\/uploads\/2022\/07\/1d91954d-5e52-45be-8b28-6267dc81fc71.jpg'><img loading=\"lazy\" decoding=\"async\" width=\"150\" height=\"150\" src=\"https:\/\/www.radiopiu.net\/wordpress\/wp-content\/uploads\/2022\/07\/1d91954d-5e52-45be-8b28-6267dc81fc71-150x150.jpg\" class=\"attachment-thumbnail size-thumbnail\" alt=\"\" \/><\/a>\n\t\t\t\t<\/dt><\/dl><dl class='gallery-item'>\n\t\t\t\t<dt class='gallery-icon landscape'>\n\t\t\t\t\t<a class=\"rollover rollover-zoom dt-pswp-item\" title=\"c1c5e572-02b1-400b-aefc-974fc5edbcfc\" data-dt-img-description=\"\" data-large_image_width=\"2048\" data-large_image_height=\"921\"href='https:\/\/www.radiopiu.net\/wordpress\/wp-content\/uploads\/2022\/07\/c1c5e572-02b1-400b-aefc-974fc5edbcfc.jpg'><img loading=\"lazy\" decoding=\"async\" width=\"150\" height=\"150\" src=\"https:\/\/www.radiopiu.net\/wordpress\/wp-content\/uploads\/2022\/07\/c1c5e572-02b1-400b-aefc-974fc5edbcfc-150x150.jpg\" class=\"attachment-thumbnail size-thumbnail\" alt=\"\" \/><\/a>\n\t\t\t\t<\/dt><\/dl><dl class='gallery-item'>\n\t\t\t\t<dt class='gallery-icon landscape'>\n\t\t\t\t\t<a class=\"rollover rollover-zoom dt-pswp-item\" title=\"4789f004-a8d1-4eee-932a-58bca4855ace\" data-dt-img-description=\"\" data-large_image_width=\"2048\" data-large_image_height=\"1536\"href='https:\/\/www.radiopiu.net\/wordpress\/wp-content\/uploads\/2022\/07\/4789f004-a8d1-4eee-932a-58bca4855ace.jpg'><img loading=\"lazy\" decoding=\"async\" width=\"150\" height=\"150\" src=\"https:\/\/www.radiopiu.net\/wordpress\/wp-content\/uploads\/2022\/07\/4789f004-a8d1-4eee-932a-58bca4855ace-150x150.jpg\" class=\"attachment-thumbnail size-thumbnail\" alt=\"\" \/><\/a>\n\t\t\t\t<\/dt><\/dl><dl class='gallery-item'>\n\t\t\t\t<dt class='gallery-icon landscape'>\n\t\t\t\t\t<a class=\"rollover rollover-zoom dt-pswp-item\" title=\"799e2328-050a-401b-9c70-6935043d7f83\" data-dt-img-description=\"\" data-large_image_width=\"2048\" data-large_image_height=\"1536\"href='https:\/\/www.radiopiu.net\/wordpress\/wp-content\/uploads\/2022\/07\/799e2328-050a-401b-9c70-6935043d7f83.jpg'><img loading=\"lazy\" decoding=\"async\" width=\"150\" height=\"150\" src=\"https:\/\/www.radiopiu.net\/wordpress\/wp-content\/uploads\/2022\/07\/799e2328-050a-401b-9c70-6935043d7f83-150x150.jpg\" class=\"attachment-thumbnail size-thumbnail\" alt=\"\" \/><\/a>\n\t\t\t\t<\/dt><\/dl><br style=\"clear: both\" \/><dl class='gallery-item'>\n\t\t\t\t<dt class='gallery-icon landscape'>\n\t\t\t\t\t<a class=\"rollover rollover-zoom dt-pswp-item\" title=\"5f73bca4-ffde-433d-b96d-668bfa49d9b7\" data-dt-img-description=\"\" data-large_image_width=\"2048\" data-large_image_height=\"921\"href='https:\/\/www.radiopiu.net\/wordpress\/wp-content\/uploads\/2022\/07\/5f73bca4-ffde-433d-b96d-668bfa49d9b7.jpg'><img loading=\"lazy\" decoding=\"async\" width=\"150\" height=\"150\" src=\"https:\/\/www.radiopiu.net\/wordpress\/wp-content\/uploads\/2022\/07\/5f73bca4-ffde-433d-b96d-668bfa49d9b7-150x150.jpg\" class=\"attachment-thumbnail size-thumbnail\" alt=\"\" \/><\/a>\n\t\t\t\t<\/dt><\/dl><dl class='gallery-item'>\n\t\t\t\t<dt class='gallery-icon landscape'>\n\t\t\t\t\t<a class=\"rollover rollover-zoom dt-pswp-item\" title=\"dbc7b4eb-9a56-432a-9b82-0d61c4aee26c\" data-dt-img-description=\"\" data-large_image_width=\"2048\" data-large_image_height=\"1536\"href='https:\/\/www.radiopiu.net\/wordpress\/wp-content\/uploads\/2022\/07\/dbc7b4eb-9a56-432a-9b82-0d61c4aee26c.jpg'><img loading=\"lazy\" decoding=\"async\" width=\"150\" height=\"150\" src=\"https:\/\/www.radiopiu.net\/wordpress\/wp-content\/uploads\/2022\/07\/dbc7b4eb-9a56-432a-9b82-0d61c4aee26c-150x150.jpg\" class=\"attachment-thumbnail size-thumbnail\" alt=\"\" \/><\/a>\n\t\t\t\t<\/dt><\/dl><dl class='gallery-item'>\n\t\t\t\t<dt class='gallery-icon landscape'>\n\t\t\t\t\t<a class=\"rollover rollover-zoom dt-pswp-item\" title=\"2f50b268-796c-4135-b82c-7d07eb5ddc49\" data-dt-img-description=\"\" data-large_image_width=\"2048\" data-large_image_height=\"921\"href='https:\/\/www.radiopiu.net\/wordpress\/wp-content\/uploads\/2022\/07\/2f50b268-796c-4135-b82c-7d07eb5ddc49.jpg'><img loading=\"lazy\" decoding=\"async\" width=\"150\" height=\"150\" src=\"https:\/\/www.radiopiu.net\/wordpress\/wp-content\/uploads\/2022\/07\/2f50b268-796c-4135-b82c-7d07eb5ddc49-150x150.jpg\" class=\"attachment-thumbnail size-thumbnail\" alt=\"\" \/><\/a>\n\t\t\t\t<\/dt><\/dl><dl class='gallery-item'>\n\t\t\t\t<dt class='gallery-icon landscape'>\n\t\t\t\t\t<a class=\"rollover rollover-zoom dt-pswp-item\" title=\"2c64467c-0b08-4744-90a4-87126c658279\" data-dt-img-description=\"\" data-large_image_width=\"2048\" data-large_image_height=\"921\"href='https:\/\/www.radiopiu.net\/wordpress\/wp-content\/uploads\/2022\/07\/2c64467c-0b08-4744-90a4-87126c658279.jpg'><img loading=\"lazy\" decoding=\"async\" width=\"150\" height=\"150\" src=\"https:\/\/www.radiopiu.net\/wordpress\/wp-content\/uploads\/2022\/07\/2c64467c-0b08-4744-90a4-87126c658279-150x150.jpg\" class=\"attachment-thumbnail size-thumbnail\" alt=\"\" \/><\/a>\n\t\t\t\t<\/dt><\/dl><br style=\"clear: both\" \/>\n\t\t\t<\/div>\n\n<p>&nbsp;<\/p>\n<p>&nbsp;<\/p>\n<p>&nbsp;<\/p>\n<p>&nbsp;<\/p>\n<hr \/>\n<p>&nbsp;<\/p>\n<blockquote class=\"wp-embedded-content\" data-secret=\"riytQWAYSr\"><p><a href=\"https:\/\/www.radiopiu.net\/wordpress\/aggnazionaleluglio27\/\">CORONAVIRUS: AGGIORNAMENTO NAZIONALE 27 LUGLIO 2022<\/a><\/p><\/blockquote>\n<p><iframe loading=\"lazy\" class=\"wp-embedded-content\" sandbox=\"allow-scripts\" security=\"restricted\" style=\"position: absolute; clip: rect(1px, 1px, 1px, 1px);\" title=\"&#8220;CORONAVIRUS: AGGIORNAMENTO NAZIONALE 27 LUGLIO 2022&#8221; &#8212; Radio Pi\u00f9\" src=\"https:\/\/www.radiopiu.net\/wordpress\/aggnazionaleluglio27\/embed\/#?secret=HH9fwlrUg2#?secret=riytQWAYSr\" data-secret=\"riytQWAYSr\" width=\"600\" height=\"338\" frameborder=\"0\" marginwidth=\"0\" marginheight=\"0\" scrolling=\"no\"><\/iframe><\/p>\n<p>&nbsp;<\/p>\n<blockquote class=\"wp-embedded-content\" data-secret=\"NgncQKrx9u\"><p><a href=\"https:\/\/www.radiopiu.net\/wordpress\/aggazzeroluglio27\/\">NUOVI POSITIVI IN VENETO: 8438.  14 DECESSI, 39 PAZIENTI IN TERAPIA INTENSIVA<\/a><\/p><\/blockquote>\n<p><iframe loading=\"lazy\" class=\"wp-embedded-content\" sandbox=\"allow-scripts\" security=\"restricted\" style=\"position: absolute; clip: rect(1px, 1px, 1px, 1px);\" title=\"&#8220;NUOVI POSITIVI IN VENETO: 8438.  14 DECESSI, 39 PAZIENTI IN TERAPIA INTENSIVA&#8221; &#8212; Radio Pi\u00f9\" src=\"https:\/\/www.radiopiu.net\/wordpress\/aggazzeroluglio27\/embed\/#?secret=OwZVgmUB81#?secret=NgncQKrx9u\" data-secret=\"NgncQKrx9u\" width=\"600\" height=\"338\" frameborder=\"0\" marginwidth=\"0\" marginheight=\"0\" scrolling=\"no\"><\/iframe><\/p>\n<p>&nbsp;<\/p>\n<h2>I GRAFICI DI TIZIANO DE COL<\/h2>\n\n\t\t\t<style type='text\/css'>\n\t\t\t\t#gallery-5 {\n\t\t\t\t\tmargin: auto;\n\t\t\t\t}\n\t\t\t\t#gallery-5 .gallery-item {\n\t\t\t\t\tfloat: left;\n\t\t\t\t\tmargin-top: 10px;\n\t\t\t\t\ttext-align: center;\n\t\t\t\t\twidth: 33%;\n\t\t\t\t}\n\t\t\t\t#gallery-5 img {\n\t\t\t\t\tborder: 2px solid #cfcfcf;\n\t\t\t\t}\n\t\t\t\t#gallery-5 .gallery-caption {\n\t\t\t\t\tmargin-left: 0;\n\t\t\t\t}\n\t\t\t\t\/* see gallery_shortcode() in wp-includes\/media.php *\/\n\t\t\t<\/style>\n\t\t<div id='gallery-5' class='dt-gallery-container gallery galleryid-289533 gallery-columns-3 gallery-size-thumbnail'><dl class='gallery-item'>\n\t\t\t\t<dt class='gallery-icon landscape'>\n\t\t\t\t\t<a class=\"rollover rollover-zoom dt-pswp-item\" title=\"7e972813-2b6a-4edc-a5e2-be54df895a40\" data-dt-img-description=\"\" data-large_image_width=\"582\" data-large_image_height=\"362\"href='https:\/\/www.radiopiu.net\/wordpress\/wp-content\/uploads\/2022\/07\/7e972813-2b6a-4edc-a5e2-be54df895a40.jpg'><img loading=\"lazy\" decoding=\"async\" width=\"150\" height=\"150\" src=\"https:\/\/www.radiopiu.net\/wordpress\/wp-content\/uploads\/2022\/07\/7e972813-2b6a-4edc-a5e2-be54df895a40-150x150.jpg\" class=\"attachment-thumbnail size-thumbnail\" alt=\"\" \/><\/a>\n\t\t\t\t<\/dt><\/dl><dl class='gallery-item'>\n\t\t\t\t<dt class='gallery-icon landscape'>\n\t\t\t\t\t<a class=\"rollover rollover-zoom dt-pswp-item\" title=\"544dbe7f-97b7-4724-a182-9c973bc8309b\" data-dt-img-description=\"\" data-large_image_width=\"607\" data-large_image_height=\"358\"href='https:\/\/www.radiopiu.net\/wordpress\/wp-content\/uploads\/2022\/07\/544dbe7f-97b7-4724-a182-9c973bc8309b.jpg'><img loading=\"lazy\" decoding=\"async\" width=\"150\" height=\"150\" src=\"https:\/\/www.radiopiu.net\/wordpress\/wp-content\/uploads\/2022\/07\/544dbe7f-97b7-4724-a182-9c973bc8309b-150x150.jpg\" class=\"attachment-thumbnail size-thumbnail\" alt=\"\" \/><\/a>\n\t\t\t\t<\/dt><\/dl><dl class='gallery-item'>\n\t\t\t\t<dt class='gallery-icon landscape'>\n\t\t\t\t\t<a class=\"rollover rollover-zoom dt-pswp-item\" title=\"6a903804-181e-4615-ad6b-172bdf7fef17\" data-dt-img-description=\"\" data-large_image_width=\"612\" data-large_image_height=\"363\"href='https:\/\/www.radiopiu.net\/wordpress\/wp-content\/uploads\/2022\/07\/6a903804-181e-4615-ad6b-172bdf7fef17.jpg'><img loading=\"lazy\" decoding=\"async\" width=\"150\" height=\"150\" src=\"https:\/\/www.radiopiu.net\/wordpress\/wp-content\/uploads\/2022\/07\/6a903804-181e-4615-ad6b-172bdf7fef17-150x150.jpg\" class=\"attachment-thumbnail size-thumbnail\" alt=\"\" \/><\/a>\n\t\t\t\t<\/dt><\/dl><br style=\"clear: both\" \/><dl class='gallery-item'>\n\t\t\t\t<dt class='gallery-icon landscape'>\n\t\t\t\t\t<a class=\"rollover rollover-zoom dt-pswp-item\" title=\"01e7a3c6-0c8e-43db-8ded-7116f7765c59\" data-dt-img-description=\"\" data-large_image_width=\"610\" data-large_image_height=\"359\"href='https:\/\/www.radiopiu.net\/wordpress\/wp-content\/uploads\/2022\/07\/01e7a3c6-0c8e-43db-8ded-7116f7765c59.jpg'><img loading=\"lazy\" decoding=\"async\" width=\"150\" height=\"150\" src=\"https:\/\/www.radiopiu.net\/wordpress\/wp-content\/uploads\/2022\/07\/01e7a3c6-0c8e-43db-8ded-7116f7765c59-150x150.jpg\" class=\"attachment-thumbnail size-thumbnail\" alt=\"\" \/><\/a>\n\t\t\t\t<\/dt><\/dl><dl class='gallery-item'>\n\t\t\t\t<dt class='gallery-icon landscape'>\n\t\t\t\t\t<a class=\"rollover rollover-zoom dt-pswp-item\" title=\"146a10cb-bac2-4da5-ae49-90ca440c2ad4\" data-dt-img-description=\"\" data-large_image_width=\"612\" data-large_image_height=\"356\"href='https:\/\/www.radiopiu.net\/wordpress\/wp-content\/uploads\/2022\/07\/146a10cb-bac2-4da5-ae49-90ca440c2ad4.jpg'><img loading=\"lazy\" decoding=\"async\" width=\"150\" height=\"150\" src=\"https:\/\/www.radiopiu.net\/wordpress\/wp-content\/uploads\/2022\/07\/146a10cb-bac2-4da5-ae49-90ca440c2ad4-150x150.jpg\" class=\"attachment-thumbnail size-thumbnail\" alt=\"\" \/><\/a>\n\t\t\t\t<\/dt><\/dl><dl class='gallery-item'>\n\t\t\t\t<dt class='gallery-icon landscape'>\n\t\t\t\t\t<a class=\"rollover rollover-zoom dt-pswp-item\" title=\"e7717632-631e-49b2-8dbe-abb87b0be8eb\" data-dt-img-description=\"\" data-large_image_width=\"602\" data-large_image_height=\"356\"href='https:\/\/www.radiopiu.net\/wordpress\/wp-content\/uploads\/2022\/07\/e7717632-631e-49b2-8dbe-abb87b0be8eb.jpg'><img loading=\"lazy\" decoding=\"async\" width=\"150\" height=\"150\" src=\"https:\/\/www.radiopiu.net\/wordpress\/wp-content\/uploads\/2022\/07\/e7717632-631e-49b2-8dbe-abb87b0be8eb-150x150.jpg\" class=\"attachment-thumbnail size-thumbnail\" alt=\"\" \/><\/a>\n\t\t\t\t<\/dt><\/dl><br style=\"clear: both\" \/>\n\t\t\t<\/div>\n\n<p>&nbsp;<\/p>\n<hr \/>\n<p>&nbsp;<\/p>\n<h3><a class=\"dt-pswp-item\" href=\"https:\/\/www.radiopiu.net\/wordpress\/wp-content\/uploads\/2022\/07\/WhatsApp-Image-2022-07-26-at-15.06.57-2.jpeg\" data-dt-img-description=\"\" data-large_image_width=\"1756\" data-large_image_height=\"2048\"><img loading=\"lazy\" decoding=\"async\" class=\" wp-image-289615 alignleft\" src=\"https:\/\/www.radiopiu.net\/wordpress\/wp-content\/uploads\/2022\/07\/WhatsApp-Image-2022-07-26-at-15.06.57-2-150x150.jpeg\" alt=\"\" width=\"136\" height=\"136\" \/><\/a>UN QUESTIONARIO PER LA VALUTAZIONE DELL&#8217;ESPERIENZA IN ULSS 1 DOLOMITI<\/h3>\n<p><strong>BELLUNO <\/strong>Nei prossimi due mesi, negli ospedali e in alcuni servizi territoriali dell\u2019Ulss Dolomiti, in occasione di accesso alle prestazioni ambulatoriali o di un ricovero, gli operatori proporranno un questionario anonimo, breve e intuitivo, da compilare per rilevare il gradimento della prestazione sanitaria di cui hanno usufruito. Uno strumento importante, che permette di poter ricevere un feedback sulla qualit\u00e0 percepita, raccogliendo osservazioni e suggerimenti utili per un miglioramento continuo dei nostri servizi partendo dall\u2019ascolto.<\/p>\n<p>&nbsp;<\/p>\n<p>&nbsp;<\/p>\n<hr \/>\n<p>&nbsp;<\/p>\n<blockquote>\n<h3>EROGATI I PROGETTI OBIETTIVO 2021 PER IL COMPARTO<\/h3>\n<\/blockquote>\n<p><strong>BELLUNO <\/strong>Nel mese di luglio sono stati erogati oltre 1,9 milioni di euro a favore dei circa 2.400 dipendenti dell\u2019area del comparto dell\u2019Ulss Dolomiti, in base all\u2019accordo sindacale sottoscritto lo scorso 24 febbraio. In particolare, grazie all\u2019impegno assunto dalla Direzione e al copioso lavoro di rendicontazione del Servizio personale, \u00e8 stato anticipato a luglio il pagamento dei \u201cprogetti obiettivo\u201d, solitamente erogati a novembre. I \u201cprogetti obiettivo\u201d rappresentano il riconoscimento per il lavoro svolto su specifiche attivit\u00e0 aggiuntive per migliorare i servizi, in orario aggiuntivo e soggette a rendicontazione, che nel 2021 sono state legate in particolare al Covid. Oltre a 1,2 milioni di euro di \u201cprogetti obiettivo\u201d, sono stati erogati 428 mila euro complessivi per la pronta disponibilit\u00e0 \u201cpesante\u201d (ripetuta), per l\u2019indennit\u00e0 notturna e per l\u2019indennit\u00e0 festivi, riferiti alle attivit\u00e0 svolte nel 2021. Al massimo entro settembre, inoltre, sar\u00e0 liquidato l\u2019accordo per l\u2019erogazione dei fondi residui alla dirigenza medica.<\/p>\n<p>&nbsp;<\/p>\n<p>&nbsp;<\/p>\n<hr \/>\n<p>&nbsp;<\/p>\n<blockquote>\n<h3>OGGI LA GIORNATA MONDIALE CONTRO LE EPATITI<\/h3>\n<\/blockquote>\n<p><strong><a class=\"dt-pswp-item\" href=\"https:\/\/www.radiopiu.net\/wordpress\/wp-content\/uploads\/2022\/07\/PROVETTE-SANGUE.jpg\" data-dt-img-description=\"\" data-large_image_width=\"635\" data-large_image_height=\"545\"><img loading=\"lazy\" decoding=\"async\" class=\"size-thumbnail wp-image-289538 alignleft\" src=\"https:\/\/www.radiopiu.net\/wordpress\/wp-content\/uploads\/2022\/07\/PROVETTE-SANGUE-150x150.jpg\" alt=\"\" width=\"150\" height=\"150\" \/><\/a>VENEZIA <\/strong>Oggi si celebra in tutto il mondo la Giornata mondiale contro le Epatiti &#8211;\u00a0 World Hepatitis Day, istituita dall\u2019Organizzazione Mondiale della Sanit\u00e0 (OMS) nel giorno della nascita di Baruch Blumberg (28 luglio 1925), il biochimico statunitense insignito del premio Nobel per aver scoperto nel 1967 il virus dell\u2019Epatite B e sviluppato il primo vaccino. Nella lotta contro le epatiti, l\u2019OMS ha posto come obiettivo per il 2030 quello di ridurre drasticamente le epatiti virali B e C. Per eliminare l\u2019epatite B, l\u2019Italia ha introdotto, gi\u00e0 dal 1991, la vaccinazione obbligatoria contro il virus HBV. Per l\u2019epatite C, invece, non esiste ancora un vaccino. L\u2019Italia, quindi, ha avviato lo screening gratuito per l\u2019eliminazione del virus HCV, causa dell\u2019epatite C. Lo screening permette di identificare e curare precocemente persone con infezione da HCV. La cura dell\u2019infezione, inoltre, consente di bloccare l\u2019ulteriore trasmissione della malattia. Il 16 maggio 2022 \u00e8 iniziato in Veneto lo screening gratuito per l\u2019epatite C, rivolto a tutte le persone nate tra il 1969 e il 1989. Questo screening rappresenta un\u2019opportunit\u00e0 per la diagnosi precoce di una malattia, l\u2019epatite C, che spesso pu\u00f2 rimanere silenziosa per anni. L\u2019epatite C, se non curata, pu\u00f2 provocare seri danni al fegato, tra cui il tumore e la cirrosi epatica. Da alcuni anni sono disponibili dei farmaci che permettono di curare la malattia in modo semplice, efficace e con pochi effetti collaterali. Dall&#8217; avvio della campagna di screening nel Veneto (16.05.2022) pi\u00f9 di 11.000 soggetti hanno aderito allo screening per l\u2019epatite C, sia tra i residenti nati tra il 1969 ed il 1989, che all\u2019interno di popolazioni con specifici fattori di rischio. In 50 soggetti nella popolazione generale (0,6% dei soggetti aderenti allo screening, nei nati tra il 1969 ed il 1989) e in 295 soggetti nella popolazione a rischio (7,2% dei soggetti aderenti allo screening tra carcerati e nei SerD), \u00e8 stata identificata l\u2019infezione attiva da HCV. Alcuni di questi soggetti, soprattutto nelle popolazioni a rischio, sapevano gi\u00e0 di avere la malattia, ma altri lo hanno scoperto grazie allo screening.<\/p>\n<p>&nbsp;<\/p>\n<p>&nbsp;<\/p>\n<hr \/>\n<p>&nbsp;<\/p>\n<blockquote>\n<h3>OLTRE 4000 POSTI AL CONCORSO DEI CARABINIERI<\/h3>\n<\/blockquote>\n<p><strong>BELLUNO<\/strong> Al via il concorso per 4189 posti per Carabinieri. Fino all&#8217;11 gennaio \u00e8 possibile presentare la domanda esclusivamente attraverso il portale www.carabinieri.it (area concorsi). I posti sono cos\u00ec ripartiti: 2910 volontari in ferma fissa di un anno e volontari in ferma prefissata quadriennale; 1247 riservati ad italiani che non abbiamo superato i 27 anni di et\u00e0; 32 per i candidati in possesso dell&#8217;attestato di bilinguismo.<\/p>\n<p>&nbsp;<\/p>\n<p>&nbsp;<\/p>\n<hr \/>\n<p>&nbsp;<\/p>\n<blockquote>\n<h3>DUP E PARCHEGGI LUXOTTICA NEL CONSIGLIO\u00a0 DI AGORDO<\/h3>\n<\/blockquote>\n<p><strong>AGORDO <\/strong>Oggi alle 19\u00a0 il sindaco di Agordo Roberto Chissal\u00e8 ha convocato il consiglio comunale. Tra gli argomenti da trattare il Documento Unico di programmazione 2023\/2025, una variazione al bilancio e l&#8217;avvio del procedimento finalizzato all&#8217;acquisizione di due particelle di parcheggi appartenenti a Luxottica. All&#8217;ordine del giorno in urgenza \u00e8 stato aggiunto un ulteriore argomento: 5 interventi per parcheggi e viabilit\u00e0 sul territorio comunale.<\/p>\n<p>&nbsp;<\/p>\n<p>&nbsp;<\/p>\n<hr \/>\n<p>&nbsp;<\/p>\n<blockquote>\n<h3>NEL CONSIGLIO COMUNALE DI SAN TOMASO<\/h3>\n<\/blockquote>\n<p><strong>SAN TOMASO<\/strong> Nel consiglio comunale di San Tomaso in programma oggi alle 20, il sindaco Moreno De Val proprone 4 punti da discutere tra cui una variazione al bilancio, l&#8217;approvazione del piano di illuminazione pubblica e la costituzione di diritto di superficie a E-Distribuzione per la costruzione di una cabina elettrica.<\/p>\n<p>&nbsp;<\/p>\n<p>&nbsp;<\/p>\n<hr \/>\n<p>&nbsp;<\/p>\n<blockquote>\n<h3>A CENCENIGHE IL CONSIGLIO COMUNALE TRA DUP E VARIAZIONE AL BILANCIO<\/h3>\n<\/blockquote>\n<p><strong>CENCENIGHE<\/strong> Il sindaco di Cencenighe Mauro Soppelsa ha convocato i consiglieri comunali per venerd\u00ec alle 20:30 per discutere di quattro punti all&#8217;ordine del giorno. tra questi l&#8217;approvazione del DUP e la terza variazione al bilancio 2022\/2024.<\/p>\n<p><strong>di Gianni Santomaso, dal Corriere Delle Alpi<\/strong><\/p>\n<audio class=\"wp-audio-shortcode\" id=\"audio-289533-8\" preload=\"none\" style=\"width: 100%;\" controls=\"controls\"><source type=\"audio\/mpeg\" src=\"https:\/\/www.radiopiu.net\/wordpress\/wp-content\/uploads\/2022\/07\/GIANNI-CONSIGLIO-CENCENIGHE.mp3?_=8\" \/><a href=\"https:\/\/www.radiopiu.net\/wordpress\/wp-content\/uploads\/2022\/07\/GIANNI-CONSIGLIO-CENCENIGHE.mp3\">https:\/\/www.radiopiu.net\/wordpress\/wp-content\/uploads\/2022\/07\/GIANNI-CONSIGLIO-CENCENIGHE.mp3<\/a><\/audio>\n<p>&nbsp;<\/p>\n<hr \/>\n<p>&nbsp;<\/p>\n<blockquote>\n<h3>\u00a0IL CONSIGLIO COMUNALE DI CANALE D&#8217;AGORDO<\/h3>\n<\/blockquote>\n<p><strong>CANALE D&#8217;AGORDO<\/strong> Sabato alle 9 consiglio comunale in sala Lina Zand\u00f2. All&#8217;ordine del giorno la convenzione con il Comune di Falcade per l&#8217;uso e la gestione del cimitero di Caviola; variazione d&#8217;urgenza al bilancio e variazione di assestamento.<\/p>\n<p>&nbsp;<\/p>\n<p>&nbsp;<\/p>\n<hr \/>\n<p>&nbsp;<\/p>\n<blockquote>\n<h3>A COLLE SANTA LUCIA LA NOMINA DEL REVISORE DEI CONTI<\/h3>\n<\/blockquote>\n<p><strong>COLLE SANTA LUCIA<\/strong> Sono 8 i punti da discutere nel consiglio comunale convocato dal sindaco di Colle Santa Lucia in programma sabato alle 9. Tra questi si parler\u00e0 della sesta variazione al bilancio, della nomina per il revisore dei conti, dei programmi di esercizio 2022, del regolamento dei controlli interni e l&#8217;approvazione della modifica allo statuto di ASCA<\/p>\n<p>&nbsp;<\/p>\n<p>&nbsp;<\/p>\n<hr \/>\n<p>&nbsp;<\/p>\n<blockquote>\n<h2>AIS DOLOMITI, IL SERVIZIO AMBULATORIALE ANCHE AD AGORDO<\/h2>\n<\/blockquote>\n<div dir=\"auto\">\n<div dir=\"auto\"><strong><img loading=\"lazy\" decoding=\"async\" class=\"alignleft\" src=\"https:\/\/www.radiopiu.net\/wordpress\/wp-content\/uploads\/2022\/07\/ASDASDASD.png\" width=\"180\" height=\"97\" \/>BELLUNO<\/strong> L&#8217;associazione Incontinenti e stomizzati della provincia di Belluno (AIS DOLOMITI BELLUNO), desidera portare a conoscenza della popolazione agordina e in particolare delle persone stomizzate con i loro familiari che \u00e8 stato avviato presso l&#8217;ospedale di Agordo il servizio ambulatoriale per persone con stomia intestinale e\/o urinaria. <em>Ais, sede a Longarone via Igne 1; mail AIS_Dolomiti#yahoo.co; sito www.AISDolomitiBellunoODV; teletono 338 4177434<\/em><\/div>\n<\/div>\n<div dir=\"auto\"><\/div>\n<div dir=\"auto\"><\/div>\n<div dir=\"auto\"><\/div>\n<hr \/>\n<p>&nbsp;<\/p>\n<blockquote>\n<h3>LA 37^ ADUNANZA DEL CAI A COL DEL CAMP<\/h3>\n<\/blockquote>\n<p><strong>AGORDO<\/strong> Dopo due anni di pausa forzata e aver ripreso nel 2021 la tradizionale Adunanza, nel Comune di Co<img loading=\"lazy\" decoding=\"async\" class=\"alignleft\" src=\"https:\/\/www.radiopiu.net\/wordpress\/wp-content\/uploads\/2020\/04\/cai-agordo.jpg\" width=\"206\" height=\"118\" \/>lle Santa Lucia, la sezione del Club Alpino Italiano di Agordo si appresta\u00a0 ad organizzare la 37^ edizione, che ritorna dopo un decennio (C\u00f2i di Ped\u00e8n 2011), in Comune di Taibon Agordino. L&#8217;appuntamento \u00e8 per domenica 31 agosto con ritrovo alle 9.30 a Col del Camp, accesso da Capanna Trieste seguendo la strada silvo pastorale per il rifugio Vazzoler e zona Case Favretti. Dalle 8 servizio navetta per le persone anziane con difficolt\u00e0 motorie. In caso di maltempo la presentazione del libretto si terr\u00e0 in sala Don Tamis alle 18.<\/p>\n<p>&nbsp;<\/p>\n<p>&nbsp;<\/p>\n<hr \/>\n<p>&nbsp;<\/p>\n<blockquote>\n<h3>QUATTRO USCITE ORGANIZZATE DAL GAMP<\/h3>\n<\/blockquote>\n<p><strong><a class=\"dt-pswp-item\" href=\"https:\/\/www.radiopiu.net\/wordpress\/wp-content\/uploads\/2022\/05\/closeup-of-a-colourful-mineral-stone-under-the-lights-isolated-on-a-white-background.jpg\" data-dt-img-description=\"\" data-large_image_width=\"1000\" data-large_image_height=\"667\"><img loading=\"lazy\" decoding=\"async\" class=\"size-thumbnail wp-image-274690 alignleft\" src=\"https:\/\/www.radiopiu.net\/wordpress\/wp-content\/uploads\/2022\/05\/closeup-of-a-colourful-mineral-stone-under-the-lights-isolated-on-a-white-background-150x150.jpg\" alt=\"\" width=\"150\" height=\"150\" \/><\/a>AGORDO<\/strong><\/p>\n<p>di Gianni Santomaso<\/p>\n<audio class=\"wp-audio-shortcode\" id=\"audio-289533-9\" preload=\"none\" style=\"width: 100%;\" controls=\"controls\"><source type=\"audio\/mpeg\" src=\"https:\/\/www.radiopiu.net\/wordpress\/wp-content\/uploads\/2022\/07\/GIANNI-ESCURSIONI-GAMP.mp3?_=9\" \/><a href=\"https:\/\/www.radiopiu.net\/wordpress\/wp-content\/uploads\/2022\/07\/GIANNI-ESCURSIONI-GAMP.mp3\">https:\/\/www.radiopiu.net\/wordpress\/wp-content\/uploads\/2022\/07\/GIANNI-ESCURSIONI-GAMP.mp3<\/a><\/audio>\n<p>&nbsp;<\/p>\n<hr \/>\n<p>&nbsp;<\/p>\n<blockquote>\n<h3>PALIO DI FELTRE, I NUOVI CONFINI<\/h3>\n<\/blockquote>\n<p><strong><a class=\"dt-pswp-item\" href=\"https:\/\/www.radiopiu.net\/wordpress\/wp-content\/uploads\/2022\/07\/WhatsApp-Image-2022-07-26-at-09.44.38.jpeg\" data-dt-img-description=\"\" data-large_image_width=\"1572\" data-large_image_height=\"1016\"><img loading=\"lazy\" decoding=\"async\" class=\"size-thumbnail wp-image-289658 alignleft\" src=\"https:\/\/www.radiopiu.net\/wordpress\/wp-content\/uploads\/2022\/07\/WhatsApp-Image-2022-07-26-at-09.44.38-150x150.jpeg\" alt=\"\" width=\"150\" height=\"150\" \/><\/a>FELTRE<\/strong> Delineati i rispettivi confini dagli storici quattro quartieri, Duomo, Castello, Port&#8217;Oria e Santo Stefano, affiancati dalla mediazione del capitano del Palio, Andrea Barp, del responsabile di Pra&#8217; del Moro, Mario Brambilla e da alcuni esperti. Il Capitano del Palio Andrea Barp:<em> &#8220;Il lavoro svolto dai quartieri \u00e8 stato serio e fondamentale, per evitare che in futuro sorgano incomprensioni o discussioni anche accese sulla provenienza di un atleta o sulla sua appartenenza a una contrada piuttosto che a un&#8217;altra. Nel corso degli anni i confini dei quartieri erano stati tramandati oralmente, ma mai messi nero su bianco e in alcuni casi rimanevano delle zone d&#8217;ombra che andavano chiarite per il bene della manifestazione e cos\u00ec \u00e8 stato&#8221;.<\/em><\/p>\n<p>&nbsp;<\/p>\n<p>&nbsp;<\/p>\n<hr \/>\n<p>&nbsp;<\/p>\n<blockquote>\n<h3>CAMMINATURALMENTE, ALLA MADONNA DEL RUNAL<\/h3>\n<\/blockquote>\n<p><em>passi alla scoperta con Anacleto Boranga guida naturalistica ed ambientale<\/em><\/p>\n<p><strong>BELLUNO<\/strong> Sabato 6 agosto camminata alla Madonna del Runal, santuario nel cuore della foresta. Immerso nel verde di migliaia di faggi e abeti rossi si stacca la candida struttura di una chiesa intestata alla Madonna protettrice dei boscaioli. Il santuario ha all\u2019origine un evento miracoloso che evidenzierebbe un particolare attaccamento della Vergine all\u2019albero del faggio. Lungo la valle del Runal passava la strada attraverso cui venivano trascinati a valle gli alberi che poi le zattere conducevano fino a Venezia. L\u2019itinerario offre suggestivi scorci panoramici sul lago di S.Croce e sulle Dolomiti meridionali. Dislivello circa 200m \u2013 distanze ca 4 km a\/r. \u2013 durata ca 3 ore a\/r. tutte all\u2019interno della foresta. Ritrovo alle 8,00 presso il parcheggio situato subito dopo il ponte sul torrente Tesa, a ridosso dell\u2019abitato di Farra d \u2018Alpago. Si proceder\u00e0 in auto fin dove incroceremo la strada per la Madonna del Runal.\u00a0 Iscrizione obbligatoria a biblioteca@comune.belluno.it o al tel 0437 948093 entro le ore 12,30 entro venerdi 5 agosto.<\/p>\n\n\t\t\t<style type='text\/css'>\n\t\t\t\t#gallery-6 {\n\t\t\t\t\tmargin: auto;\n\t\t\t\t}\n\t\t\t\t#gallery-6 .gallery-item {\n\t\t\t\t\tfloat: left;\n\t\t\t\t\tmargin-top: 10px;\n\t\t\t\t\ttext-align: center;\n\t\t\t\t\twidth: 33%;\n\t\t\t\t}\n\t\t\t\t#gallery-6 img {\n\t\t\t\t\tborder: 2px solid #cfcfcf;\n\t\t\t\t}\n\t\t\t\t#gallery-6 .gallery-caption {\n\t\t\t\t\tmargin-left: 0;\n\t\t\t\t}\n\t\t\t\t\/* see gallery_shortcode() in wp-includes\/media.php *\/\n\t\t\t<\/style>\n\t\t<div id='gallery-6' class='dt-gallery-container gallery galleryid-289533 gallery-columns-3 gallery-size-thumbnail'><dl class='gallery-item'>\n\t\t\t\t<dt class='gallery-icon landscape'>\n\t\t\t\t\t<a class=\"rollover rollover-zoom dt-pswp-item\" title=\"P1070914\" data-dt-img-description=\"\" data-large_image_width=\"1253\" data-large_image_height=\"873\"href='https:\/\/www.radiopiu.net\/wordpress\/wp-content\/uploads\/2022\/07\/P1070914.jpg'><img loading=\"lazy\" decoding=\"async\" width=\"150\" height=\"150\" src=\"https:\/\/www.radiopiu.net\/wordpress\/wp-content\/uploads\/2022\/07\/P1070914-150x150.jpg\" class=\"attachment-thumbnail size-thumbnail\" alt=\"\" \/><\/a>\n\t\t\t\t<\/dt><\/dl><dl class='gallery-item'>\n\t\t\t\t<dt class='gallery-icon landscape'>\n\t\t\t\t\t<a class=\"rollover rollover-zoom dt-pswp-item\" title=\"P1010173\" data-dt-img-description=\"\" data-large_image_width=\"1260\" data-large_image_height=\"945\"href='https:\/\/www.radiopiu.net\/wordpress\/wp-content\/uploads\/2022\/07\/P1010173.jpg'><img loading=\"lazy\" decoding=\"async\" width=\"150\" height=\"150\" src=\"https:\/\/www.radiopiu.net\/wordpress\/wp-content\/uploads\/2022\/07\/P1010173-150x150.jpg\" class=\"attachment-thumbnail size-thumbnail\" alt=\"\" \/><\/a>\n\t\t\t\t<\/dt><\/dl><dl class='gallery-item'>\n\t\t\t\t<dt class='gallery-icon landscape'>\n\t\t\t\t\t<a class=\"rollover rollover-zoom dt-pswp-item\" title=\"P1210951\" data-dt-img-description=\"\" data-large_image_width=\"1238\" data-large_image_height=\"929\"href='https:\/\/www.radiopiu.net\/wordpress\/wp-content\/uploads\/2022\/07\/P1210951.jpg'><img loading=\"lazy\" decoding=\"async\" width=\"150\" height=\"150\" src=\"https:\/\/www.radiopiu.net\/wordpress\/wp-content\/uploads\/2022\/07\/P1210951-150x150.jpg\" class=\"attachment-thumbnail size-thumbnail\" alt=\"\" \/><\/a>\n\t\t\t\t<\/dt><\/dl><br style=\"clear: both\" \/>\n\t\t\t<\/div>\n\n<p>&nbsp;<\/p>\n<p>&nbsp;<\/p>\n<p>&nbsp;<\/p>\n<hr \/>\n<p>&nbsp;<\/p>\n<blockquote>\n<h3>EL CANAL DE AGORT<\/h3>\n<\/blockquote>\n<p><strong>AGORDO<\/strong> Presso il museo in via 5 maggio ad Agordo si pu\u00f2 visitare la mostra &#8220;El Canal De Agort&#8221; storia ed archeologia da San Gottardo alla Conca Agordina. La mostra \u00e8 visitabile dal gioved\u00ec alla domenica dalle 9:30 alle 12:30 e dalle16 alle 19 fino al 4 settembre.<\/p>\n<p>&nbsp;<\/p>\n<hr \/>\n<p>&nbsp;<\/p>\n<blockquote>\n<blockquote>\n<h3>DOPO IL RICAMO AD AGORDO, L&#8217;ESPOSIZIONE A RIVAMONTE DAL 30 LUGLIO<\/h3>\n<\/blockquote>\n<p><strong>RIVAMONTE<\/strong>\u00a0 L\u2019inaugurazione della rassegna, con il patrocinio del Comune, avr\u00e0 luogo sabato 30 luglio, alle ore 18, nella Sala Polifunzionale di Rivamonte e rimarr\u00e0 visitabile (a ingresso libero) fino al 15 agosto, con il seguente orario: gioved\u00ec e venerd\u00ec dalle 16 alle 19; sabato e domenica 10-12.30 e 16-19.<\/p><\/blockquote>\n<p>&nbsp;<\/p>\n<p>&nbsp;<\/p>\n<p>&nbsp;<\/p>\n<hr \/>\n<p>&nbsp;<\/p>\n<blockquote>\n<h3>LA FESTA IN PINETA PER GLI ALPINI DI CENCENIGHE<\/h3>\n<\/blockquote>\n<p><strong>CENCENIGHE<\/strong> Festa in pineta per gli alpini di Cencenighe che domenica 31 luglio si ritroveranno per una giornata in compagnia. Alle 10:30 la santa messa in pineta e dalle 12 la degustazione di piatti tipici. Nel pomeriggio musica con Loris.<\/p>\n<p>&nbsp;<\/p>\n<hr \/>\n<p>&nbsp;<\/p>\n<blockquote>\n<h3>FESTA CAMPESTRE AL PRA&#8217; DE LA MELIA<\/h3>\n<\/blockquote>\n<p><strong>SOSPIROLO<\/strong> A Gron nella zona degli impianti sportivi dal 1 al 7 agosto festa con la proloco Monti del Sole. Primo appuntamento lunedi: vent&#8217;anni dopo&#8221; serata di montagna con Paolo e Jagge, per la regia di Seba, Marted\u00ec\u00a0 sar\u00e0 ospite Margherita Mazzoncini, campionessa mondiale di sci d\u2019erba. Mercoled\u00ec\u00a0 serata di videoproiezioni dedicata alle prime escursioni di Dino Buzzati sul Monte Sperone. Gioved\u00ec\u00a0 giallo grottesco brillante in 2 atti con i Fuori di Quinta. Venerd\u00ec ballo con l\u2019Orchestra Linda Biscaro, sabato\u00a0 serata Latina\u00a0 e domenica\u00a0 con l\u2019Orchestra Franco Bel.\u00a0 Per info <a href=\"http:\/\/www.sospirolo.net\">www.sospirolo.net<\/a><\/p>\n<p>&nbsp;<\/p>\n<hr \/>\n<p>&nbsp;<\/p>\n<blockquote>\n<h3>SCOIATTOLI IN FESTA SULLA PIANA DI FALCADE<\/h3>\n<\/blockquote>\n<p><strong>FALCADE<\/strong> La scuola di Sci Equipe di Falcade organizza per domenica 7 agosto la festa per tutti i bambini (et\u00e0 minima 5 anni) con giochi di abilit\u00e0, sulla piana zona Parco Giochi. Iscrizione 15 euro.<\/p>\n<p>&nbsp;<\/p>\n<hr \/>\n<p>&nbsp;<\/p>\n<blockquote>\n<h3>GLI APPUNTAMENTI DI AGORDO MUSICA<\/h3>\n<\/blockquote>\n<p><strong>REDAZIONE<\/strong> Sabato dalle 21 appuntamento all&#8217;ex Kaselo &#8211; sala Valmassoni &#8211;\u00a0 di La Valle Agordina con Pina Sabatini e Bepi Santuzzo. &#8220;I due Golfi, Venezia e Napoli&#8221;.<\/p>\n<p>&nbsp;<\/p>\n<hr \/>\n<p>&nbsp;<\/p>\n<blockquote>\n<h3>VENERDI&#8217; A CANALE IL CONCERTO PER ORGANO E PERCUSSIONI<\/h3>\n<\/blockquote>\n<p><strong>CNALE D&#8217;AGORDO<\/strong> <span style=\"font-family: Arial, sans-serif;\"><span style=\"font-size: small;\">Venerd\u00ec 29 luglio<\/span><\/span><span style=\"font-family: Arial, sans-serif;\"><span style=\"font-size: small;\">, alle<\/span><\/span><span style=\"font-family: Arial, sans-serif;\"><span style=\"font-size: small;\">\u00a021.00<\/span><\/span><span style=\"font-family: Arial, sans-serif;\"><span style=\"font-size: small;\">, presso la <\/span><\/span><span style=\"font-family: Arial, sans-serif;\"><span style=\"font-size: small;\">chiesa di San Giovanni Battista di Canale d&#8217;Agordo (Belluno) <\/span><\/span><span style=\"font-family: Arial, sans-serif;\"><span style=\"font-size: small;\">si terr\u00e0 il <\/span><\/span><span style=\"font-family: Arial, sans-serif;\"><span style=\"font-size: small;\">concerto per organo e percussioni storiche di Luca Scandali e Mauro Occhionero<\/span><\/span><span style=\"font-family: Arial, sans-serif;\"><span style=\"font-size: small;\">,<\/span><\/span><span style=\"font-family: Arial, sans-serif;\"><span style=\"font-size: small;\"> dedicato al Beato Giovanni Paolo I<\/span><\/span><span style=\"font-family: Arial, sans-serif;\"><span style=\"font-size: small;\">.<\/span><\/span><\/p>\n<p>&nbsp;<\/p>\n<p>&nbsp;<\/p>\n<hr \/>\n<p>&nbsp;<\/p>\n<blockquote>\n<blockquote>\n<h3>MADONA DE LA NEIF, LA SAGRA A LA VALLE AGORDINA: IL PROGRAMMA<\/h3>\n<\/blockquote>\n<p><strong>LA VALLE<\/strong><\/p><\/blockquote>\n<p><strong>ALLA RADIO\u00a0<\/strong><\/p>\n<blockquote><audio class=\"wp-audio-shortcode\" id=\"audio-289533-10\" preload=\"none\" style=\"width: 100%;\" controls=\"controls\"><source type=\"audio\/mpeg\" src=\"https:\/\/www.radiopiu.net\/wordpress\/wp-content\/uploads\/2022\/07\/SPOT-MADONA-DE-LA-NEIF.mp3?_=10\" \/><a href=\"https:\/\/www.radiopiu.net\/wordpress\/wp-content\/uploads\/2022\/07\/SPOT-MADONA-DE-LA-NEIF.mp3\">https:\/\/www.radiopiu.net\/wordpress\/wp-content\/uploads\/2022\/07\/SPOT-MADONA-DE-LA-NEIF.mp3<\/a><\/audio>\n<p>&nbsp;<\/p>\n\n\t\t\t<style type='text\/css'>\n\t\t\t\t#gallery-7 {\n\t\t\t\t\tmargin: auto;\n\t\t\t\t}\n\t\t\t\t#gallery-7 .gallery-item {\n\t\t\t\t\tfloat: left;\n\t\t\t\t\tmargin-top: 10px;\n\t\t\t\t\ttext-align: center;\n\t\t\t\t\twidth: 33%;\n\t\t\t\t}\n\t\t\t\t#gallery-7 img {\n\t\t\t\t\tborder: 2px solid #cfcfcf;\n\t\t\t\t}\n\t\t\t\t#gallery-7 .gallery-caption {\n\t\t\t\t\tmargin-left: 0;\n\t\t\t\t}\n\t\t\t\t\/* see gallery_shortcode() in wp-includes\/media.php *\/\n\t\t\t<\/style>\n\t\t<div id='gallery-7' class='dt-gallery-container gallery galleryid-289533 gallery-columns-3 gallery-size-thumbnail'><dl class='gallery-item'>\n\t\t\t\t<dt class='gallery-icon portrait'>\n\t\t\t\t\t<a class=\"rollover rollover-zoom dt-pswp-item\" title=\"530a2d72-bda3-7461-e542-59cf0ee1053c\" data-dt-img-description=\"\" data-large_image_width=\"1730\" data-large_image_height=\"2423\"href='https:\/\/www.radiopiu.net\/wordpress\/wp-content\/uploads\/2022\/07\/530a2d72-bda3-7461-e542-59cf0ee1053c.jpg'><img loading=\"lazy\" decoding=\"async\" width=\"150\" height=\"150\" src=\"https:\/\/www.radiopiu.net\/wordpress\/wp-content\/uploads\/2022\/07\/530a2d72-bda3-7461-e542-59cf0ee1053c-150x150.jpg\" class=\"attachment-thumbnail size-thumbnail\" alt=\"\" \/><\/a>\n\t\t\t\t<\/dt><\/dl><dl class='gallery-item'>\n\t\t\t\t<dt class='gallery-icon portrait'>\n\t\t\t\t\t<a class=\"rollover rollover-zoom dt-pswp-item\" title=\"38dcef37-7bbc-4024-ebb0-6a6882717ada\" data-dt-img-description=\"\" data-large_image_width=\"1811\" data-large_image_height=\"2560\"href='https:\/\/www.radiopiu.net\/wordpress\/wp-content\/uploads\/2022\/07\/38dcef37-7bbc-4024-ebb0-6a6882717ada-scaled.jpg'><img loading=\"lazy\" decoding=\"async\" width=\"150\" height=\"150\" src=\"https:\/\/www.radiopiu.net\/wordpress\/wp-content\/uploads\/2022\/07\/38dcef37-7bbc-4024-ebb0-6a6882717ada-150x150.jpg\" class=\"attachment-thumbnail size-thumbnail\" alt=\"\" \/><\/a>\n\t\t\t\t<\/dt><\/dl><dl class='gallery-item'>\n\t\t\t\t<dt class='gallery-icon portrait'>\n\t\t\t\t\t<a class=\"rollover rollover-zoom dt-pswp-item\" title=\"4935b63e-fab3-2b11-4f4a-803c2ec51972\" data-dt-img-description=\"\" data-large_image_width=\"1811\" data-large_image_height=\"2560\"href='https:\/\/www.radiopiu.net\/wordpress\/wp-content\/uploads\/2022\/07\/4935b63e-fab3-2b11-4f4a-803c2ec51972-scaled.jpg'><img loading=\"lazy\" decoding=\"async\" width=\"150\" height=\"150\" src=\"https:\/\/www.radiopiu.net\/wordpress\/wp-content\/uploads\/2022\/07\/4935b63e-fab3-2b11-4f4a-803c2ec51972-150x150.jpg\" class=\"attachment-thumbnail size-thumbnail\" alt=\"\" \/><\/a>\n\t\t\t\t<\/dt><\/dl><br style=\"clear: both\" \/>\n\t\t\t<\/div>\n\n<p>&nbsp;<\/p><\/blockquote>\n<hr \/>\n<p>&nbsp;<\/p>\n<blockquote>\n<h3>ALLE ORIGINI DELLA SCULTURA ALLA CASA DELLA GIOVENTU&#8217; DI CAVIOLA<\/h3>\n<\/blockquote>\n<p><strong>ALLA RADIO\u00a0<\/strong><\/p>\n<audio class=\"wp-audio-shortcode\" id=\"audio-289533-11\" preload=\"none\" style=\"width: 100%;\" controls=\"controls\"><source type=\"audio\/mpeg\" src=\"https:\/\/www.radiopiu.net\/wordpress\/wp-content\/uploads\/2022\/07\/MURER-CAVIOLA.mp3?_=11\" \/><a href=\"https:\/\/www.radiopiu.net\/wordpress\/wp-content\/uploads\/2022\/07\/MURER-CAVIOLA.mp3\">https:\/\/www.radiopiu.net\/wordpress\/wp-content\/uploads\/2022\/07\/MURER-CAVIOLA.mp3<\/a><\/audio>\n<p>&nbsp;<\/p>\n<p><a class=\"dt-pswp-item\" href=\"https:\/\/www.radiopiu.net\/wordpress\/wp-content\/uploads\/2022\/07\/2a510b9c-1139-45b6-aafd-3a57431151f5.jpg\" data-dt-img-description=\"\" data-large_image_width=\"1080\" data-large_image_height=\"741\"><img loading=\"lazy\" decoding=\"async\" class=\"alignnone wp-image-289487 size-full\" src=\"https:\/\/www.radiopiu.net\/wordpress\/wp-content\/uploads\/2022\/07\/2a510b9c-1139-45b6-aafd-3a57431151f5.jpg\" alt=\"\" width=\"1080\" height=\"741\" srcset=\"https:\/\/www.radiopiu.net\/wordpress\/wp-content\/uploads\/2022\/07\/2a510b9c-1139-45b6-aafd-3a57431151f5.jpg 1080w, https:\/\/www.radiopiu.net\/wordpress\/wp-content\/uploads\/2022\/07\/2a510b9c-1139-45b6-aafd-3a57431151f5-300x206.jpg 300w, https:\/\/www.radiopiu.net\/wordpress\/wp-content\/uploads\/2022\/07\/2a510b9c-1139-45b6-aafd-3a57431151f5-1024x703.jpg 1024w, https:\/\/www.radiopiu.net\/wordpress\/wp-content\/uploads\/2022\/07\/2a510b9c-1139-45b6-aafd-3a57431151f5-768x527.jpg 768w\" sizes=\"auto, (max-width: 1080px) 100vw, 1080px\" \/><\/a><\/p>\n<p><b>\u00a0<\/b><\/p>\n<hr \/>\n<p>&nbsp;<\/p>\n<blockquote>\n<h3>VISITE GUIDATE NELLA CHIESA DI AGORDO<\/h3>\n<\/blockquote>\n<p><strong>AGORDO<\/strong>\u00a0 Venerdi 29 luglio e venerdi 12 agosto dalle 10 alle 11,\u00a0 mercoledi 3 e mercoledi 17 agosto dalle 16 alle 17 visite guidate gratuita nella chiesa Arcidiaconale di Agordo. Informazioni all&#8217;Ufficio turistico di Agordo.<\/p>\n<p>&nbsp;<\/p>\n<p>&nbsp;<\/p>\n<hr \/>\n<p>&nbsp;<\/p>\n<blockquote>\n<h3>DOPPIO APPUNTAMENTO NEL FINE SETTIMANA PER LUGLIO JAZZ<\/h3>\n<\/blockquote>\n<p><strong>BELLUNO <\/strong>Doppio appuntamento nel weekend del Circolo Culturale Bellunese, con Sigrun Richter, liuto, per il festival Arte e Musica tra Pelmo e Civetta, sabato 30 luglio alle 19, nella Chiesa di San Nicol\u00f2, a Fusine di Val di Zoldo e domenica 31 luglio, alle 18, con i MovieTrio a Villa Miari Cugnach, di Sedico, per l&#8217;ultimo evento di Luglio Jazz! XXXIII edizione 2022 dei Concerti in Villa e nelle Corti. Informazioni e biglietti: Agenzia Alpe Bellunese: tel. 0437 940407, E-mail: info@alpebellunese.it. \u00c8 gradita la prenotazione. Pagamento biglietto in agenzia o all\u2019ingresso del concerto.<\/p>\n<p>&nbsp;<\/p>\n<p>&nbsp;<\/p>\n<hr \/>\n<p>&nbsp;<\/p>\n<blockquote>\n<h3>STORIA. DALLE CARROZZE ALLE CORRIERE SULLA PEDEMONTANA DA CESIO A FELTRE<\/h3>\n<\/blockquote>\n<div class=\"cxgpxx05 d1544ag0 sj5x9vvc tw6a2znq l9j0dhe7 ni8dbmo4 stjgntxs e72ty7fz qlfml3jp inkptoze qmr60zad jm1wdb64 qv66sw1b ljqsnud1 odn2s2vf tkr6xdv7\" role=\"none\" data-testid=\"solid-message-bubble\">\n<div class=\"rq0escxv l9j0dhe7 du4w35lb __fb-light-mode\" role=\"none\">\n<div dir=\"auto\" role=\"none\"><strong>di\u00a0 RENATO BONA\u00a0<\/strong><\/div>\n<div dir=\"auto\" role=\"none\"><\/div>\n<div class=\"hzawbc8m ii04i59q jq4qci2q g9io39s2 oo9gr5id\" dir=\"auto\" role=\"none\">Volentieri proseguiamo la rilettura di \u201cUn secolo in corriera nella provincia di Belluno\u201d, il pregevole libro voluto da Dolomitibus nel luglio 2000 (stampa tipografia Piave di Belluno) e curato da Renato Fiabane e Lionello Fiori, con la preziosa collaborazione di Gianni De Vecchi e di molti altri (compresi enti ed associazioni che hanno comunque contribuito) che entusiasticamente si sono prestati a fornire testimonianze, documenti, immagini. In questa occasione ci soffermiamo su tre capitoli: \u201cDalle carrozze alle corriere sulla Pedemontana da Cesiomaggiore a Feltre\u201d, \u201cLa ditta Mognol e il servizio di autocorriere da Cesiomaggiore\u201d, \u201cBreve storia degli Autoservizi Monego di Santa Giustina Bellunese\u201d. Con notizie fornite da Fiorino De Zordi di Villabruna di Feltre si ricorda che nel primo decennio del \u2018900 esisteva a Cesiomaggiore una linea postale e passeggeri che collegava Cesiomaggiore, Can, Toschian, Soranzen, Salgarda, Villabruna, Foen, Pedavena e Feltre. Della linea era titolare Antonio Cecchin detto \u201cil Toto\u201d con due carrozze tirate da cavalli: il \u201cLond\u00f2\u201d (se ne serviva per prelevare la posta a Feltre e consegnarla nei vari uffici postali situati sulla linea, servizio sospeso solo durante la Grande Guerra) e la \u201cTimonella\u201d; questa seconda con 3-4 posti era coperta da una tela mobile e dietro aveva un cassone chiuso riservato alla posta. Il primo invece, pi\u00f9 voluminoso, aveva le ruote anteriori pi\u00f9 piccole e le posteriori pi\u00f9 grandi con copertura fissa. Con questa, Cecchin si spostava anche fino a Primolano, per portare alla stazione ferroviaria gli emigranti che partivano per lavorare in Germania. Pi\u00f9 avanti nel tempo ebbe un\u2019altra carrozza, la \u201cGiardiniera\u201d pure tirata da cavalli (venivano cambiati a Villabruna) con due panche in legno poste sui lati, una di fronte all\u2019altra. Era utilizzata soprattutto nei giorni di mercato, il marted\u00ec e venerd\u00ec. Sulle carrozze una targhetta indicava il nome del proprietario il quale pagava una tassa annua per utilizzare il \u201cveicolo a trazione animale\u201d. Risale al 1923-26 l\u2019iniziativa di Giorgio Cecchin, figlio di \u201cToto\u201d, di utilizzare i mezzi a motore compreso \u201cun 18 BL residuato bellico modificato con panche e un telo come copertura, sul quale si saliva dalla parte posteriore grazie a degli scalini\u201d; altro mezzo disponibile \u201cla Tofana\u201d nota anche come \u201ccoriereta\u201d: messa in moto a manovella, fari che funzionavano a carburo\u2026 Un dipendente omonimo dei proprietari: Giovanni Cecchin, detto \u201cNani Tiziot\u201d era \u201cpersona cos\u00ec versatile da riparare di tutto in una piccola officina: dalle biciclette alle moto, dalla corriera all\u2019organo della chiesa, a qualsiasi oggetto che avesse dei congegni meccanici\u201d. Verso il 1935 la linea fu ceduta alla ditta Mognol di Cesiomaggiore da Cecchin che cess\u00f2 l\u2019attivit\u00e0. Dopo il 1950 \u2013 si legge a proposito della \u201cMognol\u201d, la linea Feltre, Soranzen, Cesio, San Gregorio, Santa Giustina per passeggeri e posta fu resa possibile grazie alla sistemazione ed allargamento della strada. Nel 1952 prese il via la linea Cesio, Pez, Villapaiera, Feltre e nel 1957 fu istituito il servizio urbano a Feltre, utilizzando tre piccoli autobus. Sempre in base alle notizie fornite agli autori del libro da Erminio De Gol di Cesiomaggiore, dal 1958-59 la linea Feltre-Belluno via Soranzen, Cesio, San Gregorio, Santa Giustina divenne gionaliera; la linea fu ceduta alla Buzzatti nel 1961; l\u2019anno seguente il servizio urbano di Santa Giustina alla Monego Damiano e quello di Feltre alla Buzzatti e alla Zasio e cos\u00ec la Mognol cess\u00f2 definitivamente l\u2019attivit\u00e0. E siamo &#8211; con notizie fornite da Damiano Monego di Formegan &#8211; alla breve storia della Autoservizi Monego che, titolare proprio Damiano, inizi\u00f2 l\u2019attivit\u00e0 nel 1962 con la linea Santa Giustina, Cergnai, Campel utilizzando un OM Supertaurus, acquistato dalla \u201cMognol\u201d, e un autobus Alfa Romeo 450 a quattro marce acquistato dalla Andreella di Ponte nelle Alpi. Del 1964 l\u2019acquisto della prima vettura nuova: Fiat 309\/1 carrozzata Pietroboni che serviva come corriera di linea e da turismo per il trasporto degli emigranti e per servizi richiesti dai Patronati scolastici. Otto anni dopo ecco l\u2019acquisto di un Fiat 306\/3 da noleggio da rimessa, poi sostituito con un Fiat 343 nuovo, carrozzato Dalla Via. Con l\u2019attivazione della \u201cSan Remo\u201d confezioni prima a Bribano e poi a Mier di Belluno furono trasportate per due anni le maestranze a Caerano San Marco per l\u2019addestramento. Due le linee attivate per la \u201cSan Remo\u201d: Lamon, Arsi\u00e8, Mier e Sovramonte, Fonzas, Arten, Mier. Con l\u2019aumento del lavoro, la Monego ampli\u00f2 e rinnov\u00f2 il parco macchine con un Lancia Esatau carrozzato Orlandi, un Fiat 682 Menarini, un Fiat 370 carrozzato Cameri, un Tigrotto carrozzato Pietroboni, un Fiat 470 Padane, un Poker Orlandi, un Neoplan 116 usato, un Volvo Bom 10 e uno del tipo Italia 99, due Setra. E\u2019 del 1997 la cessione della linea Santa Giustina, Cergnai, Campel, degli autonoleggi e dei servizi atipici a Luca Monego, figlio del titolare.<\/div>\n<div dir=\"auto\" role=\"none\"><\/div>\n<\/div>\n<\/div>\n<div dir=\"auto\" role=\"none\">\n\n\t\t\t<style type='text\/css'>\n\t\t\t\t#gallery-8 {\n\t\t\t\t\tmargin: auto;\n\t\t\t\t}\n\t\t\t\t#gallery-8 .gallery-item {\n\t\t\t\t\tfloat: left;\n\t\t\t\t\tmargin-top: 10px;\n\t\t\t\t\ttext-align: center;\n\t\t\t\t\twidth: 25%;\n\t\t\t\t}\n\t\t\t\t#gallery-8 img {\n\t\t\t\t\tborder: 2px solid #cfcfcf;\n\t\t\t\t}\n\t\t\t\t#gallery-8 .gallery-caption {\n\t\t\t\t\tmargin-left: 0;\n\t\t\t\t}\n\t\t\t\t\/* see gallery_shortcode() in wp-includes\/media.php *\/\n\t\t\t<\/style>\n\t\t<div id='gallery-8' class='dt-gallery-container gallery galleryid-289533 gallery-columns-4 gallery-size-thumbnail'><dl class='gallery-item'>\n\t\t\t\t<dt class='gallery-icon landscape'>\n\t\t\t\t\t<a class=\"rollover rollover-zoom dt-pswp-item\" title=\"295519027_578501040410473_681869615941955488_n\" data-dt-img-description=\"\" data-large_image_width=\"2048\" data-large_image_height=\"1793\"href='https:\/\/www.radiopiu.net\/wordpress\/wp-content\/uploads\/2022\/07\/295519027_578501040410473_681869615941955488_n.jpg'><img loading=\"lazy\" decoding=\"async\" width=\"150\" height=\"150\" src=\"https:\/\/www.radiopiu.net\/wordpress\/wp-content\/uploads\/2022\/07\/295519027_578501040410473_681869615941955488_n-150x150.jpg\" class=\"attachment-thumbnail size-thumbnail\" alt=\"\" \/><\/a>\n\t\t\t\t<\/dt><\/dl><dl class='gallery-item'>\n\t\t\t\t<dt class='gallery-icon portrait'>\n\t\t\t\t\t<a class=\"rollover rollover-zoom dt-pswp-item\" title=\"295607429_829594311317214_274070271271160239_n\" data-dt-img-description=\"\" data-large_image_width=\"1470\" data-large_image_height=\"2048\"href='https:\/\/www.radiopiu.net\/wordpress\/wp-content\/uploads\/2022\/07\/295607429_829594311317214_274070271271160239_n.jpg'><img loading=\"lazy\" decoding=\"async\" width=\"150\" height=\"150\" src=\"https:\/\/www.radiopiu.net\/wordpress\/wp-content\/uploads\/2022\/07\/295607429_829594311317214_274070271271160239_n-150x150.jpg\" class=\"attachment-thumbnail size-thumbnail\" alt=\"\" \/><\/a>\n\t\t\t\t<\/dt><\/dl><dl class='gallery-item'>\n\t\t\t\t<dt class='gallery-icon landscape'>\n\t\t\t\t\t<a class=\"rollover rollover-zoom dt-pswp-item\" title=\"295296645_1100591737532947_1885854364952345517_n\" data-dt-img-description=\"\" data-large_image_width=\"2048\" data-large_image_height=\"1303\"href='https:\/\/www.radiopiu.net\/wordpress\/wp-content\/uploads\/2022\/07\/295296645_1100591737532947_1885854364952345517_n.jpg'><img loading=\"lazy\" decoding=\"async\" width=\"150\" height=\"150\" src=\"https:\/\/www.radiopiu.net\/wordpress\/wp-content\/uploads\/2022\/07\/295296645_1100591737532947_1885854364952345517_n-150x150.jpg\" class=\"attachment-thumbnail size-thumbnail\" alt=\"\" \/><\/a>\n\t\t\t\t<\/dt><\/dl><dl class='gallery-item'>\n\t\t\t\t<dt class='gallery-icon landscape'>\n\t\t\t\t\t<a class=\"rollover rollover-zoom dt-pswp-item\" title=\"295911338_531102668700657_1754148578788168563_n\" data-dt-img-description=\"\" data-large_image_width=\"2048\" data-large_image_height=\"1356\"href='https:\/\/www.radiopiu.net\/wordpress\/wp-content\/uploads\/2022\/07\/295911338_531102668700657_1754148578788168563_n.jpg'><img loading=\"lazy\" decoding=\"async\" width=\"150\" height=\"150\" src=\"https:\/\/www.radiopiu.net\/wordpress\/wp-content\/uploads\/2022\/07\/295911338_531102668700657_1754148578788168563_n-150x150.jpg\" class=\"attachment-thumbnail size-thumbnail\" alt=\"\" \/><\/a>\n\t\t\t\t<\/dt><\/dl><br style=\"clear: both\" \/>\n\t\t\t<\/div>\n\n<\/div>\n<div class=\"cxgpxx05 d1544ag0 sj5x9vvc tw6a2znq l9j0dhe7 ni8dbmo4 stjgntxs e72ty7fz qlfml3jp inkptoze qmr60zad jm1wdb64 qv66sw1b ljqsnud1 odn2s2vf tkr6xdv7\" role=\"none\" data-testid=\"solid-message-bubble\">\n<div class=\"rq0escxv l9j0dhe7 du4w35lb __fb-light-mode\" role=\"none\">\n<div dir=\"auto\" role=\"none\"><\/div>\n<p class=\"hzawbc8m ii04i59q jq4qci2q g9io39s2 oo9gr5id\" dir=\"auto\" role=\"none\">NELLE FOTO (riproduzioni dal libro \u201cUn secolo in corriera in provincia di Belluno\u201d): la copertina del volume realizzato da Renato Fiabane e Lionello Fiori; anno 1948: l\u2019autista della Mognol davanti al radiatore dell\u2019autocorriera in servizio sulla Feltre-Cesio; Fiat 309\/1 del 1964 e Om Tigrotto del 1959 carrozzati Pietroboni della ditta Monego Damiano; Anni \u201860: pullman OM Superorione, carrozzato Pietroboni, della ditta Mognol di Cesiomaggiore, a Lourdes in occasione di un pellegrinaggio.<\/p>\n<hr \/>\n<p dir=\"auto\" role=\"none\">\n<\/div>\n<\/div>\n<h2><span style=\"color: #808000;\">L&#8217;ALMANACCO LADINO\u00a0<\/span><\/h2>\n<p><strong>LA RACCOLTA\u00a0<\/strong><\/p>\n<blockquote class=\"wp-embedded-content\" data-secret=\"1zR00RdiHu\"><p><a href=\"https:\/\/www.radiopiu.net\/wordpress\/almanacco-ladino\/\">Almanacco Ladino<\/a><\/p><\/blockquote>\n<p><iframe loading=\"lazy\" class=\"wp-embedded-content\" sandbox=\"allow-scripts\" security=\"restricted\" style=\"position: absolute; clip: rect(1px, 1px, 1px, 1px);\" title=\"&#8220;Almanacco Ladino&#8221; &#8212; Radio Pi\u00f9\" src=\"https:\/\/www.radiopiu.net\/wordpress\/almanacco-ladino\/embed\/#?secret=iPfDq9yQZq#?secret=1zR00RdiHu\" data-secret=\"1zR00RdiHu\" width=\"600\" height=\"338\" frameborder=\"0\" marginwidth=\"0\" marginheight=\"0\" scrolling=\"no\"><\/iframe><\/p>\n<p>&nbsp;<\/p>\n<hr \/>\n<p>&nbsp;<\/p>\n<h2><span style=\"color: #008080;\">&#8220;DINTORN E FORA VIA&#8221; A CURA DEL MUSLA, IL NUOVO PROGRAMMA\u00a0 \u00a0\u00a0<\/span><\/h2>\n<p><strong><a class=\"dt-pswp-item\" href=\"https:\/\/www.radiopiu.net\/wordpress\/wp-content\/uploads\/2022\/07\/55362979-b5be-42b2-a36e-39897270d0d1.jpg\" data-dt-img-description=\"\" data-large_image_width=\"854\" data-large_image_height=\"218\"><img loading=\"lazy\" decoding=\"async\" class=\" wp-image-289268 alignleft\" src=\"https:\/\/www.radiopiu.net\/wordpress\/wp-content\/uploads\/2022\/07\/55362979-b5be-42b2-a36e-39897270d0d1-300x77.jpg\" alt=\"\" width=\"269\" height=\"69\" srcset=\"https:\/\/www.radiopiu.net\/wordpress\/wp-content\/uploads\/2022\/07\/55362979-b5be-42b2-a36e-39897270d0d1-300x77.jpg 300w, https:\/\/www.radiopiu.net\/wordpress\/wp-content\/uploads\/2022\/07\/55362979-b5be-42b2-a36e-39897270d0d1-768x196.jpg 768w, https:\/\/www.radiopiu.net\/wordpress\/wp-content\/uploads\/2022\/07\/55362979-b5be-42b2-a36e-39897270d0d1.jpg 854w\" sizes=\"auto, (max-width: 269px) 100vw, 269px\" \/><\/a>LA PUNTATA DEL 26 LUGLIO 2022 &#8211; VERONICA LEZUO<\/strong><\/p>\n<audio class=\"wp-audio-shortcode\" id=\"audio-289533-12\" preload=\"none\" style=\"width: 100%;\" controls=\"controls\"><source type=\"audio\/mpeg\" src=\"https:\/\/www.radiopiu.net\/wordpress\/wp-content\/uploads\/2022\/07\/MUSLA-3.mp3?_=12\" \/><a href=\"https:\/\/www.radiopiu.net\/wordpress\/wp-content\/uploads\/2022\/07\/MUSLA-3.mp3\">https:\/\/www.radiopiu.net\/wordpress\/wp-content\/uploads\/2022\/07\/MUSLA-3.mp3<\/a><\/audio>\n<p>&nbsp;<\/p>\n<p><strong>LA RACCOLTA COMPLETA<\/strong><\/p>\n<blockquote class=\"wp-embedded-content\" data-secret=\"ULVPWyLCNp\"><p><a href=\"https:\/\/www.radiopiu.net\/wordpress\/musla\/\">MUSLA<\/a><\/p><\/blockquote>\n<p><iframe loading=\"lazy\" class=\"wp-embedded-content\" sandbox=\"allow-scripts\" security=\"restricted\" style=\"position: absolute; clip: rect(1px, 1px, 1px, 1px);\" title=\"&#8220;MUSLA&#8221; &#8212; Radio Pi\u00f9\" src=\"https:\/\/www.radiopiu.net\/wordpress\/musla\/embed\/#?secret=rYRbwxQ4BD#?secret=ULVPWyLCNp\" data-secret=\"ULVPWyLCNp\" width=\"600\" height=\"338\" frameborder=\"0\" marginwidth=\"0\" marginheight=\"0\" scrolling=\"no\"><\/iframe><\/p>\n<p>&nbsp;<\/p>\n<p>&nbsp;<\/p>\n<hr \/>\n<p>&nbsp;<\/p>\n<div>\n<div class=\"b654a4as d2edcug0\">\n<div class=\"rq0escxv hkbzh7o3 jwdofwj8 n8tt0mok r8blr3vg hyh9befq\">\n<p><a class=\"dt-pswp-item\" href=\"https:\/\/www.radiopiu.net\/wordpress\/wp-content\/uploads\/2020\/10\/pp.jpg\" data-dt-img-description=\"\" data-large_image_width=\"640\" data-large_image_height=\"640\"><img loading=\"lazy\" decoding=\"async\" class=\"wp-image-163678 alignleft\" src=\"https:\/\/www.radiopiu.net\/wordpress\/wp-content\/uploads\/2020\/10\/pp-300x300.jpg\" alt=\"\" width=\"106\" height=\"106\" srcset=\"https:\/\/www.radiopiu.net\/wordpress\/wp-content\/uploads\/2020\/10\/pp-300x300.jpg 300w, https:\/\/www.radiopiu.net\/wordpress\/wp-content\/uploads\/2020\/10\/pp-150x150.jpg 150w, https:\/\/www.radiopiu.net\/wordpress\/wp-content\/uploads\/2020\/10\/pp-125x125.jpg 125w, https:\/\/www.radiopiu.net\/wordpress\/wp-content\/uploads\/2020\/10\/pp-200x200.jpg 200w, https:\/\/www.radiopiu.net\/wordpress\/wp-content\/uploads\/2020\/10\/pp-80x80.jpg 80w, https:\/\/www.radiopiu.net\/wordpress\/wp-content\/uploads\/2020\/10\/pp-480x480.jpg 480w, https:\/\/www.radiopiu.net\/wordpress\/wp-content\/uploads\/2020\/10\/pp.jpg 640w\" sizes=\"auto, (max-width: 106px) 100vw, 106px\" \/><\/a><\/p>\n<\/div>\n<\/div>\n<\/div>\n<div>\n<div class=\"page-title-head hgroup\">\n<div class=\"page-title-head hgroup\">\n<div class=\"b654a4as d2edcug0\">\n<div class=\"j83agx80 btwxx1t3 lhclo0ds hop8lmos nkwizq5d scwd0bx6 roh60bw9\">\n<div class=\"rq0escxv hkbzh7o3 jwdofwj8 n8tt0mok r8blr3vg hyh9befq\">\n<div class=\"do00u71z l9j0dhe7 k4urcfbm\">\n<h2><span style=\"color: #000080;\">DON CESARE, IL PENSIERO DEL GIORNO. ALLA RADIO ALLE 7 DEL MATTINO E ALLE 19.30 DELLA SERA.\u00a0<\/span><\/h2>\n<p>&nbsp;<\/p>\n<p>&nbsp;<\/p>\n<\/div>\n<\/div>\n<\/div>\n<\/div>\n<\/div>\n<\/div>\n<\/div>\n<div class=\"do00u71z l9j0dhe7 k4urcfbm\">\n<div class=\"page-title-head hgroup\">\n<div class=\"page-title-head hgroup\">\n<div class=\"b654a4as d2edcug0\">\n<div class=\"j83agx80 btwxx1t3 lhclo0ds hop8lmos nkwizq5d scwd0bx6 roh60bw9\">\n<div class=\"rq0escxv hkbzh7o3 jwdofwj8 n8tt0mok r8blr3vg hyh9befq\">\n<div class=\"do00u71z l9j0dhe7 k4urcfbm\">\n<div class=\"page-title-head hgroup\">\n<div class=\"page-title-head hgroup\">\n<div class=\"b654a4as d2edcug0\">\n<div class=\"j83agx80 btwxx1t3 lhclo0ds hop8lmos nkwizq5d scwd0bx6 roh60bw9\">\n<div class=\"rq0escxv hkbzh7o3 jwdofwj8 n8tt0mok r8blr3vg hyh9befq\">\n<div class=\"do00u71z l9j0dhe7 k4urcfbm\">\n<div class=\"ecm0bbzt e5nlhep0 a8c37x1j\">\n<div class=\"kvgmc6g5 cxmmr5t8 oygrvhab hcukyx3x c1et5uql\">\n<div class=\"gmail-kvgmc6g5 gmail-cxmmr5t8 gmail-oygrvhab gmail-hcukyx3x gmail-c1et5uql gmail-ii04i59q\">\n<div class=\"page-title-head hgroup\">\n<div class=\"page-title-head hgroup\">\n<div class=\"b654a4as d2edcug0\">\n<div class=\"j83agx80 btwxx1t3 lhclo0ds hop8lmos nkwizq5d scwd0bx6 roh60bw9\">\n<div class=\"rq0escxv hkbzh7o3 jwdofwj8 n8tt0mok r8blr3vg hyh9befq\">\n<div class=\"do00u71z l9j0dhe7 k4urcfbm\">\n<div class=\"page-title-head hgroup\">\n<div class=\"page-title-head hgroup\">\n<div class=\"b654a4as d2edcug0\">\n<div class=\"j83agx80 btwxx1t3 lhclo0ds hop8lmos nkwizq5d scwd0bx6 roh60bw9\">\n<div class=\"rq0escxv hkbzh7o3 jwdofwj8 n8tt0mok r8blr3vg hyh9befq\">\n<div class=\"do00u71z l9j0dhe7 k4urcfbm\">\n<div class=\"page-title-head hgroup\">\n<div class=\"page-title-head hgroup\">\n<div class=\"b654a4as d2edcug0\">\n<div class=\"j83agx80 btwxx1t3 lhclo0ds hop8lmos nkwizq5d scwd0bx6 roh60bw9\">\n<div class=\"rq0escxv hkbzh7o3 jwdofwj8 n8tt0mok r8blr3vg hyh9befq\">\n<div class=\"do00u71z l9j0dhe7 k4urcfbm\">\n<div class=\"ecm0bbzt e5nlhep0 a8c37x1j\">\n<div class=\"kvgmc6g5 cxmmr5t8 oygrvhab hcukyx3x c1et5uql\">\n<div class=\"gmail-kvgmc6g5 gmail-cxmmr5t8 gmail-oygrvhab gmail-hcukyx3x gmail-c1et5uql gmail-ii04i59q\">\n<div class=\"page-title-head hgroup\">\n<div class=\"page-title-head hgroup\">\n<div class=\"b654a4as d2edcug0\">\n<div class=\"j83agx80 btwxx1t3 lhclo0ds hop8lmos nkwizq5d scwd0bx6 roh60bw9\">\n<div class=\"rq0escxv hkbzh7o3 jwdofwj8 n8tt0mok r8blr3vg hyh9befq\">\n<div class=\"do00u71z l9j0dhe7 k4urcfbm\">\n<p>&nbsp;<\/p>\n<hr \/>\n<p>&nbsp;<\/p>\n<p><span style=\"color: #0000ff;\">MUSICA PIU&#8217;\u00a0<\/span><\/p>\n<p><a href=\"https:\/\/www.radiopiu.net\/wordpress\/giornale-radiopiu-20-settembre-2021-direttore-mirko-mezzacasa\/pp-79\/\" rel=\"attachment wp-att-232921\"><img loading=\"lazy\" decoding=\"async\" class=\"wp-image-232921 alignleft\" src=\"https:\/\/www.radiopiu.net\/wordpress\/wp-content\/uploads\/2021\/09\/pp-1-300x300.jpg\" alt=\"\" width=\"135\" height=\"135\" srcset=\"https:\/\/www.radiopiu.net\/wordpress\/wp-content\/uploads\/2021\/09\/pp-1-300x300.jpg 300w, https:\/\/www.radiopiu.net\/wordpress\/wp-content\/uploads\/2021\/09\/pp-1-150x150.jpg 150w, https:\/\/www.radiopiu.net\/wordpress\/wp-content\/uploads\/2021\/09\/pp-1.jpg 640w\" sizes=\"auto, (max-width: 135px) 100vw, 135px\" \/><\/a><\/p>\n<div class=\"mkdf-post-text\">\n<div class=\"mkdf-post-text-inner\">\n<div class=\"mkdf-post-text-main\">\n<div class=\"mkdf-post-text\">\n<div class=\"mkdf-post-text-inner\">\n<div class=\"mkdf-post-text-main\">\n<div class=\"mkdf-post-text\">\n<div class=\"mkdf-post-text-inner\">\n<div class=\"mkdf-post-text-main\">\n<div class=\"page-title-head hgroup\">\n<div class=\"page-title-head hgroup\">\n<div class=\"mkdf-post-text\">\n<div class=\"mkdf-post-text-inner\">\n<div class=\"mkdf-post-text-main\">\n<div class=\"mkdf-post-text\">\n<div class=\"mkdf-post-text-inner\">\n<div class=\"mkdf-post-text-main\">\n<div class=\"page-title-head hgroup\">\n<div class=\"page-title-head hgroup\">\n<div class=\"page-title-head hgroup\">\n<div class=\"page-title-head hgroup\">\n<div class=\"b654a4as d2edcug0\">\n<div class=\"page-title-head hgroup\">\n<div class=\"page-title-head hgroup\">\n<div class=\"page-title-head hgroup\">\n<div class=\"page-title-head hgroup\">\n<div class=\"b654a4as d2edcug0\">\n<div class=\"page-title-head hgroup\">\n<div class=\"page-title-head hgroup\">\n<div class=\"page-title-head hgroup\">\n<div class=\"page-title-head hgroup\">\n<div class=\"b654a4as d2edcug0\">\n<div class=\"mkdf-post-text\">\n<div class=\"mkdf-post-text-inner\">\n<div class=\"mkdf-post-text-main\">\n<div class=\"mkdf-post-text\">\n<div class=\"mkdf-post-text-inner\">\n<div class=\"mkdf-post-text-main\">\n<div class=\"mkdf-post-text\">\n<div class=\"mkdf-post-text-inner\">\n<div class=\"mkdf-post-text-main\">\n<div class=\"page-title-head hgroup\">\n<div class=\"page-title-head hgroup\">\n<div class=\"mkdf-post-text\">\n<div class=\"mkdf-post-text-inner\">\n<div class=\"mkdf-post-text-main\">\n<div class=\"mkdf-post-text\">\n<div class=\"mkdf-post-text-inner\">\n<div class=\"mkdf-post-text-main\">\n<div class=\"page-title-head hgroup\">\n<div class=\"page-title-head hgroup\">\n<div class=\"page-title-head hgroup\">\n<div class=\"page-title-head hgroup\">\n<div class=\"b654a4as d2edcug0\">\n<div class=\"page-title-head hgroup\">\n<div class=\"page-title-head hgroup\">\n<div class=\"page-title-head hgroup\">\n<div class=\"page-title-head hgroup\">\n<div class=\"b654a4as d2edcug0\">\n<div class=\"page-title-head hgroup\">\n<div class=\"page-title-head hgroup\">\n<div class=\"page-title-head hgroup\">\n<div class=\"page-title-head hgroup\">\n<div class=\"b654a4as d2edcug0\">\n<div><\/div>\n<div><\/div>\n<div>\n<p><strong>MUSICA ALLA RADIO, IL PROGRAMMA DI LORIS SCUSSEL &#8220;COLLAGE OPERAZIONE NOSTALGIA&#8221; DAL LUNEDI AL VENERDI ALLE 16.00\u00a0 E ALLE 23\u00a0<\/strong><\/p>\n<\/div>\n<\/div>\n<p>&nbsp;<\/p>\n<p><strong>LE REPLICHE<\/strong><\/p>\n<p><strong>405<\/strong><\/p>\n<audio class=\"wp-audio-shortcode\" id=\"audio-289533-13\" preload=\"none\" style=\"width: 100%;\" controls=\"controls\"><source type=\"audio\/mpeg\" src=\"https:\/\/www.radiopiu.net\/wordpress\/wp-content\/uploads\/2022\/07\/Collage-405.mp3?_=13\" \/><a href=\"https:\/\/www.radiopiu.net\/wordpress\/wp-content\/uploads\/2022\/07\/Collage-405.mp3\">https:\/\/www.radiopiu.net\/wordpress\/wp-content\/uploads\/2022\/07\/Collage-405.mp3<\/a><\/audio>\n<p>&nbsp;<\/p>\n<p><strong>406<\/strong><\/p>\n<audio class=\"wp-audio-shortcode\" id=\"audio-289533-14\" preload=\"none\" style=\"width: 100%;\" controls=\"controls\"><source type=\"audio\/mpeg\" src=\"https:\/\/www.radiopiu.net\/wordpress\/wp-content\/uploads\/2022\/07\/Collage-406.mp3?_=14\" \/><a href=\"https:\/\/www.radiopiu.net\/wordpress\/wp-content\/uploads\/2022\/07\/Collage-406.mp3\">https:\/\/www.radiopiu.net\/wordpress\/wp-content\/uploads\/2022\/07\/Collage-406.mp3<\/a><\/audio>\n<p>&nbsp;<\/p>\n<p><strong><a class=\"dt-pswp-item\" href=\"https:\/\/www.radiopiu.net\/wordpress\/wp-content\/uploads\/2022\/07\/Sonny-e-Cher.jpg\" data-dt-img-description=\"\" data-large_image_width=\"355\" data-large_image_height=\"444\"><img loading=\"lazy\" decoding=\"async\" class=\" wp-image-288941 alignleft\" src=\"https:\/\/www.radiopiu.net\/wordpress\/wp-content\/uploads\/2022\/07\/Sonny-e-Cher-150x150.jpg\" alt=\"\" width=\"115\" height=\"115\" \/><\/a>di Loris Scussel<\/strong><\/p>\n<p>Proseguono le repliche di Collage Operazione Nostalgia che vedr\u00e0 prevalere le canzoni italiane nei programmi che andranno in onda il pomeriggio, a parte mercoled\u00ec dove lasceremo spazio alla musica di oltre oceano, mentre in seconda serata si alterneranno brani di musica internazionale e di casa nostra in particolare con una puntata dedicata al juke box. Collage va in onda dal luned\u00ec al venerd\u00ec alle 16,00 e alle 23,00 naturalmente su Radio Pi\u00f9.<\/p>\n<div class=\"b654a4as d2edcug0\"><\/div>\n<\/div>\n<\/div>\n<\/div>\n<\/div>\n<\/div>\n<\/div>\n<\/div>\n<\/div>\n<\/div>\n<\/div>\n<\/div>\n<\/div>\n<\/div>\n<\/div>\n<\/div>\n<\/div>\n<\/div>\n<\/div>\n<\/div>\n<\/div>\n<\/div>\n<\/div>\n<\/div>\n<\/div>\n<\/div>\n<\/div>\n<\/div>\n<\/div>\n<\/div>\n<\/div>\n<\/div>\n<\/div>\n<\/div>\n<\/div>\n<\/div>\n<\/div>\n<\/div>\n<\/div>\n<\/div>\n<\/div>\n<\/div>\n<\/div>\n<\/div>\n<\/div>\n<\/div>\n<\/div>\n<\/div>\n<\/div>\n<\/div>\n<\/div>\n<\/div>\n<\/div>\n<\/div>\n<\/div>\n<\/div>\n<\/div>\n<\/div>\n<\/div>\n<\/div>\n<\/div>\n<\/div>\n<\/div>\n<\/div>\n<div>\n<div class=\"page-title-head hgroup\">\n<div class=\"page-title-head hgroup\">\n<div class=\"page-title-head hgroup\">\n<div class=\"page-title-head hgroup\">\n<div class=\"b654a4as d2edcug0\">\n<div class=\"page-title-head hgroup\">\n<div class=\"page-title-head hgroup\">\n<div class=\"page-title-head hgroup\">\n<div class=\"page-title-head hgroup\">\n<div class=\"b654a4as d2edcug0\">\n<div class=\"page-title-head hgroup\">\n<div class=\"page-title-head hgroup\">\n<div class=\"page-title-head hgroup\">\n<div class=\"page-title-head hgroup\">\n<div class=\"page-title-head hgroup\">\n<div class=\"page-title-head hgroup\">\n<div class=\"page-title-head hgroup\">\n<div class=\"page-title-head hgroup\">\n<div class=\"page-title-head hgroup\">\n<div class=\"b654a4as d2edcug0\">\n<div class=\"page-title-head hgroup\">\n<div class=\"page-title-head hgroup\">\n<div class=\"page-title-head hgroup\">\n<div class=\"page-title-head hgroup\">\n<div class=\"b654a4as d2edcug0\">\n<div class=\"page-title-head hgroup\">\n<div class=\"page-title-head hgroup\">\n<div class=\"page-title-head hgroup\">\n<div class=\"page-title-head hgroup\">\n<div class=\"page-title-head hgroup\">\n<div class=\"mkdf-post-text\">\n<div class=\"mkdf-post-text-inner\">\n<div class=\"mkdf-post-text-main\">\n<div class=\"mkdf-post-text\">\n<div class=\"mkdf-post-text-inner\">\n<div class=\"mkdf-post-text-main\">\n<div class=\"mkdf-post-text\">\n<div class=\"mkdf-post-text-inner\">\n<div class=\"mkdf-post-text-main\">\n<div class=\"page-title-head hgroup\">\n<div class=\"page-title-head hgroup\">\n<div class=\"mkdf-post-text\">\n<div class=\"mkdf-post-text-inner\">\n<div class=\"mkdf-post-text-main\">\n<div class=\"mkdf-post-text\">\n<div class=\"mkdf-post-text-inner\">\n<div class=\"mkdf-post-text-main\">\n<div class=\"page-title-head hgroup\">\n<div class=\"page-title-head hgroup\">\n<div class=\"page-title-head hgroup\">\n<div class=\"page-title-head hgroup\">\n<div class=\"b654a4as d2edcug0\">\n<div class=\"page-title-head hgroup\">\n<div class=\"page-title-head hgroup\">\n<div class=\"page-title-head hgroup\">\n<div class=\"page-title-head hgroup\">\n<div class=\"b654a4as d2edcug0\">\n<div class=\"page-title-head hgroup\">\n<div class=\"page-title-head hgroup\">\n<div class=\"page-title-head hgroup\">\n<div>\n<div class=\"page-title-head hgroup\">\n<div class=\"page-title-head hgroup\">\n<div class=\"b654a4as d2edcug0\">\n<div class=\"j83agx80 btwxx1t3 lhclo0ds hop8lmos nkwizq5d scwd0bx6 roh60bw9\">\n<div class=\"rq0escxv hkbzh7o3 jwdofwj8 n8tt0mok r8blr3vg hyh9befq\">\n<div class=\"do00u71z l9j0dhe7 k4urcfbm\">\n<div class=\"page-title-head hgroup\">\n<div class=\"page-title-head hgroup\">\n<div class=\"b654a4as d2edcug0\">\n<div class=\"j83agx80 btwxx1t3 lhclo0ds hop8lmos nkwizq5d scwd0bx6 roh60bw9\">\n<div class=\"rq0escxv hkbzh7o3 jwdofwj8 n8tt0mok r8blr3vg hyh9befq\">\n<div class=\"do00u71z l9j0dhe7 k4urcfbm\">\n<div class=\"ecm0bbzt e5nlhep0 a8c37x1j\">\n<div class=\"kvgmc6g5 cxmmr5t8 oygrvhab hcukyx3x c1et5uql\">\n<div class=\"gmail-kvgmc6g5 gmail-cxmmr5t8 gmail-oygrvhab gmail-hcukyx3x gmail-c1et5uql gmail-ii04i59q\">\n<div class=\"page-title-head hgroup\">\n<div class=\"page-title-head hgroup\">\n<div class=\"b654a4as d2edcug0\">\n<div class=\"j83agx80 btwxx1t3 lhclo0ds hop8lmos nkwizq5d scwd0bx6 roh60bw9\">\n<div class=\"rq0escxv hkbzh7o3 jwdofwj8 n8tt0mok r8blr3vg hyh9befq\">\n<div class=\"do00u71z l9j0dhe7 k4urcfbm\">\n<div class=\"page-title-head hgroup\">\n<div class=\"page-title-head hgroup\">\n<div class=\"b654a4as d2edcug0\">\n<div class=\"j83agx80 btwxx1t3 lhclo0ds hop8lmos nkwizq5d scwd0bx6 roh60bw9\">\n<div class=\"rq0escxv hkbzh7o3 jwdofwj8 n8tt0mok r8blr3vg hyh9befq\">\n<div class=\"do00u71z l9j0dhe7 k4urcfbm\">\n<div class=\"page-title-head hgroup\">\n<div class=\"page-title-head hgroup\">\n<div class=\"b654a4as d2edcug0\">\n<div class=\"j83agx80 btwxx1t3 lhclo0ds hop8lmos nkwizq5d scwd0bx6 roh60bw9\">\n<div class=\"rq0escxv hkbzh7o3 jwdofwj8 n8tt0mok r8blr3vg hyh9befq\">\n<div class=\"do00u71z l9j0dhe7 k4urcfbm\">\n<div class=\"ecm0bbzt e5nlhep0 a8c37x1j\">\n<div class=\"kvgmc6g5 cxmmr5t8 oygrvhab hcukyx3x c1et5uql\">\n<div class=\"gmail-kvgmc6g5 gmail-cxmmr5t8 gmail-oygrvhab gmail-hcukyx3x gmail-c1et5uql gmail-ii04i59q\">\n<div class=\"page-title-head hgroup\">\n<div class=\"page-title-head hgroup\">\n<div class=\"b654a4as d2edcug0\">\n<div class=\"j83agx80 btwxx1t3 lhclo0ds hop8lmos nkwizq5d scwd0bx6 roh60bw9\">\n<div class=\"rq0escxv hkbzh7o3 jwdofwj8 n8tt0mok r8blr3vg hyh9befq\">\n<div class=\"do00u71z l9j0dhe7 k4urcfbm\">\n<div class=\"page-title-head hgroup\">\n<div class=\"page-title-head hgroup\">\n<div class=\"page-title-head hgroup\">\n<div class=\"page-title-head hgroup\">\n<div class=\"b654a4as d2edcug0\">\n<div class=\"page-title-head hgroup\">\n<div class=\"page-title-head hgroup\">\n<div class=\"page-title-head hgroup\">\n<div class=\"page-title-head hgroup\">\n<div class=\"b654a4as d2edcug0\">\n<div class=\"page-title-head hgroup\">\n<div class=\"page-title-head hgroup\">\n<div class=\"page-title-head hgroup\">\n<div class=\"page-title-head hgroup\">\n<div class=\"page-title-head hgroup\">\n<div class=\"page-title-head hgroup\">\n<div class=\"page-title-head hgroup\">\n<div class=\"page-title-head hgroup\">\n<div class=\"page-title-head hgroup\">\n<div class=\"b654a4as d2edcug0\">\n<div class=\"page-title-head hgroup\">\n<div class=\"page-title-head hgroup\">\n<div class=\"page-title-head hgroup\">\n<div class=\"page-title-head hgroup\">\n<div class=\"b654a4as d2edcug0\">\n<div class=\"page-title-head hgroup\">\n<div class=\"page-title-head hgroup\">\n<div class=\"page-title-head hgroup\">\n<div class=\"page-title-head hgroup\">\n<div class=\"page-title-head hgroup\">\n<div class=\"mkdf-post-text\">\n<div class=\"mkdf-post-text-inner\">\n<div class=\"mkdf-post-text-main\">\n<div class=\"mkdf-post-text\">\n<div class=\"mkdf-post-text-inner\">\n<div class=\"mkdf-post-text-main\">\n<div class=\"mkdf-post-text\">\n<div class=\"mkdf-post-text-inner\">\n<div class=\"mkdf-post-text-main\">\n<div class=\"page-title-head hgroup\">\n<div class=\"page-title-head hgroup\">\n<div class=\"mkdf-post-text\">\n<div class=\"mkdf-post-text-inner\">\n<div class=\"mkdf-post-text-main\">\n<div class=\"mkdf-post-text\">\n<div class=\"mkdf-post-text-inner\">\n<div class=\"mkdf-post-text-main\">\n<div class=\"page-title-head hgroup\">\n<div class=\"page-title-head hgroup\">\n<div class=\"page-title-head hgroup\">\n<div class=\"page-title-head hgroup\">\n<div class=\"b654a4as d2edcug0\">\n<div class=\"page-title-head hgroup\">\n<div class=\"page-title-head hgroup\">\n<div class=\"page-title-head hgroup\">\n<div class=\"page-title-head hgroup\">\n<div class=\"b654a4as d2edcug0\">\n<div class=\"page-title-head hgroup\">\n<div class=\"page-title-head hgroup\">\n<div class=\"page-title-head hgroup\">\n<div class=\"page-title-head hgroup\">\n<div class=\"b654a4as d2edcug0\">\n<div class=\"ecm0bbzt e5nlhep0 a8c37x1j\">\n<div class=\"kvgmc6g5 cxmmr5t8 oygrvhab hcukyx3x c1et5uql\">\n<div class=\"gmail-kvgmc6g5 gmail-cxmmr5t8 gmail-oygrvhab gmail-hcukyx3x gmail-c1et5uql gmail-ii04i59q\">\n<div class=\"page-title-head hgroup\">\n<div class=\"page-title-head hgroup\">\n<div class=\"b654a4as d2edcug0\">\n<div class=\"j83agx80 btwxx1t3 lhclo0ds hop8lmos nkwizq5d scwd0bx6 roh60bw9\">\n<div class=\"rq0escxv hkbzh7o3 jwdofwj8 n8tt0mok r8blr3vg hyh9befq\">\n<div class=\"do00u71z l9j0dhe7 k4urcfbm\">\n<div class=\"page-title-head hgroup\">\n<div class=\"page-title-head hgroup\">\n<div class=\"page-title-head hgroup\">\n<div class=\"page-title-head hgroup\">\n<div class=\"b654a4as d2edcug0\">\n<div class=\"page-title-head hgroup\">\n<div class=\"page-title-head hgroup\">\n<div class=\"page-title-head hgroup\">\n<div class=\"page-title-head hgroup\">\n<div class=\"b654a4as d2edcug0\">\n<div class=\"page-title-head hgroup\">\n<div class=\"page-title-head hgroup\">\n<div class=\"page-title-head hgroup\">\n<div class=\"page-title-head hgroup\">\n<div class=\"page-title-head hgroup\">\n<div class=\"page-title-head hgroup\">\n<div class=\"page-title-head hgroup\">\n<div class=\"page-title-head hgroup\">\n<div class=\"page-title-head hgroup\">\n<div class=\"b654a4as d2edcug0\">\n<div class=\"page-title-head hgroup\">\n<div class=\"page-title-head hgroup\">\n<div class=\"page-title-head hgroup\">\n<div class=\"page-title-head hgroup\">\n<div class=\"b654a4as d2edcug0\">\n<div class=\"page-title-head hgroup\">\n<div class=\"page-title-head hgroup\">\n<div class=\"page-title-head hgroup\">\n<div class=\"page-title-head hgroup\">\n<div class=\"page-title-head hgroup\">\n<div class=\"mkdf-post-text\">\n<div class=\"mkdf-post-text-inner\">\n<div class=\"mkdf-post-text-main\">\n<div class=\"mkdf-post-text\">\n<div class=\"mkdf-post-text-inner\">\n<div class=\"mkdf-post-text-main\">\n<div class=\"mkdf-post-text\">\n<div class=\"mkdf-post-text-inner\">\n<div class=\"mkdf-post-text-main\">\n<div class=\"page-title-head hgroup\">\n<div class=\"page-title-head hgroup\">\n<div class=\"mkdf-post-text\">\n<div class=\"mkdf-post-text-inner\">\n<div class=\"mkdf-post-text-main\">\n<div class=\"mkdf-post-text\">\n<div class=\"mkdf-post-text-inner\">\n<div class=\"mkdf-post-text-main\">\n<div class=\"page-title-head hgroup\">\n<div class=\"page-title-head hgroup\">\n<div class=\"page-title-head hgroup\">\n<div class=\"page-title-head hgroup\">\n<div class=\"b654a4as d2edcug0\">\n<div class=\"page-title-head hgroup\">\n<div class=\"page-title-head hgroup\">\n<div class=\"page-title-head hgroup\">\n<div class=\"page-title-head hgroup\">\n<div class=\"b654a4as d2edcug0\">\n<div class=\"page-title-head hgroup\">\n<div class=\"page-title-head hgroup\">\n<div class=\"page-title-head hgroup\">\n<div class=\"page-title-head hgroup\">\n<div class=\"b654a4as d2edcug0\">\n<div class=\"mkdf-post-text\">\n<div class=\"mkdf-post-text-inner\">\n<div class=\"mkdf-post-text-main\">\n<div class=\"mkdf-post-text\">\n<div class=\"mkdf-post-text-inner\">\n<div class=\"mkdf-post-text-main\">\n<div class=\"mkdf-post-text\">\n<div class=\"mkdf-post-text-inner\">\n<div class=\"mkdf-post-text-main\">\n<div class=\"page-title-head hgroup\">\n<div class=\"page-title-head hgroup\">\n<div class=\"mkdf-post-text\">\n<div class=\"mkdf-post-text-inner\">\n<div class=\"mkdf-post-text-main\">\n<div class=\"mkdf-post-text\">\n<div class=\"mkdf-post-text-inner\">\n<div class=\"mkdf-post-text-main\">\n<div class=\"page-title-head hgroup\">\n<div class=\"page-title-head hgroup\">\n<div class=\"page-title-head hgroup\">\n<div class=\"page-title-head hgroup\">\n<div class=\"b654a4as d2edcug0\">\n<div class=\"page-title-head hgroup\">\n<div class=\"page-title-head hgroup\">\n<div class=\"page-title-head hgroup\">\n<div class=\"page-title-head hgroup\">\n<div class=\"b654a4as d2edcug0\">\n<div class=\"page-title-head hgroup\">\n<div class=\"page-title-head hgroup\">\n<div class=\"page-title-head hgroup\">\n<div class=\"page-title-head hgroup\">\n<div class=\"b654a4as d2edcug0\">\n<hr \/>\n<p>&nbsp;<\/p>\n<div>\n<div class=\"page-title-head hgroup\">\n<div class=\"page-title-head hgroup\">\n<div class=\"b654a4as d2edcug0\">\n<div class=\"j83agx80 btwxx1t3 lhclo0ds hop8lmos nkwizq5d scwd0bx6 roh60bw9\">\n<div class=\"rq0escxv hkbzh7o3 jwdofwj8 n8tt0mok r8blr3vg hyh9befq\">\n<div class=\"do00u71z l9j0dhe7 k4urcfbm\">\n<div class=\"page-title-head hgroup\">\n<div class=\"page-title-head hgroup\">\n<div class=\"b654a4as d2edcug0\">\n<div class=\"j83agx80 btwxx1t3 lhclo0ds hop8lmos nkwizq5d scwd0bx6 roh60bw9\">\n<div class=\"rq0escxv hkbzh7o3 jwdofwj8 n8tt0mok r8blr3vg hyh9befq\">\n<div class=\"do00u71z l9j0dhe7 k4urcfbm\">\n<div class=\"ecm0bbzt e5nlhep0 a8c37x1j\">\n<div class=\"kvgmc6g5 cxmmr5t8 oygrvhab hcukyx3x c1et5uql\">\n<div class=\"gmail-kvgmc6g5 gmail-cxmmr5t8 gmail-oygrvhab gmail-hcukyx3x gmail-c1et5uql gmail-ii04i59q\">\n<div class=\"page-title-head hgroup\">\n<div class=\"page-title-head hgroup\">\n<div class=\"b654a4as d2edcug0\">\n<div class=\"j83agx80 btwxx1t3 lhclo0ds hop8lmos nkwizq5d scwd0bx6 roh60bw9\">\n<div class=\"rq0escxv hkbzh7o3 jwdofwj8 n8tt0mok r8blr3vg hyh9befq\">\n<div class=\"do00u71z l9j0dhe7 k4urcfbm\">\n<div class=\"page-title-head hgroup\">\n<div class=\"page-title-head hgroup\">\n<div class=\"b654a4as d2edcug0\">\n<div class=\"j83agx80 btwxx1t3 lhclo0ds hop8lmos nkwizq5d scwd0bx6 roh60bw9\">\n<div class=\"rq0escxv hkbzh7o3 jwdofwj8 n8tt0mok r8blr3vg hyh9befq\">\n<div class=\"do00u71z l9j0dhe7 k4urcfbm\">\n<div class=\"page-title-head hgroup\">\n<div class=\"page-title-head hgroup\">\n<div class=\"b654a4as d2edcug0\">\n<div class=\"j83agx80 btwxx1t3 lhclo0ds hop8lmos nkwizq5d scwd0bx6 roh60bw9\">\n<div class=\"rq0escxv hkbzh7o3 jwdofwj8 n8tt0mok r8blr3vg hyh9befq\">\n<div class=\"do00u71z l9j0dhe7 k4urcfbm\">\n<div class=\"ecm0bbzt e5nlhep0 a8c37x1j\">\n<div class=\"kvgmc6g5 cxmmr5t8 oygrvhab hcukyx3x c1et5uql\">\n<div class=\"gmail-kvgmc6g5 gmail-cxmmr5t8 gmail-oygrvhab gmail-hcukyx3x gmail-c1et5uql gmail-ii04i59q\">\n<div class=\"page-title-head hgroup\">\n<div class=\"page-title-head hgroup\">\n<div class=\"b654a4as d2edcug0\">\n<div class=\"j83agx80 btwxx1t3 lhclo0ds hop8lmos nkwizq5d scwd0bx6 roh60bw9\">\n<div class=\"rq0escxv hkbzh7o3 jwdofwj8 n8tt0mok r8blr3vg hyh9befq\">\n<div class=\"do00u71z l9j0dhe7 k4urcfbm\">\n<div class=\"page-title-head hgroup\">\n<div class=\"page-title-head hgroup\">\n<div class=\"page-title-head hgroup\">\n<div class=\"page-title-head hgroup\">\n<div class=\"b654a4as d2edcug0\">\n<div class=\"page-title-head hgroup\">\n<div class=\"page-title-head hgroup\">\n<div class=\"page-title-head hgroup\">\n<div class=\"page-title-head hgroup\">\n<div class=\"b654a4as d2edcug0\">\n<div class=\"page-title-head hgroup\">\n<div class=\"page-title-head hgroup\">\n<div class=\"page-title-head hgroup\">\n<div class=\"page-title-head hgroup\">\n<div class=\"page-title-head hgroup\">\n<div class=\"page-title-head hgroup\">\n<div class=\"page-title-head hgroup\">\n<div class=\"page-title-head hgroup\">\n<div class=\"page-title-head hgroup\">\n<div class=\"b654a4as d2edcug0\">\n<div class=\"page-title-head hgroup\">\n<div class=\"page-title-head hgroup\">\n<div class=\"page-title-head hgroup\">\n<div class=\"page-title-head hgroup\">\n<div class=\"b654a4as d2edcug0\">\n<div class=\"page-title-head hgroup\">\n<div class=\"page-title-head hgroup\">\n<div class=\"page-title-head hgroup\">\n<div class=\"page-title-head hgroup\">\n<div class=\"page-title-head hgroup\">\n<div class=\"mkdf-post-text\">\n<div class=\"mkdf-post-text-inner\">\n<div class=\"mkdf-post-text-main\">\n<div class=\"mkdf-post-text\">\n<div class=\"mkdf-post-text-inner\">\n<div class=\"mkdf-post-text-main\">\n<div class=\"mkdf-post-text\">\n<div class=\"mkdf-post-text-inner\">\n<div class=\"mkdf-post-text-main\">\n<div class=\"page-title-head hgroup\">\n<div class=\"page-title-head hgroup\">\n<div class=\"mkdf-post-text\">\n<div class=\"mkdf-post-text-inner\">\n<div class=\"mkdf-post-text-main\">\n<div class=\"mkdf-post-text\">\n<div class=\"mkdf-post-text-inner\">\n<div class=\"mkdf-post-text-main\">\n<div class=\"page-title-head hgroup\">\n<div class=\"page-title-head hgroup\">\n<div class=\"page-title-head hgroup\">\n<div class=\"page-title-head hgroup\">\n<div class=\"b654a4as d2edcug0\">\n<div class=\"page-title-head hgroup\">\n<div class=\"page-title-head hgroup\">\n<div class=\"page-title-head hgroup\">\n<div class=\"page-title-head hgroup\">\n<div class=\"b654a4as d2edcug0\">\n<div class=\"page-title-head hgroup\">\n<div class=\"page-title-head hgroup\">\n<div class=\"page-title-head hgroup\">\n<div class=\"page-title-head hgroup\">\n<div class=\"b654a4as d2edcug0\">\n<div class=\"ecm0bbzt e5nlhep0 a8c37x1j\">\n<div class=\"kvgmc6g5 cxmmr5t8 oygrvhab hcukyx3x c1et5uql\">\n<div class=\"gmail-kvgmc6g5 gmail-cxmmr5t8 gmail-oygrvhab gmail-hcukyx3x gmail-c1et5uql gmail-ii04i59q\">\n<div class=\"page-title-head hgroup\">\n<div class=\"page-title-head hgroup\">\n<div class=\"b654a4as d2edcug0\">\n<div class=\"j83agx80 btwxx1t3 lhclo0ds hop8lmos nkwizq5d scwd0bx6 roh60bw9\">\n<div class=\"rq0escxv hkbzh7o3 jwdofwj8 n8tt0mok r8blr3vg hyh9befq\">\n<div class=\"do00u71z l9j0dhe7 k4urcfbm\">\n<div class=\"page-title-head hgroup\">\n<div class=\"page-title-head hgroup\">\n<div class=\"page-title-head hgroup\">\n<div class=\"page-title-head hgroup\">\n<div class=\"b654a4as d2edcug0\">\n<div class=\"page-title-head hgroup\">\n<div class=\"page-title-head hgroup\">\n<div class=\"page-title-head hgroup\">\n<div class=\"page-title-head hgroup\">\n<div class=\"b654a4as d2edcug0\">\n<div class=\"page-title-head hgroup\">\n<div class=\"page-title-head hgroup\">\n<div class=\"page-title-head hgroup\">\n<div class=\"page-title-head hgroup\">\n<div class=\"page-title-head hgroup\">\n<div class=\"page-title-head hgroup\">\n<div class=\"page-title-head hgroup\">\n<div class=\"page-title-head hgroup\">\n<div class=\"page-title-head hgroup\">\n<div class=\"b654a4as d2edcug0\">\n<div class=\"page-title-head hgroup\">\n<div class=\"page-title-head hgroup\">\n<div class=\"page-title-head hgroup\">\n<div class=\"page-title-head hgroup\">\n<div class=\"b654a4as d2edcug0\">\n<div class=\"page-title-head hgroup\">\n<div class=\"page-title-head hgroup\">\n<div class=\"page-title-head hgroup\">\n<div class=\"page-title-head hgroup\">\n<div class=\"page-title-head hgroup\">\n<div class=\"mkdf-post-text\">\n<div class=\"mkdf-post-text-inner\">\n<div class=\"mkdf-post-text-main\">\n<div class=\"mkdf-post-text\">\n<div class=\"mkdf-post-text-inner\">\n<div class=\"mkdf-post-text-main\">\n<div class=\"mkdf-post-text\">\n<div class=\"mkdf-post-text-inner\">\n<div class=\"mkdf-post-text-main\">\n<div class=\"page-title-head hgroup\">\n<div class=\"page-title-head hgroup\">\n<div class=\"mkdf-post-text\">\n<div class=\"mkdf-post-text-inner\">\n<div class=\"mkdf-post-text-main\">\n<div class=\"mkdf-post-text\">\n<div class=\"mkdf-post-text-inner\">\n<div class=\"mkdf-post-text-main\">\n<div class=\"page-title-head hgroup\">\n<div class=\"page-title-head hgroup\">\n<div class=\"page-title-head hgroup\">\n<div class=\"page-title-head hgroup\">\n<div class=\"b654a4as d2edcug0\">\n<div class=\"page-title-head hgroup\">\n<div class=\"page-title-head hgroup\">\n<div class=\"page-title-head hgroup\">\n<div class=\"page-title-head hgroup\">\n<div class=\"b654a4as d2edcug0\">\n<div class=\"page-title-head hgroup\">\n<div class=\"page-title-head hgroup\">\n<div class=\"page-title-head hgroup\">\n<div class=\"page-title-head hgroup\">\n<div class=\"b654a4as d2edcug0\">\n<div>\n<h2><span style=\"color: #99cc00;\"><strong>DUE MINUTI UN LIBRO, TUTTI I GIORNI ALLA RADIO ALLE 9.40 E ALLE 17.50\u00a0 <\/strong><\/span><\/h2>\n<p><strong>LA RACCOLTA COMPLETA\u00a0 \u00a0<\/strong><\/p>\n<div>\n<blockquote class=\"wp-embedded-content\" data-secret=\"UBNGyKTcwZ\"><p><a href=\"https:\/\/www.radiopiu.net\/wordpress\/due-minuti-un-libro\/\">Due minuti un libro<\/a><\/p><\/blockquote>\n<p><iframe loading=\"lazy\" class=\"wp-embedded-content\" sandbox=\"allow-scripts\" security=\"restricted\" style=\"position: absolute; clip: rect(1px, 1px, 1px, 1px);\" title=\"&#8220;Due minuti un libro&#8221; &#8212; Radio Pi\u00f9\" src=\"https:\/\/www.radiopiu.net\/wordpress\/due-minuti-un-libro\/embed\/#?secret=RbGl1ErQe9#?secret=UBNGyKTcwZ\" data-secret=\"UBNGyKTcwZ\" width=\"600\" height=\"338\" frameborder=\"0\" marginwidth=\"0\" marginheight=\"0\" scrolling=\"no\"><\/iframe><\/p>\n<\/div>\n<\/div>\n<div class=\"mkdf-post-text\">\n<div class=\"mkdf-post-text-inner\">\n<div class=\"mkdf-post-text-main\">\n<div class=\"mkdf-post-text\">\n<div class=\"mkdf-post-text-inner\">\n<div class=\"mkdf-post-text-main\">\n<div class=\"mkdf-post-text\">\n<div class=\"mkdf-post-text-inner\">\n<div class=\"mkdf-post-text-main\">\n<div class=\"page-title-head hgroup\">\n<div class=\"page-title-head hgroup\">\n<div class=\"mkdf-post-text\">\n<div class=\"mkdf-post-text-inner\">\n<div class=\"mkdf-post-text-main\">\n<div class=\"mkdf-post-text\">\n<div class=\"mkdf-post-text-inner\">\n<div class=\"mkdf-post-text-main\">\n<div class=\"page-title-head hgroup\">\n<div class=\"page-title-head hgroup\">\n<div class=\"page-title-head hgroup\">\n<div class=\"page-title-head hgroup\">\n<div class=\"b654a4as d2edcug0\">\n<div><\/div>\n<p>&nbsp;<\/p>\n<hr \/>\n<p>&nbsp;<\/p>\n<h2><span style=\"color: #33cccc;\">LA RASSEGNA STAMPA DA L&#8217;AMICO DEL POPOLO<\/span><\/h2>\n<p><strong>di Gianni Santomaso<\/strong><img loading=\"lazy\" decoding=\"async\" class=\"size-thumbnail wp-image-158273 alignleft\" src=\"https:\/\/www.radiopiu.net\/wordpress\/wp-content\/uploads\/2020\/08\/montagna-2020-150x150.jpg\" alt=\"\" width=\"150\" height=\"150\" srcset=\"https:\/\/www.radiopiu.net\/wordpress\/wp-content\/uploads\/2020\/08\/montagna-2020-150x150.jpg 150w, https:\/\/www.radiopiu.net\/wordpress\/wp-content\/uploads\/2020\/08\/montagna-2020-125x125.jpg 125w, https:\/\/www.radiopiu.net\/wordpress\/wp-content\/uploads\/2020\/08\/montagna-2020-200x200.jpg 200w, https:\/\/www.radiopiu.net\/wordpress\/wp-content\/uploads\/2020\/08\/montagna-2020-80x80.jpg 80w\" sizes=\"auto, (max-width: 150px) 100vw, 150px\" \/><\/p>\n<p>OSPITE: Denis Dal Soler<\/p>\n<audio class=\"wp-audio-shortcode\" id=\"audio-289533-15\" preload=\"none\" style=\"width: 100%;\" controls=\"controls\"><source type=\"audio\/mpeg\" src=\"https:\/\/www.radiopiu.net\/wordpress\/wp-content\/uploads\/2022\/07\/RASSEGNA-GIANNI-PER-SITO.mp3?_=15\" \/><a href=\"https:\/\/www.radiopiu.net\/wordpress\/wp-content\/uploads\/2022\/07\/RASSEGNA-GIANNI-PER-SITO.mp3\">https:\/\/www.radiopiu.net\/wordpress\/wp-content\/uploads\/2022\/07\/RASSEGNA-GIANNI-PER-SITO.mp3<\/a><\/audio>\n<p>&nbsp;<\/p>\n<p><strong>LA RACCOLTA COMPLETA\u00a0<\/strong><\/p>\n<p>&nbsp;<\/p>\n<blockquote class=\"wp-embedded-content\" data-secret=\"4C8uxkXEja\"><p><a href=\"https:\/\/www.radiopiu.net\/wordpress\/rassegna-stampa-di-gianni-santomaso\/\">Rassegna stampa da l&#8217;amico del popolo &#8211; di Gianni Santomaso<\/a><\/p><\/blockquote>\n<p><iframe loading=\"lazy\" class=\"wp-embedded-content\" sandbox=\"allow-scripts\" security=\"restricted\" style=\"position: absolute; clip: rect(1px, 1px, 1px, 1px);\" title=\"&#8220;Rassegna stampa da l&#8217;amico del popolo &#8211; di Gianni Santomaso&#8221; &#8212; Radio Pi\u00f9\" src=\"https:\/\/www.radiopiu.net\/wordpress\/rassegna-stampa-di-gianni-santomaso\/embed\/#?secret=yzyombV4Y2#?secret=4C8uxkXEja\" data-secret=\"4C8uxkXEja\" width=\"600\" height=\"338\" frameborder=\"0\" marginwidth=\"0\" marginheight=\"0\" scrolling=\"no\"><\/iframe><\/p>\n<p>&nbsp;<\/p>\n<hr \/>\n<p>&nbsp;<\/p>\n<blockquote>\n<h2 class=\"page-title-head hgroup\">\u00a0I RACCONTI DI PAOLO SOPPELSA<\/h2>\n<\/blockquote>\n<p><strong>LA RACCOLTA COMPLETA<\/strong><\/p>\n<blockquote class=\"wp-embedded-content\" data-secret=\"Ilg32eI9ns\"><p><a href=\"https:\/\/www.radiopiu.net\/wordpress\/i-racconti-di-paolo-soppelsa\/\">I racconti di Paolo Soppelsa<\/a><\/p><\/blockquote>\n<p><iframe loading=\"lazy\" class=\"wp-embedded-content\" sandbox=\"allow-scripts\" security=\"restricted\" style=\"position: absolute; clip: rect(1px, 1px, 1px, 1px);\" title=\"&#8220;I racconti di Paolo Soppelsa&#8221; &#8212; Radio Pi\u00f9\" src=\"https:\/\/www.radiopiu.net\/wordpress\/i-racconti-di-paolo-soppelsa\/embed\/#?secret=V8c8bEA6Wp#?secret=Ilg32eI9ns\" data-secret=\"Ilg32eI9ns\" width=\"600\" height=\"338\" frameborder=\"0\" marginwidth=\"0\" marginheight=\"0\" scrolling=\"no\"><\/iframe><\/p>\n<p>&nbsp;<\/p>\n<hr \/>\n<p>&nbsp;<\/p>\n<\/div>\n<\/div>\n<\/div>\n<\/div>\n<\/div>\n<\/div>\n<\/div>\n<\/div>\n<\/div>\n<\/div>\n<\/div>\n<\/div>\n<\/div>\n<\/div>\n<\/div>\n<\/div>\n<\/div>\n<\/div>\n<\/div>\n<\/div>\n<\/div>\n<\/div>\n<\/div>\n<\/div>\n<\/div>\n<\/div>\n<\/div>\n<\/div>\n<\/div>\n<\/div>\n<\/div>\n<\/div>\n<\/div>\n<\/div>\n<\/div>\n<\/div>\n<\/div>\n<\/div>\n<\/div>\n<\/div>\n<\/div>\n<\/div>\n<\/div>\n<\/div>\n<\/div>\n<\/div>\n<\/div>\n<\/div>\n<\/div>\n<\/div>\n<\/div>\n<\/div>\n<\/div>\n<\/div>\n<\/div>\n<\/div>\n<\/div>\n<\/div>\n<\/div>\n<\/div>\n<\/div>\n<\/div>\n<\/div>\n<\/div>\n<\/div>\n<\/div>\n<\/div>\n<\/div>\n<\/div>\n<\/div>\n<\/div>\n<\/div>\n<\/div>\n<\/div>\n<\/div>\n<\/div>\n<\/div>\n<\/div>\n<\/div>\n<\/div>\n<\/div>\n<\/div>\n<\/div>\n<\/div>\n<\/div>\n<\/div>\n<\/div>\n<\/div>\n<\/div>\n<\/div>\n<\/div>\n<\/div>\n<\/div>\n<\/div>\n<\/div>\n<\/div>\n<\/div>\n<\/div>\n<\/div>\n<\/div>\n<\/div>\n<\/div>\n<\/div>\n<\/div>\n<\/div>\n<\/div>\n<\/div>\n<\/div>\n<\/div>\n<\/div>\n<\/div>\n<\/div>\n<\/div>\n<\/div>\n<\/div>\n<\/div>\n<\/div>\n<\/div>\n<\/div>\n<\/div>\n<\/div>\n<\/div>\n<\/div>\n<\/div>\n<\/div>\n<\/div>\n<\/div>\n<\/div>\n<\/div>\n<\/div>\n<\/div>\n<\/div>\n<\/div>\n<\/div>\n<\/div>\n<\/div>\n<\/div>\n<\/div>\n<\/div>\n<\/div>\n<\/div>\n<\/div>\n<\/div>\n<\/div>\n<\/div>\n<\/div>\n<\/div>\n<\/div>\n<\/div>\n<\/div>\n<\/div>\n<\/div>\n<\/div>\n<\/div>\n<\/div>\n<\/div>\n<\/div>\n<\/div>\n<\/div>\n<\/div>\n<\/div>\n<\/div>\n<\/div>\n<\/div>\n<\/div>\n<\/div>\n<\/div>\n<\/div>\n<\/div>\n<\/div>\n<\/div>\n<\/div>\n<\/div>\n<\/div>\n<\/div>\n<\/div>\n<\/div>\n<\/div>\n<\/div>\n<\/div>\n<\/div>\n<\/div>\n<\/div>\n<\/div>\n<\/div>\n<\/div>\n<\/div>\n<\/div>\n<\/div>\n<\/div>\n<\/div>\n<\/div>\n<\/div>\n<\/div>\n<\/div>\n<\/div>\n<\/div>\n<\/div>\n<\/div>\n<\/div>\n<\/div>\n<\/div>\n<\/div>\n<\/div>\n<\/div>\n<\/div>\n<\/div>\n<\/div>\n<\/div>\n<\/div>\n<\/div>\n<\/div>\n<\/div>\n<\/div>\n<\/div>\n<\/div>\n<\/div>\n<\/div>\n<\/div>\n<\/div>\n<\/div>\n<\/div>\n<\/div>\n<\/div>\n<\/div>\n<\/div>\n<\/div>\n<\/div>\n<\/div>\n<\/div>\n<\/div>\n<div class=\"b654a4as d2edcug0\">\n<div class=\"ecm0bbzt e5nlhep0 a8c37x1j\">\n<div class=\"kvgmc6g5 cxmmr5t8 oygrvhab hcukyx3x c1et5uql\">\n<div class=\"gmail-kvgmc6g5 gmail-cxmmr5t8 gmail-oygrvhab gmail-hcukyx3x gmail-c1et5uql gmail-ii04i59q\">\n<div>\n<div class=\"page-title-head hgroup\">\n<div class=\"page-title-head hgroup\">\n<div class=\"b654a4as d2edcug0\">\n<div class=\"j83agx80 btwxx1t3 lhclo0ds hop8lmos nkwizq5d scwd0bx6 roh60bw9\">\n<div class=\"rq0escxv hkbzh7o3 jwdofwj8 n8tt0mok r8blr3vg hyh9befq\">\n<div class=\"do00u71z l9j0dhe7 k4urcfbm\">\n<div>\n<div class=\"page-title-head hgroup\">\n<div class=\"page-title-head hgroup\">\n<div class=\"page-title-head hgroup\">\n<div class=\"page-title-head hgroup\">\n<div class=\"b654a4as d2edcug0\">\n<div class=\"page-title-head hgroup\">\n<div class=\"page-title-head hgroup\">\n<div class=\"page-title-head hgroup\">\n<div class=\"page-title-head hgroup\">\n<div class=\"b654a4as d2edcug0\">\n<div class=\"page-title-head hgroup\">\n<div class=\"page-title-head hgroup\">\n<div class=\"page-title-head hgroup\">\n<div class=\"page-title-head hgroup\">\n<div class=\"page-title-head hgroup\">\n<div class=\"mkdf-post-text\">\n<div class=\"mkdf-post-text-inner\">\n<div class=\"mkdf-post-text-main\">\n<div class=\"mkdf-post-text\">\n<div class=\"mkdf-post-text-inner\">\n<div class=\"mkdf-post-text-main\">\n<div class=\"mkdf-post-text\">\n<div class=\"mkdf-post-text-inner\">\n<div class=\"mkdf-post-text-main\">\n<div class=\"page-title-head hgroup\">\n<div class=\"page-title-head hgroup\">\n<div class=\"mkdf-post-text\">\n<div class=\"mkdf-post-text-inner\">\n<div class=\"mkdf-post-text-main\">\n<div class=\"mkdf-post-text\">\n<div class=\"mkdf-post-text-inner\">\n<div class=\"mkdf-post-text-main\">\n<div>\n<div class=\"page-title-head hgroup\">\n<div class=\"page-title-head hgroup\">\n<div>\n<div class=\"page-title-head hgroup\">\n<div class=\"page-title-head hgroup\">\n<div class=\"b654a4as d2edcug0\">\n<div>\n<div class=\"page-title-head hgroup\" style=\"text-align: left;\">\n<div class=\"page-title-head hgroup\">\n<div dir=\"auto\">\n<p><a class=\"dt-pswp-item pspw-wrap-ready\" href=\"https:\/\/i0.wp.com\/www.radiopiu.net\/wordpress\/wp-content\/uploads\/2018\/09\/WhatsApp-Image-2018-09-20-at-16.04.06.jpeg?ssl=1\" data-dt-img-description=\"\" data-large_image_width=\"800\" data-large_image_height=\"100\"><img loading=\"lazy\" decoding=\"async\" class=\"aligncenter wp-image-61378 size-full jetpack-lazy-image jetpack-lazy-image--handled\" src=\"https:\/\/i0.wp.com\/www.radiopiu.net\/wordpress\/wp-content\/uploads\/2018\/09\/WhatsApp-Image-2018-09-20-at-16.04.06.jpeg?resize=800%2C100&amp;ssl=1\" sizes=\"auto, (max-width: 800px) 100vw, 800px\" srcset=\"https:\/\/i0.wp.com\/www.radiopiu.net\/wordpress\/wp-content\/uploads\/2018\/09\/WhatsApp-Image-2018-09-20-at-16.04.06.jpeg?w=800&amp;ssl=1 800w, https:\/\/i0.wp.com\/www.radiopiu.net\/wordpress\/wp-content\/uploads\/2018\/09\/WhatsApp-Image-2018-09-20-at-16.04.06.jpeg?resize=300%2C38&amp;ssl=1 300w, https:\/\/i0.wp.com\/www.radiopiu.net\/wordpress\/wp-content\/uploads\/2018\/09\/WhatsApp-Image-2018-09-20-at-16.04.06.jpeg?resize=768%2C96&amp;ssl=1 768w\" alt=\"\" width=\"800\" height=\"100\" data-lazy-loaded=\"1\" \/><\/a><\/p>\n<\/div>\n<\/div>\n<\/div>\n<\/div>\n<\/div>\n<\/div>\n<\/div>\n<\/div>\n<\/div>\n<\/div>\n<\/div>\n<\/div>\n<\/div>\n<\/div>\n<\/div>\n<\/div>\n<\/div>\n<\/div>\n<\/div>\n<\/div>\n<\/div>\n<\/div>\n<\/div>\n<\/div>\n<\/div>\n<\/div>\n<\/div>\n<\/div>\n<\/div>\n<\/div>\n<\/div>\n<\/div>\n<\/div>\n<\/div>\n<\/div>\n<\/div>\n<\/div>\n<\/div>\n<\/div>\n<\/div>\n<\/div>\n<\/div>\n<\/div>\n<\/div>\n<\/div>\n<\/div>\n<\/div>\n<\/div>\n<\/div>\n<\/div>\n<\/div>\n<\/div>\n<\/div>\n<\/div>\n<\/div>\n<\/div>\n<\/div>\n<\/div>\n<\/div>\n<\/div>\n<\/div>\n<\/div>\n<\/div>\n<\/div>\n<\/div>\n<\/div>\n<\/div>\n<\/div>\n<\/div>\n<\/div>\n<\/div>\n<\/div>\n<\/div>\n<\/div>\n<\/div>\n<\/div>\n<\/div>\n<\/div>\n<\/div>\n<\/div>\n<\/div>\n<\/div>\n<\/div>\n<\/div>\n<\/div>\n<\/div>\n<\/div>\n<\/div>\n<\/div>\n<\/div>\n<\/div>\n<\/div>\n<\/div>\n<\/div>\n<\/div>\n<\/div>\n<\/div>\n<\/div>\n<\/div>\n<\/div>\n<\/div>\n<\/div>\n<\/div>\n<\/div>\n<\/div>\n<\/div>\n<\/div>\n<\/div>\n<\/div>\n<\/div>\n<\/div>\n<\/div>\n<\/div>\n<\/div>\n<\/div>\n<\/div>\n<\/div>\n<\/div>\n<\/div>\n<\/div>\n<\/div>\n<\/div>\n<\/div>\n<\/div>\n<\/div>\n<\/div>\n<\/div>\n<\/div>\n<\/div>\n<\/div>\n<\/div>\n<\/div>\n<\/div>\n<\/div>\n<\/div>\n<\/div>\n<\/div>\n<\/div>\n<\/div>\n<\/div>\n<\/div>\n<\/div>\n<\/div>\n<\/div>\n<\/div>\n<\/div>\n<\/div>\n<\/div>\n<\/div>\n<\/div>\n<\/div>\n<\/div>\n<\/div>\n<\/div>\n<\/div>\n<\/div>\n<\/div>\n<\/div>\n<\/div>\n<\/div>\n<\/div>\n<\/div>\n<\/div>\n<\/div>\n<\/div>\n<\/div>\n<\/div>\n<\/div>\n<\/div>\n<\/div>\n<\/div>\n<\/div>\n<\/div>\n<\/div>\n<\/div>\n<\/div>\n<\/div>\n<\/div>\n<\/div>\n<\/div>\n<\/div>\n<\/div>\n<\/div>\n<\/div>\n<\/div>\n<\/div>\n<\/div>\n<\/div>\n<\/div>\n<\/div>\n<\/div>\n<\/div>\n<\/div>\n<\/div>\n<\/div>\n<\/div>\n<\/div>\n<\/div>\n<\/div>\n<\/div>\n<\/div>\n<\/div>\n<\/div>\n<\/div>\n<\/div>\n<\/div>\n<\/div>\n<\/div>\n<\/div>\n<\/div>\n<\/div>\n<\/div>\n<\/div>\n<\/div>\n<\/div>\n<\/div>\n<\/div>\n<\/div>\n<\/div>\n<\/div>\n<\/div>\n<\/div>\n<\/div>\n<\/div>\n<\/div>\n<\/div>\n<\/div>\n<\/div>\n<\/div>\n<\/div>\n<div style=\"text-align: left;\">\n<p>&nbsp;<\/p>\n<p><center><b>Giovedi 28<\/b><\/center><b>Tempo atteso: <\/b>Tempo inizialmente piuttosto soleggiato dopo il dissolvimento di qualche nube bassa, con tendenza ad aumento della nuvolosit\u00e0 perlopi\u00f9 cumuliforme a partire dalle ore centrali; la nuvolosit\u00e0 sar\u00e0 pi\u00f9 consistente sulle Dolomiti, dove sar\u00e0 anche maggiore la probabilit\u00e0 di qualche rovescio o temporale al pomeriggio\/sera, maggiori schiarite su Prealpi specie occidentali.<br \/>\n<b>Precipitazioni: <\/b>Al mattino assenti, nel pomeriggio possibili rovesci sparsi o isolati temporali su Dolomiti (40-60 %), poco probabili su Prealpi specie occidentali (10-20 %)<br \/>\n<b>Temperature: <\/b>Pressoch\u00e8 stazionarie o in lieve calo le minime, massime stazionarie o in aumento. Su Prealpi &#8211; a 1500 m: min 15 max 18, a 2000 m: min 12 max 13 Dolomiti &#8211; a 2000 m: min 11 max 15, a 3000 m: min 5 max 6<br \/>\n<b>Venti: <\/b>Nelle valli a regime di brezza, in quota perlopi\u00f9 deboli sud-occidentali. a 5-10 km\/h a 2000 m e 10-20 km\/h a 3000 m.<\/p>\n<hr \/>\n<p><center><b>Venerdi 29<\/b><\/center><b>Tempo atteso: <\/b>Al mattino parzialmente soleggiato, dalle ore centrali e nel pomeriggio aumento della nuvolosit\u00e0 cumuliforme assieme alla probabilit\u00e0 di rovesci e temporali sparsi.<br \/>\n<b>Precipitazioni: <\/b>Al mattino poco probabili ma non escluso qualche piovasco\/rovescio isolato (10-30%), dalle ore centrali e nel pomeriggio aumento della probabilit\u00e0 di rovesci e temporali sparsi fino ad alta in serata (60-80%). Possibile qualche fenomeno di forte intensit\u00e0 specie su Prealpi.<br \/>\n<b>Temperature: <\/b>Pressoch\u00e8 stazionarie in quota. Su Prealpi a 1500 m: min 15 max 18, a 2000 m: min 13 max 14 Dolomiti &#8211; a 2000 m: min 12 max 15, a 3000 m: min 5 max 6<br \/>\n<b>Venti: <\/b>Venti in quota inizialmente deboli\/moderati da sudovest in rinforzo nel pomeriggio fino a tesi, a 10-25 km\/h a 2000 m e 15-35 km\/h a 3000 m; brezze nelle valli con raffiche in prossimit\u00e0 dei temporali.<\/p>\n<hr \/>\n<p><center><b>Sabato 30<\/b><\/center>Nella notte possibili residui fenomeni specie su Dolomiti in esaurimento, in giornata ampie schiarite fino a ben soleggiato con cielo sereno o poco nuvoloso con limitata formazione di cumuli nel pomeriggio. Molto bassa la probabilit\u00e0 di un rovescio nel pomeriggio su Prealpi. Temperature in generale lieve calo in quota su valori attorno alla media del periodo, in possibile aumento le massime nelle valli. Venti in quota moderati da nordovest con qualche possibile locale episodio di fhoen in qualche valle dolomitica.<\/p>\n<hr \/>\n<p><center><b>Domenica 31<\/b><\/center>Tempo stabile e ben soleggiato. Temperature stazionarie su valori attorno alla media del periodo. Venti in quota deboli\/moderati settentrionali<\/p>\n<p>&nbsp;<\/p>\n<p>&nbsp;<\/p>\n<\/div>\n<hr \/>\n<p>&nbsp;<\/p>\n<p>&nbsp;<\/p>\n<p><a href=\"https:\/\/www.radiopiu.net\/wordpress\/giornale-radiopiu-26-settembre-2018-direttore-mirko-mezzacasa\/viabilita-2\/\" rel=\"attachment wp-att-61954\"><img loading=\"lazy\" decoding=\"async\" class=\"aligncenter wp-image-61954 size-full\" src=\"https:\/\/www.radiopiu.net\/wordpress\/wp-content\/uploads\/2018\/09\/viabilita.jpeg\" sizes=\"auto, (max-width: 800px) 100vw, 800px\" srcset=\"https:\/\/www.radiopiu.net\/wordpress\/wp-content\/uploads\/2018\/09\/viabilita.jpeg 800w, https:\/\/www.radiopiu.net\/wordpress\/wp-content\/uploads\/2018\/09\/viabilita-300x38.jpeg 300w, https:\/\/www.radiopiu.net\/wordpress\/wp-content\/uploads\/2018\/09\/viabilita-768x96.jpeg 768w\" alt=\"\" width=\"800\" height=\"100\" \/><\/a><\/p>\n<blockquote>\n<h3><\/h3>\n<h3>GALLERIA DI SEGUSINO CHIUSA PER 4 MESI<\/h3>\n<\/blockquote>\n<p><strong><a class=\"dt-pswp-item\" href=\"https:\/\/www.radiopiu.net\/wordpress\/wp-content\/uploads\/2020\/05\/VENETO-STRADE.png\" data-dt-img-description=\"\" data-large_image_width=\"400\" data-large_image_height=\"400\"><img loading=\"lazy\" decoding=\"async\" class=\" wp-image-135574 alignleft\" src=\"https:\/\/www.radiopiu.net\/wordpress\/wp-content\/uploads\/2020\/05\/VENETO-STRADE-150x150.png\" alt=\"\" width=\"102\" height=\"102\" srcset=\"https:\/\/www.radiopiu.net\/wordpress\/wp-content\/uploads\/2020\/05\/VENETO-STRADE-150x150.png 150w, https:\/\/www.radiopiu.net\/wordpress\/wp-content\/uploads\/2020\/05\/VENETO-STRADE-300x300.png 300w, https:\/\/www.radiopiu.net\/wordpress\/wp-content\/uploads\/2020\/05\/VENETO-STRADE.png 400w\" sizes=\"auto, (max-width: 102px) 100vw, 102px\" \/><\/a><\/strong><\/p>\n<p><strong>SEDICO<\/strong> Veneto Strade comunica che sulla SP 1 Bis &#8220;Madonna del Piave&#8221;, dal 12 luglio e fino al 4 novembre, compresi sabati domeniche e festivi infrasettimanali, un&#8217;interdizione totale al transito per l&#8217;intera tratta della galleria di Segusino in seguito a dei lavori per messa in sicurezza della condotta acquedottistica<\/p>\n<p>&nbsp;<\/p>\n<p>&nbsp;<\/p>\n<blockquote>\n<h3>MODIFICHE ALLA VIABILITA&#8217; A BELLUNO<\/h3>\n<\/blockquote>\n<p><strong>BELLUNO<\/strong> Per consentire l\u2019esecuzione di lavori sulla sede stradale al fine di realizzare un nuovo allaccio del metano, si rendono necessaria l&#8217;istituzione del divieto di sosta con rimozione forzata per tutti i veicoli in tre posteggi, nella traversa sud di Piazza dei Martiri, delimitati da segnaletica blu a pagamento, nel tratto di strada opposto ai civici 14 e 15, nel periodo compreso tra le ore 7.30 del 27 e le ore 17.00 del 29 luglio. In caso di mancata esecuzione dei lavori causa maltempo, le modifiche saranno posticipate nel periodo compreso tra le ore 7.30 del 1\u00b0 e le ore 17.00 del 3 agosto.<\/p>\n<p><strong>BELLUNO<\/strong> Per lo svolgimento della manifestazione &#8220;Belluno di sera 2022&#8221;, in particolare per le serate del 28 luglio e dell&#8217;11 agosto, divieto di transito per tutti i veicoli, eccetto quelli necessari allo svolgimento della manifestazione e al montaggio\/smontaggio delle strutture, su tutta l\u2019area pedonale di Piazza dei Martiri, nel periodo compreso tra le ore 9.30 del 28 e le ore 10.00 del 29 luglio. Viene inoltre istituito il divieto di transito per tutti i veicoli, eccetto quelli necessari allo svolgimento della manifestazione, su tutta l\u2019area pedonale di Piazza dei Martiri, dalle ore 19.00 alle ore 24.00 dell&#8217;11 agosto.<\/p>\n<p><strong>BELLUNO<\/strong> Per consentire lo svolgimento della 48^ Alpe del Nevegal, promossa per le giornate del 30 e 31 luglio, si rende necessaria la modifica della disciplina della circolazione e sosta dei veicoli, nelle zone limitrofe al percorso della gara: istituzione del divieto di circolazione veicolare in via Alpe in Fiore, in via Turriga nel tratto di strada compreso tra le intersezioni con le vie Caleipo e Nevegal, in via Gresane nel tratto di strada compreso tra il civico 41 (Bar Pizzeria Al Dosso) e l\u2019intersezione con la via Nevegal, e in via San Cipriano nel tratto compreso tra le intersezioni con via Modolo e via Nevegal, dalle ore 7.00 alle ore 18.00 di sabato 30 luglio e dalle ore 7.00 alle ore 18.30 di domenica 31 luglio, e comunque fino al termine delle prove e della gara; istituzione del divieto di circolazione veicolare alla confluenza nella SP 31 \u201cdel Nevegal\u201d di via Caleipo, via S. Mamante, via Val di S. Mamante, via del Malvan e strada vicinale Hotel Pineta, dalle ore 7.00 alle ore 18.00 di sabato 30 luglio e dalle ore 7.00 alle ore 18.30 di domenica 31 luglio, e comunque fino al termine delle prove e della gara.<\/p>\n<p>&nbsp;<\/p>\n<blockquote class=\"wp-embedded-content\" data-secret=\"3Xj1RkMAFX\"><p><a href=\"https:\/\/www.radiopiu.net\/wordpress\/viabilita\/\">viabilita<\/a><\/p><\/blockquote>\n<p><iframe loading=\"lazy\" class=\"wp-embedded-content\" sandbox=\"allow-scripts\" security=\"restricted\" style=\"position: absolute; clip: rect(1px, 1px, 1px, 1px);\" title=\"&#8220;viabilita&#8221; &#8212; Radio Pi\u00f9\" src=\"https:\/\/www.radiopiu.net\/wordpress\/viabilita\/embed\/#?secret=1mPAyN2F5i#?secret=3Xj1RkMAFX\" data-secret=\"3Xj1RkMAFX\" width=\"600\" height=\"338\" frameborder=\"0\" marginwidth=\"0\" marginheight=\"0\" scrolling=\"no\"><\/iframe><\/p>\n<p>&nbsp;<\/p>\n<hr \/>\n<p>&nbsp;<\/p>\n<p>&nbsp;<\/p>\n<p><img loading=\"lazy\" decoding=\"async\" class=\"wp-image-60761 size-full aligncenter\" src=\"https:\/\/www.radiopiu.net\/wordpress\/wp-content\/uploads\/2018\/09\/sport.jpg\" alt=\"\" width=\"800\" height=\"100\" srcset=\"https:\/\/www.radiopiu.net\/wordpress\/wp-content\/uploads\/2018\/09\/sport.jpg 800w, https:\/\/www.radiopiu.net\/wordpress\/wp-content\/uploads\/2018\/09\/sport-300x38.jpg 300w, https:\/\/www.radiopiu.net\/wordpress\/wp-content\/uploads\/2018\/09\/sport-768x96.jpg 768w\" sizes=\"auto, (max-width: 800px) 100vw, 800px\" \/><\/p>\n<\/div>\n<\/div>\n<\/div>\n<div class=\"page-title-head hgroup\">\n<div class=\"page-title-head hgroup\">\n<p>&nbsp;<\/p>\n<p>&nbsp;<\/p>\n<\/div>\n<\/div>\n<div class=\"page-title-head hgroup\">\n<div class=\"page-title-head hgroup\">\n<div class=\"page-title-head hgroup\">\n<p><span style=\"color: #0000ff;\"><strong>CALCIO<\/strong><\/span><\/p>\n<blockquote>\n<h3>UN TAIBON FAVORITO SULLA CARTA ABBANDONA AI QUARTI IL MEMORIAL DENIS TONIN<\/h3>\n<\/blockquote>\n<p><strong><a class=\"dt-pswp-item\" href=\"https:\/\/www.radiopiu.net\/wordpress\/wp-content\/uploads\/2022\/04\/TAIBON.png\" data-dt-img-description=\"\" data-large_image_width=\"912\" data-large_image_height=\"674\"><img loading=\"lazy\" decoding=\"async\" class=\"alignleft wp-image-272353 \" src=\"https:\/\/www.radiopiu.net\/wordpress\/wp-content\/uploads\/2022\/04\/TAIBON-300x222.png\" alt=\"\" width=\"178\" height=\"132\" srcset=\"https:\/\/www.radiopiu.net\/wordpress\/wp-content\/uploads\/2022\/04\/TAIBON-300x222.png 300w, https:\/\/www.radiopiu.net\/wordpress\/wp-content\/uploads\/2022\/04\/TAIBON-768x568.png 768w, https:\/\/www.radiopiu.net\/wordpress\/wp-content\/uploads\/2022\/04\/TAIBON.png 912w\" sizes=\"auto, (max-width: 178px) 100vw, 178px\" \/><\/a>REDAZIONE<\/strong> Dopo le prime partite della stagione regolare il Taibon di Daniele Cancel sembrava una delle squadre candidate ad arrivare in fondo al Campionato Agordino di calcio. Ma sulla strada si \u00e8 trovata una squadra coriacea come il Fodom, capace di mettere in difficolt\u00e0 i taiboner e brava a non lasciarsi sorprendere in difesa. Nella partita dei quarti di finale giocata a Voltago, i ragazzi di Cancel ce l&#8217;hanno messa tutta per chiudere la partita prima dei calci di rigore ma non \u00e8 stato cosi.<\/p>\n<p><strong>DINO GAZ, GIOCATORE DEL TAIBON<\/strong><\/p>\n<audio class=\"wp-audio-shortcode\" id=\"audio-289533-16\" preload=\"none\" style=\"width: 100%;\" controls=\"controls\"><source type=\"audio\/mpeg\" src=\"https:\/\/www.radiopiu.net\/wordpress\/wp-content\/uploads\/2022\/07\/DINO-GAZ-TAIBON.mp3?_=16\" \/><a href=\"https:\/\/www.radiopiu.net\/wordpress\/wp-content\/uploads\/2022\/07\/DINO-GAZ-TAIBON.mp3\">https:\/\/www.radiopiu.net\/wordpress\/wp-content\/uploads\/2022\/07\/DINO-GAZ-TAIBON.mp3<\/a><\/audio>\n<p>&nbsp;<\/p>\n<h2><span style=\"color: #008000;\"><a class=\"dt-pswp-item\" href=\"https:\/\/www.radiopiu.net\/wordpress\/wp-content\/uploads\/2019\/01\/CALCIO-FALLO.jpeg\" data-dt-img-description=\"\" data-large_image_width=\"1600\" data-large_image_height=\"848\"><img loading=\"lazy\" decoding=\"async\" class=\" wp-image-71538 alignleft\" src=\"https:\/\/www.radiopiu.net\/wordpress\/wp-content\/uploads\/2019\/01\/CALCIO-FALLO-150x150.jpeg\" alt=\"\" width=\"74\" height=\"74\" \/><\/a>SPECIALE CAMPIONATO AGORDINO<\/span><\/h2>\n<p><strong>RIASCOLTA OTTANTESIMO MINUTO &#8211; SETTIMA PUNTATA<\/strong><\/p>\n<audio class=\"wp-audio-shortcode\" id=\"audio-289533-17\" preload=\"none\" style=\"width: 100%;\" controls=\"controls\"><source type=\"audio\/mpeg\" src=\"https:\/\/www.radiopiu.net\/wordpress\/wp-content\/uploads\/2022\/07\/80MIN-2.mp3?_=17\" \/><a href=\"https:\/\/www.radiopiu.net\/wordpress\/wp-content\/uploads\/2022\/07\/80MIN-2.mp3\">https:\/\/www.radiopiu.net\/wordpress\/wp-content\/uploads\/2022\/07\/80MIN-2.mp3<\/a><\/audio>\n<p>&nbsp;<\/p>\n<p><strong>RIASCOLTA CAMPIONATO AGORDINO SHOW &#8211; SETTIMA PUNTATA (LA SINTESI)<\/strong><\/p>\n<audio class=\"wp-audio-shortcode\" id=\"audio-289533-18\" preload=\"none\" style=\"width: 100%;\" controls=\"controls\"><source type=\"audio\/mpeg\" src=\"https:\/\/www.radiopiu.net\/wordpress\/wp-content\/uploads\/2022\/07\/AGOS-3.mp3?_=18\" \/><a href=\"https:\/\/www.radiopiu.net\/wordpress\/wp-content\/uploads\/2022\/07\/AGOS-3.mp3\">https:\/\/www.radiopiu.net\/wordpress\/wp-content\/uploads\/2022\/07\/AGOS-3.mp3<\/a><\/audio>\n<p>&nbsp;<\/p>\n<hr \/>\n<p>&nbsp;<\/p>\n<p><span style=\"color: #0000ff;\"><strong>MOTORI<\/strong><\/span><\/p>\n<blockquote>\n<h3>RECORD DI ISCRITTI ALL&#8217;ALPE DEL NEVEGAL<\/h3>\n<\/blockquote>\n<p><strong><a class=\"dt-pswp-item\" href=\"https:\/\/www.radiopiu.net\/wordpress\/wp-content\/uploads\/2022\/07\/c6df8439-a263-4991-8e14-ff5c63c5dfcc.jpg\" data-dt-img-description=\"\" data-large_image_width=\"1280\" data-large_image_height=\"958\"><img loading=\"lazy\" decoding=\"async\" class=\"size-thumbnail wp-image-289541 alignleft\" src=\"https:\/\/www.radiopiu.net\/wordpress\/wp-content\/uploads\/2022\/07\/c6df8439-a263-4991-8e14-ff5c63c5dfcc-150x150.jpg\" alt=\"\" width=\"150\" height=\"150\" \/><\/a>BELLUNO<\/strong><\/p>\n<p>di Roberto Bona<\/p>\n<audio class=\"wp-audio-shortcode\" id=\"audio-289533-19\" preload=\"none\" style=\"width: 100%;\" controls=\"controls\"><source type=\"audio\/mpeg\" src=\"https:\/\/www.radiopiu.net\/wordpress\/wp-content\/uploads\/2022\/07\/BONA-NEVEGAL-ISCRITTI.mp3?_=19\" \/><a href=\"https:\/\/www.radiopiu.net\/wordpress\/wp-content\/uploads\/2022\/07\/BONA-NEVEGAL-ISCRITTI.mp3\">https:\/\/www.radiopiu.net\/wordpress\/wp-content\/uploads\/2022\/07\/BONA-NEVEGAL-ISCRITTI.mp3<\/a><\/audio>\n<p>&nbsp;<\/p>\n<hr \/>\n<p>&nbsp;<\/p>\n<p>&nbsp;<\/p>\n<\/div>\n<\/div>\n<\/div>\n<\/div>\n<\/div>\n<\/div>\n<\/div>\n<\/div>\n<\/div>\n<\/div>\n<\/div>\n<\/div>\n<\/div>\n<\/div>\n<\/div>\n<\/div>\n<\/div>\n<\/div>\n<\/div>\n<\/div>\n<\/div>\n<\/div>\n<\/div>\n<\/div>\n<\/div>\n<\/div>\n<\/div>\n<\/div>\n<\/div>\n<\/div>\n<\/div>\n<\/div>\n<\/div>\n<\/div>\n<\/div>\n<\/div>\n<\/div>\n<\/div>\n<\/div>\n<\/div>\n<\/div>\n<\/div>\n<\/div>\n<\/div>\n<\/div>\n<\/div>\n<\/div>\n<\/div>\n<\/div>\n<\/div>\n<\/div>\n<\/div>\n<\/div>\n<\/div>\n<\/div>\n<\/div>\n<\/div>\n<\/div>\n<\/div>\n<\/div>\n<\/div>\n<\/div>\n<\/div>\n<\/div>\n<\/div>\n<\/div>\n<\/div>\n<\/div>\n<\/div>\n<\/div>\n<\/div>\n<\/div>\n<\/div>\n<\/div>\n<\/div>\n<\/div>\n<\/div>\n<\/div>\n<\/div>\n<\/div>\n<\/div>\n<\/div>\n<\/div>\n<\/div>\n<\/div>\n<\/div>\n<\/div>\n<\/div>\n<\/div>\n<\/div>\n<\/div>\n<\/div>\n<\/div>\n<\/div>\n<\/div>\n<\/div>\n<\/div>\n<\/div>\n<\/div>\n<\/div>\n<\/div>\n<\/div>\n<\/div>\n<\/div>\n","protected":false},"excerpt":{"rendered":"<p>RADIO PIU INFORMAZIONE il canale su TELEGRAM informazione di prima\u00a0 mano e in tempo reale. iscriviti ed aiutaci a farlo conoscere\u00a0 \u00a0 &nbsp; LA MARMOLADA NON \u00c8 CHIUSA. TROPPA CONFUSIONE FA MALE ALLA NOSTRA MONTAGNA ROCCA PIETORE\u00a0 \u201cIl versante veneto della Marmolada \u00e8 accessibile e sicuro. Le nostre attivit\u00e0 sono aperte e gli impianti perfettamente&hellip;<\/p>\n","protected":false},"author":4,"featured_media":289575,"comment_status":"closed","ping_status":"closed","sticky":false,"template":"","format":"standard","meta":{"_monsterinsights_skip_tracking":false,"_monsterinsights_sitenote_active":false,"_monsterinsights_sitenote_note":"","_monsterinsights_sitenote_category":0,"footnotes":""},"categories":[51,86,49],"tags":[],"class_list":["post-289533","post","type-post","status-publish","format-standard","has-post-thumbnail","hentry","category-evidenza-top","category-gr","category-news-18","category-51","category-86","category-49","description-off"],"img_url":"https:\/\/www.radiopiu.net\/wordpress\/wp-content\/uploads\/2022\/07\/Cancia-4-vascone-basso.jpg","_links":{"self":[{"href":"https:\/\/www.radiopiu.net\/wordpress\/wp-json\/wp\/v2\/posts\/289533","targetHints":{"allow":["GET"]}}],"collection":[{"href":"https:\/\/www.radiopiu.net\/wordpress\/wp-json\/wp\/v2\/posts"}],"about":[{"href":"https:\/\/www.radiopiu.net\/wordpress\/wp-json\/wp\/v2\/types\/post"}],"author":[{"embeddable":true,"href":"https:\/\/www.radiopiu.net\/wordpress\/wp-json\/wp\/v2\/users\/4"}],"replies":[{"embeddable":true,"href":"https:\/\/www.radiopiu.net\/wordpress\/wp-json\/wp\/v2\/comments?post=289533"}],"version-history":[{"count":0,"href":"https:\/\/www.radiopiu.net\/wordpress\/wp-json\/wp\/v2\/posts\/289533\/revisions"}],"wp:featuredmedia":[{"embeddable":true,"href":"https:\/\/www.radiopiu.net\/wordpress\/wp-json\/wp\/v2\/media\/289575"}],"wp:attachment":[{"href":"https:\/\/www.radiopiu.net\/wordpress\/wp-json\/wp\/v2\/media?parent=289533"}],"wp:term":[{"taxonomy":"category","embeddable":true,"href":"https:\/\/www.radiopiu.net\/wordpress\/wp-json\/wp\/v2\/categories?post=289533"},{"taxonomy":"post_tag","embeddable":true,"href":"https:\/\/www.radiopiu.net\/wordpress\/wp-json\/wp\/v2\/tags?post=289533"}],"curies":[{"name":"wp","href":"https:\/\/api.w.org\/{rel}","templated":true}]}}