{"id":289544,"date":"2022-07-28T05:20:06","date_gmt":"2022-07-28T03:20:06","guid":{"rendered":"https:\/\/www.radiopiu.net\/wordpress\/?p=289544"},"modified":"2022-07-28T05:40:42","modified_gmt":"2022-07-28T03:40:42","slug":"domani-stato-di-attenzione-per-temporali-sulle-dolomiti-venete","status":"publish","type":"post","link":"https:\/\/www.radiopiu.net\/wordpress\/domani-stato-di-attenzione-per-temporali-sulle-dolomiti-venete\/","title":{"rendered":"OGGI STATO DI ATTENZIONE PER TEMPORALI SULLE DOLOMITI VENETE"},"content":{"rendered":"<p><strong>VENEZIA <\/strong>Nuovi temporali potrebbero interessare l\u2019area montana del Veneto. Per questo motivo, il Centro Funzionale Decentrato della Protezione Civile della Regione Veneto ha emesso un bollettino di criticit\u00e0 idrogeologica, dichiarando lo Stato di attenzione sul territorio del Bacino Alto Piave. Oggi \u00e8 infatti prevista instabilit\u00e0 pomeridiana con possibili fenomeni intensi in zona dolomitica. Lo Stato di attenzione \u00e8 valevole dalle ore 14 alla mezzanotte di domani, 28 luglio.<\/p>\n<p><a class=\"dt-pswp-item\" href=\"https:\/\/www.radiopiu.net\/wordpress\/wp-content\/uploads\/2022\/07\/Schermata-2022-07-27-alle-14.35.42.png\" data-dt-img-description=\"\" data-large_image_width=\"1494\" data-large_image_height=\"492\"><img loading=\"lazy\" decoding=\"async\" class=\"alignnone wp-image-289545 size-large\" src=\"https:\/\/www.radiopiu.net\/wordpress\/wp-content\/uploads\/2022\/07\/Schermata-2022-07-27-alle-14.35.42-1024x337.png\" alt=\"\" width=\"1024\" height=\"337\" srcset=\"https:\/\/www.radiopiu.net\/wordpress\/wp-content\/uploads\/2022\/07\/Schermata-2022-07-27-alle-14.35.42-1024x337.png 1024w, https:\/\/www.radiopiu.net\/wordpress\/wp-content\/uploads\/2022\/07\/Schermata-2022-07-27-alle-14.35.42-300x99.png 300w, https:\/\/www.radiopiu.net\/wordpress\/wp-content\/uploads\/2022\/07\/Schermata-2022-07-27-alle-14.35.42-768x253.png 768w, https:\/\/www.radiopiu.net\/wordpress\/wp-content\/uploads\/2022\/07\/Schermata-2022-07-27-alle-14.35.42.png 1494w\" sizes=\"auto, (max-width: 1024px) 100vw, 1024px\" \/><\/a><\/p>\n<p>&nbsp;<\/p>\n<p>&nbsp;<\/p>\n<p>******<\/p>\n","protected":false},"excerpt":{"rendered":"<p>VENEZIA Nuovi temporali potrebbero interessare l\u2019area montana del Veneto. Per questo motivo, il Centro Funzionale Decentrato della Protezione Civile della Regione Veneto ha emesso un bollettino di criticit\u00e0 idrogeologica, dichiarando lo Stato di attenzione sul territorio del Bacino Alto Piave. Oggi \u00e8 infatti prevista instabilit\u00e0 pomeridiana con possibili fenomeni intensi in zona dolomitica. Lo Stato&hellip;<\/p>\n","protected":false},"author":4,"featured_media":158236,"comment_status":"closed","ping_status":"closed","sticky":false,"template":"","format":"standard","meta":{"_monsterinsights_skip_tracking":false,"_monsterinsights_sitenote_active":false,"_monsterinsights_sitenote_note":"","_monsterinsights_sitenote_category":0,"footnotes":""},"categories":[104,49],"tags":[],"class_list":["post-289544","post","type-post","status-publish","format-standard","has-post-thumbnail","hentry","category-evidenza_3","category-news-18","category-104","category-49","description-off"],"img_url":"https:\/\/www.radiopiu.net\/wordpress\/wp-content\/uploads\/2020\/08\/TEMPORALE.jpg","_links":{"self":[{"href":"https:\/\/www.radiopiu.net\/wordpress\/wp-json\/wp\/v2\/posts\/289544","targetHints":{"allow":["GET"]}}],"collection":[{"href":"https:\/\/www.radiopiu.net\/wordpress\/wp-json\/wp\/v2\/posts"}],"about":[{"href":"https:\/\/www.radiopiu.net\/wordpress\/wp-json\/wp\/v2\/types\/post"}],"author":[{"embeddable":true,"href":"https:\/\/www.radiopiu.net\/wordpress\/wp-json\/wp\/v2\/users\/4"}],"replies":[{"embeddable":true,"href":"https:\/\/www.radiopiu.net\/wordpress\/wp-json\/wp\/v2\/comments?post=289544"}],"version-history":[{"count":0,"href":"https:\/\/www.radiopiu.net\/wordpress\/wp-json\/wp\/v2\/posts\/289544\/revisions"}],"wp:featuredmedia":[{"embeddable":true,"href":"https:\/\/www.radiopiu.net\/wordpress\/wp-json\/wp\/v2\/media\/158236"}],"wp:attachment":[{"href":"https:\/\/www.radiopiu.net\/wordpress\/wp-json\/wp\/v2\/media?parent=289544"}],"wp:term":[{"taxonomy":"category","embeddable":true,"href":"https:\/\/www.radiopiu.net\/wordpress\/wp-json\/wp\/v2\/categories?post=289544"},{"taxonomy":"post_tag","embeddable":true,"href":"https:\/\/www.radiopiu.net\/wordpress\/wp-json\/wp\/v2\/tags?post=289544"}],"curies":[{"name":"wp","href":"https:\/\/api.w.org\/{rel}","templated":true}]}}