{"id":289557,"date":"2022-07-27T16:00:50","date_gmt":"2022-07-27T14:00:50","guid":{"rendered":"https:\/\/www.radiopiu.net\/wordpress\/?p=289557"},"modified":"2022-07-27T16:00:50","modified_gmt":"2022-07-27T14:00:50","slug":"emergenza-idrica-in-veneto-pronto-il-piano-del-commissario-straordinario-interventi-per-oltre-715-milioni-di-euro","status":"publish","type":"post","link":"https:\/\/www.radiopiu.net\/wordpress\/emergenza-idrica-in-veneto-pronto-il-piano-del-commissario-straordinario-interventi-per-oltre-715-milioni-di-euro\/","title":{"rendered":"EMERGENZA IDRICA IN VENETO. PRONTO IL PIANO DEL COMMISSARIO STRAORDINARIO. INTERVENTI PER OLTRE 715 MILIONI DI EURO"},"content":{"rendered":"<p><strong><a class=\"dt-pswp-item\" href=\"https:\/\/www.radiopiu.net\/wordpress\/wp-content\/uploads\/2022\/05\/acqua.jpg\" data-dt-img-description=\"\" data-large_image_width=\"1920\" data-large_image_height=\"1275\"><img loading=\"lazy\" decoding=\"async\" class=\"size-thumbnail wp-image-274889 alignleft\" src=\"https:\/\/www.radiopiu.net\/wordpress\/wp-content\/uploads\/2022\/05\/acqua-150x150.jpg\" alt=\"\" width=\"150\" height=\"150\" \/><\/a>VENEZIA <\/strong>Il Presidente della Regione Veneto, in veste di Commissario delegato per gli interventi urgenti per gestione della crisi idrica, sta procedendo alla definizione delle basi per l\u2019elaborazione del Piano degli interventi da mettere in atto per affrontare la situazione di emergenza idrica che l\u2019intero territorio regionale sta affrontando. Il Soggetto Attuatore coordinatore dr. Nicola Dell\u2019Acqua, avvalendosi delle strutture tecniche di Viveracqua e degli enti e delle amministrazioni coinvolte nell\u2019emergenza, ha individuato nel Piano Siccit\u00e0 e nel Piano Ricerca delle Perdite gi\u00e0 elaborati dagli enti gestori pubblici del Veneto le basi fondamentali su cui attuare il piano degli interventi che il Commissario delegato presenter\u00e0 alla Protezione Civile Nazionale per l\u2019approvazione.\u00a0 \u201c<em>La situazione \u00e8 particolarmente critica in tutta la regione \u2013 afferma il Commissario -. Il piano degli interventi prevede di agire, da un lato, per far fronte alla siccit\u00e0 con 192 interventi sulle interconnessioni per oltre 715 milioni di euro, dall\u2019altro, sul fronte della ricerca delle perdite con un investimento da oltre 400 milioni di euro mirati a far fronte agli sprechi. Si tratta di mettere in atto interventi gi\u00e0 indicati dai nostri enti gestori che, oltre ad agire rapidamente sull\u2019emergenza, stanno accelerando sul resto delle opere<\/em>\u201d. Per quanto concerne il Piano Siccit\u00e0, oltre agli interventi di emergenza per garantire la fornitura di acqua idropotabile e per la messa in sicurezza del servizio nelle attuali e gravose condizioni climatiche, gli enti gestori hanno gi\u00e0 programmato interventi strutturali la cui finalit\u00e0 \u00e8 quella di attenuare, se non di eliminare, le conseguenze di eventi siccitosi quali quello attuale e che sono stati inseriti nelle pianificazioni dei rispettivi Consigli di Bacino. Gli interventi previsti sono 192 (dei quali 17 emergenziali, 146 pianificati e 29 da pianificare) per un totale di 715.182.194 euro. Secondo caposaldo del piano del Commissario per far fronte all\u2019emergenza idrica 2022 in Veneto il Piano ricerca delle perdite al fine di ridurre lo spreco di acqua nel servizio idrico. La ricerca delle perdite nel sistema acquedottistico veneto passa attraverso l\u2019applicazione delle pi\u00f9 moderne ed efficaci tecnologie del settore e prevede l\u2019acquisizione di un\u2019enorme massa di dati da trasformare in preziose informazioni attraverso distrettualizzazioni e modellizzazioni di sistemi idrici complessi. Alla luce di tali dati, prima si procede a prelocalizzare e poi a localizzare con precisione le perdite di rete, al fine di agire in maniera mirata. Questo investimento immediato e straordinario in Veneto si attesta su 400 milioni di euro, anche a valere sul PNRR. La riduzione delle perdite passa poi necessariamente attraverso la sostituzione e l\u2019ammodernamento delle condotte. Nei prossimi 10 anni in Veneto, verranno investiti circa 900 milioni per rinnovare le reti acquedottistiche che, in media, perdono oggi circa il 40% dell\u2019acqua prelevata.<\/p>\n<p>&nbsp;<\/p>\n<p>&nbsp;<\/p>\n<p>*****<\/p>\n","protected":false},"excerpt":{"rendered":"<p>VENEZIA Il Presidente della Regione Veneto, in veste di Commissario delegato per gli interventi urgenti per gestione della crisi idrica, sta procedendo alla definizione delle basi per l\u2019elaborazione del Piano degli interventi da mettere in atto per affrontare la situazione di emergenza idrica che l\u2019intero territorio regionale sta affrontando. Il Soggetto Attuatore coordinatore dr. Nicola&hellip;<\/p>\n","protected":false},"author":4,"featured_media":274889,"comment_status":"closed","ping_status":"closed","sticky":false,"template":"","format":"standard","meta":{"_monsterinsights_skip_tracking":false,"_monsterinsights_sitenote_active":false,"_monsterinsights_sitenote_note":"","_monsterinsights_sitenote_category":0,"footnotes":""},"categories":[49],"tags":[],"class_list":["post-289557","post","type-post","status-publish","format-standard","has-post-thumbnail","hentry","category-news-18","category-49","description-off"],"img_url":"https:\/\/www.radiopiu.net\/wordpress\/wp-content\/uploads\/2022\/05\/acqua.jpg","_links":{"self":[{"href":"https:\/\/www.radiopiu.net\/wordpress\/wp-json\/wp\/v2\/posts\/289557","targetHints":{"allow":["GET"]}}],"collection":[{"href":"https:\/\/www.radiopiu.net\/wordpress\/wp-json\/wp\/v2\/posts"}],"about":[{"href":"https:\/\/www.radiopiu.net\/wordpress\/wp-json\/wp\/v2\/types\/post"}],"author":[{"embeddable":true,"href":"https:\/\/www.radiopiu.net\/wordpress\/wp-json\/wp\/v2\/users\/4"}],"replies":[{"embeddable":true,"href":"https:\/\/www.radiopiu.net\/wordpress\/wp-json\/wp\/v2\/comments?post=289557"}],"version-history":[{"count":0,"href":"https:\/\/www.radiopiu.net\/wordpress\/wp-json\/wp\/v2\/posts\/289557\/revisions"}],"wp:featuredmedia":[{"embeddable":true,"href":"https:\/\/www.radiopiu.net\/wordpress\/wp-json\/wp\/v2\/media\/274889"}],"wp:attachment":[{"href":"https:\/\/www.radiopiu.net\/wordpress\/wp-json\/wp\/v2\/media?parent=289557"}],"wp:term":[{"taxonomy":"category","embeddable":true,"href":"https:\/\/www.radiopiu.net\/wordpress\/wp-json\/wp\/v2\/categories?post=289557"},{"taxonomy":"post_tag","embeddable":true,"href":"https:\/\/www.radiopiu.net\/wordpress\/wp-json\/wp\/v2\/tags?post=289557"}],"curies":[{"name":"wp","href":"https:\/\/api.w.org\/{rel}","templated":true}]}}