{"id":289609,"date":"2022-07-27T18:17:15","date_gmt":"2022-07-27T16:17:15","guid":{"rendered":"https:\/\/www.radiopiu.net\/wordpress\/?p=289609"},"modified":"2022-07-27T18:17:50","modified_gmt":"2022-07-27T16:17:50","slug":"dillo-a-radio-piu-a-proposito-della-chiusura-della-galleria-di-segusino","status":"publish","type":"post","link":"https:\/\/www.radiopiu.net\/wordpress\/dillo-a-radio-piu-a-proposito-della-chiusura-della-galleria-di-segusino\/","title":{"rendered":"DILLO A RADIO PIU&#8217;&#8230; A PROPOSITO DELLA CHIUSURA DELLA GALLERIA DI SEGUSINO"},"content":{"rendered":"<p><em>Barriere e semafori, per ridurre le code<\/em><\/p>\n<p>Da Quero Vas riceviamo e pubblichiamo le considerazioni di Doriano Dalla Piazza, ex coordinatore della protezione civile. Pubblichiamo inoltre il suo piano per la viabilit\u00e0 del Basso Feltrino.<\/p>\n<p>&nbsp;<\/p>\n<p><span style=\"font-family: Times New Roman, serif;\"><span style=\"font-size: large;\"><img loading=\"lazy\" decoding=\"async\" class=\"alignleft\" src=\"https:\/\/www.radiopiu.net\/wordpress\/wp-content\/uploads\/2022\/07\/aaa-12.jpg\" width=\"271\" height=\"182\" \/>Mentre la zona del Cadore Zoldano ha il suo flusso naturale verso il Fadalto, e la zona del Primiero verso la Valsugana, i flussi fra l&#8217;Agordino e la pianura insistono luna la valle del Piave, in particolare sulla strada provinciale 1 Bis Madonna del Piave che collega Busche a Fener, e quindi alla provincia di Treviso. <\/span><\/span><span style=\"font-family: Times New Roman, serif;\"><span style=\"font-size: large;\">Dal giorno della chiusura della galleria, nel tardo pomeriggio dei giorni festivi si formano lunghe code, circa 7,5 km sulla SR 348 Feltrina e circa 8,5 km sulla SP 1 Bis Madonna del Piave. Ma i tempi di percorrenza per chi scende lungo la SP 1 Bis, da Busche, sono molto pi\u00f9 lunghi perch\u00e9, al momento dell&#8217;innesto sulla Feltrina, dopo il ponte di Vas, devono cedere la precedenza alle auto che scendono da Feltre. <\/span><\/span><span style=\"font-family: Times New Roman, serif;\"><span style=\"font-size: large;\">Due sono gli aspetti da sottolineare. Da quanto conosco, fino ad oggi, sembrano che non siano ancora iniziati i lavori in galleria. Per esserne certo, andr\u00f2 a vedere di persona. <\/span><\/span><span style=\"font-family: Times New Roman, serif;\"><span style=\"font-size: large;\">L&#8217;altra cosa \u00e8 il rifiuto di prendere in considerazione il piano di gestione della viabilit\u00e0 a Fener che ho proposto, e che permetterebbe di risolvere, con spese tutto sommato limitate, i disagi delle lunghe code.\u00a0 Una prima soluzione da attivarsi sino alla riapertura della galleria, ed una seconda soluzione da attivarsi solo nei pomeriggi festivi. <\/span><\/span><span style=\"font-family: Times New Roman, serif;\"><span style=\"font-size: large;\">Forse il problema risiede nell&#8217;attribuzione delle competenze: i lavori della galleria sono a carico dell&#8217;ATS (l&#8217;ente gestore della rete idrica in provincia di Treviso, e comprende anche i comuni di Quero Vas ed Alano), la competenza sulle strade \u00e8 di Veneto Strade, sono interessate anche le vie interne dell&#8217;abitato di Fener, e quindi competente \u00e8 il comune di Alano di Piave, mentre il comune di Quero Vas \u00e8 coinvolto dal fatto che i suoi cittadini sono &#8220;intrappolati&#8221; verso sud dalle code, e nessuno &#8230;.. pi\u00f9 in alto sembra prendersi a cuore la situazione.<\/span><\/span><\/p>\n<p><a href=\"https:\/\/www.radiopiu.net\/wordpress\/wp-content\/uploads\/2022\/07\/primo-livello.pptx\">primo livello<\/a><\/p>\n<p><a href=\"https:\/\/www.radiopiu.net\/wordpress\/wp-content\/uploads\/2022\/07\/secondo-livello.pptx\">secondo livello<\/a><\/p>\n<p>&nbsp;<\/p>\n<hr \/>\n<p>&nbsp;<\/p>\n","protected":false},"excerpt":{"rendered":"<p>Barriere e semafori, per ridurre le code Da Quero Vas riceviamo e pubblichiamo le considerazioni di Doriano Dalla Piazza, ex coordinatore della protezione civile. Pubblichiamo inoltre il suo piano per la viabilit\u00e0 del Basso Feltrino. &nbsp; Mentre la zona del Cadore Zoldano ha il suo flusso naturale verso il Fadalto, e la zona del Primiero&hellip;<\/p>\n","protected":false},"author":4,"featured_media":289612,"comment_status":"closed","ping_status":"closed","sticky":false,"template":"","format":"standard","meta":{"_monsterinsights_skip_tracking":false,"_monsterinsights_sitenote_active":false,"_monsterinsights_sitenote_note":"","_monsterinsights_sitenote_category":0,"footnotes":""},"categories":[51,49],"tags":[],"class_list":["post-289609","post","type-post","status-publish","format-standard","has-post-thumbnail","hentry","category-evidenza-top","category-news-18","category-51","category-49","description-off"],"img_url":"https:\/\/www.radiopiu.net\/wordpress\/wp-content\/uploads\/2022\/07\/aaa-12.jpg","_links":{"self":[{"href":"https:\/\/www.radiopiu.net\/wordpress\/wp-json\/wp\/v2\/posts\/289609","targetHints":{"allow":["GET"]}}],"collection":[{"href":"https:\/\/www.radiopiu.net\/wordpress\/wp-json\/wp\/v2\/posts"}],"about":[{"href":"https:\/\/www.radiopiu.net\/wordpress\/wp-json\/wp\/v2\/types\/post"}],"author":[{"embeddable":true,"href":"https:\/\/www.radiopiu.net\/wordpress\/wp-json\/wp\/v2\/users\/4"}],"replies":[{"embeddable":true,"href":"https:\/\/www.radiopiu.net\/wordpress\/wp-json\/wp\/v2\/comments?post=289609"}],"version-history":[{"count":0,"href":"https:\/\/www.radiopiu.net\/wordpress\/wp-json\/wp\/v2\/posts\/289609\/revisions"}],"wp:featuredmedia":[{"embeddable":true,"href":"https:\/\/www.radiopiu.net\/wordpress\/wp-json\/wp\/v2\/media\/289612"}],"wp:attachment":[{"href":"https:\/\/www.radiopiu.net\/wordpress\/wp-json\/wp\/v2\/media?parent=289609"}],"wp:term":[{"taxonomy":"category","embeddable":true,"href":"https:\/\/www.radiopiu.net\/wordpress\/wp-json\/wp\/v2\/categories?post=289609"},{"taxonomy":"post_tag","embeddable":true,"href":"https:\/\/www.radiopiu.net\/wordpress\/wp-json\/wp\/v2\/tags?post=289609"}],"curies":[{"name":"wp","href":"https:\/\/api.w.org\/{rel}","templated":true}]}}