{"id":289655,"date":"2022-07-28T05:31:57","date_gmt":"2022-07-28T03:31:57","guid":{"rendered":"https:\/\/www.radiopiu.net\/wordpress\/?p=289655"},"modified":"2022-07-28T08:47:28","modified_gmt":"2022-07-28T06:47:28","slug":"in-monopattino-contro-la-y10-giovane-gravemente-ferito-al-volto","status":"publish","type":"post","link":"https:\/\/www.radiopiu.net\/wordpress\/in-monopattino-contro-la-y10-giovane-gravemente-ferito-al-volto\/","title":{"rendered":"IN MONOPATTINO CONTRO LA Y10, GIOVANE GRAVEMENTE FERITO AL VOLTO"},"content":{"rendered":"<p><strong><a class=\"dt-pswp-item\" href=\"https:\/\/www.radiopiu.net\/wordpress\/wp-content\/uploads\/2022\/07\/SSSS-5.jpg\" data-dt-img-description=\"\" data-large_image_width=\"578\" data-large_image_height=\"332\"><img loading=\"lazy\" decoding=\"async\" class=\"size-thumbnail wp-image-289656 alignleft\" src=\"https:\/\/www.radiopiu.net\/wordpress\/wp-content\/uploads\/2022\/07\/SSSS-5-150x150.jpg\" alt=\"\" width=\"150\" height=\"150\" \/><\/a>SANTA GIUSTINA<\/strong> Dopo 10 giorni \u00a0Andrea Colle, 26 anni, di Santa Giustina \u00e8 tornato a casa. Ha subito un delicato intervento al volto all&#8221;ospedale Ca&#8217; Foncello di Treviso. Ha sofferto un violentissimo\u00a0 trauma facciale dopo l&#8217;impatto con una Lancia Ypsilon, alla cui guida c&#8217;era una donna, L.G. sempre di Santa Giustina. Lo schianto venerd\u00ec 22, alla rotatoria del bar Chicco, vicino al ponte sul torrente Veses. La dinamica \u00e8 stata ricostruita dai carabinieri della stazione di Santa Giustina. Colle si \u00e8 affidato all&#8217;avvocato di fiducia Mauro Gasperin e sostiene di<em> \u00abnon <\/em><em>aver affrontato la rotatoria contromano\u00bb <\/em>come riporta il Corriere delle Alpi nell&#8217;edizione odierna.<\/p>\n<p>FOTO CORRIERE ALPI<\/p>\n<hr \/>\n<p>&nbsp;<\/p>\n","protected":false},"excerpt":{"rendered":"<p>SANTA GIUSTINA Dopo 10 giorni \u00a0Andrea Colle, 26 anni, di Santa Giustina \u00e8 tornato a casa. Ha subito un delicato intervento al volto all&#8221;ospedale Ca&#8217; Foncello di Treviso. Ha sofferto un violentissimo\u00a0 trauma facciale dopo l&#8217;impatto con una Lancia Ypsilon, alla cui guida c&#8217;era una donna, L.G. sempre di Santa Giustina. Lo schianto venerd\u00ec 22,&hellip;<\/p>\n","protected":false},"author":4,"featured_media":289656,"comment_status":"closed","ping_status":"closed","sticky":false,"template":"","format":"standard","meta":{"_monsterinsights_skip_tracking":false,"_monsterinsights_sitenote_active":false,"_monsterinsights_sitenote_note":"","_monsterinsights_sitenote_category":0,"footnotes":""},"categories":[51,49],"tags":[],"class_list":["post-289655","post","type-post","status-publish","format-standard","has-post-thumbnail","hentry","category-evidenza-top","category-news-18","category-51","category-49","description-off"],"img_url":"https:\/\/www.radiopiu.net\/wordpress\/wp-content\/uploads\/2022\/07\/SSSS-5.jpg","_links":{"self":[{"href":"https:\/\/www.radiopiu.net\/wordpress\/wp-json\/wp\/v2\/posts\/289655","targetHints":{"allow":["GET"]}}],"collection":[{"href":"https:\/\/www.radiopiu.net\/wordpress\/wp-json\/wp\/v2\/posts"}],"about":[{"href":"https:\/\/www.radiopiu.net\/wordpress\/wp-json\/wp\/v2\/types\/post"}],"author":[{"embeddable":true,"href":"https:\/\/www.radiopiu.net\/wordpress\/wp-json\/wp\/v2\/users\/4"}],"replies":[{"embeddable":true,"href":"https:\/\/www.radiopiu.net\/wordpress\/wp-json\/wp\/v2\/comments?post=289655"}],"version-history":[{"count":0,"href":"https:\/\/www.radiopiu.net\/wordpress\/wp-json\/wp\/v2\/posts\/289655\/revisions"}],"wp:featuredmedia":[{"embeddable":true,"href":"https:\/\/www.radiopiu.net\/wordpress\/wp-json\/wp\/v2\/media\/289656"}],"wp:attachment":[{"href":"https:\/\/www.radiopiu.net\/wordpress\/wp-json\/wp\/v2\/media?parent=289655"}],"wp:term":[{"taxonomy":"category","embeddable":true,"href":"https:\/\/www.radiopiu.net\/wordpress\/wp-json\/wp\/v2\/categories?post=289655"},{"taxonomy":"post_tag","embeddable":true,"href":"https:\/\/www.radiopiu.net\/wordpress\/wp-json\/wp\/v2\/tags?post=289655"}],"curies":[{"name":"wp","href":"https:\/\/api.w.org\/{rel}","templated":true}]}}