{"id":289713,"date":"2022-07-28T13:50:32","date_gmt":"2022-07-28T11:50:32","guid":{"rendered":"https:\/\/www.radiopiu.net\/wordpress\/?p=289713"},"modified":"2022-07-28T13:55:27","modified_gmt":"2022-07-28T11:55:27","slug":"comunita-energetiche-rinnovabili-domani-il-convegno","status":"publish","type":"post","link":"https:\/\/www.radiopiu.net\/wordpress\/comunita-energetiche-rinnovabili-domani-il-convegno\/","title":{"rendered":"COMUNITA&#8217; ENERGETICHE RINNOVABILI, DOMANI IL CONVEGNO"},"content":{"rendered":"<p><strong><a class=\"dt-pswp-item\" href=\"https:\/\/www.radiopiu.net\/wordpress\/wp-content\/uploads\/2022\/07\/Marco-Stanuovo-Polacco.jpg\" data-dt-img-description=\"\" data-large_image_width=\"2000\" data-large_image_height=\"1323\"><img loading=\"lazy\" decoding=\"async\" class=\"size-thumbnail wp-image-289714 alignleft\" src=\"https:\/\/www.radiopiu.net\/wordpress\/wp-content\/uploads\/2022\/07\/Marco-Stanuovo-Polacco-150x150.jpg\" alt=\"\" width=\"150\" height=\"150\" \/><\/a>LONGARONE<\/strong> Si terr\u00e0 domani \u00a0dalle 9.30 alle 13, a Longarone Fiere Dolomiti il convegno organizzato dal Consorzio BIM Piave Belluno in collaborazione col Centro Studi Bellunese dal titolo \u201cLe Comunit\u00e0 Energetiche Rinnovabili. Un\u2019opportunit\u00e0 per il territorio bellunese\u201d. Per il Consorzio si tratta di un importante passo avanti verso un nuovo scenario energetico basato sulla generazione distribuita, che favorir\u00e0 lo sviluppo di energia a chilometro zero e di <img loading=\"lazy\" decoding=\"async\" class=\"alignright\" src=\"https:\/\/www.radiopiu.net\/wordpress\/wp-content\/uploads\/2022\/07\/Pubblico.jpg\" width=\"297\" height=\"163\" \/>reti intelligenti. Il Presidente, Marco Staunovo Polacco (foto) ci spiega che \u201c<em>l\u2019incontro vuole introdurre il tema per tutti gli attori potenzialmente coinvolti in vista dell\u2019emanazione dei prossimi bandi a valere sulle risorse del PNRR, evidenziando quali possono essere le opportunit\u00e0 per un territorio come quello bellunese che gi\u00e0 oggi produce 2,5 volte l\u2019energia che consuma e lo fa attingendo unicamente da fonti rinnovabili\u201d. <\/em>Il Presidente della Provincia di Belluno, Roberto Padrin:<em> \u201cIn un periodo di rincari e prezzi folli per luce e gas, il tema delle comunit\u00e0 energetiche \u00e8 quanto mai attuale&#8221;.\u00a0 <\/em>Il Presidente di Longarone Fiere Dolomiti, Gian Angelo Bellati, evidenzia invece la disponibilit\u00e0 della Fiera. Il suo ruolo di servizio per le comunit\u00e0 del territorio, a partire dai Comuni. Cos\u00ec come ha avuto modo di ospitare il convegno sulle Green Communities organizzato da UNCEM, con il supporto del GAL Prealpi Dolomiti, lo scorso 15 luglio (foto copertina). Per l&#8217;assessore Gianpaolo Bottacin le Green Communities uniscono una grande necessit\u00e0 dei territori montani. Per il deputato Dario Bond \u00e8 fondamentale coordinare le rappresentanze del territorio.<\/p>\n<p>&nbsp;<\/p>\n<p>&nbsp;<\/p>\n<p>___<\/p>\n","protected":false},"excerpt":{"rendered":"<p>LONGARONE Si terr\u00e0 domani \u00a0dalle 9.30 alle 13, a Longarone Fiere Dolomiti il convegno organizzato dal Consorzio BIM Piave Belluno in collaborazione col Centro Studi Bellunese dal titolo \u201cLe Comunit\u00e0 Energetiche Rinnovabili. Un\u2019opportunit\u00e0 per il territorio bellunese\u201d. Per il Consorzio si tratta di un importante passo avanti verso un nuovo scenario energetico basato sulla generazione&hellip;<\/p>\n","protected":false},"author":4,"featured_media":289715,"comment_status":"closed","ping_status":"closed","sticky":false,"template":"","format":"standard","meta":{"_monsterinsights_skip_tracking":false,"_monsterinsights_sitenote_active":false,"_monsterinsights_sitenote_note":"","_monsterinsights_sitenote_category":0,"footnotes":""},"categories":[49],"tags":[],"class_list":["post-289713","post","type-post","status-publish","format-standard","has-post-thumbnail","hentry","category-news-18","category-49","description-off"],"img_url":"https:\/\/www.radiopiu.net\/wordpress\/wp-content\/uploads\/2022\/07\/Pubblico.jpg","_links":{"self":[{"href":"https:\/\/www.radiopiu.net\/wordpress\/wp-json\/wp\/v2\/posts\/289713","targetHints":{"allow":["GET"]}}],"collection":[{"href":"https:\/\/www.radiopiu.net\/wordpress\/wp-json\/wp\/v2\/posts"}],"about":[{"href":"https:\/\/www.radiopiu.net\/wordpress\/wp-json\/wp\/v2\/types\/post"}],"author":[{"embeddable":true,"href":"https:\/\/www.radiopiu.net\/wordpress\/wp-json\/wp\/v2\/users\/4"}],"replies":[{"embeddable":true,"href":"https:\/\/www.radiopiu.net\/wordpress\/wp-json\/wp\/v2\/comments?post=289713"}],"version-history":[{"count":0,"href":"https:\/\/www.radiopiu.net\/wordpress\/wp-json\/wp\/v2\/posts\/289713\/revisions"}],"wp:featuredmedia":[{"embeddable":true,"href":"https:\/\/www.radiopiu.net\/wordpress\/wp-json\/wp\/v2\/media\/289715"}],"wp:attachment":[{"href":"https:\/\/www.radiopiu.net\/wordpress\/wp-json\/wp\/v2\/media?parent=289713"}],"wp:term":[{"taxonomy":"category","embeddable":true,"href":"https:\/\/www.radiopiu.net\/wordpress\/wp-json\/wp\/v2\/categories?post=289713"},{"taxonomy":"post_tag","embeddable":true,"href":"https:\/\/www.radiopiu.net\/wordpress\/wp-json\/wp\/v2\/tags?post=289713"}],"curies":[{"name":"wp","href":"https:\/\/api.w.org\/{rel}","templated":true}]}}