{"id":289722,"date":"2022-07-28T14:20:41","date_gmt":"2022-07-28T12:20:41","guid":{"rendered":"https:\/\/www.radiopiu.net\/wordpress\/?p=289722"},"modified":"2022-07-29T14:46:07","modified_gmt":"2022-07-29T12:46:07","slug":"dillo-a-radio-piu-sprechi-quando-lovvio-non-viene-preso-in-considerazione","status":"publish","type":"post","link":"https:\/\/www.radiopiu.net\/wordpress\/dillo-a-radio-piu-sprechi-quando-lovvio-non-viene-preso-in-considerazione\/","title":{"rendered":"DILLO A RADIO PIU&#8230;SPRECHI, QUANDO L&#8217;OVVIO NON VIENE PRESO IN CONSIDERAZIONE"},"content":{"rendered":"<p><strong>di\u00a0 Claudio Pra<\/strong><\/p>\n<p>&nbsp;<\/p>\n<p><img loading=\"lazy\" decoding=\"async\" class=\"alignleft\" src=\"https:\/\/www.radiopiu.net\/wordpress\/wp-content\/uploads\/2022\/07\/98a1e8b3-e121-4d71-b9d0-825ada6e4bbd.jpg\" width=\"265\" height=\"199\" \/>La crisi energetica dovuta alla guerra in Ucraina e alle tante speculazioni si ripercuote su tutti noi. Tocca risparmiare, ci dicono, se non si vogliono bollette salatissime che comunque presentano come minimo un raddoppio anche in condizioni normali. Pure i Comuni si lamentano e in molti casi ho sentito avanzare ipotesi di riduzione dell&#8217;illuminazione pubblica. Alleluia! Lo spreco in questo settore \u00e8 palese e da anni gli astrofili lo rimarcano. Il led sembra la panacea di tutti i mali ma non \u00e8 cos\u00ec, sempre di spreco si tratta. A cosa serve illuminare inutilmente ed eccessivamente per tutta la notte luoghi che francamente non ne hanno bisogno? Mi viene in mente la passeggiata Alleghe-Caprile. Ok, va bene magari fino alle 23.00, ma poi chi ci passa in piena notte? Ma gli esempi sono infiniti, con chiese, monumenti, edifici, strade secondarie ecc. inondate inutilmente di luce dall&#8217;alba al tramonto. Non \u00e8 spreco questo? Spegnimenti programmati e fotocellule sarebbero una logica soluzione ma si sa, a volte l&#8217;ovvio non viene preso in considerazione. Si \u00e8 poi mai pensato che un vero cielo stellato, senza il bombardamento di luci, \u00e8 un attrattiva turistica proposta a chi le stelle non sa pi\u00f9 cosa siano? Sostenibilit\u00e0, parola magica ma spesso vuota. Darle un significato vuol dire mettere mano anche a questi sprechi, led o non led.<\/p>\n<p>&nbsp;<\/p>\n<hr \/>\n<p>&nbsp;<\/p>\n","protected":false},"excerpt":{"rendered":"<p>di\u00a0 Claudio Pra &nbsp; La crisi energetica dovuta alla guerra in Ucraina e alle tante speculazioni si ripercuote su tutti noi. Tocca risparmiare, ci dicono, se non si vogliono bollette salatissime che comunque presentano come minimo un raddoppio anche in condizioni normali. Pure i Comuni si lamentano e in molti casi ho sentito avanzare ipotesi&hellip;<\/p>\n","protected":false},"author":4,"featured_media":289723,"comment_status":"closed","ping_status":"closed","sticky":false,"template":"","format":"standard","meta":{"_monsterinsights_skip_tracking":false,"_monsterinsights_sitenote_active":false,"_monsterinsights_sitenote_note":"","_monsterinsights_sitenote_category":0,"footnotes":""},"categories":[104,49],"tags":[],"class_list":["post-289722","post","type-post","status-publish","format-standard","has-post-thumbnail","hentry","category-evidenza_3","category-news-18","category-104","category-49","description-off"],"img_url":"https:\/\/www.radiopiu.net\/wordpress\/wp-content\/uploads\/2022\/07\/98a1e8b3-e121-4d71-b9d0-825ada6e4bbd.jpg","_links":{"self":[{"href":"https:\/\/www.radiopiu.net\/wordpress\/wp-json\/wp\/v2\/posts\/289722","targetHints":{"allow":["GET"]}}],"collection":[{"href":"https:\/\/www.radiopiu.net\/wordpress\/wp-json\/wp\/v2\/posts"}],"about":[{"href":"https:\/\/www.radiopiu.net\/wordpress\/wp-json\/wp\/v2\/types\/post"}],"author":[{"embeddable":true,"href":"https:\/\/www.radiopiu.net\/wordpress\/wp-json\/wp\/v2\/users\/4"}],"replies":[{"embeddable":true,"href":"https:\/\/www.radiopiu.net\/wordpress\/wp-json\/wp\/v2\/comments?post=289722"}],"version-history":[{"count":0,"href":"https:\/\/www.radiopiu.net\/wordpress\/wp-json\/wp\/v2\/posts\/289722\/revisions"}],"wp:featuredmedia":[{"embeddable":true,"href":"https:\/\/www.radiopiu.net\/wordpress\/wp-json\/wp\/v2\/media\/289723"}],"wp:attachment":[{"href":"https:\/\/www.radiopiu.net\/wordpress\/wp-json\/wp\/v2\/media?parent=289722"}],"wp:term":[{"taxonomy":"category","embeddable":true,"href":"https:\/\/www.radiopiu.net\/wordpress\/wp-json\/wp\/v2\/categories?post=289722"},{"taxonomy":"post_tag","embeddable":true,"href":"https:\/\/www.radiopiu.net\/wordpress\/wp-json\/wp\/v2\/tags?post=289722"}],"curies":[{"name":"wp","href":"https:\/\/api.w.org\/{rel}","templated":true}]}}