{"id":289763,"date":"2022-07-28T17:32:01","date_gmt":"2022-07-28T15:32:01","guid":{"rendered":"https:\/\/www.radiopiu.net\/wordpress\/?p=289763"},"modified":"2022-07-28T17:32:01","modified_gmt":"2022-07-28T15:32:01","slug":"dillo-a-radio-piu-che-dolore-il-nostro-bosco-inghiottito-dal-bostrico","status":"publish","type":"post","link":"https:\/\/www.radiopiu.net\/wordpress\/dillo-a-radio-piu-che-dolore-il-nostro-bosco-inghiottito-dal-bostrico\/","title":{"rendered":"DILLO A RADIO PIU&#8217;&#8230;CHE DOLORE IL NOSTRO BOSCO INGHIOTTITO DAL BOSTRICO"},"content":{"rendered":"<p><strong>REDAZIONE<\/strong> Riceviamo e pubblichiamo una considerazione arrivata da un nostro ascoltatore in merito al bostrico che sta colpendo le piante nei nostri boschi e al prezzo della legna da ardere che negli ultimi periodi \u00e8 raddoppiato.<\/p>\n<blockquote><p><em>La soluzione pi\u00f9 semplice non sarebbe quella che il legno bostricato tagliato rimanesse in loco e venduto ad un prezzo normale? La semplicit\u00e0 \u00e8 spesso utopica ma che almeno le amministrazioni, ai vari livelli ,che guadagnano dalla vendita di questo legname che gira l&#8217;Europa, non potrebbero destinare una parte dei ricavati alle persone che nn hanno la possibilit\u00e0 di farsi da sola la legna? Penso ad anziani soli o persone che non hanno l&#8217;attrezzatura ne la forza di andare per boschi. Scaldarsi con la legna , per chi vive in montagna, non \u00e8 un lusso ma una necessit\u00e0. E passare da 150 euro a 330 , per un pallet, in poco pi\u00f9 di un anno \u00e8 vergognoso, ma lo \u00e8 altrettanto che le persone deboli non siano aiutate neanche questa volta.<\/em><\/p>\n<p><em>Lettera firmata<\/em><\/p><\/blockquote>\n<p>&nbsp;<\/p>\n\n\t\t\t<style type='text\/css'>\n\t\t\t\t#gallery-1 {\n\t\t\t\t\tmargin: auto;\n\t\t\t\t}\n\t\t\t\t#gallery-1 .gallery-item {\n\t\t\t\t\tfloat: left;\n\t\t\t\t\tmargin-top: 10px;\n\t\t\t\t\ttext-align: center;\n\t\t\t\t\twidth: 50%;\n\t\t\t\t}\n\t\t\t\t#gallery-1 img {\n\t\t\t\t\tborder: 2px solid #cfcfcf;\n\t\t\t\t}\n\t\t\t\t#gallery-1 .gallery-caption {\n\t\t\t\t\tmargin-left: 0;\n\t\t\t\t}\n\t\t\t\t\/* see gallery_shortcode() in wp-includes\/media.php *\/\n\t\t\t<\/style>\n\t\t<div id='gallery-1' class='dt-gallery-container gallery galleryid-289763 gallery-columns-2 gallery-size-thumbnail'><dl class='gallery-item'>\n\t\t\t\t<dt class='gallery-icon landscape'>\n\t\t\t\t\t<a class=\"rollover rollover-zoom dt-pswp-item\" title=\"b31f7025-9dfc-436c-a692-097a08cf5d3d\" data-dt-img-description=\"\" data-large_image_width=\"2048\" data-large_image_height=\"924\"href='https:\/\/www.radiopiu.net\/wordpress\/wp-content\/uploads\/2022\/07\/b31f7025-9dfc-436c-a692-097a08cf5d3d.jpg'><img loading=\"lazy\" decoding=\"async\" width=\"150\" height=\"150\" src=\"https:\/\/www.radiopiu.net\/wordpress\/wp-content\/uploads\/2022\/07\/b31f7025-9dfc-436c-a692-097a08cf5d3d-150x150.jpg\" class=\"attachment-thumbnail size-thumbnail\" alt=\"\" \/><\/a>\n\t\t\t\t<\/dt><\/dl><dl class='gallery-item'>\n\t\t\t\t<dt class='gallery-icon landscape'>\n\t\t\t\t\t<a class=\"rollover rollover-zoom dt-pswp-item\" title=\"Schermata 2022-07-28 alle 17.29.10\" data-dt-img-description=\"\" data-large_image_width=\"856\" data-large_image_height=\"646\"href='https:\/\/www.radiopiu.net\/wordpress\/wp-content\/uploads\/2022\/07\/Schermata-2022-07-28-alle-17.29.10.png'><img loading=\"lazy\" decoding=\"async\" width=\"150\" height=\"150\" src=\"https:\/\/www.radiopiu.net\/wordpress\/wp-content\/uploads\/2022\/07\/Schermata-2022-07-28-alle-17.29.10-150x150.png\" class=\"attachment-thumbnail size-thumbnail\" alt=\"\" \/><\/a>\n\t\t\t\t<\/dt><\/dl><br style=\"clear: both\" \/>\n\t\t\t<\/div>\n\n<p>&nbsp;<\/p>\n<p>&nbsp;<\/p>\n<p>*****<\/p>\n","protected":false},"excerpt":{"rendered":"<p>REDAZIONE Riceviamo e pubblichiamo una considerazione arrivata da un nostro ascoltatore in merito al bostrico che sta colpendo le piante nei nostri boschi e al prezzo della legna da ardere che negli ultimi periodi \u00e8 raddoppiato. La soluzione pi\u00f9 semplice non sarebbe quella che il legno bostricato tagliato rimanesse in loco e venduto ad un&hellip;<\/p>\n","protected":false},"author":4,"featured_media":289765,"comment_status":"closed","ping_status":"closed","sticky":false,"template":"","format":"standard","meta":{"_monsterinsights_skip_tracking":false,"_monsterinsights_sitenote_active":false,"_monsterinsights_sitenote_note":"","_monsterinsights_sitenote_category":0,"footnotes":""},"categories":[49],"tags":[],"class_list":["post-289763","post","type-post","status-publish","format-standard","has-post-thumbnail","hentry","category-news-18","category-49","description-off"],"img_url":"https:\/\/www.radiopiu.net\/wordpress\/wp-content\/uploads\/2022\/07\/Schermata-2022-07-28-alle-17.29.10.png","_links":{"self":[{"href":"https:\/\/www.radiopiu.net\/wordpress\/wp-json\/wp\/v2\/posts\/289763","targetHints":{"allow":["GET"]}}],"collection":[{"href":"https:\/\/www.radiopiu.net\/wordpress\/wp-json\/wp\/v2\/posts"}],"about":[{"href":"https:\/\/www.radiopiu.net\/wordpress\/wp-json\/wp\/v2\/types\/post"}],"author":[{"embeddable":true,"href":"https:\/\/www.radiopiu.net\/wordpress\/wp-json\/wp\/v2\/users\/4"}],"replies":[{"embeddable":true,"href":"https:\/\/www.radiopiu.net\/wordpress\/wp-json\/wp\/v2\/comments?post=289763"}],"version-history":[{"count":0,"href":"https:\/\/www.radiopiu.net\/wordpress\/wp-json\/wp\/v2\/posts\/289763\/revisions"}],"wp:featuredmedia":[{"embeddable":true,"href":"https:\/\/www.radiopiu.net\/wordpress\/wp-json\/wp\/v2\/media\/289765"}],"wp:attachment":[{"href":"https:\/\/www.radiopiu.net\/wordpress\/wp-json\/wp\/v2\/media?parent=289763"}],"wp:term":[{"taxonomy":"category","embeddable":true,"href":"https:\/\/www.radiopiu.net\/wordpress\/wp-json\/wp\/v2\/categories?post=289763"},{"taxonomy":"post_tag","embeddable":true,"href":"https:\/\/www.radiopiu.net\/wordpress\/wp-json\/wp\/v2\/tags?post=289763"}],"curies":[{"name":"wp","href":"https:\/\/api.w.org\/{rel}","templated":true}]}}