{"id":289775,"date":"2022-07-29T05:21:21","date_gmt":"2022-07-29T03:21:21","guid":{"rendered":"https:\/\/www.radiopiu.net\/wordpress\/?p=289775"},"modified":"2022-07-29T05:52:47","modified_gmt":"2022-07-29T03:52:47","slug":"il-consigliere-silvano-savio-segnala-luso-di-diserbanti-nel-contesto-urbano-di-agordo","status":"publish","type":"post","link":"https:\/\/www.radiopiu.net\/wordpress\/il-consigliere-silvano-savio-segnala-luso-di-diserbanti-nel-contesto-urbano-di-agordo\/","title":{"rendered":"IL CONSIGLIERE SILVANO SAVIO SEGNALA L&#8217;USO DI DISERBANTI NEL CONTESTO URBANO DI AGORDO"},"content":{"rendered":"<p><a class=\"dt-pswp-item\" href=\"https:\/\/www.radiopiu.net\/wordpress\/wp-content\/uploads\/2021\/02\/71784bc3-f71e-47de-bda2-16363539ce3c.jpg\" data-dt-img-description=\"SILVANO SAVIO\" data-large_image_width=\"312\" data-large_image_height=\"341\"><img loading=\"lazy\" decoding=\"async\" class=\"wp-image-193172 size-thumbnail alignleft\" src=\"https:\/\/www.radiopiu.net\/wordpress\/wp-content\/uploads\/2021\/02\/71784bc3-f71e-47de-bda2-16363539ce3c-150x150.jpg\" alt=\"\" width=\"150\" height=\"150\" \/><\/a><strong>AGORDO<\/strong> Il consigliere comunale Silvano Savio ha scritto una lettera al sindaco Roberto Chissal\u00e8 per mettere in evidenza l&#8217;uso del diserbante \/defogliante nel contesto urbano di Agordo. &#8220;<em>Gi\u00e0 nel 2019 era stata evidenziata la problematica relativa all&#8217;uso improprio dei pesticidi in area urbana del nostro comune- si legge nel documento &#8211; e la perseveranza nel malcostume attuata anche nell&#8217;anno in corso e stata ribadita da numerosi cittadini<\/em>&#8221; Veleno che \u00e8 stato utilizzato nei pressi delle fontane, delle aree gioco, Broi, marciapiedi, all&#8217;interno del giardino delle scuole e cos\u00ec via. Un&#8217;operazione che secondo Savio sono un atteggiamento pregiudizievole verso la salute pubblica e la gente che si \u00e8 rivolta ai Carabinieri Forestali dove \u00e8 recentemente scaturita una segnalazione al sindaco nella qualit\u00e0 di Autorit\u00e0 Sanitaria. &#8220;<em>La grande attenzione rivolta al rispetto ambientale\u00a0 sbandierata in sede di campagna elettorale &#8211; si legge nelle lettera di Savio &#8211; non si colloca esattamente in questo esempio di condotta. La soluzione complessa e laboriosa ma fattibile, si pone verso una sensibilizzazione sociale ed individuale oltre ad un&#8217;organizzazione di volontariato, attraverso l&#8217;applicazione della rimozione meccanica delle erbe indesiderate, suggerimento inascoltato che ho ribadito a suo tempo in consiglio comunale<\/em>&#8220;.<\/p>\n\n\t\t\t<style type='text\/css'>\n\t\t\t\t#gallery-1 {\n\t\t\t\t\tmargin: auto;\n\t\t\t\t}\n\t\t\t\t#gallery-1 .gallery-item {\n\t\t\t\t\tfloat: left;\n\t\t\t\t\tmargin-top: 10px;\n\t\t\t\t\ttext-align: center;\n\t\t\t\t\twidth: 50%;\n\t\t\t\t}\n\t\t\t\t#gallery-1 img {\n\t\t\t\t\tborder: 2px solid #cfcfcf;\n\t\t\t\t}\n\t\t\t\t#gallery-1 .gallery-caption {\n\t\t\t\t\tmargin-left: 0;\n\t\t\t\t}\n\t\t\t\t\/* see gallery_shortcode() in wp-includes\/media.php *\/\n\t\t\t<\/style>\n\t\t<div id='gallery-1' class='dt-gallery-container gallery galleryid-289775 gallery-columns-2 gallery-size-thumbnail'><dl class='gallery-item'>\n\t\t\t\t<dt class='gallery-icon landscape'>\n\t\t\t\t\t<a class=\"rollover rollover-zoom dt-pswp-item\" title=\"Unknown\" data-dt-img-description=\"\" data-large_image_width=\"1280\" data-large_image_height=\"960\"href='https:\/\/www.radiopiu.net\/wordpress\/wp-content\/uploads\/2022\/07\/Unknown.jpeg'><img loading=\"lazy\" decoding=\"async\" width=\"150\" height=\"150\" src=\"https:\/\/www.radiopiu.net\/wordpress\/wp-content\/uploads\/2022\/07\/Unknown-150x150.jpeg\" class=\"attachment-thumbnail size-thumbnail\" alt=\"\" \/><\/a>\n\t\t\t\t<\/dt><\/dl><dl class='gallery-item'>\n\t\t\t\t<dt class='gallery-icon landscape'>\n\t\t\t\t\t<a class=\"rollover rollover-zoom dt-pswp-item\" title=\"Unknown-1\" data-dt-img-description=\"\" data-large_image_width=\"1280\" data-large_image_height=\"960\"href='https:\/\/www.radiopiu.net\/wordpress\/wp-content\/uploads\/2022\/07\/Unknown-1.jpeg'><img loading=\"lazy\" decoding=\"async\" width=\"150\" height=\"150\" src=\"https:\/\/www.radiopiu.net\/wordpress\/wp-content\/uploads\/2022\/07\/Unknown-1-150x150.jpeg\" class=\"attachment-thumbnail size-thumbnail\" alt=\"\" \/><\/a>\n\t\t\t\t<\/dt><\/dl><br style=\"clear: both\" \/>\n\t\t\t<\/div>\n\n<p>&nbsp;<\/p>\n<p>&nbsp;<\/p>\n<p>*****<\/p>\n","protected":false},"excerpt":{"rendered":"<p>AGORDO Il consigliere comunale Silvano Savio ha scritto una lettera al sindaco Roberto Chissal\u00e8 per mettere in evidenza l&#8217;uso del diserbante \/defogliante nel contesto urbano di Agordo. &#8220;Gi\u00e0 nel 2019 era stata evidenziata la problematica relativa all&#8217;uso improprio dei pesticidi in area urbana del nostro comune- si legge nel documento &#8211; e la perseveranza nel&hellip;<\/p>\n","protected":false},"author":4,"featured_media":193172,"comment_status":"closed","ping_status":"closed","sticky":false,"template":"","format":"standard","meta":{"_monsterinsights_skip_tracking":false,"_monsterinsights_sitenote_active":false,"_monsterinsights_sitenote_note":"","_monsterinsights_sitenote_category":0,"footnotes":""},"categories":[51,49],"tags":[],"class_list":["post-289775","post","type-post","status-publish","format-standard","has-post-thumbnail","hentry","category-evidenza-top","category-news-18","category-51","category-49","description-off"],"img_url":"https:\/\/www.radiopiu.net\/wordpress\/wp-content\/uploads\/2021\/02\/71784bc3-f71e-47de-bda2-16363539ce3c.jpg","_links":{"self":[{"href":"https:\/\/www.radiopiu.net\/wordpress\/wp-json\/wp\/v2\/posts\/289775","targetHints":{"allow":["GET"]}}],"collection":[{"href":"https:\/\/www.radiopiu.net\/wordpress\/wp-json\/wp\/v2\/posts"}],"about":[{"href":"https:\/\/www.radiopiu.net\/wordpress\/wp-json\/wp\/v2\/types\/post"}],"author":[{"embeddable":true,"href":"https:\/\/www.radiopiu.net\/wordpress\/wp-json\/wp\/v2\/users\/4"}],"replies":[{"embeddable":true,"href":"https:\/\/www.radiopiu.net\/wordpress\/wp-json\/wp\/v2\/comments?post=289775"}],"version-history":[{"count":0,"href":"https:\/\/www.radiopiu.net\/wordpress\/wp-json\/wp\/v2\/posts\/289775\/revisions"}],"wp:featuredmedia":[{"embeddable":true,"href":"https:\/\/www.radiopiu.net\/wordpress\/wp-json\/wp\/v2\/media\/193172"}],"wp:attachment":[{"href":"https:\/\/www.radiopiu.net\/wordpress\/wp-json\/wp\/v2\/media?parent=289775"}],"wp:term":[{"taxonomy":"category","embeddable":true,"href":"https:\/\/www.radiopiu.net\/wordpress\/wp-json\/wp\/v2\/categories?post=289775"},{"taxonomy":"post_tag","embeddable":true,"href":"https:\/\/www.radiopiu.net\/wordpress\/wp-json\/wp\/v2\/tags?post=289775"}],"curies":[{"name":"wp","href":"https:\/\/api.w.org\/{rel}","templated":true}]}}