{"id":289811,"date":"2022-07-30T05:30:39","date_gmt":"2022-07-30T03:30:39","guid":{"rendered":"https:\/\/www.radiopiu.net\/wordpress\/?p=289811"},"modified":"2022-07-30T13:58:24","modified_gmt":"2022-07-30T11:58:24","slug":"giornale-radiopiu-30-luglio-2022-direttore-mirko-mezzacasa","status":"publish","type":"post","link":"https:\/\/www.radiopiu.net\/wordpress\/giornale-radiopiu-30-luglio-2022-direttore-mirko-mezzacasa\/","title":{"rendered":"GIORNALE RADIOPIU 30 LUGLIO 2022 DIRETTORE MIRKO MEZZACASA"},"content":{"rendered":"<h3 class=\"kvgmc6g5 cxmmr5t8 oygrvhab hcukyx3x c1et5uql\"><span style=\"color: #0000ff;\"><strong>RADIO PIU INFORMAZIONE il canale su TELEGRAM informazione di prima\u00a0 <\/strong><\/span><span style=\"color: #0000ff;\"><strong>mano e in tempo reale. iscriviti ed aiutaci a farlo conoscere\u00a0 \u00a0<\/strong><\/span><\/h3>\n<p><iframe loading=\"lazy\" title=\"Rocca Pietore, Marmolada, Val Pettorina\" width=\"1200\" height=\"675\" src=\"https:\/\/www.youtube.com\/embed\/fnodpFI2M1w?feature=oembed\" frameborder=\"0\" allow=\"accelerometer; autoplay; clipboard-write; encrypted-media; gyroscope; picture-in-picture\" allowfullscreen><\/iframe><\/p>\n<p>&nbsp;<\/p>\n<p>&nbsp;<\/p>\n<hr \/>\n<p>&nbsp;<\/p>\n<blockquote>\n<h3>ACQUA NON POTABILE A MOE&#8217; DI LASTE DI ROCCA PIETORE<\/h3>\n<\/blockquote>\n<p><strong>ROCCA PIETORE<\/strong> Gestione Servizi Pubblici informa che a ROCCA PIETORE in localit\u00e0 MOE\u2019 DI LASTE l&#8217;acqua erogata dall&#8217;acquedotto non \u00e8 potabile e pu\u00f2 essere usata per scopi alimentari SOLO PREVIA bollitura. GSP ha, comunque, gi\u00e0 adottato le necessarie misure per la disinfezione dell&#8217;acqua presente nei serbatoi e nella rete idrica con l&#8217;aggiunta di cloro.<\/p>\n<p>&nbsp;<\/p>\n<hr \/>\n<p>&nbsp;<\/p>\n<blockquote>\n<h3><strong>DOMANI: PUNTO TAMPONI STRAORDINARIO A PALUDI\u00a0 <\/strong><\/h3>\n<\/blockquote>\n<p><strong>BELLUNO<\/strong> L\u2019Ulss Dolomiti attiva per domani dalle 8.30 alle 12.30 un punto tamponi a Paludi per persone con sintomatologia covid, ad accesso libero.\u00a0 Sar\u00e0 presente un operatore sanitario per il triage all\u2019ingresso. Non \u00e8 quindi necessario chiamare il 118 o la Guardia medica per l\u2019impegnativa. Si invitano le persone a non rivolgersi al 118 per richieste di prescrizione di tampone.<\/p>\n<p>&nbsp;<\/p>\n<hr \/>\n<p>&nbsp;<\/p>\n<blockquote>\n<h3>TRAGEDIA A LONGARONE. BIMBO DI DUE ANNI INGHIOTTE QUALCOSA E MUORE<\/h3>\n<\/blockquote>\n<p><strong><a class=\"dt-pswp-item\" href=\"https:\/\/www.radiopiu.net\/wordpress\/wp-content\/uploads\/2019\/02\/lutto-fiore.jpg\" data-dt-img-description=\"\" data-large_image_width=\"1920\" data-large_image_height=\"1280\"><img loading=\"lazy\" decoding=\"async\" class=\" wp-image-75491 alignleft\" src=\"https:\/\/www.radiopiu.net\/wordpress\/wp-content\/uploads\/2019\/02\/lutto-fiore-150x150.jpg\" alt=\"\" width=\"122\" height=\"122\" \/><\/a>LONGARONE<\/strong> Tragedia a Longarone, un bimbo di due anni, Nicol\u00f2, ha perso la vita dopo aver inghiottito qualche cosa. Subito la corsa all&#8217;ospedale di Pieve di Cadore dove il bambino \u00e8 arrivato alle 14 in codice rosso e le sue condizioni sono apparse subito critiche. I sanitari lo hanno tempestivamente preso in carico e hanno avviato le manovre di rianimazione, che purtroppo sono risultate vane. Alle 16 \u00e8 stato constatando il decesso del piccolo paziente. Il caso \u00e8 ora al vaglio dell&#8217;autorit\u00e0 giudiziaria per i riscontri di rito. L&#8217;Ulss e il personale tutto sono vicini al dolore della famiglia a cui assicurano ogni forma di sostegno necessario.<\/p>\n<p>Una tragedia per la giovane coppia di genitori di Codissago,\u00a0 il pap\u00e0 Diego Feltrin e la mamma Serena. La Procura di Belluno ha aperto un&#8217;inchiesta, il sostituto procuratore ha ordinato venga eseguito l&#8217;esame autoptico e tossicologico, per questo \u00e8 gi\u00e0 stato incaricato il medico Antonello Cirnelli. Ci vorr\u00e0 tempo per avere tutte le risposte ufficiali, utili a cercare di spiegare una morte inaccettabile. Il sindaco di Longarone Roberto Padrin \u00e8 sconvolto <em>&#8220;Siamo tutti molto tristi per quello che \u00e8 successo e non possiamo che essere il pi\u00f9 possibile vicini a questa coppia, che ha perso improvvisamente un bambino cos\u00ec piccolo. Porgo le pi\u00f9 sentite condoglianze, sia mie personali che da parte di tutta la nostra comunit\u00e0&#8221;<\/em>. Per il longaronese un&#8217;altra tragedia, a distanza di pochi giorni dalla morte di\u00a0 Nicola Valmassoi, il 29enne di Castellavazzo vittima di un incidente in moto lungo la 51 di Alemagna.<\/p>\n<p>&nbsp;<\/p>\n<hr \/>\n<p>&nbsp;<\/p>\n<blockquote>\n<h3>DUE FERITI NON GRAVI NELL&#8217;INCIDENTE DI COL CAVALIER<\/h3>\n<\/blockquote>\n<p><strong><img loading=\"lazy\" decoding=\"async\" class=\"alignleft\" src=\"https:\/\/www.radiopiu.net\/wordpress\/wp-content\/uploads\/2022\/07\/aaa-14.jpg\" width=\"181\" height=\"104\" \/>BELLUNO<\/strong> Carambola ieri sera\u00a0 alle 20 all&#8217;interno della galleria del Col Cavalier. Coinvolte due auto (una finita ruote all&#8217;aria), due i feriti di media gravit\u00e0. Impegnativo intervento per i vigili del fuoco che hanno estratto i feriti dall&#8217;auto, accompagnati dal Suem in ospedale.\u00a0 I carabinieri e personale di Veneto Strade hanno bloccato il traffico per permettere i soccorsI e le messa in sicurezza delle strada. L&#8217;intervento si \u00e8 concluso solo dopo le 22<\/p>\n<p>&nbsp;<\/p>\n<div style=\"width: 848px;\" class=\"wp-video\"><video class=\"wp-video-shortcode\" id=\"video-289811-1\" width=\"848\" height=\"480\" preload=\"metadata\" controls=\"controls\"><source type=\"video\/mp4\" src=\"https:\/\/www.radiopiu.net\/wordpress\/wp-content\/uploads\/2022\/07\/WhatsApp-Video-2022-07-29-at-21.03.26.mp4?_=1\" \/><a href=\"https:\/\/www.radiopiu.net\/wordpress\/wp-content\/uploads\/2022\/07\/WhatsApp-Video-2022-07-29-at-21.03.26.mp4\">https:\/\/www.radiopiu.net\/wordpress\/wp-content\/uploads\/2022\/07\/WhatsApp-Video-2022-07-29-at-21.03.26.mp4<\/a><\/video><\/div>\n<p>&nbsp;<\/p>\n<p>&nbsp;<\/p>\n<p>&nbsp;<\/p>\n<hr \/>\n<p>&nbsp;<\/p>\n<blockquote>\n<h3>ALL&#8217;INVITO DI ABBASSARE LA MUSICA RISPONDE BRANDENDO UN COLTELLO, FERITI DUE AGENTI DI POLIZIA.<br \/>\nARRESTATO E SCARCERATO<\/h3>\n<\/blockquote>\n<p><strong><img loading=\"lazy\" decoding=\"async\" class=\"alignleft\" src=\"https:\/\/www.radiopiu.net\/wordpress\/wp-content\/uploads\/2022\/05\/POLIZIA-1.jpg\" width=\"222\" height=\"125\" \/>BELLUNO<\/strong> Gli agenti della volante della Questura di Belluno martedi\u00a0 hanno arrestato G.T. un ventisettenne italiano indagato per i reati di resistenza a pubblico ufficiale, tentate lesioni personali aggravate dall&#8217;uso del coltello, lesioni personali aggravate nei confronti degli agenti ed anche danneggiamenti<\/p>\n<p><strong>I FATTI<\/strong><\/p>\n<p>Dopo una chiamata al 113, per una segnalazione di musica ad alto volume, i poliziotti si sono recati presso l&#8217;abitazione trovando l&#8217;uomo con tra le mani un lungo coltello da cucina e in stato di alterazione per abuso di bevande alcooliche. Da subito ha iniziato a minacciare i poliziotti che hanno provato, invano, ad instaurare un dialogo costruttivo per far cessare la musica. Il ventisettenne non ha voluto sentire continuando a minacciare, gli agenti dopo aver schivato le coltellate lo hanno disarmato e condotto in Questura.<\/p>\n<p><strong>SECONDA PARTE<\/strong><\/p>\n<p>Prima dell&#8217;arrivo in\u00a0 Questura l&#8217;uomo, ha cagionato lesioni personali a due operatori della volante, anche mordendo un braccio, ha danneggiato l&#8217;abitacolo dell&#8217;auto e preso a testate la portiera. Quindi la decisione di associarlo al carcere di Baldenich a disposizione dell&#8217;autorit\u00e0 giudiziaria. Il Giudice per le indagini preliminari da mercoledi, dopo aver convalidato l&#8217;arresto lo ha sottoposto alla misura cautelare dell&#8217;obbligo di firma presso la polizia giudiziaria.<\/p>\n<p>&nbsp;<\/p>\n<hr \/>\n<p>&nbsp;<\/p>\n<blockquote>\n<h3>E&#8217; MORTO IL MISSIONARIO DI AGORDO FORTUNATO DE PELLEGRIN<\/h3>\n<\/blockquote>\n<p><strong>AGORDO\u00a0<\/strong> Padre Fortunato De Pellegrin\u00a0 era nato il 5 luglio 1931 a Colvignas di Agordo. Dopo una vita da missionario, aveva prestato servizio\u00a0 al santuario Santa Maria delle Grazie di Rocca Pietore.\u00a0 La notizia della sua morte \u00e8 stata comunicata dal frate Federico Righetti, vicario della Provincia di Sant&#8217;Antonio dei Frati Minori,\u00a0 al vescovo Renato Marangoni.\u00ab <em>Il suo ministero \u00e8 stato ricchissimo di esperienze pastorali, prima in alcune parrocchie del Veneto e poi in terre di missione\u00bb<\/em>, lo ricorda monsignor cos\u00ec Monsignor Giorgio Lise, che da arcidiacono di Agordo l&#8217;ha conosciuto ed apprezzato<\/p>\n<p><img loading=\"lazy\" decoding=\"async\" class=\"\" src=\"https:\/\/www.radiopiu.net\/wordpress\/wp-content\/uploads\/2022\/07\/AA.png\" width=\"344\" height=\"209\" \/><\/p>\n<p>&nbsp;<\/p>\n<hr \/>\n<p>&nbsp;<\/p>\n<blockquote>\n<h3><a class=\"dt-pswp-item\" href=\"https:\/\/www.radiopiu.net\/wordpress\/wp-content\/uploads\/2022\/07\/ssss-7.jpg\" data-dt-img-description=\"\" data-large_image_width=\"274\" data-large_image_height=\"394\"><img loading=\"lazy\" decoding=\"async\" class=\" wp-image-289995 alignleft\" src=\"https:\/\/www.radiopiu.net\/wordpress\/wp-content\/uploads\/2022\/07\/ssss-7-150x150.jpg\" alt=\"\" width=\"125\" height=\"125\" \/><\/a>ADDIO ALLA MAESTRA\u00a0 TERESA, MANCATA A 102 ANNI<\/h3>\n<\/blockquote>\n<p><strong>VALLE DI CADORE\u00a0<\/strong>E&#8217; mancata\u00a0 a 102 anni Teresa Soncino, la donna piu&#8217; anziana del paese. Lascia i figli Maria e Romolo il genero Enrico e la nuora Ester i nipoti Giulia, Paolo, Song e Martino. Originaria di Valle di Cadore per 40 anni e&#8217; stata maestra elementare a Cibiana, Sottocastello e a Valle di Cadore.<\/p>\n<p>&nbsp;<\/p>\n<p>&nbsp;<\/p>\n<hr \/>\n<p>&nbsp;<\/p>\n<blockquote>\n<h3>ESCURSIONISTA SFINITO DALLA STACHEZZA RECUPERATO AL RIFUGIO LAVAREDO<\/h3>\n<\/blockquote>\n<p><strong><a class=\"dt-pswp-item\" href=\"https:\/\/www.radiopiu.net\/wordpress\/wp-content\/uploads\/2022\/04\/soccorso-alpino-1024x602-1.jpg\" data-dt-img-description=\"\" data-large_image_width=\"1024\" data-large_image_height=\"602\"><img loading=\"lazy\" decoding=\"async\" class=\" wp-image-270917 alignleft\" src=\"https:\/\/www.radiopiu.net\/wordpress\/wp-content\/uploads\/2022\/04\/soccorso-alpino-1024x602-1-150x150.jpg\" alt=\"\" width=\"86\" height=\"86\" \/><\/a> <\/strong><\/p>\n<p><strong>AURONZO DI CADORE<\/strong> Ieri attorno alle 11.30 un squadra del Soccorso alpino della Guardia di finanza di Auronzo \u00e8 intervenuta su richiesta del gestore del Rifugio Lavaredo, per un escursionista esausto, incapace di proseguire. L&#8217;uomo, un 84enne svizzero, che si trovava lungo il tragitto tra il Rifugio Auronzo e il Lavaredo, \u00e8 stato raggiunto dai soccorritori e accompagnato al parcheggio, da dove si \u00e8 allontanato con i propri mezzi.<\/p>\n<p>&nbsp;<\/p>\n<blockquote>\n<h3>GIOVANE CADE CON LA MOUTAIN BIKE<\/h3>\n<\/blockquote>\n<p><strong>CORTINA<\/strong> Verso le 15 di ieri una squadra del Soccorso alpino di Cortina \u00e8 stata attivata per un giovane ciclista, caduto con la mountain bike in discesa al Cortina bike park di Lacedel. Il diciassettenne di Noale (VE), che si era fatto male a un braccio, \u00e8 stato raggiunto in jeep e accompagnato all&#8217;ospedale.<\/p>\n<p>&nbsp;<\/p>\n<blockquote>\n<h3>ASFALTO BAGNATO E SCIVOLA CON LA MOUNTAIN BIKE<\/h3>\n<\/blockquote>\n<p><strong>AURONZO DI CADORE<\/strong> Attorno alle 17 l&#8217;elicottero di Dolomiti Emergency \u00e8 volato a Dogana vecchia di Misurina, per una ciclista 30enne di Modena scivolata con la mountain bike sull&#8217;asfalto bagnato. Sbarcati con un verricello nelle vicinanze, equipe medica e tecnico di elisoccorso hanno prestato le prime cure alla ragazza che si trovava con il compagno, per un probabile politrauma, la hanno imbarellata e issata a bordo, per poi trasportarla all&#8217;ospedale di Belluno.<\/p>\n<p>&nbsp;<\/p>\n<p>&nbsp;<\/p>\n<hr \/>\n<p>&nbsp;<\/p>\n<blockquote>\n<h3>UNA DOZZINA DI LANCI DALL&#8217;ELICOTTERO SULL&#8217;INCENDIO DI LOZZO DI CADORE<\/h3>\n<\/blockquote>\n<p><strong>LOZZO DI CADORE<\/strong> L&#8217;elicottero regionale, nella giornata di ieri, ha effettuato una dozzina di lanci sull&#8217;incendio di Lozzo di Cadore in un&#8217;area in cui la sterpaglia risultava ancora calda. La situazione si \u00e8 tranquillizzata e l&#8217;elicottero e gli uomini di terra sono rientrati. Oggi \u00e8 prevista la pioggia ma si continuer\u00e0 con i monitoraggi dell&#8217;area.<\/p>\n<div style=\"width: 640px;\" class=\"wp-video\"><video class=\"wp-video-shortcode\" id=\"video-289811-2\" width=\"640\" height=\"480\" preload=\"metadata\" controls=\"controls\"><source type=\"video\/mp4\" src=\"https:\/\/www.radiopiu.net\/wordpress\/wp-content\/uploads\/2022\/07\/WhatsApp-Video-2022-07-29-at-19.00.49.mp4?_=2\" \/><a href=\"https:\/\/www.radiopiu.net\/wordpress\/wp-content\/uploads\/2022\/07\/WhatsApp-Video-2022-07-29-at-19.00.49.mp4\">https:\/\/www.radiopiu.net\/wordpress\/wp-content\/uploads\/2022\/07\/WhatsApp-Video-2022-07-29-at-19.00.49.mp4<\/a><\/video><\/div>\n<p>&nbsp;<\/p>\n<hr \/>\n<p>&nbsp;<\/p>\n<blockquote>\n<h3>EVACUATA PISCINA ED ISTITUTO SCOLASTICO PER UNA FUGA DI GAS<\/h3>\n<\/blockquote>\n<p><strong><img loading=\"lazy\" decoding=\"async\" class=\"alignleft\" src=\"https:\/\/www.radiopiu.net\/wordpress\/wp-content\/uploads\/2022\/07\/AAA-13.jpg\" width=\"175\" height=\"98\" \/>PEDAVENA.<\/strong> Fuga di metano nella mattinata di ieri durante i lavori di adeguamento antisismico alla scuola di Pedavena. E\u2019 stata la stessa ditta ad avvertire dell\u2019abbondante perdita Bim Gsp. Sul posto anche i vigili del fuoco e i carabinieri che hanno provveduto ad evacuare la vicina piscina e il personale dell\u2019istituto scolastico. Traffico bloccato fino al termine dei lavori di riparazione e ripristino.<\/p>\n<p><strong>FOTO COPERTINA ARCHIVIO<\/strong><\/p>\n<p>&nbsp;<\/p>\n<hr \/>\n<p>&nbsp;<\/p>\n<blockquote>\n<h3>RECUPERO DEI PORTICI IN PIAZZA E PULIZIA DEI POP DEL GROTA<\/h3>\n<\/blockquote>\n<p><strong>AGORDO<\/strong><\/p>\n<p>di Gianni Santomaso<\/p>\n<audio class=\"wp-audio-shortcode\" id=\"audio-289811-1\" preload=\"none\" style=\"width: 100%;\" controls=\"controls\"><source type=\"audio\/mpeg\" src=\"https:\/\/www.radiopiu.net\/wordpress\/wp-content\/uploads\/2022\/07\/GIANNI-RECUPERO-DEI-PORTICI-IN-PIAZZA-E-PULIZIA-DEI-POP-DEI-GROTA.mp3?_=1\" \/><a href=\"https:\/\/www.radiopiu.net\/wordpress\/wp-content\/uploads\/2022\/07\/GIANNI-RECUPERO-DEI-PORTICI-IN-PIAZZA-E-PULIZIA-DEI-POP-DEI-GROTA.mp3\">https:\/\/www.radiopiu.net\/wordpress\/wp-content\/uploads\/2022\/07\/GIANNI-RECUPERO-DEI-PORTICI-IN-PIAZZA-E-PULIZIA-DEI-POP-DEI-GROTA.mp3<\/a><\/audio>\n<p>&nbsp;<\/p>\n\n\t\t\t<style type='text\/css'>\n\t\t\t\t#gallery-1 {\n\t\t\t\t\tmargin: auto;\n\t\t\t\t}\n\t\t\t\t#gallery-1 .gallery-item {\n\t\t\t\t\tfloat: left;\n\t\t\t\t\tmargin-top: 10px;\n\t\t\t\t\ttext-align: center;\n\t\t\t\t\twidth: 50%;\n\t\t\t\t}\n\t\t\t\t#gallery-1 img {\n\t\t\t\t\tborder: 2px solid #cfcfcf;\n\t\t\t\t}\n\t\t\t\t#gallery-1 .gallery-caption {\n\t\t\t\t\tmargin-left: 0;\n\t\t\t\t}\n\t\t\t\t\/* see gallery_shortcode() in wp-includes\/media.php *\/\n\t\t\t<\/style>\n\t\t<div id='gallery-1' class='dt-gallery-container gallery galleryid-289811 gallery-columns-2 gallery-size-thumbnail'><dl class='gallery-item'>\n\t\t\t\t<dt class='gallery-icon landscape'>\n\t\t\t\t\t<a class=\"rollover rollover-zoom dt-pswp-item\" title=\"233f3197-9da0-4daa-bb8c-04edef593665\" data-dt-img-description=\"\" data-large_image_width=\"1600\" data-large_image_height=\"901\"href='https:\/\/www.radiopiu.net\/wordpress\/wp-content\/uploads\/2022\/07\/233f3197-9da0-4daa-bb8c-04edef593665.jpg'><img loading=\"lazy\" decoding=\"async\" width=\"150\" height=\"150\" src=\"https:\/\/www.radiopiu.net\/wordpress\/wp-content\/uploads\/2022\/07\/233f3197-9da0-4daa-bb8c-04edef593665-150x150.jpg\" class=\"attachment-thumbnail size-thumbnail\" alt=\"\" \/><\/a>\n\t\t\t\t<\/dt><\/dl><dl class='gallery-item'>\n\t\t\t\t<dt class='gallery-icon landscape'>\n\t\t\t\t\t<a class=\"rollover rollover-zoom dt-pswp-item\" title=\"3756fe68-9aeb-4533-9391-8d088b91d057\" data-dt-img-description=\"\" data-large_image_width=\"1600\" data-large_image_height=\"901\"href='https:\/\/www.radiopiu.net\/wordpress\/wp-content\/uploads\/2022\/07\/3756fe68-9aeb-4533-9391-8d088b91d057.jpg'><img loading=\"lazy\" decoding=\"async\" width=\"150\" height=\"150\" src=\"https:\/\/www.radiopiu.net\/wordpress\/wp-content\/uploads\/2022\/07\/3756fe68-9aeb-4533-9391-8d088b91d057-150x150.jpg\" class=\"attachment-thumbnail size-thumbnail\" alt=\"\" \/><\/a>\n\t\t\t\t<\/dt><\/dl><br style=\"clear: both\" \/>\n\t\t\t<\/div>\n\n<p>&nbsp;<\/p>\n<p>&nbsp;<\/p>\n<hr \/>\n<p>&nbsp;<\/p>\n<p>&nbsp;<\/p>\n<blockquote>\n<h3><a class=\"dt-pswp-item\" href=\"https:\/\/www.radiopiu.net\/wordpress\/wp-content\/uploads\/2021\/05\/GIOVANNI-DEON.jpg\" data-dt-img-description=\"NINO DEON\" data-large_image_width=\"228\" data-large_image_height=\"221\"><img loading=\"lazy\" decoding=\"async\" class=\"size-thumbnail wp-image-212771 alignleft\" src=\"https:\/\/www.radiopiu.net\/wordpress\/wp-content\/uploads\/2021\/05\/GIOVANNI-DEON-150x150.jpg\" alt=\"\" width=\"150\" height=\"150\" \/><\/a>GIOVEDI L&#8217;ELEZIONE DEL NUOVO PRESIDENTE DELL&#8217;UNIONE MONTANA AGORDINA.<\/h3>\n<\/blockquote>\n<p><strong>\u00a0<\/strong><strong>AGORDO<\/strong> Il consigliere anziano Giovanni Nino Deon, ha convocato il consiglio dell&#8217;Unione Montana per giovedi 4 agosto alle 19. All&#8217;ordine del giorno la presa d&#8217;atto dei nuovi rappresentanti dei Comuni di Falcade e Rivamonte, l&#8217;elezione e nomina del Presidente dell&#8217;Unione Montana.<\/p>\n<p>&nbsp;<\/p>\n<p>&nbsp;<\/p>\n<hr \/>\n<p>&nbsp;<\/p>\n<blockquote>\n<h3>GSP, AGGIORNAMENTO EMERGENZA IDRICA<\/h3>\n<\/blockquote>\n<p><strong><img loading=\"lazy\" decoding=\"async\" class=\"alignleft\" src=\"https:\/\/www.radiopiu.net\/wordpress\/wp-content\/uploads\/2022\/01\/IMG-20220121-WA0004.jpg\" width=\"253\" height=\"142\" \/>BELLUNO<\/strong> Continua a mantenersi stabile l\u2019erogazione idrica nei comuni di Alpago e Tambre. I razionamenti notturni messi in atto nei giorni scorsi, unitamente alle interconnessioni tra acquedotti realizzate per tempo e ai costanti rifornimenti effettuati con le autobotti di Bim Gsp e dei Vigili del fuoco, hanno dato risultati positivi: i livelli delle vasche dell\u2019acquedotto a servizio delle localit\u00e0 di Puos e Farra, in Alpago, e Lavina, Soralavina e Borsoi di Tambre, infatti, sono ad oggi stabili e assicurano regolarit\u00e0 nella fornitura idrica giornaliera all\u2019utenza collegata. Proseguir\u00e0, pertanto, anche nei prossimi giorni il razionamento idrico, tra le 22 e le 6, in localit\u00e0 Villanova. Saranno mantenuti attivi anche i razionamenti, sempre tra le 22 e le 6, a Belluno, nelle localit\u00e0 Nevegal e vie Internati e Deportati, La Vignetta, Brigata Marche, San Lorenzo, De Min, P.le Stazione e Galleria Caffi, e a\u00a0Ponte nelle Alpi, nelle zone di Casan, Paiane, Soccher, Lizzona, Losego e Vena d&#8217;Oro.<br \/>\nNon sono previsti, al momento, rifornimenti con le autobotti: verranno attivati in caso di necessit\u00e0.<br \/>\nRimane stabile la situazione anche a Borgo Valbelluna e Feltre, mentre potrebbero verificarsi cali di pressione o temporanee mancanze d\u2019acqua a Fonzaso, nella parte alta del Comune, e a Limana, nelle localit\u00e0 Giaon, Navasa, La Cal, Canalet, Praloran, Mane, Sampoi e via Roma est.<\/p>\n<p>&nbsp;<\/p>\n<p>&nbsp;<\/p>\n<p>&nbsp;<\/p>\n<hr \/>\n<p>&nbsp;<\/p>\n<blockquote>\n<h3>INVESTISCUOLA, GLI ABBONAMENTI SCOLASTICI CON I FONDI COMUNI CONFINANTI<\/h3>\n<\/blockquote>\n<p><strong><a class=\"dt-pswp-item\" href=\"https:\/\/www.radiopiu.net\/wordpress\/wp-content\/uploads\/2022\/07\/f36fdb0a-04ef-4166-95d0-c477963fb8e3.jpg\" data-dt-img-description=\"\" data-large_image_width=\"1600\" data-large_image_height=\"902\"><img loading=\"lazy\" decoding=\"async\" class=\"alignleft wp-image-289938 \" src=\"https:\/\/www.radiopiu.net\/wordpress\/wp-content\/uploads\/2022\/07\/f36fdb0a-04ef-4166-95d0-c477963fb8e3-300x169.jpg\" alt=\"\" width=\"174\" height=\"98\" srcset=\"https:\/\/www.radiopiu.net\/wordpress\/wp-content\/uploads\/2022\/07\/f36fdb0a-04ef-4166-95d0-c477963fb8e3-300x169.jpg 300w, https:\/\/www.radiopiu.net\/wordpress\/wp-content\/uploads\/2022\/07\/f36fdb0a-04ef-4166-95d0-c477963fb8e3-1024x577.jpg 1024w, https:\/\/www.radiopiu.net\/wordpress\/wp-content\/uploads\/2022\/07\/f36fdb0a-04ef-4166-95d0-c477963fb8e3-768x433.jpg 768w, https:\/\/www.radiopiu.net\/wordpress\/wp-content\/uploads\/2022\/07\/f36fdb0a-04ef-4166-95d0-c477963fb8e3-1536x866.jpg 1536w, https:\/\/www.radiopiu.net\/wordpress\/wp-content\/uploads\/2022\/07\/f36fdb0a-04ef-4166-95d0-c477963fb8e3.jpg 1600w\" sizes=\"auto, (max-width: 174px) 100vw, 174px\" \/><\/a>BELLUNO<\/strong><\/p>\n<p>di Moreno Gioli<\/p>\n<audio class=\"wp-audio-shortcode\" id=\"audio-289811-2\" preload=\"none\" style=\"width: 100%;\" controls=\"controls\"><source type=\"audio\/mpeg\" src=\"https:\/\/www.radiopiu.net\/wordpress\/wp-content\/uploads\/2022\/07\/GIOLI-INVESTISCUOLA.mp3?_=2\" \/><a href=\"https:\/\/www.radiopiu.net\/wordpress\/wp-content\/uploads\/2022\/07\/GIOLI-INVESTISCUOLA.mp3\">https:\/\/www.radiopiu.net\/wordpress\/wp-content\/uploads\/2022\/07\/GIOLI-INVESTISCUOLA.mp3<\/a><\/audio>\n<p>&nbsp;<\/p>\n<p><strong>DARIO BOND<\/strong><\/p>\n<audio class=\"wp-audio-shortcode\" id=\"audio-289811-3\" preload=\"none\" style=\"width: 100%;\" controls=\"controls\"><source type=\"audio\/mpeg\" src=\"https:\/\/www.radiopiu.net\/wordpress\/wp-content\/uploads\/2022\/07\/BOND-INVESTISCUOLA.mp3?_=3\" \/><a href=\"https:\/\/www.radiopiu.net\/wordpress\/wp-content\/uploads\/2022\/07\/BOND-INVESTISCUOLA.mp3\">https:\/\/www.radiopiu.net\/wordpress\/wp-content\/uploads\/2022\/07\/BOND-INVESTISCUOLA.mp3<\/a><\/audio>\n<p>&nbsp;<\/p>\n<hr \/>\n<p>&nbsp;<\/p>\n<blockquote>\n<h3>L&#8217;OPPORTUNITA&#8217; PER &#8220;CAMBIARE ARIA&#8221; CON IL BANDO DELLA REGIONE VENETO<\/h3>\n<\/blockquote>\n<blockquote><p><em>\u00a0E&#8217; stato pubblicato il bando per la concessione di contributi finalizzati alla rottamazione delle vecchie stufe. Fino al 15 settembre il tempo per le manifestazioni di interesse. Gianpaolo Bottacin &#8220;Quattro milioni a disposizione e priorit\u00e0 ai redditi pi\u00f9 bassi\u201d<\/em><\/p><\/blockquote>\n<p><a class=\"dt-pswp-item\" href=\"https:\/\/www.radiopiu.net\/wordpress\/wp-content\/uploads\/2022\/07\/8fa1321c-c827-4293-8825-b5021d4eb692-1.jpg\" data-dt-img-description=\"\" data-large_image_width=\"1600\" data-large_image_height=\"1082\"><img loading=\"lazy\" decoding=\"async\" class=\"wp-image-289877 size-medium alignleft\" src=\"https:\/\/www.radiopiu.net\/wordpress\/wp-content\/uploads\/2022\/07\/8fa1321c-c827-4293-8825-b5021d4eb692-1-300x203.jpg\" alt=\"\" width=\"300\" height=\"203\" srcset=\"https:\/\/www.radiopiu.net\/wordpress\/wp-content\/uploads\/2022\/07\/8fa1321c-c827-4293-8825-b5021d4eb692-1-300x203.jpg 300w, https:\/\/www.radiopiu.net\/wordpress\/wp-content\/uploads\/2022\/07\/8fa1321c-c827-4293-8825-b5021d4eb692-1-1024x692.jpg 1024w, https:\/\/www.radiopiu.net\/wordpress\/wp-content\/uploads\/2022\/07\/8fa1321c-c827-4293-8825-b5021d4eb692-1-768x519.jpg 768w, https:\/\/www.radiopiu.net\/wordpress\/wp-content\/uploads\/2022\/07\/8fa1321c-c827-4293-8825-b5021d4eb692-1-1536x1039.jpg 1536w, https:\/\/www.radiopiu.net\/wordpress\/wp-content\/uploads\/2022\/07\/8fa1321c-c827-4293-8825-b5021d4eb692-1.jpg 1600w\" sizes=\"auto, (max-width: 300px) 100vw, 300px\" \/><\/a><strong>VENEZIA\u00a0<\/strong> E stato pubblicato sul\u00a0 <em>Bur\u00a0<\/em> il bando per la concessione di contributi regionali, destinati alla rottamazione e acquisto di impianti termici domestici a combustione di biomassa legnosa, che era gi\u00e0 stato approvato dalla Giunta regionale. <em>\u201cUna delle tante azioni che la nostra Regione mette in campo per il risanamento dell\u2019aria &#8211; afferma Gianpaolo Bottacin, assessore all\u2019Ambiente, promotore dell\u2019iniziativa &#8211; attraverso cui incentiviamo la rottamazione dei vecchi apparecchi per il riscaldamento domestico affinch\u00e9 vengano sostituiti con impianti a basse emissioni in atmosfera e ad alta efficienza energetica&#8221;. <\/em>Obiettivo del bando \u00e8 infatti quello di favorire l\u2019ammodernamento degli impianti domestici obsoleti, intervenendo in un momento storico in cui le condizioni climatiche e la crisi energetica che si prospetta rendono urgente sostenere l\u2019utilizzo di fonti rinnovabili per il riscaldamento domestico, nella massima attenzione dell\u2019ambiente. <em>\u201cE\u2019 noto, infatti, che una delle principali cause dell\u2019inquinamento atmosferico \u00e8 riconducibile alla combustione non appropriata della biomassa legnosa \u2013 specifica l\u2019assessore -, per cui \u00e8 importante utilizzare impianti moderni ed efficienti e fare una costante manutenzione\u201d. <\/em>L\u2019iniziativa \u00e8 rivolta ai privati residenti nel territorio regionale con una situazione economica familiare non superiore a 50mila euro (ISEE ordinario 2022).\u00a0 <em>\u201cAbbiamo scelto la formula di sommare il nostro contributo a quello statale previsto dal conto termico \u2013dettaglia l\u2019assessore \u2013 con l\u2019obiettivo di ampliare la platea dei possibili richiedenti, che potranno ottenere un contributo molto alto, vicino al 100% della spesa ammessa. Ovviamente, per le medesime ragioni, abbiamo scelto come criterio principale il reddito familiare, cos\u00ec da aiutare chi ne ha veramente bisogno. In un momento di grave difficolt\u00e0, soprattutto per le famiglie, questa iniziativa, per la quale mettiamo in campo quasi quattro milioni di euro, pu\u00f2 rivelarsi un\u2019ottima occasione per i cittadini per risparmiare e al contempo aiutare l\u2019ambiente&#8221;. <\/em>Il bando si inserisce nel complesso delle iniziative, da tempo in atto, oltre che migliorare la qualit\u00e0 dell\u2019aria anche per sensibilizzare la cittadinanza ad adottare corretti comportamenti nell\u2019utilizzo degli impianti termici a biomassa legnosa, nell\u2019intento di diffondere una consapevolezza ambientale nell\u2019uso di questo tipo di generatore di calore, cos\u00ec diffuso sul nostro territorio. <em>\u201cOvviamente non ci fermiamo qui \u2013 conclude l\u2019assessore \u2013, entro l\u2019estate sar\u00e0 avviato anche l\u2019ormai tradizionale bando auto e a seguire ulteriori iniziative, nell\u2019ambito di un piano per il risanamento dell\u2019aria che negli ultimi anni ci ha visto investire oltre un miliardo di euro per moltissime iniziative tra cui la sostituzione di mezzi pubblici con nuovi treni e autobus a basso impatto ambientale, il miglioramento delle infrastrutture e l\u2019efficientamento energetico\u201d. <\/em>La presentazione delle manifestazioni di interesse pu\u00f2 avvenire dalla data odierna e fino alle ore 12:00 del 15 settembre 2022. Per ogni informazione \u00e8 possibile contattare i numeri 041.0999419 &#8211; 414 &#8211; 311 o scrivere all&#8217;indirizzo mail bando.ambiente@ven.camcom.it.<\/p>\n<p>&nbsp;<\/p>\n<hr \/>\n<p>&nbsp;<\/p>\n<blockquote>\n<h3>RISPARMIO ENERGETICO, VIA LIBERA AL PIANO DI PUBBLICA ILLUMINAZIONE<\/h3>\n<\/blockquote>\n<p><strong><a class=\"dt-pswp-item\" href=\"https:\/\/www.radiopiu.net\/wordpress\/wp-content\/uploads\/2022\/07\/Pubblica_illuminazione-scaled.jpg\" data-dt-img-description=\"\" data-large_image_width=\"1920\" data-large_image_height=\"2560\"><img loading=\"lazy\" decoding=\"async\" class=\"size-thumbnail wp-image-289903 alignleft\" src=\"https:\/\/www.radiopiu.net\/wordpress\/wp-content\/uploads\/2022\/07\/Pubblica_illuminazione-150x150.jpg\" alt=\"\" width=\"150\" height=\"150\" \/><\/a>PONTE NELLE ALPI\u00a0<\/strong> Approvati e finanziati gli interventi di efficientamento energetico di pubblica illuminazione. L\u2019opera di riqualificazione scatter\u00e0 il prossimo autunno. Sar\u00e0 interessato il triennio 2022-23-24 con un primo e secondo stralcio di quest\u2019anno pari a 160mila euro.<span class=\"gmail-Apple-converted-space\"> I<\/span>ndividuate come aree prioritarie di intervento la porzione compresa tra le frazioni di Col di Cugnan, Roncan, Vich, Losego e &#8211; nel secondo stralcio &#8211; i paesi di Lastreghe e Cal de Rai (Paiane).<span class=\"gmail-Apple-converted-space\"> \u00a0<\/span>Il piano di manutenzione \u00e8 finalizzato a sostituire l\u2019attuale categoria illuminotecnica con una di nuova generazione che, oltre al risparmio energetico, offrir\u00e0 pi\u00f9 luce. L\u2019opera \u00e8 frutto di un lavoro sinergico tra assessorato al territorio, all\u2019ambiente e al bilancio, mentre gli interventi sono stati presentati stamattina in sala consiliare agli enti e alle categorie interessate.<\/p>\n<p><span style=\"color: #ff0000;\"><strong>IERI ALLA RADIO\u00a0\u00a0<\/strong><\/span><\/p>\n<blockquote><p><strong>DILLO A RADIO PIU&#8230;SPRECHI, QUANDO L&#8217;OVVIO NON VIENE PRESO IN CONSIDERAZIONE<\/strong><\/p><\/blockquote>\n<p><strong>di\u00a0 Claudio Pra<\/strong><\/p>\n<p><img loading=\"lazy\" decoding=\"async\" class=\"alignleft\" src=\"https:\/\/www.radiopiu.net\/wordpress\/wp-content\/uploads\/2022\/07\/98a1e8b3-e121-4d71-b9d0-825ada6e4bbd.jpg\" width=\"265\" height=\"199\" \/>La crisi energetica dovuta alla guerra in Ucraina e alle tante speculazioni si ripercuote su tutti noi. Tocca risparmiare, ci dicono, se non si vogliono bollette salatissime che comunque presentano come minimo un raddoppio anche in condizioni normali. Pure i Comuni si lamentano e in molti casi ho sentito avanzare ipotesi di riduzione dell&#8217;illuminazione pubblica. Alleluia! Lo spreco in questo settore \u00e8 palese e da anni gli astrofili lo rimarcano. Il led sembra la panacea di tutti i mali ma non \u00e8 cos\u00ec, sempre di spreco si tratta. A cosa serve illuminare inutilmente ed eccessivamente per tutta la notte luoghi che francamente non ne hanno bisogno? Mi viene in mente la passeggiata Alleghe-Caprile. Ok, va bene magari fino alle 23.00, ma poi chi ci passa in piena notte? Ma gli esempi sono infiniti, con chiese, monumenti, edifici, strade secondarie ecc. inondate inutilmente di luce dall&#8217;alba al tramonto. Non \u00e8 spreco questo? Spegnimenti programmati e fotocellule sarebbero una logica soluzione ma si sa, a volte l&#8217;ovvio non viene preso in considerazione. Si \u00e8 poi mai pensato che un vero cielo stellato, senza il bombardamento di luci, \u00e8 un attrattiva turistica proposta a chi le stelle non sa pi\u00f9 cosa siano? Sostenibilit\u00e0, parola magica ma spesso vuota. Darle un significato vuol dire mettere mano anche a questi sprechi, led o non led.<\/p>\n<p>&nbsp;<\/p>\n<p>&nbsp;<\/p>\n<p>&nbsp;<\/p>\n<hr \/>\n<p>&nbsp;<\/p>\n<blockquote>\n<h3>IL VENETO DI NUOVO PRIMO IN ITALIA PER TURISMO, TRIPLICATE LE PRESENZE, TORNANO GLI STRANIERI<\/h3>\n<\/blockquote>\n<p><strong><a class=\"dt-pswp-item\" href=\"https:\/\/www.radiopiu.net\/wordpress\/wp-content\/uploads\/2021\/05\/Arabba_Fodom_Turismo_photo-credit.RobertoDePellegrin-scaled.jpg\" data-dt-img-description=\"\" data-large_image_width=\"2560\" data-large_image_height=\"1707\"><img loading=\"lazy\" decoding=\"async\" class=\"size-thumbnail wp-image-210754 alignleft\" src=\"https:\/\/www.radiopiu.net\/wordpress\/wp-content\/uploads\/2021\/05\/Arabba_Fodom_Turismo_photo-credit.RobertoDePellegrin-150x150.jpg\" alt=\"\" width=\"150\" height=\"150\" \/><\/a>VENEZIA <\/strong>Triplicano le presenze e tornano gli stranieri. \u00c8 il turismo il settore pi\u00f9 premiato in questa prima met\u00e0 dell\u2019anno come indicano i dati del Bollettino socio economico del Veneto \u201cI principali dati congiunturali (luglio 2022)\u201d pubblicato a cura dell\u2019Ufficio Statistica della Regione del Veneto e realizzato a partire dai dati Istat. I numeri indicano che persiste una elevata incertezza sullo scenario internazionale dovuta al conflitto tra Russia e Ucraina e per le forti pressioni inflazionistiche, trainate dalle quotazioni dei prodotti energetici e dalle scelte di politica monetaria. Secondo le proiezioni Prometeia per il 2022 il Prodotto Interno Lordo italiano crescer\u00e0 del 2,9 per cento, in linea con quanto prospettato nel DEF, mentre per il Veneto \u00e8 attesa una crescita del PIL pari al +3,4 per cento nel 2022.<\/p>\n<p>&nbsp;<\/p>\n<p>&nbsp;<\/p>\n<hr \/>\n<p>&nbsp;<\/p>\n<blockquote>\n<h3>FORMAZIONE SUPERIORE SUI TEMI DELLA MONTAGNA: DAL 2023 CORSI SULLE SPECIFICIT\u00c0 DEL BELLUNESE<\/h3>\n<\/blockquote>\n<p><strong><a class=\"dt-pswp-item\" href=\"https:\/\/www.radiopiu.net\/wordpress\/wp-content\/uploads\/2022\/07\/IMG_5333-scaled.jpg\" data-dt-img-description=\"\" data-large_image_width=\"2560\" data-large_image_height=\"1920\"><img loading=\"lazy\" decoding=\"async\" class=\"size-thumbnail wp-image-289921 alignleft\" src=\"https:\/\/www.radiopiu.net\/wordpress\/wp-content\/uploads\/2022\/07\/IMG_5333-150x150.jpg\" alt=\"\" width=\"150\" height=\"150\" \/><\/a>BELLUNO<\/strong> Minicorsi universitari in montagna. Con l\u2019idea di formare non solo giovani, ma anche amministratori e professionisti sui temi di rilievo per le \u201cterre alte\u201d. \u00c8 questo l\u2019obiettivo della Provincia che ha sposato il nuovo progetto della Fondazione Angelini e dell\u2019Universit\u00e0 di Padova. \u00ab<em>Un progetto di esperienza universitaria di periferia che pu\u00f2 risultare fondamentale nelle politiche anti-spopolamento<\/em>\u00bb sottolinea il presidente della Provincia di Belluno, Roberto Padrin. Il progetto nasce dall\u2019incontro della Provincia e della Fondazione Angelini con la nuova rettrice dell\u2019Universit\u00e0 di Padova e il prorettore vicario (Daniela Mapelli e Giancarlo Dalla Fontana), in occasione delle celebrazioni degli 800 anni dell\u2019ateneo patavino. \u00abIn quell\u2019occasione \u00e8 emersa la concorde volont\u00e0 di consolidare e sviluppare lo storico legame tra l\u2019Ateneo di Padova e il territorio bellunese con alcune nuove iniziative di prossima implementazione\u00bb spiegano dalla Fondazione Angelini. L\u2019Universit\u00e0 di Padova ha sviluppato nel tempo un ampio portafoglio di competenze sulla montagna attraverso molteplici attivit\u00e0 di ricerca e terza missione, molte delle quali concretamente realizzate proprio nel Bellunese.\u00a0 Lo strumento micro-credenziale si presta a valorizzare anche iniziative formative gi\u00e0 in essere quale il Corso di geografia della Fondazione, attraverso una ristrutturazione del percorso didattico ai fini dei requisiti di certificazione. Il corso \u00e8 aperto non solo a insegnanti e formatori del Cai e delle guide alpine, ma anche a studenti di laurea triennale e magistrale, e si caratterizza per l\u2019aspetto interdisciplinare e la complementarit\u00e0 tra attivit\u00e0 in aula e sul campo, camminando, osservando direttamente il paesaggio nei suoi molteplici aspetti. Un\u2019altra attivit\u00e0 formativa di particolare interesse che l\u2019Universit\u00e0 intende supportare si inserisce nel progetto della Fondazione \u201cMontagna e Salute\u201d, attraverso il coinvolgimento di medici e sanitari del territorio bellunese. L\u2019Universit\u00e0 di Padova ha infine assicurato il suo impegno per le iniziative in vista del sessantesimo anniversario del Vajont anche con il coinvolgimento diretto degli studenti bellunesi che frequentano i vari corsi di studio dell\u2019ateneo.<\/p>\n<p>&nbsp;<\/p>\n<p>&nbsp;<\/p>\n<hr \/>\n<p>&nbsp;<\/p>\n<blockquote>\n<h3>IL COMUNE DI BORGO VALBELLUNA APPLICHER\u00c0 UNA RIDUZIONE ALLA TARI DI CIRCA 105000 EURO SULL&#8217;ANNO 2022<\/h3>\n<\/blockquote>\n<p><strong><a class=\"dt-pswp-item\" href=\"https:\/\/www.radiopiu.net\/wordpress\/wp-content\/uploads\/2021\/08\/soldi-banche.jpg\" data-dt-img-description=\"\" data-large_image_width=\"800\" data-large_image_height=\"566\"><img loading=\"lazy\" decoding=\"async\" class=\"size-thumbnail wp-image-228818 alignleft\" src=\"https:\/\/www.radiopiu.net\/wordpress\/wp-content\/uploads\/2021\/08\/soldi-banche-150x150.jpg\" alt=\"\" width=\"150\" height=\"150\" \/><\/a>BORGO VALBELLUNA <\/strong>Con il decreto aiuti il governo ha dato la possibilit\u00e0 di utilizzo dei fondi COVID per la riduzione della TARI in relazione al&#8217;emergenza epidemiologica anche per ridurre la stessa imposta per l&#8217;aumento dei costi del PEF dovuti all&#8217;incremento dei costi energetici. Il Comune di Borgo Valbelluna nel corso del 2020 e del 2021, pur avendo impiegato il massimo possibile di riduzioni, ha avanzato circa 132000 euro di fondo Covid per la TARI che pu\u00f2 ora applicare per un importo massimo corrispondente all&#8217;aumento dei costi tra il PEF 2021 e il PEF 2022, in base alle disposizioni normative. Tradotto in tariffa significa che per le utenze domestiche \u00e8 prevista una riduzione massima del 8% circa sul totale della tariffa mentre per le utenze non domestiche la riduzione massima si aggira sul 10% sempre sul totale della tariffa. L&#8217;applicazione precisa della riduzione sar\u00e0 fatta con apposita delibera di giunta comunale e avr\u00e0 applicazione sia nella bolletta di acconto che di saldo.<\/p>\n<p>&nbsp;<\/p>\n<p>&nbsp;<\/p>\n<hr \/>\n<p>&nbsp;<\/p>\n<blockquote class=\"wp-embedded-content\" data-secret=\"FCJCz2QBDV\"><p><a href=\"https:\/\/www.radiopiu.net\/wordpress\/aggnazionaleluglio29\/\">CORONAVIRUS: AGGIORNAMENTO NAZIONALE 29 LUGLIO 2022<\/a><\/p><\/blockquote>\n<p><iframe loading=\"lazy\" class=\"wp-embedded-content\" sandbox=\"allow-scripts\" security=\"restricted\" style=\"position: absolute; clip: rect(1px, 1px, 1px, 1px);\" title=\"&#8220;CORONAVIRUS: AGGIORNAMENTO NAZIONALE 29 LUGLIO 2022&#8221; &#8212; Radio Pi\u00f9\" src=\"https:\/\/www.radiopiu.net\/wordpress\/aggnazionaleluglio29\/embed\/#?secret=GpUm6Iiw6n#?secret=FCJCz2QBDV\" data-secret=\"FCJCz2QBDV\" width=\"600\" height=\"338\" frameborder=\"0\" marginwidth=\"0\" marginheight=\"0\" scrolling=\"no\"><\/iframe><\/p>\n<p>&nbsp;<\/p>\n<blockquote class=\"wp-embedded-content\" data-secret=\"N8N66suxVx\"><p><a href=\"https:\/\/www.radiopiu.net\/wordpress\/aggazzeroluglio29\/\">NUOVI POSITIVI IN VENETO: 6187 IN DIMINUZIONE, 14 DECESSI<\/a><\/p><\/blockquote>\n<p><iframe loading=\"lazy\" class=\"wp-embedded-content\" sandbox=\"allow-scripts\" security=\"restricted\" style=\"position: absolute; clip: rect(1px, 1px, 1px, 1px);\" title=\"&#8220;NUOVI POSITIVI IN VENETO: 6187 IN DIMINUZIONE, 14 DECESSI&#8221; &#8212; Radio Pi\u00f9\" src=\"https:\/\/www.radiopiu.net\/wordpress\/aggazzeroluglio29\/embed\/#?secret=DqdtfPEcIP#?secret=N8N66suxVx\" data-secret=\"N8N66suxVx\" width=\"600\" height=\"338\" frameborder=\"0\" marginwidth=\"0\" marginheight=\"0\" scrolling=\"no\"><\/iframe><\/p>\n<p>&nbsp;<\/p>\n<p>&nbsp;<\/p>\n<h2>I GRAFICI DI TIZIANO DE COL<\/h2>\n\n\t\t\t<style type='text\/css'>\n\t\t\t\t#gallery-2 {\n\t\t\t\t\tmargin: auto;\n\t\t\t\t}\n\t\t\t\t#gallery-2 .gallery-item {\n\t\t\t\t\tfloat: left;\n\t\t\t\t\tmargin-top: 10px;\n\t\t\t\t\ttext-align: center;\n\t\t\t\t\twidth: 33%;\n\t\t\t\t}\n\t\t\t\t#gallery-2 img {\n\t\t\t\t\tborder: 2px solid #cfcfcf;\n\t\t\t\t}\n\t\t\t\t#gallery-2 .gallery-caption {\n\t\t\t\t\tmargin-left: 0;\n\t\t\t\t}\n\t\t\t\t\/* see gallery_shortcode() in wp-includes\/media.php *\/\n\t\t\t<\/style>\n\t\t<div id='gallery-2' class='dt-gallery-container gallery galleryid-289811 gallery-columns-3 gallery-size-thumbnail'><dl class='gallery-item'>\n\t\t\t\t<dt class='gallery-icon landscape'>\n\t\t\t\t\t<a class=\"rollover rollover-zoom dt-pswp-item\" title=\"f90a8e31-863c-4c5e-a629-65dc1d16bde7\" data-dt-img-description=\"\" data-large_image_width=\"605\" data-large_image_height=\"361\"href='https:\/\/www.radiopiu.net\/wordpress\/wp-content\/uploads\/2022\/07\/f90a8e31-863c-4c5e-a629-65dc1d16bde7.jpg'><img loading=\"lazy\" decoding=\"async\" width=\"150\" height=\"150\" src=\"https:\/\/www.radiopiu.net\/wordpress\/wp-content\/uploads\/2022\/07\/f90a8e31-863c-4c5e-a629-65dc1d16bde7-150x150.jpg\" class=\"attachment-thumbnail size-thumbnail\" alt=\"\" \/><\/a>\n\t\t\t\t<\/dt><\/dl><dl class='gallery-item'>\n\t\t\t\t<dt class='gallery-icon landscape'>\n\t\t\t\t\t<a class=\"rollover rollover-zoom dt-pswp-item\" title=\"4317e2d0-e2a2-4a8f-872a-39baac9fdbc6\" data-dt-img-description=\"\" data-large_image_width=\"606\" data-large_image_height=\"361\"href='https:\/\/www.radiopiu.net\/wordpress\/wp-content\/uploads\/2022\/07\/4317e2d0-e2a2-4a8f-872a-39baac9fdbc6.jpg'><img loading=\"lazy\" decoding=\"async\" width=\"150\" height=\"150\" src=\"https:\/\/www.radiopiu.net\/wordpress\/wp-content\/uploads\/2022\/07\/4317e2d0-e2a2-4a8f-872a-39baac9fdbc6-150x150.jpg\" class=\"attachment-thumbnail size-thumbnail\" alt=\"\" \/><\/a>\n\t\t\t\t<\/dt><\/dl><dl class='gallery-item'>\n\t\t\t\t<dt class='gallery-icon landscape'>\n\t\t\t\t\t<a class=\"rollover rollover-zoom dt-pswp-item\" title=\"83e88e5d-3558-49e6-a369-0be848df7def\" data-dt-img-description=\"\" data-large_image_width=\"612\" data-large_image_height=\"357\"href='https:\/\/www.radiopiu.net\/wordpress\/wp-content\/uploads\/2022\/07\/83e88e5d-3558-49e6-a369-0be848df7def.jpg'><img loading=\"lazy\" decoding=\"async\" width=\"150\" height=\"150\" src=\"https:\/\/www.radiopiu.net\/wordpress\/wp-content\/uploads\/2022\/07\/83e88e5d-3558-49e6-a369-0be848df7def-150x150.jpg\" class=\"attachment-thumbnail size-thumbnail\" alt=\"\" \/><\/a>\n\t\t\t\t<\/dt><\/dl><br style=\"clear: both\" \/><dl class='gallery-item'>\n\t\t\t\t<dt class='gallery-icon landscape'>\n\t\t\t\t\t<a class=\"rollover rollover-zoom dt-pswp-item\" title=\"13077466-4e05-42e2-b111-6282092922a0\" data-dt-img-description=\"\" data-large_image_width=\"608\" data-large_image_height=\"361\"href='https:\/\/www.radiopiu.net\/wordpress\/wp-content\/uploads\/2022\/07\/13077466-4e05-42e2-b111-6282092922a0.jpg'><img loading=\"lazy\" decoding=\"async\" width=\"150\" height=\"150\" src=\"https:\/\/www.radiopiu.net\/wordpress\/wp-content\/uploads\/2022\/07\/13077466-4e05-42e2-b111-6282092922a0-150x150.jpg\" class=\"attachment-thumbnail size-thumbnail\" alt=\"\" \/><\/a>\n\t\t\t\t<\/dt><\/dl><dl class='gallery-item'>\n\t\t\t\t<dt class='gallery-icon landscape'>\n\t\t\t\t\t<a class=\"rollover rollover-zoom dt-pswp-item\" title=\"2dac93a5-28c2-4523-b232-e2b6acb1065e\" data-dt-img-description=\"\" data-large_image_width=\"608\" data-large_image_height=\"367\"href='https:\/\/www.radiopiu.net\/wordpress\/wp-content\/uploads\/2022\/07\/2dac93a5-28c2-4523-b232-e2b6acb1065e.jpg'><img loading=\"lazy\" decoding=\"async\" width=\"150\" height=\"150\" src=\"https:\/\/www.radiopiu.net\/wordpress\/wp-content\/uploads\/2022\/07\/2dac93a5-28c2-4523-b232-e2b6acb1065e-150x150.jpg\" class=\"attachment-thumbnail size-thumbnail\" alt=\"\" \/><\/a>\n\t\t\t\t<\/dt><\/dl><dl class='gallery-item'>\n\t\t\t\t<dt class='gallery-icon landscape'>\n\t\t\t\t\t<a class=\"rollover rollover-zoom dt-pswp-item\" title=\"dad56ea3-ac61-4459-86f4-e3aaf67c5ccf\" data-dt-img-description=\"\" data-large_image_width=\"610\" data-large_image_height=\"361\"href='https:\/\/www.radiopiu.net\/wordpress\/wp-content\/uploads\/2022\/07\/dad56ea3-ac61-4459-86f4-e3aaf67c5ccf.jpg'><img loading=\"lazy\" decoding=\"async\" width=\"150\" height=\"150\" src=\"https:\/\/www.radiopiu.net\/wordpress\/wp-content\/uploads\/2022\/07\/dad56ea3-ac61-4459-86f4-e3aaf67c5ccf-150x150.jpg\" class=\"attachment-thumbnail size-thumbnail\" alt=\"\" \/><\/a>\n\t\t\t\t<\/dt><\/dl><br style=\"clear: both\" \/>\n\t\t\t<\/div>\n\n<p>&nbsp;<\/p>\n<hr \/>\n<p>&nbsp;<\/p>\n<p><strong>IERI ALLA RADIO<\/strong><\/p>\n<blockquote>\n<h3>CHIRURGIA APERTA ANCHE AD AGOSTO, LA DG CARRARO RIBATTE AL COMITATO<\/h3>\n<\/blockquote>\n<p><strong><a class=\"dt-pswp-item\" href=\"https:\/\/www.radiopiu.net\/wordpress\/wp-content\/uploads\/2021\/12\/e856063d-9a8a-4118-b442-31eb84d3c052.jpg\" data-dt-img-description=\"\" data-large_image_width=\"1600\" data-large_image_height=\"900\"><img loading=\"lazy\" decoding=\"async\" class=\"size-thumbnail wp-image-246190 alignleft\" src=\"https:\/\/www.radiopiu.net\/wordpress\/wp-content\/uploads\/2021\/12\/e856063d-9a8a-4118-b442-31eb84d3c052-150x150.jpg\" alt=\"\" width=\"150\" height=\"150\" \/><\/a>BELLUNO-AGORDO<\/strong>\u00a0Secca smentita alle accuse del comitato per la sanit\u00e0 dell&#8217;Agordino da parte del direttore generale della Ulss1, Maria Grazia Carraro, in merito alla paventata chiusura agostano del reparto di chirurgia dell&#8217;ospedale di Agordo. <span style=\"color: #ff0000;\">La direttrice lo ribadisce nello speciale alla radio<\/span>.<em> \u00a0&#8220;Queste\u00a0 <\/em><span style=\"font-family: Calibri, serif;\"><em>sterili polemiche\u00a0 &#8211; dice la Carraro &#8211;\u00a0 non fanno il bene dell\u2019Ospedale di Agordo&#8221;<\/em>\u00a0<\/span><\/p>\n<p class=\"western\" align=\"left\"><span style=\"color: #ff0000;\">Nell&#8217;intervista di Mirko Mezzacasa,<\/span> la Direttrice Generale Maria\u00a0 Grazia Carraro\u00a0 ribadisce che non si riconoscere<span style=\"font-family: Calibri, serif;\"> nell\u2019\u201daccusa\u201d del Comitato.\u00a0<\/span><\/p>\n<p align=\"left\">AUDIO<\/p>\n<audio class=\"wp-audio-shortcode\" id=\"audio-289811-4\" preload=\"none\" style=\"width: 100%;\" controls=\"controls\"><source type=\"audio\/mpeg\" src=\"https:\/\/www.radiopiu.net\/wordpress\/wp-content\/uploads\/2022\/07\/maria-grazia-carraro-1.mp3?_=4\" \/><a href=\"https:\/\/www.radiopiu.net\/wordpress\/wp-content\/uploads\/2022\/07\/maria-grazia-carraro-1.mp3\">https:\/\/www.radiopiu.net\/wordpress\/wp-content\/uploads\/2022\/07\/maria-grazia-carraro-1.mp3<\/a><\/audio>\n<p>&nbsp;<\/p>\n<p>&nbsp;<\/p>\n<p>&nbsp;<\/p>\n<hr \/>\n<p>&nbsp;<\/p>\n<blockquote>\n<h3>PRESENTATE A LONGARONE LE COMUNIT\u00c0 ENERGETICHE RINNOVABILI<\/h3>\n<\/blockquote>\n<p><strong><a class=\"dt-pswp-item\" href=\"https:\/\/www.radiopiu.net\/wordpress\/wp-content\/uploads\/2021\/05\/LONGARONE-FIERE.jpg\" data-dt-img-description=\"\" data-large_image_width=\"556\" data-large_image_height=\"220\"><img loading=\"lazy\" decoding=\"async\" class=\"alignleft wp-image-207549 \" src=\"https:\/\/www.radiopiu.net\/wordpress\/wp-content\/uploads\/2021\/05\/LONGARONE-FIERE-300x119.jpg\" alt=\"\" width=\"179\" height=\"71\" srcset=\"https:\/\/www.radiopiu.net\/wordpress\/wp-content\/uploads\/2021\/05\/LONGARONE-FIERE-300x119.jpg 300w, https:\/\/www.radiopiu.net\/wordpress\/wp-content\/uploads\/2021\/05\/LONGARONE-FIERE.jpg 556w\" sizes=\"auto, (max-width: 179px) 100vw, 179px\" \/><\/a>LONGARONE <\/strong>Si \u00e8 tenuto a Longarone Fiere Dolomiti il convegno dal titolo \u201cLe Comunit\u00e0 Energetiche Rinnovabili. Un\u2019opportunit\u00e0 per il territorio bellunese\u201d. Organizzato dal Consorzio BIM Piave Belluno in collaborazione col Centro Studi Bellunese, RSE e BIM Infrastrutture. Obbiettivo, iniziare a spiegare al territorio bellunese, in particolare agli enti locali e alle attivit\u00e0 produttive, quelle che potranno essere le prospettive legate al mondo delle comunit\u00e0 energetiche rinnovabili. Particolarmente partecipato, il convegno contava tra il pubblico numerosi sindaci, i rappresentanti delle Associazioni di Categoria e i professionisti. \u201c<em>Una sfida importante \u2013 ribadisce il presidente del consorzio, Marco Staunovo Polacco \u2013 che inizier\u00e0 in maniera concreta in autunno e che avr\u00e0 delle ricadute importantissime all&#8217;interno del territorio sia sociali che economiche.\u00a0Credo che l&#8217;aspetto sociale, evidenziato da pi\u00f9 parti dagli importanti relatori di oggi, sia quello che porter\u00e0 il maggiore coinvolgimento della popolazione<\/em>\u201d.<\/p>\n<p>&nbsp;<\/p>\n<p>&nbsp;<\/p>\n<hr \/>\n<p>&nbsp;<\/p>\n<h2>AIS DOLOMITI, IL SERVIZIO AMBULATORIALE ANCHE AD AGORDO<\/h2>\n<div dir=\"auto\">\n<div dir=\"auto\"><strong><img loading=\"lazy\" decoding=\"async\" class=\"alignleft\" src=\"https:\/\/www.radiopiu.net\/wordpress\/wp-content\/uploads\/2022\/07\/ASDASDASD.png\" width=\"180\" height=\"97\" \/>BELLUNO<\/strong> L&#8217;associazione Incontinenti e stomizzati della provincia di Belluno (AIS DOLOMITI BELLUNO), desidera portare a conoscenza della popolazione agordina e in particolare delle persone stomizzate con i loro familiari che \u00e8 stato avviato presso l&#8217;ospedale di Agordo il servizio ambulatoriale per persone con stomia intestinale e\/o urinaria. <em>Ais, sede a Longarone via Igne 1; mail AIS_Dolomiti#yahoo.co; sito www.AISDolomitiBellunoODV; teletono 338 4177434<\/em><\/div>\n<\/div>\n<div dir=\"auto\"><\/div>\n<div dir=\"auto\"><\/div>\n<p>&nbsp;<\/p>\n<hr \/>\n<blockquote>\n<h3><\/h3>\n<h3>FRANCESCA GHIRARDINI AL CONSIGLIO DIRETTIVO DELLA SIECM<\/h3>\n<\/blockquote>\n<p><strong><a class=\"dt-pswp-item\" href=\"https:\/\/www.radiopiu.net\/wordpress\/wp-content\/uploads\/2022\/07\/ghirardini-1.jpg\" data-dt-img-description=\"\" data-large_image_width=\"229\" data-large_image_height=\"279\"><img loading=\"lazy\" decoding=\"async\" class=\" wp-image-289881 alignleft\" src=\"https:\/\/www.radiopiu.net\/wordpress\/wp-content\/uploads\/2022\/07\/ghirardini-1-150x150.jpg\" alt=\"\" width=\"115\" height=\"115\" \/><\/a>BELLUNO<\/strong> La dottoressa Francesca Ghirardini \u00e8 stata eletta nel Consiglio Direttivo nazionale della Societ\u00e0 Italiana di Emoreologia Clinica e Microcircolazione per il triennio 2023-2026. L\u2019emoreologia consiste nello studio del comportamento idrodinamico del sangue. Da dicembre 2020 la dottoressa Ghirardini presta servizio in Angiologia nella UOC di Chirurgia Vascolare dell\u2019Ulss Dolomiti. Classe 1987, si \u00e8 laureata e specializzata in Medicina Interna presso l\u2019Universit\u00e0 degli Studi di Padova, dove successivamente ha conseguito il Master di II livello in Angiologia e Medicina Vascolare.<\/p>\n<p>&nbsp;<\/p>\n<p>&nbsp;<\/p>\n<hr \/>\n<p>&nbsp;<\/p>\n<blockquote>\n<h3>TERRITORI LOCALI PROTAGONISTI NELLA PROGRAMMAZIONE REGIONALE<\/h3>\n<\/blockquote>\n<blockquote><p><em>Nasce un unico grande soggetto delle Prealpi Bellunesi. In Alpago l\u2019incontro di oltre 50 rappresentanti di comuni, enti locali, associazioni di categoria, mondo sindacale e soggetti del Terzo Settore.<\/em><\/p><\/blockquote>\n<p><strong> <img loading=\"lazy\" decoding=\"async\" class=\"alignleft\" src=\"https:\/\/www.radiopiu.net\/wordpress\/wp-content\/uploads\/2022\/07\/974cf484-7891-48d4-9988-971696c9c6c2.jpg\" width=\"286\" height=\"126\" \/>ALPAGO<\/strong> E&#8217; una pietra importante quella posata idealmente nella sede della Lega Nautica Italiana Belluno, sulle sponde del Lago di S. Croce, lungo il percorso che porter\u00e0 alla nascita di un unico grande soggetto territoriale per la programmazione decentrata nell\u2019area delle Prealpi Bellunesi. Qui si sono infatti ritrovati i membri dell\u2019IPA (Intesa Programmatica d\u2019Area) per l\u2019assemblea che ha dato il \u201cvia libera\u201d al percorso di trasformazione che porter\u00e0 il soggetto al suo pieno riconoscimento giuridico e all\u2019unificazione in seno al GAL \u201cPrealpi e Dolomiti\u201d. Secondo la road map gi\u00e0 stilata, entro l\u2019autunno sar\u00e0 approvato il documento di programmazione unico che sancir\u00e0 cos\u00ec la nascita del nuovo soggetto e la sua piena operativit\u00e0. Sono chiamati a prendervi parte in maniera attiva oltre una cinquantina di Soggetti del territorio che va dal Feltrino, lungo la Valbelluna, sino all\u2019Alpago: dai Comuni alle Unioni Montane, dalle Associazioni economiche di Categoria alle Organizzazioni Sindacali, ai rappresentanti del Mondo Sociale e del Volontariato. L\u2019obiettivo \u00e8 creare una \u201ccasa comune\u201d in cui tutti potranno avere un ruolo primario, ma coordinato, nella stesura di analisi, proposte e progetti da inviare agli organismi regionali di programmazione per far valere le istanze del territorio.<\/p>\n<p>&nbsp;<\/p>\n<p><strong>IL PRESIDENTE DELLA PROVINCIA ROBERTO PADRIN\u00a0<\/strong><\/p>\n<audio class=\"wp-audio-shortcode\" id=\"audio-289811-5\" preload=\"none\" style=\"width: 100%;\" controls=\"controls\"><source type=\"audio\/mpeg\" src=\"https:\/\/www.radiopiu.net\/wordpress\/wp-content\/uploads\/2022\/07\/padrin.mp3?_=5\" \/><a href=\"https:\/\/www.radiopiu.net\/wordpress\/wp-content\/uploads\/2022\/07\/padrin.mp3\">https:\/\/www.radiopiu.net\/wordpress\/wp-content\/uploads\/2022\/07\/padrin.mp3<\/a><\/audio>\n<p>&nbsp;<\/p>\n<p><strong>IL PRESIDENTE DEL GAL PREALPI DOLOMITI ALBERTO PETERLE<\/strong><\/p>\n<audio class=\"wp-audio-shortcode\" id=\"audio-289811-6\" preload=\"none\" style=\"width: 100%;\" controls=\"controls\"><source type=\"audio\/mpeg\" src=\"https:\/\/www.radiopiu.net\/wordpress\/wp-content\/uploads\/2022\/07\/peterle.mp3?_=6\" \/><a href=\"https:\/\/www.radiopiu.net\/wordpress\/wp-content\/uploads\/2022\/07\/peterle.mp3\">https:\/\/www.radiopiu.net\/wordpress\/wp-content\/uploads\/2022\/07\/peterle.mp3<\/a><\/audio>\n<p>&nbsp;<\/p>\n<p><strong>IL PRESIDENTE IPA PREALPI BELLUNESI STEFANO DEON<\/strong><\/p>\n<audio class=\"wp-audio-shortcode\" id=\"audio-289811-7\" preload=\"none\" style=\"width: 100%;\" controls=\"controls\"><source type=\"audio\/mpeg\" src=\"https:\/\/www.radiopiu.net\/wordpress\/wp-content\/uploads\/2022\/07\/ilterzo.mp3?_=7\" \/><a href=\"https:\/\/www.radiopiu.net\/wordpress\/wp-content\/uploads\/2022\/07\/ilterzo.mp3\">https:\/\/www.radiopiu.net\/wordpress\/wp-content\/uploads\/2022\/07\/ilterzo.mp3<\/a><\/audio>\n<p>&nbsp;<\/p>\n<p>&nbsp;<\/p>\n<hr \/>\n<p>&nbsp;<\/p>\n<blockquote>\n<h3>A BELLUNO META&#8217; DEL PARCO DEI MEZZI PUBBLICI E&#8217; GIA&#8217; EURO 5 ED EURO 6<\/h3>\n<\/blockquote>\n<p><strong>BELLUNO<\/strong> Dopo la crisi vissuta nel 2020 a causa dell\u2019emergenza sanitaria ed economica, il 2021 avrebbe dovuto essere l\u2019anno del rilancio per il settore dei trasporti. Per il trasporto persone\u00a0Belluno chiude in positivo immatricolando 23 targhe nuove nel 2021 (+4,5% rispetto al 2020). Sul fronte del trasporto merci a\u00a0Belluno le nuove registrazioni sono 70, 10 in meno dell\u2019anno precedente: il differenziale \u00e8 dunque pari a -12,5%. Da segnalare che in provincia le quote di Euro 5 e 6, le meno inquinanti, coprono una parte considerevole del parco circolante: il 37,9% per gli autocarri e il 48% per gli autobus.<\/p>\n<p>&nbsp;<\/p>\n<p>&nbsp;<\/p>\n<hr \/>\n<p>&nbsp;<\/p>\n<blockquote>\n<h3>DAL ROTARY CLUB BELLUNO, BUONI SPESA PER L\u2019ACCOGLIENZA UCRAINI<\/h3>\n<\/blockquote>\n<p><strong>BELLUNO<\/strong>\u00a0Mille euro in buoni spesa per i cittadini ucraini ospitati in citt\u00e0. Ieri nell\u2019ex caserma dei Vigili del fuoco di Mussoi, allestita come centro di accoglienza, la breve cerimonia di donazione da parte del Rotary Club Belluno. Sono 20 le Happy Card Ucraina 2022 messe a disposizione del sodalizio, ciascuna del valore di 50 euro pari a 1000 complessivi, spendibili nei supermercati Despar \u2013 Eurospar e gi\u00e0 attive al momento della consegna.<\/p>\n<p><strong>L\u2019assessore alla Protezione civile Lorenza De Kunovich\u00a0 \u00a0\u00a0<\/strong><\/p>\n<audio class=\"wp-audio-shortcode\" id=\"audio-289811-8\" preload=\"none\" style=\"width: 100%;\" controls=\"controls\"><source type=\"audio\/mpeg\" src=\"https:\/\/www.radiopiu.net\/wordpress\/wp-content\/uploads\/2022\/07\/kuno.mp3?_=8\" \/><a href=\"https:\/\/www.radiopiu.net\/wordpress\/wp-content\/uploads\/2022\/07\/kuno.mp3\">https:\/\/www.radiopiu.net\/wordpress\/wp-content\/uploads\/2022\/07\/kuno.mp3<\/a><\/audio>\n<p>&nbsp;<\/p>\n<p>&nbsp;<\/p>\n<hr \/>\n<p>&nbsp;<\/p>\n<blockquote>\n<h3><a class=\"dt-pswp-item\" href=\"https:\/\/www.radiopiu.net\/wordpress\/wp-content\/uploads\/2022\/07\/VillaZuppani_da-sinistra_da-sinistra_don-Sergio_don-Giann_don-Carlo-Redaelli-2-Copia.jpg\" data-dt-img-description=\"\" data-large_image_width=\"1200\" data-large_image_height=\"1600\"><img loading=\"lazy\" decoding=\"async\" class=\"size-thumbnail wp-image-289962 alignleft\" src=\"https:\/\/www.radiopiu.net\/wordpress\/wp-content\/uploads\/2022\/07\/VillaZuppani_da-sinistra_da-sinistra_don-Sergio_don-Giann_don-Carlo-Redaelli-2-Copia-150x150.jpg\" alt=\"\" width=\"150\" height=\"150\" \/><\/a>IL PRESIDENTE DELLA CARITAS NAZIONALE HA VISITATO IL CANTIERE DEL BACO A SEDICO<\/h3>\n<\/blockquote>\n<p><strong>SEDICO <\/strong>Ospiti d\u2019eccezione a Villa Zuppani e al Cantiere del Baco. Don Carlo Redaelli presidente della Caritas nazionale e don Sergio Terribile, originario di Vas, accompagnati dal parroco di Santa Giustina don Gianni Trevisan hanno potuto visitare l&#8217;allevamento di bachi da seta cinesi e giapponesi, ottenendo informazioni sulle prospettive della gelsibachicoltura in generale.<\/p>\n<p>&nbsp;<\/p>\n<p>&nbsp;<\/p>\n<hr \/>\n<p>&nbsp;<\/p>\n<blockquote>\n<h3><a class=\"dt-pswp-item\" href=\"https:\/\/www.radiopiu.net\/wordpress\/wp-content\/uploads\/2021\/05\/GIOVANNI-DEON.jpg\" data-dt-img-description=\"NINO DEON\" data-large_image_width=\"228\" data-large_image_height=\"221\"><img loading=\"lazy\" decoding=\"async\" class=\"size-thumbnail wp-image-212771 alignleft\" src=\"https:\/\/www.radiopiu.net\/wordpress\/wp-content\/uploads\/2021\/05\/GIOVANNI-DEON-150x150.jpg\" alt=\"\" width=\"150\" height=\"150\" \/><\/a>GIOVEDI L&#8217;ELEZIONE DEL NUOVO PRESIDENTE DELL&#8217;UNIONE MONTANA AGORDINA.<\/h3>\n<\/blockquote>\n<p><strong>\u00a0<\/strong><strong>AGORDO<\/strong> Il consigliere anziano Giovanni Nino Deon, ha convocato il consiglio dell&#8217;Unione Montana per giovedi 4 agosto alle 19. All&#8217;ordine del giorno la presa d&#8217;atto dei nuovi rappresentanti dei Comuni di Falcade e Rivamonte, l&#8217;elezione e nomina del Presidente dell&#8217;Unione Montana.<\/p>\n<p>&nbsp;<\/p>\n<p>&nbsp;<\/p>\n<p>&nbsp;<\/p>\n<hr \/>\n<p>&nbsp;<\/p>\n<blockquote>\n<h3>IL CONSIGLIO COMUNALE DI CANALE D&#8217;AGORDO<\/h3>\n<\/blockquote>\n<p><strong>CANALE D&#8217;AGORDO<\/strong> Oggi alle 9 consiglio comunale in sala Lina Zand\u00f2. All&#8217;ordine del giorno la convenzione con il Comune di Falcade per l&#8217;uso e la gestione del cimitero di Caviola; variazione d&#8217;urgenza al bilancio e variazione di assestamento.<\/p>\n<p>&nbsp;<\/p>\n<p>&nbsp;<\/p>\n<hr \/>\n<p>&nbsp;<\/p>\n<blockquote>\n<h3>A COLLE SANTA LUCIA LA NOMINA DEL REVISORE DEI CONTI<\/h3>\n<\/blockquote>\n<p><strong>COLLE SANTA LUCIA<\/strong> Sono 8 i punti da discutere nel consiglio comunale convocato dal sindaco di Colle Santa Lucia in programma oggi alle 9. Tra questi si parler\u00e0 della sesta variazione al bilancio, della nomina per il revisore dei conti, dei programmi di esercizio 2022, del regolamento dei controlli interni e l&#8217;approvazione della modifica allo statuto di ASCA<\/p>\n<p>&nbsp;<\/p>\n<hr \/>\n<p>&nbsp;<\/p>\n<blockquote>\n<h3><strong>ACQUISTO DI ACC,\u00a0 FONDAMENTALE SEGNALE DI FIDUCIA PER IL TERRITORIO\u00a0<\/strong><\/h3>\n<\/blockquote>\n<p><strong><a class=\"dt-pswp-item\" href=\"https:\/\/www.radiopiu.net\/wordpress\/wp-content\/uploads\/2022\/02\/download.png\" data-dt-img-description=\"\" data-large_image_width=\"275\" data-large_image_height=\"183\"><img loading=\"lazy\" decoding=\"async\" class=\"size-thumbnail wp-image-257317 alignleft\" src=\"https:\/\/www.radiopiu.net\/wordpress\/wp-content\/uploads\/2022\/02\/download-150x150.png\" alt=\"\" width=\"150\" height=\"150\" \/><\/a>BELLUNO\u00a0 <\/strong><em>\u201cEsprimo piena soddisfazione per la firma \u201cstorica\u201d del contratto preliminare di cessione di ACC al Gruppo Lu-Ve\/Sest, al quale va il nostro plauso e il nostro sostegno. Con questo importante investimento di un\u2019impresa bellunese non solo si risolve una crisi aziendale che si protraeva da tempo ma si d\u00e0 un segnale di fiducia importantissimo per il futuro di tutta la provincia di Belluno\u201d. <\/em>Cos\u00ec Lorraine Berton, presidente dell\u2019Associazione degli industriali bellunesi, commenta l\u2019accordo siglato l&#8217;altro ieri a Borgo Valbelluna dall\u2019amministratore delegato del Gruppo Lu-Ve\/Sest Michele Faggioli e dal commissario straordinario Maurizio Castro. \u201c<em>Un risultato reso possibile grazie al coinvolgimento di tutti gli attori del territorio che hanno dimostrato con i fatti di saper fare squadra nell\u2019interesse della comunit\u00e0\u201d<\/em> \u2013 conclude la Presidente Berton.<\/p>\n<p>&nbsp;<\/p>\n<hr \/>\n<p>&nbsp;<\/p>\n<blockquote>\n<h3>QUATTRO USCITE ORGANIZZATE DAL GAMP<\/h3>\n<\/blockquote>\n<p><strong><a class=\"dt-pswp-item\" href=\"https:\/\/www.radiopiu.net\/wordpress\/wp-content\/uploads\/2022\/05\/closeup-of-a-colourful-mineral-stone-under-the-lights-isolated-on-a-white-background.jpg\" data-dt-img-description=\"\" data-large_image_width=\"1000\" data-large_image_height=\"667\"><img loading=\"lazy\" decoding=\"async\" class=\"size-thumbnail wp-image-274690 alignleft\" src=\"https:\/\/www.radiopiu.net\/wordpress\/wp-content\/uploads\/2022\/05\/closeup-of-a-colourful-mineral-stone-under-the-lights-isolated-on-a-white-background-150x150.jpg\" alt=\"\" width=\"150\" height=\"150\" \/><\/a>AGORDO<\/strong><\/p>\n<p>di Gianni Santomaso<\/p>\n<audio class=\"wp-audio-shortcode\" id=\"audio-289811-9\" preload=\"none\" style=\"width: 100%;\" controls=\"controls\"><source type=\"audio\/mpeg\" src=\"https:\/\/www.radiopiu.net\/wordpress\/wp-content\/uploads\/2022\/07\/GIANNI-ESCURSIONI-GAMP.mp3?_=9\" \/><a href=\"https:\/\/www.radiopiu.net\/wordpress\/wp-content\/uploads\/2022\/07\/GIANNI-ESCURSIONI-GAMP.mp3\">https:\/\/www.radiopiu.net\/wordpress\/wp-content\/uploads\/2022\/07\/GIANNI-ESCURSIONI-GAMP.mp3<\/a><\/audio>\n<p>&nbsp;<\/p>\n<hr \/>\n<p>&nbsp;<\/p>\n<blockquote>\n<h3>EL CANAL DE AGORT<\/h3>\n<\/blockquote>\n<p><strong>AGORDO<\/strong> Presso il museo in via 5 maggio ad Agordo si pu\u00f2 visitare la mostra &#8220;El Canal De Agort&#8221; storia ed archeologia da San Gottardo alla Conca Agordina. La mostra \u00e8 visitabile dal gioved\u00ec alla domenica dalle 9:30 alle 12:30 e dalle16 alle 19 fino al 4 settembre.<\/p>\n<p>&nbsp;<\/p>\n<p>&nbsp;<\/p>\n<hr \/>\n<p>&nbsp;<\/p>\n<h3>IERI ALLA RADIO<\/h3>\n<blockquote>\n<h3>MADONA DE LA NEIF, LA SAGRA A LA VALLE AGORDINA, l&#8217;intervista<\/h3>\n<\/blockquote>\n<p><strong>LA VALLE<\/strong> Anche quest&#8217;anno il piccolo paese nel <strong>cuore<\/strong> delle <strong>Dolomiti Agordine<\/strong> si vestir\u00e0 a festa e <strong>venerd\u00ec 5 agosto 2022<\/strong> si animer\u00e0 per la tanto attesa Sagra paesana.\u00a0 La forza e il tenace spirito, caratteristiche che contraddistinguono i tanti volontari della Pro Loco La Valle Agordina, hanno permesso anche negli scorsi anni (sia 2020 sia 2021) di presentare al pubblico un evento di qualit\u00e0, adeguato alla normativa nazionale di prevenzione anti diffusione del Covid-19.<\/p>\n<p><strong>L&#8217;INTERVISTA DA ANDREA DA ROIT, PRESIDENTE DELLA PROLOCO DI LA VALLE AGORDINA<\/strong><\/p>\n<p>di Mirko Mezzacasa<\/p>\n<audio class=\"wp-audio-shortcode\" id=\"audio-289811-10\" preload=\"none\" style=\"width: 100%;\" controls=\"controls\"><source type=\"audio\/mpeg\" src=\"https:\/\/www.radiopiu.net\/wordpress\/wp-content\/uploads\/2022\/07\/ANDREA-DA-ROIT.mp3?_=10\" \/><a href=\"https:\/\/www.radiopiu.net\/wordpress\/wp-content\/uploads\/2022\/07\/ANDREA-DA-ROIT.mp3\">https:\/\/www.radiopiu.net\/wordpress\/wp-content\/uploads\/2022\/07\/ANDREA-DA-ROIT.mp3<\/a><\/audio>\n<p>&nbsp;<\/p>\n\n\t\t\t<style type='text\/css'>\n\t\t\t\t#gallery-3 {\n\t\t\t\t\tmargin: auto;\n\t\t\t\t}\n\t\t\t\t#gallery-3 .gallery-item {\n\t\t\t\t\tfloat: left;\n\t\t\t\t\tmargin-top: 10px;\n\t\t\t\t\ttext-align: center;\n\t\t\t\t\twidth: 33%;\n\t\t\t\t}\n\t\t\t\t#gallery-3 img {\n\t\t\t\t\tborder: 2px solid #cfcfcf;\n\t\t\t\t}\n\t\t\t\t#gallery-3 .gallery-caption {\n\t\t\t\t\tmargin-left: 0;\n\t\t\t\t}\n\t\t\t\t\/* see gallery_shortcode() in wp-includes\/media.php *\/\n\t\t\t<\/style>\n\t\t<div id='gallery-3' class='dt-gallery-container gallery galleryid-289811 gallery-columns-3 gallery-size-thumbnail'><dl class='gallery-item'>\n\t\t\t\t<dt class='gallery-icon portrait'>\n\t\t\t\t\t<a class=\"rollover rollover-zoom dt-pswp-item\" title=\"530a2d72-bda3-7461-e542-59cf0ee1053c\" data-dt-img-description=\"\" data-large_image_width=\"1730\" data-large_image_height=\"2423\"href='https:\/\/www.radiopiu.net\/wordpress\/wp-content\/uploads\/2022\/07\/530a2d72-bda3-7461-e542-59cf0ee1053c.jpg'><img loading=\"lazy\" decoding=\"async\" width=\"150\" height=\"150\" src=\"https:\/\/www.radiopiu.net\/wordpress\/wp-content\/uploads\/2022\/07\/530a2d72-bda3-7461-e542-59cf0ee1053c-150x150.jpg\" class=\"attachment-thumbnail size-thumbnail\" alt=\"\" \/><\/a>\n\t\t\t\t<\/dt><\/dl><dl class='gallery-item'>\n\t\t\t\t<dt class='gallery-icon portrait'>\n\t\t\t\t\t<a class=\"rollover rollover-zoom dt-pswp-item\" title=\"38dcef37-7bbc-4024-ebb0-6a6882717ada\" data-dt-img-description=\"\" data-large_image_width=\"1811\" data-large_image_height=\"2560\"href='https:\/\/www.radiopiu.net\/wordpress\/wp-content\/uploads\/2022\/07\/38dcef37-7bbc-4024-ebb0-6a6882717ada-scaled.jpg'><img loading=\"lazy\" decoding=\"async\" width=\"150\" height=\"150\" src=\"https:\/\/www.radiopiu.net\/wordpress\/wp-content\/uploads\/2022\/07\/38dcef37-7bbc-4024-ebb0-6a6882717ada-150x150.jpg\" class=\"attachment-thumbnail size-thumbnail\" alt=\"\" \/><\/a>\n\t\t\t\t<\/dt><\/dl><dl class='gallery-item'>\n\t\t\t\t<dt class='gallery-icon portrait'>\n\t\t\t\t\t<a class=\"rollover rollover-zoom dt-pswp-item\" title=\"4935b63e-fab3-2b11-4f4a-803c2ec51972\" data-dt-img-description=\"\" data-large_image_width=\"1811\" data-large_image_height=\"2560\"href='https:\/\/www.radiopiu.net\/wordpress\/wp-content\/uploads\/2022\/07\/4935b63e-fab3-2b11-4f4a-803c2ec51972-scaled.jpg'><img loading=\"lazy\" decoding=\"async\" width=\"150\" height=\"150\" src=\"https:\/\/www.radiopiu.net\/wordpress\/wp-content\/uploads\/2022\/07\/4935b63e-fab3-2b11-4f4a-803c2ec51972-150x150.jpg\" class=\"attachment-thumbnail size-thumbnail\" alt=\"\" \/><\/a>\n\t\t\t\t<\/dt><\/dl><br style=\"clear: both\" \/>\n\t\t\t<\/div>\n\n<p>&nbsp;<\/p>\n<hr \/>\n<blockquote>\n<h3><\/h3>\n<h3>ANCHE A LA VALLE NON E&#8217; FACILE TROVARE VOLONTARI PER LA SAGRA<\/h3>\n<\/blockquote>\n<p><strong><a class=\"dt-pswp-item\" href=\"https:\/\/www.radiopiu.net\/wordpress\/wp-content\/uploads\/2019\/07\/LA-VALLE.jpg\" data-dt-img-description=\"\" data-large_image_width=\"259\" data-large_image_height=\"194\"><img loading=\"lazy\" decoding=\"async\" class=\"size-thumbnail wp-image-93156 alignleft\" src=\"https:\/\/www.radiopiu.net\/wordpress\/wp-content\/uploads\/2019\/07\/LA-VALLE-150x150.jpg\" alt=\"\" width=\"150\" height=\"150\" \/><\/a>LA VALLE<\/strong><\/p>\n<p>di Gianni Santomaso<\/p>\n<audio class=\"wp-audio-shortcode\" id=\"audio-289811-11\" preload=\"none\" style=\"width: 100%;\" controls=\"controls\"><source type=\"audio\/mpeg\" src=\"https:\/\/www.radiopiu.net\/wordpress\/wp-content\/uploads\/2022\/07\/GIANNI-ANCHE-A-LA-VALLE-NON-E-FACILE-TROVARE-VOLONTARI-PER-LA-SAGRA-.mp3?_=11\" \/><a href=\"https:\/\/www.radiopiu.net\/wordpress\/wp-content\/uploads\/2022\/07\/GIANNI-ANCHE-A-LA-VALLE-NON-E-FACILE-TROVARE-VOLONTARI-PER-LA-SAGRA-.mp3\">https:\/\/www.radiopiu.net\/wordpress\/wp-content\/uploads\/2022\/07\/GIANNI-ANCHE-A-LA-VALLE-NON-E-FACILE-TROVARE-VOLONTARI-PER-LA-SAGRA-.mp3<\/a><\/audio>\n<p>&nbsp;<\/p>\n<p>&nbsp;<\/p>\n<hr \/>\n<p>&nbsp;<\/p>\n<p><strong>di JOHN FRANCIS DELLA PIETRA\u00a0<\/strong><\/p>\n<p><em>La pioggia ha portato con s\u00e9<\/em><br \/>\n<em>Acqua e refrigerio<\/em><br \/>\n<em>A quest ambiente arso ed accaldato <\/em><br \/>\n<em>Una brezza fresca<\/em><br \/>\n<em>E pregna di speranza <\/em><br \/>\n<em>Passa fra le chiome del bosco<\/em><br \/>\n<em>Come un amorevole materna carezza<\/em><br \/>\n<em>Forse placher\u00e0 <\/em><br \/>\n<em>L animo umano<\/em><br \/>\n<em>Bisognoso di pace<\/em><br \/>\n<em>Pi\u00f9 d ogni altra cosa<\/em><br \/>\n<em>Il mio pensiero vola<\/em><br \/>\n<em>Lass\u00f9 nell infinito<\/em><\/p>\n<p>&nbsp;<\/p>\n<hr \/>\n<p>&nbsp;<\/p>\n<blockquote>\n<h3>VENGO ANCH&#8217;IO, LA WEB APP SULL&#8217;ACCESSIBILITA&#8217;<\/h3>\n<\/blockquote>\n<p><span id=\"page3R_mcid36\" class=\"markedContent\"><strong>BELLUNO<\/strong>\u00a0 <span dir=\"ltr\" role=\"presentation\">L\u2019accessibilit\u00e0<\/span><\/span><span id=\"page3R_mcid37\" class=\"markedContent\"><\/span><span id=\"page3R_mcid38\" class=\"markedContent\"> <span dir=\"ltr\" role=\"presentation\">in<\/span><\/span><span id=\"page3R_mcid39\" class=\"markedContent\"><\/span><span id=\"page3R_mcid40\" class=\"markedContent\"> <span dir=\"ltr\" role=\"presentation\">provincia<\/span><\/span><span id=\"page3R_mcid41\" class=\"markedContent\"><\/span><span id=\"page3R_mcid42\" class=\"markedContent\"> <span dir=\"ltr\" role=\"presentation\">di<\/span><\/span><span id=\"page3R_mcid43\" class=\"markedContent\"><\/span><span id=\"page3R_mcid44\" class=\"markedContent\"> <span dir=\"ltr\" role=\"presentation\">Belluno<\/span><\/span><span id=\"page3R_mcid45\" class=\"markedContent\"><\/span><span id=\"page3R_mcid46\" class=\"markedContent\"> <span dir=\"ltr\" role=\"presentation\">\u00e8<\/span><\/span><span id=\"page3R_mcid47\" class=\"markedContent\"><\/span><span id=\"page3R_mcid48\" class=\"markedContent\"> <span dir=\"ltr\" role=\"presentation\">a<\/span><\/span><span id=\"page3R_mcid49\" class=\"markedContent\"><\/span><span id=\"page3R_mcid50\" class=\"markedContent\"> <span dir=\"ltr\" role=\"presentation\">portata<\/span><\/span><span id=\"page3R_mcid51\" class=\"markedContent\"><\/span><span id=\"page3R_mcid52\" class=\"markedContent\"> <span dir=\"ltr\" role=\"presentation\">di<\/span><\/span><span id=\"page3R_mcid53\" class=\"markedContent\"><\/span><span id=\"page3R_mcid54\" class=\"markedContent\"> <span dir=\"ltr\" role=\"presentation\">click,<\/span><\/span><span id=\"page3R_mcid55\" class=\"markedContent\"><\/span><span id=\"page3R_mcid56\" class=\"markedContent\"> <span dir=\"ltr\" role=\"presentation\">grazie<\/span><\/span><span id=\"page3R_mcid57\" class=\"markedContent\"><\/span><span id=\"page3R_mcid58\" class=\"markedContent\"> <span dir=\"ltr\" role=\"presentation\">alla<\/span><\/span><span id=\"page3R_mcid59\" class=\"markedContent\"><\/span><span id=\"page3R_mcid60\" class=\"markedContent\"> <span dir=\"ltr\" role=\"presentation\">Web<\/span><\/span><span id=\"page3R_mcid61\" class=\"markedContent\"><\/span><span id=\"page3R_mcid62\" class=\"markedContent\"> <span dir=\"ltr\" role=\"presentation\">App<\/span><\/span><span id=\"page3R_mcid63\" class=\"markedContent\"><\/span><span id=\"page3R_mcid64\" class=\"markedContent\"> <span dir=\"ltr\" role=\"presentation\">ideata<\/span><\/span><span id=\"page3R_mcid65\" class=\"markedContent\"><\/span><span id=\"page3R_mcid66\" class=\"markedContent\"> <span dir=\"ltr\" role=\"presentation\">dall\u2019<\/span><\/span><span id=\"page3R_mcid67\" class=\"markedContent\"><span dir=\"ltr\" role=\"presentation\">ASSI<\/span><\/span><span id=\"page3R_mcid68\" class=\"markedContent\"><\/span><span id=\"page3R_mcid69\" class=\"markedContent\"> <span dir=\"ltr\" role=\"presentation\">Aps<\/span><\/span><span id=\"page3R_mcid70\" class=\"markedContent\"><\/span><span id=\"page3R_mcid71\" class=\"markedContent\"> <span dir=\"ltr\" role=\"presentation\">Onlus<\/span><\/span><span id=\"page3R_mcid72\" class=\"markedContent\"><span dir=\"ltr\" role=\"presentation\">: <\/span><\/span><span id=\"page3R_mcid74\" class=\"markedContent\"><span dir=\"ltr\" role=\"presentation\">si<\/span><\/span><span id=\"page3R_mcid75\" class=\"markedContent\"><\/span><span id=\"page3R_mcid76\" class=\"markedContent\"> <span dir=\"ltr\" role=\"presentation\">intitola<\/span><\/span><span id=\"page3R_mcid77\" class=\"markedContent\"><\/span><span id=\"page3R_mcid78\" class=\"markedContent\"> <span dir=\"ltr\" role=\"presentation\">Vengo<\/span><\/span><span id=\"page3R_mcid79\" class=\"markedContent\"><\/span><span id=\"page3R_mcid80\" class=\"markedContent\"> <span dir=\"ltr\" role=\"presentation\">anch<\/span><\/span><span class=\"markedContent\"><span id=\"page3R_mcid81\" class=\"markedContent\"><span dir=\"ltr\" role=\"presentation\">\u2019<\/span><\/span><\/span><span id=\"page3R_mcid82\" class=\"markedContent\"><span dir=\"ltr\" role=\"presentation\">io&#8230;<\/span><\/span><span id=\"page3R_mcid83\" class=\"markedContent\"><\/span><span id=\"page3R_mcid84\" class=\"markedContent\"> <span dir=\"ltr\" role=\"presentation\">nelle<\/span><\/span><span id=\"page3R_mcid85\" class=\"markedContent\"><\/span><span id=\"page3R_mcid86\" class=\"markedContent\"> <span dir=\"ltr\" role=\"presentation\">Dolomiti<\/span><\/span><span id=\"page3R_mcid87\" class=\"markedContent\"><\/span><span id=\"page3R_mcid88\" class=\"markedContent\"> <span dir=\"ltr\" role=\"presentation\">Bellunesi<\/span><\/span><span id=\"page3R_mcid89\" class=\"markedContent\"><\/span><span id=\"page3R_mcid90\" class=\"markedContent\"> <span dir=\"ltr\" role=\"presentation\">e<\/span><\/span><span id=\"page3R_mcid91\" class=\"markedContent\"><\/span><span id=\"page3R_mcid92\" class=\"markedContent\"> <span dir=\"ltr\" role=\"presentation\">nasce<\/span><\/span><span id=\"page3R_mcid93\" class=\"markedContent\"><\/span><span id=\"page3R_mcid94\" class=\"markedContent\"> <span dir=\"ltr\" role=\"presentation\">dall<\/span><\/span><span class=\"markedContent\"><span id=\"page3R_mcid95\" class=\"markedContent\"><span dir=\"ltr\" role=\"presentation\">\u2019<\/span><\/span><\/span><span id=\"page3R_mcid96\" class=\"markedContent\"><span dir=\"ltr\" role=\"presentation\">idea<\/span><\/span><span id=\"page3R_mcid97\" class=\"markedContent\"><\/span><span id=\"page3R_mcid98\" class=\"markedContent\"> <span dir=\"ltr\" role=\"presentation\">di<\/span><\/span><span id=\"page3R_mcid99\" class=\"markedContent\"><\/span><span id=\"page3R_mcid100\" class=\"markedContent\"> <span dir=\"ltr\" role=\"presentation\">condividere<\/span><\/span><span id=\"page3R_mcid101\" class=\"markedContent\"><\/span><span id=\"page3R_mcid102\" class=\"markedContent\"> <span dir=\"ltr\" role=\"presentation\">pi\u00f9<\/span><\/span><span id=\"page3R_mcid103\" class=\"markedContent\"><\/span><span id=\"page3R_mcid104\" class=\"markedContent\"> <span dir=\"ltr\" role=\"presentation\">informazioni <\/span><\/span><span id=\"page3R_mcid106\" class=\"markedContent\"><span dir=\"ltr\" role=\"presentation\">possibili<\/span><\/span><span id=\"page3R_mcid107\" class=\"markedContent\"><\/span><span id=\"page3R_mcid108\" class=\"markedContent\"> <span dir=\"ltr\" role=\"presentation\">rispetto<\/span><\/span><span id=\"page3R_mcid109\" class=\"markedContent\"><\/span><span id=\"page3R_mcid110\" class=\"markedContent\"> <span dir=\"ltr\" role=\"presentation\">ai<\/span><\/span><span id=\"page3R_mcid111\" class=\"markedContent\"><\/span><span id=\"page3R_mcid112\" class=\"markedContent\"> <span dir=\"ltr\" role=\"presentation\">luoghi<\/span><\/span><span id=\"page3R_mcid113\" class=\"markedContent\"><\/span><span id=\"page3R_mcid114\" class=\"markedContent\"> <span dir=\"ltr\" role=\"presentation\">privi<\/span><\/span><span id=\"page3R_mcid115\" class=\"markedContent\"><\/span><span id=\"page3R_mcid116\" class=\"markedContent\"> <span dir=\"ltr\" role=\"presentation\">di<\/span><\/span><span id=\"page3R_mcid117\" class=\"markedContent\"><\/span><span id=\"page3R_mcid118\" class=\"markedContent\"> <span dir=\"ltr\" role=\"presentation\">barriere<\/span><\/span><span id=\"page3R_mcid119\" class=\"markedContent\"><\/span><span id=\"page3R_mcid120\" class=\"markedContent\"> <span dir=\"ltr\" role=\"presentation\">architettoniche,<\/span><\/span><span id=\"page3R_mcid121\" class=\"markedContent\"><\/span><span id=\"page3R_mcid122\" class=\"markedContent\"> <span dir=\"ltr\" role=\"presentation\">partendo<\/span><\/span><span id=\"page3R_mcid123\" class=\"markedContent\"><\/span><span id=\"page3R_mcid124\" class=\"markedContent\"> <span dir=\"ltr\" role=\"presentation\">dall<\/span><\/span><span class=\"markedContent\"><span id=\"page3R_mcid125\" class=\"markedContent\"><span dir=\"ltr\" role=\"presentation\">\u2019<\/span><\/span><\/span><span id=\"page3R_mcid126\" class=\"markedContent\"><span dir=\"ltr\" role=\"presentation\">esperienza<\/span><\/span><span id=\"page3R_mcid127\" class=\"markedContent\"><\/span><span id=\"page3R_mcid128\" class=\"markedContent\"> <span dir=\"ltr\" role=\"presentation\">diretta<\/span><\/span><span id=\"page3R_mcid129\" class=\"markedContent\"><\/span><span id=\"page3R_mcid130\" class=\"markedContent\"> <span dir=\"ltr\" role=\"presentation\">dei<\/span><\/span><span id=\"page3R_mcid131\" class=\"markedContent\"><\/span><span id=\"page3R_mcid132\" class=\"markedContent\"> <span dir=\"ltr\" role=\"presentation\">soci<\/span><\/span><span id=\"page3R_mcid133\" class=\"markedContent\"><\/span><span id=\"page3R_mcid134\" class=\"markedContent\"> <span dir=\"ltr\" role=\"presentation\">con <\/span><\/span><span id=\"page3R_mcid136\" class=\"markedContent\"><span dir=\"ltr\" role=\"presentation\">disabilit\u00e0<\/span><\/span><span id=\"page3R_mcid137\" class=\"markedContent\"><\/span><span id=\"page3R_mcid138\" class=\"markedContent\"> <span dir=\"ltr\" role=\"presentation\">dell<\/span><\/span><span class=\"markedContent\"><span id=\"page3R_mcid139\" class=\"markedContent\"><span dir=\"ltr\" role=\"presentation\">\u2019<\/span><\/span><\/span><span id=\"page3R_mcid140\" class=\"markedContent\"><span dir=\"ltr\" role=\"presentation\">ASSI.\u00a0 <\/span><\/span><span id=\"page3R_mcid343\" class=\"markedContent\"><span dir=\"ltr\" role=\"presentation\">Entrando<\/span><\/span><span id=\"page3R_mcid344\" class=\"markedContent\"><\/span><span id=\"page3R_mcid345\" class=\"markedContent\"> <span dir=\"ltr\" role=\"presentation\">nel<\/span><\/span><span id=\"page3R_mcid346\" class=\"markedContent\"><\/span><span id=\"page3R_mcid347\" class=\"markedContent\"> <span dir=\"ltr\" role=\"presentation\">dettaglio<\/span><\/span><span id=\"page3R_mcid348\" class=\"markedContent\"><\/span><span id=\"page3R_mcid349\" class=\"markedContent\"> <span dir=\"ltr\" role=\"presentation\">dell\u2019applicazione,<\/span><\/span><span id=\"page3R_mcid350\" class=\"markedContent\"><\/span><span id=\"page3R_mcid351\" class=\"markedContent\"> <span dir=\"ltr\" role=\"presentation\">per<\/span><\/span><span id=\"page3R_mcid352\" class=\"markedContent\"><\/span><span id=\"page3R_mcid353\" class=\"markedContent\"> <span dir=\"ltr\" role=\"presentation\">trovare<\/span><\/span><span id=\"page3R_mcid354\" class=\"markedContent\"><\/span><span id=\"page3R_mcid355\" class=\"markedContent\"> <span dir=\"ltr\" role=\"presentation\">i<\/span><\/span><span id=\"page3R_mcid356\" class=\"markedContent\"><\/span><span id=\"page3R_mcid357\" class=\"markedContent\"> <span dir=\"ltr\" role=\"presentation\">luoghi<\/span><\/span><span id=\"page3R_mcid358\" class=\"markedContent\"><\/span><span id=\"page3R_mcid359\" class=\"markedContent\"> <span dir=\"ltr\" role=\"presentation\">senza<\/span><\/span><span id=\"page3R_mcid360\" class=\"markedContent\"><\/span><span id=\"page3R_mcid361\" class=\"markedContent\"> <span dir=\"ltr\" role=\"presentation\">ostacoli<\/span><\/span><span id=\"page3R_mcid362\" class=\"markedContent\"><\/span><span id=\"page3R_mcid363\" class=\"markedContent\"> <span dir=\"ltr\" role=\"presentation\">\u00e8<\/span><\/span><span id=\"page3R_mcid364\" class=\"markedContent\"><\/span><span id=\"page3R_mcid365\" class=\"markedContent\"> <span dir=\"ltr\" role=\"presentation\">possibile<\/span><\/span><span id=\"page3R_mcid366\" class=\"markedContent\"><\/span><span id=\"page3R_mcid367\" class=\"markedContent\"> <span dir=\"ltr\" role=\"presentation\">accedere<\/span><\/span><span id=\"page3R_mcid368\" class=\"markedContent\"><\/span><span id=\"page3R_mcid369\" class=\"markedContent\"> <span dir=\"ltr\" role=\"presentation\">a<\/span><\/span><span id=\"page3R_mcid370\" class=\"markedContent\"><\/span><span id=\"page3R_mcid371\" class=\"markedContent\"> <span dir=\"ltr\" role=\"presentation\">una <\/span><\/span><span id=\"page3R_mcid373\" class=\"markedContent\"><span dir=\"ltr\" role=\"presentation\">mappa,<\/span><\/span><span id=\"page3R_mcid374\" class=\"markedContent\"><\/span><span id=\"page3R_mcid375\" class=\"markedContent\"> <span dir=\"ltr\" role=\"presentation\">selezionare<\/span><\/span><span id=\"page3R_mcid376\" class=\"markedContent\"><\/span><span id=\"page3R_mcid377\" class=\"markedContent\"> <span dir=\"ltr\" role=\"presentation\">la<\/span><\/span><span id=\"page3R_mcid378\" class=\"markedContent\"><\/span><span id=\"page3R_mcid379\" class=\"markedContent\"> <span dir=\"ltr\" role=\"presentation\">zona<\/span><\/span><span id=\"page3R_mcid380\" class=\"markedContent\"><\/span><span id=\"page3R_mcid381\" class=\"markedContent\"> <span dir=\"ltr\" role=\"presentation\">di<\/span><\/span><span id=\"page3R_mcid382\" class=\"markedContent\"><\/span><span id=\"page3R_mcid383\" class=\"markedContent\"> <span dir=\"ltr\" role=\"presentation\">interesse<\/span><\/span><span id=\"page3R_mcid384\" class=\"markedContent\"><\/span><span id=\"page3R_mcid385\" class=\"markedContent\"> <span dir=\"ltr\" role=\"presentation\">e<\/span><\/span><span id=\"page3R_mcid386\" class=\"markedContent\"><\/span><span id=\"page3R_mcid387\" class=\"markedContent\"> <span dir=\"ltr\" role=\"presentation\">scoprire<\/span><\/span><span id=\"page3R_mcid388\" class=\"markedContent\"><\/span><span id=\"page3R_mcid389\" class=\"markedContent\"> <span dir=\"ltr\" role=\"presentation\">nel<\/span><\/span><span id=\"page3R_mcid390\" class=\"markedContent\"><\/span><span id=\"page3R_mcid391\" class=\"markedContent\"> <span dir=\"ltr\" role=\"presentation\">dettaglio<\/span><\/span><span id=\"page3R_mcid392\" class=\"markedContent\"><\/span><span id=\"page3R_mcid393\" class=\"markedContent\"> <span dir=\"ltr\" role=\"presentation\">le<\/span><\/span><span id=\"page3R_mcid394\" class=\"markedContent\"><\/span><span id=\"page3R_mcid395\" class=\"markedContent\"> <span dir=\"ltr\" role=\"presentation\">possib<\/span><\/span><span id=\"page3R_mcid396\" class=\"markedContent\"><span dir=\"ltr\" role=\"presentation\">ilit\u00e0<\/span><\/span><span id=\"page3R_mcid397\" class=\"markedContent\"><\/span><span id=\"page3R_mcid398\" class=\"markedContent\"> <span dir=\"ltr\" role=\"presentation\">in<\/span><\/span><span id=\"page3R_mcid399\" class=\"markedContent\"><\/span><span id=\"page3R_mcid400\" class=\"markedContent\"> <span dir=\"ltr\" role=\"presentation\">termini<\/span><\/span><span id=\"page3R_mcid401\" class=\"markedContent\"><\/span><span id=\"page3R_mcid402\" class=\"markedContent\"> <span dir=\"ltr\" role=\"presentation\">di<\/span><\/span><span id=\"page3R_mcid403\" class=\"markedContent\"><\/span><span id=\"page3R_mcid404\" class=\"markedContent\"> <span dir=\"ltr\" role=\"presentation\">accessibilit\u00e0.<\/span><\/span><span id=\"page3R_mcid405\" class=\"markedContent\"><\/span><span id=\"page3R_mcid406\" class=\"markedContent\"> <span dir=\"ltr\" role=\"presentation\">U<\/span><\/span><span id=\"page3R_mcid407\" class=\"markedContent\"><span dir=\"ltr\" role=\"presentation\">n <\/span><\/span><span id=\"page3R_mcid409\" class=\"markedContent\"><span dir=\"ltr\" role=\"presentation\">altro<\/span><\/span><span id=\"page3R_mcid410\" class=\"markedContent\"><\/span><span id=\"page3R_mcid411\" class=\"markedContent\"> <span dir=\"ltr\" role=\"presentation\">criterio<\/span><\/span><span id=\"page3R_mcid412\" class=\"markedContent\"><\/span><span id=\"page3R_mcid413\" class=\"markedContent\"> <span dir=\"ltr\" role=\"presentation\">di<\/span><\/span><span id=\"page3R_mcid414\" class=\"markedContent\"><\/span><span id=\"page3R_mcid415\" class=\"markedContent\"> <span dir=\"ltr\" role=\"presentation\">ricerca<\/span><\/span><span id=\"page3R_mcid416\" class=\"markedContent\"><\/span><span id=\"page3R_mcid417\" class=\"markedContent\"> <span dir=\"ltr\" role=\"presentation\">\u00e8<\/span><\/span><span id=\"page3R_mcid418\" class=\"markedContent\"><\/span><span id=\"page3R_mcid419\" class=\"markedContent\"> <span dir=\"ltr\" role=\"presentation\">legato<\/span><\/span><span id=\"page3R_mcid420\" class=\"markedContent\"><\/span><span id=\"page3R_mcid421\" class=\"markedContent\"> <span dir=\"ltr\" role=\"presentation\">alle<\/span><\/span><span id=\"page3R_mcid422\" class=\"markedContent\"><\/span><span id=\"page3R_mcid423\" class=\"markedContent\"> <span dir=\"ltr\" role=\"presentation\">categorie<\/span><\/span><span id=\"page3R_mcid424\" class=\"markedContent\"><\/span><span id=\"page3R_mcid425\" class=\"markedContent\"> <span dir=\"ltr\" role=\"presentation\">di<\/span><\/span><span id=\"page3R_mcid426\" class=\"markedContent\"><\/span><span id=\"page3R_mcid427\" class=\"markedContent\"> <span dir=\"ltr\" role=\"presentation\">interesse:<\/span><\/span><span id=\"page3R_mcid428\" class=\"markedContent\"><\/span><span id=\"page3R_mcid429\" class=\"markedContent\"> <span dir=\"ltr\" role=\"presentation\">dallo<\/span><\/span><span id=\"page3R_mcid430\" class=\"markedContent\"><\/span><span id=\"page3R_mcid431\" class=\"markedContent\"> <span dir=\"ltr\" role=\"presentation\">sport<\/span><\/span><span id=\"page3R_mcid432\" class=\"markedContent\"><\/span><span id=\"page3R_mcid433\" class=\"markedContent\"> <span dir=\"ltr\" role=\"presentation\">alla<\/span><\/span><span id=\"page3R_mcid434\" class=\"markedContent\"><\/span><span id=\"page3R_mcid435\" class=\"markedContent\"> <span dir=\"ltr\" role=\"presentation\">natura,<\/span><\/span><span id=\"page3R_mcid436\" class=\"markedContent\"><\/span><span id=\"page3R_mcid437\" class=\"markedContent\"> <span dir=\"ltr\" role=\"presentation\">dalla<\/span><\/span><span id=\"page3R_mcid438\" class=\"markedContent\"><\/span><span id=\"page3R_mcid439\" class=\"markedContent\"> <span dir=\"ltr\" role=\"presentation\">cultura<\/span><\/span><span id=\"page3R_mcid440\" class=\"markedContent\"><\/span><span id=\"page3R_mcid441\" class=\"markedContent\"> <span dir=\"ltr\" role=\"presentation\">allo <\/span><\/span><span id=\"page3R_mcid443\" class=\"markedContent\"><span dir=\"ltr\" role=\"presentation\">shopping,<\/span><\/span><span id=\"page3R_mcid444\" class=\"markedContent\"><\/span><span id=\"page3R_mcid445\" class=\"markedContent\"> <span dir=\"ltr\" role=\"presentation\">dai<\/span><\/span><span id=\"page3R_mcid446\" class=\"markedContent\"><\/span><span id=\"page3R_mcid447\" class=\"markedContent\"> <span dir=\"ltr\" role=\"presentation\">ristoranti<\/span><\/span><span id=\"page3R_mcid448\" class=\"markedContent\"><\/span><span id=\"page3R_mcid449\" class=\"markedContent\"> <span dir=\"ltr\" role=\"presentation\">e<\/span><\/span><span id=\"page3R_mcid450\" class=\"markedContent\"><\/span><span id=\"page3R_mcid451\" class=\"markedContent\"> <span dir=\"ltr\" role=\"presentation\">bar<\/span><\/span><span id=\"page3R_mcid452\" class=\"markedContent\"><\/span><span id=\"page3R_mcid453\" class=\"markedContent\"> <span dir=\"ltr\" role=\"presentation\">alle<\/span><\/span><span id=\"page3R_mcid454\" class=\"markedContent\"><\/span><span id=\"page3R_mcid455\" class=\"markedContent\"> <span dir=\"ltr\" role=\"presentation\">strutture<\/span><\/span><span id=\"page3R_mcid456\" class=\"markedContent\"><\/span><span id=\"page3R_mcid457\" class=\"markedContent\"> <span dir=\"ltr\" role=\"presentation\">ricettive,<\/span><\/span><span id=\"page3R_mcid458\" class=\"markedContent\"><\/span><span id=\"page3R_mcid459\" class=\"markedContent\"> <span dir=\"ltr\" role=\"presentation\">passando<\/span><\/span><span id=\"page3R_mcid460\" class=\"markedContent\"><\/span><span id=\"page3R_mcid461\" class=\"markedContent\"> <span dir=\"ltr\" role=\"presentation\">per<\/span><\/span><span id=\"page3R_mcid462\" class=\"markedContent\"><\/span><span id=\"page3R_mcid463\" class=\"markedContent\"> <span dir=\"ltr\" role=\"presentation\">servizi,<\/span><\/span><span id=\"page3R_mcid464\" class=\"markedContent\"><\/span><span id=\"page3R_mcid465\" class=\"markedContent\"> <span dir=\"ltr\" role=\"presentation\">parcheggi<\/span><\/span><span id=\"page3R_mcid466\" class=\"markedContent\"><\/span><span id=\"page3R_mcid467\" class=\"markedContent\"> <span dir=\"ltr\" role=\"presentation\">e<\/span><\/span><span id=\"page3R_mcid468\" class=\"markedContent\"><\/span><span id=\"page3R_mcid469\" class=\"markedContent\"> <span dir=\"ltr\" role=\"presentation\">bagni. <\/span><\/span><span id=\"page3R_mcid551\" class=\"markedContent\"><span dir=\"ltr\" role=\"presentation\">Chiunque<\/span><\/span><span id=\"page3R_mcid552\" class=\"markedContent\"><\/span><span id=\"page3R_mcid553\" class=\"markedContent\"> <span dir=\"ltr\" role=\"presentation\">volesse<\/span><\/span><span id=\"page3R_mcid554\" class=\"markedContent\"><\/span><span id=\"page3R_mcid555\" class=\"markedContent\"> <span dir=\"ltr\" role=\"presentation\">contribuire<\/span><\/span><span id=\"page3R_mcid556\" class=\"markedContent\"><\/span><span id=\"page3R_mcid557\" class=\"markedContent\"> <span dir=\"ltr\" role=\"presentation\">ad<\/span><\/span><span id=\"page3R_mcid558\" class=\"markedContent\"><\/span><span id=\"page3R_mcid559\" class=\"markedContent\"> <span dir=\"ltr\" role=\"presentation\">arricchire<\/span><\/span><span id=\"page3R_mcid560\" class=\"markedContent\"><\/span><span id=\"page3R_mcid561\" class=\"markedContent\"> <span dir=\"ltr\" role=\"presentation\">Vengo<\/span><\/span><span id=\"page3R_mcid562\" class=\"markedContent\"><\/span><span id=\"page3R_mcid563\" class=\"markedContent\"> <span dir=\"ltr\" role=\"presentation\">anch\u2019io&#8230;<\/span><\/span><span id=\"page3R_mcid564\" class=\"markedContent\"><\/span><span id=\"page3R_mcid565\" class=\"markedContent\"> <span dir=\"ltr\" role=\"presentation\">nelle<\/span><\/span><span id=\"page3R_mcid566\" class=\"markedContent\"><\/span><span id=\"page3R_mcid567\" class=\"markedContent\"> <span dir=\"ltr\" role=\"presentation\">Dolomiti<\/span><\/span><span id=\"page3R_mcid568\" class=\"markedContent\"><\/span><span id=\"page3R_mcid569\" class=\"markedContent\"> <span dir=\"ltr\" role=\"presentation\">Bellunesi<\/span><\/span><span id=\"page3R_mcid570\" class=\"markedContent\"><\/span><span id=\"page3R_mcid571\" class=\"markedContent\"> <span dir=\"ltr\" role=\"presentation\">con<\/span><\/span><span id=\"page3R_mcid572\" class=\"markedContent\"><\/span><span id=\"page3R_mcid573\" class=\"markedContent\"> <span dir=\"ltr\" role=\"presentation\">nuovi<\/span><\/span><span id=\"page3R_mcid574\" class=\"markedContent\"><\/span><span id=\"page3R_mcid575\" class=\"markedContent\"> <span dir=\"ltr\" role=\"presentation\">dettagli<\/span><\/span><span id=\"page3R_mcid576\" class=\"markedContent\"><\/span><span id=\"page3R_mcid577\" class=\"markedContent\"><br role=\"presentation\" \/><span dir=\"ltr\" role=\"presentation\">e<\/span><\/span><span id=\"page3R_mcid578\" class=\"markedContent\"><\/span><span id=\"page3R_mcid579\" class=\"markedContent\"> <span dir=\"ltr\" role=\"presentation\">informazioni<\/span><\/span><span id=\"page3R_mcid580\" class=\"markedContent\"><\/span><span id=\"page3R_mcid581\" class=\"markedContent\"> <span dir=\"ltr\" role=\"presentation\">utili<\/span><\/span><span id=\"page3R_mcid582\" class=\"markedContent\"><\/span><span id=\"page3R_mcid583\" class=\"markedContent\"> <span dir=\"ltr\" role=\"presentation\">alle<\/span><\/span><span id=\"page3R_mcid584\" class=\"markedContent\"><\/span><span id=\"page3R_mcid585\" class=\"markedContent\"> <span dir=\"ltr\" role=\"presentation\">persone<\/span><\/span><span id=\"page3R_mcid586\" class=\"markedContent\"><\/span><span id=\"page3R_mcid587\" class=\"markedContent\"> <span dir=\"ltr\" role=\"presentation\">con<\/span><\/span><span id=\"page3R_mcid588\" class=\"markedContent\"><\/span><span id=\"page3R_mcid589\" class=\"markedContent\"> <span dir=\"ltr\" role=\"presentation\">disabilit\u00e0,<\/span><\/span><span id=\"page3R_mcid590\" class=\"markedContent\"><\/span><span id=\"page3R_mcid591\" class=\"markedContent\"> <span dir=\"ltr\" role=\"presentation\">pu\u00f2<\/span><\/span><span id=\"page3R_mcid592\" class=\"markedContent\"><\/span><span id=\"page3R_mcid593\" class=\"markedContent\"> <span dir=\"ltr\" role=\"presentation\">scrivere<\/span><\/span><span id=\"page3R_mcid594\" class=\"markedContent\"><\/span><span id=\"page3R_mcid595\" class=\"markedContent\"> <span dir=\"ltr\" role=\"presentation\">una<\/span><\/span><span id=\"page3R_mcid596\" class=\"markedContent\"><\/span><span id=\"page3R_mcid597\" class=\"markedContent\"> <span dir=\"ltr\" role=\"presentation\">mail<\/span><\/span><span id=\"page3R_mcid598\" class=\"markedContent\"><\/span><span id=\"page3R_mcid599\" class=\"markedContent\"> <span dir=\"ltr\" role=\"presentation\">all\u2019indirizzo<\/span><\/span><span id=\"page3R_mcid600\" class=\"markedContent\"><\/span><span id=\"page3R_mcid601\" class=\"markedContent\"> <span dir=\"ltr\" role=\"presentation\">assi.onlus@gmail.com<\/span><\/span><span id=\"page3R_mcid602\" class=\"markedContent\"><\/span><span id=\"page3R_mcid603\" class=\"markedContent\"> <span dir=\"ltr\" role=\"presentation\">o<\/span><\/span><span id=\"page3R_mcid604\" class=\"markedContent\"><\/span><span id=\"page3R_mcid605\" class=\"markedContent\"><br role=\"presentation\" \/><span dir=\"ltr\" role=\"presentation\">contattare<\/span><\/span><span id=\"page3R_mcid606\" class=\"markedContent\"><\/span><span id=\"page3R_mcid607\" class=\"markedContent\"> <span dir=\"ltr\" role=\"presentation\">l\u2019associazione<\/span><\/span><span id=\"page3R_mcid608\" class=\"markedContent\"><\/span><span id=\"page3R_mcid609\" class=\"markedContent\"> <span dir=\"ltr\" role=\"presentation\">attraverso<\/span><\/span><span id=\"page3R_mcid610\" class=\"markedContent\"><\/span><span id=\"page3R_mcid611\" class=\"markedContent\"> <span dir=\"ltr\" role=\"presentation\">la<\/span><\/span><span id=\"page3R_mcid612\" class=\"markedContent\"><\/span><span id=\"page3R_mcid613\" class=\"markedContent\"> <span dir=\"ltr\" role=\"presentation\">pagina<\/span><\/span><span id=\"page3R_mcid614\" class=\"markedContent\"><\/span><span id=\"page3R_mcid615\" class=\"markedContent\"> <span dir=\"ltr\" role=\"presentation\">Facebook<\/span><\/span><span id=\"page3R_mcid616\" class=\"markedContent\"><\/span><span id=\"page3R_mcid617\" class=\"markedContent\"> <span dir=\"ltr\" role=\"presentation\">ASSI<\/span><\/span><span id=\"page3R_mcid618\" class=\"markedContent\"><\/span><span id=\"page3R_mcid619\" class=\"markedContent\"> <span dir=\"ltr\" role=\"presentation\">Aps<\/span><\/span><span id=\"page3R_mcid620\" class=\"markedContent\"><\/span><span id=\"page3R_mcid621\" class=\"markedContent\"> <span dir=\"ltr\" role=\"presentation\">Onlus<\/span><\/span><\/p>\n<p>&nbsp;<\/p>\n<p>&nbsp;<\/p>\n<hr \/>\n<blockquote>\n<blockquote>\n<h3><\/h3>\n<h3>DOPO IL RICAMO AD AGORDO, L&#8217;ESPOSIZIONE A RIVAMONTE DAL 30 LUGLIO<\/h3>\n<\/blockquote>\n<p><strong>RIVAMONTE<\/strong>\u00a0 L\u2019inaugurazione della rassegna, con il patrocinio del Comune, avr\u00e0 luogo oggi, alle ore 18, nella Sala Polifunzionale di Rivamonte e rimarr\u00e0 visitabile (a ingresso libero) fino al 15 agosto, con il seguente orario: gioved\u00ec e venerd\u00ec dalle 16 alle 19; sabato e domenica 10-12.30 e 16-19.<\/p>\n<p>&nbsp;<\/p><\/blockquote>\n<hr \/>\n<p>&nbsp;<\/p>\n<blockquote>\n<h3>INCONTRO A SAN SIMON<\/h3>\n<\/blockquote>\n<p><strong>CANALE D&#8217;AGORDO<\/strong>\u00a0 Oggi alle ore 17.30\u00a0 nella chiesa di San Simon\u00a0 di Vallada si terr\u00e0 l&#8217;incontro del Musal (Museo Papa Albino Luciani) con la \u201cConfraternita della Santissima Trinit\u00e0\u201d di Loreo (Rovigo) con presentazione dell\u2019attivit\u00e0 della Confraternita. La Santissima Trinit\u00e0 di Loreo o detta anche \u201cSchola dei battuti\u201d o dei \u201cFradei Batui\u201d \u00e8 un\u2019associazione laica, creata sotto forma religiosa per esercitare opere di piet\u00e0 e aumentare il culto religioso.<\/p>\n\n\t\t\t<style type='text\/css'>\n\t\t\t\t#gallery-4 {\n\t\t\t\t\tmargin: auto;\n\t\t\t\t}\n\t\t\t\t#gallery-4 .gallery-item {\n\t\t\t\t\tfloat: left;\n\t\t\t\t\tmargin-top: 10px;\n\t\t\t\t\ttext-align: center;\n\t\t\t\t\twidth: 33%;\n\t\t\t\t}\n\t\t\t\t#gallery-4 img {\n\t\t\t\t\tborder: 2px solid #cfcfcf;\n\t\t\t\t}\n\t\t\t\t#gallery-4 .gallery-caption {\n\t\t\t\t\tmargin-left: 0;\n\t\t\t\t}\n\t\t\t\t\/* see gallery_shortcode() in wp-includes\/media.php *\/\n\t\t\t<\/style>\n\t\t<div id='gallery-4' class='dt-gallery-container gallery galleryid-289811 gallery-columns-3 gallery-size-thumbnail'><dl class='gallery-item'>\n\t\t\t\t<dt class='gallery-icon landscape'>\n\t\t\t\t\t<a class=\"rollover rollover-zoom dt-pswp-item\" title=\"Confraternita di Loreo (3)\" data-dt-img-description=\"\" data-large_image_width=\"1280\" data-large_image_height=\"720\"href='https:\/\/www.radiopiu.net\/wordpress\/wp-content\/uploads\/2022\/07\/Confraternita-di-Loreo-3.jpg'><img loading=\"lazy\" decoding=\"async\" width=\"150\" height=\"150\" src=\"https:\/\/www.radiopiu.net\/wordpress\/wp-content\/uploads\/2022\/07\/Confraternita-di-Loreo-3-150x150.jpg\" class=\"attachment-thumbnail size-thumbnail\" alt=\"\" \/><\/a>\n\t\t\t\t<\/dt><\/dl><dl class='gallery-item'>\n\t\t\t\t<dt class='gallery-icon landscape'>\n\t\t\t\t\t<a class=\"rollover rollover-zoom dt-pswp-item\" title=\"Confraternita di Loreo (1)\" data-dt-img-description=\"\" data-large_image_width=\"2560\" data-large_image_height=\"1854\"href='https:\/\/www.radiopiu.net\/wordpress\/wp-content\/uploads\/2022\/07\/Confraternita-di-Loreo-1-scaled.jpg'><img loading=\"lazy\" decoding=\"async\" width=\"150\" height=\"150\" src=\"https:\/\/www.radiopiu.net\/wordpress\/wp-content\/uploads\/2022\/07\/Confraternita-di-Loreo-1-150x150.jpg\" class=\"attachment-thumbnail size-thumbnail\" alt=\"\" \/><\/a>\n\t\t\t\t<\/dt><\/dl><dl class='gallery-item'>\n\t\t\t\t<dt class='gallery-icon landscape'>\n\t\t\t\t\t<a class=\"rollover rollover-zoom dt-pswp-item\" title=\"Confraternita di Loreo (2)\" data-dt-img-description=\"\" data-large_image_width=\"1772\" data-large_image_height=\"1181\"href='https:\/\/www.radiopiu.net\/wordpress\/wp-content\/uploads\/2022\/07\/Confraternita-di-Loreo-2.jpg'><img loading=\"lazy\" decoding=\"async\" width=\"150\" height=\"150\" src=\"https:\/\/www.radiopiu.net\/wordpress\/wp-content\/uploads\/2022\/07\/Confraternita-di-Loreo-2-150x150.jpg\" class=\"attachment-thumbnail size-thumbnail\" alt=\"\" \/><\/a>\n\t\t\t\t<\/dt><\/dl><br style=\"clear: both\" \/>\n\t\t\t<\/div>\n\n<p>&nbsp;<\/p>\n<p>&nbsp;<\/p>\n<hr \/>\n<p>&nbsp;<\/p>\n<blockquote>\n<h3>LA FESTA IN PINETA PER GLI ALPINI DI CENCENIGHE<\/h3>\n<\/blockquote>\n<p><strong>CENCENIGHE<\/strong> Festa in pineta per gli alpini di Cencenighe che domani si ritroveranno per una giornata in compagnia. Alle 10:30 la santa messa in pineta e dalle 12 la degustazione di piatti tipici. Nel pomeriggio musica con Loris.<\/p>\n<p>&nbsp;<\/p>\n<p>&nbsp;<\/p>\n<hr \/>\n<p>&nbsp;<\/p>\n<blockquote>\n<h3>SCOIATTOLI IN FESTA SULLA PIANA DI FALCADE<\/h3>\n<\/blockquote>\n<p><strong>FALCADE<\/strong> La scuola di Sci Equipe di Falcade organizza per domenica 7 agosto la festa per tutti i bambini (et\u00e0 minima 5 anni) con giochi di abilit\u00e0, sulla piana zona Parco Giochi. Iscrizione 15 euro.<\/p>\n<p>&nbsp;<\/p>\n<hr \/>\n<p>&nbsp;<\/p>\n<blockquote>\n<h3>GLI APPUNTAMENTI DI AGORDO MUSICA<\/h3>\n<\/blockquote>\n<p><strong>REDAZIONE<\/strong> Oggi dalle 21 appuntamento all&#8217;ex Kaselo &#8211; sala Valmassoni &#8211;\u00a0 di La Valle Agordina con Pina Sabatini e Bepi Santuzzo. &#8220;I due Golfi, Venezia e Napoli&#8221;.<\/p>\n<p>&nbsp;<\/p>\n<p>&nbsp;<\/p>\n<hr \/>\n<p>&nbsp;<\/p>\n<blockquote>\n<h3>INCONTRO CON LA CONFRATERNITA DELLA SANTISSIMA TRINITA&#8217;<\/h3>\n<\/blockquote>\n<p><strong>CANALE D&#8217;AGORDO<\/strong> <span style=\"font-family: Arial, sans-serif;\"><span style=\"font-size: small;\">Un incontro con la storia quello che il <\/span><\/span><span style=\"font-family: Arial, sans-serif;\"><span style=\"font-size: small;\">Musal \u2013 Museo Albino Luciani <\/span><\/span><span style=\"font-family: Arial, sans-serif;\"><span style=\"font-size: small;\">(<\/span><\/span><span style=\"color: #000080;\"><span lang=\"zxx\"><a href=\"http:\/\/www.musal.it\/\" target=\"_blank\" rel=\"nofollow noopener\"><span style=\"font-family: Arial, sans-serif;\"><span style=\"font-size: small;\">www.musal.it<\/span><\/span><\/a><\/span><\/span><span style=\"font-family: Arial, sans-serif;\"><span style=\"font-size: small;\">) ha programmato per oggi<\/span><\/span><span style=\"color: #000080;\"><span lang=\"zxx\"><span style=\"color: #000000;\"><span style=\"font-family: Arial, sans-serif;\"><span style=\"font-size: small;\"><span lang=\"it-IT\">, alle <\/span><\/span><\/span><\/span><\/span><\/span><span style=\"color: #000080;\"><span lang=\"zxx\"><span style=\"color: #000000;\"><span style=\"font-family: Arial, sans-serif;\"><span style=\"font-size: small;\"><span lang=\"it-IT\">17.30 <\/span><\/span><\/span><\/span><\/span><\/span><span style=\"color: #000080;\"><span lang=\"zxx\"><span style=\"color: #000000;\"><span style=\"font-family: Arial, sans-serif;\"><span style=\"font-size: small;\"><span lang=\"it-IT\">presso la<\/span><\/span><\/span><\/span><\/span><\/span><span style=\"color: #000080;\"><span lang=\"zxx\"><span style=\"color: #000000;\"><span style=\"font-family: Arial, sans-serif;\"><span style=\"font-size: small;\"><span lang=\"it-IT\"> chiesa di San Simon (Vallada Agordina)<\/span><\/span><\/span><\/span><\/span><\/span><span style=\"color: #000080;\"><span lang=\"zxx\"><span style=\"color: #000000;\"><span style=\"font-family: Arial, sans-serif;\"><span style=\"font-size: small;\"><span lang=\"it-IT\">: ospiti saranno infatti i membri della <\/span><\/span><\/span><\/span><\/span><\/span><span style=\"color: #000080;\"><span lang=\"zxx\"><span style=\"color: #000000;\"><span style=\"font-family: Arial, sans-serif;\"><span style=\"font-size: small;\"><span lang=\"it-IT\">\u201cConfraternita della Santissima Trinit\u00e0\u201d di Loreo (Rovigo)<\/span><\/span><\/span><\/span><\/span><\/span><span style=\"color: #000080;\"><span lang=\"zxx\"><span style=\"color: #000000;\"><span style=\"font-family: Arial, sans-serif;\"><span style=\"font-size: small;\"><span lang=\"it-IT\"> che presenteranno le attivit\u00e0 principali della Confraternita.<\/span><\/span><\/span><\/span><\/span><\/span><\/p>\n<p>&nbsp;<\/p>\n<p>&nbsp;<\/p>\n<hr \/>\n<p>&nbsp;<\/p>\n<blockquote>\n<blockquote>\n<h3>MADONA DE LA NEIF, LA SAGRA A LA VALLE AGORDINA: IL PROGRAMMA<\/h3>\n<\/blockquote>\n<p><strong>LA VALLE<\/strong><\/p><\/blockquote>\n<p><strong>ALLA RADIO\u00a0<\/strong><\/p>\n<blockquote><audio class=\"wp-audio-shortcode\" id=\"audio-289811-12\" preload=\"none\" style=\"width: 100%;\" controls=\"controls\"><source type=\"audio\/mpeg\" src=\"https:\/\/www.radiopiu.net\/wordpress\/wp-content\/uploads\/2022\/07\/SPOT-MADONA-DE-LA-NEIF.mp3?_=12\" \/><a href=\"https:\/\/www.radiopiu.net\/wordpress\/wp-content\/uploads\/2022\/07\/SPOT-MADONA-DE-LA-NEIF.mp3\">https:\/\/www.radiopiu.net\/wordpress\/wp-content\/uploads\/2022\/07\/SPOT-MADONA-DE-LA-NEIF.mp3<\/a><\/audio>\n<p>&nbsp;<\/p>\n\n\t\t\t<style type='text\/css'>\n\t\t\t\t#gallery-5 {\n\t\t\t\t\tmargin: auto;\n\t\t\t\t}\n\t\t\t\t#gallery-5 .gallery-item {\n\t\t\t\t\tfloat: left;\n\t\t\t\t\tmargin-top: 10px;\n\t\t\t\t\ttext-align: center;\n\t\t\t\t\twidth: 33%;\n\t\t\t\t}\n\t\t\t\t#gallery-5 img {\n\t\t\t\t\tborder: 2px solid #cfcfcf;\n\t\t\t\t}\n\t\t\t\t#gallery-5 .gallery-caption {\n\t\t\t\t\tmargin-left: 0;\n\t\t\t\t}\n\t\t\t\t\/* see gallery_shortcode() in wp-includes\/media.php *\/\n\t\t\t<\/style>\n\t\t<div id='gallery-5' class='dt-gallery-container gallery galleryid-289811 gallery-columns-3 gallery-size-thumbnail'><dl class='gallery-item'>\n\t\t\t\t<dt class='gallery-icon portrait'>\n\t\t\t\t\t<a class=\"rollover rollover-zoom dt-pswp-item\" title=\"530a2d72-bda3-7461-e542-59cf0ee1053c\" data-dt-img-description=\"\" data-large_image_width=\"1730\" data-large_image_height=\"2423\"href='https:\/\/www.radiopiu.net\/wordpress\/wp-content\/uploads\/2022\/07\/530a2d72-bda3-7461-e542-59cf0ee1053c.jpg'><img loading=\"lazy\" decoding=\"async\" width=\"150\" height=\"150\" src=\"https:\/\/www.radiopiu.net\/wordpress\/wp-content\/uploads\/2022\/07\/530a2d72-bda3-7461-e542-59cf0ee1053c-150x150.jpg\" class=\"attachment-thumbnail size-thumbnail\" alt=\"\" \/><\/a>\n\t\t\t\t<\/dt><\/dl><dl class='gallery-item'>\n\t\t\t\t<dt class='gallery-icon portrait'>\n\t\t\t\t\t<a class=\"rollover rollover-zoom dt-pswp-item\" title=\"38dcef37-7bbc-4024-ebb0-6a6882717ada\" data-dt-img-description=\"\" data-large_image_width=\"1811\" data-large_image_height=\"2560\"href='https:\/\/www.radiopiu.net\/wordpress\/wp-content\/uploads\/2022\/07\/38dcef37-7bbc-4024-ebb0-6a6882717ada-scaled.jpg'><img loading=\"lazy\" decoding=\"async\" width=\"150\" height=\"150\" src=\"https:\/\/www.radiopiu.net\/wordpress\/wp-content\/uploads\/2022\/07\/38dcef37-7bbc-4024-ebb0-6a6882717ada-150x150.jpg\" class=\"attachment-thumbnail size-thumbnail\" alt=\"\" \/><\/a>\n\t\t\t\t<\/dt><\/dl><dl class='gallery-item'>\n\t\t\t\t<dt class='gallery-icon portrait'>\n\t\t\t\t\t<a class=\"rollover rollover-zoom dt-pswp-item\" title=\"4935b63e-fab3-2b11-4f4a-803c2ec51972\" data-dt-img-description=\"\" data-large_image_width=\"1811\" data-large_image_height=\"2560\"href='https:\/\/www.radiopiu.net\/wordpress\/wp-content\/uploads\/2022\/07\/4935b63e-fab3-2b11-4f4a-803c2ec51972-scaled.jpg'><img loading=\"lazy\" decoding=\"async\" width=\"150\" height=\"150\" src=\"https:\/\/www.radiopiu.net\/wordpress\/wp-content\/uploads\/2022\/07\/4935b63e-fab3-2b11-4f4a-803c2ec51972-150x150.jpg\" class=\"attachment-thumbnail size-thumbnail\" alt=\"\" \/><\/a>\n\t\t\t\t<\/dt><\/dl><br style=\"clear: both\" \/>\n\t\t\t<\/div>\n\n<p>&nbsp;<\/p><\/blockquote>\n<hr \/>\n<p>&nbsp;<\/p>\n<blockquote>\n<h3>ALLE ORIGINI DELLA SCULTURA ALLA CASA DELLA GIOVENTU&#8217; DI CAVIOLA<\/h3>\n<\/blockquote>\n<p><strong>ALLA RADIO\u00a0<\/strong><\/p>\n<audio class=\"wp-audio-shortcode\" id=\"audio-289811-13\" preload=\"none\" style=\"width: 100%;\" controls=\"controls\"><source type=\"audio\/mpeg\" src=\"https:\/\/www.radiopiu.net\/wordpress\/wp-content\/uploads\/2022\/07\/MURER-CAVIOLA.mp3?_=13\" \/><a href=\"https:\/\/www.radiopiu.net\/wordpress\/wp-content\/uploads\/2022\/07\/MURER-CAVIOLA.mp3\">https:\/\/www.radiopiu.net\/wordpress\/wp-content\/uploads\/2022\/07\/MURER-CAVIOLA.mp3<\/a><\/audio>\n<p>&nbsp;<\/p>\n<p><a class=\"dt-pswp-item\" href=\"https:\/\/www.radiopiu.net\/wordpress\/wp-content\/uploads\/2022\/07\/2a510b9c-1139-45b6-aafd-3a57431151f5.jpg\" data-dt-img-description=\"\" data-large_image_width=\"1080\" data-large_image_height=\"741\"><img loading=\"lazy\" decoding=\"async\" class=\"alignnone wp-image-289487 size-full\" src=\"https:\/\/www.radiopiu.net\/wordpress\/wp-content\/uploads\/2022\/07\/2a510b9c-1139-45b6-aafd-3a57431151f5.jpg\" alt=\"\" width=\"1080\" height=\"741\" srcset=\"https:\/\/www.radiopiu.net\/wordpress\/wp-content\/uploads\/2022\/07\/2a510b9c-1139-45b6-aafd-3a57431151f5.jpg 1080w, https:\/\/www.radiopiu.net\/wordpress\/wp-content\/uploads\/2022\/07\/2a510b9c-1139-45b6-aafd-3a57431151f5-300x206.jpg 300w, https:\/\/www.radiopiu.net\/wordpress\/wp-content\/uploads\/2022\/07\/2a510b9c-1139-45b6-aafd-3a57431151f5-1024x703.jpg 1024w, https:\/\/www.radiopiu.net\/wordpress\/wp-content\/uploads\/2022\/07\/2a510b9c-1139-45b6-aafd-3a57431151f5-768x527.jpg 768w\" sizes=\"auto, (max-width: 1080px) 100vw, 1080px\" \/><\/a><\/p>\n<p><b>\u00a0<\/b><\/p>\n<p>&nbsp;<\/p>\n<hr \/>\n<p>&nbsp;<\/p>\n<blockquote>\n<h3>RESTATE IN CITTA&#8217; A BELLUNO<\/h3>\n<\/blockquote>\n<p><strong>BELLUNO<\/strong> Iniziera\u0300 mercoledi\u0300 3 agosto la rassegna &#8220;REstate in Citta\u0300&#8221;, che si terra\u0300 a Belluno dal 3 agosto al 1\u00b0 settembre, con una proposta di concerti e visite guidate, che animeranno il tempo estivo bellunese. L&#8217;appuntamento di apertura si terra\u0300 nella corte di Palazzo Fulcis, alle 20.45, con Piera Acone e Marco Castelli M&amp;S Band, che proporranno &#8220;La Bicyclette. Viaggio nella grande storia della canzone d&#8217;autore francese&#8221;. L&#8217;ingresso e\u0300 libero, con prenotazione obbligatoria al numero 0437 913323. In caso di maltempo il concerto verra\u0300 spostato al Teatro comunale. Il programma completo della rassegna e\u0300 disponile nel sito Internet del Comune di Belluno, all&#8217;indirizzo www.comune.belluno.it<\/p>\n<p>&nbsp;<\/p>\n<p>&nbsp;<\/p>\n<hr \/>\n<p>&nbsp;<\/p>\n<blockquote>\n<h3>PALAGHIACCIO DI ALLEGHE APERTO AL PUBBLICO<\/h3>\n<\/blockquote>\n<p><strong>ALLEGHE<\/strong> Apre al pubblico il palaghiaccio di Alleghe per il pattinaggio libero. Dal 1 agosto e fino al 2 settembre si potr\u00e0 pattinare dalle 16:30 alle 18:30 e dal 1 agosto all&#8217;11 settembre anche alla sera dalle 21 alle 23. Unico giorno di chiusura il 14 agosto. Per informazioni 0437 523176 o mail a segreteria@alleghehockey.com<\/p>\n<p>&nbsp;<\/p>\n<p>&nbsp;<\/p>\n<hr \/>\n<p>&nbsp;<\/p>\n<h2><span style=\"color: #808000;\">L&#8217;ALMANACCO LADINO\u00a0<\/span><\/h2>\n<p><strong>LA RACCOLTA\u00a0<\/strong><\/p>\n<blockquote class=\"wp-embedded-content\" data-secret=\"QuIdnY11qm\"><p><a href=\"https:\/\/www.radiopiu.net\/wordpress\/almanacco-ladino\/\">Almanacco Ladino<\/a><\/p><\/blockquote>\n<p><iframe loading=\"lazy\" class=\"wp-embedded-content\" sandbox=\"allow-scripts\" security=\"restricted\" style=\"position: absolute; clip: rect(1px, 1px, 1px, 1px);\" title=\"&#8220;Almanacco Ladino&#8221; &#8212; Radio Pi\u00f9\" src=\"https:\/\/www.radiopiu.net\/wordpress\/almanacco-ladino\/embed\/#?secret=joqPI5D70i#?secret=QuIdnY11qm\" data-secret=\"QuIdnY11qm\" width=\"600\" height=\"338\" frameborder=\"0\" marginwidth=\"0\" marginheight=\"0\" scrolling=\"no\"><\/iframe><\/p>\n<p>&nbsp;<\/p>\n<hr \/>\n<p>&nbsp;<\/p>\n<h2><span style=\"color: #008080;\">&#8220;DINTORN E FORA VIA&#8221; A CURA DEL MUSLA, IL NUOVO PROGRAMMA\u00a0 \u00a0\u00a0<\/span><\/h2>\n<p><strong><a class=\"dt-pswp-item\" href=\"https:\/\/www.radiopiu.net\/wordpress\/wp-content\/uploads\/2022\/07\/55362979-b5be-42b2-a36e-39897270d0d1.jpg\" data-dt-img-description=\"\" data-large_image_width=\"854\" data-large_image_height=\"218\"><img loading=\"lazy\" decoding=\"async\" class=\" wp-image-289268 alignleft\" src=\"https:\/\/www.radiopiu.net\/wordpress\/wp-content\/uploads\/2022\/07\/55362979-b5be-42b2-a36e-39897270d0d1-300x77.jpg\" alt=\"\" width=\"269\" height=\"69\" srcset=\"https:\/\/www.radiopiu.net\/wordpress\/wp-content\/uploads\/2022\/07\/55362979-b5be-42b2-a36e-39897270d0d1-300x77.jpg 300w, https:\/\/www.radiopiu.net\/wordpress\/wp-content\/uploads\/2022\/07\/55362979-b5be-42b2-a36e-39897270d0d1-768x196.jpg 768w, https:\/\/www.radiopiu.net\/wordpress\/wp-content\/uploads\/2022\/07\/55362979-b5be-42b2-a36e-39897270d0d1.jpg 854w\" sizes=\"auto, (max-width: 269px) 100vw, 269px\" \/><\/a>LA PUNTATA DEL 26 LUGLIO 2022 &#8211; VERONICA LEZUO<\/strong><\/p>\n<audio class=\"wp-audio-shortcode\" id=\"audio-289811-14\" preload=\"none\" style=\"width: 100%;\" controls=\"controls\"><source type=\"audio\/mpeg\" src=\"https:\/\/www.radiopiu.net\/wordpress\/wp-content\/uploads\/2022\/07\/MUSLA-3.mp3?_=14\" \/><a href=\"https:\/\/www.radiopiu.net\/wordpress\/wp-content\/uploads\/2022\/07\/MUSLA-3.mp3\">https:\/\/www.radiopiu.net\/wordpress\/wp-content\/uploads\/2022\/07\/MUSLA-3.mp3<\/a><\/audio>\n<p>&nbsp;<\/p>\n<p><strong>LA RACCOLTA COMPLETA<\/strong><\/p>\n<blockquote class=\"wp-embedded-content\" data-secret=\"oFWUXcusYA\"><p><a href=\"https:\/\/www.radiopiu.net\/wordpress\/musla\/\">MUSLA<\/a><\/p><\/blockquote>\n<p><iframe loading=\"lazy\" class=\"wp-embedded-content\" sandbox=\"allow-scripts\" security=\"restricted\" style=\"position: absolute; clip: rect(1px, 1px, 1px, 1px);\" title=\"&#8220;MUSLA&#8221; &#8212; Radio Pi\u00f9\" src=\"https:\/\/www.radiopiu.net\/wordpress\/musla\/embed\/#?secret=8VTpJ8brfh#?secret=oFWUXcusYA\" data-secret=\"oFWUXcusYA\" width=\"600\" height=\"338\" frameborder=\"0\" marginwidth=\"0\" marginheight=\"0\" scrolling=\"no\"><\/iframe><\/p>\n<p>&nbsp;<\/p>\n<p>&nbsp;<\/p>\n<hr \/>\n<p>&nbsp;<\/p>\n<div>\n<div class=\"b654a4as d2edcug0\">\n<div class=\"rq0escxv hkbzh7o3 jwdofwj8 n8tt0mok r8blr3vg hyh9befq\">\n<p><a class=\"dt-pswp-item\" href=\"https:\/\/www.radiopiu.net\/wordpress\/wp-content\/uploads\/2020\/10\/pp.jpg\" data-dt-img-description=\"\" data-large_image_width=\"640\" data-large_image_height=\"640\"><img loading=\"lazy\" decoding=\"async\" class=\"wp-image-163678 alignleft\" src=\"https:\/\/www.radiopiu.net\/wordpress\/wp-content\/uploads\/2020\/10\/pp-300x300.jpg\" alt=\"\" width=\"106\" height=\"106\" srcset=\"https:\/\/www.radiopiu.net\/wordpress\/wp-content\/uploads\/2020\/10\/pp-300x300.jpg 300w, https:\/\/www.radiopiu.net\/wordpress\/wp-content\/uploads\/2020\/10\/pp-150x150.jpg 150w, https:\/\/www.radiopiu.net\/wordpress\/wp-content\/uploads\/2020\/10\/pp-125x125.jpg 125w, https:\/\/www.radiopiu.net\/wordpress\/wp-content\/uploads\/2020\/10\/pp-200x200.jpg 200w, https:\/\/www.radiopiu.net\/wordpress\/wp-content\/uploads\/2020\/10\/pp-80x80.jpg 80w, https:\/\/www.radiopiu.net\/wordpress\/wp-content\/uploads\/2020\/10\/pp-480x480.jpg 480w, https:\/\/www.radiopiu.net\/wordpress\/wp-content\/uploads\/2020\/10\/pp.jpg 640w\" sizes=\"auto, (max-width: 106px) 100vw, 106px\" \/><\/a><\/p>\n<\/div>\n<\/div>\n<\/div>\n<div>\n<div class=\"page-title-head hgroup\">\n<div class=\"page-title-head hgroup\">\n<div class=\"b654a4as d2edcug0\">\n<div class=\"j83agx80 btwxx1t3 lhclo0ds hop8lmos nkwizq5d scwd0bx6 roh60bw9\">\n<div class=\"rq0escxv hkbzh7o3 jwdofwj8 n8tt0mok r8blr3vg hyh9befq\">\n<div class=\"do00u71z l9j0dhe7 k4urcfbm\">\n<h2><span style=\"color: #000080;\">DON CESARE, IL PENSIERO DEL GIORNO. ALLA RADIO ALLE 7 DEL MATTINO E ALLE 19.30 DELLA SERA.\u00a0<\/span><\/h2>\n<audio class=\"wp-audio-shortcode\" id=\"audio-289811-15\" preload=\"none\" style=\"width: 100%;\" controls=\"controls\"><source type=\"audio\/mpeg\" src=\"https:\/\/www.radiopiu.net\/wordpress\/wp-content\/uploads\/2022\/07\/cesare-6.mp3?_=15\" \/><a href=\"https:\/\/www.radiopiu.net\/wordpress\/wp-content\/uploads\/2022\/07\/cesare-6.mp3\">https:\/\/www.radiopiu.net\/wordpress\/wp-content\/uploads\/2022\/07\/cesare-6.mp3<\/a><\/audio>\n<\/div>\n<\/div>\n<\/div>\n<\/div>\n<\/div>\n<\/div>\n<\/div>\n<div class=\"do00u71z l9j0dhe7 k4urcfbm\">\n<div class=\"page-title-head hgroup\">\n<div class=\"page-title-head hgroup\">\n<div class=\"b654a4as d2edcug0\">\n<div class=\"j83agx80 btwxx1t3 lhclo0ds hop8lmos nkwizq5d scwd0bx6 roh60bw9\">\n<div class=\"rq0escxv hkbzh7o3 jwdofwj8 n8tt0mok r8blr3vg hyh9befq\">\n<div class=\"do00u71z l9j0dhe7 k4urcfbm\">\n<div class=\"page-title-head hgroup\">\n<div class=\"page-title-head hgroup\">\n<div class=\"b654a4as d2edcug0\">\n<div class=\"j83agx80 btwxx1t3 lhclo0ds hop8lmos nkwizq5d scwd0bx6 roh60bw9\">\n<div class=\"rq0escxv hkbzh7o3 jwdofwj8 n8tt0mok r8blr3vg hyh9befq\">\n<div class=\"do00u71z l9j0dhe7 k4urcfbm\">\n<div class=\"ecm0bbzt e5nlhep0 a8c37x1j\">\n<div class=\"kvgmc6g5 cxmmr5t8 oygrvhab hcukyx3x c1et5uql\">\n<div class=\"gmail-kvgmc6g5 gmail-cxmmr5t8 gmail-oygrvhab gmail-hcukyx3x gmail-c1et5uql gmail-ii04i59q\">\n<div class=\"page-title-head hgroup\">\n<div class=\"page-title-head hgroup\">\n<div class=\"b654a4as d2edcug0\">\n<div class=\"j83agx80 btwxx1t3 lhclo0ds hop8lmos nkwizq5d scwd0bx6 roh60bw9\">\n<div class=\"rq0escxv hkbzh7o3 jwdofwj8 n8tt0mok r8blr3vg hyh9befq\">\n<div class=\"do00u71z l9j0dhe7 k4urcfbm\">\n<div class=\"page-title-head hgroup\">\n<div class=\"page-title-head hgroup\">\n<div class=\"b654a4as d2edcug0\">\n<div class=\"j83agx80 btwxx1t3 lhclo0ds hop8lmos nkwizq5d scwd0bx6 roh60bw9\">\n<div class=\"rq0escxv hkbzh7o3 jwdofwj8 n8tt0mok r8blr3vg hyh9befq\">\n<div class=\"do00u71z l9j0dhe7 k4urcfbm\">\n<div class=\"page-title-head hgroup\">\n<div class=\"page-title-head hgroup\">\n<div class=\"b654a4as d2edcug0\">\n<div class=\"j83agx80 btwxx1t3 lhclo0ds hop8lmos nkwizq5d scwd0bx6 roh60bw9\">\n<div class=\"rq0escxv hkbzh7o3 jwdofwj8 n8tt0mok r8blr3vg hyh9befq\">\n<div class=\"do00u71z l9j0dhe7 k4urcfbm\">\n<div class=\"ecm0bbzt e5nlhep0 a8c37x1j\">\n<div class=\"kvgmc6g5 cxmmr5t8 oygrvhab hcukyx3x c1et5uql\">\n<div class=\"gmail-kvgmc6g5 gmail-cxmmr5t8 gmail-oygrvhab gmail-hcukyx3x gmail-c1et5uql gmail-ii04i59q\">\n<div class=\"page-title-head hgroup\">\n<div class=\"page-title-head hgroup\">\n<div class=\"b654a4as d2edcug0\">\n<div class=\"j83agx80 btwxx1t3 lhclo0ds hop8lmos nkwizq5d scwd0bx6 roh60bw9\">\n<div class=\"rq0escxv hkbzh7o3 jwdofwj8 n8tt0mok r8blr3vg hyh9befq\">\n<div class=\"do00u71z l9j0dhe7 k4urcfbm\">\n<p>&nbsp;<\/p>\n<hr \/>\n<p>&nbsp;<\/p>\n<p><span style=\"color: #0000ff;\">MUSICA PIU&#8217;\u00a0<\/span><\/p>\n<p><a href=\"https:\/\/www.radiopiu.net\/wordpress\/giornale-radiopiu-20-settembre-2021-direttore-mirko-mezzacasa\/pp-79\/\" rel=\"attachment wp-att-232921\"><img loading=\"lazy\" decoding=\"async\" class=\"wp-image-232921 alignleft\" src=\"https:\/\/www.radiopiu.net\/wordpress\/wp-content\/uploads\/2021\/09\/pp-1-300x300.jpg\" alt=\"\" width=\"135\" height=\"135\" srcset=\"https:\/\/www.radiopiu.net\/wordpress\/wp-content\/uploads\/2021\/09\/pp-1-300x300.jpg 300w, https:\/\/www.radiopiu.net\/wordpress\/wp-content\/uploads\/2021\/09\/pp-1-150x150.jpg 150w, https:\/\/www.radiopiu.net\/wordpress\/wp-content\/uploads\/2021\/09\/pp-1.jpg 640w\" sizes=\"auto, (max-width: 135px) 100vw, 135px\" \/><\/a><\/p>\n<div class=\"mkdf-post-text\">\n<div class=\"mkdf-post-text-inner\">\n<div class=\"mkdf-post-text-main\">\n<div class=\"mkdf-post-text\">\n<div class=\"mkdf-post-text-inner\">\n<div class=\"mkdf-post-text-main\">\n<div class=\"mkdf-post-text\">\n<div class=\"mkdf-post-text-inner\">\n<div class=\"mkdf-post-text-main\">\n<div class=\"page-title-head hgroup\">\n<div class=\"page-title-head hgroup\">\n<div class=\"mkdf-post-text\">\n<div class=\"mkdf-post-text-inner\">\n<div class=\"mkdf-post-text-main\">\n<div class=\"mkdf-post-text\">\n<div class=\"mkdf-post-text-inner\">\n<div class=\"mkdf-post-text-main\">\n<div class=\"page-title-head hgroup\">\n<div class=\"page-title-head hgroup\">\n<div class=\"page-title-head hgroup\">\n<div class=\"page-title-head hgroup\">\n<div class=\"b654a4as d2edcug0\">\n<div class=\"page-title-head hgroup\">\n<div class=\"page-title-head hgroup\">\n<div class=\"page-title-head hgroup\">\n<div class=\"page-title-head hgroup\">\n<div class=\"b654a4as d2edcug0\">\n<div class=\"page-title-head hgroup\">\n<div class=\"page-title-head hgroup\">\n<div class=\"page-title-head hgroup\">\n<div class=\"page-title-head hgroup\">\n<div class=\"b654a4as d2edcug0\">\n<div class=\"mkdf-post-text\">\n<div class=\"mkdf-post-text-inner\">\n<div class=\"mkdf-post-text-main\">\n<div class=\"mkdf-post-text\">\n<div class=\"mkdf-post-text-inner\">\n<div class=\"mkdf-post-text-main\">\n<div class=\"mkdf-post-text\">\n<div class=\"mkdf-post-text-inner\">\n<div class=\"mkdf-post-text-main\">\n<div class=\"page-title-head hgroup\">\n<div class=\"page-title-head hgroup\">\n<div class=\"mkdf-post-text\">\n<div class=\"mkdf-post-text-inner\">\n<div class=\"mkdf-post-text-main\">\n<div class=\"mkdf-post-text\">\n<div class=\"mkdf-post-text-inner\">\n<div class=\"mkdf-post-text-main\">\n<div class=\"page-title-head hgroup\">\n<div class=\"page-title-head hgroup\">\n<div class=\"page-title-head hgroup\">\n<div class=\"page-title-head hgroup\">\n<div class=\"b654a4as d2edcug0\">\n<div class=\"page-title-head hgroup\">\n<div class=\"page-title-head hgroup\">\n<div class=\"page-title-head hgroup\">\n<div class=\"page-title-head hgroup\">\n<div class=\"b654a4as d2edcug0\">\n<div class=\"page-title-head hgroup\">\n<div class=\"page-title-head hgroup\">\n<div class=\"page-title-head hgroup\">\n<div class=\"page-title-head hgroup\">\n<div class=\"b654a4as d2edcug0\">\n<div><\/div>\n<div><\/div>\n<div>\n<p><strong>MUSICA ALLA RADIO, IL PROGRAMMA DI LORIS SCUSSEL &#8220;COLLAGE OPERAZIONE NOSTALGIA&#8221; DAL LUNEDI AL VENERDI ALLE 16.00\u00a0 E ALLE 23\u00a0<\/strong><\/p>\n<\/div>\n<\/div>\n<p>&nbsp;<\/p>\n<p><strong>LE REPLICHE<\/strong><\/p>\n<p><strong>409<\/strong><\/p>\n<audio class=\"wp-audio-shortcode\" id=\"audio-289811-16\" preload=\"none\" style=\"width: 100%;\" controls=\"controls\"><source type=\"audio\/mpeg\" src=\"https:\/\/www.radiopiu.net\/wordpress\/wp-content\/uploads\/2022\/07\/Collage-409.mp3?_=16\" \/><a href=\"https:\/\/www.radiopiu.net\/wordpress\/wp-content\/uploads\/2022\/07\/Collage-409.mp3\">https:\/\/www.radiopiu.net\/wordpress\/wp-content\/uploads\/2022\/07\/Collage-409.mp3<\/a><\/audio>\n<p>&nbsp;<\/p>\n<p><strong>410<\/strong><\/p>\n<audio class=\"wp-audio-shortcode\" id=\"audio-289811-17\" preload=\"none\" style=\"width: 100%;\" controls=\"controls\"><source type=\"audio\/mpeg\" src=\"https:\/\/www.radiopiu.net\/wordpress\/wp-content\/uploads\/2022\/07\/Collage-410.mp3?_=17\" \/><a href=\"https:\/\/www.radiopiu.net\/wordpress\/wp-content\/uploads\/2022\/07\/Collage-410.mp3\">https:\/\/www.radiopiu.net\/wordpress\/wp-content\/uploads\/2022\/07\/Collage-410.mp3<\/a><\/audio>\n<p>&nbsp;<\/p>\n<div class=\"b654a4as d2edcug0\"><\/div>\n<\/div>\n<\/div>\n<\/div>\n<\/div>\n<\/div>\n<\/div>\n<\/div>\n<\/div>\n<\/div>\n<\/div>\n<\/div>\n<\/div>\n<\/div>\n<\/div>\n<\/div>\n<\/div>\n<\/div>\n<\/div>\n<\/div>\n<\/div>\n<\/div>\n<\/div>\n<\/div>\n<\/div>\n<\/div>\n<\/div>\n<\/div>\n<\/div>\n<\/div>\n<\/div>\n<\/div>\n<\/div>\n<\/div>\n<\/div>\n<\/div>\n<\/div>\n<\/div>\n<\/div>\n<\/div>\n<\/div>\n<\/div>\n<\/div>\n<\/div>\n<\/div>\n<\/div>\n<\/div>\n<\/div>\n<\/div>\n<\/div>\n<\/div>\n<\/div>\n<\/div>\n<\/div>\n<\/div>\n<\/div>\n<\/div>\n<\/div>\n<\/div>\n<\/div>\n<\/div>\n<\/div>\n<\/div>\n<\/div>\n<div>\n<div class=\"page-title-head hgroup\">\n<div class=\"page-title-head hgroup\">\n<div class=\"page-title-head hgroup\">\n<div class=\"page-title-head hgroup\">\n<div class=\"b654a4as d2edcug0\">\n<div class=\"page-title-head hgroup\">\n<div class=\"page-title-head hgroup\">\n<div class=\"page-title-head hgroup\">\n<div class=\"page-title-head hgroup\">\n<div class=\"b654a4as d2edcug0\">\n<div class=\"page-title-head hgroup\">\n<div class=\"page-title-head hgroup\">\n<div class=\"page-title-head hgroup\">\n<div class=\"page-title-head hgroup\">\n<div class=\"page-title-head hgroup\">\n<div class=\"page-title-head hgroup\">\n<div class=\"page-title-head hgroup\">\n<div class=\"page-title-head hgroup\">\n<div class=\"page-title-head hgroup\">\n<div class=\"b654a4as d2edcug0\">\n<div class=\"page-title-head hgroup\">\n<div class=\"page-title-head hgroup\">\n<div class=\"page-title-head hgroup\">\n<div class=\"page-title-head hgroup\">\n<div class=\"b654a4as d2edcug0\">\n<div class=\"page-title-head hgroup\">\n<div class=\"page-title-head hgroup\">\n<div class=\"page-title-head hgroup\">\n<div class=\"page-title-head hgroup\">\n<div class=\"page-title-head hgroup\">\n<div class=\"mkdf-post-text\">\n<div class=\"mkdf-post-text-inner\">\n<div class=\"mkdf-post-text-main\">\n<div class=\"mkdf-post-text\">\n<div class=\"mkdf-post-text-inner\">\n<div class=\"mkdf-post-text-main\">\n<div class=\"mkdf-post-text\">\n<div class=\"mkdf-post-text-inner\">\n<div class=\"mkdf-post-text-main\">\n<div class=\"page-title-head hgroup\">\n<div class=\"page-title-head hgroup\">\n<div class=\"mkdf-post-text\">\n<div class=\"mkdf-post-text-inner\">\n<div class=\"mkdf-post-text-main\">\n<div class=\"mkdf-post-text\">\n<div class=\"mkdf-post-text-inner\">\n<div class=\"mkdf-post-text-main\">\n<div class=\"page-title-head hgroup\">\n<div class=\"page-title-head hgroup\">\n<div class=\"page-title-head hgroup\">\n<div class=\"page-title-head hgroup\">\n<div class=\"b654a4as d2edcug0\">\n<div class=\"page-title-head hgroup\">\n<div class=\"page-title-head hgroup\">\n<div class=\"page-title-head hgroup\">\n<div class=\"page-title-head hgroup\">\n<div class=\"b654a4as d2edcug0\">\n<div class=\"page-title-head hgroup\">\n<div class=\"page-title-head hgroup\">\n<div class=\"page-title-head hgroup\">\n<div>\n<div class=\"page-title-head hgroup\">\n<div class=\"page-title-head hgroup\">\n<div class=\"b654a4as d2edcug0\">\n<div class=\"j83agx80 btwxx1t3 lhclo0ds hop8lmos nkwizq5d scwd0bx6 roh60bw9\">\n<div class=\"rq0escxv hkbzh7o3 jwdofwj8 n8tt0mok r8blr3vg hyh9befq\">\n<div class=\"do00u71z l9j0dhe7 k4urcfbm\">\n<div class=\"page-title-head hgroup\">\n<div class=\"page-title-head hgroup\">\n<div class=\"b654a4as d2edcug0\">\n<div class=\"j83agx80 btwxx1t3 lhclo0ds hop8lmos nkwizq5d scwd0bx6 roh60bw9\">\n<div class=\"rq0escxv hkbzh7o3 jwdofwj8 n8tt0mok r8blr3vg hyh9befq\">\n<div class=\"do00u71z l9j0dhe7 k4urcfbm\">\n<div class=\"ecm0bbzt e5nlhep0 a8c37x1j\">\n<div class=\"kvgmc6g5 cxmmr5t8 oygrvhab hcukyx3x c1et5uql\">\n<div class=\"gmail-kvgmc6g5 gmail-cxmmr5t8 gmail-oygrvhab gmail-hcukyx3x gmail-c1et5uql gmail-ii04i59q\">\n<div class=\"page-title-head hgroup\">\n<div class=\"page-title-head hgroup\">\n<div class=\"b654a4as d2edcug0\">\n<div class=\"j83agx80 btwxx1t3 lhclo0ds hop8lmos nkwizq5d scwd0bx6 roh60bw9\">\n<div class=\"rq0escxv hkbzh7o3 jwdofwj8 n8tt0mok r8blr3vg hyh9befq\">\n<div class=\"do00u71z l9j0dhe7 k4urcfbm\">\n<div class=\"page-title-head hgroup\">\n<div class=\"page-title-head hgroup\">\n<div class=\"b654a4as d2edcug0\">\n<div class=\"j83agx80 btwxx1t3 lhclo0ds hop8lmos nkwizq5d scwd0bx6 roh60bw9\">\n<div class=\"rq0escxv hkbzh7o3 jwdofwj8 n8tt0mok r8blr3vg hyh9befq\">\n<div class=\"do00u71z l9j0dhe7 k4urcfbm\">\n<div class=\"page-title-head hgroup\">\n<div class=\"page-title-head hgroup\">\n<div class=\"b654a4as d2edcug0\">\n<div class=\"j83agx80 btwxx1t3 lhclo0ds hop8lmos nkwizq5d scwd0bx6 roh60bw9\">\n<div class=\"rq0escxv hkbzh7o3 jwdofwj8 n8tt0mok r8blr3vg hyh9befq\">\n<div class=\"do00u71z l9j0dhe7 k4urcfbm\">\n<div class=\"ecm0bbzt e5nlhep0 a8c37x1j\">\n<div class=\"kvgmc6g5 cxmmr5t8 oygrvhab hcukyx3x c1et5uql\">\n<div class=\"gmail-kvgmc6g5 gmail-cxmmr5t8 gmail-oygrvhab gmail-hcukyx3x gmail-c1et5uql gmail-ii04i59q\">\n<div class=\"page-title-head hgroup\">\n<div class=\"page-title-head hgroup\">\n<div class=\"b654a4as d2edcug0\">\n<div class=\"j83agx80 btwxx1t3 lhclo0ds hop8lmos nkwizq5d scwd0bx6 roh60bw9\">\n<div class=\"rq0escxv hkbzh7o3 jwdofwj8 n8tt0mok r8blr3vg hyh9befq\">\n<div class=\"do00u71z l9j0dhe7 k4urcfbm\">\n<div class=\"page-title-head hgroup\">\n<div class=\"page-title-head hgroup\">\n<div class=\"page-title-head hgroup\">\n<div class=\"page-title-head hgroup\">\n<div class=\"b654a4as d2edcug0\">\n<div class=\"page-title-head hgroup\">\n<div class=\"page-title-head hgroup\">\n<div class=\"page-title-head hgroup\">\n<div class=\"page-title-head hgroup\">\n<div class=\"b654a4as d2edcug0\">\n<div class=\"page-title-head hgroup\">\n<div class=\"page-title-head hgroup\">\n<div class=\"page-title-head hgroup\">\n<div class=\"page-title-head hgroup\">\n<div class=\"page-title-head hgroup\">\n<div class=\"page-title-head hgroup\">\n<div class=\"page-title-head hgroup\">\n<div class=\"page-title-head hgroup\">\n<div class=\"page-title-head hgroup\">\n<div class=\"b654a4as d2edcug0\">\n<div class=\"page-title-head hgroup\">\n<div class=\"page-title-head hgroup\">\n<div class=\"page-title-head hgroup\">\n<div class=\"page-title-head hgroup\">\n<div class=\"b654a4as d2edcug0\">\n<div class=\"page-title-head hgroup\">\n<div class=\"page-title-head hgroup\">\n<div class=\"page-title-head hgroup\">\n<div class=\"page-title-head hgroup\">\n<div class=\"page-title-head hgroup\">\n<div class=\"mkdf-post-text\">\n<div class=\"mkdf-post-text-inner\">\n<div class=\"mkdf-post-text-main\">\n<div class=\"mkdf-post-text\">\n<div class=\"mkdf-post-text-inner\">\n<div class=\"mkdf-post-text-main\">\n<div class=\"mkdf-post-text\">\n<div class=\"mkdf-post-text-inner\">\n<div class=\"mkdf-post-text-main\">\n<div class=\"page-title-head hgroup\">\n<div class=\"page-title-head hgroup\">\n<div class=\"mkdf-post-text\">\n<div class=\"mkdf-post-text-inner\">\n<div class=\"mkdf-post-text-main\">\n<div class=\"mkdf-post-text\">\n<div class=\"mkdf-post-text-inner\">\n<div class=\"mkdf-post-text-main\">\n<div class=\"page-title-head hgroup\">\n<div class=\"page-title-head hgroup\">\n<div class=\"page-title-head hgroup\">\n<div class=\"page-title-head hgroup\">\n<div class=\"b654a4as d2edcug0\">\n<div class=\"page-title-head hgroup\">\n<div class=\"page-title-head hgroup\">\n<div class=\"page-title-head hgroup\">\n<div class=\"page-title-head hgroup\">\n<div class=\"b654a4as d2edcug0\">\n<div class=\"page-title-head hgroup\">\n<div class=\"page-title-head hgroup\">\n<div class=\"page-title-head hgroup\">\n<div class=\"page-title-head hgroup\">\n<div class=\"b654a4as d2edcug0\">\n<div class=\"ecm0bbzt e5nlhep0 a8c37x1j\">\n<div class=\"kvgmc6g5 cxmmr5t8 oygrvhab hcukyx3x c1et5uql\">\n<div class=\"gmail-kvgmc6g5 gmail-cxmmr5t8 gmail-oygrvhab gmail-hcukyx3x gmail-c1et5uql gmail-ii04i59q\">\n<div class=\"page-title-head hgroup\">\n<div class=\"page-title-head hgroup\">\n<div class=\"b654a4as d2edcug0\">\n<div class=\"j83agx80 btwxx1t3 lhclo0ds hop8lmos nkwizq5d scwd0bx6 roh60bw9\">\n<div class=\"rq0escxv hkbzh7o3 jwdofwj8 n8tt0mok r8blr3vg hyh9befq\">\n<div class=\"do00u71z l9j0dhe7 k4urcfbm\">\n<div class=\"page-title-head hgroup\">\n<div class=\"page-title-head hgroup\">\n<div class=\"page-title-head hgroup\">\n<div class=\"page-title-head hgroup\">\n<div class=\"b654a4as d2edcug0\">\n<div class=\"page-title-head hgroup\">\n<div class=\"page-title-head hgroup\">\n<div class=\"page-title-head hgroup\">\n<div class=\"page-title-head hgroup\">\n<div class=\"b654a4as d2edcug0\">\n<div class=\"page-title-head hgroup\">\n<div class=\"page-title-head hgroup\">\n<div class=\"page-title-head hgroup\">\n<div class=\"page-title-head hgroup\">\n<div class=\"page-title-head hgroup\">\n<div class=\"page-title-head hgroup\">\n<div class=\"page-title-head hgroup\">\n<div class=\"page-title-head hgroup\">\n<div class=\"page-title-head hgroup\">\n<div class=\"b654a4as d2edcug0\">\n<div class=\"page-title-head hgroup\">\n<div class=\"page-title-head hgroup\">\n<div class=\"page-title-head hgroup\">\n<div class=\"page-title-head hgroup\">\n<div class=\"b654a4as d2edcug0\">\n<div class=\"page-title-head hgroup\">\n<div class=\"page-title-head hgroup\">\n<div class=\"page-title-head hgroup\">\n<div class=\"page-title-head hgroup\">\n<div class=\"page-title-head hgroup\">\n<div class=\"mkdf-post-text\">\n<div class=\"mkdf-post-text-inner\">\n<div class=\"mkdf-post-text-main\">\n<div class=\"mkdf-post-text\">\n<div class=\"mkdf-post-text-inner\">\n<div class=\"mkdf-post-text-main\">\n<div class=\"mkdf-post-text\">\n<div class=\"mkdf-post-text-inner\">\n<div class=\"mkdf-post-text-main\">\n<div class=\"page-title-head hgroup\">\n<div class=\"page-title-head hgroup\">\n<div class=\"mkdf-post-text\">\n<div class=\"mkdf-post-text-inner\">\n<div class=\"mkdf-post-text-main\">\n<div class=\"mkdf-post-text\">\n<div class=\"mkdf-post-text-inner\">\n<div class=\"mkdf-post-text-main\">\n<div class=\"page-title-head hgroup\">\n<div class=\"page-title-head hgroup\">\n<div class=\"page-title-head hgroup\">\n<div class=\"page-title-head hgroup\">\n<div class=\"b654a4as d2edcug0\">\n<div class=\"page-title-head hgroup\">\n<div class=\"page-title-head hgroup\">\n<div class=\"page-title-head hgroup\">\n<div class=\"page-title-head hgroup\">\n<div class=\"b654a4as d2edcug0\">\n<div class=\"page-title-head hgroup\">\n<div class=\"page-title-head hgroup\">\n<div class=\"page-title-head hgroup\">\n<div class=\"page-title-head hgroup\">\n<div class=\"b654a4as d2edcug0\">\n<div class=\"mkdf-post-text\">\n<div class=\"mkdf-post-text-inner\">\n<div class=\"mkdf-post-text-main\">\n<div class=\"mkdf-post-text\">\n<div class=\"mkdf-post-text-inner\">\n<div class=\"mkdf-post-text-main\">\n<div class=\"mkdf-post-text\">\n<div class=\"mkdf-post-text-inner\">\n<div class=\"mkdf-post-text-main\">\n<div class=\"page-title-head hgroup\">\n<div class=\"page-title-head hgroup\">\n<div class=\"mkdf-post-text\">\n<div class=\"mkdf-post-text-inner\">\n<div class=\"mkdf-post-text-main\">\n<div class=\"mkdf-post-text\">\n<div class=\"mkdf-post-text-inner\">\n<div class=\"mkdf-post-text-main\">\n<div class=\"page-title-head hgroup\">\n<div class=\"page-title-head hgroup\">\n<div class=\"page-title-head hgroup\">\n<div class=\"page-title-head hgroup\">\n<div class=\"b654a4as d2edcug0\">\n<div class=\"page-title-head hgroup\">\n<div class=\"page-title-head hgroup\">\n<div class=\"page-title-head hgroup\">\n<div class=\"page-title-head hgroup\">\n<div class=\"b654a4as d2edcug0\">\n<div class=\"page-title-head hgroup\">\n<div class=\"page-title-head hgroup\">\n<div class=\"page-title-head hgroup\">\n<div class=\"page-title-head hgroup\">\n<div class=\"b654a4as d2edcug0\">\n<hr \/>\n<p>&nbsp;<\/p>\n<div>\n<div class=\"page-title-head hgroup\">\n<div class=\"page-title-head hgroup\">\n<div class=\"b654a4as d2edcug0\">\n<div class=\"j83agx80 btwxx1t3 lhclo0ds hop8lmos nkwizq5d scwd0bx6 roh60bw9\">\n<div class=\"rq0escxv hkbzh7o3 jwdofwj8 n8tt0mok r8blr3vg hyh9befq\">\n<div class=\"do00u71z l9j0dhe7 k4urcfbm\">\n<div class=\"page-title-head hgroup\">\n<div class=\"page-title-head hgroup\">\n<div class=\"b654a4as d2edcug0\">\n<div class=\"j83agx80 btwxx1t3 lhclo0ds hop8lmos nkwizq5d scwd0bx6 roh60bw9\">\n<div class=\"rq0escxv hkbzh7o3 jwdofwj8 n8tt0mok r8blr3vg hyh9befq\">\n<div class=\"do00u71z l9j0dhe7 k4urcfbm\">\n<div class=\"ecm0bbzt e5nlhep0 a8c37x1j\">\n<div class=\"kvgmc6g5 cxmmr5t8 oygrvhab hcukyx3x c1et5uql\">\n<div class=\"gmail-kvgmc6g5 gmail-cxmmr5t8 gmail-oygrvhab gmail-hcukyx3x gmail-c1et5uql gmail-ii04i59q\">\n<div class=\"page-title-head hgroup\">\n<div class=\"page-title-head hgroup\">\n<div class=\"b654a4as d2edcug0\">\n<div class=\"j83agx80 btwxx1t3 lhclo0ds hop8lmos nkwizq5d scwd0bx6 roh60bw9\">\n<div class=\"rq0escxv hkbzh7o3 jwdofwj8 n8tt0mok r8blr3vg hyh9befq\">\n<div class=\"do00u71z l9j0dhe7 k4urcfbm\">\n<div class=\"page-title-head hgroup\">\n<div class=\"page-title-head hgroup\">\n<div class=\"b654a4as d2edcug0\">\n<div class=\"j83agx80 btwxx1t3 lhclo0ds hop8lmos nkwizq5d scwd0bx6 roh60bw9\">\n<div class=\"rq0escxv hkbzh7o3 jwdofwj8 n8tt0mok r8blr3vg hyh9befq\">\n<div class=\"do00u71z l9j0dhe7 k4urcfbm\">\n<div class=\"page-title-head hgroup\">\n<div class=\"page-title-head hgroup\">\n<div class=\"b654a4as d2edcug0\">\n<div class=\"j83agx80 btwxx1t3 lhclo0ds hop8lmos nkwizq5d scwd0bx6 roh60bw9\">\n<div class=\"rq0escxv hkbzh7o3 jwdofwj8 n8tt0mok r8blr3vg hyh9befq\">\n<div class=\"do00u71z l9j0dhe7 k4urcfbm\">\n<div class=\"ecm0bbzt e5nlhep0 a8c37x1j\">\n<div class=\"kvgmc6g5 cxmmr5t8 oygrvhab hcukyx3x c1et5uql\">\n<div class=\"gmail-kvgmc6g5 gmail-cxmmr5t8 gmail-oygrvhab gmail-hcukyx3x gmail-c1et5uql gmail-ii04i59q\">\n<div class=\"page-title-head hgroup\">\n<div class=\"page-title-head hgroup\">\n<div class=\"b654a4as d2edcug0\">\n<div class=\"j83agx80 btwxx1t3 lhclo0ds hop8lmos nkwizq5d scwd0bx6 roh60bw9\">\n<div class=\"rq0escxv hkbzh7o3 jwdofwj8 n8tt0mok r8blr3vg hyh9befq\">\n<div class=\"do00u71z l9j0dhe7 k4urcfbm\">\n<div class=\"page-title-head hgroup\">\n<div class=\"page-title-head hgroup\">\n<div class=\"page-title-head hgroup\">\n<div class=\"page-title-head hgroup\">\n<div class=\"b654a4as d2edcug0\">\n<div class=\"page-title-head hgroup\">\n<div class=\"page-title-head hgroup\">\n<div class=\"page-title-head hgroup\">\n<div class=\"page-title-head hgroup\">\n<div class=\"b654a4as d2edcug0\">\n<div class=\"page-title-head hgroup\">\n<div class=\"page-title-head hgroup\">\n<div class=\"page-title-head hgroup\">\n<div class=\"page-title-head hgroup\">\n<div class=\"page-title-head hgroup\">\n<div class=\"page-title-head hgroup\">\n<div class=\"page-title-head hgroup\">\n<div class=\"page-title-head hgroup\">\n<div class=\"page-title-head hgroup\">\n<div class=\"b654a4as d2edcug0\">\n<div class=\"page-title-head hgroup\">\n<div class=\"page-title-head hgroup\">\n<div class=\"page-title-head hgroup\">\n<div class=\"page-title-head hgroup\">\n<div class=\"b654a4as d2edcug0\">\n<div class=\"page-title-head hgroup\">\n<div class=\"page-title-head hgroup\">\n<div class=\"page-title-head hgroup\">\n<div class=\"page-title-head hgroup\">\n<div class=\"page-title-head hgroup\">\n<div class=\"mkdf-post-text\">\n<div class=\"mkdf-post-text-inner\">\n<div class=\"mkdf-post-text-main\">\n<div class=\"mkdf-post-text\">\n<div class=\"mkdf-post-text-inner\">\n<div class=\"mkdf-post-text-main\">\n<div class=\"mkdf-post-text\">\n<div class=\"mkdf-post-text-inner\">\n<div class=\"mkdf-post-text-main\">\n<div class=\"page-title-head hgroup\">\n<div class=\"page-title-head hgroup\">\n<div class=\"mkdf-post-text\">\n<div class=\"mkdf-post-text-inner\">\n<div class=\"mkdf-post-text-main\">\n<div class=\"mkdf-post-text\">\n<div class=\"mkdf-post-text-inner\">\n<div class=\"mkdf-post-text-main\">\n<div class=\"page-title-head hgroup\">\n<div class=\"page-title-head hgroup\">\n<div class=\"page-title-head hgroup\">\n<div class=\"page-title-head hgroup\">\n<div class=\"b654a4as d2edcug0\">\n<div class=\"page-title-head hgroup\">\n<div class=\"page-title-head hgroup\">\n<div class=\"page-title-head hgroup\">\n<div class=\"page-title-head hgroup\">\n<div class=\"b654a4as d2edcug0\">\n<div class=\"page-title-head hgroup\">\n<div class=\"page-title-head hgroup\">\n<div class=\"page-title-head hgroup\">\n<div class=\"page-title-head hgroup\">\n<div class=\"b654a4as d2edcug0\">\n<div class=\"ecm0bbzt e5nlhep0 a8c37x1j\">\n<div class=\"kvgmc6g5 cxmmr5t8 oygrvhab hcukyx3x c1et5uql\">\n<div class=\"gmail-kvgmc6g5 gmail-cxmmr5t8 gmail-oygrvhab gmail-hcukyx3x gmail-c1et5uql gmail-ii04i59q\">\n<div class=\"page-title-head hgroup\">\n<div class=\"page-title-head hgroup\">\n<div class=\"b654a4as d2edcug0\">\n<div class=\"j83agx80 btwxx1t3 lhclo0ds hop8lmos nkwizq5d scwd0bx6 roh60bw9\">\n<div class=\"rq0escxv hkbzh7o3 jwdofwj8 n8tt0mok r8blr3vg hyh9befq\">\n<div class=\"do00u71z l9j0dhe7 k4urcfbm\">\n<div class=\"page-title-head hgroup\">\n<div class=\"page-title-head hgroup\">\n<div class=\"page-title-head hgroup\">\n<div class=\"page-title-head hgroup\">\n<div class=\"b654a4as d2edcug0\">\n<div class=\"page-title-head hgroup\">\n<div class=\"page-title-head hgroup\">\n<div class=\"page-title-head hgroup\">\n<div class=\"page-title-head hgroup\">\n<div class=\"b654a4as d2edcug0\">\n<div class=\"page-title-head hgroup\">\n<div class=\"page-title-head hgroup\">\n<div class=\"page-title-head hgroup\">\n<div class=\"page-title-head hgroup\">\n<div class=\"page-title-head hgroup\">\n<div class=\"page-title-head hgroup\">\n<div class=\"page-title-head hgroup\">\n<div class=\"page-title-head hgroup\">\n<div class=\"page-title-head hgroup\">\n<div class=\"b654a4as d2edcug0\">\n<div class=\"page-title-head hgroup\">\n<div class=\"page-title-head hgroup\">\n<div class=\"page-title-head hgroup\">\n<div class=\"page-title-head hgroup\">\n<div class=\"b654a4as d2edcug0\">\n<div class=\"page-title-head hgroup\">\n<div class=\"page-title-head hgroup\">\n<div class=\"page-title-head hgroup\">\n<div class=\"page-title-head hgroup\">\n<div class=\"page-title-head hgroup\">\n<div class=\"mkdf-post-text\">\n<div class=\"mkdf-post-text-inner\">\n<div class=\"mkdf-post-text-main\">\n<div class=\"mkdf-post-text\">\n<div class=\"mkdf-post-text-inner\">\n<div class=\"mkdf-post-text-main\">\n<div class=\"mkdf-post-text\">\n<div class=\"mkdf-post-text-inner\">\n<div class=\"mkdf-post-text-main\">\n<div class=\"page-title-head hgroup\">\n<div class=\"page-title-head hgroup\">\n<div class=\"mkdf-post-text\">\n<div class=\"mkdf-post-text-inner\">\n<div class=\"mkdf-post-text-main\">\n<div class=\"mkdf-post-text\">\n<div class=\"mkdf-post-text-inner\">\n<div class=\"mkdf-post-text-main\">\n<div class=\"page-title-head hgroup\">\n<div class=\"page-title-head hgroup\">\n<div class=\"page-title-head hgroup\">\n<div class=\"page-title-head hgroup\">\n<div class=\"b654a4as d2edcug0\">\n<div class=\"page-title-head hgroup\">\n<div class=\"page-title-head hgroup\">\n<div class=\"page-title-head hgroup\">\n<div class=\"page-title-head hgroup\">\n<div class=\"b654a4as d2edcug0\">\n<div class=\"page-title-head hgroup\">\n<div class=\"page-title-head hgroup\">\n<div class=\"page-title-head hgroup\">\n<div class=\"page-title-head hgroup\">\n<div class=\"b654a4as d2edcug0\">\n<div>\n<h2><span style=\"color: #99cc00;\"><strong>DUE MINUTI UN LIBRO, TUTTI I GIORNI ALLA RADIO ALLE 9.40 E ALLE 17.50\u00a0 <\/strong><\/span><\/h2>\n<p><strong>LA RACCOLTA COMPLETA\u00a0 \u00a0<\/strong><\/p>\n<div>\n<blockquote class=\"wp-embedded-content\" data-secret=\"7kFn9DEEWs\"><p><a href=\"https:\/\/www.radiopiu.net\/wordpress\/due-minuti-un-libro\/\">Due minuti un libro<\/a><\/p><\/blockquote>\n<p><iframe loading=\"lazy\" class=\"wp-embedded-content\" sandbox=\"allow-scripts\" security=\"restricted\" style=\"position: absolute; clip: rect(1px, 1px, 1px, 1px);\" title=\"&#8220;Due minuti un libro&#8221; &#8212; Radio Pi\u00f9\" src=\"https:\/\/www.radiopiu.net\/wordpress\/due-minuti-un-libro\/embed\/#?secret=GLJ0EVzsO3#?secret=7kFn9DEEWs\" data-secret=\"7kFn9DEEWs\" width=\"600\" height=\"338\" frameborder=\"0\" marginwidth=\"0\" marginheight=\"0\" scrolling=\"no\"><\/iframe><\/p>\n<\/div>\n<\/div>\n<div class=\"mkdf-post-text\">\n<div class=\"mkdf-post-text-inner\">\n<div class=\"mkdf-post-text-main\">\n<div class=\"mkdf-post-text\">\n<div class=\"mkdf-post-text-inner\">\n<div class=\"mkdf-post-text-main\">\n<div class=\"mkdf-post-text\">\n<div class=\"mkdf-post-text-inner\">\n<div class=\"mkdf-post-text-main\">\n<div class=\"page-title-head hgroup\">\n<div class=\"page-title-head hgroup\">\n<div class=\"mkdf-post-text\">\n<div class=\"mkdf-post-text-inner\">\n<div class=\"mkdf-post-text-main\">\n<div class=\"mkdf-post-text\">\n<div class=\"mkdf-post-text-inner\">\n<div class=\"mkdf-post-text-main\">\n<div class=\"page-title-head hgroup\">\n<div class=\"page-title-head hgroup\">\n<div class=\"page-title-head hgroup\">\n<div class=\"page-title-head hgroup\">\n<div class=\"b654a4as d2edcug0\">\n<div><\/div>\n<p>&nbsp;<\/p>\n<hr \/>\n<p>&nbsp;<\/p>\n<h2><span style=\"color: #33cccc;\">LA RASSEGNA STAMPA DA L&#8217;AMICO DEL POPOLO<\/span><\/h2>\n<p><strong>LA RACCOLTA COMPLETA\u00a0<\/strong><\/p>\n<p>&nbsp;<\/p>\n<blockquote class=\"wp-embedded-content\" data-secret=\"MY42TcAIdF\"><p><a href=\"https:\/\/www.radiopiu.net\/wordpress\/rassegna-stampa-di-gianni-santomaso\/\">Rassegna stampa da l&#8217;amico del popolo &#8211; di Gianni Santomaso<\/a><\/p><\/blockquote>\n<p><iframe loading=\"lazy\" class=\"wp-embedded-content\" sandbox=\"allow-scripts\" security=\"restricted\" style=\"position: absolute; clip: rect(1px, 1px, 1px, 1px);\" title=\"&#8220;Rassegna stampa da l&#8217;amico del popolo &#8211; di Gianni Santomaso&#8221; &#8212; Radio Pi\u00f9\" src=\"https:\/\/www.radiopiu.net\/wordpress\/rassegna-stampa-di-gianni-santomaso\/embed\/#?secret=UQ2xEJBvRa#?secret=MY42TcAIdF\" data-secret=\"MY42TcAIdF\" width=\"600\" height=\"338\" frameborder=\"0\" marginwidth=\"0\" marginheight=\"0\" scrolling=\"no\"><\/iframe><\/p>\n<p>&nbsp;<\/p>\n<hr \/>\n<p>&nbsp;<\/p>\n<blockquote>\n<h2 class=\"page-title-head hgroup\">\u00a0I RACCONTI DI PAOLO SOPPELSA<\/h2>\n<\/blockquote>\n<p><strong>LA RACCOLTA COMPLETA<\/strong><\/p>\n<blockquote class=\"wp-embedded-content\" data-secret=\"8AAQRjGDuz\"><p><a href=\"https:\/\/www.radiopiu.net\/wordpress\/i-racconti-di-paolo-soppelsa\/\">I racconti di Paolo Soppelsa<\/a><\/p><\/blockquote>\n<p><iframe loading=\"lazy\" class=\"wp-embedded-content\" sandbox=\"allow-scripts\" security=\"restricted\" style=\"position: absolute; clip: rect(1px, 1px, 1px, 1px);\" title=\"&#8220;I racconti di Paolo Soppelsa&#8221; &#8212; Radio Pi\u00f9\" src=\"https:\/\/www.radiopiu.net\/wordpress\/i-racconti-di-paolo-soppelsa\/embed\/#?secret=O2OEuBMILA#?secret=8AAQRjGDuz\" data-secret=\"8AAQRjGDuz\" width=\"600\" height=\"338\" frameborder=\"0\" marginwidth=\"0\" marginheight=\"0\" scrolling=\"no\"><\/iframe><\/p>\n<p>&nbsp;<\/p>\n<hr \/>\n<p>&nbsp;<\/p>\n<\/div>\n<\/div>\n<\/div>\n<\/div>\n<\/div>\n<\/div>\n<\/div>\n<\/div>\n<\/div>\n<\/div>\n<\/div>\n<\/div>\n<\/div>\n<\/div>\n<\/div>\n<\/div>\n<\/div>\n<\/div>\n<\/div>\n<\/div>\n<\/div>\n<\/div>\n<\/div>\n<\/div>\n<\/div>\n<\/div>\n<\/div>\n<\/div>\n<\/div>\n<\/div>\n<\/div>\n<\/div>\n<\/div>\n<\/div>\n<\/div>\n<\/div>\n<\/div>\n<\/div>\n<\/div>\n<\/div>\n<\/div>\n<\/div>\n<\/div>\n<\/div>\n<\/div>\n<\/div>\n<\/div>\n<\/div>\n<\/div>\n<\/div>\n<\/div>\n<\/div>\n<\/div>\n<\/div>\n<\/div>\n<\/div>\n<\/div>\n<\/div>\n<\/div>\n<\/div>\n<\/div>\n<\/div>\n<\/div>\n<\/div>\n<\/div>\n<\/div>\n<\/div>\n<\/div>\n<\/div>\n<\/div>\n<\/div>\n<\/div>\n<\/div>\n<\/div>\n<\/div>\n<\/div>\n<\/div>\n<\/div>\n<\/div>\n<\/div>\n<\/div>\n<\/div>\n<\/div>\n<\/div>\n<\/div>\n<\/div>\n<\/div>\n<\/div>\n<\/div>\n<\/div>\n<\/div>\n<\/div>\n<\/div>\n<\/div>\n<\/div>\n<\/div>\n<\/div>\n<\/div>\n<\/div>\n<\/div>\n<\/div>\n<\/div>\n<\/div>\n<\/div>\n<\/div>\n<\/div>\n<\/div>\n<\/div>\n<\/div>\n<\/div>\n<\/div>\n<\/div>\n<\/div>\n<\/div>\n<\/div>\n<\/div>\n<\/div>\n<\/div>\n<\/div>\n<\/div>\n<\/div>\n<\/div>\n<\/div>\n<\/div>\n<\/div>\n<\/div>\n<\/div>\n<\/div>\n<\/div>\n<\/div>\n<\/div>\n<\/div>\n<\/div>\n<\/div>\n<\/div>\n<\/div>\n<\/div>\n<\/div>\n<\/div>\n<\/div>\n<\/div>\n<\/div>\n<\/div>\n<\/div>\n<\/div>\n<\/div>\n<\/div>\n<\/div>\n<\/div>\n<\/div>\n<\/div>\n<\/div>\n<\/div>\n<\/div>\n<\/div>\n<\/div>\n<\/div>\n<\/div>\n<\/div>\n<\/div>\n<\/div>\n<\/div>\n<\/div>\n<\/div>\n<\/div>\n<\/div>\n<\/div>\n<\/div>\n<\/div>\n<\/div>\n<\/div>\n<\/div>\n<\/div>\n<\/div>\n<\/div>\n<\/div>\n<\/div>\n<\/div>\n<\/div>\n<\/div>\n<\/div>\n<\/div>\n<\/div>\n<\/div>\n<\/div>\n<\/div>\n<\/div>\n<\/div>\n<\/div>\n<\/div>\n<\/div>\n<\/div>\n<\/div>\n<\/div>\n<\/div>\n<\/div>\n<\/div>\n<\/div>\n<\/div>\n<\/div>\n<\/div>\n<\/div>\n<\/div>\n<\/div>\n<\/div>\n<\/div>\n<\/div>\n<\/div>\n<\/div>\n<\/div>\n<\/div>\n<\/div>\n<\/div>\n<\/div>\n<\/div>\n<\/div>\n<\/div>\n<\/div>\n<\/div>\n<\/div>\n<\/div>\n<\/div>\n<\/div>\n<\/div>\n<\/div>\n<\/div>\n<\/div>\n<\/div>\n<\/div>\n<\/div>\n<\/div>\n<div class=\"b654a4as d2edcug0\">\n<div class=\"ecm0bbzt e5nlhep0 a8c37x1j\">\n<div class=\"kvgmc6g5 cxmmr5t8 oygrvhab hcukyx3x c1et5uql\">\n<div class=\"gmail-kvgmc6g5 gmail-cxmmr5t8 gmail-oygrvhab gmail-hcukyx3x gmail-c1et5uql gmail-ii04i59q\">\n<div>\n<div class=\"page-title-head hgroup\">\n<div class=\"page-title-head hgroup\">\n<div class=\"b654a4as d2edcug0\">\n<div class=\"j83agx80 btwxx1t3 lhclo0ds hop8lmos nkwizq5d scwd0bx6 roh60bw9\">\n<div class=\"rq0escxv hkbzh7o3 jwdofwj8 n8tt0mok r8blr3vg hyh9befq\">\n<div class=\"do00u71z l9j0dhe7 k4urcfbm\">\n<div>\n<div class=\"page-title-head hgroup\">\n<div class=\"page-title-head hgroup\">\n<div class=\"page-title-head hgroup\">\n<div class=\"page-title-head hgroup\">\n<div class=\"b654a4as d2edcug0\">\n<div class=\"page-title-head hgroup\">\n<div class=\"page-title-head hgroup\">\n<div class=\"page-title-head hgroup\">\n<div class=\"page-title-head hgroup\">\n<div class=\"b654a4as d2edcug0\">\n<div class=\"page-title-head hgroup\">\n<div class=\"page-title-head hgroup\">\n<div class=\"page-title-head hgroup\">\n<div class=\"page-title-head hgroup\">\n<div class=\"page-title-head hgroup\">\n<div class=\"mkdf-post-text\">\n<div class=\"mkdf-post-text-inner\">\n<div class=\"mkdf-post-text-main\">\n<div class=\"mkdf-post-text\">\n<div class=\"mkdf-post-text-inner\">\n<div class=\"mkdf-post-text-main\">\n<div class=\"mkdf-post-text\">\n<div class=\"mkdf-post-text-inner\">\n<div class=\"mkdf-post-text-main\">\n<div class=\"page-title-head hgroup\">\n<div class=\"page-title-head hgroup\">\n<div class=\"mkdf-post-text\">\n<div class=\"mkdf-post-text-inner\">\n<div class=\"mkdf-post-text-main\">\n<div class=\"mkdf-post-text\">\n<div class=\"mkdf-post-text-inner\">\n<div class=\"mkdf-post-text-main\">\n<div>\n<div class=\"page-title-head hgroup\">\n<div class=\"page-title-head hgroup\">\n<div>\n<div class=\"page-title-head hgroup\">\n<div class=\"page-title-head hgroup\">\n<div class=\"b654a4as d2edcug0\">\n<div>\n<div class=\"page-title-head hgroup\" style=\"text-align: left;\">\n<div class=\"page-title-head hgroup\">\n<div dir=\"auto\">\n<p><a class=\"dt-pswp-item pspw-wrap-ready\" href=\"https:\/\/i0.wp.com\/www.radiopiu.net\/wordpress\/wp-content\/uploads\/2018\/09\/WhatsApp-Image-2018-09-20-at-16.04.06.jpeg?ssl=1\" data-dt-img-description=\"\" data-large_image_width=\"800\" data-large_image_height=\"100\"><img loading=\"lazy\" decoding=\"async\" class=\"aligncenter wp-image-61378 size-full jetpack-lazy-image jetpack-lazy-image--handled\" src=\"https:\/\/i0.wp.com\/www.radiopiu.net\/wordpress\/wp-content\/uploads\/2018\/09\/WhatsApp-Image-2018-09-20-at-16.04.06.jpeg?resize=800%2C100&amp;ssl=1\" sizes=\"auto, (max-width: 800px) 100vw, 800px\" srcset=\"https:\/\/i0.wp.com\/www.radiopiu.net\/wordpress\/wp-content\/uploads\/2018\/09\/WhatsApp-Image-2018-09-20-at-16.04.06.jpeg?w=800&amp;ssl=1 800w, https:\/\/i0.wp.com\/www.radiopiu.net\/wordpress\/wp-content\/uploads\/2018\/09\/WhatsApp-Image-2018-09-20-at-16.04.06.jpeg?resize=300%2C38&amp;ssl=1 300w, https:\/\/i0.wp.com\/www.radiopiu.net\/wordpress\/wp-content\/uploads\/2018\/09\/WhatsApp-Image-2018-09-20-at-16.04.06.jpeg?resize=768%2C96&amp;ssl=1 768w\" alt=\"\" width=\"800\" height=\"100\" data-lazy-loaded=\"1\" \/><\/a><\/p>\n<\/div>\n<\/div>\n<\/div>\n<\/div>\n<\/div>\n<\/div>\n<\/div>\n<\/div>\n<\/div>\n<\/div>\n<\/div>\n<\/div>\n<\/div>\n<\/div>\n<\/div>\n<\/div>\n<\/div>\n<\/div>\n<\/div>\n<\/div>\n<\/div>\n<\/div>\n<\/div>\n<\/div>\n<\/div>\n<\/div>\n<\/div>\n<\/div>\n<\/div>\n<\/div>\n<\/div>\n<\/div>\n<\/div>\n<\/div>\n<\/div>\n<\/div>\n<\/div>\n<\/div>\n<\/div>\n<\/div>\n<\/div>\n<\/div>\n<\/div>\n<\/div>\n<\/div>\n<\/div>\n<\/div>\n<\/div>\n<\/div>\n<\/div>\n<\/div>\n<\/div>\n<\/div>\n<\/div>\n<\/div>\n<\/div>\n<\/div>\n<\/div>\n<\/div>\n<\/div>\n<\/div>\n<\/div>\n<\/div>\n<\/div>\n<\/div>\n<\/div>\n<\/div>\n<\/div>\n<\/div>\n<\/div>\n<\/div>\n<\/div>\n<\/div>\n<\/div>\n<\/div>\n<\/div>\n<\/div>\n<\/div>\n<\/div>\n<\/div>\n<\/div>\n<\/div>\n<\/div>\n<\/div>\n<\/div>\n<\/div>\n<\/div>\n<\/div>\n<\/div>\n<\/div>\n<\/div>\n<\/div>\n<\/div>\n<\/div>\n<\/div>\n<\/div>\n<\/div>\n<\/div>\n<\/div>\n<\/div>\n<\/div>\n<\/div>\n<\/div>\n<\/div>\n<\/div>\n<\/div>\n<\/div>\n<\/div>\n<\/div>\n<\/div>\n<\/div>\n<\/div>\n<\/div>\n<\/div>\n<\/div>\n<\/div>\n<\/div>\n<\/div>\n<\/div>\n<\/div>\n<\/div>\n<\/div>\n<\/div>\n<\/div>\n<\/div>\n<\/div>\n<\/div>\n<\/div>\n<\/div>\n<\/div>\n<\/div>\n<\/div>\n<\/div>\n<\/div>\n<\/div>\n<\/div>\n<\/div>\n<\/div>\n<\/div>\n<\/div>\n<\/div>\n<\/div>\n<\/div>\n<\/div>\n<\/div>\n<\/div>\n<\/div>\n<\/div>\n<\/div>\n<\/div>\n<\/div>\n<\/div>\n<\/div>\n<\/div>\n<\/div>\n<\/div>\n<\/div>\n<\/div>\n<\/div>\n<\/div>\n<\/div>\n<\/div>\n<\/div>\n<\/div>\n<\/div>\n<\/div>\n<\/div>\n<\/div>\n<\/div>\n<\/div>\n<\/div>\n<\/div>\n<\/div>\n<\/div>\n<\/div>\n<\/div>\n<\/div>\n<\/div>\n<\/div>\n<\/div>\n<\/div>\n<\/div>\n<\/div>\n<\/div>\n<\/div>\n<\/div>\n<\/div>\n<\/div>\n<\/div>\n<\/div>\n<\/div>\n<\/div>\n<\/div>\n<\/div>\n<\/div>\n<\/div>\n<\/div>\n<\/div>\n<\/div>\n<\/div>\n<\/div>\n<\/div>\n<\/div>\n<\/div>\n<\/div>\n<\/div>\n<\/div>\n<\/div>\n<\/div>\n<\/div>\n<\/div>\n<\/div>\n<\/div>\n<\/div>\n<\/div>\n<\/div>\n<\/div>\n<\/div>\n<\/div>\n<\/div>\n<\/div>\n<\/div>\n<\/div>\n<\/div>\n<\/div>\n<\/div>\n<\/div>\n<\/div>\n<\/div>\n<\/div>\n<div style=\"text-align: left;\">\n<p>&nbsp;<\/p>\n<p><center><b>Sabato 30<\/b><\/center><b>Tempo atteso: <\/b>Nella notte cielo nuvoloso con residui fenomeni, specie sui settori orientali. Dal primo mattino nuvolosit\u00e0 in diradamento e rapido miglioramento del tempo che risulter\u00e0 in prevalenza soleggiato, salvo iniziali nubi basse in Valbelluna. Al pomeriggio modesta attivit\u00e0 cumuliforme a ridosso delle cime sulle Dolomiti, moderata sulle Prealpi, dove una lieve ripresa dell&#8217;instabilit\u00e0 non sar\u00e0 da escludere. Contesto pi\u00f9 fresco, ovunque all&#8217;alba, anche di giorno in alta quota.<br \/>\n<b>Precipitazioni: <\/b>Residui fenomeni nelle notte, specie sui settori orientali (30-50%), in esaurimento entro l&#8217;alba. In giornata generalmente assenti sulle Dolomiti (0-10%), mentre qualche rovescio o occasionale temporale pomeridiano potr\u00e0 verificarsi sulla fascia prealpina, prima di scivolare verso la pedemontana (20-40%).<br \/>\n<b>Temperature: <\/b>In generale lieve calo. Previste punte di 25\/26\u00b0C nelle conche prealpine e di 22\/24\u00b0C a 1000\/1200 m. Su Prealpi a 1500 m: min 12\u00b0C max 17\u00b0C, a 2000 m: min 10\u00b0C max 14\u00b0C. Su Dolomiti a 2000 m: min 9\u00b0C max 13\u00b0C, a 3000 m: min 2\u00b0C max 5\u00b0C.<br \/>\n<b>Venti: <\/b>Nelle valli deboli a regime di brezza, a tratti moderati durante le ore pi\u00f9 calde; non escluso qualche episodio di Foehn nelle prime ore in alcune valli dolomitiche. In quota deboli\/moderati da nord-ovest, 5-15 km\/h a 2000 m e 15-25 km\/h a 3000 m.<\/p>\n<hr \/>\n<p><center><b>Domenica 31<\/b><\/center><b>Tempo atteso: <\/b>Tempo stupendo, ben soleggiato con cielo sereno al mattino e sereno o poco nuvoloso per modesti cumuli a ridosso delle cime nelle ore pi\u00f9 calde. Non escluso che l&#8217;attivit\u00e0 cumuliforme possa essere localmente moderata sulle Prealpi a ridosso della pedemontana. Contesto termico di nuovo estivo, ma senza caldo eccessivo nei fondovalle.<br \/>\n<b>Precipitazioni: <\/b>Assenti (0%).<br \/>\n<b>Temperature: <\/b>Minime in generale calo e massime in leggera ripresa con apprezzabile escursione termica nelle valli. Su Prealpi a 1500 m: min 10\u00b0C max 19\u00b0C, a 2000 m: min 8\u00b0C max 15\u00b0C. Su Dolomiti a 2000 m: min 7\u00b0C max 16\u00b0C, a 3000 m: min 1\u00b0C max 5\u00b0C.<br \/>\n<b>Venti: <\/b>Nelle valli deboli a regime di brezza, a tratti moderati durante le ore pi\u00f9 calde; in quota deboli\/moderati da nord-ovest, a tratti anche tesi nottetempo e al primo sulle cime pi\u00f9 alte, a 5-15 km\/h a 2000 m e 15-40 km\/h a 3000 m.<\/p>\n<hr \/>\n<p><center><b>Lunedi 1<\/b><\/center>Tempo ben soleggiato con cielo sereno al mattino e sereno o poco nuvoloso per modesta attivit\u00e0 cumuliforme pomeridiana. Temperature in generale lieve aumento senza caldo eccessivo. Nelle valli venti perlopi\u00f9 deboli a regime di brezza, a tratti moderati durante le ore pi\u00f9 calde; in quota deboli\/moderati da nord nord-ovest.<\/p>\n<hr \/>\n<p><center><b>Martedi 2<\/b><\/center>Tempo ben soleggiato con cielo terso al mattino e sereno o poco nuvoloso per modesta attivit\u00e0 cumuliforme pomeridiana, localmente moderata. Temperature in ulteriore generale lieve aumento. Nelle valli venti perlopi\u00f9 deboli a regime di brezza, a tratti moderati durante le ore pi\u00f9 calde; in quota deboli\/moderati da nord-ovest.<\/p>\n<p>&nbsp;<\/p>\n<p>&nbsp;<\/p>\n<\/div>\n<hr \/>\n<p>&nbsp;<\/p>\n<p>&nbsp;<\/p>\n<p><a href=\"https:\/\/www.radiopiu.net\/wordpress\/giornale-radiopiu-26-settembre-2018-direttore-mirko-mezzacasa\/viabilita-2\/\" rel=\"attachment wp-att-61954\"><img loading=\"lazy\" decoding=\"async\" class=\"aligncenter wp-image-61954 size-full\" src=\"https:\/\/www.radiopiu.net\/wordpress\/wp-content\/uploads\/2018\/09\/viabilita.jpeg\" sizes=\"auto, (max-width: 800px) 100vw, 800px\" srcset=\"https:\/\/www.radiopiu.net\/wordpress\/wp-content\/uploads\/2018\/09\/viabilita.jpeg 800w, https:\/\/www.radiopiu.net\/wordpress\/wp-content\/uploads\/2018\/09\/viabilita-300x38.jpeg 300w, https:\/\/www.radiopiu.net\/wordpress\/wp-content\/uploads\/2018\/09\/viabilita-768x96.jpeg 768w\" alt=\"\" width=\"800\" height=\"100\" \/><\/a><\/p>\n<blockquote>\n<h3><\/h3>\n<h3>GALLERIA DI SEGUSINO CHIUSA PER 4 MESI<\/h3>\n<\/blockquote>\n<p><strong><a class=\"dt-pswp-item\" href=\"https:\/\/www.radiopiu.net\/wordpress\/wp-content\/uploads\/2020\/05\/VENETO-STRADE.png\" data-dt-img-description=\"\" data-large_image_width=\"400\" data-large_image_height=\"400\"><img loading=\"lazy\" decoding=\"async\" class=\" wp-image-135574 alignleft\" src=\"https:\/\/www.radiopiu.net\/wordpress\/wp-content\/uploads\/2020\/05\/VENETO-STRADE-150x150.png\" alt=\"\" width=\"102\" height=\"102\" srcset=\"https:\/\/www.radiopiu.net\/wordpress\/wp-content\/uploads\/2020\/05\/VENETO-STRADE-150x150.png 150w, https:\/\/www.radiopiu.net\/wordpress\/wp-content\/uploads\/2020\/05\/VENETO-STRADE-300x300.png 300w, https:\/\/www.radiopiu.net\/wordpress\/wp-content\/uploads\/2020\/05\/VENETO-STRADE.png 400w\" sizes=\"auto, (max-width: 102px) 100vw, 102px\" \/><\/a><\/strong><\/p>\n<p><strong>SEDICO<\/strong> Veneto Strade comunica che sulla SP 1 Bis &#8220;Madonna del Piave&#8221;, dal 12 luglio e fino al 4 novembre, compresi sabati domeniche e festivi infrasettimanali, un&#8217;interdizione totale al transito per l&#8217;intera tratta della galleria di Segusino in seguito a dei lavori per messa in sicurezza della condotta acquedottistica<\/p>\n<p>&nbsp;<\/p>\n<p>&nbsp;<\/p>\n<blockquote>\n<h3>MODIFICHE ALLA VIABILITA&#8217; A BELLUNO<\/h3>\n<\/blockquote>\n<p><strong>BELLUNO<\/strong> Per consentire lo svolgimento della 48^ Alpe del Nevegal,\u00a0 dalle\u00a0 7 alle\u00a0 18 di sabato 30 luglio e dalle ore 7 alle\u00a0 18.30 di domenica 31 luglio, e comunque fino al termine delle prove e della gara; istituzione del divieto di circolazione veicolare alla confluenza nella SP 31 \u201cdel Nevegal\u201d di via Caleipo, via S. Mamante, via Val di S. Mamante, via del Malvan e strada vicinale Hotel Pineta.<\/p>\n<p><strong>IN CENTRO 1\u00a0<\/strong><\/p>\n<p><span dir=\"ltr\" role=\"presentation\">Dal<\/span><span dir=\"ltr\" role=\"presentation\">le\u00a0 6 del 30 luglio alle 18 del 31 agosto <\/span>\u00a0<span dir=\"ltr\" role=\"presentation\">istituzione del divieto di sosta con rimozione forzata dei veicoli, in<\/span><br role=\"presentation\" \/><span dir=\"ltr\" role=\"presentation\">piazza Mazzini nell\u2019area antistante ai civici da 1 a 5; <\/span>\u00a0<span dir=\"ltr\" role=\"presentation\">istituzione del divieto di sosta con rimozione forzata dei veicoli, in <\/span><span dir=\"ltr\" role=\"presentation\">piazza Mazzini sui due stalli di sosta riservati ai veicoli per residenti <\/span><span dir=\"ltr\" role=\"presentation\">autorizzati<\/span><\/p>\n<p><strong>IN CENTRO 2\u00a0 <\/strong>dal 28 luglio al 5 agosto tra le\u00a0 7.30 e le\u00a0 17.30 istituzione del senso unico alternato\u00a0 in via Giovanni Favero, nei pressi del civico 23; \u2022 istituzione del divieto di sosta con rimozione forzata dei veicoli nel tratto di strada antistante al civico 23.<\/p>\n<p><strong>IN CENTRO<\/strong> <strong>3 <\/strong>Per consentire l\u2019esecuzione dei lavori di ripristino della pavimentazione stradale, si rendono necessarie le seguenti modifiche alla viabilita\u0300: istituzione del divieto di transito veicolare, in via Cipro nel tratto compreso tra Porta Dante e via Rialto, dalle ore 8.00 alle ore 18.00 nel periodo compreso tra il 1\u00b0 e il 5 agosto;<\/p>\n<p><strong>A LEVEGO<\/strong> Per consentire i lavori di completamento della rotatoria, si rendono necessarie le seguenti modifiche alla viabilita\u0300, nel centro abitato di Levego, nel periodo dal 1\u00b0 agosto al 15 settembre: istituzione del senso unico alternato di circolazione veicolare, regolato da impianto semaforico e, in caso di traffico particolarmente intenso, da idoneo personale, sulla Strada Provinciale 1 \u201cdella Sinistra Piave\u201d; istituzione del limite di velocita\u0300 di 30 km\/h, nonche\u0301 del divieto di sorpasso in corrispondenza dell\u2019area di cantiere.<\/p>\n<p>&nbsp;<\/p>\n<p>&nbsp;<\/p>\n<blockquote class=\"wp-embedded-content\" data-secret=\"Oo1kS5jBAw\"><p><a href=\"https:\/\/www.radiopiu.net\/wordpress\/viabilita\/\">viabilita<\/a><\/p><\/blockquote>\n<p><iframe loading=\"lazy\" class=\"wp-embedded-content\" sandbox=\"allow-scripts\" security=\"restricted\" style=\"position: absolute; clip: rect(1px, 1px, 1px, 1px);\" title=\"&#8220;viabilita&#8221; &#8212; Radio Pi\u00f9\" src=\"https:\/\/www.radiopiu.net\/wordpress\/viabilita\/embed\/#?secret=pWfXMExgT9#?secret=Oo1kS5jBAw\" data-secret=\"Oo1kS5jBAw\" width=\"600\" height=\"338\" frameborder=\"0\" marginwidth=\"0\" marginheight=\"0\" scrolling=\"no\"><\/iframe><\/p>\n<p>&nbsp;<\/p>\n<hr \/>\n<p>&nbsp;<\/p>\n<p>&nbsp;<\/p>\n<p><img loading=\"lazy\" decoding=\"async\" class=\"wp-image-60761 size-full aligncenter\" src=\"https:\/\/www.radiopiu.net\/wordpress\/wp-content\/uploads\/2018\/09\/sport.jpg\" alt=\"\" width=\"800\" height=\"100\" srcset=\"https:\/\/www.radiopiu.net\/wordpress\/wp-content\/uploads\/2018\/09\/sport.jpg 800w, https:\/\/www.radiopiu.net\/wordpress\/wp-content\/uploads\/2018\/09\/sport-300x38.jpg 300w, https:\/\/www.radiopiu.net\/wordpress\/wp-content\/uploads\/2018\/09\/sport-768x96.jpg 768w\" sizes=\"auto, (max-width: 800px) 100vw, 800px\" \/><\/p>\n<\/div>\n<\/div>\n<\/div>\n<div class=\"page-title-head hgroup\">\n<div class=\"page-title-head hgroup\">\n<p>&nbsp;<\/p>\n<p>&nbsp;<\/p>\n<\/div>\n<\/div>\n<div class=\"page-title-head hgroup\">\n<div class=\"page-title-head hgroup\">\n<div class=\"page-title-head hgroup\">\n<p><span style=\"color: #0000ff;\"><strong>CALCIO<\/strong><\/span><\/p>\n<blockquote>\n<h3>TEMPO DI SEMIFINALI PER IL CAMPIONATO AGORDINO DI CALCIO<\/h3>\n<\/blockquote>\n<p><strong><a class=\"dt-pswp-item\" href=\"https:\/\/www.radiopiu.net\/wordpress\/wp-content\/uploads\/2019\/01\/CALCIO-GOL.jpg\" data-dt-img-description=\"\" data-large_image_width=\"800\" data-large_image_height=\"400\"><img loading=\"lazy\" decoding=\"async\" class=\"size-thumbnail wp-image-73083 alignleft\" src=\"https:\/\/www.radiopiu.net\/wordpress\/wp-content\/uploads\/2019\/01\/CALCIO-GOL-150x150.jpg\" alt=\"\" width=\"150\" height=\"150\" \/><\/a>REDAZIONE <\/strong>Si giocano domani le semifinali del Campionato Agordino di calcio. Sul green di Vallada sono in programma le due partite che decreteranno le due squadre che domenica 7 agosto si giocheranno la finalissima a Gosaldo. Voltago , Gosaldo, Fodom e Caprile le quattro formazioni che si giocano il tutto per tutto questo fine settimana.<\/p>\n<p><strong>ALLE 15 GOSALDO \u2013 CAPRILE.<\/strong> I pluriscudettati del Gosaldo sono affamati di vittoria e non vogliono mancare la finalissima sul campo di casa. La squadra di Chiea ha passato il turno dopo la sonora vittoria contro il Canale. Ora si trover\u00e0 di fronte un Caprile che nelle ultime partite si \u00e8 dimostrato compatto e capace di sorprendere. Una partita combattuta che sar\u00e0 decisa da degli episodi con lo spauracchio che non termini nei tempi regolamentari.<\/p>\n<p><strong>ALLE 17:30 VOLTAGO \u2013 FODOM.<\/strong> I campioni in carica del Voltago sembrano essere i favoriti anche questa stagione. I ragazzi di De Zaiacomo arrivano all\u2019appuntamento con le semifinali senza aver mai perso una partita da inizio stagione. Un ruolino di marcia che sembra progredire anche se di fronte questa settimana si troveranno un Fodom agguerrito. Gli orsetti ce la metteranno tutta per conquistare una finale che ormai manca da troppo tempo, ma il Voltago \u00e8 una squadra unita che nei momenti decisivi sa giocare bene a calcio.<\/p>\n<p><em><strong>Radio Pi\u00f9 seguir\u00e0 le semifinali in diretta a partire dalle 15 con \u201cOttantesimo Minuto La Diretta\u201d.<\/strong><\/em><\/p>\n<p>&nbsp;<\/p>\n<h2><span style=\"color: #008000;\"><a class=\"dt-pswp-item\" href=\"https:\/\/www.radiopiu.net\/wordpress\/wp-content\/uploads\/2019\/01\/CALCIO-FALLO.jpeg\" data-dt-img-description=\"\" data-large_image_width=\"1600\" data-large_image_height=\"848\"><img loading=\"lazy\" decoding=\"async\" class=\" wp-image-71538 alignleft\" src=\"https:\/\/www.radiopiu.net\/wordpress\/wp-content\/uploads\/2019\/01\/CALCIO-FALLO-150x150.jpeg\" alt=\"\" width=\"74\" height=\"74\" \/><\/a>SPECIALE CAMPIONATO AGORDINO<\/span><\/h2>\n<p><strong>RIASCOLTA OTTANTESIMO MINUTO &#8211; SETTIMA PUNTATA<\/strong><\/p>\n<audio class=\"wp-audio-shortcode\" id=\"audio-289811-18\" preload=\"none\" style=\"width: 100%;\" controls=\"controls\"><source type=\"audio\/mpeg\" src=\"https:\/\/www.radiopiu.net\/wordpress\/wp-content\/uploads\/2022\/07\/80MIN-2.mp3?_=18\" \/><a href=\"https:\/\/www.radiopiu.net\/wordpress\/wp-content\/uploads\/2022\/07\/80MIN-2.mp3\">https:\/\/www.radiopiu.net\/wordpress\/wp-content\/uploads\/2022\/07\/80MIN-2.mp3<\/a><\/audio>\n<p>&nbsp;<\/p>\n<p><strong>RIASCOLTA CAMPIONATO AGORDINO SHOW &#8211; SETTIMA PUNTATA (LA SINTESI)<\/strong><\/p>\n<audio class=\"wp-audio-shortcode\" id=\"audio-289811-19\" preload=\"none\" style=\"width: 100%;\" controls=\"controls\"><source type=\"audio\/mpeg\" src=\"https:\/\/www.radiopiu.net\/wordpress\/wp-content\/uploads\/2022\/07\/AGOS-3.mp3?_=19\" \/><a href=\"https:\/\/www.radiopiu.net\/wordpress\/wp-content\/uploads\/2022\/07\/AGOS-3.mp3\">https:\/\/www.radiopiu.net\/wordpress\/wp-content\/uploads\/2022\/07\/AGOS-3.mp3<\/a><\/audio>\n<p>&nbsp;<\/p>\n<hr \/>\n<p>&nbsp;<\/p>\n<p><span style=\"color: #0000ff;\"><strong>MOTORI<\/strong><\/span><\/p>\n<blockquote>\n<h3>GIORNATA DI VERIFICHE SPORTIVE ALL&#8217;ALPE DEL NEVEGAL<\/h3>\n<\/blockquote>\n<p><strong>BELLUNO<\/strong><\/p>\n<p>di Roberto Bona<\/p>\n<audio class=\"wp-audio-shortcode\" id=\"audio-289811-20\" preload=\"none\" style=\"width: 100%;\" controls=\"controls\"><source type=\"audio\/mpeg\" src=\"https:\/\/www.radiopiu.net\/wordpress\/wp-content\/uploads\/2022\/07\/BONA-VERIFICHE-NEVEGAL.mp3?_=20\" \/><a href=\"https:\/\/www.radiopiu.net\/wordpress\/wp-content\/uploads\/2022\/07\/BONA-VERIFICHE-NEVEGAL.mp3\">https:\/\/www.radiopiu.net\/wordpress\/wp-content\/uploads\/2022\/07\/BONA-VERIFICHE-NEVEGAL.mp3<\/a><\/audio>\n<p>&nbsp;<\/p>\n<p><strong>LE INTERVISTE<\/strong><\/p>\n<div style=\"width: 1200px;\" class=\"wp-video\"><video class=\"wp-video-shortcode\" id=\"video-289811-3\" width=\"1200\" height=\"679\" preload=\"metadata\" controls=\"controls\"><source type=\"video\/mp4\" src=\"https:\/\/www.radiopiu.net\/wordpress\/wp-content\/uploads\/2022\/07\/NEVEGAL-INTERVISTE-BONA.mp4?_=3\" \/><a href=\"https:\/\/www.radiopiu.net\/wordpress\/wp-content\/uploads\/2022\/07\/NEVEGAL-INTERVISTE-BONA.mp4\">https:\/\/www.radiopiu.net\/wordpress\/wp-content\/uploads\/2022\/07\/NEVEGAL-INTERVISTE-BONA.mp4<\/a><\/video><\/div>\n<p>&nbsp;<\/p>\n<p><strong>LE FOTO DALLA NOGHERAZZA<\/strong><\/p>\n\n\t\t\t<style type='text\/css'>\n\t\t\t\t#gallery-6 {\n\t\t\t\t\tmargin: auto;\n\t\t\t\t}\n\t\t\t\t#gallery-6 .gallery-item {\n\t\t\t\t\tfloat: left;\n\t\t\t\t\tmargin-top: 10px;\n\t\t\t\t\ttext-align: center;\n\t\t\t\t\twidth: 25%;\n\t\t\t\t}\n\t\t\t\t#gallery-6 img {\n\t\t\t\t\tborder: 2px solid #cfcfcf;\n\t\t\t\t}\n\t\t\t\t#gallery-6 .gallery-caption {\n\t\t\t\t\tmargin-left: 0;\n\t\t\t\t}\n\t\t\t\t\/* see gallery_shortcode() in wp-includes\/media.php *\/\n\t\t\t<\/style>\n\t\t<div id='gallery-6' class='dt-gallery-container gallery galleryid-289811 gallery-columns-4 gallery-size-thumbnail'><dl class='gallery-item'>\n\t\t\t\t<dt class='gallery-icon landscape'>\n\t\t\t\t\t<a class=\"rollover rollover-zoom dt-pswp-item\" title=\"b0e9ee3b-d992-4d2a-8325-e5a4a79b3be3\" data-dt-img-description=\"\" data-large_image_width=\"1024\" data-large_image_height=\"768\"href='https:\/\/www.radiopiu.net\/wordpress\/wp-content\/uploads\/2022\/07\/b0e9ee3b-d992-4d2a-8325-e5a4a79b3be3.jpg'><img loading=\"lazy\" decoding=\"async\" width=\"150\" height=\"150\" src=\"https:\/\/www.radiopiu.net\/wordpress\/wp-content\/uploads\/2022\/07\/b0e9ee3b-d992-4d2a-8325-e5a4a79b3be3-150x150.jpg\" class=\"attachment-thumbnail size-thumbnail\" alt=\"\" \/><\/a>\n\t\t\t\t<\/dt><\/dl><dl class='gallery-item'>\n\t\t\t\t<dt class='gallery-icon landscape'>\n\t\t\t\t\t<a class=\"rollover rollover-zoom dt-pswp-item\" title=\"39c9af6f-8bd7-4b4a-bc14-8da57ed8562e\" data-dt-img-description=\"\" data-large_image_width=\"1024\" data-large_image_height=\"768\"href='https:\/\/www.radiopiu.net\/wordpress\/wp-content\/uploads\/2022\/07\/39c9af6f-8bd7-4b4a-bc14-8da57ed8562e.jpg'><img loading=\"lazy\" decoding=\"async\" width=\"150\" height=\"150\" src=\"https:\/\/www.radiopiu.net\/wordpress\/wp-content\/uploads\/2022\/07\/39c9af6f-8bd7-4b4a-bc14-8da57ed8562e-150x150.jpg\" class=\"attachment-thumbnail size-thumbnail\" alt=\"\" \/><\/a>\n\t\t\t\t<\/dt><\/dl><dl class='gallery-item'>\n\t\t\t\t<dt class='gallery-icon landscape'>\n\t\t\t\t\t<a class=\"rollover rollover-zoom dt-pswp-item\" title=\"6af8dc06-d46f-4407-ae9a-1aff12ed59bb\" data-dt-img-description=\"\" data-large_image_width=\"1024\" data-large_image_height=\"768\"href='https:\/\/www.radiopiu.net\/wordpress\/wp-content\/uploads\/2022\/07\/6af8dc06-d46f-4407-ae9a-1aff12ed59bb.jpg'><img loading=\"lazy\" decoding=\"async\" width=\"150\" height=\"150\" src=\"https:\/\/www.radiopiu.net\/wordpress\/wp-content\/uploads\/2022\/07\/6af8dc06-d46f-4407-ae9a-1aff12ed59bb-150x150.jpg\" class=\"attachment-thumbnail size-thumbnail\" alt=\"\" \/><\/a>\n\t\t\t\t<\/dt><\/dl><dl class='gallery-item'>\n\t\t\t\t<dt class='gallery-icon landscape'>\n\t\t\t\t\t<a class=\"rollover rollover-zoom dt-pswp-item\" title=\"0bafd482-1db3-4547-b2bb-4e1692ff990e\" data-dt-img-description=\"\" data-large_image_width=\"1024\" data-large_image_height=\"768\"href='https:\/\/www.radiopiu.net\/wordpress\/wp-content\/uploads\/2022\/07\/0bafd482-1db3-4547-b2bb-4e1692ff990e.jpg'><img loading=\"lazy\" decoding=\"async\" width=\"150\" height=\"150\" src=\"https:\/\/www.radiopiu.net\/wordpress\/wp-content\/uploads\/2022\/07\/0bafd482-1db3-4547-b2bb-4e1692ff990e-150x150.jpg\" class=\"attachment-thumbnail size-thumbnail\" alt=\"\" \/><\/a>\n\t\t\t\t<\/dt><\/dl><br style=\"clear: both\" \/>\n\t\t\t<\/div>\n\n<p>&nbsp;<\/p>\n<\/div>\n<\/div>\n<\/div>\n<\/div>\n<\/div>\n<\/div>\n<\/div>\n<\/div>\n<\/div>\n<\/div>\n<\/div>\n<\/div>\n<\/div>\n<\/div>\n<\/div>\n<\/div>\n<\/div>\n<\/div>\n<\/div>\n<\/div>\n<\/div>\n<\/div>\n<\/div>\n<\/div>\n<\/div>\n<\/div>\n<\/div>\n<\/div>\n<\/div>\n<\/div>\n<\/div>\n<\/div>\n<\/div>\n<\/div>\n<\/div>\n<\/div>\n<\/div>\n<\/div>\n<\/div>\n<\/div>\n<\/div>\n<\/div>\n<\/div>\n<\/div>\n<\/div>\n<\/div>\n<\/div>\n<\/div>\n<\/div>\n<\/div>\n<\/div>\n<\/div>\n<\/div>\n<\/div>\n<\/div>\n<\/div>\n<\/div>\n<\/div>\n<\/div>\n<\/div>\n<\/div>\n<\/div>\n<\/div>\n<\/div>\n<\/div>\n<\/div>\n<\/div>\n<\/div>\n<\/div>\n<\/div>\n<\/div>\n<\/div>\n<\/div>\n<\/div>\n<\/div>\n<\/div>\n<\/div>\n<\/div>\n<\/div>\n<\/div>\n<\/div>\n<\/div>\n<\/div>\n<\/div>\n<\/div>\n<\/div>\n<\/div>\n<\/div>\n<\/div>\n<\/div>\n<\/div>\n<\/div>\n<\/div>\n<\/div>\n<\/div>\n<\/div>\n<\/div>\n<\/div>\n<\/div>\n<\/div>\n<\/div>\n<\/div>\n<\/div>\n<\/div>\n","protected":false},"excerpt":{"rendered":"<p>RADIO PIU INFORMAZIONE il canale su TELEGRAM informazione di prima\u00a0 mano e in tempo reale. iscriviti ed aiutaci a farlo conoscere\u00a0 \u00a0 &nbsp; &nbsp; &nbsp; ACQUA NON POTABILE A MOE&#8217; DI LASTE DI ROCCA PIETORE ROCCA PIETORE Gestione Servizi Pubblici informa che a ROCCA PIETORE in localit\u00e0 MOE\u2019 DI LASTE l&#8217;acqua erogata dall&#8217;acquedotto non \u00e8&hellip;<\/p>\n","protected":false},"author":4,"featured_media":289997,"comment_status":"closed","ping_status":"closed","sticky":false,"template":"","format":"standard","meta":{"_monsterinsights_skip_tracking":false,"_monsterinsights_sitenote_active":false,"_monsterinsights_sitenote_note":"","_monsterinsights_sitenote_category":0,"footnotes":""},"categories":[104,86,49],"tags":[],"class_list":["post-289811","post","type-post","status-publish","format-standard","has-post-thumbnail","hentry","category-evidenza_3","category-gr","category-news-18","category-104","category-86","category-49","description-off"],"img_url":"https:\/\/www.radiopiu.net\/wordpress\/wp-content\/uploads\/2022\/07\/aaa-14.jpg","_links":{"self":[{"href":"https:\/\/www.radiopiu.net\/wordpress\/wp-json\/wp\/v2\/posts\/289811","targetHints":{"allow":["GET"]}}],"collection":[{"href":"https:\/\/www.radiopiu.net\/wordpress\/wp-json\/wp\/v2\/posts"}],"about":[{"href":"https:\/\/www.radiopiu.net\/wordpress\/wp-json\/wp\/v2\/types\/post"}],"author":[{"embeddable":true,"href":"https:\/\/www.radiopiu.net\/wordpress\/wp-json\/wp\/v2\/users\/4"}],"replies":[{"embeddable":true,"href":"https:\/\/www.radiopiu.net\/wordpress\/wp-json\/wp\/v2\/comments?post=289811"}],"version-history":[{"count":0,"href":"https:\/\/www.radiopiu.net\/wordpress\/wp-json\/wp\/v2\/posts\/289811\/revisions"}],"wp:featuredmedia":[{"embeddable":true,"href":"https:\/\/www.radiopiu.net\/wordpress\/wp-json\/wp\/v2\/media\/289997"}],"wp:attachment":[{"href":"https:\/\/www.radiopiu.net\/wordpress\/wp-json\/wp\/v2\/media?parent=289811"}],"wp:term":[{"taxonomy":"category","embeddable":true,"href":"https:\/\/www.radiopiu.net\/wordpress\/wp-json\/wp\/v2\/categories?post=289811"},{"taxonomy":"post_tag","embeddable":true,"href":"https:\/\/www.radiopiu.net\/wordpress\/wp-json\/wp\/v2\/tags?post=289811"}],"curies":[{"name":"wp","href":"https:\/\/api.w.org\/{rel}","templated":true}]}}