{"id":289834,"date":"2022-07-29T05:26:29","date_gmt":"2022-07-29T03:26:29","guid":{"rendered":"https:\/\/www.radiopiu.net\/wordpress\/?p=289834"},"modified":"2022-07-29T08:29:15","modified_gmt":"2022-07-29T06:29:15","slug":"arrestato-il-19enne-della-costa-davorio-che-ha-accoltellato-un-17enne-bellunese","status":"publish","type":"post","link":"https:\/\/www.radiopiu.net\/wordpress\/arrestato-il-19enne-della-costa-davorio-che-ha-accoltellato-un-17enne-bellunese\/","title":{"rendered":"ARRESTATO IL 19ENNE DELLA COSTA D&#8217;AVORIO CHE HA ACCOLTELLATO UN 17ENNE BELLUNESE"},"content":{"rendered":"<p><strong><img loading=\"lazy\" decoding=\"async\" class=\"alignleft\" src=\"https:\/\/www.radiopiu.net\/wordpress\/wp-content\/uploads\/2022\/07\/aaa.png\" width=\"262\" height=\"165\" \/>JESOLO<\/strong> Preoccupazione sul litorale per gli ultimi fatti, ovvero la sparatoria dell&#8217;altra sera in pieno centro tra i turisti, le forze di polizia sono alla ricerca\u00a0 dell&#8217;uomo che ha premuto il grilletto. Il Presidente della Regione, Luca Zaia \u00e8 pronto a chiedere l&#8217;intervento dell&#8217;esercito ma non vuole ammettere che Jesolo sia una citt\u00e0 a rischio per residenti e turisti<em> &#8220;Mi rifiuto di pensare che l&#8217;immagine di una qualsiasi localit\u00e0 veneta possa essere omologata al Far West&#8221;.\u00a0<\/em>Il Governatore chiede comunque venga usato il pugno di ferro e tolleranza zero. Non si tratta di un episodio isolato, nei primi giorni di luglio infatti un giovane bellunese di 17 anni \u00e8 stato colpito ripetutamente con 6 coltellate alla schiena, una gli ha trafitto il polmone. Gli agenti della squadra mobile di Venezia hanno arrestato Isamel Dah, 19 anni residente nel trevigiano ma originario della Costa d&#8217;Avorio associato alle carceri veneziane con la pesante accusa di tentato omicidio. Questo il risultato dell&#8217;ennesima rissa in piazza Mazzini, all&#8217;una del mattino durante la movida del fine settimana.Il giovane ivoriano \u00e8 stato sentito durante l&#8217;interrogatorio di garanzia, e si \u00e8 avvalso della facolt\u00e0 di non rispondere mentre il suo avvocato ha chiesto gli arresti domiciliari.<\/p>\n<p>&nbsp;<\/p>\n<p>___<\/p>\n<p>&nbsp;<\/p>\n","protected":false},"excerpt":{"rendered":"<p>JESOLO Preoccupazione sul litorale per gli ultimi fatti, ovvero la sparatoria dell&#8217;altra sera in pieno centro tra i turisti, le forze di polizia sono alla ricerca\u00a0 dell&#8217;uomo che ha premuto il grilletto. Il Presidente della Regione, Luca Zaia \u00e8 pronto a chiedere l&#8217;intervento dell&#8217;esercito ma non vuole ammettere che Jesolo sia una citt\u00e0 a rischio&hellip;<\/p>\n","protected":false},"author":4,"featured_media":289835,"comment_status":"closed","ping_status":"closed","sticky":false,"template":"","format":"standard","meta":{"_monsterinsights_skip_tracking":false,"_monsterinsights_sitenote_active":false,"_monsterinsights_sitenote_note":"","_monsterinsights_sitenote_category":0,"footnotes":""},"categories":[51,49],"tags":[],"class_list":["post-289834","post","type-post","status-publish","format-standard","has-post-thumbnail","hentry","category-evidenza-top","category-news-18","category-51","category-49","description-off"],"img_url":"https:\/\/www.radiopiu.net\/wordpress\/wp-content\/uploads\/2022\/07\/aaa.png","_links":{"self":[{"href":"https:\/\/www.radiopiu.net\/wordpress\/wp-json\/wp\/v2\/posts\/289834","targetHints":{"allow":["GET"]}}],"collection":[{"href":"https:\/\/www.radiopiu.net\/wordpress\/wp-json\/wp\/v2\/posts"}],"about":[{"href":"https:\/\/www.radiopiu.net\/wordpress\/wp-json\/wp\/v2\/types\/post"}],"author":[{"embeddable":true,"href":"https:\/\/www.radiopiu.net\/wordpress\/wp-json\/wp\/v2\/users\/4"}],"replies":[{"embeddable":true,"href":"https:\/\/www.radiopiu.net\/wordpress\/wp-json\/wp\/v2\/comments?post=289834"}],"version-history":[{"count":0,"href":"https:\/\/www.radiopiu.net\/wordpress\/wp-json\/wp\/v2\/posts\/289834\/revisions"}],"wp:featuredmedia":[{"embeddable":true,"href":"https:\/\/www.radiopiu.net\/wordpress\/wp-json\/wp\/v2\/media\/289835"}],"wp:attachment":[{"href":"https:\/\/www.radiopiu.net\/wordpress\/wp-json\/wp\/v2\/media?parent=289834"}],"wp:term":[{"taxonomy":"category","embeddable":true,"href":"https:\/\/www.radiopiu.net\/wordpress\/wp-json\/wp\/v2\/categories?post=289834"},{"taxonomy":"post_tag","embeddable":true,"href":"https:\/\/www.radiopiu.net\/wordpress\/wp-json\/wp\/v2\/tags?post=289834"}],"curies":[{"name":"wp","href":"https:\/\/api.w.org\/{rel}","templated":true}]}}