{"id":289861,"date":"2022-07-29T08:36:03","date_gmt":"2022-07-29T06:36:03","guid":{"rendered":"https:\/\/www.radiopiu.net\/wordpress\/?p=289861"},"modified":"2022-07-29T08:43:10","modified_gmt":"2022-07-29T06:43:10","slug":"essilorluxottica-fatturato-in-solida-crescita-e-forte-espansione-dei-margini","status":"publish","type":"post","link":"https:\/\/www.radiopiu.net\/wordpress\/essilorluxottica-fatturato-in-solida-crescita-e-forte-espansione-dei-margini\/","title":{"rendered":"ESSILORLUXOTTICA: FATTURATO IN SOLIDA CRESCITA E FORTE ESPANSIONE DEI MARGINI"},"content":{"rendered":"<p>&nbsp;<\/p>\n<blockquote>\n<h3>FATTURATO\u00a0 14,7% UTILE LORDO 15,3% UTILE OPERATIVO 21,4% UTILE NETTO DI GRUPPO 25,8%<\/h3>\n<\/blockquote>\n<p><strong><img loading=\"lazy\" decoding=\"async\" class=\"alignleft\" src=\"https:\/\/www.radiopiu.net\/wordpress\/wp-content\/uploads\/2020\/09\/ESSILOR-GRANDVISION-300x300.jpg\" width=\"206\" height=\"206\" \/>AGORDO<\/strong> Il Consiglio di Amministrazione di EssilorLuxottica si \u00e8 riunito il 28 luglio 2022 per approvare il bilancio consolidato semestrale abbreviato chiusosi il 30 giugno 2022. Le societ\u00e0 di revisione hanno sottoposto il documento a una revisione limitata, la loro relazione \u00e8 in corso di emissione.\u00a0 Francesco Milleri, Presidente e Amministratore Delegato, e Paul du Saillant, Vice Amministratore Delegato di EssilorLuxottica, hanno commentato: <em>\u201cChiudiamo la prima met\u00e0 del 2022 in modo particolarmente positivo, con una solida crescita in tutte le aree geografiche e un sostanziale aumento del margine operativo. La nostra performance, in un contesto macroeconomico difficile, riflette la forza del modello di azienda a rete aperta, la volont\u00e0 di esplorare nuovi orizzonti in ambito di innovazione, nonch\u00e9 le capacit\u00e0 e l&#8217;energia delle nostre persone. Questo va a beneficio di tutti gli stakeholder, a cominciare dai nostri clienti. Allo stesso tempo, abbiamo aperto la strada a una crescita di lungo periodo, sostenuta da importanti progetti e partnership, e dall&#8217;integrazione di GrandVision, che sta gi\u00e0 portando diversi benefici. Abbiamo lanciato la OneSight EssilorLuxottica Foundation per massimizzare il nostro impatto sociale, un passo importante per raggiungere l\u2019obiettivo di risolvere i problemi della vista nel mondo in una generazione. Guardando al futuro, continueremo a portare avanti la visione del nostro Presidente Leonardo Del Vecchio, la cui leadership e i cui valori rimangono un&#8217;ispirazione per tutti noi\u201d.\u00a0<\/em><\/p>\n<p>&nbsp;<\/p>\n<p>&nbsp;<\/p>\n<p>::<\/p>\n","protected":false},"excerpt":{"rendered":"<p>&nbsp; FATTURATO\u00a0 14,7% UTILE LORDO 15,3% UTILE OPERATIVO 21,4% UTILE NETTO DI GRUPPO 25,8% AGORDO Il Consiglio di Amministrazione di EssilorLuxottica si \u00e8 riunito il 28 luglio 2022 per approvare il bilancio consolidato semestrale abbreviato chiusosi il 30 giugno 2022. Le societ\u00e0 di revisione hanno sottoposto il documento a una revisione limitata, la loro relazione&hellip;<\/p>\n","protected":false},"author":4,"featured_media":159137,"comment_status":"closed","ping_status":"closed","sticky":false,"template":"","format":"standard","meta":{"_monsterinsights_skip_tracking":false,"_monsterinsights_sitenote_active":false,"_monsterinsights_sitenote_note":"","_monsterinsights_sitenote_category":0,"footnotes":""},"categories":[51,49],"tags":[],"class_list":["post-289861","post","type-post","status-publish","format-standard","has-post-thumbnail","hentry","category-evidenza-top","category-news-18","category-51","category-49","description-off"],"img_url":"https:\/\/www.radiopiu.net\/wordpress\/wp-content\/uploads\/2020\/09\/ESSILOR-GRANDVISION.jpg","_links":{"self":[{"href":"https:\/\/www.radiopiu.net\/wordpress\/wp-json\/wp\/v2\/posts\/289861","targetHints":{"allow":["GET"]}}],"collection":[{"href":"https:\/\/www.radiopiu.net\/wordpress\/wp-json\/wp\/v2\/posts"}],"about":[{"href":"https:\/\/www.radiopiu.net\/wordpress\/wp-json\/wp\/v2\/types\/post"}],"author":[{"embeddable":true,"href":"https:\/\/www.radiopiu.net\/wordpress\/wp-json\/wp\/v2\/users\/4"}],"replies":[{"embeddable":true,"href":"https:\/\/www.radiopiu.net\/wordpress\/wp-json\/wp\/v2\/comments?post=289861"}],"version-history":[{"count":0,"href":"https:\/\/www.radiopiu.net\/wordpress\/wp-json\/wp\/v2\/posts\/289861\/revisions"}],"wp:featuredmedia":[{"embeddable":true,"href":"https:\/\/www.radiopiu.net\/wordpress\/wp-json\/wp\/v2\/media\/159137"}],"wp:attachment":[{"href":"https:\/\/www.radiopiu.net\/wordpress\/wp-json\/wp\/v2\/media?parent=289861"}],"wp:term":[{"taxonomy":"category","embeddable":true,"href":"https:\/\/www.radiopiu.net\/wordpress\/wp-json\/wp\/v2\/categories?post=289861"},{"taxonomy":"post_tag","embeddable":true,"href":"https:\/\/www.radiopiu.net\/wordpress\/wp-json\/wp\/v2\/tags?post=289861"}],"curies":[{"name":"wp","href":"https:\/\/api.w.org\/{rel}","templated":true}]}}