{"id":289886,"date":"2022-07-29T14:19:28","date_gmt":"2022-07-29T12:19:28","guid":{"rendered":"https:\/\/www.radiopiu.net\/wordpress\/?p=289886"},"modified":"2022-07-29T14:19:55","modified_gmt":"2022-07-29T12:19:55","slug":"territori-locali-protagonisti-nella-programmazione-regionale","status":"publish","type":"post","link":"https:\/\/www.radiopiu.net\/wordpress\/territori-locali-protagonisti-nella-programmazione-regionale\/","title":{"rendered":"TERRITORI LOCALI PROTAGONISTI NELLA PROGRAMMAZIONE REGIONALE"},"content":{"rendered":"<blockquote><p><em>Nasce un unico grande soggetto delle Prealpi Bellunesi. In Alpago l\u2019incontro di oltre 50 rappresentanti di comuni, enti locali, associazioni di categoria, mondo sindacale e soggetti del Terzo Settore.<\/em><\/p><\/blockquote>\n<p><strong> <img loading=\"lazy\" decoding=\"async\" class=\"alignleft\" src=\"https:\/\/www.radiopiu.net\/wordpress\/wp-content\/uploads\/2022\/07\/974cf484-7891-48d4-9988-971696c9c6c2.jpg\" width=\"338\" height=\"149\" \/>ALPAGO<\/strong> E&#8217; una pietra importante quella posata idealmente nella sede della Lega Nautica Italiana Belluno, sulle sponde del Lago di S. Croce, lungo il percorso che porter\u00e0 alla nascita di un unico grande soggetto territoriale per la programmazione decentrata nell\u2019area delle Prealpi Bellunesi. Qui si sono infatti ritrovati i membri dell\u2019IPA (Intesa Programmatica d\u2019Area) per l\u2019assemblea che ha dato il \u201cvia libera\u201d al percorso di trasformazione che porter\u00e0 il soggetto al suo pieno riconoscimento giuridico e all\u2019unificazione in seno al GAL \u201cPrealpi e Dolomiti\u201d. Secondo la road map gi\u00e0 stilata, entro l\u2019autunno sar\u00e0 approvato il documento di programmazione unico che sancir\u00e0 cos\u00ec la nascita del nuovo soggetto e la sua piena operativit\u00e0. Sono chiamati a prendervi parte in maniera attiva oltre una cinquantina di Soggetti del territorio che va dal Feltrino, lungo la Valbelluna, sino all\u2019Alpago: dai Comuni alle Unioni Montane, dalle Associazioni economiche di Categoria alle Organizzazioni Sindacali, ai rappresentanti del Mondo Sociale e del Volontariato. L\u2019obiettivo \u00e8 creare una \u201ccasa comune\u201d in cui tutti potranno avere un ruolo primario, ma coordinato, nella stesura di analisi, proposte e progetti da inviare agli organismi regionali di programmazione per far valere le istanze del territorio.<\/p>\n<p><strong>IL PRESIDENTE DELLA PROVINCIA ROBERTO PADRIN\u00a0<\/strong><\/p>\n<audio class=\"wp-audio-shortcode\" id=\"audio-289886-1\" preload=\"none\" style=\"width: 100%;\" controls=\"controls\"><source type=\"audio\/mpeg\" src=\"https:\/\/www.radiopiu.net\/wordpress\/wp-content\/uploads\/2022\/07\/padrin.mp3?_=1\" \/><a href=\"https:\/\/www.radiopiu.net\/wordpress\/wp-content\/uploads\/2022\/07\/padrin.mp3\">https:\/\/www.radiopiu.net\/wordpress\/wp-content\/uploads\/2022\/07\/padrin.mp3<\/a><\/audio>\n<p><strong>IL PRESIDENTE DEL GAL PREALPI DOLOMITI ALBERTO PETERLE<\/strong><\/p>\n<audio class=\"wp-audio-shortcode\" id=\"audio-289886-2\" preload=\"none\" style=\"width: 100%;\" controls=\"controls\"><source type=\"audio\/mpeg\" src=\"https:\/\/www.radiopiu.net\/wordpress\/wp-content\/uploads\/2022\/07\/peterle.mp3?_=2\" \/><a href=\"https:\/\/www.radiopiu.net\/wordpress\/wp-content\/uploads\/2022\/07\/peterle.mp3\">https:\/\/www.radiopiu.net\/wordpress\/wp-content\/uploads\/2022\/07\/peterle.mp3<\/a><\/audio>\n<p><strong>IL PRESIDENTE IPA PREALPI BELLUNESI STEFANO DEON<\/strong><\/p>\n<audio class=\"wp-audio-shortcode\" id=\"audio-289886-3\" preload=\"none\" style=\"width: 100%;\" controls=\"controls\"><source type=\"audio\/mpeg\" src=\"https:\/\/www.radiopiu.net\/wordpress\/wp-content\/uploads\/2022\/07\/ilterzo.mp3?_=3\" \/><a href=\"https:\/\/www.radiopiu.net\/wordpress\/wp-content\/uploads\/2022\/07\/ilterzo.mp3\">https:\/\/www.radiopiu.net\/wordpress\/wp-content\/uploads\/2022\/07\/ilterzo.mp3<\/a><\/audio>\n<p>&nbsp;<\/p>\n<hr \/>\n<p>&nbsp;<\/p>\n","protected":false},"excerpt":{"rendered":"<p>Nasce un unico grande soggetto delle Prealpi Bellunesi. In Alpago l\u2019incontro di oltre 50 rappresentanti di comuni, enti locali, associazioni di categoria, mondo sindacale e soggetti del Terzo Settore. ALPAGO E&#8217; una pietra importante quella posata idealmente nella sede della Lega Nautica Italiana Belluno, sulle sponde del Lago di S. Croce, lungo il percorso che&hellip;<\/p>\n","protected":false},"author":4,"featured_media":289887,"comment_status":"closed","ping_status":"closed","sticky":false,"template":"","format":"standard","meta":{"_monsterinsights_skip_tracking":false,"_monsterinsights_sitenote_active":false,"_monsterinsights_sitenote_note":"","_monsterinsights_sitenote_category":0,"footnotes":""},"categories":[51,49],"tags":[],"class_list":["post-289886","post","type-post","status-publish","format-standard","has-post-thumbnail","hentry","category-evidenza-top","category-news-18","category-51","category-49","description-off"],"img_url":"https:\/\/www.radiopiu.net\/wordpress\/wp-content\/uploads\/2022\/07\/974cf484-7891-48d4-9988-971696c9c6c2.jpg","_links":{"self":[{"href":"https:\/\/www.radiopiu.net\/wordpress\/wp-json\/wp\/v2\/posts\/289886","targetHints":{"allow":["GET"]}}],"collection":[{"href":"https:\/\/www.radiopiu.net\/wordpress\/wp-json\/wp\/v2\/posts"}],"about":[{"href":"https:\/\/www.radiopiu.net\/wordpress\/wp-json\/wp\/v2\/types\/post"}],"author":[{"embeddable":true,"href":"https:\/\/www.radiopiu.net\/wordpress\/wp-json\/wp\/v2\/users\/4"}],"replies":[{"embeddable":true,"href":"https:\/\/www.radiopiu.net\/wordpress\/wp-json\/wp\/v2\/comments?post=289886"}],"version-history":[{"count":0,"href":"https:\/\/www.radiopiu.net\/wordpress\/wp-json\/wp\/v2\/posts\/289886\/revisions"}],"wp:featuredmedia":[{"embeddable":true,"href":"https:\/\/www.radiopiu.net\/wordpress\/wp-json\/wp\/v2\/media\/289887"}],"wp:attachment":[{"href":"https:\/\/www.radiopiu.net\/wordpress\/wp-json\/wp\/v2\/media?parent=289886"}],"wp:term":[{"taxonomy":"category","embeddable":true,"href":"https:\/\/www.radiopiu.net\/wordpress\/wp-json\/wp\/v2\/categories?post=289886"},{"taxonomy":"post_tag","embeddable":true,"href":"https:\/\/www.radiopiu.net\/wordpress\/wp-json\/wp\/v2\/tags?post=289886"}],"curies":[{"name":"wp","href":"https:\/\/api.w.org\/{rel}","templated":true}]}}