{"id":289906,"date":"2022-07-29T14:47:48","date_gmt":"2022-07-29T12:47:48","guid":{"rendered":"https:\/\/www.radiopiu.net\/wordpress\/?p=289906"},"modified":"2022-07-29T14:47:48","modified_gmt":"2022-07-29T12:47:48","slug":"risparmio-energetico-via-libera-al-piano-di-pubblica-illuminazione","status":"publish","type":"post","link":"https:\/\/www.radiopiu.net\/wordpress\/risparmio-energetico-via-libera-al-piano-di-pubblica-illuminazione\/","title":{"rendered":"RISPARMIO ENERGETICO, VIA LIBERA AL PIANO DI PUBBLICA ILLUMINAZIONE"},"content":{"rendered":"<blockquote>\n<h3><\/h3>\n<\/blockquote>\n<p><strong><a class=\"dt-pswp-item\" href=\"https:\/\/www.radiopiu.net\/wordpress\/wp-content\/uploads\/2022\/07\/Pubblica_illuminazione-scaled.jpg\" data-dt-img-description=\"\" data-large_image_width=\"1920\" data-large_image_height=\"2560\"><img loading=\"lazy\" decoding=\"async\" class=\"size-thumbnail wp-image-289903 alignleft\" src=\"https:\/\/www.radiopiu.net\/wordpress\/wp-content\/uploads\/2022\/07\/Pubblica_illuminazione-150x150.jpg\" alt=\"\" width=\"150\" height=\"150\" \/><\/a>PONTE NELLE ALPI\u00a0<\/strong> Approvati e finanziati gli interventi di efficientamento energetico di pubblica illuminazione. L\u2019opera di riqualificazione scatter\u00e0 il prossimo autunno. Sar\u00e0 interessato il triennio 2022-23-24 con un primo e secondo stralcio di quest\u2019anno pari a 160mila euro.<span class=\"gmail-Apple-converted-space\"> I<\/span>ndividuate come aree prioritarie di intervento la porzione compresa tra le frazioni di Col di Cugnan, Roncan, Vich, Losego e &#8211; nel secondo stralcio &#8211; i paesi di Lastreghe e Cal de Rai (Paiane).<span class=\"gmail-Apple-converted-space\"> \u00a0<\/span>Il piano di manutenzione \u00e8 finalizzato a sostituire l\u2019attuale categoria illuminotecnica con una di nuova generazione che, oltre al risparmio energetico, offrir\u00e0 pi\u00f9 luce. L\u2019opera \u00e8 frutto di un lavoro sinergico tra assessorato al territorio, all\u2019ambiente e al bilancio, mentre gli interventi sono stati presentati stamattina in sala consiliare agli enti e alle categorie interessate.<\/p>\n<p>&nbsp;<\/p>\n<p><span style=\"color: #ff0000;\"><strong>IERI ALLA RADIO\u00a0\u00a0<\/strong><\/span><\/p>\n<blockquote><p><strong>DILLO A RADIO PIU&#8230;SPRECHI, QUANDO L&#8217;OVVIO NON VIENE PRESO IN CONSIDERAZIONE<\/strong><\/p><\/blockquote>\n<p><strong>di\u00a0 Claudio Pra<\/strong><\/p>\n<p><img loading=\"lazy\" decoding=\"async\" class=\"alignleft\" src=\"https:\/\/www.radiopiu.net\/wordpress\/wp-content\/uploads\/2022\/07\/98a1e8b3-e121-4d71-b9d0-825ada6e4bbd.jpg\" width=\"265\" height=\"199\" \/>La crisi energetica dovuta alla guerra in Ucraina e alle tante speculazioni si ripercuote su tutti noi. Tocca risparmiare, ci dicono, se non si vogliono bollette salatissime che comunque presentano come minimo un raddoppio anche in condizioni normali. Pure i Comuni si lamentano e in molti casi ho sentito avanzare ipotesi di riduzione dell&#8217;illuminazione pubblica. Alleluia! Lo spreco in questo settore \u00e8 palese e da anni gli astrofili lo rimarcano. Il led sembra la panacea di tutti i mali ma non \u00e8 cos\u00ec, sempre di spreco si tratta. A cosa serve illuminare inutilmente ed eccessivamente per tutta la notte luoghi che francamente non ne hanno bisogno? Mi viene in mente la passeggiata Alleghe-Caprile. Ok, va bene magari fino alle 23.00, ma poi chi ci passa in piena notte? Ma gli esempi sono infiniti, con chiese, monumenti, edifici, strade secondarie ecc. inondate inutilmente di luce dall&#8217;alba al tramonto. Non \u00e8 spreco questo? Spegnimenti programmati e fotocellule sarebbero una logica soluzione ma si sa, a volte l&#8217;ovvio non viene preso in considerazione. Si \u00e8 poi mai pensato che un vero cielo stellato, senza il bombardamento di luci, \u00e8 un attrattiva turistica proposta a chi le stelle non sa pi\u00f9 cosa siano? Sostenibilit\u00e0, parola magica ma spesso vuota. Darle un significato vuol dire mettere mano anche a questi sprechi, led o non led.<\/p>\n<p>&nbsp;<\/p>\n<hr \/>\n<p>&nbsp;<\/p>\n","protected":false},"excerpt":{"rendered":"<p>PONTE NELLE ALPI\u00a0 Approvati e finanziati gli interventi di efficientamento energetico di pubblica illuminazione. L\u2019opera di riqualificazione scatter\u00e0 il prossimo autunno. Sar\u00e0 interessato il triennio 2022-23-24 con un primo e secondo stralcio di quest\u2019anno pari a 160mila euro. Individuate come aree prioritarie di intervento la porzione compresa tra le frazioni di Col di Cugnan, Roncan,&hellip;<\/p>\n","protected":false},"author":4,"featured_media":289903,"comment_status":"closed","ping_status":"closed","sticky":false,"template":"","format":"standard","meta":{"_monsterinsights_skip_tracking":false,"_monsterinsights_sitenote_active":false,"_monsterinsights_sitenote_note":"","_monsterinsights_sitenote_category":0,"footnotes":""},"categories":[49],"tags":[],"class_list":["post-289906","post","type-post","status-publish","format-standard","has-post-thumbnail","hentry","category-news-18","category-49","description-off"],"img_url":"https:\/\/www.radiopiu.net\/wordpress\/wp-content\/uploads\/2022\/07\/Pubblica_illuminazione-scaled.jpg","_links":{"self":[{"href":"https:\/\/www.radiopiu.net\/wordpress\/wp-json\/wp\/v2\/posts\/289906","targetHints":{"allow":["GET"]}}],"collection":[{"href":"https:\/\/www.radiopiu.net\/wordpress\/wp-json\/wp\/v2\/posts"}],"about":[{"href":"https:\/\/www.radiopiu.net\/wordpress\/wp-json\/wp\/v2\/types\/post"}],"author":[{"embeddable":true,"href":"https:\/\/www.radiopiu.net\/wordpress\/wp-json\/wp\/v2\/users\/4"}],"replies":[{"embeddable":true,"href":"https:\/\/www.radiopiu.net\/wordpress\/wp-json\/wp\/v2\/comments?post=289906"}],"version-history":[{"count":0,"href":"https:\/\/www.radiopiu.net\/wordpress\/wp-json\/wp\/v2\/posts\/289906\/revisions"}],"wp:featuredmedia":[{"embeddable":true,"href":"https:\/\/www.radiopiu.net\/wordpress\/wp-json\/wp\/v2\/media\/289903"}],"wp:attachment":[{"href":"https:\/\/www.radiopiu.net\/wordpress\/wp-json\/wp\/v2\/media?parent=289906"}],"wp:term":[{"taxonomy":"category","embeddable":true,"href":"https:\/\/www.radiopiu.net\/wordpress\/wp-json\/wp\/v2\/categories?post=289906"},{"taxonomy":"post_tag","embeddable":true,"href":"https:\/\/www.radiopiu.net\/wordpress\/wp-json\/wp\/v2\/tags?post=289906"}],"curies":[{"name":"wp","href":"https:\/\/api.w.org\/{rel}","templated":true}]}}