{"id":289946,"date":"2022-07-30T05:21:27","date_gmt":"2022-07-30T03:21:27","guid":{"rendered":"https:\/\/www.radiopiu.net\/wordpress\/?p=289946"},"modified":"2022-07-30T05:41:03","modified_gmt":"2022-07-30T03:41:03","slug":"una-dozzina-di-lanci-dallelicottero-sullincendio-di-lozzo-di-cadore","status":"publish","type":"post","link":"https:\/\/www.radiopiu.net\/wordpress\/una-dozzina-di-lanci-dallelicottero-sullincendio-di-lozzo-di-cadore\/","title":{"rendered":"UNA DOZZINA DI LANCI DALL&#8217;ELICOTTERO SULL&#8217;INCENDIO DI LOZZO DI CADORE"},"content":{"rendered":"<p><strong>LOZZO DI CADORE<\/strong> L&#8217;elicottero regionale, nella giornata odierna, ha effettuato una dozzina di lanci sull&#8217;incendio di Lozzo di Cadore in un&#8217;area in cui la sterpaglia risultava ancora calda. La situazione si \u00e8 tranquillizzata e l&#8217;elicottero e gli uomini di terra sono rientrati. Domani \u00e8 prevista la pioggia ma si continuer\u00e0 con i monitoraggi dell&#8217;area.<\/p>\n<div style=\"width: 640px;\" class=\"wp-video\"><video class=\"wp-video-shortcode\" id=\"video-289946-1\" width=\"640\" height=\"480\" preload=\"metadata\" controls=\"controls\"><source type=\"video\/mp4\" src=\"https:\/\/www.radiopiu.net\/wordpress\/wp-content\/uploads\/2022\/07\/WhatsApp-Video-2022-07-29-at-19.00.49.mp4?_=1\" \/><a href=\"https:\/\/www.radiopiu.net\/wordpress\/wp-content\/uploads\/2022\/07\/WhatsApp-Video-2022-07-29-at-19.00.49.mp4\">https:\/\/www.radiopiu.net\/wordpress\/wp-content\/uploads\/2022\/07\/WhatsApp-Video-2022-07-29-at-19.00.49.mp4<\/a><\/video><\/div>\n<p>&nbsp;<\/p>\n<p>&nbsp;<\/p>\n<p>*****<\/p>\n","protected":false},"excerpt":{"rendered":"<p>LOZZO DI CADORE L&#8217;elicottero regionale, nella giornata odierna, ha effettuato una dozzina di lanci sull&#8217;incendio di Lozzo di Cadore in un&#8217;area in cui la sterpaglia risultava ancora calda. La situazione si \u00e8 tranquillizzata e l&#8217;elicottero e gli uomini di terra sono rientrati. Domani \u00e8 prevista la pioggia ma si continuer\u00e0 con i monitoraggi dell&#8217;area. &nbsp;&hellip;<\/p>\n","protected":false},"author":4,"featured_media":65188,"comment_status":"closed","ping_status":"closed","sticky":false,"template":"","format":"standard","meta":{"_monsterinsights_skip_tracking":false,"_monsterinsights_sitenote_active":false,"_monsterinsights_sitenote_note":"","_monsterinsights_sitenote_category":0,"footnotes":""},"categories":[51,49],"tags":[],"class_list":["post-289946","post","type-post","status-publish","format-standard","has-post-thumbnail","hentry","category-evidenza-top","category-news-18","category-51","category-49","description-off"],"img_url":"https:\/\/www.radiopiu.net\/wordpress\/wp-content\/uploads\/2018\/10\/INCENDIO-FIAMME.jpg","_links":{"self":[{"href":"https:\/\/www.radiopiu.net\/wordpress\/wp-json\/wp\/v2\/posts\/289946","targetHints":{"allow":["GET"]}}],"collection":[{"href":"https:\/\/www.radiopiu.net\/wordpress\/wp-json\/wp\/v2\/posts"}],"about":[{"href":"https:\/\/www.radiopiu.net\/wordpress\/wp-json\/wp\/v2\/types\/post"}],"author":[{"embeddable":true,"href":"https:\/\/www.radiopiu.net\/wordpress\/wp-json\/wp\/v2\/users\/4"}],"replies":[{"embeddable":true,"href":"https:\/\/www.radiopiu.net\/wordpress\/wp-json\/wp\/v2\/comments?post=289946"}],"version-history":[{"count":0,"href":"https:\/\/www.radiopiu.net\/wordpress\/wp-json\/wp\/v2\/posts\/289946\/revisions"}],"wp:featuredmedia":[{"embeddable":true,"href":"https:\/\/www.radiopiu.net\/wordpress\/wp-json\/wp\/v2\/media\/65188"}],"wp:attachment":[{"href":"https:\/\/www.radiopiu.net\/wordpress\/wp-json\/wp\/v2\/media?parent=289946"}],"wp:term":[{"taxonomy":"category","embeddable":true,"href":"https:\/\/www.radiopiu.net\/wordpress\/wp-json\/wp\/v2\/categories?post=289946"},{"taxonomy":"post_tag","embeddable":true,"href":"https:\/\/www.radiopiu.net\/wordpress\/wp-json\/wp\/v2\/tags?post=289946"}],"curies":[{"name":"wp","href":"https:\/\/api.w.org\/{rel}","templated":true}]}}