{"id":289956,"date":"2022-07-30T05:29:00","date_gmt":"2022-07-30T03:29:00","guid":{"rendered":"https:\/\/www.radiopiu.net\/wordpress\/?p=289956"},"modified":"2022-07-30T13:58:23","modified_gmt":"2022-07-30T11:58:23","slug":"tragedia-a-longarone-bimbo-di-due-anni-inghiotte-qualcosa-e-muore","status":"publish","type":"post","link":"https:\/\/www.radiopiu.net\/wordpress\/tragedia-a-longarone-bimbo-di-due-anni-inghiotte-qualcosa-e-muore\/","title":{"rendered":"TRAGEDIA A LONGARONE. BIMBO DI DUE ANNI INGHIOTTE QUALCOSA E MUORE"},"content":{"rendered":"<p><strong><a class=\"dt-pswp-item\" href=\"https:\/\/www.radiopiu.net\/wordpress\/wp-content\/uploads\/2019\/02\/lutto-fiore.jpg\" data-dt-img-description=\"\" data-large_image_width=\"1920\" data-large_image_height=\"1280\"><img loading=\"lazy\" decoding=\"async\" class=\" wp-image-75491 alignleft\" src=\"https:\/\/www.radiopiu.net\/wordpress\/wp-content\/uploads\/2019\/02\/lutto-fiore-150x150.jpg\" alt=\"\" width=\"122\" height=\"122\" \/><\/a>LONGARONE<\/strong> Tragedia a Longarone, un bimbo di due anni, Nicol\u00f2, ha perso la vita dopo aver inghiottito qualche cosa. Subito la corsa all&#8217;ospedale di Pieve di Cadore dove il bambino \u00e8 arrivato alle 14 in codice rosso e le sue condizioni sono apparse subito critiche. I sanitari lo hanno tempestivamente preso in carico e hanno avviato le manovre di rianimazione, che purtroppo sono risultate vane. Alle 16 \u00e8 stato constatando il decesso del piccolo paziente. Il caso \u00e8 ora al vaglio dell&#8217;autorit\u00e0 giudiziaria per i riscontri di rito. L&#8217;Ulss e il personale tutto sono vicini al dolore della famiglia a cui assicurano ogni forma di sostegno necessario.<\/p>\n<p>Una tragedia per la giovane coppia di genitori di Codissago,\u00a0 il pap\u00e0 Diego Feltrin e la mamma Serena. La Procura di Belluno ha aperto un&#8217;inchiesta, il sostituto procuratore ha ordinato venga eseguito l&#8217;esame autoptico e tossicologico, per questo \u00e8 gi\u00e0 stato incaricato il medico Antonello Cirnelli. Ci vorr\u00e0 tempo per avere tutte le risposte ufficiali, utili a cercare di spiegare una morte inaccettabile. Il sindaco di Longarone Roberto Padrin \u00e8 sconvolto <em>&#8220;Siamo tutti molto tristi per quello che \u00e8 successo e non possiamo che essere il pi\u00f9 possibile vicini a questa coppia, che ha perso improvvisamente un bambino cos\u00ec piccolo. Porgo le pi\u00f9 sentite condoglianze, sia mie personali che da parte di tutta la nostra comunit\u00e0&#8221;<\/em>. Per il longaronese un&#8217;altra tragedia, a distanza di pochi giorni dalla morte di\u00a0 Nicola Valmassoi, il 29enne di Castellavazzo vittima di un incidente in moto lungo la 51 di Alemagna.<\/p>\n","protected":false},"excerpt":{"rendered":"<p>LONGARONE Tragedia a Longarone, un bimbo di due anni, Nicol\u00f2, ha perso la vita dopo aver inghiottito qualche cosa. Subito la corsa all&#8217;ospedale di Pieve di Cadore dove il bambino \u00e8 arrivato alle 14 in codice rosso e le sue condizioni sono apparse subito critiche. I sanitari lo hanno tempestivamente preso in carico e hanno&hellip;<\/p>\n","protected":false},"author":4,"featured_media":75491,"comment_status":"closed","ping_status":"closed","sticky":false,"template":"","format":"standard","meta":{"_monsterinsights_skip_tracking":false,"_monsterinsights_sitenote_active":false,"_monsterinsights_sitenote_note":"","_monsterinsights_sitenote_category":0,"footnotes":""},"categories":[51,49],"tags":[],"class_list":["post-289956","post","type-post","status-publish","format-standard","has-post-thumbnail","hentry","category-evidenza-top","category-news-18","category-51","category-49","description-off"],"img_url":"https:\/\/www.radiopiu.net\/wordpress\/wp-content\/uploads\/2019\/02\/lutto-fiore.jpg","_links":{"self":[{"href":"https:\/\/www.radiopiu.net\/wordpress\/wp-json\/wp\/v2\/posts\/289956","targetHints":{"allow":["GET"]}}],"collection":[{"href":"https:\/\/www.radiopiu.net\/wordpress\/wp-json\/wp\/v2\/posts"}],"about":[{"href":"https:\/\/www.radiopiu.net\/wordpress\/wp-json\/wp\/v2\/types\/post"}],"author":[{"embeddable":true,"href":"https:\/\/www.radiopiu.net\/wordpress\/wp-json\/wp\/v2\/users\/4"}],"replies":[{"embeddable":true,"href":"https:\/\/www.radiopiu.net\/wordpress\/wp-json\/wp\/v2\/comments?post=289956"}],"version-history":[{"count":0,"href":"https:\/\/www.radiopiu.net\/wordpress\/wp-json\/wp\/v2\/posts\/289956\/revisions"}],"wp:featuredmedia":[{"embeddable":true,"href":"https:\/\/www.radiopiu.net\/wordpress\/wp-json\/wp\/v2\/media\/75491"}],"wp:attachment":[{"href":"https:\/\/www.radiopiu.net\/wordpress\/wp-json\/wp\/v2\/media?parent=289956"}],"wp:term":[{"taxonomy":"category","embeddable":true,"href":"https:\/\/www.radiopiu.net\/wordpress\/wp-json\/wp\/v2\/categories?post=289956"},{"taxonomy":"post_tag","embeddable":true,"href":"https:\/\/www.radiopiu.net\/wordpress\/wp-json\/wp\/v2\/tags?post=289956"}],"curies":[{"name":"wp","href":"https:\/\/api.w.org\/{rel}","templated":true}]}}