{"id":290138,"date":"2022-07-31T12:38:57","date_gmt":"2022-07-31T10:38:57","guid":{"rendered":"https:\/\/www.radiopiu.net\/wordpress\/?p=290138"},"modified":"2022-07-31T12:38:57","modified_gmt":"2022-07-31T10:38:57","slug":"scivola-nel-bosco-durante-una-camminata-sopra-chenet","status":"publish","type":"post","link":"https:\/\/www.radiopiu.net\/wordpress\/scivola-nel-bosco-durante-una-camminata-sopra-chenet\/","title":{"rendered":"SCIVOLA NEL BOSCO DURANTE UNA CAMMINATA SOPRA CHENET"},"content":{"rendered":"<p><strong><a class=\"dt-pswp-item\" href=\"https:\/\/www.radiopiu.net\/wordpress\/wp-content\/uploads\/2021\/09\/salt_20210927_183518_810.jpg\" data-dt-img-description=\"\" data-large_image_width=\"2364\" data-large_image_height=\"1773\"><img loading=\"lazy\" decoding=\"async\" class=\"size-thumbnail wp-image-234119 alignleft\" src=\"https:\/\/www.radiopiu.net\/wordpress\/wp-content\/uploads\/2021\/09\/salt_20210927_183518_810-150x150.jpg\" alt=\"\" width=\"150\" height=\"150\" \/><\/a>CENCENIGHE<\/strong> Questa mattina attorno alle 8 l&#8217;elicottero di Dolomiti Emergency \u00e8 volato nei boschi sopra localit\u00e0 Chenet, poich\u00e9, durante una camminata assieme al marito, una 59enne di Cencenighe, era scivolata lungo la traccia che stava seguendo, ruzzolando nella ripida scarpata e fermandosi addosso a un alberello. Ricevute le coordinate del punto, Dopo averlo individuato tra la fitta vegetazione, con un verricello sono stati sbarcati equipe medica e tecnico di elisoccorso, che hanno prestato le prime cure alla donna per un sospetto trauma alla schiena, raggiunti da una squadra del Soccorso alpino di Agordo. Dopo averla imbarellata, i soccorritori hanno spostato l&#8217;infortunata in un punto pi\u00f9 agevole per il recupero. Issata a bordo la barella con il verricello, la donna \u00e8 stata quindi accompagnata all&#8217;ospedale di Agordo.<\/p>\n<p>&nbsp;<\/p>\n<p>&nbsp;<\/p>\n<p>&nbsp;<\/p>\n<p>******<\/p>\n","protected":false},"excerpt":{"rendered":"<p>CENCENIGHE Questa mattina attorno alle 8 l&#8217;elicottero di Dolomiti Emergency \u00e8 volato nei boschi sopra localit\u00e0 Chenet, poich\u00e9, durante una camminata assieme al marito, una 59enne di Cencenighe, era scivolata lungo la traccia che stava seguendo, ruzzolando nella ripida scarpata e fermandosi addosso a un alberello. Ricevute le coordinate del punto, Dopo averlo individuato tra&hellip;<\/p>\n","protected":false},"author":4,"featured_media":234119,"comment_status":"closed","ping_status":"closed","sticky":false,"template":"","format":"standard","meta":{"_monsterinsights_skip_tracking":false,"_monsterinsights_sitenote_active":false,"_monsterinsights_sitenote_note":"","_monsterinsights_sitenote_category":0,"footnotes":""},"categories":[51,49],"tags":[],"class_list":["post-290138","post","type-post","status-publish","format-standard","has-post-thumbnail","hentry","category-evidenza-top","category-news-18","category-51","category-49","description-off"],"img_url":"https:\/\/www.radiopiu.net\/wordpress\/wp-content\/uploads\/2021\/09\/salt_20210927_183518_810.jpg","_links":{"self":[{"href":"https:\/\/www.radiopiu.net\/wordpress\/wp-json\/wp\/v2\/posts\/290138","targetHints":{"allow":["GET"]}}],"collection":[{"href":"https:\/\/www.radiopiu.net\/wordpress\/wp-json\/wp\/v2\/posts"}],"about":[{"href":"https:\/\/www.radiopiu.net\/wordpress\/wp-json\/wp\/v2\/types\/post"}],"author":[{"embeddable":true,"href":"https:\/\/www.radiopiu.net\/wordpress\/wp-json\/wp\/v2\/users\/4"}],"replies":[{"embeddable":true,"href":"https:\/\/www.radiopiu.net\/wordpress\/wp-json\/wp\/v2\/comments?post=290138"}],"version-history":[{"count":0,"href":"https:\/\/www.radiopiu.net\/wordpress\/wp-json\/wp\/v2\/posts\/290138\/revisions"}],"wp:featuredmedia":[{"embeddable":true,"href":"https:\/\/www.radiopiu.net\/wordpress\/wp-json\/wp\/v2\/media\/234119"}],"wp:attachment":[{"href":"https:\/\/www.radiopiu.net\/wordpress\/wp-json\/wp\/v2\/media?parent=290138"}],"wp:term":[{"taxonomy":"category","embeddable":true,"href":"https:\/\/www.radiopiu.net\/wordpress\/wp-json\/wp\/v2\/categories?post=290138"},{"taxonomy":"post_tag","embeddable":true,"href":"https:\/\/www.radiopiu.net\/wordpress\/wp-json\/wp\/v2\/tags?post=290138"}],"curies":[{"name":"wp","href":"https:\/\/api.w.org\/{rel}","templated":true}]}}