{"id":290170,"date":"2022-07-31T15:04:00","date_gmt":"2022-07-31T13:04:00","guid":{"rendered":"https:\/\/www.radiopiu.net\/wordpress\/?p=290170"},"modified":"2022-07-31T15:04:00","modified_gmt":"2022-07-31T13:04:00","slug":"incidente-in-mountain-bike-tra-campigat-e-gares","status":"publish","type":"post","link":"https:\/\/www.radiopiu.net\/wordpress\/incidente-in-mountain-bike-tra-campigat-e-gares\/","title":{"rendered":"INCIDENTE IN MOUNTAIN BIKE TRA CAMPIGAT E GARES"},"content":{"rendered":"<p><strong>CANALE D&#8217;AGORDO <\/strong>Alle 11.45 circa il Soccorso alpino della Val Biois ha ricevuto l&#8217;allerta per un altro incidente con la mountain bike. Dopo aver passato la notte a Casera Campigat, tre amici stavano scendendo in bici verso Gares lungo il sentiero numero 756, quando uno di loro si era fatto male a un piede e non era pi\u00f9 in grado di pedalare. Mentre lentamente continuava la discesa, una squadra gli \u00e8 andata incontro e lo ha raggiunto a piedi a 1.600 metri di quota. Il 35enne di Bolzano \u00e8 quindi sceso da solo fino al mezzo del Soccorso alpino e i soccorritori lo hanno aiutato portandogli la bicicletta. La squadra lo ha quindi accompagnato all&#8217;ospedale di Agordo.<\/p>\n<p>&nbsp;<\/p>\n<p>&nbsp;<\/p>\n<p>*****<\/p>\n","protected":false},"excerpt":{"rendered":"<p>CANALE D&#8217;AGORDO Alle 11.45 circa il Soccorso alpino della Val Biois ha ricevuto l&#8217;allerta per un altro incidente con la mountain bike. Dopo aver passato la notte a Casera Campigat, tre amici stavano scendendo in bici verso Gares lungo il sentiero numero 756, quando uno di loro si era fatto male a un piede e&hellip;<\/p>\n","protected":false},"author":4,"featured_media":233781,"comment_status":"closed","ping_status":"closed","sticky":false,"template":"","format":"standard","meta":{"_monsterinsights_skip_tracking":false,"_monsterinsights_sitenote_active":false,"_monsterinsights_sitenote_note":"","_monsterinsights_sitenote_category":0,"footnotes":""},"categories":[51,49],"tags":[],"class_list":["post-290170","post","type-post","status-publish","format-standard","has-post-thumbnail","hentry","category-evidenza-top","category-news-18","category-51","category-49","description-off"],"img_url":"https:\/\/www.radiopiu.net\/wordpress\/wp-content\/uploads\/2021\/09\/salt_20210925_194232_070.jpg","_links":{"self":[{"href":"https:\/\/www.radiopiu.net\/wordpress\/wp-json\/wp\/v2\/posts\/290170","targetHints":{"allow":["GET"]}}],"collection":[{"href":"https:\/\/www.radiopiu.net\/wordpress\/wp-json\/wp\/v2\/posts"}],"about":[{"href":"https:\/\/www.radiopiu.net\/wordpress\/wp-json\/wp\/v2\/types\/post"}],"author":[{"embeddable":true,"href":"https:\/\/www.radiopiu.net\/wordpress\/wp-json\/wp\/v2\/users\/4"}],"replies":[{"embeddable":true,"href":"https:\/\/www.radiopiu.net\/wordpress\/wp-json\/wp\/v2\/comments?post=290170"}],"version-history":[{"count":0,"href":"https:\/\/www.radiopiu.net\/wordpress\/wp-json\/wp\/v2\/posts\/290170\/revisions"}],"wp:featuredmedia":[{"embeddable":true,"href":"https:\/\/www.radiopiu.net\/wordpress\/wp-json\/wp\/v2\/media\/233781"}],"wp:attachment":[{"href":"https:\/\/www.radiopiu.net\/wordpress\/wp-json\/wp\/v2\/media?parent=290170"}],"wp:term":[{"taxonomy":"category","embeddable":true,"href":"https:\/\/www.radiopiu.net\/wordpress\/wp-json\/wp\/v2\/categories?post=290170"},{"taxonomy":"post_tag","embeddable":true,"href":"https:\/\/www.radiopiu.net\/wordpress\/wp-json\/wp\/v2\/tags?post=290170"}],"curies":[{"name":"wp","href":"https:\/\/api.w.org\/{rel}","templated":true}]}}