{"id":290431,"date":"2022-08-02T05:36:05","date_gmt":"2022-08-02T03:36:05","guid":{"rendered":"https:\/\/www.radiopiu.net\/wordpress\/?p=290431"},"modified":"2022-08-02T05:41:06","modified_gmt":"2022-08-02T03:41:06","slug":"e-morto-omar-monestier-firma-di-punta-del-nord-est","status":"publish","type":"post","link":"https:\/\/www.radiopiu.net\/wordpress\/e-morto-omar-monestier-firma-di-punta-del-nord-est\/","title":{"rendered":"E&#8217; MORTO OMAR MONESTIER, FIRMA DI PUNTA DEL NORD EST"},"content":{"rendered":"<p><strong><a class=\"dt-pswp-item\" href=\"https:\/\/www.radiopiu.net\/wordpress\/wp-content\/uploads\/2022\/08\/Schermata-2022-08-01-alle-19.45.44.png\" data-dt-img-description=\"\" data-large_image_width=\"2792\" data-large_image_height=\"1606\"><img loading=\"lazy\" decoding=\"async\" class=\"size-thumbnail wp-image-290434 alignleft\" src=\"https:\/\/www.radiopiu.net\/wordpress\/wp-content\/uploads\/2022\/08\/Schermata-2022-08-01-alle-19.45.44-150x150.png\" alt=\"\" width=\"150\" height=\"150\" \/><\/a> <\/strong><\/p>\n<p><strong>\u00a0<\/strong><\/p>\n<p><strong>REDAZIONE<\/strong> E&#8217; morto nella notte tra domenica e luned\u00ec Omar Monestier, direttore del Messaggero Veneto e direttore de Il Piccolo di Trieste e firma di punta del Nord-Est. Bellunese di origini, aveva 57 anni. Un malore durante la notte \u00e8 stato fatale. Nella sua carriera aveva diretto anche il Corriere Delle Alpi. Alla famiglia di Omar le pi\u00f9 sentite condoglianze anche dalla redazione di Radio Pi\u00f9.<\/p>\n<p>&nbsp;<\/p>\n<p>&nbsp;<\/p>\n<p>&nbsp;<\/p>\n<p>******<\/p>\n","protected":false},"excerpt":{"rendered":"<p>\u00a0 REDAZIONE E&#8217; morto nella notte tra domenica e luned\u00ec Omar Monestier, direttore del Messaggero Veneto e direttore de Il Piccolo di Trieste e firma di punta del Nord-Est. Bellunese di origini, aveva 57 anni. Un malore durante la notte \u00e8 stato fatale. Nella sua carriera aveva diretto anche il Corriere Delle Alpi. Alla famiglia&hellip;<\/p>\n","protected":false},"author":4,"featured_media":290434,"comment_status":"closed","ping_status":"closed","sticky":false,"template":"","format":"standard","meta":{"_monsterinsights_skip_tracking":false,"_monsterinsights_sitenote_active":false,"_monsterinsights_sitenote_note":"","_monsterinsights_sitenote_category":0,"footnotes":""},"categories":[51,49],"tags":[],"class_list":["post-290431","post","type-post","status-publish","format-standard","has-post-thumbnail","hentry","category-evidenza-top","category-news-18","category-51","category-49","description-off"],"img_url":"https:\/\/www.radiopiu.net\/wordpress\/wp-content\/uploads\/2022\/08\/Schermata-2022-08-01-alle-19.45.44.png","_links":{"self":[{"href":"https:\/\/www.radiopiu.net\/wordpress\/wp-json\/wp\/v2\/posts\/290431","targetHints":{"allow":["GET"]}}],"collection":[{"href":"https:\/\/www.radiopiu.net\/wordpress\/wp-json\/wp\/v2\/posts"}],"about":[{"href":"https:\/\/www.radiopiu.net\/wordpress\/wp-json\/wp\/v2\/types\/post"}],"author":[{"embeddable":true,"href":"https:\/\/www.radiopiu.net\/wordpress\/wp-json\/wp\/v2\/users\/4"}],"replies":[{"embeddable":true,"href":"https:\/\/www.radiopiu.net\/wordpress\/wp-json\/wp\/v2\/comments?post=290431"}],"version-history":[{"count":0,"href":"https:\/\/www.radiopiu.net\/wordpress\/wp-json\/wp\/v2\/posts\/290431\/revisions"}],"wp:featuredmedia":[{"embeddable":true,"href":"https:\/\/www.radiopiu.net\/wordpress\/wp-json\/wp\/v2\/media\/290434"}],"wp:attachment":[{"href":"https:\/\/www.radiopiu.net\/wordpress\/wp-json\/wp\/v2\/media?parent=290431"}],"wp:term":[{"taxonomy":"category","embeddable":true,"href":"https:\/\/www.radiopiu.net\/wordpress\/wp-json\/wp\/v2\/categories?post=290431"},{"taxonomy":"post_tag","embeddable":true,"href":"https:\/\/www.radiopiu.net\/wordpress\/wp-json\/wp\/v2\/tags?post=290431"}],"curies":[{"name":"wp","href":"https:\/\/api.w.org\/{rel}","templated":true}]}}