{"id":290519,"date":"2022-08-03T05:32:20","date_gmt":"2022-08-03T03:32:20","guid":{"rendered":"https:\/\/www.radiopiu.net\/wordpress\/?p=290519"},"modified":"2022-08-03T05:32:27","modified_gmt":"2022-08-03T03:32:27","slug":"dramma-a-salce-nella-casa-colpita-dal-fulmine-muore-giambattista-arrigoni","status":"publish","type":"post","link":"https:\/\/www.radiopiu.net\/wordpress\/dramma-a-salce-nella-casa-colpita-dal-fulmine-muore-giambattista-arrigoni\/","title":{"rendered":"DRAMMA A SALCE NELLA CASA COLPITA DAL FULMINE. MUORE GIAMBATTISTA ARRIGONI"},"content":{"rendered":"<p><strong><a class=\"dt-pswp-item\" href=\"https:\/\/www.radiopiu.net\/wordpress\/wp-content\/uploads\/2022\/08\/Schermata-2022-08-02-alle-12.15.02.png\" data-dt-img-description=\"\" data-large_image_width=\"1284\" data-large_image_height=\"886\"><img loading=\"lazy\" decoding=\"async\" class=\" wp-image-290535 alignleft\" src=\"https:\/\/www.radiopiu.net\/wordpress\/wp-content\/uploads\/2022\/08\/Schermata-2022-08-02-alle-12.15.02-150x150.png\" alt=\"\" width=\"124\" height=\"124\" \/><\/a>BELLUNO <\/strong>La notte scorsa i Vigili del Fioco sono intervenuti in Via Salce a Belluno per un principio d&#8217;incendio. Durante il temporale \u00e8 stato colpito il quadro elettrico da un fulmine. Giambattista Arrigoni \u00e8 morto per le esalazioni di monossido di carbonio. La moglie invece \u00e8 ricoverata in gravi condizioni presso la camera iperbarica all&#8217;ospedale di Belluno.<\/p>\n<p><strong>di Moreno Gioli<\/strong><\/p>\n<audio class=\"wp-audio-shortcode\" id=\"audio-290519-1\" preload=\"none\" style=\"width: 100%;\" controls=\"controls\"><source type=\"audio\/mpeg\" src=\"https:\/\/www.radiopiu.net\/wordpress\/wp-content\/uploads\/2022\/08\/GIOLI-ARRIGONI.mp3?_=1\" \/><a href=\"https:\/\/www.radiopiu.net\/wordpress\/wp-content\/uploads\/2022\/08\/GIOLI-ARRIGONI.mp3\">https:\/\/www.radiopiu.net\/wordpress\/wp-content\/uploads\/2022\/08\/GIOLI-ARRIGONI.mp3<\/a><\/audio>\n<p>&nbsp;<\/p>\n\n\t\t\t<style type='text\/css'>\n\t\t\t\t#gallery-1 {\n\t\t\t\t\tmargin: auto;\n\t\t\t\t}\n\t\t\t\t#gallery-1 .gallery-item {\n\t\t\t\t\tfloat: left;\n\t\t\t\t\tmargin-top: 10px;\n\t\t\t\t\ttext-align: center;\n\t\t\t\t\twidth: 50%;\n\t\t\t\t}\n\t\t\t\t#gallery-1 img {\n\t\t\t\t\tborder: 2px solid #cfcfcf;\n\t\t\t\t}\n\t\t\t\t#gallery-1 .gallery-caption {\n\t\t\t\t\tmargin-left: 0;\n\t\t\t\t}\n\t\t\t\t\/* see gallery_shortcode() in wp-includes\/media.php *\/\n\t\t\t<\/style>\n\t\t<div id='gallery-1' class='dt-gallery-container gallery galleryid-290519 gallery-columns-2 gallery-size-thumbnail'><dl class='gallery-item'>\n\t\t\t\t<dt class='gallery-icon portrait'>\n\t\t\t\t\t<a class=\"rollover rollover-zoom dt-pswp-item\" title=\"9c15a6bd-3796-482c-a8e1-d4b3f4bd7ceb\" data-dt-img-description=\"\" data-large_image_width=\"958\" data-large_image_height=\"1280\"href='https:\/\/www.radiopiu.net\/wordpress\/wp-content\/uploads\/2022\/08\/9c15a6bd-3796-482c-a8e1-d4b3f4bd7ceb.jpg'><img loading=\"lazy\" decoding=\"async\" width=\"150\" height=\"150\" src=\"https:\/\/www.radiopiu.net\/wordpress\/wp-content\/uploads\/2022\/08\/9c15a6bd-3796-482c-a8e1-d4b3f4bd7ceb-150x150.jpg\" class=\"attachment-thumbnail size-thumbnail\" alt=\"\" \/><\/a>\n\t\t\t\t<\/dt><\/dl><dl class='gallery-item'>\n\t\t\t\t<dt class='gallery-icon landscape'>\n\t\t\t\t\t<a class=\"rollover rollover-zoom dt-pswp-item\" title=\"9bcbe9fd-5634-4eee-918c-77b905764402\" data-dt-img-description=\"\" data-large_image_width=\"1280\" data-large_image_height=\"958\"href='https:\/\/www.radiopiu.net\/wordpress\/wp-content\/uploads\/2022\/08\/9bcbe9fd-5634-4eee-918c-77b905764402.jpg'><img loading=\"lazy\" decoding=\"async\" width=\"150\" height=\"150\" src=\"https:\/\/www.radiopiu.net\/wordpress\/wp-content\/uploads\/2022\/08\/9bcbe9fd-5634-4eee-918c-77b905764402-150x150.jpg\" class=\"attachment-thumbnail size-thumbnail\" alt=\"\" \/><\/a>\n\t\t\t\t<\/dt><\/dl><br style=\"clear: both\" \/>\n\t\t\t<\/div>\n\n<p>&nbsp;<\/p>\n<p><strong>LA NOTA DEL PRESIDENTE DELLA PROVINCIA ROBERTO PADRIN<\/strong><\/p>\n<p>\u00ab<em>Grande medico, grande uomo, attivissimo nel volontariato. Belluno perde ancora una volta una figura di riferimento<\/em>\u00bb. Cos\u00ec il presidente della Provincia, in una nota di cordoglio per la scomparsa di Giambattista Arrigoni, medico odontoiatra, fondatore dell\u2019associazione Cucchini e di Casa Tua Due. \u00ab<em>La sua attivit\u00e0 nel terzo settore era nota a tutti e l\u2019abnegazione con cui aveva condotto il Comitato d\u2019Intesa negli anni della sua presidenza \u00e8 rimasta un esempio da seguire per tutto il territorio bellunese. Oggi perdiamo una di quelle persone che nel silenzio e nell\u2019impegno quotidiano hanno fatto davvero tanto per le nostre comunit\u00e0<\/em>\u00bb.<\/p>\n<p>&nbsp;<\/p>\n<p><strong>OSCAR DE PELLEGRIN, SINDACO DI BELLUNO<\/strong><\/p>\n<p><strong>BELLUNO <\/strong>\u201c<em>Con Arrigoni abbiamo collaborato per molti anni, \u00e8 stato una figura straordinaria del volontariato bellunese, gli dobbiamo tutti molto<\/em>\u201d. Sono le prime parole del sindaco di Belluno Oscar De Pellegrin alla notizia dell\u2019improvvisa scomparsa di Giambattista Arrigoni, medico odontoiatra e cittadino impegnato nel sociale. Per anni alla guida del Comitato d\u2019Intesa, Arrigoni \u00e8 stato tra i fondatori dell\u2019associazione Cucchini e di Casa Tua Due, ha partecipato a diverse missioni nei Paesi poveri del mondo e ha dato il suo contributo anche alla vita amministrativa del Comune di Belluno. \u201c<em>Erano gli anni Ottanta e Novanta \u2013 ricorda il primo cittadino -, allora io ero impegnato nell\u2019Asi e con lui si collaborava molto perch\u00e9 era fortemente motivato nell\u2019obiettivo di rendere il Comitato d\u2019Intesa la voce di tutte le associazioni del territorio, ci credeva e ce l\u2019ha fatta a fare il salto. Sapeva dialogare con tutti, portava avanti le sue idee, ma sempre con la buona disposizione ad ascoltare e a confrontarsi. Erano anni di grande fermento, si gettavano le basi di nuove strutture, di innovazione, progetti e lui aveva la mente rivolta al futuro, instancabile nel suo lavoro a favore della comunit\u00e0. Rester\u00e0 un pezzo importante della storia del nostro volontariato<\/em>\u201d.<\/p>\n<p>&nbsp;<\/p>\n<p><strong>IL PRESIDENTE DEL ROTARY CLUB GIANMARCO ZANCHETTA<\/strong><\/p>\n<p>\u00ab<em>Siamo davvero vicini ai famigliari di Giambattista &#8211; le parole del presidente del Rotary Club Belluno Gianmarco Zanchetta &#8211; rimaniamo orfani di una persona straordinaria, che tanto ha dato al nostro Club, ma anche e soprattutto all\u2019intero territorio bellunese e oltre<\/em>\u00bb.<\/p>\n\n\t\t\t<style type='text\/css'>\n\t\t\t\t#gallery-2 {\n\t\t\t\t\tmargin: auto;\n\t\t\t\t}\n\t\t\t\t#gallery-2 .gallery-item {\n\t\t\t\t\tfloat: left;\n\t\t\t\t\tmargin-top: 10px;\n\t\t\t\t\ttext-align: center;\n\t\t\t\t\twidth: 50%;\n\t\t\t\t}\n\t\t\t\t#gallery-2 img {\n\t\t\t\t\tborder: 2px solid #cfcfcf;\n\t\t\t\t}\n\t\t\t\t#gallery-2 .gallery-caption {\n\t\t\t\t\tmargin-left: 0;\n\t\t\t\t}\n\t\t\t\t\/* see gallery_shortcode() in wp-includes\/media.php *\/\n\t\t\t<\/style>\n\t\t<div id='gallery-2' class='dt-gallery-container gallery galleryid-290519 gallery-columns-2 gallery-size-thumbnail'><dl class='gallery-item'>\n\t\t\t\t<dt class='gallery-icon landscape'>\n\t\t\t\t\t<a class=\"rollover rollover-zoom dt-pswp-item\" title=\"arrigoni1\" data-dt-img-description=\"\" data-large_image_width=\"631\" data-large_image_height=\"625\"href='https:\/\/www.radiopiu.net\/wordpress\/wp-content\/uploads\/2022\/08\/arrigoni1.jpg'><img loading=\"lazy\" decoding=\"async\" width=\"150\" height=\"150\" src=\"https:\/\/www.radiopiu.net\/wordpress\/wp-content\/uploads\/2022\/08\/arrigoni1-150x150.jpg\" class=\"attachment-thumbnail size-thumbnail\" alt=\"\" srcset=\"https:\/\/www.radiopiu.net\/wordpress\/wp-content\/uploads\/2022\/08\/arrigoni1-150x150.jpg 150w, https:\/\/www.radiopiu.net\/wordpress\/wp-content\/uploads\/2022\/08\/arrigoni1-300x297.jpg 300w, https:\/\/www.radiopiu.net\/wordpress\/wp-content\/uploads\/2022\/08\/arrigoni1.jpg 631w\" sizes=\"auto, (max-width: 150px) 100vw, 150px\" \/><\/a>\n\t\t\t\t<\/dt><\/dl><dl class='gallery-item'>\n\t\t\t\t<dt class='gallery-icon portrait'>\n\t\t\t\t\t<a class=\"rollover rollover-zoom dt-pswp-item\" title=\"arrigoni3\" data-dt-img-description=\"\" data-large_image_width=\"1200\" data-large_image_height=\"1600\"href='https:\/\/www.radiopiu.net\/wordpress\/wp-content\/uploads\/2022\/08\/arrigoni3.jpg'><img loading=\"lazy\" decoding=\"async\" width=\"150\" height=\"150\" src=\"https:\/\/www.radiopiu.net\/wordpress\/wp-content\/uploads\/2022\/08\/arrigoni3-150x150.jpg\" class=\"attachment-thumbnail size-thumbnail\" alt=\"\" \/><\/a>\n\t\t\t\t<\/dt><\/dl><br style=\"clear: both\" \/>\n\t\t\t<\/div>\n\n<p>&nbsp;<\/p>\n<p><strong>IL CORDOGLIO DELL&#8217;ASSOCIAZIONE CUCCHINI<\/strong><\/p>\n<p><strong>BELLUNO<\/strong> \u00ab<em>La scomparsa improvvisa del dottor Arrigoni ci lascia attoniti e senza parole. Per noi era un punto di riferimento<\/em>\u00bb. Lo dice il professor Paolo Colleselli, presidente dell\u2019associazione Cucchini, nell\u2019apprendere la notizia della morte di Giambattista Arrigoni, fondatore proprio della<br \/>\nCucchini e consigliere dell\u2019associazione per lunghi anni. \u00ab<em>Arrigoni, da medico \u00e8 stato uno dei luminari delle cure palliative. Aveva capito l\u2019importanza di prendersi cura della persona prima che del paziente, in anni in cui questo pensiero non era ancora entrato all\u2019interno della pratica medica. \u00c8 con questo spirito che ha fondato l\u2019associazione Cucchini e con lo stesso spirito \u00e8 stato tra i promotori della costruzione dell\u2019hospice. Non era mai stato presidente dell\u2019associazione, ma da consigliere ha rappresentato quel punto di riferimento di cui ogni gruppo o associazione ha bisogno per l\u2019attivit\u00e0 quotidiana, per l\u2019entusiasmo delle iniziative, per le parole sempre volte a cogliere il meglio delle persone. Proprio in questi giorni avevamo in mente di intervistarlo per inserire il suo pensiero, sempre lucido e lungimirante, in un opuscolo che stiamo preparando per <\/em><br \/>\n<em>l\u2019attivit\u00e0 della Cucchini<\/em>\u00bb. \u00ab<em>Mancher\u00e0 sicuramente a noi, che lo abbiamo sempre considerato un faro, ma mancher\u00e0 anche alla comunit\u00e0 bellunese<\/em>\u00bb conclude il professor Colleselli. \u00ab<em>Rivolgo un pensiero affettuoso alla moglie Paola, alle figlie e a tutti i suoi famigliari<\/em>\u00bb.<\/p>\n<p>&nbsp;<\/p>\n<p>&nbsp;<\/p>\n<blockquote class=\"wp-embedded-content\" data-secret=\"7kql3eCksa\"><p><a href=\"https:\/\/www.radiopiu.net\/wordpress\/il-volontariato-bellunese-in-lutto-per-la-scomparsa-di-giambattista-arrigoni\/\">IL VOLONTARIATO BELLUNESE IN LUTTO  PER LA SCOMPARSA DI GIAMBATTISTA ARRIGONI<\/a><\/p><\/blockquote>\n<p><iframe loading=\"lazy\" class=\"wp-embedded-content\" sandbox=\"allow-scripts\" security=\"restricted\" style=\"position: absolute; clip: rect(1px, 1px, 1px, 1px);\" title=\"&#8220;IL VOLONTARIATO BELLUNESE IN LUTTO  PER LA SCOMPARSA DI GIAMBATTISTA ARRIGONI&#8221; &#8212; Radio Pi\u00f9\" src=\"https:\/\/www.radiopiu.net\/wordpress\/il-volontariato-bellunese-in-lutto-per-la-scomparsa-di-giambattista-arrigoni\/embed\/#?secret=mmAniTquWe#?secret=7kql3eCksa\" data-secret=\"7kql3eCksa\" width=\"600\" height=\"338\" frameborder=\"0\" marginwidth=\"0\" marginheight=\"0\" scrolling=\"no\"><\/iframe><\/p>\n<p>&nbsp;<\/p>\n<p>*****<\/p>\n","protected":false},"excerpt":{"rendered":"<p>BELLUNO La notte scorsa i Vigili del Fioco sono intervenuti in Via Salce a Belluno per un principio d&#8217;incendio. Durante il temporale \u00e8 stato colpito il quadro elettrico da un fulmine. Giambattista Arrigoni \u00e8 morto per le esalazioni di monossido di carbonio. La moglie invece \u00e8 ricoverata in gravi condizioni presso la camera iperbarica all&#8217;ospedale&hellip;<\/p>\n","protected":false},"author":4,"featured_media":290535,"comment_status":"closed","ping_status":"closed","sticky":false,"template":"","format":"standard","meta":{"_monsterinsights_skip_tracking":false,"_monsterinsights_sitenote_active":false,"_monsterinsights_sitenote_note":"","_monsterinsights_sitenote_category":0,"footnotes":""},"categories":[51,49],"tags":[],"class_list":["post-290519","post","type-post","status-publish","format-standard","has-post-thumbnail","hentry","category-evidenza-top","category-news-18","category-51","category-49","description-off"],"img_url":"https:\/\/www.radiopiu.net\/wordpress\/wp-content\/uploads\/2022\/08\/Schermata-2022-08-02-alle-12.15.02.png","_links":{"self":[{"href":"https:\/\/www.radiopiu.net\/wordpress\/wp-json\/wp\/v2\/posts\/290519","targetHints":{"allow":["GET"]}}],"collection":[{"href":"https:\/\/www.radiopiu.net\/wordpress\/wp-json\/wp\/v2\/posts"}],"about":[{"href":"https:\/\/www.radiopiu.net\/wordpress\/wp-json\/wp\/v2\/types\/post"}],"author":[{"embeddable":true,"href":"https:\/\/www.radiopiu.net\/wordpress\/wp-json\/wp\/v2\/users\/4"}],"replies":[{"embeddable":true,"href":"https:\/\/www.radiopiu.net\/wordpress\/wp-json\/wp\/v2\/comments?post=290519"}],"version-history":[{"count":0,"href":"https:\/\/www.radiopiu.net\/wordpress\/wp-json\/wp\/v2\/posts\/290519\/revisions"}],"wp:featuredmedia":[{"embeddable":true,"href":"https:\/\/www.radiopiu.net\/wordpress\/wp-json\/wp\/v2\/media\/290535"}],"wp:attachment":[{"href":"https:\/\/www.radiopiu.net\/wordpress\/wp-json\/wp\/v2\/media?parent=290519"}],"wp:term":[{"taxonomy":"category","embeddable":true,"href":"https:\/\/www.radiopiu.net\/wordpress\/wp-json\/wp\/v2\/categories?post=290519"},{"taxonomy":"post_tag","embeddable":true,"href":"https:\/\/www.radiopiu.net\/wordpress\/wp-json\/wp\/v2\/tags?post=290519"}],"curies":[{"name":"wp","href":"https:\/\/api.w.org\/{rel}","templated":true}]}}