{"id":290554,"date":"2022-08-02T13:21:35","date_gmt":"2022-08-02T11:21:35","guid":{"rendered":"https:\/\/www.radiopiu.net\/wordpress\/?p=290554"},"modified":"2022-08-02T13:21:35","modified_gmt":"2022-08-02T11:21:35","slug":"dominate-the-water-sportivamente-belluno-protagonista-nellevento-organizzato-da-paltrinieri","status":"publish","type":"post","link":"https:\/\/www.radiopiu.net\/wordpress\/dominate-the-water-sportivamente-belluno-protagonista-nellevento-organizzato-da-paltrinieri\/","title":{"rendered":"DOMINATE THE WATER: SPORTIVAMENTE BELLUNO PROTAGONISTA NELL&#8217;EVENTO ORGANIZZATO DA PALTRINIERI"},"content":{"rendered":"<p><strong>BELLUNO <\/strong>&#8220;Dominate the Water\u201d: l\u2019evento di nuoto in acque libere sorride alla Sportivamente Belluno, che torna da Lignano con una serie di medaglie. Entrando nello specifico della prova di 3 chilometri, Matteo Sogne si conferma uno splendido interprete della specialit\u00e0 e trionfa ancora una volta nella categoria M40, chiudendo con il tempo di 48\u201934\u201d70. Cos\u00ec come primeggia Tommaso De Nicol\u00f2 (categoria M55) in 1h26\u201922\u201d e Marco Vaccaro \u00e8 d\u2019argento nella fascia M60. In tema di primati, ha voce in capitolo pure Nicol\u00f2 Guido Pierni: l\u2019atleta legato alla squadra paralimpica si destreggia al meglio anche nelle acque libere e trionfa in ambito Finp. Senza considerare il terzo posto nella categoria M30 (1h07\u201923\u201d). Una grande impresa, quindi, per il portacolori della Sportivamente Belluno, all\u2019interno di una manifestazione pi\u00f9 che mai inclusiva e aperta a chiunque. Applausi, inoltre, per Matteo Fallucca (quarto, sempre nella categoria M30) e per il giovane Gabriele Fiorin (classe 2003): secondo nella sua categoria, venticinquesimo nella graduatoria assoluta e capace di fermare il cronometro su un ottimo 51\u201914\u201d00. Proprio Lignano rappresentava la prima tappa del circuito italiano, fortemente voluto e organizzato dal campione olimpico Gregorio Paltrinieri. Lo scopo? Diffondere la cultura del nuoto in mare e dell\u2019acqua in generale: in chiave sportiva, ma soprattutto sociale e ambientale. Ogni tappa, infatti, \u00e8 nel segno dell\u2019ecosostenibilit\u00e0, se \u00e8 vero che i rifornimenti vengono effettuati soltanto con contenitori biodegradabili, tutta la documentazione \u00e8 in carta riciclabile e le medaglie e il podio sono in legno. In questo senso, la Sportivamente Belluno ha voluto offrire il suo contributo alla nobile causa: \u00ab<em>Sono particolarmente contento della buona partecipazione &#8211; argomenta Matteo Sogne, uno dei grandi protagonisti &#8211; e del fatto che gli interpreti del nuoto in acque libere siano in continuo aumento. Anche la nostra \u00e8 squadra sempre pi\u00f9 numerosa: tutti partecipano volentieri, con entusiasmo e impegno. Speriamo di proseguire in questo trend di crescita<\/em>\u00bb.<\/p>\n<p>&nbsp;<\/p>\n\n\t\t\t<style type='text\/css'>\n\t\t\t\t#gallery-1 {\n\t\t\t\t\tmargin: auto;\n\t\t\t\t}\n\t\t\t\t#gallery-1 .gallery-item {\n\t\t\t\t\tfloat: left;\n\t\t\t\t\tmargin-top: 10px;\n\t\t\t\t\ttext-align: center;\n\t\t\t\t\twidth: 25%;\n\t\t\t\t}\n\t\t\t\t#gallery-1 img {\n\t\t\t\t\tborder: 2px solid #cfcfcf;\n\t\t\t\t}\n\t\t\t\t#gallery-1 .gallery-caption {\n\t\t\t\t\tmargin-left: 0;\n\t\t\t\t}\n\t\t\t\t\/* see gallery_shortcode() in wp-includes\/media.php *\/\n\t\t\t<\/style>\n\t\t<div id='gallery-1' class='dt-gallery-container gallery galleryid-290554 gallery-columns-4 gallery-size-thumbnail'><dl class='gallery-item'>\n\t\t\t\t<dt class='gallery-icon landscape'>\n\t\t\t\t\t<a class=\"rollover rollover-zoom dt-pswp-item\" title=\"Atleti_e_delegati_Finp\" data-dt-img-description=\"\" data-large_image_width=\"1976\" data-large_image_height=\"1186\"href='https:\/\/www.radiopiu.net\/wordpress\/wp-content\/uploads\/2022\/08\/Atleti_e_delegati_Finp.jpg'><img loading=\"lazy\" decoding=\"async\" width=\"150\" height=\"150\" src=\"https:\/\/www.radiopiu.net\/wordpress\/wp-content\/uploads\/2022\/08\/Atleti_e_delegati_Finp-150x150.jpg\" class=\"attachment-thumbnail size-thumbnail\" alt=\"\" \/><\/a>\n\t\t\t\t<\/dt><\/dl><dl class='gallery-item'>\n\t\t\t\t<dt class='gallery-icon portrait'>\n\t\t\t\t\t<a class=\"rollover rollover-zoom dt-pswp-item\" title=\"Fiorin_sulla_sinistra\" data-dt-img-description=\"\" data-large_image_width=\"1536\" data-large_image_height=\"1815\"href='https:\/\/www.radiopiu.net\/wordpress\/wp-content\/uploads\/2022\/08\/Fiorin_sulla_sinistra.jpg'><img loading=\"lazy\" decoding=\"async\" width=\"150\" height=\"150\" src=\"https:\/\/www.radiopiu.net\/wordpress\/wp-content\/uploads\/2022\/08\/Fiorin_sulla_sinistra-150x150.jpg\" class=\"attachment-thumbnail size-thumbnail\" alt=\"\" \/><\/a>\n\t\t\t\t<\/dt><\/dl><dl class='gallery-item'>\n\t\t\t\t<dt class='gallery-icon landscape'>\n\t\t\t\t\t<a class=\"rollover rollover-zoom dt-pswp-item\" title=\"Primo_Matteo_Sogne\" data-dt-img-description=\"\" data-large_image_width=\"762\" data-large_image_height=\"742\"href='https:\/\/www.radiopiu.net\/wordpress\/wp-content\/uploads\/2022\/08\/Primo_Matteo_Sogne.jpg'><img loading=\"lazy\" decoding=\"async\" width=\"150\" height=\"150\" src=\"https:\/\/www.radiopiu.net\/wordpress\/wp-content\/uploads\/2022\/08\/Primo_Matteo_Sogne-150x150.jpg\" class=\"attachment-thumbnail size-thumbnail\" alt=\"\" \/><\/a>\n\t\t\t\t<\/dt><\/dl><dl class='gallery-item'>\n\t\t\t\t<dt class='gallery-icon portrait'>\n\t\t\t\t\t<a class=\"rollover rollover-zoom dt-pswp-item\" title=\"Pierni_primo_Finp\" data-dt-img-description=\"\" data-large_image_width=\"1536\" data-large_image_height=\"1558\"href='https:\/\/www.radiopiu.net\/wordpress\/wp-content\/uploads\/2022\/08\/Pierni_primo_Finp.jpg'><img loading=\"lazy\" decoding=\"async\" width=\"150\" height=\"150\" src=\"https:\/\/www.radiopiu.net\/wordpress\/wp-content\/uploads\/2022\/08\/Pierni_primo_Finp-150x150.jpg\" class=\"attachment-thumbnail size-thumbnail\" alt=\"\" \/><\/a>\n\t\t\t\t<\/dt><\/dl><br style=\"clear: both\" \/>\n\t\t\t<\/div>\n\n<p>&nbsp;<\/p>\n<p>&nbsp;<\/p>\n<p>*****<\/p>\n","protected":false},"excerpt":{"rendered":"<p>BELLUNO &#8220;Dominate the Water\u201d: l\u2019evento di nuoto in acque libere sorride alla Sportivamente Belluno, che torna da Lignano con una serie di medaglie. Entrando nello specifico della prova di 3 chilometri, Matteo Sogne si conferma uno splendido interprete della specialit\u00e0 e trionfa ancora una volta nella categoria M40, chiudendo con il tempo di 48\u201934\u201d70. Cos\u00ec&hellip;<\/p>\n","protected":false},"author":4,"featured_media":290555,"comment_status":"closed","ping_status":"closed","sticky":false,"template":"","format":"standard","meta":{"_monsterinsights_skip_tracking":false,"_monsterinsights_sitenote_active":false,"_monsterinsights_sitenote_note":"","_monsterinsights_sitenote_category":0,"footnotes":""},"categories":[49],"tags":[],"class_list":["post-290554","post","type-post","status-publish","format-standard","has-post-thumbnail","hentry","category-news-18","category-49","description-off"],"img_url":"https:\/\/www.radiopiu.net\/wordpress\/wp-content\/uploads\/2022\/08\/Atleti_e_delegati_Finp.jpg","_links":{"self":[{"href":"https:\/\/www.radiopiu.net\/wordpress\/wp-json\/wp\/v2\/posts\/290554","targetHints":{"allow":["GET"]}}],"collection":[{"href":"https:\/\/www.radiopiu.net\/wordpress\/wp-json\/wp\/v2\/posts"}],"about":[{"href":"https:\/\/www.radiopiu.net\/wordpress\/wp-json\/wp\/v2\/types\/post"}],"author":[{"embeddable":true,"href":"https:\/\/www.radiopiu.net\/wordpress\/wp-json\/wp\/v2\/users\/4"}],"replies":[{"embeddable":true,"href":"https:\/\/www.radiopiu.net\/wordpress\/wp-json\/wp\/v2\/comments?post=290554"}],"version-history":[{"count":0,"href":"https:\/\/www.radiopiu.net\/wordpress\/wp-json\/wp\/v2\/posts\/290554\/revisions"}],"wp:featuredmedia":[{"embeddable":true,"href":"https:\/\/www.radiopiu.net\/wordpress\/wp-json\/wp\/v2\/media\/290555"}],"wp:attachment":[{"href":"https:\/\/www.radiopiu.net\/wordpress\/wp-json\/wp\/v2\/media?parent=290554"}],"wp:term":[{"taxonomy":"category","embeddable":true,"href":"https:\/\/www.radiopiu.net\/wordpress\/wp-json\/wp\/v2\/categories?post=290554"},{"taxonomy":"post_tag","embeddable":true,"href":"https:\/\/www.radiopiu.net\/wordpress\/wp-json\/wp\/v2\/tags?post=290554"}],"curies":[{"name":"wp","href":"https:\/\/api.w.org\/{rel}","templated":true}]}}