{"id":290580,"date":"2022-08-03T05:31:36","date_gmt":"2022-08-03T03:31:36","guid":{"rendered":"https:\/\/www.radiopiu.net\/wordpress\/?p=290580"},"modified":"2022-08-03T05:32:40","modified_gmt":"2022-08-03T03:32:40","slug":"il-volontariato-bellunese-in-lutto-per-la-scomparsa-di-giambattista-arrigoni","status":"publish","type":"post","link":"https:\/\/www.radiopiu.net\/wordpress\/il-volontariato-bellunese-in-lutto-per-la-scomparsa-di-giambattista-arrigoni\/","title":{"rendered":"IL VOLONTARIATO BELLUNESE IN LUTTO  PER LA SCOMPARSA DI GIAMBATTISTA ARRIGONI"},"content":{"rendered":"<p><strong><a class=\"dt-pswp-item\" href=\"https:\/\/www.radiopiu.net\/wordpress\/wp-content\/uploads\/2022\/08\/arrigoni-1.jpg\" data-dt-img-description=\"\" data-large_image_width=\"1920\" data-large_image_height=\"1080\"><img loading=\"lazy\" decoding=\"async\" class=\"size-thumbnail wp-image-290581 alignleft\" src=\"https:\/\/www.radiopiu.net\/wordpress\/wp-content\/uploads\/2022\/08\/arrigoni-1-150x150.jpg\" alt=\"\" width=\"150\" height=\"150\" \/><\/a>BELLUNO <\/strong>Cordoglio unanime per la scomparsa di uno dei padri del volontariato bellunese: Giambattista Arrigoni, presidente onorario del Comitato d\u2019Intesa tra le associazioni volontaristiche della provincia di Belluno. Il dottor Arrigoni aveva assunto la presidenza del Comitato d\u2019Intesa nel 1984, succedendo a Valentino Del Fabbro, e rimanendo in carica fino al 2009. \u00c8 stato inoltre primo presidente dell\u2019allora Csv Belluno, assumendo il ruolo dalla sua nascita, nel 1997, e mantenendolo fino al 2009, per poi essere eletto come presidente onorario sia del Comitato d\u2019Intesa che dell\u2019allora Csv. \u00ab<em>La tragedia che ha colpito il dottor Arrigoni e la sua famiglia\u00a0 lascia esterrefatti. Sono stato per tanti anni un suo vicino collaboratore \u00a0nei vari campi del volontariato \u00a0(Opera \u201cMartino Arrigoni\u201d, Comitato d&#8217;Intesa, Csv, Casa Tua),\u00a0con lui ho condiviso le iniziative e le proposte concrete elaborate ed attuate in tanti anni di attivit\u00e0. Ha dato tempo, impegno, risorse, sostenuto talenti, in parallelo &#8211; non in alternativa &#8211; al servizio pubblico, con tangibili segni di attenzione, sostenendo e promuovendo una vasta dimensione di opportunit\u00e0 che ha permesso di avere quel diritto alla salute garantito a tutti. Infatti tante persone della nostra comunit\u00e0 e non solo\u00a0 hanno certamente\u00a0migliorato, grazie al suo impegno, la loro qualit\u00e0 di vita. \u00c8 stata una realt\u00e0 concreta spesso silenziosa fatta di gesti di chi aiuta l\u2019altro in difficolt\u00e0, con la stessa energia che avrebbe impiegato\u00a0 per se stesso o per un suo familiare. Quell\u2019energia che nasce dal cuore, dalla gratuit\u00e0, dalla speranza e dalla solidariet\u00e0 vera. Lascia certamente un segno denso di tanti significati. A lui doverosa la gratitudine della comunit\u00e0 bellunese e non solo<\/em>\u00bb. Cos\u00ec Giorgio Zampieri, gi\u00e0 presidente di Comitato d\u2019Intesa e Csv, proprio dal 2009, anno di fine mandato di Arrigoni, che con lui condivide la carica di presidente onorario del Comitato d\u2019Intesa. \u00ab<em>Un grande lutto ha colpito la comunit\u00e0 del volontariato bellunese<\/em>\u00bb, dichiara Gianluca Corsetti, presidente del Comitato d\u2019Intesa. \u00ab<em>Determinante il suo contributo nel far crescere il Comitato d\u2019Intesa, oltre che alla nascita del Csv. La sua leadership, autorevole e forte, ha consentito la crescita delle due realt\u00e0, portando autorevolezza e concretezza nei tavoli di confronto istituzionali. Va ricordato il suo costante impegno anche nell\u2019Opera \u201cMartino Arrigoni\u201d in cui ha riposto anima, cuore e mente. Inoltre \u00e8 stato punto di riferimento per molte associazioni di volontariato. Va ricordato poi il suo apporto professionale come medico odontoiatra a favore di persone bisognose. Diverse volte \u00e8 stato in Africa, al fianco del Rotary Club Belluno, per svolgere tale attivit\u00e0 in missioni di aiuti umanitari. Ancora, non va dimenticato, il suo apporto per Casa Tua e per il presidio multizonale per persone con disabilit\u00e0 di Cusighe<\/em>\u00bb.Il ricordo del Csv Belluno Treviso, per voce della presidente Elisa Corr\u00e0 e del direttore Nevio Meneguz: \u00ab<em>Ci uniamo al cordoglio per la perdita del dottor Arrigoni che, oltre che avere costruito le basi per Comitato d\u2019Intesa e Csv, \u00e8 rimasto nel cuore della comunit\u00e0, delle istituzioni e di tutti noi per le sue doti. Una grande determinazione e un costante e sentito impegno nell\u2019agire disinteressato sono i tratti distintivi, sottolineati da quanti lo hanno conosciuto. Il suo impegno \u00e8 stato legato alla nascita dei due enti, ma \u00e8 stato esteso a molte altre associazioni di volontariato, anche mettendo al servizio degli altri la sua professione di odontoiatra<\/em>\u00bb. Tra quanti lo hanno conosciuto da vicino c\u2019era sicuramente Angelo Paganin, primo direttore del Csv nel 1997, e gi\u00e0 dal 1987 impegnato nel Comitato d\u2019Intesa. \u00ab<em>Un esempio di persona retta, con un\u2019elevata etica, forte senso civico e sempre a disposizione dei bisognosi<\/em>\u00bb, dichiara Paganin. \u00ab<em>Tra le sue caratteristiche ricordo una grande vocazione decisionale e determinazione nel portare avanti le esigenze del mondo del volontariato, dimostrata in molti ambiti dall\u2019Opera \u201cMartino Arrigoni\u201d, in memoria del figlio, nell\u2019impegno col Rotary Club fino all\u2019impegno in politica prima come assessore e poi vicesindaco nella giunta Fistarol. Sempre presente ad impegni istituzionali, con gli altri Csv nazionali ma anche con le attivit\u00e0 del Centro Studi Prisma nel campo dell\u2019integrazione sociale delle persone con disabilit\u00e0, richiedeva altrettanta costanza anche al suo staff, credendo molto negli incontri e nei confronti fra persone<\/em>\u00bb.<\/p>\n<p>&nbsp;<\/p>\n<p>&nbsp;<\/p>\n<p>******<\/p>\n","protected":false},"excerpt":{"rendered":"<p>BELLUNO Cordoglio unanime per la scomparsa di uno dei padri del volontariato bellunese: Giambattista Arrigoni, presidente onorario del Comitato d\u2019Intesa tra le associazioni volontaristiche della provincia di Belluno. Il dottor Arrigoni aveva assunto la presidenza del Comitato d\u2019Intesa nel 1984, succedendo a Valentino Del Fabbro, e rimanendo in carica fino al 2009. \u00c8 stato inoltre&hellip;<\/p>\n","protected":false},"author":4,"featured_media":290581,"comment_status":"closed","ping_status":"closed","sticky":false,"template":"","format":"standard","meta":{"_monsterinsights_skip_tracking":false,"_monsterinsights_sitenote_active":false,"_monsterinsights_sitenote_note":"","_monsterinsights_sitenote_category":0,"footnotes":""},"categories":[51,49],"tags":[],"class_list":["post-290580","post","type-post","status-publish","format-standard","has-post-thumbnail","hentry","category-evidenza-top","category-news-18","category-51","category-49","description-off"],"img_url":"https:\/\/www.radiopiu.net\/wordpress\/wp-content\/uploads\/2022\/08\/arrigoni-1.jpg","_links":{"self":[{"href":"https:\/\/www.radiopiu.net\/wordpress\/wp-json\/wp\/v2\/posts\/290580","targetHints":{"allow":["GET"]}}],"collection":[{"href":"https:\/\/www.radiopiu.net\/wordpress\/wp-json\/wp\/v2\/posts"}],"about":[{"href":"https:\/\/www.radiopiu.net\/wordpress\/wp-json\/wp\/v2\/types\/post"}],"author":[{"embeddable":true,"href":"https:\/\/www.radiopiu.net\/wordpress\/wp-json\/wp\/v2\/users\/4"}],"replies":[{"embeddable":true,"href":"https:\/\/www.radiopiu.net\/wordpress\/wp-json\/wp\/v2\/comments?post=290580"}],"version-history":[{"count":0,"href":"https:\/\/www.radiopiu.net\/wordpress\/wp-json\/wp\/v2\/posts\/290580\/revisions"}],"wp:featuredmedia":[{"embeddable":true,"href":"https:\/\/www.radiopiu.net\/wordpress\/wp-json\/wp\/v2\/media\/290581"}],"wp:attachment":[{"href":"https:\/\/www.radiopiu.net\/wordpress\/wp-json\/wp\/v2\/media?parent=290580"}],"wp:term":[{"taxonomy":"category","embeddable":true,"href":"https:\/\/www.radiopiu.net\/wordpress\/wp-json\/wp\/v2\/categories?post=290580"},{"taxonomy":"post_tag","embeddable":true,"href":"https:\/\/www.radiopiu.net\/wordpress\/wp-json\/wp\/v2\/tags?post=290580"}],"curies":[{"name":"wp","href":"https:\/\/api.w.org\/{rel}","templated":true}]}}