{"id":290616,"date":"2022-08-02T16:43:20","date_gmt":"2022-08-02T14:43:20","guid":{"rendered":"https:\/\/www.radiopiu.net\/wordpress\/?p=290616"},"modified":"2022-08-02T16:43:20","modified_gmt":"2022-08-02T14:43:20","slug":"caldo-e-precipitazioni-il-soccorso-alpino-chiede-di-prestare-attenzione-per-gli-smottamenti","status":"publish","type":"post","link":"https:\/\/www.radiopiu.net\/wordpress\/caldo-e-precipitazioni-il-soccorso-alpino-chiede-di-prestare-attenzione-per-gli-smottamenti\/","title":{"rendered":"CALDO E PRECIPITAZIONI: IL SOCCORSO ALPINO CHIEDE DI PRESTARE ATTENZIONE PER GLI SMOTTAMENTI"},"content":{"rendered":"<p><strong><a class=\"dt-pswp-item\" href=\"https:\/\/www.radiopiu.net\/wordpress\/wp-content\/uploads\/2018\/08\/soccorsoalpino.jpg\" data-dt-img-description=\"\" data-large_image_width=\"1200\" data-large_image_height=\"1200\"><img loading=\"lazy\" decoding=\"async\" class=\"size-thumbnail wp-image-59164 alignleft\" src=\"https:\/\/www.radiopiu.net\/wordpress\/wp-content\/uploads\/2018\/08\/soccorsoalpino-150x150.jpg\" alt=\"\" width=\"150\" height=\"150\" srcset=\"https:\/\/www.radiopiu.net\/wordpress\/wp-content\/uploads\/2018\/08\/soccorsoalpino-150x150.jpg 150w, https:\/\/www.radiopiu.net\/wordpress\/wp-content\/uploads\/2018\/08\/soccorsoalpino-300x300.jpg 300w, https:\/\/www.radiopiu.net\/wordpress\/wp-content\/uploads\/2018\/08\/soccorsoalpino-768x768.jpg 768w, https:\/\/www.radiopiu.net\/wordpress\/wp-content\/uploads\/2018\/08\/soccorsoalpino-1024x1024.jpg 1024w, https:\/\/www.radiopiu.net\/wordpress\/wp-content\/uploads\/2018\/08\/soccorsoalpino.jpg 1200w\" sizes=\"auto, (max-width: 150px) 100vw, 150px\" \/><\/a>BELLUNO <\/strong>In quest\u2019estate, caratterizzata da temperature elevate e scarsit\u00e0 di regolari precipitazioni, ma interessata da fenomeni temporaleschi molto intensi e localizzati, bisogna evidenziare che lungo i sentieri e le vie ferrate si possono verificare, ancor pi\u00f9 che in altre annate, smottamenti o cadute di sassi. Particolarmente pericolosi per gli escursionisti sono i passaggi nei conoidi di ghiaia e sassi, lungo e sotto le pareti rocciose, su sentieri scoscesi e percorsi attrezzati. Anche quando affrontata dall\u2019escursionista con responsabilit\u00e0, consapevolezza delle proprie possibilit\u00e0 fisiche, rispetto per l\u2019ambiente naturale e per il prossimo, la montagna rimane pur sempre un ambiente austero e non privo di pericoli oggettivi e imprevedibili, ancor pi\u00f9 in epoca di cambiamenti climatici. Impossibile \u00e8 per chiunque prevedere e valutare la pericolosit\u00e0 di un sentiero o di un percorso attrezzato in caso di violenti fenomeni temporaleschi. Si consiglia vivamente di non affrontare tali itinerari in queste condizioni, evitando di camminare sotto pareti rocciose, in gole torrentizie, su nevai o su ghiaioni. Nel caso delle vie ferrate, si ricorda che esse sono divise in gradi di difficolt\u00e0 e vanno percorse in base alle proprie capacit\u00e0 e dotati di attrezzatura idonea e omologata.<\/p>\n<p>&nbsp;<\/p>\n<p>&nbsp;<\/p>\n<p>****<\/p>\n","protected":false},"excerpt":{"rendered":"<p>BELLUNO In quest\u2019estate, caratterizzata da temperature elevate e scarsit\u00e0 di regolari precipitazioni, ma interessata da fenomeni temporaleschi molto intensi e localizzati, bisogna evidenziare che lungo i sentieri e le vie ferrate si possono verificare, ancor pi\u00f9 che in altre annate, smottamenti o cadute di sassi. Particolarmente pericolosi per gli escursionisti sono i passaggi nei conoidi&hellip;<\/p>\n","protected":false},"author":4,"featured_media":59164,"comment_status":"closed","ping_status":"closed","sticky":false,"template":"","format":"standard","meta":{"_monsterinsights_skip_tracking":false,"_monsterinsights_sitenote_active":false,"_monsterinsights_sitenote_note":"","_monsterinsights_sitenote_category":0,"footnotes":""},"categories":[49],"tags":[],"class_list":["post-290616","post","type-post","status-publish","format-standard","has-post-thumbnail","hentry","category-news-18","category-49","description-off"],"img_url":"https:\/\/www.radiopiu.net\/wordpress\/wp-content\/uploads\/2018\/08\/soccorsoalpino.jpg","_links":{"self":[{"href":"https:\/\/www.radiopiu.net\/wordpress\/wp-json\/wp\/v2\/posts\/290616","targetHints":{"allow":["GET"]}}],"collection":[{"href":"https:\/\/www.radiopiu.net\/wordpress\/wp-json\/wp\/v2\/posts"}],"about":[{"href":"https:\/\/www.radiopiu.net\/wordpress\/wp-json\/wp\/v2\/types\/post"}],"author":[{"embeddable":true,"href":"https:\/\/www.radiopiu.net\/wordpress\/wp-json\/wp\/v2\/users\/4"}],"replies":[{"embeddable":true,"href":"https:\/\/www.radiopiu.net\/wordpress\/wp-json\/wp\/v2\/comments?post=290616"}],"version-history":[{"count":0,"href":"https:\/\/www.radiopiu.net\/wordpress\/wp-json\/wp\/v2\/posts\/290616\/revisions"}],"wp:featuredmedia":[{"embeddable":true,"href":"https:\/\/www.radiopiu.net\/wordpress\/wp-json\/wp\/v2\/media\/59164"}],"wp:attachment":[{"href":"https:\/\/www.radiopiu.net\/wordpress\/wp-json\/wp\/v2\/media?parent=290616"}],"wp:term":[{"taxonomy":"category","embeddable":true,"href":"https:\/\/www.radiopiu.net\/wordpress\/wp-json\/wp\/v2\/categories?post=290616"},{"taxonomy":"post_tag","embeddable":true,"href":"https:\/\/www.radiopiu.net\/wordpress\/wp-json\/wp\/v2\/tags?post=290616"}],"curies":[{"name":"wp","href":"https:\/\/api.w.org\/{rel}","templated":true}]}}