{"id":290662,"date":"2022-08-02T23:59:07","date_gmt":"2022-08-02T21:59:07","guid":{"rendered":"https:\/\/www.radiopiu.net\/wordpress\/?p=290662"},"modified":"2022-08-03T05:37:25","modified_gmt":"2022-08-03T03:37:25","slug":"per-ricordare-fra-fortunato-de-pellegrin","status":"publish","type":"post","link":"https:\/\/www.radiopiu.net\/wordpress\/per-ricordare-fra-fortunato-de-pellegrin\/","title":{"rendered":"PER RICORDARE FRA\u2019 FORTUNATO DE PELLEGRIN"},"content":{"rendered":"<p><strong>di Renato Bona<\/strong><\/p>\n<p>Sono state celebrate a Saccolongo in provincia di Padova le esequie di fra\u2019 Fortunato De Pellegrin, dell\u2019Ordine dei francescani minori, nativo di Agordo, deceduto nella notte tra il 28 ed il 29 luglio scorsi. Ed \u00e8 fissata per gioved\u00ec 4 agosto, a partire dalle 20, una celebrazione di suffragio nel santuario agordino di Santa Maria delle Grazie, che sar\u00e0 presieduta dal vescovo di Belluno-Feltre monsignor Renato Marangoni che aveva ricevuto la notizia della scomparsa a Loreto, nel Santuario della Santa Casa ed aveva commentato: \u201cPenso alla \u2018nuova casa\u2019 di fra\u2019 Fortunato\u2026. Vi \u00e8 anche un Magnificat da innalzare a Dio per il volto felice e rassicurante di fra\u2019 Fortunato, che ci ha tanto confortato\u201d. Nel sito \u201cchiesabellunofeltre\u201d un servizio con gli annunci, compreso quello che \u00e8 stato fra\u2019 Federico Righetti, vicario della Provincia di Sant\u2019Antonio dei Frati Minori (Nord Italia), ad avvisare il Vescovo: \u201cUna notizia \u2018fraterna e mesta\u2019 nello stesso tempo, come ha riconosciuto il presule: mesta per l\u2019addio, fraterna perch\u00e9 padre Fortunato per tanti anni ha prestato il suo ministero nel santuario di Rocca Pietore\u201d. Un ministero, quello di De Pellegrin, che \u201c\u00e8 stato ricchissimo di esperienze: oltre al servizio in parrocchie del Veneto, fu missionario nelle Filippine dove \u00e8 stato eletto superiore della Missione nella quale operava. Ritornato in Italia, dopo qualche tempo \u00e8 stato inviato in Guinea Bissau e, dopo 27 anni di missione, \u00e8 tornato definitivamente in Italia, nel 2004\u201d. Cos\u00ec lo ricordava monsignor Giorgio Lise, gi\u00e0 arcidiacono di Agordo ed ora rettore del Seminario Gregoriano di Belluno, il 29 giugno di quattro anni fa, nel giubileo per il sessantesimo anniversario di ordinazione. Era nato il 5 luglio 1931 a Colvignas di Agordo; nell\u2019agosto 1944 era entrato nel seminario francescano di Lonigo in provincia di Vicenza. Il 19 marzo 1956 pronunci\u00f2 la professione solenne a San Michele in Isola, a Venezia; ordinato presbitero nella chiesa di San Bernardino a Verona, celebr\u00f2 la prima Messa solenne ad Agordo il 15 agosto 1958. Nell\u2019autunno venne assegnato al santuario di Santa Maria del Frassino di Peschiera del Garda come confessore e catechista. Ma nell\u2019ottobre 1961, con un viaggio in nave di 25 giorni, raggiungeva Hong Kong, per ripartire poco dopo alla volta di Manila, capitale delle Filippine: di l\u00ec il trasferimento in una zona disagiata dell\u2019estremo nord dell\u2019isola di Luzon, a oltre cinquecento chilometri dalla capitale: era la missione che il vescovo di Tuguegarao aveva affidato alla comunit\u00e0 dei frati veneti espulsi dalla Cina di Mao. Di quella missione fra\u2019 Fortunato divenne superiore nel 1966. All\u2019inizio del 1977 torn\u00f2 in Italia, per prepararsi al nuovo salto, verso la Guinea Biassau, dove giunse il 4 gennaio 1978 per restarvi fino al 2004. Quando infine sent\u00ec che gli anni di missione presentavano il conto, concord\u00f2 con i superiori il rientro in Italia e venne assegnato al santuario agordino. E a proposito di celebrazioni: domenica 24 luglio si \u00e8 svolto un pellegrinaggio da Belluno a Santa Maria delle Grazie per chiedere vocazioni sacerdotali ed re\u00f2igiose, iniziativa realizzata nel ricordo di don Giovanni Unterberger, che &#8211; ricorda il sito della Diocesi \u2013 fu a lungo padre spirituale del seminario diocesano. Ed \u00e8 mancato nel marzo dello scorso anno perch\u00e9 colpito dal Covid. Era \u2013 quella del pellegrinaggio \u2013 un\u2019idea proprio di Unterberger che aveva di fatto dedicato la sua vita alla formazione dei futuri sacerdoti: \u201dAppena la pandemia ci lascer\u00e0 respirare, andremo in pellegrinaggio per chiedere vocazioni sacerdotali e religiose!\u201d. Alla sua aspirazione, si legge nel sito \u201cchiesabellunofeltre\u201d, \u00e8 stata data attuazione domenica 24 luglio. Dopo la messa delle 8,30 celebrata nella chiesa di San Pietro a Belluno dal vescovo emerito monsignor Giuseppe Andrich, una ventina di fedeli ed altre persone legate a don Giovanni sono partite alla volta di Alleghe. Da l\u00ec l\u2019ultimo tratto di pellegrinaggio a piedi verso il Santuario di Santa Maria delle Grazie. La recita del rosario, la visita del santuario, la condivisione del pranzo all\u2019aperto e un ultimo momento di preghiere sono stati i momenti che hanno punteggiato la giornata nella serenit\u00e0 del luogo, nella fresca temperatura della vallata del Cordevole e nella cordiale accoglienza del rettore del santuario don Dario Fontana\u201d. La conclusione del servizio: \u201cI vari gruppi, seguiti da don Giovanni hanno cos\u00ec dato seguito al suo lascito, facendo della preghiera per le vocazioni un punto cardine della propria vita spirituale. Sono in programma altri pellegrinaggi nei prossimi mesi. Nel mentre continua la colletta per il seminario pakistano di Multan, cominciata nello scorso gennaio\u201d.<\/p>\n\n\t\t\t<style type='text\/css'>\n\t\t\t\t#gallery-1 {\n\t\t\t\t\tmargin: auto;\n\t\t\t\t}\n\t\t\t\t#gallery-1 .gallery-item {\n\t\t\t\t\tfloat: left;\n\t\t\t\t\tmargin-top: 10px;\n\t\t\t\t\ttext-align: center;\n\t\t\t\t\twidth: 25%;\n\t\t\t\t}\n\t\t\t\t#gallery-1 img {\n\t\t\t\t\tborder: 2px solid #cfcfcf;\n\t\t\t\t}\n\t\t\t\t#gallery-1 .gallery-caption {\n\t\t\t\t\tmargin-left: 0;\n\t\t\t\t}\n\t\t\t\t\/* see gallery_shortcode() in wp-includes\/media.php *\/\n\t\t\t<\/style>\n\t\t<div id='gallery-1' class='dt-gallery-container gallery galleryid-290662 gallery-columns-4 gallery-size-thumbnail'><dl class='gallery-item'>\n\t\t\t\t<dt class='gallery-icon portrait'>\n\t\t\t\t\t<a class=\"rollover rollover-zoom dt-pswp-item\" title=\"296614169_737941414179200_4705969516397405156_n\" data-dt-img-description=\"\" data-large_image_width=\"320\" data-large_image_height=\"466\"href='https:\/\/www.radiopiu.net\/wordpress\/wp-content\/uploads\/2022\/08\/296614169_737941414179200_4705969516397405156_n.jpg'><img loading=\"lazy\" decoding=\"async\" width=\"150\" height=\"150\" src=\"https:\/\/www.radiopiu.net\/wordpress\/wp-content\/uploads\/2022\/08\/296614169_737941414179200_4705969516397405156_n-150x150.jpg\" class=\"attachment-thumbnail size-thumbnail\" alt=\"\" \/><\/a>\n\t\t\t\t<\/dt><\/dl><dl class='gallery-item'>\n\t\t\t\t<dt class='gallery-icon landscape'>\n\t\t\t\t\t<a class=\"rollover rollover-zoom dt-pswp-item\" title=\"296204929_1422116401598264_2520868433808780803_n\" data-dt-img-description=\"\" data-large_image_width=\"150\" data-large_image_height=\"150\"href='https:\/\/www.radiopiu.net\/wordpress\/wp-content\/uploads\/2022\/08\/296204929_1422116401598264_2520868433808780803_n.jpg'><img loading=\"lazy\" decoding=\"async\" width=\"150\" height=\"150\" src=\"https:\/\/www.radiopiu.net\/wordpress\/wp-content\/uploads\/2022\/08\/296204929_1422116401598264_2520868433808780803_n.jpg\" class=\"attachment-thumbnail size-thumbnail\" alt=\"\" \/><\/a>\n\t\t\t\t<\/dt><\/dl><dl class='gallery-item'>\n\t\t\t\t<dt class='gallery-icon landscape'>\n\t\t\t\t\t<a class=\"rollover rollover-zoom dt-pswp-item\" title=\"296384461_1095954154683941_8432783465021481485_n\" data-dt-img-description=\"\" data-large_image_width=\"150\" data-large_image_height=\"150\"href='https:\/\/www.radiopiu.net\/wordpress\/wp-content\/uploads\/2022\/08\/296384461_1095954154683941_8432783465021481485_n.jpg'><img loading=\"lazy\" decoding=\"async\" width=\"150\" height=\"150\" src=\"https:\/\/www.radiopiu.net\/wordpress\/wp-content\/uploads\/2022\/08\/296384461_1095954154683941_8432783465021481485_n.jpg\" class=\"attachment-thumbnail size-thumbnail\" alt=\"\" \/><\/a>\n\t\t\t\t<\/dt><\/dl><dl class='gallery-item'>\n\t\t\t\t<dt class='gallery-icon portrait'>\n\t\t\t\t\t<a class=\"rollover rollover-zoom dt-pswp-item\" title=\"296323926_532437935232702_8334504259860649801_n\" data-dt-img-description=\"\" data-large_image_width=\"205\" data-large_image_height=\"246\"href='https:\/\/www.radiopiu.net\/wordpress\/wp-content\/uploads\/2022\/08\/296323926_532437935232702_8334504259860649801_n.jpg'><img loading=\"lazy\" decoding=\"async\" width=\"150\" height=\"150\" src=\"https:\/\/www.radiopiu.net\/wordpress\/wp-content\/uploads\/2022\/08\/296323926_532437935232702_8334504259860649801_n-150x150.jpg\" class=\"attachment-thumbnail size-thumbnail\" alt=\"\" \/><\/a>\n\t\t\t\t<\/dt><\/dl><br style=\"clear: both\" \/><dl class='gallery-item'>\n\t\t\t\t<dt class='gallery-icon landscape'>\n\t\t\t\t\t<a class=\"rollover rollover-zoom dt-pswp-item\" title=\"296482164_384966960457018_951502472477630404_n\" data-dt-img-description=\"\" data-large_image_width=\"275\" data-large_image_height=\"183\"href='https:\/\/www.radiopiu.net\/wordpress\/wp-content\/uploads\/2022\/08\/296482164_384966960457018_951502472477630404_n.jpg'><img loading=\"lazy\" decoding=\"async\" width=\"150\" height=\"150\" src=\"https:\/\/www.radiopiu.net\/wordpress\/wp-content\/uploads\/2022\/08\/296482164_384966960457018_951502472477630404_n-150x150.jpg\" class=\"attachment-thumbnail size-thumbnail\" alt=\"\" \/><\/a>\n\t\t\t\t<\/dt><\/dl><dl class='gallery-item'>\n\t\t\t\t<dt class='gallery-icon landscape'>\n\t\t\t\t\t<a class=\"rollover rollover-zoom dt-pswp-item\" title=\"296582394_1197227554465528_5494887286724047384_n\" data-dt-img-description=\"\" data-large_image_width=\"501\" data-large_image_height=\"403\"href='https:\/\/www.radiopiu.net\/wordpress\/wp-content\/uploads\/2022\/08\/296582394_1197227554465528_5494887286724047384_n.jpg'><img loading=\"lazy\" decoding=\"async\" width=\"150\" height=\"150\" src=\"https:\/\/www.radiopiu.net\/wordpress\/wp-content\/uploads\/2022\/08\/296582394_1197227554465528_5494887286724047384_n-150x150.jpg\" class=\"attachment-thumbnail size-thumbnail\" alt=\"\" \/><\/a>\n\t\t\t\t<\/dt><\/dl><dl class='gallery-item'>\n\t\t\t\t<dt class='gallery-icon landscape'>\n\t\t\t\t\t<a class=\"rollover rollover-zoom dt-pswp-item\" title=\"296335336_584157679930463_2034363633309161060_n\" data-dt-img-description=\"\" data-large_image_width=\"698\" data-large_image_height=\"403\"href='https:\/\/www.radiopiu.net\/wordpress\/wp-content\/uploads\/2022\/08\/296335336_584157679930463_2034363633309161060_n.jpg'><img loading=\"lazy\" decoding=\"async\" width=\"150\" height=\"150\" src=\"https:\/\/www.radiopiu.net\/wordpress\/wp-content\/uploads\/2022\/08\/296335336_584157679930463_2034363633309161060_n-150x150.jpg\" class=\"attachment-thumbnail size-thumbnail\" alt=\"\" \/><\/a>\n\t\t\t\t<\/dt><\/dl><dl class='gallery-item'>\n\t\t\t\t<dt class='gallery-icon landscape'>\n\t\t\t\t\t<a class=\"rollover rollover-zoom dt-pswp-item\" title=\"296748302_5035290819927139_8950422982088518981_n\" data-dt-img-description=\"\" data-large_image_width=\"150\" data-large_image_height=\"150\"href='https:\/\/www.radiopiu.net\/wordpress\/wp-content\/uploads\/2022\/08\/296748302_5035290819927139_8950422982088518981_n.jpg'><img loading=\"lazy\" decoding=\"async\" width=\"150\" height=\"150\" src=\"https:\/\/www.radiopiu.net\/wordpress\/wp-content\/uploads\/2022\/08\/296748302_5035290819927139_8950422982088518981_n.jpg\" class=\"attachment-thumbnail size-thumbnail\" alt=\"\" \/><\/a>\n\t\t\t\t<\/dt><\/dl><br style=\"clear: both\" \/>\n\t\t\t<\/div>\n\n<p>NELLE FOTO (riproduzioni dal sito diocesano \u201cchiesabellunofeltre\u201d): l\u2019agordino fra\u2019 Fortunato De Pellegrin; un ricordo di quando era missionario; eccolo con il quadro della chiesetta di San Rocco a Colvignas, suo paese natale, realizzato da Natale Dal Molin, che gli era stato donato nel sessantesimo di sacerdozio; monsignor Giorgio Lise che ne aveva illustrato la figura nell\u2019occasione; il santuario di Santa Maria delle Grazie; monsignor Giovanni Unterberger che auspicava vocazioni sacerdotali e religiose e proponeva prima della pandemia un pellegrinaggio proprio nel santuario agordino; due momenti di quello, recentissimo, ad Alleghe-Rocca Pietore per ricordarlo esaudendo il suo desiderio.<\/p>\n<p>&nbsp;<\/p>\n<p>&nbsp;<\/p>\n<p>******<\/p>\n","protected":false},"excerpt":{"rendered":"<p>di Renato Bona Sono state celebrate a Saccolongo in provincia di Padova le esequie di fra\u2019 Fortunato De Pellegrin, dell\u2019Ordine dei francescani minori, nativo di Agordo, deceduto nella notte tra il 28 ed il 29 luglio scorsi. Ed \u00e8 fissata per gioved\u00ec 4 agosto, a partire dalle 20, una celebrazione di suffragio nel santuario agordino&hellip;<\/p>\n","protected":false},"author":4,"featured_media":290664,"comment_status":"closed","ping_status":"closed","sticky":false,"template":"","format":"standard","meta":{"_monsterinsights_skip_tracking":false,"_monsterinsights_sitenote_active":false,"_monsterinsights_sitenote_note":"","_monsterinsights_sitenote_category":0,"footnotes":""},"categories":[104,49],"tags":[],"class_list":["post-290662","post","type-post","status-publish","format-standard","has-post-thumbnail","hentry","category-evidenza_3","category-news-18","category-104","category-49","description-off"],"img_url":"https:\/\/www.radiopiu.net\/wordpress\/wp-content\/uploads\/2022\/08\/296204929_1422116401598264_2520868433808780803_n.jpg","_links":{"self":[{"href":"https:\/\/www.radiopiu.net\/wordpress\/wp-json\/wp\/v2\/posts\/290662","targetHints":{"allow":["GET"]}}],"collection":[{"href":"https:\/\/www.radiopiu.net\/wordpress\/wp-json\/wp\/v2\/posts"}],"about":[{"href":"https:\/\/www.radiopiu.net\/wordpress\/wp-json\/wp\/v2\/types\/post"}],"author":[{"embeddable":true,"href":"https:\/\/www.radiopiu.net\/wordpress\/wp-json\/wp\/v2\/users\/4"}],"replies":[{"embeddable":true,"href":"https:\/\/www.radiopiu.net\/wordpress\/wp-json\/wp\/v2\/comments?post=290662"}],"version-history":[{"count":0,"href":"https:\/\/www.radiopiu.net\/wordpress\/wp-json\/wp\/v2\/posts\/290662\/revisions"}],"wp:featuredmedia":[{"embeddable":true,"href":"https:\/\/www.radiopiu.net\/wordpress\/wp-json\/wp\/v2\/media\/290664"}],"wp:attachment":[{"href":"https:\/\/www.radiopiu.net\/wordpress\/wp-json\/wp\/v2\/media?parent=290662"}],"wp:term":[{"taxonomy":"category","embeddable":true,"href":"https:\/\/www.radiopiu.net\/wordpress\/wp-json\/wp\/v2\/categories?post=290662"},{"taxonomy":"post_tag","embeddable":true,"href":"https:\/\/www.radiopiu.net\/wordpress\/wp-json\/wp\/v2\/tags?post=290662"}],"curies":[{"name":"wp","href":"https:\/\/api.w.org\/{rel}","templated":true}]}}