{"id":290775,"date":"2022-08-03T18:29:58","date_gmt":"2022-08-03T16:29:58","guid":{"rendered":"https:\/\/www.radiopiu.net\/wordpress\/?p=290775"},"modified":"2022-08-04T06:06:45","modified_gmt":"2022-08-04T04:06:45","slug":"rally-automobilisitici-quando-la-sinistra-non-sa-cosa-fa-la-sinistra","status":"publish","type":"post","link":"https:\/\/www.radiopiu.net\/wordpress\/rally-automobilisitici-quando-la-sinistra-non-sa-cosa-fa-la-sinistra\/","title":{"rendered":"RALLY AUTOMOBILISITICI, QUANDO LA SINISTRA NON SA COSA FA&#8230; LA SINISTRA"},"content":{"rendered":"<div><strong><a class=\"dt-pswp-item\" href=\"https:\/\/www.radiopiu.net\/wordpress\/wp-content\/uploads\/2019\/01\/zanoni-1.jpg\" data-dt-img-description=\"\" data-large_image_width=\"306\" data-large_image_height=\"165\"><img loading=\"lazy\" decoding=\"async\" class=\"size-thumbnail wp-image-74906 alignleft\" src=\"https:\/\/www.radiopiu.net\/wordpress\/wp-content\/uploads\/2019\/01\/zanoni-1-150x150.jpg\" alt=\"\" width=\"150\" height=\"150\" \/><\/a>BELLUNO<\/strong> Sorvoliamo sul rally bellunese a suo tempo annullato, piuttosto ritorniamo a parlare della Pedavena-Croce che da quest&#8217;anno ha conosciuto i vincoli dell&#8217;Ente Parco Nazionale delle Dolomiti Bellunesi, lo stesso ente che ha in carico il sito minerario di Valle Imperina alle porte di Agordo, da tempo abbandonato al suo destino.\u00a0 Il tetto del centro congressi \u00e8 ora oggetto di attenzione a 4 anni da Vaia, l&#8217;Ostello per l&#8217;ennesimo anno non ha una gestione e si potrebbe continuare. Per il rally, Croce d&#8217;Aune compreso, ora c&#8217;\u00e8 un&#8217;altra spada di Damocle, l&#8217;interrogazione del consigliere regionale Zanoni che chiede alla Giunta veneta di introdurre misure di tutela per le aree protette.<\/div>\n<p><em>\u201cLe attivita\u0300 relative ai rally automobilistici possono rappresentare per la fauna locale una minaccia diretta e indiretta, tra impatti e rumori. Inoltre possono comportare rischi di incendio per la vegetazione e, non da ultimo, dopo manifestazioni sportive del genere nelle aree coinvolte rimangono spesso abbandonati rifiuti di vario genere. \u00c8 evidente che servono misure di tutela che spetta alla Giunta regionale introdurre: ma \u00e8 davvero intenzione di questo governo regionale intervenire?\u201d. <\/em>Il consigliere regionale del PD Veneto interviene sulla questione attraverso la presentazione di un\u2019interrogazione che punta l\u2019indice sui rally automobilistici, traendo spunto dal caso del 18mo Rally Colli Trevigiani che nello scorso febbraio \u201cha interessato\u00a0 tre aree protette. Per lo svolgimento dell\u2019evento secondo Zanoni non risulta\u00a0 sia stata effettuata la Valutazione di Incidenza Ambientale. Zanoni, allargando il ragionamento, richiama al fatto che <em>\u201cla Direttiva 92\/43\/CEE prevede alcune disposizioni riguardanti la conservazione degli habitat e delle specie in rapporto alle attivita\u0300 socio-economiche per il raggiungimento degli obiettivi della rete Natura 2000. E dispone misure che puntano alla valutazione di possibili incidenze negative significative. La Giunta regionale &#8211; conclude &#8211; intende adottarle per prevenire e ridurre l\u2019impatto ambientale derivante dai rally automobilistici svolti nelle protette della Rete Natura 2000?\u201d.<\/em><\/p>\n<p>&nbsp;<\/p>\n<p>&nbsp;<\/p>\n<hr \/>\n<blockquote>\n<h3>A VOLTE LA SINISTRA NON SA\u00a0 COSA FA &#8230; LA SINISTRA<\/h3>\n<\/blockquote>\n<p>Sul Corriere delle Alpi, le dichiarazioni dl Pd Provinciale stridono con le idee del rappresentante regionale. Si saranno mai parlati?<\/p>\n<p><a class=\"dt-pswp-item\" href=\"https:\/\/www.radiopiu.net\/wordpress\/wp-content\/uploads\/2022\/08\/3c1ff52d-f117-4d0a-a39b-6396dbba6238.jpg\" data-dt-img-description=\"\" data-large_image_width=\"1600\" data-large_image_height=\"1244\"><img loading=\"lazy\" decoding=\"async\" class=\"alignnone wp-image-290851 size-full\" src=\"https:\/\/www.radiopiu.net\/wordpress\/wp-content\/uploads\/2022\/08\/3c1ff52d-f117-4d0a-a39b-6396dbba6238.jpg\" alt=\"\" width=\"1600\" height=\"1244\" srcset=\"https:\/\/www.radiopiu.net\/wordpress\/wp-content\/uploads\/2022\/08\/3c1ff52d-f117-4d0a-a39b-6396dbba6238.jpg 1600w, https:\/\/www.radiopiu.net\/wordpress\/wp-content\/uploads\/2022\/08\/3c1ff52d-f117-4d0a-a39b-6396dbba6238-300x233.jpg 300w, https:\/\/www.radiopiu.net\/wordpress\/wp-content\/uploads\/2022\/08\/3c1ff52d-f117-4d0a-a39b-6396dbba6238-1024x796.jpg 1024w, https:\/\/www.radiopiu.net\/wordpress\/wp-content\/uploads\/2022\/08\/3c1ff52d-f117-4d0a-a39b-6396dbba6238-768x597.jpg 768w, https:\/\/www.radiopiu.net\/wordpress\/wp-content\/uploads\/2022\/08\/3c1ff52d-f117-4d0a-a39b-6396dbba6238-1536x1194.jpg 1536w\" sizes=\"auto, (max-width: 1600px) 100vw, 1600px\" \/><\/a><\/p>\n<p>&nbsp;<\/p>\n<p>&nbsp;<\/p>\n<hr \/>\n<p>&nbsp;<\/p>\n<p>&nbsp;<\/p>\n<p><span style=\"color: #ff0000;\">LA LETTERA<\/span><\/p>\n<blockquote>\n<h3>IL CONSIGLIERE REGIONALE GIANPAOLO BOTTACIN A PROPOSITO DELLA PEDAVENA &#8211; CROCE D&#8217;AUNE<\/h3>\n<\/blockquote>\n<p>Gentile Presidente e gentili Componenti del consiglio direttivo del Parco delle Dolomiti Bellunesi,<\/p>\n<p>mi permetto di scriverVi in relazione alla manifestazione in oggetto vista la rilevanza internazionale che la stessa assume.\u00a0 Non serve ricordare che la cronoscalata automobilistica Pedavena Croce d&#8217;Aune \u00e8 una manifestazione di ampia portata sia dal punto di vista sportivo che mediatico. La storica gara infatti \u00e8 conosciuta e riconosciuta a livello europeo e ha fatto conoscere Pedavena e tutto il circondario tra i numerosissimi appassionati dello sport automobilistico in tutta Europa. A Pedavena hanno corso i migliori specialisti del mondo ed \u00e8 ormai diventato un appuntamento atteso, oltre che consolidato. Ricordo che quando ricoprivo il ruolo di presidente dell&#8217;Automobile Club Belluno avevo fatto un approfondimento sull&#8217;indotto economico delle manifestazioni motoristiche bellunesi, riscontrando dati di assoluto rilievo per l&#8217;economia della nostra Provincia. Messo a conoscenza dal comitato organizzatore delle difficolt\u00e0 ad ottenere l&#8217;autorizzazione da parte dell&#8217;Ente Parco, ho quindi svolto un approfondimento anche presso il Ministero della Transizione Ecologica.\u00a0 In modo particolare, proprio con riferimento al ministero e al documento stilato dal Dott. Montanaro, ho rilevato alcuni passaggi che ritengo degni di nota.\u00a0 Innanzitutto viene evidenziato in modo inequivocabile che, con riferimento al Regolamento del Parco, &#8220;l&#8217;interpretazione autentica \u00e8 formata dal medesimo organo che ha emanato la norma&#8221; e quindi lo stesso Ente Parco.\u00a0 Ma il passaggio che ritengo di valenza dirimente, \u00e8 quando il dottor Montanaro sottolinea, sempre con riferimento al Regolamento del Parco, che &#8220;si ritiene che il transito sulle strade regionali, provinciali e comunali, che avvenga chiaramente nel pieno rispetto delle norme previste dal Codice della Strada, non solo sia generalmente ammesso, ma che non sia soggetto a particolari limitazioni&#8221;. Ebbene, il richiamato Codice della Strada norma anche le competizioni motoristiche e lo fa all&#8217;articolo 9 dello stesso.\u00a0 In modo particolare si evidenzia che &#8220;Sulle strade ed aree pubbliche sono vietate le competizioni sportive con veicoli o animali e quelle atletiche, salvo autorizzazione&#8221;&#8230;.&#8221;Per le gare con veicoli a motore l&#8217;autorizzazione e&#8217; rilasciata, sentite le federazioni nazionali sportive competenti e dandone tempestiva informazione all&#8217;autorita&#8217; di pubblica sicurezza: dalla regione e dalle province autonome di Trento e di Bolzano per le strade che costituiscono la rete di interesse nazionale; dalla regione per le strade regionali; dalle province per le strade provinciali; dai comuni per le strade comunali&#8221;&#8230;. &#8220;Per le autorizzazioni relative alle competizioni motoristiche i promotori devono richiedere il nulla osta per la loro effettuazione al Ministero delle infrastrutture e dei trasporti, allegando il preventivo parere del C.O.N.I.&#8221;&#8230;..&#8221;L&#8217;autorizzazione per l&#8217;effettuazione delle competizioni previste dal programma di cui al comma 3 deve essere richiesta, almeno trenta giorni prima della data fissata per la competizione, ed e&#8217; subordinata al rispetto delle norme tecnico- sportive e di sicurezza vigenti e all&#8217;esito favorevole del collaudo del percorso di gara e delle attrezzature relative, effettuato da un tecnico dell&#8217;ente proprietario della strada, assistito dai rappresentanti dei Ministeri dell&#8217;interno, delle infrastrutture e dei trasporti, unitamente ai rappresentanti degli organi sportivi competenti e dei promotori&#8221;&#8230;.&#8221;i veicoli che partecipano alle competizioni motoristiche sportive di cui al presente articolo possono circolare, limitatamente agli spostamenti all&#8217;interno del percorso della competizione e per il tempo strettamente necessario per gli stessi, in deroga alle disposizioni di cui all&#8217;articolo 78&#8221;. La Pedavena Croce d&#8217;Aune \u00e8 manifestazione autorizzata e calendarizzata dalla federazione sportiva e ricade a pieno titolo in quanto previsto dal suddetto articolo; anche per quanto riguarda le deroghe alle caratteristiche dei veicoli.\u00a0 In buona sostanza, il fatto che il Ministero della Transizione Ecologica evidenzi che il transito dei veicoli sia senza ombra di dubbio autorizzato, purch\u00e9 ci\u00f2 avvenga nel rispetto del codice della strada e che lo stesso codice della strada evidenzi le modalit\u00e0, tutte rispettate dalla manifestazione, affinch\u00e9 possa tenersi la manifestazione e svolgersi il transito, palesa il fatto che, ad avviso del sottoscritto, risulterebbe una forzatura evidente negare l&#8217;autorizzazione alla gara. A queste considerazioni si aggiungono anche quelle dell&#8217;avvocato Enrico Gaz, che mi risulta Vi siano gi\u00e0 state trasmesse e che concludono anch&#8217;esse sul fatto che un diniego sarebbe una evidente forzatura, pur partendo da valutazioni differenti rispetto al richiamato codice della strada.<\/p>\n<h3><\/h3>\n<p><iframe loading=\"lazy\" title=\"Pedavena Croce d&#039;Aune 2014, cronoscalata, campionato italiano velocit\u00e0 montagna\" width=\"1200\" height=\"675\" src=\"https:\/\/www.youtube.com\/embed\/v4aRRI0s_cA?feature=oembed\" frameborder=\"0\" allow=\"accelerometer; autoplay; clipboard-write; encrypted-media; gyroscope; picture-in-picture\" allowfullscreen><\/iframe><\/p>\n<p>&nbsp;<\/p>\n<p>&nbsp;<\/p>\n<p>&nbsp;<\/p>\n<p>&nbsp;<\/p>\n<hr \/>\n<p>&nbsp;<\/p>\n<p>&nbsp;<\/p>\n","protected":false},"excerpt":{"rendered":"<p>BELLUNO Sorvoliamo sul rally bellunese a suo tempo annullato, piuttosto ritorniamo a parlare della Pedavena-Croce che da quest&#8217;anno ha conosciuto i vincoli dell&#8217;Ente Parco Nazionale delle Dolomiti Bellunesi, lo stesso ente che ha in carico il sito minerario di Valle Imperina alle porte di Agordo, da tempo abbandonato al suo destino.\u00a0 Il tetto del centro&hellip;<\/p>\n","protected":false},"author":4,"featured_media":290858,"comment_status":"closed","ping_status":"closed","sticky":false,"template":"","format":"standard","meta":{"_monsterinsights_skip_tracking":false,"_monsterinsights_sitenote_active":false,"_monsterinsights_sitenote_note":"","_monsterinsights_sitenote_category":0,"footnotes":""},"categories":[104,49],"tags":[],"class_list":["post-290775","post","type-post","status-publish","format-standard","has-post-thumbnail","hentry","category-evidenza_3","category-news-18","category-104","category-49","description-off"],"img_url":"https:\/\/www.radiopiu.net\/wordpress\/wp-content\/uploads\/2022\/08\/th.jpg","_links":{"self":[{"href":"https:\/\/www.radiopiu.net\/wordpress\/wp-json\/wp\/v2\/posts\/290775","targetHints":{"allow":["GET"]}}],"collection":[{"href":"https:\/\/www.radiopiu.net\/wordpress\/wp-json\/wp\/v2\/posts"}],"about":[{"href":"https:\/\/www.radiopiu.net\/wordpress\/wp-json\/wp\/v2\/types\/post"}],"author":[{"embeddable":true,"href":"https:\/\/www.radiopiu.net\/wordpress\/wp-json\/wp\/v2\/users\/4"}],"replies":[{"embeddable":true,"href":"https:\/\/www.radiopiu.net\/wordpress\/wp-json\/wp\/v2\/comments?post=290775"}],"version-history":[{"count":0,"href":"https:\/\/www.radiopiu.net\/wordpress\/wp-json\/wp\/v2\/posts\/290775\/revisions"}],"wp:featuredmedia":[{"embeddable":true,"href":"https:\/\/www.radiopiu.net\/wordpress\/wp-json\/wp\/v2\/media\/290858"}],"wp:attachment":[{"href":"https:\/\/www.radiopiu.net\/wordpress\/wp-json\/wp\/v2\/media?parent=290775"}],"wp:term":[{"taxonomy":"category","embeddable":true,"href":"https:\/\/www.radiopiu.net\/wordpress\/wp-json\/wp\/v2\/categories?post=290775"},{"taxonomy":"post_tag","embeddable":true,"href":"https:\/\/www.radiopiu.net\/wordpress\/wp-json\/wp\/v2\/tags?post=290775"}],"curies":[{"name":"wp","href":"https:\/\/api.w.org\/{rel}","templated":true}]}}