{"id":290802,"date":"2022-08-03T23:59:01","date_gmt":"2022-08-03T21:59:01","guid":{"rendered":"https:\/\/www.radiopiu.net\/wordpress\/?p=290802"},"modified":"2022-08-03T16:15:49","modified_gmt":"2022-08-03T14:15:49","slug":"fra-le-storie-del-canal-del-mis-la-vita-e-la-gente-di-gena-media","status":"publish","type":"post","link":"https:\/\/www.radiopiu.net\/wordpress\/fra-le-storie-del-canal-del-mis-la-vita-e-la-gente-di-gena-media\/","title":{"rendered":"FRA LE STORIE DEL CANAL DEL MIS LA VITA E LA GENTE DI GENA MEDIA"},"content":{"rendered":"<p><strong>di\u00a0 RENATO BONA<\/strong><\/p>\n<p>Grazie a Pieranna Casanova, autrice di \u201cUna storia, tante storie\u201d l\u2019ottimo volume (iniziativa di Biblioteca civica e Pro loco Monti del Sole di Sospirolo con il prezioso concorso del Parco nazionale Dolomiti Bellunesi; stampa tipografia Piave nel dicembre 1999) che ci ricorda \u201cla vita e la gente del Canal del Mis\u201d conosciamo oggi la realt\u00e0 di Gena Media. L\u2019autrice spiega che dal ponte di Gena Bassa una ripida mulattiera portava sulla montagna di Gena e dopo alcuni tornanti in forte salita si raggiungeva il piccolo paese di Gena Media, dove abitava quasi una decina di famiglie\u201d. E aggiunge: \u201cPoco prima di entrare nel piccolo paese c\u2019\u00e8 il capitello costruito sul luogo dell\u2019uccisione di quattro delle cinque vittime della rappresaglia tedesca del \u201844\u201d. E la gente? Casanova rammenta che a Gena Media, come nelle altre localit\u00e0 del Canale, la gente viveva di quel poco che il terreno dava e del prodotto della lavorazione del latte di mucche e capre. Erano comunque pochi gli animali che si potevano allevare, in mancanza di grandi prati per cui si doveva sfruttare ogni zona verde della montagna per avere un po\u2019 d\u00ec erba. Le donne? Ancora l\u2019autrice del libro che stiamo \u201crileggendo\u201d: \u201cErano molto agili e riuscivano a raggiungere zone impervie pur di tornare con la gerla piena d\u2019erba o con legna per far fuoco\u201d. In proposito cita Tranquilla Casanova che \u201cmor\u00ec cos\u00ec, scivolata in un dirupo della Val Soffia, mentre si apprestava a legare una fascina di rami\u201d. Restando alla cronaca, non trascura di richiamare l\u2019esempio del piccolo Girolamo De Lorenzo cui tocc\u00f2 una disgrazia analoga: cadde infatti nella Soffia dal ponticello che attraversa il torrente lungo un sentiero nelle vicinanze di Gena Media. Miracolosamente, \u00e8 il caso di dirlo, il ragazzino usc\u00ec indenne dopo un volo di una ventina di metri. Il sentiero \u00e8 quello che porta a Piscal\u00f2r, un ampio prato dove c\u2019\u00e8 la casera dei Mioranza di Belav\u00e0l, che fu incendiata dai tedeschi in occasione del famigerato rastrellamento del 18 novembre 1944. Quanto ai ragazzi, non omette, Casanova, di sottolineare come i bambini del Canal del Mis iniziavano a lavorare fin da piccoli e ricorda Anselmo, nato nel 1928 a Gena Media, figlio di Ernesto Casanova \u2018Sp\u00e9ch\u2019, che comp\u00ec 9 anni lavorando come pastore delle mucche al Fraton, sopra Sagrogn Alt, a servizio di un malgaro di Gosaldo, il \u2018Macat\u00f2ch\u2019. L\u2019anno seguente port\u00f2 al pascolo le pecore inVal delle Moneghe e a 11 anni and\u00f2 a lavorare a Rimini come \u2018caregh\u00e8ta\u2019 con Luigi Masoch di Pattine, detto Baf\u00f3n; a 14 anni faceva gi\u00e0 il boscaiolo e a 20 inizi\u00f2 a lavorare come minatore. Nel capitolo che affronta anche l\u2019argomento case si legge che per raggiungere Gena Alta da Gena Media si impiegano ancora 20 minuti di cammino, sempre in salita, lungo la mulattiera oppure accorciando la strada attraverso le numerose scorciatoie che evitavano i torrenti ma non la fatica! A cirva met\u00e0 percorso abitava la famiglia di Luigi Case, uno dei numerosi figli di \u2018Leto\u2019 proveniente da \u2018I Case\u2019,vicino al Pian dei Zech. Nel vasto prato davanti casa, Luigi coltivava piante da frutto ed era molto abile a fare gli innesti. Dai Paganin de \u2018I Stua\u2019, con i quali si imparent\u00f2 per aver sposato Teresa Paganin, apprese le tecniche per lo sfruttamento dell\u2019acqua dei torrenti e fabbric\u00f2, presso un ruscelletto, affluente della Soffia sotto casa, un mulino che macinava, se pur lentamente, il granoturco per produrre la farina da polenta ed azionava una mola ad acqua ed altri strumenti in una piccola officina meccanica per costruire arnesi da lavoro e chiodi per ferrare le scarpe\u201d. Il racconto prosegue: \u201cIl figlio di Luigi, Mario, nato nel 1920, abit\u00f2 nella casa paterna, dopo averla ricostruita perch\u00e9 incendiata dai tedeschi insieme al paese di Gena Alta, e l\u00ec mor\u00ec nel dicembre 1966. Poco dopo, nel febbraio 1967, la moglie e i figli abbandonarono Gena. Nella loro casa c\u2019era la luce elettrica e con essa perfino la televisione e un telefono privato collegato a quello pubblico de \u2018I Sbriss\u2019. Ma come potevano continuare a vivere lass\u00f9, soli, senza il servizio della corriera, dopo che l\u2019alluvione, demolendo la strada, aveva fatto andar via tutti quelli de \u2018I Stua\u2019 e de \u2018I Pissa\u2019 e solo la famiglia di Vittorio Cervo abitava ancora il lontano Pian dei Fagher\u2019?<\/p>\n\n\t\t\t<style type='text\/css'>\n\t\t\t\t#gallery-1 {\n\t\t\t\t\tmargin: auto;\n\t\t\t\t}\n\t\t\t\t#gallery-1 .gallery-item {\n\t\t\t\t\tfloat: left;\n\t\t\t\t\tmargin-top: 10px;\n\t\t\t\t\ttext-align: center;\n\t\t\t\t\twidth: 20%;\n\t\t\t\t}\n\t\t\t\t#gallery-1 img {\n\t\t\t\t\tborder: 2px solid #cfcfcf;\n\t\t\t\t}\n\t\t\t\t#gallery-1 .gallery-caption {\n\t\t\t\t\tmargin-left: 0;\n\t\t\t\t}\n\t\t\t\t\/* see gallery_shortcode() in wp-includes\/media.php *\/\n\t\t\t<\/style>\n\t\t<div id='gallery-1' class='dt-gallery-container gallery galleryid-290802 gallery-columns-5 gallery-size-thumbnail'><dl class='gallery-item'>\n\t\t\t\t<dt class='gallery-icon landscape'>\n\t\t\t\t\t<a class=\"rollover\" href='https:\/\/www.radiopiu.net\/wordpress\/fra-le-storie-del-canal-del-mis-la-vita-e-la-gente-di-gena-media\/1-125\/'><img loading=\"lazy\" decoding=\"async\" width=\"150\" height=\"150\" src=\"https:\/\/www.radiopiu.net\/wordpress\/wp-content\/uploads\/2022\/08\/1-1-150x150.jpg\" class=\"attachment-thumbnail size-thumbnail\" alt=\"\" \/><\/a>\n\t\t\t\t<\/dt><\/dl><dl class='gallery-item'>\n\t\t\t\t<dt class='gallery-icon landscape'>\n\t\t\t\t\t<a class=\"rollover\" href='https:\/\/www.radiopiu.net\/wordpress\/fra-le-storie-del-canal-del-mis-la-vita-e-la-gente-di-gena-media\/2-128\/'><img loading=\"lazy\" decoding=\"async\" width=\"150\" height=\"150\" src=\"https:\/\/www.radiopiu.net\/wordpress\/wp-content\/uploads\/2022\/08\/2-1-150x150.jpg\" class=\"attachment-thumbnail size-thumbnail\" alt=\"\" \/><\/a>\n\t\t\t\t<\/dt><\/dl><dl class='gallery-item'>\n\t\t\t\t<dt class='gallery-icon landscape'>\n\t\t\t\t\t<a class=\"rollover\" href='https:\/\/www.radiopiu.net\/wordpress\/fra-le-storie-del-canal-del-mis-la-vita-e-la-gente-di-gena-media\/3-104\/'><img loading=\"lazy\" decoding=\"async\" width=\"150\" height=\"150\" src=\"https:\/\/www.radiopiu.net\/wordpress\/wp-content\/uploads\/2022\/08\/3-1-150x150.jpg\" class=\"attachment-thumbnail size-thumbnail\" alt=\"\" \/><\/a>\n\t\t\t\t<\/dt><\/dl><dl class='gallery-item'>\n\t\t\t\t<dt class='gallery-icon landscape'>\n\t\t\t\t\t<a class=\"rollover\" href='https:\/\/www.radiopiu.net\/wordpress\/fra-le-storie-del-canal-del-mis-la-vita-e-la-gente-di-gena-media\/4-67\/'><img loading=\"lazy\" decoding=\"async\" width=\"150\" height=\"150\" src=\"https:\/\/www.radiopiu.net\/wordpress\/wp-content\/uploads\/2022\/08\/4-1-150x150.jpg\" class=\"attachment-thumbnail size-thumbnail\" alt=\"\" \/><\/a>\n\t\t\t\t<\/dt><\/dl><dl class='gallery-item'>\n\t\t\t\t<dt class='gallery-icon portrait'>\n\t\t\t\t\t<a class=\"rollover\" href='https:\/\/www.radiopiu.net\/wordpress\/fra-le-storie-del-canal-del-mis-la-vita-e-la-gente-di-gena-media\/5-49\/'><img loading=\"lazy\" decoding=\"async\" width=\"150\" height=\"150\" src=\"https:\/\/www.radiopiu.net\/wordpress\/wp-content\/uploads\/2022\/08\/5-1-150x150.jpg\" class=\"attachment-thumbnail size-thumbnail\" alt=\"\" \/><\/a>\n\t\t\t\t<\/dt><\/dl><br style=\"clear: both\" \/><dl class='gallery-item'>\n\t\t\t\t<dt class='gallery-icon portrait'>\n\t\t\t\t\t<a class=\"rollover\" href='https:\/\/www.radiopiu.net\/wordpress\/fra-le-storie-del-canal-del-mis-la-vita-e-la-gente-di-gena-media\/6-24\/'><img loading=\"lazy\" decoding=\"async\" width=\"150\" height=\"150\" src=\"https:\/\/www.radiopiu.net\/wordpress\/wp-content\/uploads\/2022\/08\/6-1-150x150.jpg\" class=\"attachment-thumbnail size-thumbnail\" alt=\"\" \/><\/a>\n\t\t\t\t<\/dt><\/dl><dl class='gallery-item'>\n\t\t\t\t<dt class='gallery-icon landscape'>\n\t\t\t\t\t<a class=\"rollover\" href='https:\/\/www.radiopiu.net\/wordpress\/fra-le-storie-del-canal-del-mis-la-vita-e-la-gente-di-gena-media\/7-20\/'><img loading=\"lazy\" decoding=\"async\" width=\"150\" height=\"150\" src=\"https:\/\/www.radiopiu.net\/wordpress\/wp-content\/uploads\/2022\/08\/7-1-150x150.jpg\" class=\"attachment-thumbnail size-thumbnail\" alt=\"\" \/><\/a>\n\t\t\t\t<\/dt><\/dl><dl class='gallery-item'>\n\t\t\t\t<dt class='gallery-icon portrait'>\n\t\t\t\t\t<a class=\"rollover\" href='https:\/\/www.radiopiu.net\/wordpress\/fra-le-storie-del-canal-del-mis-la-vita-e-la-gente-di-gena-media\/8-14\/'><img loading=\"lazy\" decoding=\"async\" width=\"150\" height=\"150\" src=\"https:\/\/www.radiopiu.net\/wordpress\/wp-content\/uploads\/2022\/08\/8-1-150x150.jpg\" class=\"attachment-thumbnail size-thumbnail\" alt=\"\" \/><\/a>\n\t\t\t\t<\/dt><\/dl><dl class='gallery-item'>\n\t\t\t\t<dt class='gallery-icon portrait'>\n\t\t\t\t\t<a class=\"rollover\" href='https:\/\/www.radiopiu.net\/wordpress\/fra-le-storie-del-canal-del-mis-la-vita-e-la-gente-di-gena-media\/9-18\/'><img loading=\"lazy\" decoding=\"async\" width=\"150\" height=\"150\" src=\"https:\/\/www.radiopiu.net\/wordpress\/wp-content\/uploads\/2022\/08\/9-1-150x150.jpg\" class=\"attachment-thumbnail size-thumbnail\" alt=\"\" \/><\/a>\n\t\t\t\t<\/dt><\/dl><dl class='gallery-item'>\n\t\t\t\t<dt class='gallery-icon landscape'>\n\t\t\t\t\t<a class=\"rollover\" href='https:\/\/www.radiopiu.net\/wordpress\/fra-le-storie-del-canal-del-mis-la-vita-e-la-gente-di-gena-media\/010-2\/'><img loading=\"lazy\" decoding=\"async\" width=\"150\" height=\"150\" src=\"https:\/\/www.radiopiu.net\/wordpress\/wp-content\/uploads\/2022\/08\/010-150x150.jpg\" class=\"attachment-thumbnail size-thumbnail\" alt=\"\" \/><\/a>\n\t\t\t\t<\/dt><\/dl><br style=\"clear: both\" \/><dl class='gallery-item'>\n\t\t\t\t<dt class='gallery-icon portrait'>\n\t\t\t\t\t<a class=\"rollover\" href='https:\/\/www.radiopiu.net\/wordpress\/fra-le-storie-del-canal-del-mis-la-vita-e-la-gente-di-gena-media\/011-2\/'><img loading=\"lazy\" decoding=\"async\" width=\"150\" height=\"150\" src=\"https:\/\/www.radiopiu.net\/wordpress\/wp-content\/uploads\/2022\/08\/011-150x150.jpg\" class=\"attachment-thumbnail size-thumbnail\" alt=\"\" \/><\/a>\n\t\t\t\t<\/dt><\/dl><dl class='gallery-item'>\n\t\t\t\t<dt class='gallery-icon portrait'>\n\t\t\t\t\t<a class=\"rollover\" href='https:\/\/www.radiopiu.net\/wordpress\/fra-le-storie-del-canal-del-mis-la-vita-e-la-gente-di-gena-media\/012-2\/'><img loading=\"lazy\" decoding=\"async\" width=\"150\" height=\"150\" src=\"https:\/\/www.radiopiu.net\/wordpress\/wp-content\/uploads\/2022\/08\/012-150x150.jpg\" class=\"attachment-thumbnail size-thumbnail\" alt=\"\" \/><\/a>\n\t\t\t\t<\/dt><\/dl><dl class='gallery-item'>\n\t\t\t\t<dt class='gallery-icon landscape'>\n\t\t\t\t\t<a class=\"rollover\" href='https:\/\/www.radiopiu.net\/wordpress\/fra-le-storie-del-canal-del-mis-la-vita-e-la-gente-di-gena-media\/013-4\/'><img loading=\"lazy\" decoding=\"async\" width=\"150\" height=\"150\" src=\"https:\/\/www.radiopiu.net\/wordpress\/wp-content\/uploads\/2022\/08\/013-150x150.jpg\" class=\"attachment-thumbnail size-thumbnail\" alt=\"\" \/><\/a>\n\t\t\t\t<\/dt><\/dl><dl class='gallery-item'>\n\t\t\t\t<dt class='gallery-icon portrait'>\n\t\t\t\t\t<a class=\"rollover\" href='https:\/\/www.radiopiu.net\/wordpress\/fra-le-storie-del-canal-del-mis-la-vita-e-la-gente-di-gena-media\/014-3\/'><img loading=\"lazy\" decoding=\"async\" width=\"150\" height=\"150\" src=\"https:\/\/www.radiopiu.net\/wordpress\/wp-content\/uploads\/2022\/08\/014-150x150.jpg\" class=\"attachment-thumbnail size-thumbnail\" alt=\"\" \/><\/a>\n\t\t\t\t<\/dt><\/dl>\n\t\t\t\t<br style='clear: both' \/>\n\t\t\t<\/div>\n\n<p>&nbsp;<\/p>\n<p>NELLE FOTO (riproduzioni dal libro \u201cUna storia, tante storie\u201d): anno 1935, casa di Gena Media, da sinistra: Girolamo De Lorenzo, il piccolo, Antonio Casanova, Domenica Casanova, Gemisto Casanova, Giorgio o Balzanela, Novella Tibolla, Maddalena e Augusta Casanova; bambini di Gena Media; il capitello sul luogo dell\u2019uccisione di 4 delle 5 vittime della rappresaglia tedesca del \u201844; donne con bambini a fine anni \u201850; la casa di Piscal\u00f2r; Maria e Caterina Casanova e fra loro Carmela Casanova scesa da Gena Alta per la spesa all\u2019Hotel; Ernesto Casanova \u2018Sp\u00e8ch\u2019 nato nel 1886 a Gena Media, con compagni di emigrazione in Francia di Gena Alta; immagini di Gioconda Lovatel, nata nel 1908 a I Mioi, da Gena Media; Domenico Tibolla con la moglie Maria Casanova e il piccolo Antonio, seduto Natale Casanova, padre di Maria; uomini di Gena Media e Gena Alta; giovent\u00f9 sulla \u2018mussa\u2019 lungo la strada che scende da Gena Alta a Gena Media; Ida e Beppino Cervo sulla mulattiera che porta a Ge<\/p>\n","protected":false},"excerpt":{"rendered":"<p>di\u00a0 RENATO BONA Grazie a Pieranna Casanova, autrice di \u201cUna storia, tante storie\u201d l\u2019ottimo volume (iniziativa di Biblioteca civica e Pro loco Monti del Sole di Sospirolo con il prezioso concorso del Parco nazionale Dolomiti Bellunesi; stampa tipografia Piave nel dicembre 1999) che ci ricorda \u201cla vita e la gente del Canal del Mis\u201d conosciamo&hellip;<\/p>\n","protected":false},"author":4,"featured_media":290814,"comment_status":"closed","ping_status":"closed","sticky":false,"template":"","format":"standard","meta":{"_monsterinsights_skip_tracking":false,"_monsterinsights_sitenote_active":false,"_monsterinsights_sitenote_note":"","_monsterinsights_sitenote_category":0,"footnotes":""},"categories":[49],"tags":[],"class_list":["post-290802","post","type-post","status-publish","format-standard","has-post-thumbnail","hentry","category-news-18","category-49","description-off"],"img_url":"https:\/\/www.radiopiu.net\/wordpress\/wp-content\/uploads\/2022\/08\/1-1.jpg","_links":{"self":[{"href":"https:\/\/www.radiopiu.net\/wordpress\/wp-json\/wp\/v2\/posts\/290802","targetHints":{"allow":["GET"]}}],"collection":[{"href":"https:\/\/www.radiopiu.net\/wordpress\/wp-json\/wp\/v2\/posts"}],"about":[{"href":"https:\/\/www.radiopiu.net\/wordpress\/wp-json\/wp\/v2\/types\/post"}],"author":[{"embeddable":true,"href":"https:\/\/www.radiopiu.net\/wordpress\/wp-json\/wp\/v2\/users\/4"}],"replies":[{"embeddable":true,"href":"https:\/\/www.radiopiu.net\/wordpress\/wp-json\/wp\/v2\/comments?post=290802"}],"version-history":[{"count":0,"href":"https:\/\/www.radiopiu.net\/wordpress\/wp-json\/wp\/v2\/posts\/290802\/revisions"}],"wp:featuredmedia":[{"embeddable":true,"href":"https:\/\/www.radiopiu.net\/wordpress\/wp-json\/wp\/v2\/media\/290814"}],"wp:attachment":[{"href":"https:\/\/www.radiopiu.net\/wordpress\/wp-json\/wp\/v2\/media?parent=290802"}],"wp:term":[{"taxonomy":"category","embeddable":true,"href":"https:\/\/www.radiopiu.net\/wordpress\/wp-json\/wp\/v2\/categories?post=290802"},{"taxonomy":"post_tag","embeddable":true,"href":"https:\/\/www.radiopiu.net\/wordpress\/wp-json\/wp\/v2\/tags?post=290802"}],"curies":[{"name":"wp","href":"https:\/\/api.w.org\/{rel}","templated":true}]}}