{"id":290860,"date":"2022-08-03T20:59:38","date_gmt":"2022-08-03T18:59:38","guid":{"rendered":"https:\/\/www.radiopiu.net\/wordpress\/?p=290860"},"modified":"2022-08-04T06:03:46","modified_gmt":"2022-08-04T04:03:46","slug":"seguono-un-vecchia-guida-turistica-e-si-trovano-in-difficolta","status":"publish","type":"post","link":"https:\/\/www.radiopiu.net\/wordpress\/seguono-un-vecchia-guida-turistica-e-si-trovano-in-difficolta\/","title":{"rendered":"SEGUONO UN VECCHIA GUIDA TURISTICA E SI TROVANO IN DIFFICOLTA&#8217;"},"content":{"rendered":"<p><strong>SAN VITO DI CADORE<\/strong> Attorno alle 16 il Soccorso alpino di San Vito di Cadore \u00e8 stato attivato per una famiglia in difficolt\u00e0 nella zona tra il Cason de le Frates e il Cason de le Regoietes. Gli 8 turisti belgi &#8211; una coppia con figli e genitori pi\u00f9 un altro adulto &#8211; seguendo le indicazioni di un sentiero su una vecchia guida, si erano ritrovati lungo una ripida prateria e, temendo di scivolare, avevano chiesto aiuto. Quattro soccorritori li hanno presto individuati e, dopo aver attrezzato una corda fissa nel primo tratto pi\u00f9 verticale, li hanno aiutati a scendere, per poi assicurarli a s\u00e9 con una corda corta e accompagnarli alla strada. Da l\u00ec con la jeep la squadra li ha infine trasportati alla loro macchina.<\/p>\n","protected":false},"excerpt":{"rendered":"<p>SAN VITO DI CADORE Attorno alle 16 il Soccorso alpino di San Vito di Cadore \u00e8 stato attivato per una famiglia in difficolt\u00e0 nella zona tra il Cason de le Frates e il Cason de le Regoietes. Gli 8 turisti belgi &#8211; una coppia con figli e genitori pi\u00f9 un altro adulto &#8211; seguendo le&hellip;<\/p>\n","protected":false},"author":4,"featured_media":59164,"comment_status":"closed","ping_status":"closed","sticky":false,"template":"","format":"standard","meta":{"_monsterinsights_skip_tracking":false,"_monsterinsights_sitenote_active":false,"_monsterinsights_sitenote_note":"","_monsterinsights_sitenote_category":0,"footnotes":""},"categories":[51,49],"tags":[],"class_list":["post-290860","post","type-post","status-publish","format-standard","has-post-thumbnail","hentry","category-evidenza-top","category-news-18","category-51","category-49","description-off"],"img_url":"https:\/\/www.radiopiu.net\/wordpress\/wp-content\/uploads\/2018\/08\/soccorsoalpino.jpg","_links":{"self":[{"href":"https:\/\/www.radiopiu.net\/wordpress\/wp-json\/wp\/v2\/posts\/290860","targetHints":{"allow":["GET"]}}],"collection":[{"href":"https:\/\/www.radiopiu.net\/wordpress\/wp-json\/wp\/v2\/posts"}],"about":[{"href":"https:\/\/www.radiopiu.net\/wordpress\/wp-json\/wp\/v2\/types\/post"}],"author":[{"embeddable":true,"href":"https:\/\/www.radiopiu.net\/wordpress\/wp-json\/wp\/v2\/users\/4"}],"replies":[{"embeddable":true,"href":"https:\/\/www.radiopiu.net\/wordpress\/wp-json\/wp\/v2\/comments?post=290860"}],"version-history":[{"count":0,"href":"https:\/\/www.radiopiu.net\/wordpress\/wp-json\/wp\/v2\/posts\/290860\/revisions"}],"wp:featuredmedia":[{"embeddable":true,"href":"https:\/\/www.radiopiu.net\/wordpress\/wp-json\/wp\/v2\/media\/59164"}],"wp:attachment":[{"href":"https:\/\/www.radiopiu.net\/wordpress\/wp-json\/wp\/v2\/media?parent=290860"}],"wp:term":[{"taxonomy":"category","embeddable":true,"href":"https:\/\/www.radiopiu.net\/wordpress\/wp-json\/wp\/v2\/categories?post=290860"},{"taxonomy":"post_tag","embeddable":true,"href":"https:\/\/www.radiopiu.net\/wordpress\/wp-json\/wp\/v2\/tags?post=290860"}],"curies":[{"name":"wp","href":"https:\/\/api.w.org\/{rel}","templated":true}]}}