{"id":290890,"date":"2022-08-04T05:57:17","date_gmt":"2022-08-04T03:57:17","guid":{"rendered":"https:\/\/www.radiopiu.net\/wordpress\/?p=290890"},"modified":"2022-08-04T06:03:05","modified_gmt":"2022-08-04T04:03:05","slug":"sedico-dedica-il-centro-polifunzionale-a-leonardo-del-vecchio","status":"publish","type":"post","link":"https:\/\/www.radiopiu.net\/wordpress\/sedico-dedica-il-centro-polifunzionale-a-leonardo-del-vecchio\/","title":{"rendered":"SEDICO DEDICA IL CENTRO POLIFUNZIONALE A LEONARDO DEL VECCHIO"},"content":{"rendered":"<p><strong>SEDICO<\/strong> Il centro polifunzionale del paese sar\u00e0 dedicato al Cavalier Leonardo Del Vecchio, ci vorr\u00e0 del tempo, ma il consiglio comunale \u00e8 deciso di andare fino in fondo\u00a0 dopo un confronto con la famiglia dell&#8217;amato imprenditore dell&#8217;occhiale..Il centro polifunzionale\u00a0 \u00e8 stato realizzato\u00a0 dall&#8217;amministrazione comunale nei pressi della casa delle associazioni (ex scuola alberghiera) anche grazie al contributo di Luxottica.\u00a0 Amministratori di maggioranza e minoranza sono concordi sulla scelta, diversamente dal 2019 quando non trovarono un punto d&#8217;incontro sull&#8217;intitolazione del centro ai giudici Falcone e Borsellino.<\/p>\n<p><img loading=\"lazy\" decoding=\"async\" class=\"\" src=\"https:\/\/www.radiopiu.net\/wordpress\/wp-content\/uploads\/2022\/06\/LEONARDO-DEL-VECCHIO.png\" width=\"219\" height=\"149\" \/><\/p>\n<p>&nbsp;<\/p>\n<hr \/>\n<p>&nbsp;<\/p>\n","protected":false},"excerpt":{"rendered":"<p>SEDICO Il centro polifunzionale del paese sar\u00e0 dedicato al Cavalier Leonardo Del Vecchio, ci vorr\u00e0 del tempo, ma il consiglio comunale \u00e8 deciso di andare fino in fondo\u00a0 dopo un confronto con la famiglia dell&#8217;amato imprenditore dell&#8217;occhiale..Il centro polifunzionale\u00a0 \u00e8 stato realizzato\u00a0 dall&#8217;amministrazione comunale nei pressi della casa delle associazioni (ex scuola alberghiera) anche grazie&hellip;<\/p>\n","protected":false},"author":4,"featured_media":283867,"comment_status":"closed","ping_status":"closed","sticky":false,"template":"","format":"standard","meta":{"_monsterinsights_skip_tracking":false,"_monsterinsights_sitenote_active":false,"_monsterinsights_sitenote_note":"","_monsterinsights_sitenote_category":0,"footnotes":""},"categories":[49],"tags":[],"class_list":["post-290890","post","type-post","status-publish","format-standard","has-post-thumbnail","hentry","category-news-18","category-49","description-off"],"img_url":"https:\/\/www.radiopiu.net\/wordpress\/wp-content\/uploads\/2022\/06\/LEONARDO-DEL-VECCHIO.png","_links":{"self":[{"href":"https:\/\/www.radiopiu.net\/wordpress\/wp-json\/wp\/v2\/posts\/290890","targetHints":{"allow":["GET"]}}],"collection":[{"href":"https:\/\/www.radiopiu.net\/wordpress\/wp-json\/wp\/v2\/posts"}],"about":[{"href":"https:\/\/www.radiopiu.net\/wordpress\/wp-json\/wp\/v2\/types\/post"}],"author":[{"embeddable":true,"href":"https:\/\/www.radiopiu.net\/wordpress\/wp-json\/wp\/v2\/users\/4"}],"replies":[{"embeddable":true,"href":"https:\/\/www.radiopiu.net\/wordpress\/wp-json\/wp\/v2\/comments?post=290890"}],"version-history":[{"count":0,"href":"https:\/\/www.radiopiu.net\/wordpress\/wp-json\/wp\/v2\/posts\/290890\/revisions"}],"wp:featuredmedia":[{"embeddable":true,"href":"https:\/\/www.radiopiu.net\/wordpress\/wp-json\/wp\/v2\/media\/283867"}],"wp:attachment":[{"href":"https:\/\/www.radiopiu.net\/wordpress\/wp-json\/wp\/v2\/media?parent=290890"}],"wp:term":[{"taxonomy":"category","embeddable":true,"href":"https:\/\/www.radiopiu.net\/wordpress\/wp-json\/wp\/v2\/categories?post=290890"},{"taxonomy":"post_tag","embeddable":true,"href":"https:\/\/www.radiopiu.net\/wordpress\/wp-json\/wp\/v2\/tags?post=290890"}],"curies":[{"name":"wp","href":"https:\/\/api.w.org\/{rel}","templated":true}]}}