{"id":290949,"date":"2022-08-05T05:23:32","date_gmt":"2022-08-05T03:23:32","guid":{"rendered":"https:\/\/www.radiopiu.net\/wordpress\/?p=290949"},"modified":"2022-08-05T05:35:52","modified_gmt":"2022-08-05T03:35:52","slug":"suem1111","status":"publish","type":"post","link":"https:\/\/www.radiopiu.net\/wordpress\/suem1111\/","title":{"rendered":"INAUGURATA A PIEVE DI CADORE LA NUOVA BASE HEMS PER GLI ELICOTTERI DEL SUEM\u00a0"},"content":{"rendered":"<p>DI BARBARA PAOLAZZI<\/p>\n<audio class=\"wp-audio-shortcode\" id=\"audio-290949-1\" preload=\"none\" style=\"width: 100%;\" controls=\"controls\"><source type=\"audio\/mpeg\" src=\"https:\/\/www.radiopiu.net\/wordpress\/wp-content\/uploads\/2022\/08\/BARBARAu.mp3?_=1\" \/><a href=\"https:\/\/www.radiopiu.net\/wordpress\/wp-content\/uploads\/2022\/08\/BARBARAu.mp3\">https:\/\/www.radiopiu.net\/wordpress\/wp-content\/uploads\/2022\/08\/BARBARAu.mp3<\/a><\/audio>\n<p>&nbsp;<\/p>\n<blockquote><p>&nbsp;<\/p><\/blockquote>\n<p>&nbsp;<\/p>\n<p><strong><a class=\"dt-pswp-item\" href=\"https:\/\/www.radiopiu.net\/wordpress\/wp-content\/uploads\/2022\/08\/1661-2022_2.jpeg\" data-dt-img-description=\"\" data-large_image_width=\"1024\" data-large_image_height=\"768\"><img loading=\"lazy\" decoding=\"async\" class=\"wp-image-290952 alignleft\" src=\"https:\/\/www.radiopiu.net\/wordpress\/wp-content\/uploads\/2022\/08\/1661-2022_2.jpeg\" alt=\"\" width=\"290\" height=\"218\" srcset=\"https:\/\/www.radiopiu.net\/wordpress\/wp-content\/uploads\/2022\/08\/1661-2022_2.jpeg 1024w, https:\/\/www.radiopiu.net\/wordpress\/wp-content\/uploads\/2022\/08\/1661-2022_2-300x225.jpeg 300w, https:\/\/www.radiopiu.net\/wordpress\/wp-content\/uploads\/2022\/08\/1661-2022_2-768x576.jpeg 768w\" sizes=\"auto, (max-width: 290px) 100vw, 290px\" \/><\/a>VENEZIA<\/strong> Si chiama \u201cHEMS\u201d (Helicopter Emergency Medical Service) una delle basi elicotteristiche pi\u00f9 avanzate d\u2019Italia per il servizio in emergenza urgenza con il decollo e atterraggio degli elicotteri del Suem 118 del Veneto, realizzata con un investimento di 3 milioni 123 mila euro. La struttura ha sede presso l\u2019ospedale di Pieve di Cadore ed \u00e8 stata inaugurata dal Presidente della Regione del Veneto, accompagnato dal direttore generale dell\u2019Ulss Dolomiti, Maria Grazia Carraro e dal Sindaco di Pieve di Cadore, assieme a numerose autorit\u00e0 civili, religiose e militari. La base \u00e8 stata dedicata ad Angelo Costola, storico primario del Suem 118 a Belluno, scomparso nel 2015 e ancora oggi ricordato come tenace <a class=\"dt-pswp-item\" href=\"https:\/\/www.radiopiu.net\/wordpress\/wp-content\/uploads\/2022\/08\/1661-2022.jpeg\" data-dt-img-description=\"\" data-large_image_width=\"1024\" data-large_image_height=\"768\"><img loading=\"lazy\" decoding=\"async\" class=\"size-thumbnail wp-image-290950 alignright\" src=\"https:\/\/www.radiopiu.net\/wordpress\/wp-content\/uploads\/2022\/08\/1661-2022-150x150.jpeg\" alt=\"\" width=\"150\" height=\"150\" \/><\/a>sostenitore del servizio di elisoccorso, che contribu\u00ec ad avviare nel bellunese nel 1998. <em>\u201cAdesso si decolla. \u00c8 una base praticamente unica nel suo genere perch\u00e9 l&#8217;abbiamo realizzata nell&#8217;ottica di un Hub di riferimento, con la possibile operativit\u00e0 di 2 elicotteri \u2013 ha detto il Presidente della Regione del Veneto &#8211;\u00a0 Ora, riusciremo a partire con l\u2019addestramento degli equipaggi per il volo notturno e a volare di notte entro 4 o 5 mesi&#8221;. <\/em>I lavori per questa imponente struttura sono iniziati a fine agosto 2020 e sono stati ultimati in meno di due anni, nonostante sospensioni legate a eventi climatici, al Covid e alle difficolt\u00e0 di approvvigionamento delle materie prime. La piazzola costruita in terrazza \u00e8 omologata per elicotteri fino alle 9 tonnellate di peso massimo al decollo. Essa dispone anche di un nuovo hangar, sempre in sopraelevazione e in continuit\u00e0 con la piattaforma, di dimensioni tali da poter accogliere in caso di necessit\u00e0 due elicotteri per ricovero o manutenzione.<\/p>\n<p>&nbsp;<\/p>\n<div style=\"width: 426px;\" class=\"wp-video\"><video class=\"wp-video-shortcode\" id=\"video-290949-1\" width=\"426\" height=\"236\" preload=\"metadata\" controls=\"controls\"><source type=\"video\/mp4\" src=\"https:\/\/www.radiopiu.net\/wordpress\/wp-content\/uploads\/2022\/08\/WhatsApp-Video-2022-08-04-at-13.50.50.mp4?_=1\" \/><a href=\"https:\/\/www.radiopiu.net\/wordpress\/wp-content\/uploads\/2022\/08\/WhatsApp-Video-2022-08-04-at-13.50.50.mp4\">https:\/\/www.radiopiu.net\/wordpress\/wp-content\/uploads\/2022\/08\/WhatsApp-Video-2022-08-04-at-13.50.50.mp4<\/a><\/video><\/div>\n<p>&nbsp;<\/p>\n<p>&nbsp;<\/p>\n<p>&nbsp;<\/p>\n<hr \/>\n<p>&nbsp;<\/p>\n","protected":false},"excerpt":{"rendered":"<p>DI BARBARA PAOLAZZI &nbsp; &nbsp; &nbsp; VENEZIA Si chiama \u201cHEMS\u201d (Helicopter Emergency Medical Service) una delle basi elicotteristiche pi\u00f9 avanzate d\u2019Italia per il servizio in emergenza urgenza con il decollo e atterraggio degli elicotteri del Suem 118 del Veneto, realizzata con un investimento di 3 milioni 123 mila euro. La struttura ha sede presso l\u2019ospedale&hellip;<\/p>\n","protected":false},"author":4,"featured_media":290956,"comment_status":"closed","ping_status":"closed","sticky":false,"template":"","format":"standard","meta":{"_monsterinsights_skip_tracking":false,"_monsterinsights_sitenote_active":false,"_monsterinsights_sitenote_note":"","_monsterinsights_sitenote_category":0,"footnotes":""},"categories":[51,49],"tags":[],"class_list":["post-290949","post","type-post","status-publish","format-standard","has-post-thumbnail","hentry","category-evidenza-top","category-news-18","category-51","category-49","description-off"],"img_url":"https:\/\/www.radiopiu.net\/wordpress\/wp-content\/uploads\/2022\/08\/1661-2022_3-1.jpeg","_links":{"self":[{"href":"https:\/\/www.radiopiu.net\/wordpress\/wp-json\/wp\/v2\/posts\/290949","targetHints":{"allow":["GET"]}}],"collection":[{"href":"https:\/\/www.radiopiu.net\/wordpress\/wp-json\/wp\/v2\/posts"}],"about":[{"href":"https:\/\/www.radiopiu.net\/wordpress\/wp-json\/wp\/v2\/types\/post"}],"author":[{"embeddable":true,"href":"https:\/\/www.radiopiu.net\/wordpress\/wp-json\/wp\/v2\/users\/4"}],"replies":[{"embeddable":true,"href":"https:\/\/www.radiopiu.net\/wordpress\/wp-json\/wp\/v2\/comments?post=290949"}],"version-history":[{"count":0,"href":"https:\/\/www.radiopiu.net\/wordpress\/wp-json\/wp\/v2\/posts\/290949\/revisions"}],"wp:featuredmedia":[{"embeddable":true,"href":"https:\/\/www.radiopiu.net\/wordpress\/wp-json\/wp\/v2\/media\/290956"}],"wp:attachment":[{"href":"https:\/\/www.radiopiu.net\/wordpress\/wp-json\/wp\/v2\/media?parent=290949"}],"wp:term":[{"taxonomy":"category","embeddable":true,"href":"https:\/\/www.radiopiu.net\/wordpress\/wp-json\/wp\/v2\/categories?post=290949"},{"taxonomy":"post_tag","embeddable":true,"href":"https:\/\/www.radiopiu.net\/wordpress\/wp-json\/wp\/v2\/tags?post=290949"}],"curies":[{"name":"wp","href":"https:\/\/api.w.org\/{rel}","templated":true}]}}