{"id":291016,"date":"2022-08-04T23:59:21","date_gmt":"2022-08-04T21:59:21","guid":{"rendered":"https:\/\/www.radiopiu.net\/wordpress\/?p=291016"},"modified":"2022-08-05T05:39:08","modified_gmt":"2022-08-05T03:39:08","slug":"nel-viaggio-intorno-a-una-provincia-e-la-volta-della-conca-dellalpago","status":"publish","type":"post","link":"https:\/\/www.radiopiu.net\/wordpress\/nel-viaggio-intorno-a-una-provincia-e-la-volta-della-conca-dellalpago\/","title":{"rendered":"NEL \u201cVIAGGIO INTORNO A UNA PROVINCIA\u201d E\u2019 LA VOLTA DELLA CONCA DELL\u2019ALPAGO"},"content":{"rendered":"<p><strong>di Renato Bona<\/strong><\/p>\n<p>\u201cA pieno titolo la Conca dell\u2019Alpago \u00e8 presente nel prestigioso volume che il collega Maurizio Busatta ha realizzato con la Libreria Pilotto editrice di Feltre (fotolito Eurocrom 4 di Villorba, composizione della tipografia Piave di Belluno, stampa di Graphic Group Feltre) nel marzo 1989): \u201cBelluno &#8211; Viaggio intorno a una provincia\u201d. L\u2019esordio del giornalista, purtroppo scomparso da anni: \u201cDotato di un bel nome sonoro, il sistema di piccole valli chiamato Alpago ha debuttato pi\u00f9 tardi degli altri comprensori sulla scena di una presenza incisiva, da protagonista. Le sue vicende sono state piuttosto quelle che un copione bizzarro prevedeva per ruoli secondari. Adesso ci prova a spiegarsi senza troppe paure, E propone anche un\u2019etichetta, quella di balcone sulla Val Belluna\u201d. Cronista di razza, Zangrando ricorda quindi che \u201cL\u2019Alpago \u00e8 nominato gi\u00e0 in un diploma dell\u2019imperatore Berengario del 923 col quale la valle era infeudata ad Aimone vescovo di Belluno, che cominciava cos\u00ec il suo dominio temporale. Nel 1159 la contea pass\u00f2 al Patriarca d\u2019Aquileia per opera dell\u2019imperatore Barbarossa, ritornava l\u2019anno successivo al Vescovo di Belluno, nel secolo XIV ne era investito come capitano Enrichetto da Bongajo. Morto costui, l\u2019Alpago passo alla vedova, appunto Giacoma, poi ancora ai vescovi, poi al Consiglio dei nobili di Belluno. Il giornalista-scrittore si dedica quindi ai singoli comuni partendo Chies che \u201c\u00e8 il primo paese che, in ordine alfabetico, porta il predicato d\u2019Alpago\u201d. Il paese, da un censimento del 1612, risultava avere 211 abitanti. Aggregato a Belluno fu dal 1404 sotto il dominio della Serenissima, pass\u00f2 poi all\u2019Austria nel 1813, dal 1866 col Regno d\u2019Italia. La parrocchiale, costruita nel 1904 ha sul frontone due statue settecentesche; pregevole pure il santuario mariano di Irrighe. Di Chies \u00e8 Bartolomeo Zanon, chimico insigne, farmacista a Belluno, autore di numerose opere di chimica, mineralogia e farmacia. Per Pieve ricorda che venne duramente provato dal terremoto del 1348, che lo rase al suolo. Fino al XVII secolo comunque fu sede della chiesa matrice di tutte le altre dell\u2019Alpago. Il paese, che in base al censimento del 1612 contava 184 abitanti, fu centro di qualche importanza economica e si arricch\u00ec, successivamente, di abitazioni signorili e fu patria di uomini notevoli: il pittore Flaminio Grappinelli, Placido e Paolo Fabris, Pietro Bianco Bortoluzzi noto come Pieretto Bianco, Luigi Rossi di Villa\u2026 Per quanto concerne Puos d\u2019Alpago, Zangrando segnala che non sono avvenuti finora rinvenimenti archeologici ma alcuni nomi, compreso proprio Puos, fanno pensare a qualche presenza di romani in zona. Nel 1378 fu sguarnito di soldati e munizioni da Belluno da cui politicamente dipendeva, risultando troppo costoso nella manutenzione in rapporto alla sua utilit\u00e0 e la custodia del castello fu affidata agli uomini del posto. Il censimento del 1612 segnala la presenza nel villaggio di ben 144 persone. Dopo un riferimento alla Resistenza, ricorda che a Puos \u201c\u00e8 nato un illustre fisico nucleare, Paolo Favero. E originario di qui, di Vallina, \u00e8 lo sceneggiatore Rodolfo Sonego, geniale interprete dello spirito arguto, critico e lunare di una gente di montagna non troppo in quota che conserva intatto il gusto di guardare alla verit\u00e0 nascosta nel risvolto degli eventi\u201d. E siamo approdati a Farra che \u201cdurante il periodo della dominazione longobarda fu sede di una decania, dipendente dalla sculdascia di Belluno\u201d. La storia del paese comprende quella del lago di Santa Croce \u201cnominato la prima volta nel diploma di Berengario del 923\u201d. Nel lago affluiva il legname disboscato nella vicina foresta del Cansiglio. Nel 1813 Farra sub\u00ec la dominazione austriaca e nel1886 fu unita al Regno d\u2019Italia. In precedenza, nel 1625, ebbe parrocchia staccata da Pieve; nella parrocchiale vi \u00e8 un gruppo statuario di tre elementi, opera di Andrea Brustolon mentre la chiesa di Santa Croce conserva, murati, alcuni frammenti d\u2019affresco bizantineggianti opera dell\u2019alto Medioevo provenienti dalla vecchia costruzione abbattuta al terremoto del 1873. Una curiosit\u00e0: a Farra ha vissuto gli ultimi anni, ritiratovisi dopo aver sposato una donna del paese, il pittore Vettor Pisani che fu celebre come autore delle tavole settimanali de La Tribuna\u201d, contraltare di quelle che sulla \u201cDomenica del Corriere\u201d dipingevano Achille Beltrame e Walter Molino. Pisani si ispir\u00f2 anche al paesaggio alpagoto e una sua drammatica testimonianza scritta col pennello l\u2019ha lasciata sull\u2019alluvione del 1966. Concludiamo con Tambre di cui l\u2019autore del capitolo ricordava che in Valturcana furono scoperti sette scheletri giudicati barbarici. Certamente Tambre esisteva nel secolo XIII. Nel 1612 contava 115 abitanti e nel 1676, il 1, luglio, si stacc\u00f2 da Puos come circoscrizione amministrativa mentre nel 1791 si separ\u00f2 dalla Comunit\u00e0 dell\u2019Alpago, formando un Comune con sette Regole. Consistente il feomeno migratorio che ha portato, ad esempio, lo scultore Rissieri Bona a lavolrare molto in monumenti negli Usa. Ovviamente, rilievo importante lo ha il bosco del Cansiglio i cui primi 4 abitanti stabili furono i fratelli Azzalini provenienti da Roana sull\u2019Altipiano vicentino dei Sette Comuni. Nel 1871 il bosco divenne foresta demaniale. Il Bosco del Cansiglio ebbe un ruolo da protagonista nel periodo della Resistenza ospitando oltre alla sede degli aviolanci, il comando, a partire dal 1944, della divisione partigiana \u201cNino Nannetti\u201d che lo costitu\u00ec in \u201czona libera\u201d. L\u2019offensiva nazifascista, con incendi, uccisioni di innocenti, deportazioni, costrinsero i reparti partigiani, a mettersi in salvo sfuggendo al massiccio rastrellamento divisi in piccole squadre. Zangrando si congedava affermando sicuro che: \u201cQui in realt\u00e0 il futuro \u00e8 gi\u00e0 cominciato. La gente sta dimostrando la voglia di migliorare le proprie condizioni sociali ed economiche\u201d e, fra l\u2019altro, \u201cc\u2019\u00e8 chi pensa al potenziamento del turismo, compatibile con l\u2019ambiente, naturalmente. Cos\u00ec il lago di Santa Croce punta sempre pi\u00f9 verso il diporto velico. E cos\u00ec il Cansiglio progetta di diventare un grande stadio per la pratica dello sci di fondo, che non avrebbe rivali. E schiuderebbe nuovi spaziosi scenari di vita\u201d.<\/p>\n\n\t\t\t<style type='text\/css'>\n\t\t\t\t#gallery-1 {\n\t\t\t\t\tmargin: auto;\n\t\t\t\t}\n\t\t\t\t#gallery-1 .gallery-item {\n\t\t\t\t\tfloat: left;\n\t\t\t\t\tmargin-top: 10px;\n\t\t\t\t\ttext-align: center;\n\t\t\t\t\twidth: 25%;\n\t\t\t\t}\n\t\t\t\t#gallery-1 img {\n\t\t\t\t\tborder: 2px solid #cfcfcf;\n\t\t\t\t}\n\t\t\t\t#gallery-1 .gallery-caption {\n\t\t\t\t\tmargin-left: 0;\n\t\t\t\t}\n\t\t\t\t\/* see gallery_shortcode() in wp-includes\/media.php *\/\n\t\t\t<\/style>\n\t\t<div id='gallery-1' class='dt-gallery-container gallery galleryid-291016 gallery-columns-4 gallery-size-thumbnail'><dl class='gallery-item'>\n\t\t\t\t<dt class='gallery-icon portrait'>\n\t\t\t\t\t<a class=\"rollover rollover-zoom dt-pswp-item\" title=\"296466335_424669562961929_165563639797033081_n\" data-dt-img-description=\"\" data-large_image_width=\"308\" data-large_image_height=\"403\"href='https:\/\/www.radiopiu.net\/wordpress\/wp-content\/uploads\/2022\/08\/296466335_424669562961929_165563639797033081_n.jpg'><img loading=\"lazy\" decoding=\"async\" width=\"150\" height=\"150\" src=\"https:\/\/www.radiopiu.net\/wordpress\/wp-content\/uploads\/2022\/08\/296466335_424669562961929_165563639797033081_n-150x150.jpg\" class=\"attachment-thumbnail size-thumbnail\" alt=\"\" \/><\/a>\n\t\t\t\t<\/dt><\/dl><dl class='gallery-item'>\n\t\t\t\t<dt class='gallery-icon landscape'>\n\t\t\t\t\t<a class=\"rollover rollover-zoom dt-pswp-item\" title=\"296405276_776753433673576_7433259502379896470_n\" data-dt-img-description=\"\" data-large_image_width=\"607\" data-large_image_height=\"403\"href='https:\/\/www.radiopiu.net\/wordpress\/wp-content\/uploads\/2022\/08\/296405276_776753433673576_7433259502379896470_n.jpg'><img loading=\"lazy\" decoding=\"async\" width=\"150\" height=\"150\" src=\"https:\/\/www.radiopiu.net\/wordpress\/wp-content\/uploads\/2022\/08\/296405276_776753433673576_7433259502379896470_n-150x150.jpg\" class=\"attachment-thumbnail size-thumbnail\" alt=\"\" \/><\/a>\n\t\t\t\t<\/dt><\/dl><dl class='gallery-item'>\n\t\t\t\t<dt class='gallery-icon portrait'>\n\t\t\t\t\t<a class=\"rollover rollover-zoom dt-pswp-item\" title=\"295552609_3283695838542263_5073397132843098377_n\" data-dt-img-description=\"\" data-large_image_width=\"305\" data-large_image_height=\"540\"href='https:\/\/www.radiopiu.net\/wordpress\/wp-content\/uploads\/2022\/08\/295552609_3283695838542263_5073397132843098377_n.jpg'><img loading=\"lazy\" decoding=\"async\" width=\"150\" height=\"150\" src=\"https:\/\/www.radiopiu.net\/wordpress\/wp-content\/uploads\/2022\/08\/295552609_3283695838542263_5073397132843098377_n-150x150.jpg\" class=\"attachment-thumbnail size-thumbnail\" alt=\"\" \/><\/a>\n\t\t\t\t<\/dt><\/dl><dl class='gallery-item'>\n\t\t\t\t<dt class='gallery-icon landscape'>\n\t\t\t\t\t<a class=\"rollover rollover-zoom dt-pswp-item\" title=\"296890160_1246444012855139_6978408522877239005_n\" data-dt-img-description=\"\" data-large_image_width=\"536\" data-large_image_height=\"403\"href='https:\/\/www.radiopiu.net\/wordpress\/wp-content\/uploads\/2022\/08\/296890160_1246444012855139_6978408522877239005_n.jpg'><img loading=\"lazy\" decoding=\"async\" width=\"150\" height=\"150\" src=\"https:\/\/www.radiopiu.net\/wordpress\/wp-content\/uploads\/2022\/08\/296890160_1246444012855139_6978408522877239005_n-150x150.jpg\" class=\"attachment-thumbnail size-thumbnail\" alt=\"\" \/><\/a>\n\t\t\t\t<\/dt><\/dl><br style=\"clear: both\" \/><dl class='gallery-item'>\n\t\t\t\t<dt class='gallery-icon portrait'>\n\t\t\t\t\t<a class=\"rollover rollover-zoom dt-pswp-item\" title=\"296479387_383812603835733_3848890462101606905_n\" data-dt-img-description=\"\" data-large_image_width=\"320\" data-large_image_height=\"470\"href='https:\/\/www.radiopiu.net\/wordpress\/wp-content\/uploads\/2022\/08\/296479387_383812603835733_3848890462101606905_n.jpg'><img loading=\"lazy\" decoding=\"async\" width=\"150\" height=\"150\" src=\"https:\/\/www.radiopiu.net\/wordpress\/wp-content\/uploads\/2022\/08\/296479387_383812603835733_3848890462101606905_n-150x150.jpg\" class=\"attachment-thumbnail size-thumbnail\" alt=\"\" \/><\/a>\n\t\t\t\t<\/dt><\/dl><dl class='gallery-item'>\n\t\t\t\t<dt class='gallery-icon landscape'>\n\t\t\t\t\t<a class=\"rollover rollover-zoom dt-pswp-item\" title=\"297275634_2215058421995835_6584373810896743240_n\" data-dt-img-description=\"\" data-large_image_width=\"463\" data-large_image_height=\"403\"href='https:\/\/www.radiopiu.net\/wordpress\/wp-content\/uploads\/2022\/08\/297275634_2215058421995835_6584373810896743240_n.jpg'><img loading=\"lazy\" decoding=\"async\" width=\"150\" height=\"150\" src=\"https:\/\/www.radiopiu.net\/wordpress\/wp-content\/uploads\/2022\/08\/297275634_2215058421995835_6584373810896743240_n-150x150.jpg\" class=\"attachment-thumbnail size-thumbnail\" alt=\"\" \/><\/a>\n\t\t\t\t<\/dt><\/dl><dl class='gallery-item'>\n\t\t\t\t<dt class='gallery-icon landscape'>\n\t\t\t\t\t<a class=\"rollover rollover-zoom dt-pswp-item\" title=\"297570330_1079013449400438_4185089252736178058_n\" data-dt-img-description=\"\" data-large_image_width=\"624\" data-large_image_height=\"403\"href='https:\/\/www.radiopiu.net\/wordpress\/wp-content\/uploads\/2022\/08\/297570330_1079013449400438_4185089252736178058_n.jpg'><img loading=\"lazy\" decoding=\"async\" width=\"150\" height=\"150\" src=\"https:\/\/www.radiopiu.net\/wordpress\/wp-content\/uploads\/2022\/08\/297570330_1079013449400438_4185089252736178058_n-150x150.jpg\" class=\"attachment-thumbnail size-thumbnail\" alt=\"\" \/><\/a>\n\t\t\t\t<\/dt><\/dl><dl class='gallery-item'>\n\t\t\t\t<dt class='gallery-icon landscape'>\n\t\t\t\t\t<a class=\"rollover rollover-zoom dt-pswp-item\" title=\"297082005_577204547443003_2255713940339414764_n\" data-dt-img-description=\"\" data-large_image_width=\"621\" data-large_image_height=\"403\"href='https:\/\/www.radiopiu.net\/wordpress\/wp-content\/uploads\/2022\/08\/297082005_577204547443003_2255713940339414764_n.jpg'><img loading=\"lazy\" decoding=\"async\" width=\"150\" height=\"150\" src=\"https:\/\/www.radiopiu.net\/wordpress\/wp-content\/uploads\/2022\/08\/297082005_577204547443003_2255713940339414764_n-150x150.jpg\" class=\"attachment-thumbnail size-thumbnail\" alt=\"\" \/><\/a>\n\t\t\t\t<\/dt><\/dl><br style=\"clear: both\" \/><dl class='gallery-item'>\n\t\t\t\t<dt class='gallery-icon landscape'>\n\t\t\t\t\t<a class=\"rollover rollover-zoom dt-pswp-item\" title=\"296626270_600170431513569_7436421174944137034_n\" data-dt-img-description=\"\" data-large_image_width=\"998\" data-large_image_height=\"403\"href='https:\/\/www.radiopiu.net\/wordpress\/wp-content\/uploads\/2022\/08\/296626270_600170431513569_7436421174944137034_n.jpg'><img loading=\"lazy\" decoding=\"async\" width=\"150\" height=\"150\" src=\"https:\/\/www.radiopiu.net\/wordpress\/wp-content\/uploads\/2022\/08\/296626270_600170431513569_7436421174944137034_n-150x150.jpg\" class=\"attachment-thumbnail size-thumbnail\" alt=\"\" \/><\/a>\n\t\t\t\t<\/dt><\/dl><dl class='gallery-item'>\n\t\t\t\t<dt class='gallery-icon landscape'>\n\t\t\t\t\t<a class=\"rollover rollover-zoom dt-pswp-item\" title=\"297432242_1252463735158250_2452649824478291844_n\" data-dt-img-description=\"\" data-large_image_width=\"666\" data-large_image_height=\"403\"href='https:\/\/www.radiopiu.net\/wordpress\/wp-content\/uploads\/2022\/08\/297432242_1252463735158250_2452649824478291844_n.jpg'><img loading=\"lazy\" decoding=\"async\" width=\"150\" height=\"150\" src=\"https:\/\/www.radiopiu.net\/wordpress\/wp-content\/uploads\/2022\/08\/297432242_1252463735158250_2452649824478291844_n-150x150.jpg\" class=\"attachment-thumbnail size-thumbnail\" alt=\"\" \/><\/a>\n\t\t\t\t<\/dt><\/dl><dl class='gallery-item'>\n\t\t\t\t<dt class='gallery-icon landscape'>\n\t\t\t\t\t<a class=\"rollover rollover-zoom dt-pswp-item\" title=\"296708008_750662063016131_4625251810100322453_n\" data-dt-img-description=\"\" data-large_image_width=\"459\" data-large_image_height=\"403\"href='https:\/\/www.radiopiu.net\/wordpress\/wp-content\/uploads\/2022\/08\/296708008_750662063016131_4625251810100322453_n.jpg'><img loading=\"lazy\" decoding=\"async\" width=\"150\" height=\"150\" src=\"https:\/\/www.radiopiu.net\/wordpress\/wp-content\/uploads\/2022\/08\/296708008_750662063016131_4625251810100322453_n-150x150.jpg\" class=\"attachment-thumbnail size-thumbnail\" alt=\"\" \/><\/a>\n\t\t\t\t<\/dt><\/dl><dl class='gallery-item'>\n\t\t\t\t<dt class='gallery-icon landscape'>\n\t\t\t\t\t<a class=\"rollover rollover-zoom dt-pswp-item\" title=\"297279047_1184578662273331_8634215814093225990_n\" data-dt-img-description=\"\" data-large_image_width=\"585\" data-large_image_height=\"403\"href='https:\/\/www.radiopiu.net\/wordpress\/wp-content\/uploads\/2022\/08\/297279047_1184578662273331_8634215814093225990_n.jpg'><img loading=\"lazy\" decoding=\"async\" width=\"150\" height=\"150\" src=\"https:\/\/www.radiopiu.net\/wordpress\/wp-content\/uploads\/2022\/08\/297279047_1184578662273331_8634215814093225990_n-150x150.jpg\" class=\"attachment-thumbnail size-thumbnail\" alt=\"\" \/><\/a>\n\t\t\t\t<\/dt><\/dl><br style=\"clear: both\" \/>\n\t\t\t<\/div>\n\n<p>&nbsp;<\/p>\n<p>NELLE FOTO (riproduzioni dal libro \u201cBelluno. Viaggio intorno a una provincia\u201d): maestoso faggio di 5 metri di circonferenza, prodigio di longevit\u00e0, cresce ad Antander di Chies d\u2019Alpago; classico \u201cpiol\u201d a Puos; le borgate di Chies; la zona industriale di Pieve d\u2019Alpago; immagine da satellite ad oltre 700 km di quota; prezioso \u201cparticolare\u201d del Cansiglio; Sant\u2019Anna di Tambre; pescatore che scruta il tramonto a Santa Croce; la giornata volge al termine e l\u2019Alpago si specchia nel lago di Santa Croce; impareggiabile colpo d\u2019occhio offerto in controluce dal Cansiglio; l\u2019asse mediano del Piave segna il profilo dell\u2019area chiusa tra le prime Dolomiti, visto da satellite e visto dal balcone.<\/p>\n<p>&nbsp;<\/p>\n<p>&nbsp;<\/p>\n<p>&nbsp;<\/p>\n<p>*****<\/p>\n","protected":false},"excerpt":{"rendered":"<p>di Renato Bona \u201cA pieno titolo la Conca dell\u2019Alpago \u00e8 presente nel prestigioso volume che il collega Maurizio Busatta ha realizzato con la Libreria Pilotto editrice di Feltre (fotolito Eurocrom 4 di Villorba, composizione della tipografia Piave di Belluno, stampa di Graphic Group Feltre) nel marzo 1989): \u201cBelluno &#8211; Viaggio intorno a una provincia\u201d. L\u2019esordio&hellip;<\/p>\n","protected":false},"author":4,"featured_media":291028,"comment_status":"closed","ping_status":"closed","sticky":false,"template":"","format":"standard","meta":{"_monsterinsights_skip_tracking":false,"_monsterinsights_sitenote_active":false,"_monsterinsights_sitenote_note":"","_monsterinsights_sitenote_category":0,"footnotes":""},"categories":[104,49],"tags":[],"class_list":["post-291016","post","type-post","status-publish","format-standard","has-post-thumbnail","hentry","category-evidenza_3","category-news-18","category-104","category-49","description-off"],"img_url":"https:\/\/www.radiopiu.net\/wordpress\/wp-content\/uploads\/2022\/08\/297279047_1184578662273331_8634215814093225990_n.jpg","_links":{"self":[{"href":"https:\/\/www.radiopiu.net\/wordpress\/wp-json\/wp\/v2\/posts\/291016","targetHints":{"allow":["GET"]}}],"collection":[{"href":"https:\/\/www.radiopiu.net\/wordpress\/wp-json\/wp\/v2\/posts"}],"about":[{"href":"https:\/\/www.radiopiu.net\/wordpress\/wp-json\/wp\/v2\/types\/post"}],"author":[{"embeddable":true,"href":"https:\/\/www.radiopiu.net\/wordpress\/wp-json\/wp\/v2\/users\/4"}],"replies":[{"embeddable":true,"href":"https:\/\/www.radiopiu.net\/wordpress\/wp-json\/wp\/v2\/comments?post=291016"}],"version-history":[{"count":0,"href":"https:\/\/www.radiopiu.net\/wordpress\/wp-json\/wp\/v2\/posts\/291016\/revisions"}],"wp:featuredmedia":[{"embeddable":true,"href":"https:\/\/www.radiopiu.net\/wordpress\/wp-json\/wp\/v2\/media\/291028"}],"wp:attachment":[{"href":"https:\/\/www.radiopiu.net\/wordpress\/wp-json\/wp\/v2\/media?parent=291016"}],"wp:term":[{"taxonomy":"category","embeddable":true,"href":"https:\/\/www.radiopiu.net\/wordpress\/wp-json\/wp\/v2\/categories?post=291016"},{"taxonomy":"post_tag","embeddable":true,"href":"https:\/\/www.radiopiu.net\/wordpress\/wp-json\/wp\/v2\/tags?post=291016"}],"curies":[{"name":"wp","href":"https:\/\/api.w.org\/{rel}","templated":true}]}}