{"id":291046,"date":"2022-08-06T05:52:43","date_gmt":"2022-08-06T03:52:43","guid":{"rendered":"https:\/\/www.radiopiu.net\/wordpress\/?p=291046"},"modified":"2022-08-06T09:22:55","modified_gmt":"2022-08-06T07:22:55","slug":"giornale-radiopiu-06-agosto-2022-direttore-mirko-mezzacasa","status":"publish","type":"post","link":"https:\/\/www.radiopiu.net\/wordpress\/giornale-radiopiu-06-agosto-2022-direttore-mirko-mezzacasa\/","title":{"rendered":"GIORNALE RADIOPIU 06 AGOSTO 2022 DIRETTORE MIRKO MEZZACASA"},"content":{"rendered":"<h3 class=\"kvgmc6g5 cxmmr5t8 oygrvhab hcukyx3x c1et5uql\"><span style=\"color: #0000ff;\"><strong>RADIO PIU INFORMAZIONE il canale su TELEGRAM informazione di prima\u00a0 <\/strong><\/span><span style=\"color: #0000ff;\"><strong>mano e in tempo reale. iscriviti ed aiutaci a farlo conoscere\u00a0 \u00a0<\/strong><\/span><\/h3>\n<p><iframe loading=\"lazy\" title=\"Rocca Pietore, Marmolada, Val Pettorina\" width=\"1200\" height=\"675\" src=\"https:\/\/www.youtube.com\/embed\/fnodpFI2M1w?feature=oembed\" frameborder=\"0\" allow=\"accelerometer; autoplay; clipboard-write; encrypted-media; gyroscope; picture-in-picture\" allowfullscreen><\/iframe><\/p>\n<p>&nbsp;<\/p>\n<hr \/>\n<p>&nbsp;<\/p>\n<p>&nbsp;<\/p>\n<blockquote>\n<h3><a class=\"dt-pswp-item\" href=\"https:\/\/www.radiopiu.net\/wordpress\/wp-content\/uploads\/2022\/08\/8194e9f7-b9f4-4b24-b74d-e438860d1fef.jpg\" data-dt-img-description=\"\" data-large_image_width=\"2048\" data-large_image_height=\"1536\"><img loading=\"lazy\" decoding=\"async\" class=\"alignleft wp-image-291245 size-medium\" src=\"https:\/\/www.radiopiu.net\/wordpress\/wp-content\/uploads\/2022\/08\/8194e9f7-b9f4-4b24-b74d-e438860d1fef-300x225.jpg\" alt=\"\" width=\"300\" height=\"225\" srcset=\"https:\/\/www.radiopiu.net\/wordpress\/wp-content\/uploads\/2022\/08\/8194e9f7-b9f4-4b24-b74d-e438860d1fef-300x225.jpg 300w, https:\/\/www.radiopiu.net\/wordpress\/wp-content\/uploads\/2022\/08\/8194e9f7-b9f4-4b24-b74d-e438860d1fef-1024x768.jpg 1024w, https:\/\/www.radiopiu.net\/wordpress\/wp-content\/uploads\/2022\/08\/8194e9f7-b9f4-4b24-b74d-e438860d1fef-768x576.jpg 768w, https:\/\/www.radiopiu.net\/wordpress\/wp-content\/uploads\/2022\/08\/8194e9f7-b9f4-4b24-b74d-e438860d1fef-1536x1152.jpg 1536w, https:\/\/www.radiopiu.net\/wordpress\/wp-content\/uploads\/2022\/08\/8194e9f7-b9f4-4b24-b74d-e438860d1fef.jpg 2048w\" sizes=\"auto, (max-width: 300px) 100vw, 300px\" \/><\/a>FRONTALE AD AVOSCAN DI SAN TOMASO<\/h3>\n<\/blockquote>\n<p><strong>SAN TOMASO<\/strong> Scontro frontale tra due Fiat Panda stamane alle 5.30 lungo la 203 agordina ad Avoscan di San Tomaso. Nell&#8217;incidente ha avuto la peggio un giovane alleghese di 24 anni B.A. estratto dall&#8217;auto, cosciente ma ferito,\u00a0 trasferito (alle 6,30)\u00a0 in ospedale di Treviso dall&#8217;elicottero del Suem che ha raggiunto l&#8217;Agordino dalla nuova base di Pieve di Cadore, lievemente ferito l&#8217;altro conducente S.F., ventenne di Cencenighe. Sul posto vigili del fuoco di Agordo e i volontari di Caprile che hanno provveduto ad estrarre dall&#8217;auto il giovane alleghese, Carabinieri di Falcade e l&#8217;ambulanza del Pronto Soccorso di Agordo.<br \/>\nTraffico deviato lungo la provinciale 8 di San Tomaso. Nello scontro si \u00e8 spezzata anche la cintura di sicurezza che ha comunque attutito il violento strappo. L&#8217;incidente ha messo in evidenza ancora una volta l&#8217;importanza della ex 203 agordina in destra Cordevole sbarrata ai veicoli da 4 anni, cio\u00e8 dai giorni della tempesta Vaia.<\/p>\n<p><a class=\"dt-pswp-item\" href=\"https:\/\/www.radiopiu.net\/wordpress\/wp-content\/uploads\/2022\/08\/aaa-4.jpg\" data-dt-img-description=\"\" data-large_image_width=\"492\" data-large_image_height=\"306\"><img loading=\"lazy\" decoding=\"async\" class=\"wp-image-291256 size-full aligncenter\" src=\"https:\/\/www.radiopiu.net\/wordpress\/wp-content\/uploads\/2022\/08\/aaa-4.jpg\" alt=\"\" width=\"492\" height=\"306\" srcset=\"https:\/\/www.radiopiu.net\/wordpress\/wp-content\/uploads\/2022\/08\/aaa-4.jpg 492w, https:\/\/www.radiopiu.net\/wordpress\/wp-content\/uploads\/2022\/08\/aaa-4-300x187.jpg 300w\" sizes=\"auto, (max-width: 492px) 100vw, 492px\" \/><\/a><\/p>\n<p>&nbsp;<\/p>\n<hr \/>\n<p>&nbsp;<\/p>\n<blockquote>\n<h3>ACQUA NON POTABILE A MOE&#8217; DI LASTE DI ROCCA PIETORE<\/h3>\n<\/blockquote>\n<p><strong>ROCCA PIETORE<\/strong> Gestione Servizi Pubblici informa che a ROCCA PIETORE in localit\u00e0 MOE\u2019 DI LASTE l&#8217;acqua erogata dall&#8217;acquedotto non \u00e8 potabile e pu\u00f2 essere usata per scopi alimentari SOLO PREVIA bollitura. GSP ha, comunque, gi\u00e0 adottato le necessarie misure per la disinfezione dell&#8217;acqua presente nei serbatoi e nella rete idrica con l&#8217;aggiunta di cloro.<\/p>\n<p>&nbsp;<\/p>\n<p>&nbsp;<\/p>\n<hr \/>\n<p>&nbsp;<\/p>\n<blockquote>\n<h3>INSTABILITA&#8217; SULLE ZONE MONTANE E PROBABILI PRECIPITAZIONI, POI IN ESTENSIONE A PEDEMONTANA E PIANURA<\/h3>\n<\/blockquote>\n<p><strong>VENEZIA <\/strong>Il Centro funzionale decentrato della Protezione Civile del Veneto ha emesso un nuovo bollettino in base al quale, viste le alte temperature nei bassi strati e la presenza di aria un po\u2019 pi\u00f9 fredda in quota a ridosso dell\u2019arco alpino. Oggi l\u2019instabilit\u00e0 sar\u00e0 pi\u00f9 consistente e diffusa per il cedimento del promontorio anticiclonico e l\u2019ingresso sulla Regione di aria pi\u00f9 fredda in quota. Dalle ore centrali di oggi, fino alla mattinata di domani saranno dunque probabili le precipitazioni, pi\u00f9 diffuse in montagna, in prevalenza a carattere di rovescio e temporale, prima sulle zone montane e pedemontane e poi anche sulla pianura specie dalla serata\/notte di sabato. Saranno possibili fenomeni localmente intensi (forti rovesci, forti raffiche di vento, qualche grandinata). Nel resto della giornata di domani saranno ancora probabili delle precipitazioni con rovesci e temporali specie in montagna. Alla luce dei fenomeni meteorologici previsti, si decreta lo stato di attenzione per criticit\u00e0 idrogeologica (riferita allo scenario per temporali forti), per tutti i bacini idrografici della Regione, a causa dei disagi che potrebbero verificarsi al sistema fognario e di drenaggio urbano e lungo la rete idrografica minore. Si segnala la possibilit\u00e0 d\u2019innesco di fenomeni franosi superficiali sui versanti e la possibilit\u00e0 di innesco di colate rapide.<\/p>\n<p><a class=\"dt-pswp-item\" href=\"https:\/\/www.radiopiu.net\/wordpress\/wp-content\/uploads\/2022\/08\/Schermata-2022-08-05-alle-14.45.36.png\" data-dt-img-description=\"\" data-large_image_width=\"1296\" data-large_image_height=\"416\"><img loading=\"lazy\" decoding=\"async\" class=\"alignnone wp-image-291158 size-large\" src=\"https:\/\/www.radiopiu.net\/wordpress\/wp-content\/uploads\/2022\/08\/Schermata-2022-08-05-alle-14.45.36-1024x329.png\" alt=\"\" width=\"1024\" height=\"329\" srcset=\"https:\/\/www.radiopiu.net\/wordpress\/wp-content\/uploads\/2022\/08\/Schermata-2022-08-05-alle-14.45.36-1024x329.png 1024w, https:\/\/www.radiopiu.net\/wordpress\/wp-content\/uploads\/2022\/08\/Schermata-2022-08-05-alle-14.45.36-300x96.png 300w, https:\/\/www.radiopiu.net\/wordpress\/wp-content\/uploads\/2022\/08\/Schermata-2022-08-05-alle-14.45.36-768x247.png 768w, https:\/\/www.radiopiu.net\/wordpress\/wp-content\/uploads\/2022\/08\/Schermata-2022-08-05-alle-14.45.36.png 1296w\" sizes=\"auto, (max-width: 1024px) 100vw, 1024px\" \/><\/a><\/p>\n<p>&nbsp;<\/p>\n<hr \/>\n<p>&nbsp;<\/p>\n<blockquote>\n<h3>FRANA SULLA STRADA PER CORTINA &#8211; ALEMAGNA CHIUSA PER TUTTA LA NOTTE-<\/h3>\n<\/blockquote>\n<p>&nbsp;<\/p>\n<p><strong>CORTINA\u00a0<\/strong>Traffico chiuso in entrambe le direzioni pe tutta la notte in seguito alla colata detritica che ha interessato la statale\u00a0 ieri sera alle 18.45, in localit\u00e0 Podestagno. Non sono rimaste coinvolte persone o mezzi. Anas ha\u00a0 chiuso la statale 51\u00a0 da Fiames a Carbonin e non \u00e8 certo la prima volta<\/p>\n<p>&nbsp;<\/p>\n<p><img decoding=\"async\" class=\"aligncenter\" src=\"https:\/\/www.radiopiu.net\/wordpress\/wp-content\/uploads\/2022\/08\/AAAAA.jpg\" \/><\/p>\n<p>&nbsp;<\/p>\n<p>&nbsp;<\/p>\n\n\t\t\t<style type='text\/css'>\n\t\t\t\t#gallery-1 {\n\t\t\t\t\tmargin: auto;\n\t\t\t\t}\n\t\t\t\t#gallery-1 .gallery-item {\n\t\t\t\t\tfloat: left;\n\t\t\t\t\tmargin-top: 10px;\n\t\t\t\t\ttext-align: center;\n\t\t\t\t\twidth: 25%;\n\t\t\t\t}\n\t\t\t\t#gallery-1 img {\n\t\t\t\t\tborder: 2px solid #cfcfcf;\n\t\t\t\t}\n\t\t\t\t#gallery-1 .gallery-caption {\n\t\t\t\t\tmargin-left: 0;\n\t\t\t\t}\n\t\t\t\t\/* see gallery_shortcode() in wp-includes\/media.php *\/\n\t\t\t<\/style>\n\t\t<div id='gallery-1' class='dt-gallery-container gallery galleryid-291046 gallery-columns-4 gallery-size-thumbnail'><dl class='gallery-item'>\n\t\t\t\t<dt class='gallery-icon landscape'>\n\t\t\t\t\t<a class=\"rollover rollover-zoom dt-pswp-item\" title=\"64b7533e-ec85-41e5-a468-eba78e27e55b\" data-dt-img-description=\"\" data-large_image_width=\"1280\" data-large_image_height=\"960\"href='https:\/\/www.radiopiu.net\/wordpress\/wp-content\/uploads\/2022\/08\/64b7533e-ec85-41e5-a468-eba78e27e55b.jpg'><img loading=\"lazy\" decoding=\"async\" width=\"150\" height=\"150\" src=\"https:\/\/www.radiopiu.net\/wordpress\/wp-content\/uploads\/2022\/08\/64b7533e-ec85-41e5-a468-eba78e27e55b-150x150.jpg\" class=\"attachment-thumbnail size-thumbnail\" alt=\"\" \/><\/a>\n\t\t\t\t<\/dt><\/dl><dl class='gallery-item'>\n\t\t\t\t<dt class='gallery-icon landscape'>\n\t\t\t\t\t<a class=\"rollover rollover-zoom dt-pswp-item\" title=\"7d554c70-6ac1-4e29-8eee-fb301ec93701\" data-dt-img-description=\"\" data-large_image_width=\"1280\" data-large_image_height=\"888\"href='https:\/\/www.radiopiu.net\/wordpress\/wp-content\/uploads\/2022\/08\/7d554c70-6ac1-4e29-8eee-fb301ec93701.jpg'><img loading=\"lazy\" decoding=\"async\" width=\"150\" height=\"150\" src=\"https:\/\/www.radiopiu.net\/wordpress\/wp-content\/uploads\/2022\/08\/7d554c70-6ac1-4e29-8eee-fb301ec93701-150x150.jpg\" class=\"attachment-thumbnail size-thumbnail\" alt=\"\" \/><\/a>\n\t\t\t\t<\/dt><\/dl><dl class='gallery-item'>\n\t\t\t\t<dt class='gallery-icon landscape'>\n\t\t\t\t\t<a class=\"rollover rollover-zoom dt-pswp-item\" title=\"4b0a5d68-6f24-4bb8-83d1-3e6e9573f38f\" data-dt-img-description=\"\" data-large_image_width=\"1280\" data-large_image_height=\"960\"href='https:\/\/www.radiopiu.net\/wordpress\/wp-content\/uploads\/2022\/08\/4b0a5d68-6f24-4bb8-83d1-3e6e9573f38f.jpg'><img loading=\"lazy\" decoding=\"async\" width=\"150\" height=\"150\" src=\"https:\/\/www.radiopiu.net\/wordpress\/wp-content\/uploads\/2022\/08\/4b0a5d68-6f24-4bb8-83d1-3e6e9573f38f-150x150.jpg\" class=\"attachment-thumbnail size-thumbnail\" alt=\"\" \/><\/a>\n\t\t\t\t<\/dt><\/dl><dl class='gallery-item'>\n\t\t\t\t<dt class='gallery-icon landscape'>\n\t\t\t\t\t<a class=\"rollover rollover-zoom dt-pswp-item\" title=\"d4c327f7-f7be-4ac9-91e1-2be3851b1c6e\" data-dt-img-description=\"\" data-large_image_width=\"1280\" data-large_image_height=\"903\"href='https:\/\/www.radiopiu.net\/wordpress\/wp-content\/uploads\/2022\/08\/d4c327f7-f7be-4ac9-91e1-2be3851b1c6e.jpg'><img loading=\"lazy\" decoding=\"async\" width=\"150\" height=\"150\" src=\"https:\/\/www.radiopiu.net\/wordpress\/wp-content\/uploads\/2022\/08\/d4c327f7-f7be-4ac9-91e1-2be3851b1c6e-150x150.jpg\" class=\"attachment-thumbnail size-thumbnail\" alt=\"\" \/><\/a>\n\t\t\t\t<\/dt><\/dl><br style=\"clear: both\" \/>\n\t\t\t<\/div>\n\n<p>&nbsp;<\/p>\n<hr \/>\n<p>&nbsp;<\/p>\n<blockquote>\n<h2>BOMBA D&#8217;ACQUA IN TRENTINO &#8211; VAL DI FASSA. ALMENO 100 PERSONE EVAVUATE.<\/h2>\n<\/blockquote>\n<p><strong><span style=\"color: #ff0000;\">DAL GIORNALE RADIO NAZIONALE, EDIZIONE DELLE SETTE DEL MATTINO\u00a0<\/span><\/strong><\/p>\n<audio class=\"wp-audio-shortcode\" id=\"audio-291046-1\" preload=\"none\" style=\"width: 100%;\" controls=\"controls\"><source type=\"audio\/mpeg\" src=\"https:\/\/www.radiopiu.net\/wordpress\/wp-content\/uploads\/2022\/08\/giornaleradio.mp3?_=1\" \/><a href=\"https:\/\/www.radiopiu.net\/wordpress\/wp-content\/uploads\/2022\/08\/giornaleradio.mp3\">https:\/\/www.radiopiu.net\/wordpress\/wp-content\/uploads\/2022\/08\/giornaleradio.mp3<\/a><\/audio>\n<p>&nbsp;<\/p>\n<p><strong>TRENTO.<\/strong>\u00a0Circa\u00a0un centinaio di persone\u00a0tra turisti e residenti sono state\u00a0evacuate da alberghi e case in valle di Fassa, soprattutto nella zona di\u00a0Vigo di Fassa, dove si \u00e8 abbattuta una\u00a0bomba d&#8217;acqua\u00a0che ha provocato in breve tempo\u00a0frane e smottamenti\u00a0e l&#8217;esondazione di alcuni corsi d&#8217;acqua, come a\u00a0Fontanazzo\u00a0e\u00a0Campestrin, frazioni di\u00a0Mazzin\u00a0e\u00a0San Jan, dove una\u00a0frana di fango\u00a0ha invaso la strada.<\/p>\n<p>&nbsp;<\/p>\n<blockquote>\n<h2 class=\"article--video-description-title\">Disastro in Alto Adige: frane e smottamenti, l&#8217;acqua invade le strade<\/h2>\n<\/blockquote>\n<div class=\"article--video-description-text\">\n<p>Violenti temporali in Alto Adige: frane, strade chiuse e danni in diverse localit\u00e0.\u00a0Fleres, Valdaora, Val Badia, San Vigilio, Anterselva, Cengles, Val Martello e Brunico le zone pi\u00f9 colpite. Evacuato un albergo, a San Martino in Badia quasi 100 millimetri di pioggia in un&#8217;ora<\/p>\n<\/div>\n<p>&nbsp;<\/p>\n\n\t\t\t<style type='text\/css'>\n\t\t\t\t#gallery-2 {\n\t\t\t\t\tmargin: auto;\n\t\t\t\t}\n\t\t\t\t#gallery-2 .gallery-item {\n\t\t\t\t\tfloat: left;\n\t\t\t\t\tmargin-top: 10px;\n\t\t\t\t\ttext-align: center;\n\t\t\t\t\twidth: 33%;\n\t\t\t\t}\n\t\t\t\t#gallery-2 img {\n\t\t\t\t\tborder: 2px solid #cfcfcf;\n\t\t\t\t}\n\t\t\t\t#gallery-2 .gallery-caption {\n\t\t\t\t\tmargin-left: 0;\n\t\t\t\t}\n\t\t\t\t\/* see gallery_shortcode() in wp-includes\/media.php *\/\n\t\t\t<\/style>\n\t\t<div id='gallery-2' class='dt-gallery-container gallery galleryid-291046 gallery-columns-3 gallery-size-thumbnail'><dl class='gallery-item'>\n\t\t\t\t<dt class='gallery-icon portrait'>\n\t\t\t\t\t<a class=\"rollover rollover-zoom dt-pswp-item\" title=\"297694495_5353356081417155_8985802571689738888_n\" data-dt-img-description=\"\" data-large_image_width=\"118\" data-large_image_height=\"223\"href='https:\/\/www.radiopiu.net\/wordpress\/wp-content\/uploads\/2022\/08\/297694495_5353356081417155_8985802571689738888_n.jpg'><img loading=\"lazy\" decoding=\"async\" width=\"118\" height=\"150\" src=\"https:\/\/www.radiopiu.net\/wordpress\/wp-content\/uploads\/2022\/08\/297694495_5353356081417155_8985802571689738888_n-118x150.jpg\" class=\"attachment-thumbnail size-thumbnail\" alt=\"\" \/><\/a>\n\t\t\t\t<\/dt><\/dl><dl class='gallery-item'>\n\t\t\t\t<dt class='gallery-icon portrait'>\n\t\t\t\t\t<a class=\"rollover rollover-zoom dt-pswp-item\" title=\"296555023_5353340701418693_9161833624625282731_n\" data-dt-img-description=\"\" data-large_image_width=\"118\" data-large_image_height=\"211\"href='https:\/\/www.radiopiu.net\/wordpress\/wp-content\/uploads\/2022\/08\/296555023_5353340701418693_9161833624625282731_n.jpg'><img loading=\"lazy\" decoding=\"async\" width=\"118\" height=\"150\" src=\"https:\/\/www.radiopiu.net\/wordpress\/wp-content\/uploads\/2022\/08\/296555023_5353340701418693_9161833624625282731_n-118x150.jpg\" class=\"attachment-thumbnail size-thumbnail\" alt=\"\" \/><\/a>\n\t\t\t\t<\/dt><\/dl><dl class='gallery-item'>\n\t\t\t\t<dt class='gallery-icon landscape'>\n\t\t\t\t\t<a class=\"rollover rollover-zoom dt-pswp-item\" title=\"297878989_5353357778083652_4518756874833108271_n\" data-dt-img-description=\"\" data-large_image_width=\"259\" data-large_image_height=\"225\"href='https:\/\/www.radiopiu.net\/wordpress\/wp-content\/uploads\/2022\/08\/297878989_5353357778083652_4518756874833108271_n.jpg'><img loading=\"lazy\" decoding=\"async\" width=\"150\" height=\"150\" src=\"https:\/\/www.radiopiu.net\/wordpress\/wp-content\/uploads\/2022\/08\/297878989_5353357778083652_4518756874833108271_n-150x150.jpg\" class=\"attachment-thumbnail size-thumbnail\" alt=\"\" \/><\/a>\n\t\t\t\t<\/dt><\/dl><br style=\"clear: both\" \/><dl class='gallery-item'>\n\t\t\t\t<dt class='gallery-icon landscape'>\n\t\t\t\t\t<a class=\"rollover rollover-zoom dt-pswp-item\" title=\"297933815_5353357594750337_2149592423921100595_n\" data-dt-img-description=\"\" data-large_image_width=\"262\" data-large_image_height=\"206\"href='https:\/\/www.radiopiu.net\/wordpress\/wp-content\/uploads\/2022\/08\/297933815_5353357594750337_2149592423921100595_n.jpg'><img loading=\"lazy\" decoding=\"async\" width=\"150\" height=\"150\" src=\"https:\/\/www.radiopiu.net\/wordpress\/wp-content\/uploads\/2022\/08\/297933815_5353357594750337_2149592423921100595_n-150x150.jpg\" class=\"attachment-thumbnail size-thumbnail\" alt=\"\" \/><\/a>\n\t\t\t\t<\/dt><\/dl><dl class='gallery-item'>\n\t\t\t\t<dt class='gallery-icon portrait'>\n\t\t\t\t\t<a class=\"rollover rollover-zoom dt-pswp-item\" title=\"297742624_5353356321417131_2816798707444642641_n\" data-dt-img-description=\"\" data-large_image_width=\"100\" data-large_image_height=\"217\"href='https:\/\/www.radiopiu.net\/wordpress\/wp-content\/uploads\/2022\/08\/297742624_5353356321417131_2816798707444642641_n.jpg'><img loading=\"lazy\" decoding=\"async\" width=\"100\" height=\"150\" src=\"https:\/\/www.radiopiu.net\/wordpress\/wp-content\/uploads\/2022\/08\/297742624_5353356321417131_2816798707444642641_n-100x150.jpg\" class=\"attachment-thumbnail size-thumbnail\" alt=\"\" \/><\/a>\n\t\t\t\t<\/dt><\/dl><dl class='gallery-item'>\n\t\t\t\t<dt class='gallery-icon portrait'>\n\t\t\t\t\t<a class=\"rollover rollover-zoom dt-pswp-item\" title=\"297987938_5353355724750524_3405083751264590375_n\" data-dt-img-description=\"\" data-large_image_width=\"173\" data-large_image_height=\"213\"href='https:\/\/www.radiopiu.net\/wordpress\/wp-content\/uploads\/2022\/08\/297987938_5353355724750524_3405083751264590375_n.jpg'><img loading=\"lazy\" decoding=\"async\" width=\"150\" height=\"150\" src=\"https:\/\/www.radiopiu.net\/wordpress\/wp-content\/uploads\/2022\/08\/297987938_5353355724750524_3405083751264590375_n-150x150.jpg\" class=\"attachment-thumbnail size-thumbnail\" alt=\"\" \/><\/a>\n\t\t\t\t<\/dt><\/dl><br style=\"clear: both\" \/>\n\t\t\t<\/div>\n\n<p>&nbsp;<\/p>\n<p>&nbsp;<\/p>\n<p>&nbsp;<\/p>\n<hr \/>\n<p>&nbsp;<\/p>\n<blockquote>\n<h3>IMMANCABILI DISAVVENTURE DEGLI SCOUT<\/h3>\n<\/blockquote>\n<p><strong><img loading=\"lazy\" decoding=\"async\" class=\"alignleft\" src=\"https:\/\/www.radiopiu.net\/wordpress\/wp-content\/uploads\/2022\/08\/campo-scout-spettine-2-2-2.jpg\" width=\"226\" height=\"127\" \/>SANTO STEFANO<\/strong> Non c&#8217;\u00e8 estate senza scout, non c&#8217;\u00e8 scout senza disavventura. Un ritornello tipico della stagione. Anche quest&#8217;anno ecco l&#8217;episodio da citare e forse non sar\u00e0 nemmeno l&#8217;ultimo. Fortunatamente, diversamente da altre tristi situazioni che segnano la storia la conclusione \u00e8 a lieto fine. Il gruppo di giovani &#8211; accompagnatori compresi &#8211;\u00a0 \u00e8 stato sorpreso dal maltempo in Val Frison. La pioggia caduta nel torrente Frison lo ha fatto esondare ed ha eroso una parte del sentiero, tanto che i giovani non sono pi\u00f9 riusciti ad andare avanti, chiedendo l&#8217;aiuto del Soccorso Alpino<\/p>\n<p><strong>DAL SOCCORSO ALPINO<\/strong><\/p>\n<p><strong>PIOGGIA BATTENTE, RECUPERATI DUE GRUPPI SCOUT IERI SERA<\/strong><\/p>\n<div dir=\"auto\"><\/div>\n<div dir=\"auto\">Ieri sera, a seguito delle abbondanti e concentrate precipitazioni, si sono verificate due situazioni di emergenza che hanno coinvolto due differenti gruppi scout a Santo Stefano di Cadore e a Cortina, l&#8217;allarme scattato poco prima delle 20.<\/div>\n<div dir=\"auto\">In Comelico dieci scout di Vittorio Veneto (TV), che avevano piantato le tende in Val Frison, la valle che da Campolongo sale a Forcella Lavardet, nelle vicinanze di un affluente del Frison, che si era ingrossato iniziando a scaricare materiale. Una squadra del Soccorso alpino della Val Comelico e dei Vigili del fuoco &#8211; arrivato anche il Soccorso alpino della Guardia di Finanza di Auronzo &#8211; si \u00e8 portato sul posto, senza poter inizialmente attraversare per la piena del corso d&#8217;acqua. Due soccorriori sono poi risaliti a piedi, finch\u00e9 il livello si \u00e8 abbassato e hanno trovato un punto dove guadare. Hanno quindi raggiunto il gruppo, dai 24 ai 38 anni, che si era preparato e lo ha riaccompagnato per 300 metri ai mezzi e da l\u00ec al palazzetto dove hanno passato la notte. Questa mattina una squadra li sta riportando a recuperare le tende.<\/div>\n<div dir=\"auto\">Ieri sera, in contemporanea, il Soccorso alpino di Cortina \u00e8 stato attivato per un altro gruppo scout proveniente dalla Toscana. Gli 11 ragazzi di Siena, dai 18 ai 32 anni, che avevano intenzione di montare le tende nella zona di Malga Fanes Grande, erano stati infatti sconsigliati dal gestore per il maltempo in arrivo e stavano tornando a valle. Rientrando, all&#8217;altezza del Ponte Felizon a Fiames, sono stati per\u00f2 bloccati da una frana. Una squadra, assieme al Soccorso alpino della Guardia di finanza di Cortina, \u00e8 riuscita a raggiungerli da una strada secondaria. Caricati sui mezzi, i ragazzi sono poi stati ospitati in canonica.<\/div>\n<p>___<\/p>\n<p>&nbsp;<\/p>\n<hr \/>\n<p>&nbsp;<\/p>\n<blockquote>\n<h3>SCIVOLA E RUZZOLA PER ALCUNI METRI<\/h3>\n<\/blockquote>\n<p><strong>CIBIANA DI CADORE<\/strong> Ieri mattina verso le 10.30 l&#8217;elicottero del Suem di Pieve di Cadore \u00e8 volato sotto la vetta del Sassolungo di Cibiana &#8211; 250 metri di dislivello pi\u00f9 in basso rispetto alla cima &#8211; per un escursionista di 58 anni residente a Parigi, che era scivolato, ruzzolabdo alcuni metri, e si era fatto male a una caviglia, mentre con due altre persone percorreva la via normale orientale. Recuperato con un verricello di 20 metri dal tecnico di elisoccorso, l&#8217;uomo \u00e8 stato trasportato all&#8217;ospedale di Belluno.<\/p>\n<p>&nbsp;<\/p>\n<p>&nbsp;<\/p>\n<hr \/>\n<p>&nbsp;<\/p>\n<blockquote>\n<h3>CADE CON LA MOUNTAIN BIKE SOTTO AL RIFUGIO BEC DE ROCES<\/h3>\n<\/blockquote>\n<p><strong>LIVINALLONGO<\/strong> Verso le 12.45 di ieri\u00a0 l&#8217;eliambulanza \u00e8 poi volata sopra il Rifugio Bec de Roces, dove, su indicazioni della figlia doveva trovarsi un uomo caduto sul sentiero. Poich\u00e9 a seguito della ricognizione non si era trovato nessuno, l&#8217;elicottero \u00e8 atterrato in piazzola. \u00c8 quindi stata attivata anche una squadra del Soccorso alpino di Livinallongo in quanto un passante aveva segnalato la presenza di un infortunato sul tratto di pista tra il Bec de Roces e Arabba, poi rivelatasi un&#8217;unica emergenza. Il padre della ragazza della prima chiamata, un 49enne canadese, si trovava in realt\u00e0 sotto il Rifugio ed era caduto con la mountain bike, con conseguente possibile trauma al ginocchio. Raggiunto dai soccorritori, \u00e8 stato caricato a bordo della jeep per essere poi trasferito sull&#8217;elicottero in attesa al Rifugio e accompagnato a Belluno.<\/p>\n<p>&nbsp;<\/p>\n<p>&nbsp;<\/p>\n<hr \/>\n<p>&nbsp;<\/p>\n<blockquote>\n<h3>COLPITO DA UN SASSO, RECUPERATO ESCURSIONISTA<\/h3>\n<\/blockquote>\n<p><strong>CORTINA<\/strong> L&#8217;elicottero di Dolomiti Emergency \u00e8 stato inviato sulla via normale al Sorapis, all&#8217;incirca all&#8217;altezza del bivio con la Croda Marcora, dove un 36enne di Mirano (VE), che la stava percorrendo da solo, colpito da un sasso aveva riportato una ferita al ginocchio. Issato a bordo dal tecnico di elisoccorso con un verricello, l&#8217;infortunato \u00e8 stato portato a Fiames e consegnato all&#8217;ambulanza diretta all&#8217;ospedale di Cortina.<\/p>\n<p>&nbsp;<\/p>\n<p>&nbsp;<\/p>\n<hr \/>\n<p>&nbsp;<\/p>\n<blockquote>\n<h3 class=\"entry-title\">SCIVOLA SUL SENTIERO E RUZZOLA PER UNA VENTINA DI METRI<\/h3>\n<\/blockquote>\n<p><strong>CORTINA<\/strong> Attorno alle 13.20 di ieri la Centrale del Suem \u00e8 stata allertata per un escursionista infortunatosi sotto il Rifugio Scoiattoli, l\u2019allarme dato da una passante. Arrivato sul posto, dopo un sorvolo con esito negativo, dopo una seconda chiamata piu precisa l\u2019elicottero \u00e8 stato dirottato a valle del Rifugio Cinque Torri, dove \u00e8 arrivata anche una squadra del Soccorso alpino della Guardia di finanza di Cortina. Un escursionista 77enne francese, che stava camminando da solo, era infatti scivolato dal sentiero ruzzolando una ventina di metri e riportando un sospetto trauma cranico. Raggiunto dai soccorritori l\u2019uomo \u00e8 stato stabilizzato e imbarellato, per essere poi recuperato con il verricello e trasportato all\u2019ospedale di Belluno<\/p>\n<p>&nbsp;<\/p>\n<p>&nbsp;<\/p>\n<hr \/>\n<p>&nbsp;<\/p>\n<blockquote>\n<h3 class=\"entry-title\">IN PARETE SOTTO IL TEMPORALE<\/h3>\n<\/blockquote>\n<p><strong>SAN VITO DI CADORE<\/strong>\u00a0L\u2019eliambulanza \u00e8 volata sui Lastoni di Formin, per una coppia di alpinisti in difficolt\u00e0 dopo aver preso il temporale in parete. I due, 36 anni lui, 39 anni lei di Roma, che\u00a0 stavano scalando la Via Nikibi sul Torrione Marcella e non riuscivano pi\u00f9 a progredire n\u00e9 a calarsi, sono stati raggiunti dal tecnico di elisoccorso sceso con un verricello di 35 metri. Issati entrambi a bordo, i due sono stati poi lasciati a Fiames.<\/p>\n<p>&nbsp;<\/p>\n<hr \/>\n<p>&nbsp;<\/p>\n<blockquote>\n<h3>SOCCORSO UN GIOVANE NELLA SOLITA DEGRADATA VIA SOTTOCASTELLO<\/h3>\n<\/blockquote>\n<p><strong>BELLUNO<\/strong> Il Suem e una pattuglia della polizia sono intervenuti ieri sera in via Sottocastello per soccorrere un ragazzo ospite di una comunit\u00e0 terapeutica. Una volta trovato e valutate le sue condizioni hanno cominciato a trattarlo sul posto,\u00a0 era in stato confusionale, quindi il trasporto al Pronto soccorso dell&#8217;ospedale San Martino.\u00a0 Un altro episodio di degrado, in una via, che gi\u00e0 in passato era stata teatro di illegalit\u00e0, a cominciare dallo spaccio di sostanze stupefacenti.<\/p>\n<p>&nbsp;<\/p>\n<p>&nbsp;<\/p>\n<hr \/>\n<p>&nbsp;<\/p>\n<blockquote>\n<h3><a class=\"dt-pswp-item\" href=\"https:\/\/www.radiopiu.net\/wordpress\/wp-content\/uploads\/2022\/08\/AAAAA-1.jpg\" data-dt-img-description=\"\" data-large_image_width=\"268\" data-large_image_height=\"282\"><img loading=\"lazy\" decoding=\"async\" class=\" wp-image-291242 alignleft\" src=\"https:\/\/www.radiopiu.net\/wordpress\/wp-content\/uploads\/2022\/08\/AAAAA-1-150x150.jpg\" alt=\"\" width=\"109\" height=\"109\" \/><\/a>LAMON IN LUTTO, PIANGE LO STORICO BENZINAIO<\/h3>\n<\/blockquote>\n<p><strong>LAMON\u00a0<\/strong> E&#8217; morto Luigi Facchin &#8220;Gigi Codec&#8221;, a lungo gestore della pompa di benzina in centro al paese e tra i primi ad aprire una rivendita di carburanti in zona, si \u00e8 spento a 93 anni, lasciando la figlia Mara e il figlio Maurizio. Molto vicino alle associazioni paesane e al gruppo degli alpini, Luigi Facchin era anche un instancabile promotore di iniziative. L&#8217;ultimo saluto a &#8220;Gigi Codec&#8221; sar\u00e0 celebrato questo pomeriggio in duomo a Lamon: la cerimonia funebre \u00e8 fissata alle 16,30.<\/p>\n<p>&nbsp;<\/p>\n<hr \/>\n<p>&nbsp;<\/p>\n<blockquote>\n<h3>I FUNERALI DEL DOTTOR GIAMBATTISTA ARRIGONI<\/h3>\n<\/blockquote>\n<p><iframe loading=\"lazy\" title=\"Funerali del rotaryano Giambattista Arrigoni\" width=\"1200\" height=\"675\" src=\"https:\/\/www.youtube.com\/embed\/sInx9GF07dA?feature=oembed\" frameborder=\"0\" allow=\"accelerometer; autoplay; clipboard-write; encrypted-media; gyroscope; picture-in-picture\" allowfullscreen><\/iframe><\/p>\n<p>&nbsp;<\/p>\n<hr \/>\n<p>&nbsp;<\/p>\n<blockquote>\n<h3><a class=\"dt-pswp-item\" href=\"https:\/\/www.radiopiu.net\/wordpress\/wp-content\/uploads\/2022\/08\/SSSS.jpg\" data-dt-img-description=\"\" data-large_image_width=\"501\" data-large_image_height=\"286\"><img loading=\"lazy\" decoding=\"async\" class=\" wp-image-290285 alignleft\" src=\"https:\/\/www.radiopiu.net\/wordpress\/wp-content\/uploads\/2022\/08\/SSSS-150x150.jpg\" alt=\"\" width=\"99\" height=\"99\" \/><\/a>OGGI\u00a0 I FUNERALI\u00a0 DEL PICCOLO NICCOLO&#8217;<\/h3>\n<\/blockquote>\n<p><strong>BELLUNO<\/strong> Oggi\u00a0 alle 15 a Fortogna\u00a0 l&#8217;addio a Nicol\u00f2 Feltrin, il bimbo di due anni di Codissago morto gioved\u00ec della scorsa settimana all&#8217;ospedale di Pieve di Cadore. Dalla comunit\u00e0 di Codissago arrivano vicinanza e cordoglio per una famiglia che \u00e8 stata toccata da una tragedia tanto grande.<\/p>\n<p>&nbsp;<\/p>\n<p>&nbsp;<\/p>\n<hr \/>\n<p>&nbsp;<\/p>\n<blockquote>\n<h2>NUOVO DIVERTIMENTO A TAIBON: TIRA IL BIRILLO SUL TETTO<\/h2>\n<\/blockquote>\n<blockquote>\n<h3><strong style=\"font-size: 14px;\">TAIBON<\/strong><span style=\"font-size: 14px; font-weight: normal;\"> A quanto pare i giovani di Taibon o zone limitrofe si divertono con poco, ma a spese degli altri e in spregio a qualsiasi buona norma di educazione civica. Nell&#8217;isolata zona sportiva stamane qualcuno dovr\u00e0 provvedere a rimettere ordine. &#8220;Ragazzate&#8221;, comunque fastidiose che recentemente hanno portato anche alla chiusura degli impianti.<\/span><\/h3>\n<\/blockquote>\n\n\t\t\t<style type='text\/css'>\n\t\t\t\t#gallery-3 {\n\t\t\t\t\tmargin: auto;\n\t\t\t\t}\n\t\t\t\t#gallery-3 .gallery-item {\n\t\t\t\t\tfloat: left;\n\t\t\t\t\tmargin-top: 10px;\n\t\t\t\t\ttext-align: center;\n\t\t\t\t\twidth: 25%;\n\t\t\t\t}\n\t\t\t\t#gallery-3 img {\n\t\t\t\t\tborder: 2px solid #cfcfcf;\n\t\t\t\t}\n\t\t\t\t#gallery-3 .gallery-caption {\n\t\t\t\t\tmargin-left: 0;\n\t\t\t\t}\n\t\t\t\t\/* see gallery_shortcode() in wp-includes\/media.php *\/\n\t\t\t<\/style>\n\t\t<div id='gallery-3' class='dt-gallery-container gallery galleryid-291046 gallery-columns-4 gallery-size-thumbnail'><dl class='gallery-item'>\n\t\t\t\t<dt class='gallery-icon portrait'>\n\t\t\t\t\t<a class=\"rollover rollover-zoom dt-pswp-item\" title=\"1c71e214-8c21-40af-913f-e3262f42aef9\" data-dt-img-description=\"\" data-large_image_width=\"899\" data-large_image_height=\"1599\"href='https:\/\/www.radiopiu.net\/wordpress\/wp-content\/uploads\/2022\/08\/1c71e214-8c21-40af-913f-e3262f42aef9.jpg'><img loading=\"lazy\" decoding=\"async\" width=\"150\" height=\"150\" src=\"https:\/\/www.radiopiu.net\/wordpress\/wp-content\/uploads\/2022\/08\/1c71e214-8c21-40af-913f-e3262f42aef9-150x150.jpg\" class=\"attachment-thumbnail size-thumbnail\" alt=\"\" \/><\/a>\n\t\t\t\t<\/dt><\/dl><dl class='gallery-item'>\n\t\t\t\t<dt class='gallery-icon portrait'>\n\t\t\t\t\t<a class=\"rollover rollover-zoom dt-pswp-item\" title=\"3ccb09ad-bb8a-4ab2-bf18-e1f12e0e1e2d\" data-dt-img-description=\"\" data-large_image_width=\"899\" data-large_image_height=\"1599\"href='https:\/\/www.radiopiu.net\/wordpress\/wp-content\/uploads\/2022\/08\/3ccb09ad-bb8a-4ab2-bf18-e1f12e0e1e2d.jpg'><img loading=\"lazy\" decoding=\"async\" width=\"150\" height=\"150\" src=\"https:\/\/www.radiopiu.net\/wordpress\/wp-content\/uploads\/2022\/08\/3ccb09ad-bb8a-4ab2-bf18-e1f12e0e1e2d-150x150.jpg\" class=\"attachment-thumbnail size-thumbnail\" alt=\"\" \/><\/a>\n\t\t\t\t<\/dt><\/dl><dl class='gallery-item'>\n\t\t\t\t<dt class='gallery-icon landscape'>\n\t\t\t\t\t<a class=\"rollover rollover-zoom dt-pswp-item\" title=\"b89a3f02-2ff8-456b-94db-80247d1a97ae\" data-dt-img-description=\"\" data-large_image_width=\"1599\" data-large_image_height=\"899\"href='https:\/\/www.radiopiu.net\/wordpress\/wp-content\/uploads\/2022\/08\/b89a3f02-2ff8-456b-94db-80247d1a97ae.jpg'><img loading=\"lazy\" decoding=\"async\" width=\"150\" height=\"150\" src=\"https:\/\/www.radiopiu.net\/wordpress\/wp-content\/uploads\/2022\/08\/b89a3f02-2ff8-456b-94db-80247d1a97ae-150x150.jpg\" class=\"attachment-thumbnail size-thumbnail\" alt=\"\" \/><\/a>\n\t\t\t\t<\/dt><\/dl><dl class='gallery-item'>\n\t\t\t\t<dt class='gallery-icon portrait'>\n\t\t\t\t\t<a class=\"rollover rollover-zoom dt-pswp-item\" title=\"0ca6a459-152f-46d6-8152-5e548cdff374\" data-dt-img-description=\"\" data-large_image_width=\"899\" data-large_image_height=\"1599\"href='https:\/\/www.radiopiu.net\/wordpress\/wp-content\/uploads\/2022\/08\/0ca6a459-152f-46d6-8152-5e548cdff374.jpg'><img loading=\"lazy\" decoding=\"async\" width=\"150\" height=\"150\" src=\"https:\/\/www.radiopiu.net\/wordpress\/wp-content\/uploads\/2022\/08\/0ca6a459-152f-46d6-8152-5e548cdff374-150x150.jpg\" class=\"attachment-thumbnail size-thumbnail\" alt=\"\" \/><\/a>\n\t\t\t\t<\/dt><\/dl><br style=\"clear: both\" \/>\n\t\t\t<\/div>\n\n<p>&nbsp;<\/p>\n<p>&nbsp;<\/p>\n<p>&nbsp;<\/p>\n<p>&nbsp;<\/p>\n<hr \/>\n<p>&nbsp;<\/p>\n<blockquote>\n<h3>PAOLO FRENA ELETTO PRESIDENTE DELL&#8217;UNIONE MONTANA AGORDINA<\/h3>\n<\/blockquote>\n<p><strong><a class=\"dt-pswp-item\" href=\"https:\/\/www.radiopiu.net\/wordpress\/wp-content\/uploads\/2018\/03\/paolo_frena.jpg\" data-dt-img-description=\"\" data-large_image_width=\"774\" data-large_image_height=\"884\"><img loading=\"lazy\" decoding=\"async\" class=\"size-thumbnail wp-image-45409 alignleft\" src=\"https:\/\/www.radiopiu.net\/wordpress\/wp-content\/uploads\/2018\/03\/paolo_frena-150x150.jpg\" alt=\"\" width=\"150\" height=\"150\" \/><\/a>AGORDO<\/strong><\/p>\n<p>di Gianni Santomaso<\/p>\n<audio class=\"wp-audio-shortcode\" id=\"audio-291046-2\" preload=\"none\" style=\"width: 100%;\" controls=\"controls\"><source type=\"audio\/mpeg\" src=\"https:\/\/www.radiopiu.net\/wordpress\/wp-content\/uploads\/2022\/08\/GIANNI-PAOLO-FRENA-ELETTO-PRESIDENTE-DELLUNIONE-MONTANA-AGORDINA.mp3?_=2\" \/><a href=\"https:\/\/www.radiopiu.net\/wordpress\/wp-content\/uploads\/2022\/08\/GIANNI-PAOLO-FRENA-ELETTO-PRESIDENTE-DELLUNIONE-MONTANA-AGORDINA.mp3\">https:\/\/www.radiopiu.net\/wordpress\/wp-content\/uploads\/2022\/08\/GIANNI-PAOLO-FRENA-ELETTO-PRESIDENTE-DELLUNIONE-MONTANA-AGORDINA.mp3<\/a><\/audio>\n<p>&nbsp;<\/p>\n<hr \/>\n<p>&nbsp;<\/p>\n<blockquote>\n<h3>I TRALICCI SONO STATI SPOSTATI E CONCENTRATI IN UN UNICO PUNTO<\/h3>\n<\/blockquote>\n<p><strong>ROCCA PIETORE<\/strong> Come preannunciato qualche cosa si \u00e8 mosso, l&#8217;elicottero in particolare che ha provveduto a spostare i tralicci danneggiati da Vaia o sostituiti con i nuovi. Ora sono stati ammassati alle porte di Santa Maria delle Grazie con la speranza entro breve venga definitivamente smaltiti nelle sedi opportune<\/p>\n<div style=\"width: 640px;\" class=\"wp-video\"><video class=\"wp-video-shortcode\" id=\"video-291046-1\" width=\"640\" height=\"352\" preload=\"metadata\" controls=\"controls\"><source type=\"video\/mp4\" src=\"https:\/\/www.radiopiu.net\/wordpress\/wp-content\/uploads\/2022\/08\/WhatsApp-Video-2022-08-05-at-14.05.46.mp4?_=1\" \/><a href=\"https:\/\/www.radiopiu.net\/wordpress\/wp-content\/uploads\/2022\/08\/WhatsApp-Video-2022-08-05-at-14.05.46.mp4\">https:\/\/www.radiopiu.net\/wordpress\/wp-content\/uploads\/2022\/08\/WhatsApp-Video-2022-08-05-at-14.05.46.mp4<\/a><\/video><\/div>\n<p>&nbsp;<\/p>\n<h3><span style=\"color: #ff0000;\">NEI GIORNI SCORSI SUL SITO DI RADIO PIU&#8217;<\/span><\/h3>\n<blockquote class=\"wp-embedded-content\" data-secret=\"Moab3QuuBR\"><p><a href=\"https:\/\/www.radiopiu.net\/wordpress\/tralicci-a-terra-nel-dopo-vaia-de-bernardin-il-recupero-e-imminente\/\">TRALICCI A TERRA NEL DOPO VAIA. DE BERNARDIN &#8220;IL RECUPERO E&#8217; IMMINENTE&#8221;<\/a><\/p><\/blockquote>\n<p><iframe loading=\"lazy\" class=\"wp-embedded-content\" sandbox=\"allow-scripts\" security=\"restricted\" style=\"position: absolute; clip: rect(1px, 1px, 1px, 1px);\" title=\"&#8220;TRALICCI A TERRA NEL DOPO VAIA. DE BERNARDIN &#8220;IL RECUPERO E&#8217; IMMINENTE&#8221;&#8221; &#8212; Radio Pi\u00f9\" src=\"https:\/\/www.radiopiu.net\/wordpress\/tralicci-a-terra-nel-dopo-vaia-de-bernardin-il-recupero-e-imminente\/embed\/#?secret=bPPPHjAEhA#?secret=Moab3QuuBR\" data-secret=\"Moab3QuuBR\" width=\"600\" height=\"338\" frameborder=\"0\" marginwidth=\"0\" marginheight=\"0\" scrolling=\"no\"><\/iframe><\/p>\n<p>&nbsp;<\/p>\n<p>&nbsp;<\/p>\n<hr \/>\n<p>&nbsp;<\/p>\n<blockquote>\n<h3>ECCO PERCHE&#8217; LE TELCAMERE DI REPORT SONO TORNATE IN PROVINCIA DI BELLUNO<\/h3>\n<\/blockquote>\n<p><strong>REDAZIONE<\/strong> Riceviamo e pubblichiamo questo contributo video da Marinella Piazza.<\/p>\n<div style=\"width: 848px;\" class=\"wp-video\"><video class=\"wp-video-shortcode\" id=\"video-291046-2\" width=\"848\" height=\"480\" preload=\"metadata\" controls=\"controls\"><source type=\"video\/mp4\" src=\"https:\/\/www.radiopiu.net\/wordpress\/wp-content\/uploads\/2022\/08\/VIDEO-2022-08-04-14-10-05.mp4?_=2\" \/><a href=\"https:\/\/www.radiopiu.net\/wordpress\/wp-content\/uploads\/2022\/08\/VIDEO-2022-08-04-14-10-05.mp4\">https:\/\/www.radiopiu.net\/wordpress\/wp-content\/uploads\/2022\/08\/VIDEO-2022-08-04-14-10-05.mp4<\/a><\/video><\/div>\n<p>&nbsp;<\/p>\n<hr \/>\n<p>&nbsp;<\/p>\n<blockquote>\n<h3>ULTERIORI 31 MILIONI DI EURO PER L&#8217;ALLUVIONE DEL DICEMBRE 2020<\/h3>\n<\/blockquote>\n<p><strong><a class=\"dt-pswp-item\" href=\"https:\/\/www.radiopiu.net\/wordpress\/wp-content\/uploads\/2022\/08\/e4283ceb-a368-42c4-abc2-59230913aafe.jpg\" data-dt-img-description=\"\" data-large_image_width=\"1280\" data-large_image_height=\"960\"><img loading=\"lazy\" decoding=\"async\" class=\"size-thumbnail wp-image-291118 alignleft\" src=\"https:\/\/www.radiopiu.net\/wordpress\/wp-content\/uploads\/2022\/08\/e4283ceb-a368-42c4-abc2-59230913aafe-150x150.jpg\" alt=\"\" width=\"150\" height=\"150\" \/><\/a>VENEZIA<\/strong> &#8220;<em>Un importante riconoscimento per un evento calamitoso in cui era piovuto pi\u00f9 del 1966 e molto pi\u00f9 del 2010, ma in cui non ci sono stati n\u00e9 i cento morti del 1966, n\u00e9 mezzo Veneto allagato come accadde nel 2010 grazie ai tanti interventi in termine di prevenzione che abbiamo posto in essere negli ultimi anni. I danni erano comunque stati ingenti e perci\u00f2 ringrazio il capo Dipartimento della Protezione Civile Curcio e il governo per questo ulteriore contributo dopo i piccoli aiuti ricevuti nell&#8217;immediato<\/em>&#8220;. Queste le prime parole dell&#8217;assessore al Dissesto idrogeologico dopo la conferma che il governo ha stanziato 31 milioni di euro per i danni degli eventi meteorologici che si sono verificati nei giorni dal 4 al 9 dicembre 2020. &#8220;<em>Parliamo di un evento che ha colpito diversi territori del Veneto, in particolare nelle province di Belluno, Treviso Padova e Vicenza &#8211; dettaglia l&#8217;assessore -, per il quale avevamo stimato oltre 300 milioni di danni e su cui da subito siamo intervenuti per ripristinare le situazione<\/em>&#8220;. &#8220;<em>Ovviamente non possiamo ancora considerare chiusa la partita &#8211; conclude l&#8217;assessore &#8211; , ma con questo contributo, frutto di un intensa collaborazione in primis tra Regione e governo, facciamo un bel passo avanti sulla gestione del post evento calamitoso<\/em>&#8220;.<\/p>\n<div style=\"width: 640px;\" class=\"wp-video\"><video class=\"wp-video-shortcode\" id=\"video-291046-3\" width=\"640\" height=\"352\" preload=\"metadata\" controls=\"controls\"><source type=\"video\/mp4\" src=\"https:\/\/www.radiopiu.net\/wordpress\/wp-content\/uploads\/2022\/08\/WhatsApp-Video-2022-08-05-at-13.19.57.mp4?_=3\" \/><a href=\"https:\/\/www.radiopiu.net\/wordpress\/wp-content\/uploads\/2022\/08\/WhatsApp-Video-2022-08-05-at-13.19.57.mp4\">https:\/\/www.radiopiu.net\/wordpress\/wp-content\/uploads\/2022\/08\/WhatsApp-Video-2022-08-05-at-13.19.57.mp4<\/a><\/video><\/div>\n<p>&nbsp;<\/p>\n<p>&nbsp;<\/p>\n<p>&nbsp;<\/p>\n<hr \/>\n<p>&nbsp;<\/p>\n<blockquote>\n<h3>DAL CONSIGLIO COMUNALE DI VOLTAGO<\/h3>\n<\/blockquote>\n<p><strong class=\"photoswipe-wrapper\"><a class=\"dt-pswp-item pspw-wrap-ready\" href=\"https:\/\/www.radiopiu.net\/wordpress\/wp-content\/uploads\/2021\/12\/download.jpg\" data-dt-img-description=\"\" data-large_image_width=\"299\" data-large_image_height=\"168\"><img loading=\"lazy\" decoding=\"async\" class=\" wp-image-246141 alignleft\" src=\"https:\/\/www.radiopiu.net\/wordpress\/wp-content\/uploads\/2021\/12\/download-150x150.jpg\" alt=\"\" width=\"88\" height=\"88\" \/><\/a>VOLTAGO<\/strong> Il sindaco di Voltago Giuseppe Schena ha convocato il consiglio comunale presso la sala consigliare del Municipio. Sei i punti all\u2019ordine del giorno tra cui l\u2019assestamento di bilancio 2022\/2024, il regolamento per la monetizzazione delle aree a parcheggio negli interventi edilizi diretti, l\u2019approvazione del regolamento per l\u2019affido e la gestione degli impianti sportivi alle associazioni sportive locali e l\u2019affidamento degli impianti sportivi di Frassen\u00e8.<\/p>\n<p>&nbsp;<\/p>\n<p><strong>LA DIRETTA RADIO PIU&#8217;<\/strong><\/p>\n<p>https:\/\/www.facebook.com\/marco.baghy.1\/videos\/619128449630603\/<\/p>\n<p>&nbsp;<\/p>\n<hr \/>\n<p>&nbsp;<\/p>\n<blockquote>\n<h3>RITROVATA UNA RUOTA IN PIETRA DURANTE I LAVORI IN VALCOZZENA<\/h3>\n<\/blockquote>\n<p><strong>AGORDO<\/strong> Ritrovamento di una ruota in pietra durante i lavori nel cantiere in Valcozzena per la nuova viabilit\u00e0. Il ritrovamento potrebbe risalire all&#8217;alluvione del 1966.<\/p>\n<p><strong>LA DIRETTA RADIO PIU&#8217;<\/strong><\/p>\n<p>https:\/\/www.facebook.com\/marco.baghy.1\/videos\/399141762284230<\/p>\n<p>&nbsp;<\/p>\n<hr \/>\n<p>&nbsp;<\/p>\n<p><strong>SILVANO SAVIO E I PERMESSI PER LA RACCOLTA FUNGHI<\/strong><\/p>\n<p><a class=\"dt-pswp-item\" href=\"https:\/\/www.radiopiu.net\/wordpress\/wp-content\/uploads\/2021\/02\/71784bc3-f71e-47de-bda2-16363539ce3c.jpg\" data-dt-img-description=\"SILVANO SAVIO\" data-large_image_width=\"312\" data-large_image_height=\"341\"><img loading=\"lazy\" decoding=\"async\" class=\"alignleft wp-image-193172 size-thumbnail\" src=\"https:\/\/www.radiopiu.net\/wordpress\/wp-content\/uploads\/2021\/02\/71784bc3-f71e-47de-bda2-16363539ce3c-150x150.jpg\" alt=\"\" width=\"150\" height=\"150\" \/><\/a><\/p>\n<p><strong>AGORDO<\/strong><\/p>\n<p>di Gianni Santomaso<\/p>\n<audio class=\"wp-audio-shortcode\" id=\"audio-291046-3\" preload=\"none\" style=\"width: 100%;\" controls=\"controls\"><source type=\"audio\/mpeg\" src=\"https:\/\/www.radiopiu.net\/wordpress\/wp-content\/uploads\/2022\/08\/GIANNI-SILVANO-SAVIO-E-LA-RACCOLTA-FUNGHI.mp3?_=3\" \/><a href=\"https:\/\/www.radiopiu.net\/wordpress\/wp-content\/uploads\/2022\/08\/GIANNI-SILVANO-SAVIO-E-LA-RACCOLTA-FUNGHI.mp3\">https:\/\/www.radiopiu.net\/wordpress\/wp-content\/uploads\/2022\/08\/GIANNI-SILVANO-SAVIO-E-LA-RACCOLTA-FUNGHI.mp3<\/a><\/audio>\n<p>&nbsp;<\/p>\n<hr \/>\n<p>&nbsp;<\/p>\n<blockquote class=\"wp-embedded-content\" data-secret=\"vHm34MSMET\"><p><a href=\"https:\/\/www.radiopiu.net\/wordpress\/aggnazionaleagosto05\/\">CORONAVIRUS: AGGIORNAMENTO NAZIONALE 05 AGOSTO 2022<\/a><\/p><\/blockquote>\n<p><iframe loading=\"lazy\" class=\"wp-embedded-content\" sandbox=\"allow-scripts\" security=\"restricted\" style=\"position: absolute; clip: rect(1px, 1px, 1px, 1px);\" title=\"&#8220;CORONAVIRUS: AGGIORNAMENTO NAZIONALE 05 AGOSTO 2022&#8221; &#8212; Radio Pi\u00f9\" src=\"https:\/\/www.radiopiu.net\/wordpress\/aggnazionaleagosto05\/embed\/#?secret=lMaHhlBjGs#?secret=vHm34MSMET\" data-secret=\"vHm34MSMET\" width=\"600\" height=\"338\" frameborder=\"0\" marginwidth=\"0\" marginheight=\"0\" scrolling=\"no\"><\/iframe><\/p>\n<p>&nbsp;<\/p>\n<blockquote class=\"wp-embedded-content\" data-secret=\"uXufhjTaMj\"><p><a href=\"https:\/\/www.radiopiu.net\/wordpress\/aggazzeroagosto05\/\">RICOVERI IN AUMENTO, 13 DECESSI E 4470 NUOVI POSITIVI IN 24 ORE<\/a><\/p><\/blockquote>\n<p><iframe loading=\"lazy\" class=\"wp-embedded-content\" sandbox=\"allow-scripts\" security=\"restricted\" style=\"position: absolute; clip: rect(1px, 1px, 1px, 1px);\" title=\"&#8220;RICOVERI IN AUMENTO, 13 DECESSI E 4470 NUOVI POSITIVI IN 24 ORE&#8221; &#8212; Radio Pi\u00f9\" src=\"https:\/\/www.radiopiu.net\/wordpress\/aggazzeroagosto05\/embed\/#?secret=HDsPxPC4ii#?secret=uXufhjTaMj\" data-secret=\"uXufhjTaMj\" width=\"600\" height=\"338\" frameborder=\"0\" marginwidth=\"0\" marginheight=\"0\" scrolling=\"no\"><\/iframe><\/p>\n<p>&nbsp;<\/p>\n<h2>I GRAFICI DI TIZIANO DE COL<\/h2>\n<p>&nbsp;<\/p>\n<p>&nbsp;<\/p>\n<hr \/>\n<p>&nbsp;<\/p>\n<blockquote>\n<h3>IN ARRIVO IN VENETO PRIME 400 DOSI DI VACCINO CONTRO IL VAIOLO DELLE SCIMMIE<\/h3>\n<\/blockquote>\n<p><strong><a class=\"dt-pswp-item\" href=\"https:\/\/www.radiopiu.net\/wordpress\/wp-content\/uploads\/2020\/02\/dettaglio-del-vaccino-in-laboratorio_78895-1491.jpg\" data-dt-img-description=\"\" data-large_image_width=\"626\" data-large_image_height=\"417\"><img loading=\"lazy\" decoding=\"async\" class=\"size-thumbnail wp-image-116862 alignleft\" src=\"https:\/\/www.radiopiu.net\/wordpress\/wp-content\/uploads\/2020\/02\/dettaglio-del-vaccino-in-laboratorio_78895-1491-150x150.jpg\" alt=\"\" width=\"150\" height=\"150\" \/><\/a>VENEZIA <\/strong>Sono in arrivo in Veneto, attese nel pomeriggio di oggi, le prime dosi di vaccino anti-vaiolo (Jynneos). A seguito dell\u2019arrivo in Italia della prima quota di donazione del vaccino anti-vaiolo da parte della Commissione Europea, la Regione ha tempestivamente organizzato il ritiro e il trasporto delle dosi assegnate al Veneto: in questa prima fase si tratta di 400 dosi. Seguir\u00e0 una seconda distribuzione, verosimilmente nella seconda met\u00e0 di agosto, con criteri di ripartizione in corso di definizione a livello nazionale. In accordo con le prime raccomandazioni diramate dall\u2019Organizzazione Mondiale della Sanit\u00e0 e trasmesse del Ministero della Salute, la profilassi vaccinale \u00e8 attualmente indicata per gli operatori sanitari a rischio (personale di laboratorio impiegato nella manipolazione del virus, personale impegnato nell\u2019esecuzione di test diagnostici per il vaiolo delle scimmie). Al momento i casi accertati dalla Direzione Prevenzione in Veneto sono complessivamente 42, cos\u00ec suddivisi: un caso \u00a0in Ulss 1 Dolomiti<\/p>\n<p>&nbsp;<\/p>\n<p>&nbsp;<\/p>\n<hr \/>\n<p>&nbsp;<\/p>\n<blockquote>\n<h3>WEST NILE. I CONSIGLI DELLA DIREZIONE PREVENZIONE DELLA REGIONE VENETO<\/h3>\n<\/blockquote>\n<p><strong>VENEZIA <\/strong>La Direzione Prevenzione della Regione del Veneto sta affrontando attivamente il fenomeno della diffusione della west nile, infezione trasmessa dalle comuni zanzare \u201cCulex\u201d, che in alcuni casi pu\u00f2 provocare una forma neuroinvasiva piuttosto grave, soprattutto negli anziani e nelle persone deboli. Per la west nile non esiste un vaccino, \u00e8 quindi particolarmente importante che le persone sappiano come difendersi al meglio dalla puntura degli insetti che potrebbero esserne portatori. Per questo la Direzione Prevenzione della Regione Veneto ha avviato una campagna informativa, distribuendo una serie di tabelle che spiegano come difendersi in tutte le Ullss. Si parte dal cos\u2019\u00e8 la west nile, per poi indicare gli indumenti pi\u00f9 adatti da indossare soprattutto nelle ore serali, i repellenti cutanei da utilizzare, l\u2019\u2019utilizzo (se possibile) del condizionatore di notte (le zanzare soffrono le temperature basse), la raccomandazione di chiamare il medico se la febbre sale oltre 38,5 e compaiono dolori articolari e muscolari, cefalea, stato di confusione, eruzione cutanea.<\/p>\n<p><strong>LE TABELLE DELLA REGIONE SULLA WEST NILE<\/strong><\/p>\n\n\t\t\t<style type='text\/css'>\n\t\t\t\t#gallery-4 {\n\t\t\t\t\tmargin: auto;\n\t\t\t\t}\n\t\t\t\t#gallery-4 .gallery-item {\n\t\t\t\t\tfloat: left;\n\t\t\t\t\tmargin-top: 10px;\n\t\t\t\t\ttext-align: center;\n\t\t\t\t\twidth: 33%;\n\t\t\t\t}\n\t\t\t\t#gallery-4 img {\n\t\t\t\t\tborder: 2px solid #cfcfcf;\n\t\t\t\t}\n\t\t\t\t#gallery-4 .gallery-caption {\n\t\t\t\t\tmargin-left: 0;\n\t\t\t\t}\n\t\t\t\t\/* see gallery_shortcode() in wp-includes\/media.php *\/\n\t\t\t<\/style>\n\t\t<div id='gallery-4' class='dt-gallery-container gallery galleryid-291046 gallery-columns-3 gallery-size-thumbnail'><dl class='gallery-item'>\n\t\t\t\t<dt class='gallery-icon landscape'>\n\t\t\t\t\t<a class=\"rollover rollover-zoom dt-pswp-item\" title=\"west nile 1\" data-dt-img-description=\"\" data-large_image_width=\"960\" data-large_image_height=\"804\"href='https:\/\/www.radiopiu.net\/wordpress\/wp-content\/uploads\/2022\/08\/west-nile-1.jpg'><img loading=\"lazy\" decoding=\"async\" width=\"150\" height=\"150\" src=\"https:\/\/www.radiopiu.net\/wordpress\/wp-content\/uploads\/2022\/08\/west-nile-1-150x150.jpg\" class=\"attachment-thumbnail size-thumbnail\" alt=\"\" \/><\/a>\n\t\t\t\t<\/dt><\/dl><dl class='gallery-item'>\n\t\t\t\t<dt class='gallery-icon landscape'>\n\t\t\t\t\t<a class=\"rollover rollover-zoom dt-pswp-item\" title=\"west nile 2\" data-dt-img-description=\"\" data-large_image_width=\"960\" data-large_image_height=\"804\"href='https:\/\/www.radiopiu.net\/wordpress\/wp-content\/uploads\/2022\/08\/west-nile-2.jpg'><img loading=\"lazy\" decoding=\"async\" width=\"150\" height=\"150\" src=\"https:\/\/www.radiopiu.net\/wordpress\/wp-content\/uploads\/2022\/08\/west-nile-2-150x150.jpg\" class=\"attachment-thumbnail size-thumbnail\" alt=\"\" \/><\/a>\n\t\t\t\t<\/dt><\/dl><dl class='gallery-item'>\n\t\t\t\t<dt class='gallery-icon landscape'>\n\t\t\t\t\t<a class=\"rollover rollover-zoom dt-pswp-item\" title=\"west nile 3\" data-dt-img-description=\"\" data-large_image_width=\"960\" data-large_image_height=\"804\"href='https:\/\/www.radiopiu.net\/wordpress\/wp-content\/uploads\/2022\/08\/west-nile-3.jpg'><img loading=\"lazy\" decoding=\"async\" width=\"150\" height=\"150\" src=\"https:\/\/www.radiopiu.net\/wordpress\/wp-content\/uploads\/2022\/08\/west-nile-3-150x150.jpg\" class=\"attachment-thumbnail size-thumbnail\" alt=\"\" \/><\/a>\n\t\t\t\t<\/dt><\/dl><br style=\"clear: both\" \/><dl class='gallery-item'>\n\t\t\t\t<dt class='gallery-icon landscape'>\n\t\t\t\t\t<a class=\"rollover rollover-zoom dt-pswp-item\" title=\"west nile 4\" data-dt-img-description=\"\" data-large_image_width=\"1080\" data-large_image_height=\"905\"href='https:\/\/www.radiopiu.net\/wordpress\/wp-content\/uploads\/2022\/08\/west-nile-4.jpg'><img loading=\"lazy\" decoding=\"async\" width=\"150\" height=\"150\" src=\"https:\/\/www.radiopiu.net\/wordpress\/wp-content\/uploads\/2022\/08\/west-nile-4-150x150.jpg\" class=\"attachment-thumbnail size-thumbnail\" alt=\"\" \/><\/a>\n\t\t\t\t<\/dt><\/dl><dl class='gallery-item'>\n\t\t\t\t<dt class='gallery-icon landscape'>\n\t\t\t\t\t<a class=\"rollover rollover-zoom dt-pswp-item\" title=\"west nile 5\" data-dt-img-description=\"\" data-large_image_width=\"1080\" data-large_image_height=\"905\"href='https:\/\/www.radiopiu.net\/wordpress\/wp-content\/uploads\/2022\/08\/west-nile-5.jpg'><img loading=\"lazy\" decoding=\"async\" width=\"150\" height=\"150\" src=\"https:\/\/www.radiopiu.net\/wordpress\/wp-content\/uploads\/2022\/08\/west-nile-5-150x150.jpg\" class=\"attachment-thumbnail size-thumbnail\" alt=\"\" \/><\/a>\n\t\t\t\t<\/dt><\/dl><dl class='gallery-item'>\n\t\t\t\t<dt class='gallery-icon landscape'>\n\t\t\t\t\t<a class=\"rollover rollover-zoom dt-pswp-item\" title=\"west nile 6\" data-dt-img-description=\"\" data-large_image_width=\"1080\" data-large_image_height=\"905\"href='https:\/\/www.radiopiu.net\/wordpress\/wp-content\/uploads\/2022\/08\/west-nile-6.jpg'><img loading=\"lazy\" decoding=\"async\" width=\"150\" height=\"150\" src=\"https:\/\/www.radiopiu.net\/wordpress\/wp-content\/uploads\/2022\/08\/west-nile-6-150x150.jpg\" class=\"attachment-thumbnail size-thumbnail\" alt=\"\" \/><\/a>\n\t\t\t\t<\/dt><\/dl><br style=\"clear: both\" \/>\n\t\t\t<\/div>\n\n<p>&nbsp;<\/p>\n<p>&nbsp;<\/p>\n<hr \/>\n<p>&nbsp;<\/p>\n<blockquote>\n<h3><strong>ZANZARE: AL VIA ALCUNI INCONTRI PER LA POPOLAZIONE<\/strong><\/h3>\n<\/blockquote>\n<p><strong>BELLUNO <\/strong>La zanzara non \u00e8 solo un insetto fastidioso, la puntura di zanzara pu\u00f2 diventare talvolta un pericolo per la trasmissione di alcune malattie virali. L\u2019Ulss Dolomiti ha attivato un ciclo di incontri per sensibilizzare i cittadini sulle misure preventive da poter adottare per ridurre la proliferazione delle zanzare e sulle malattie virali che possono essere trasmesse dalle punture di questi insetti. In Italia, le malattie virali trasmesse dalla puntura di zanzare sono: West Nile, Chikungunya, Dengue, Zika. Il primo incontro si terr\u00e0 luned\u00ec 8 agosto 2022 alle 17.30 a Pieve di Cadore presso la Sala della Magnifica Comunit\u00e0 del Cadore. Seguiranno altri due incontri, GIOVEDI 18 AGOSTO AD AGORDO ALLE 17.30 IN SALA DELLA BIBLIOTECA\u00a0 e venerd\u00ec 26 agosto ad Arsi\u00e8, ai quali si aggiungeranno ulteriori incontri. Seguiranno i dettagli per i prossimi appuntamenti.<\/p>\n<p>&nbsp;<\/p>\n<p>&nbsp;<\/p>\n<hr \/>\n<p>&nbsp;<\/p>\n<blockquote>\n<h3>EMERGENZA IDRICA: IN PROVINCIA FINANZIAMENTI PER 160 MILA EURO<\/h3>\n<\/blockquote>\n<p><strong>VENEZIA <\/strong>Il Presidente della Regione del Veneto, in veste di Commissario delegato per gli interventi urgenti per gestione della crisi idrica, comunica che il Dipartimento per la Protezione Civile nazionale ha approvato il Piano di interventi da 4.800.000 euro per far fronte all\u2019emergenza idrica in Veneto. Il via libera al piano, infatti, garantisce il finanziamento degli interventi emergenziali gi\u00e0 posti in essere e quelli programmati per far fronte alle conseguenze che la scarsit\u00e0 di precipitazioni e le condizioni meteo stanno provocando in tutte le province del territorio veneto. In provincia di Belluno finanziati progetti per un totale di 160 mila euro.<\/p>\n<p><strong>L&#8217;ELENCO DEGLI INTERVENTI FINANZIATI<\/strong><\/p>\n<a href=\"https:\/\/www.radiopiu.net\/wordpress\/wp-content\/uploads\/2022\/08\/1673-2022-PIANO-COMMISSARIO-SICCITA-VENETO-2022.pdf\" class=\"pdfemb-viewer\" style=\"\" data-width=\"max\" data-height=\"max\" data-toolbar=\"top\" data-toolbar-fixed=\"on\">1673-2022 PIANO COMMISSARIO SICCITA&#039; VENETO 2022<\/a>\n<p>&nbsp;<\/p>\n<p>&nbsp;<\/p>\n<hr \/>\n<p>&nbsp;<\/p>\n<blockquote>\n<h3>PRELIEVI DAI LAGHI BELLUNESI, L&#8217;IRA DEL PD<\/h3>\n<\/blockquote>\n<p><strong><a class=\"dt-pswp-item\" href=\"https:\/\/www.radiopiu.net\/wordpress\/wp-content\/uploads\/2021\/09\/ZOTTIS-2-scaled.jpg\" data-dt-img-description=\"\" data-large_image_width=\"2560\" data-large_image_height=\"1707\"><img loading=\"lazy\" decoding=\"async\" class=\"size-thumbnail wp-image-233264 alignleft\" src=\"https:\/\/www.radiopiu.net\/wordpress\/wp-content\/uploads\/2021\/09\/ZOTTIS-2-150x150.jpg\" alt=\"\" width=\"150\" height=\"150\" \/><\/a>VENEZIA<\/strong> &#8220;<em>Anche a fronte della pesante carenza idrica di cui soffrono i laghi del bellunese, il commissario dell&#8217;unit\u00e0 di crisi, e la Regione, hanno agito tentando un colpo di mano, senza avvisare le amministrazioni locali, per imporre i prelievi a beneficio del Piave e per le irrigazioni dei vigneti. Sarebbe stata un&#8217;imposizione dannosa, fermata grazie alla voce di protesta dei sindaci. Ma in ogni caso tante questioni restano aperte<\/em>&#8220;. A dirlo la consigliera regionale del PD Veneto, Francesca Zottis. &#8220;<em>Se \u00e8 reale l&#8217;emergenza in atto, questo non giustifica alcuna prevaricazione. Soprattutto perch\u00e9 la drammaticit\u00e0 della crisi idrica in corso \u00e8 dovuta in parte rilevante agli stessi ritardi con i quali questa Giunta regionale \u00e8 intervenuta negli anni su tutta una serie di fronti, dalla questione del deflusso minimo, agli invasi, al cuneo salino. Serve rispetto e condivisione sulle decisioni: non possono esistere territori di serie A e B<\/em>&#8220;.<\/p>\n<p>&nbsp;<\/p>\n<p>&nbsp;<\/p>\n<hr \/>\n<p>&nbsp;<\/p>\n<blockquote>\n<h3>DECRETO AIUTI BIS: STANZIATI 10 MILIONI DI EURO PER LA COPERTURA TELEVISIVA<\/h3>\n<\/blockquote>\n<p><strong><a class=\"dt-pswp-item\" href=\"https:\/\/www.radiopiu.net\/wordpress\/wp-content\/uploads\/2022\/02\/TELEVISIONE-TV.jpg\" data-dt-img-description=\"\" data-large_image_width=\"1920\" data-large_image_height=\"1280\"><img loading=\"lazy\" decoding=\"async\" class=\" wp-image-260071 alignleft\" src=\"https:\/\/www.radiopiu.net\/wordpress\/wp-content\/uploads\/2022\/02\/TELEVISIONE-TV-150x150.jpg\" alt=\"\" width=\"118\" height=\"118\" \/><\/a>ROMA <\/strong><span style=\"font-size: 11pt; font-family: arial, helvetica, sans-serif;\">Il governo ha deciso di stanziare, nell&#8217;ambito del &#8220;decreto aiuti bis&#8221; varato a palazzo Chigi, la somma di 10 milioni per assicurare interventi a favore delle zone montane rimaste senza copertura televisiva a seguito dei meccanismi di switch-off che non avevano assicurato la ricezione del segnale televisivo in molte aree montane del nostro paese. <\/span><span style=\"font-size: 11pt; font-family: arial, helvetica, sans-serif;\">In particolare, vengono stanziati 7,5 milioni di euro per l&#8217;innalzamento fino a 50 euro del bonus tv per l&#8217;acquisto di apparati satellitari di ricezione della televisione, e 2,5 milioni per l&#8217;adeguamento degli impianti di trasmissione che sono autorizzati alla riattivazione in quanto non soggetti ad interferenze.<\/span><\/p>\n<p>&nbsp;<\/p>\n<p>&nbsp;<\/p>\n<hr \/>\n<p>&nbsp;<\/p>\n<blockquote>\n<h3>NUOVE MISURE PER CONTRASTARE IL CARO ENERGIA<\/h3>\n<\/blockquote>\n<p><strong><a class=\"dt-pswp-item\" href=\"https:\/\/www.radiopiu.net\/wordpress\/wp-content\/uploads\/2022\/02\/Ponte-della-Vittoria-luci-ornamentali-1-scaled.jpg\" data-dt-img-description=\"\" data-large_image_width=\"2560\" data-large_image_height=\"1707\"><img loading=\"lazy\" decoding=\"async\" class=\"size-thumbnail wp-image-258763 alignleft\" src=\"https:\/\/www.radiopiu.net\/wordpress\/wp-content\/uploads\/2022\/02\/Ponte-della-Vittoria-luci-ornamentali-1-150x150.jpg\" alt=\"\" width=\"150\" height=\"150\" \/><\/a>BELLUNO <\/strong>Spending review sulla pubblica illuminazione: saranno spenti tutti i punti luce della citt\u00e0 dalle 2.30 alle 5 di ogni giorno, fino al 15 settembre. La decisione di ampliare la misura gi\u00e0 messa in atto dall\u2019amministrazione Massaro \u00e8 stata assunta ieri pomeriggio, in sede di giunta, e potrebbe essere seguita da ulteriori decisioni in merito all\u2019illuminazione delle due gallerie, Belluno e Maraga. \u201c<em>Con lo spegnimento di 1982 punti luce gi\u00e0 messo in atto dall\u2019amministrazione Massaro si otteneva un risparmio in bolletta del 26% \u2013 spiega il vice sindaco e assessore al bilancio, Paolo Gamba \u2013, con questa nuova misura molto di pi\u00f9 ed \u00e8 quello che ci serve in questo momento; siamo riusciti ad estendere a tutti i 6400 lampioni della citt\u00e0 perch\u00e9 abbiamo installato in tutti gli orologi per la programmazione. L\u2019intenzione \u00e8 di proseguire cos\u00ec fino al 15 settembre, dopo valuteremo la situazione e capiremo se proseguire o interrompere<\/em>\u201d.<\/p>\n<p>&nbsp;<\/p>\n<p>&nbsp;<\/p>\n<hr \/>\n<p>&nbsp;<\/p>\n<blockquote>\n<h3>IL PARCO MACCHINE DEL COMUNE DI PONTE NELLE ALPI SI ARRICCHISCE<\/h3>\n<\/blockquote>\n<p><strong>PONTE NELLE ALPI <\/strong>Una pala meccanica di nuova generazione \u00e8 ora a disposizione della Protezione civile e, in generale, del territorio.<span class=\"gmail-Apple-converted-space\"> \u00a0<\/span>\u00c8 stato presentato questa mattina, nell\u2019autorimessa comunale a Paiane, il Cat 908 M Road: un mezzo da 74 cavalli, 2 metri di lunghezza e 65 quintali di peso, che sar\u00e0 in dotazione del parco macchine del Comune di Ponte nelle Alpi.<span class=\"gmail-Apple-converted-space\">\u00a0<\/span>\u00abI<em>l mezzo \u00e8 allestito con benna, forche, catene e vomero sgombra-neve &#8211; ha comunicato il consigliere delegato alla Protezione civile, Tommaso Carlin -. Fornito dalla ditta CMI di Sedico, pu\u00f2 essere utilizzato per emergenze, interventi di ripristino stradale e trasporto di materiale. Il costo \u00e8 di 90mila euro, finanziati con la compartecipazione del Bi<\/em>m\u00bb.<span class=\"gmail-Apple-converted-space\"> \u00a0<\/span>In pi\u00f9, il Cat potr\u00e0 essere equipaggiato con numerose applicazioni come la spazzatrice, il braccio falciante e la benna miscelatrice. Soddisfazione \u00e8 stata espressa pure dal coordinatore dei volontari della Protezione civile, Luciano Maddalozzo, dal sindaco di Ponte nelle Alpi Paolo Vendramini, e da Marta Viel e Oliseo Salvagno, in rappresentanza dell\u2019Unione montana.<\/p>\n\n\t\t\t<style type='text\/css'>\n\t\t\t\t#gallery-5 {\n\t\t\t\t\tmargin: auto;\n\t\t\t\t}\n\t\t\t\t#gallery-5 .gallery-item {\n\t\t\t\t\tfloat: left;\n\t\t\t\t\tmargin-top: 10px;\n\t\t\t\t\ttext-align: center;\n\t\t\t\t\twidth: 33%;\n\t\t\t\t}\n\t\t\t\t#gallery-5 img {\n\t\t\t\t\tborder: 2px solid #cfcfcf;\n\t\t\t\t}\n\t\t\t\t#gallery-5 .gallery-caption {\n\t\t\t\t\tmargin-left: 0;\n\t\t\t\t}\n\t\t\t\t\/* see gallery_shortcode() in wp-includes\/media.php *\/\n\t\t\t<\/style>\n\t\t<div id='gallery-5' class='dt-gallery-container gallery galleryid-291046 gallery-columns-3 gallery-size-thumbnail'><dl class='gallery-item'>\n\t\t\t\t<dt class='gallery-icon landscape'>\n\t\t\t\t\t<a class=\"rollover rollover-zoom dt-pswp-item\" title=\"Pala_meccanica\" data-dt-img-description=\"\" data-large_image_width=\"2048\" data-large_image_height=\"945\"href='https:\/\/www.radiopiu.net\/wordpress\/wp-content\/uploads\/2022\/08\/Pala_meccanica.jpg'><img loading=\"lazy\" decoding=\"async\" width=\"150\" height=\"150\" src=\"https:\/\/www.radiopiu.net\/wordpress\/wp-content\/uploads\/2022\/08\/Pala_meccanica-150x150.jpg\" class=\"attachment-thumbnail size-thumbnail\" alt=\"\" \/><\/a>\n\t\t\t\t<\/dt><\/dl><dl class='gallery-item'>\n\t\t\t\t<dt class='gallery-icon landscape'>\n\t\t\t\t\t<a class=\"rollover rollover-zoom dt-pswp-item\" title=\"Presentazione_della_pala_meccanica\" data-dt-img-description=\"\" data-large_image_width=\"2230\" data-large_image_height=\"1672\"href='https:\/\/www.radiopiu.net\/wordpress\/wp-content\/uploads\/2022\/08\/Presentazione_della_pala_meccanica.jpg'><img loading=\"lazy\" decoding=\"async\" width=\"150\" height=\"150\" src=\"https:\/\/www.radiopiu.net\/wordpress\/wp-content\/uploads\/2022\/08\/Presentazione_della_pala_meccanica-150x150.jpg\" class=\"attachment-thumbnail size-thumbnail\" alt=\"\" \/><\/a>\n\t\t\t\t<\/dt><\/dl><dl class='gallery-item'>\n\t\t\t\t<dt class='gallery-icon portrait'>\n\t\t\t\t\t<a class=\"rollover rollover-zoom dt-pswp-item\" title=\"Pala_meccanica_2\" data-dt-img-description=\"\" data-large_image_width=\"768\" data-large_image_height=\"1024\"href='https:\/\/www.radiopiu.net\/wordpress\/wp-content\/uploads\/2022\/08\/Pala_meccanica_2.jpg'><img loading=\"lazy\" decoding=\"async\" width=\"150\" height=\"150\" src=\"https:\/\/www.radiopiu.net\/wordpress\/wp-content\/uploads\/2022\/08\/Pala_meccanica_2-150x150.jpg\" class=\"attachment-thumbnail size-thumbnail\" alt=\"\" \/><\/a>\n\t\t\t\t<\/dt><\/dl><br style=\"clear: both\" \/>\n\t\t\t<\/div>\n\n<p>&nbsp;<\/p>\n<hr \/>\n<p>&nbsp;<\/p>\n<blockquote>\n<h3>PROSSIMA LA RIAPERTURA PARZIALE DELL&#8217;ECOCENTRO DI LENTIAI<\/h3>\n<\/blockquote>\n<p><strong>BORGO VALBELLUNA <\/strong>Dopo l&#8217;incendio che ha danneggiato il deposito dei RUP si \u00e8 resa necessaria una temporanea chiusura dell&#8217;ecocentro di Lentiai per poter effettuare le necessarie bonifiche e i lavori di ripristino. In queste settimane di chiusura l&#8217;utenza \u00e8 stata dirottata presso l&#8217;ecocentro di Mel &#8211; Gus, nel quale sono stati ampliati gli orari di apertura, e presso l&#8217;ecocentro di Trichiana &#8211; Longhere. Indicativamente dalla settimana di ferragosto, effettuati i lavori di bonifica, in attesa di completare i lavori di ripristino, l&#8217;ecocentro di Lentiai sar\u00e0 riaperto il mercoled\u00ec mattina con i consueti orari mentre temporaneamente fino al completamento dei lavori, il sabato rimarr\u00e0 aperto l&#8217;ecocentro di Mel. Seguir\u00e0 in ogni caso ulteriore comunicazione a conferma.<\/p>\n<p>&nbsp;<\/p>\n<p>&nbsp;<\/p>\n<hr \/>\n<p>&nbsp;<\/p>\n<blockquote>\n<h3>CHIES D\u2019ALPAGO SPINGE SULLA DIGITALIZZAZIONE PER PROMUOVERE IL TERRITORIO<\/h3>\n<\/blockquote>\n<p><strong><a class=\"dt-pswp-item\" href=\"https:\/\/www.radiopiu.net\/wordpress\/wp-content\/uploads\/2022\/08\/Gianluca-Dal-Borgo-e-Cristiano-Gaggion-Lamosano.jpg\" data-dt-img-description=\"\" data-large_image_width=\"2448\" data-large_image_height=\"1731\"><img loading=\"lazy\" decoding=\"async\" class=\"size-thumbnail wp-image-291098 alignleft\" src=\"https:\/\/www.radiopiu.net\/wordpress\/wp-content\/uploads\/2022\/08\/Gianluca-Dal-Borgo-e-Cristiano-Gaggion-Lamosano-150x150.jpg\" alt=\"\" width=\"150\" height=\"150\" \/><\/a>CHIES D&#8217;ALPAGO <\/strong>Si sono conclusi i lavori della Commissione per la verifica di rispondenza ai criteri di finanziamento dei progetti presentati dai comuni e relativi al \u201cFondo per la valorizzazione e la promozione delle aree svantaggiate confinanti con le regioni a statuto speciale\u201d per l\u2019annualit\u00e0 2021. Dei 463.284 euro assegnati al Comune di Chies d\u2019Alpago la maggior parte sar\u00e0 destinata ai servizi di trasporto scolastico con relativi interventi di miglioramento della viabilit\u00e0. Ma non solo, precisa il sindaco Gianluca Dal Borgo. \u201c<em>Come amministrazione abbiamo deciso di investire dei soldi per la promozione turistica: 10.000 \u20ac che provengono dal\u2019ex fondo Letta. Con questi soldi, in collaborazione con le Associazioni del territorio e in particolar modo con il Consorzio Turistico dell&#8217;Alpago, vorremmo implementare il portale che \u00e8 gi\u00e0 di suo possesso. Per far conoscere le bellezze del Comune di Chies, il suo paesaggio, il suol territorio. Ma in particolare vorremmo far conoscere anche l&#8217;offerta ricettiva del comune. Un&#8217;offerta diffusa su tutto il territorio: affittacamere, appartamenti, bed &amp; breakfast. Sappiamo che il turista prima di programmare le vacanze entra nel web e se decide di venire nel nostro territorio con la geolocalizzazione potr\u00e0 decidere su quale casera, baita o appartamento passare le sue vacanze. Questo progetto sicuramente aiuter\u00e0 a diventare pi\u00f9 ospitali in questo territorio. Aiuter\u00e0 chi dar\u00e0 i suoi appartamenti in affitto ad integrare il suo reddito. Ma sono pienamente convinto che innescher\u00e0 un meccanismo virtuoso, per migliorare sempre di pi\u00f9 il patrimonio edilizio di questo comune in chiave turistica<\/em>\u201d.<\/p>\n<p>&nbsp;<\/p>\n<p>&nbsp;<\/p>\n<hr \/>\n<p>&nbsp;<\/p>\n<blockquote>\n<h3>DIMISSIONI RONCADA, IL RINGRAZIAMENTO DELLA MAGGIORANZA ALL\u2019EX CAPOGRUPPO<\/h3>\n<\/blockquote>\n<p><strong>LIMANA <\/strong>\u201cDa parte di tutta l\u2019Amministrazione Comunale porgo a Tiziana Roncada un sincero e grandissimo ringraziamento\u201d, con queste il Sindaco di Limana Milena De Zanet commenta le dimissioni da Consigliere dell\u2019ex capogruppo di maggioranza Roncada. La decisione era stata anticipata nei giorni precedenti al Sindaco e agli altri consiglieri: importanti ed inderogabili impegni personali hanno costretto Roncada a rinunciare al seggio in Consiglio per dedicarvisi con l\u2019impegno e l\u2019attenzione necessari.<\/p>\n<p>&nbsp;<\/p>\n<p>&nbsp;<\/p>\n<hr \/>\n<p>&nbsp;<\/p>\n<blockquote>\n<h3>CHIUSO IL SENTIERO SPERTI<\/h3>\n<\/blockquote>\n<p><strong>BELLUNO<\/strong> In seguito a rilievi tecnici, l&#8217;Unione Montana Bellunese \u201cBelluno-Ponte nelle Alpi\u201d ha comunicato la stato di pericolosita\u0300 del sentiero attrezzato \u201cSperti\u201d, ferrata del gruppo dello Schiara. Si rende pertanto necessaria la chiusura con interdizione totale a qualsiasi percorribilita\u0300 dello stesso sentiero attrezzato \u201cSperti\u201d,\u00a0 fino alla completa eliminazione delle cause di pericolo.<\/p>\n<p>&nbsp;<\/p>\n<p>&nbsp;<\/p>\n<hr \/>\n<p>&nbsp;<\/p>\n<blockquote>\n<h3>OGGI LA PRESENTAZIONE DEL DOCUMENTARIO SU PAPA LUCIANI<\/h3>\n<\/blockquote>\n<p><strong><a class=\"dt-pswp-item\" href=\"https:\/\/www.radiopiu.net\/wordpress\/wp-content\/uploads\/2021\/08\/papa-luciani-e1634094614164.jpg\" data-dt-img-description=\"\" data-large_image_width=\"1396\" data-large_image_height=\"931\"><img loading=\"lazy\" decoding=\"async\" class=\"size-thumbnail wp-image-229319 alignleft\" src=\"https:\/\/www.radiopiu.net\/wordpress\/wp-content\/uploads\/2021\/08\/papa-luciani-e1634094614164-150x150.jpg\" alt=\"\" width=\"150\" height=\"150\" \/><\/a>CANALE D&#8217;AGORDO<\/strong> Un evento molto atteso quello in programma oggi presso la chiesa arcipretale di Canale d&#8217;Agordo: alle 20.30, infatti, si terra\u0300 la presentazione del documentario \u201cAlbino Luciani: un miracolo dalle Dolomiti\u201d del fotografo- documentarista Roberto Soramae\u0300 con intermezzi musicali della pianista Silvia Tessari. Il filmato, frutto di un attento e accurato lavori di ricerca da parte di Soramae\u0300, ripercorre la storia di un piccolo pastorello della montagna bellunese che, grazie alle sue straordinarie capacita\u0300 e alla sua indole buona e umile, e\u0300 arrivato a compiere un miracolo tale da renderlo presto beato. L&#8217;appuntamento e\u0300 organizzato dal Musal \u2013 Museo Albino Luciani (www.musal.it), Fondazione Papa Luciani di Canale d&#8217;Agordo Onlus e Unpli &#8211; Unione Nazionale Pro Loco d&#8217;Italia di Belluno che ha deciso di manifestare la propria compartecipazione alla beatificazione di Albino Luciani organizzando questa serata speciale e impegnandosi nel rinnovo e abbellimento della via crucis dedicata a Papa Luciani nel suo paese natale.<\/p>\n<p>&nbsp;<\/p>\n<p>&nbsp;<\/p>\n<hr \/>\n<p>&nbsp;<\/p>\n<blockquote>\n<h3 class=\"entry-title\">L\u201911 AGOSTO AD ALLEGHE IL CONCERTO DEI MATIA BAZAR<\/h3>\n<\/blockquote>\n<p><strong><img loading=\"lazy\" decoding=\"async\" class=\"alignleft\" src=\"https:\/\/www.radiopiu.net\/wordpress\/wp-content\/uploads\/2022\/08\/Matia-Bazar-nuovo-singolo.jpg\" width=\"167\" height=\"94\" \/>ALLEGHE<\/strong>\u00a0Nell\u2019ambito del tour estivo Casa Sanremo, il truck allestito dal gruppo eventi collegato al Festival della canzone italiana si fermer\u00e0 in alcune piazze del bellunese: il 9 a Mel con ospite Francesco Baccini, l\u201911 agosto ad Alleghe, dove \u00e8 attesa l\u2019esibizione dei Matia Bazar con la collaborazione del Consorzio Operatori Turistici di Alleghe e Caprile, dalle 18 al piazzale dello Stadio show cooking ed a seguire il concerto. Il 13 a Cortina sul palco Gianluca Grignani.\u00a0<em>\u00abCi sono diversi modi di promuovere le specificit\u00e0 del nostro territorio. Dobbiamo puntare sulla spettacolarit\u00e0 delle Dolomiti bellunesi. Per questo abbiamo pensato di proporre alcune serate di spettacolo nello spettacolo di alcune piazze bellunesi \u2013 sottolinea il consigliere provinciale delegato al turismo, Danilo De Toni- Idealmente le tre localit\u00e0 toccate da questi spettacoli abbracciano tutte le piazze della provincia, con l\u2019obiettivo di far apprezzare ai turisti ma anche ai locali la qualit\u00e0 del vivere nel Bellunese, dove non \u00e8 vero che non ci sono mai occasioni di svago e divertimento\u00bb.<\/em><\/p>\n<p><strong>il sindaco di Alleghe, Danilo De Toni\u00a0<\/strong><\/p>\n<audio class=\"wp-audio-shortcode\" id=\"audio-291046-4\" preload=\"none\" style=\"width: 100%;\" controls=\"controls\"><source type=\"audio\/mpeg\" src=\"https:\/\/www.radiopiu.net\/wordpress\/wp-content\/uploads\/2022\/08\/DANILO-DE-TOI-MATIA.mp3?_=4\" \/><a href=\"https:\/\/www.radiopiu.net\/wordpress\/wp-content\/uploads\/2022\/08\/DANILO-DE-TOI-MATIA.mp3\">https:\/\/www.radiopiu.net\/wordpress\/wp-content\/uploads\/2022\/08\/DANILO-DE-TOI-MATIA.mp3<\/a><\/audio>\n<p>&nbsp;<\/p>\n<hr \/>\n<p>&nbsp;<\/p>\n<blockquote>\n<h3>LUNEDI CONSIGLIO COMUNALE A FALCADE<\/h3>\n<\/blockquote>\n<p><strong>FALCADE<\/strong> Luned\u00ec alle 20 \u00e8 in programma il consiglio comunale di Falcade. Il sindaco Mauro Salvaterra ha convocato i consiglieri per trattare 12 punti all&#8217;ordine del giorno. Tra questi si parler\u00e0 del regolamento dei controlli interni, la determinazione del gettone di presenza ai consiglieri comunali, due varianti al piano degli interventi, le variazioni al bilancio, il bilancio di previsione 2022-2024, il documento unico di programmazione, la convenzione con la provincia per l&#8217;utilizzo da parte dell&#8217;istituto alberghiero della sala polifunzionale Dolomiti e il nulla osta della provincia per la riqualificazione dello stabile adibito a mensa scolastica presso il convitto dell&#8217;istituto.<\/p>\n<p><strong>di Gianni Santomaso, dal Corriere Delle Alpi<\/strong><\/p>\n<audio class=\"wp-audio-shortcode\" id=\"audio-291046-5\" preload=\"none\" style=\"width: 100%;\" controls=\"controls\"><source type=\"audio\/mpeg\" src=\"https:\/\/www.radiopiu.net\/wordpress\/wp-content\/uploads\/2022\/08\/GIANNI-LUNEDI-IL-CONSIGLIO-COMUNALE-DI-FALCADE.mp3?_=5\" \/><a href=\"https:\/\/www.radiopiu.net\/wordpress\/wp-content\/uploads\/2022\/08\/GIANNI-LUNEDI-IL-CONSIGLIO-COMUNALE-DI-FALCADE.mp3\">https:\/\/www.radiopiu.net\/wordpress\/wp-content\/uploads\/2022\/08\/GIANNI-LUNEDI-IL-CONSIGLIO-COMUNALE-DI-FALCADE.mp3<\/a><\/audio>\n<p>&nbsp;<\/p>\n<hr \/>\n<p>&nbsp;<\/p>\n<blockquote>\n<h3>CONSIGLIO COMUNALE DI ROCCA PIETORE IN DUE PUNTI ALL&#8217;ORDINE DEL GIORNO<\/h3>\n<\/blockquote>\n<p><strong>ROCCA PIETORE<\/strong> Il sindaco di Rocca Pietore Andrea De Bernardin ha convocato il consiglio comunale per marted\u00ec alle 19. Solo due punti da discutere. Argomento principale l&#8217;assestamento generale di bilancio e salvaguardia degli equilibri per l&#8217;esercizio 2022<\/p>\n<p>&nbsp;<\/p>\n<p>&nbsp;<\/p>\n<hr \/>\n<p>&nbsp;<\/p>\n<blockquote>\n<h3>AUGUSTO MURER: LA VITA, LA SUA ARTE E IL SUO TERRITORIO<\/h3>\n<\/blockquote>\n<p><strong>FALCADE<\/strong> Dalla Casa Della Giovent\u00f9 di Caviola, in occasione dei cento anni dalla nascita, una serata dedicata ad Augusto Murer<\/p>\n<p><strong>LA DIRETTA RADIO PIU&#8217;<\/strong><\/p>\n<p>https:\/\/www.facebook.com\/marco.baghy.1\/videos\/1303487577064326<\/p>\n<p>&nbsp;<\/p>\n<p>&nbsp;<\/p>\n<hr \/>\n<p>&nbsp;<\/p>\n<blockquote>\n<blockquote>\n<h3>SPORT, ARTE, CULTURA, FEDE. GLI EVENTI DI AGOSTO IN MARMOLADA: \u201cRESTIAMO APERTI IN SICUREZZA\u201d<\/h3>\n<\/blockquote>\n<p><strong><a class=\"dt-pswp-item\" href=\"https:\/\/www.radiopiu.net\/wordpress\/wp-content\/uploads\/2022\/08\/IMG-20210731-WA0004.jpg\" data-dt-img-description=\"\" data-large_image_width=\"1416\" data-large_image_height=\"688\"><img loading=\"lazy\" decoding=\"async\" class=\"alignright wp-image-291106 \" src=\"https:\/\/www.radiopiu.net\/wordpress\/wp-content\/uploads\/2022\/08\/IMG-20210731-WA0004-300x146.jpg\" alt=\"\" width=\"251\" height=\"122\" srcset=\"https:\/\/www.radiopiu.net\/wordpress\/wp-content\/uploads\/2022\/08\/IMG-20210731-WA0004-300x146.jpg 300w, https:\/\/www.radiopiu.net\/wordpress\/wp-content\/uploads\/2022\/08\/IMG-20210731-WA0004-1024x498.jpg 1024w, https:\/\/www.radiopiu.net\/wordpress\/wp-content\/uploads\/2022\/08\/IMG-20210731-WA0004-768x373.jpg 768w, https:\/\/www.radiopiu.net\/wordpress\/wp-content\/uploads\/2022\/08\/IMG-20210731-WA0004.jpg 1416w\" sizes=\"auto, (max-width: 251px) 100vw, 251px\" \/><\/a>ROCCA PIETORE <\/strong>\u00a0Oggi salir\u00e0 sul massiccio un gruppo di rievocatori storici che racconter\u00e0 la vita e le gesta dei soldati che qui vissero negli anni della Grande Guerra. Un tuffo nel passato, che per\u00f2 \u00e8 possibile tutti i giorni nel Museo grazie alle visite gratuite con guida specializzata, un servizio che ritorna \u2013 previa prenotazione &#8211; dopo i due anni di stop causati dalla pandemia. L\u201911 agosto, nell\u2019ambito della mostra \u201cFormiche in Marmolada\u201d, si terr\u00e0 una giornata di scultura dal vivo con il maestro Egidio Petri, che realizzer\u00e0 un\u2019opera proprio dedicata alla Marmolada, Regina delle Dolomiti. Torna poi anche la santa messa del 26 agosto per ricordare la visita di Papa Giovanni Paolo II del 1979. \u00a0Per maggiori informazioni sulle iniziative agostane rivolgersi all\u2019ufficio comunicazione e marketing di Marmolada Srl al numero 334 679446.<\/p>\n<p>&nbsp;<\/p><\/blockquote>\n<p>&nbsp;<\/p>\n<hr \/>\n<p>&nbsp;<\/p>\n<blockquote>\n<h3>QUATTRO USCITE ORGANIZZATE DAL GAMP<\/h3>\n<\/blockquote>\n<p><strong><a class=\"dt-pswp-item\" href=\"https:\/\/www.radiopiu.net\/wordpress\/wp-content\/uploads\/2022\/05\/closeup-of-a-colourful-mineral-stone-under-the-lights-isolated-on-a-white-background.jpg\" data-dt-img-description=\"\" data-large_image_width=\"1000\" data-large_image_height=\"667\"><img loading=\"lazy\" decoding=\"async\" class=\"size-thumbnail wp-image-274690 alignleft\" src=\"https:\/\/www.radiopiu.net\/wordpress\/wp-content\/uploads\/2022\/05\/closeup-of-a-colourful-mineral-stone-under-the-lights-isolated-on-a-white-background-150x150.jpg\" alt=\"\" width=\"150\" height=\"150\" \/><\/a>AGORDO<\/strong><\/p>\n<p>di Gianni Santomaso<\/p>\n<audio class=\"wp-audio-shortcode\" id=\"audio-291046-6\" preload=\"none\" style=\"width: 100%;\" controls=\"controls\"><source type=\"audio\/mpeg\" src=\"https:\/\/www.radiopiu.net\/wordpress\/wp-content\/uploads\/2022\/07\/GIANNI-ESCURSIONI-GAMP.mp3?_=6\" \/><a href=\"https:\/\/www.radiopiu.net\/wordpress\/wp-content\/uploads\/2022\/07\/GIANNI-ESCURSIONI-GAMP.mp3\">https:\/\/www.radiopiu.net\/wordpress\/wp-content\/uploads\/2022\/07\/GIANNI-ESCURSIONI-GAMP.mp3<\/a><\/audio>\n<p>&nbsp;<\/p>\n<hr \/>\n<p>&nbsp;<\/p>\n<blockquote>\n<h3>IL GIRO DEL LAGO DI ALLEGHE<\/h3>\n<\/blockquote>\n<p><strong>ALLEGHE<\/strong> Torna il Giro del Lago di Alleghe in notturna: marcia non competitiva di 5,3 chilometri arrivata alla 42\u00aa edizione. Domenica 14 agosto da Masare&#8217; di Alleghe con l&#8217;Associazione Alpini, ANA Alleghe. Alle 12 apre il tendone con i piatti tipici, alle 21 il via alla competizione. Iscrizioni presso la sede gli alpini a Masare&#8217; entro le 20,45, oppure all&#8217;ufficio turistico, per tutti maglietta ricordo.<\/p>\n<p>&nbsp;<\/p>\n<p>&nbsp;<\/p>\n<hr \/>\n<p>&nbsp;<\/p>\n<blockquote>\n<h3>LA MADONA DE LA FORZELA CON GLI ALPINI DI SAN TOMASO<\/h3>\n<\/blockquote>\n<p><strong>SAN TOMASO<\/strong> \u00c8 in programma per sabato 13 agosto &#8220;La Madona De La Forzela&#8221; con gli alpini di San Tomaso. Alle 10 il ritrovo presso la forcella di San Tomaso, alle 10:45 l&#8217;alzabandiera e a seguire la santa messa. Alle 12:30 il ristoro. Il ricavato della giornata sar\u00e0 devoluto al Gruppo Alpini di San Tomaso e alla Protezione Civile di San Tomaso. In caso di maltempo la manifestazione sar\u00e0 rinviata a data da destinarsi.<\/p>\n<p><span style=\"color: #ff0000;\">ECCO IL NUOVO CAMPANILE PER LA CHIESETTA CHE SARA&#8217; INAUGURATO IL 13 AGOSTO\u00a0<\/span><\/p>\n\n\t\t\t<style type='text\/css'>\n\t\t\t\t#gallery-6 {\n\t\t\t\t\tmargin: auto;\n\t\t\t\t}\n\t\t\t\t#gallery-6 .gallery-item {\n\t\t\t\t\tfloat: left;\n\t\t\t\t\tmargin-top: 10px;\n\t\t\t\t\ttext-align: center;\n\t\t\t\t\twidth: 33%;\n\t\t\t\t}\n\t\t\t\t#gallery-6 img {\n\t\t\t\t\tborder: 2px solid #cfcfcf;\n\t\t\t\t}\n\t\t\t\t#gallery-6 .gallery-caption {\n\t\t\t\t\tmargin-left: 0;\n\t\t\t\t}\n\t\t\t\t\/* see gallery_shortcode() in wp-includes\/media.php *\/\n\t\t\t<\/style>\n\t\t<div id='gallery-6' class='dt-gallery-container gallery galleryid-291046 gallery-columns-3 gallery-size-thumbnail'><dl class='gallery-item'>\n\t\t\t\t<dt class='gallery-icon portrait'>\n\t\t\t\t\t<a class=\"rollover rollover-zoom dt-pswp-item\" title=\"da0b3418-e26e-4306-b9f9-796dc1947f5e\" data-dt-img-description=\"\" data-large_image_width=\"1200\" data-large_image_height=\"1600\"href='https:\/\/www.radiopiu.net\/wordpress\/wp-content\/uploads\/2022\/08\/da0b3418-e26e-4306-b9f9-796dc1947f5e.jpg'><img loading=\"lazy\" decoding=\"async\" width=\"150\" height=\"150\" src=\"https:\/\/www.radiopiu.net\/wordpress\/wp-content\/uploads\/2022\/08\/da0b3418-e26e-4306-b9f9-796dc1947f5e-150x150.jpg\" class=\"attachment-thumbnail size-thumbnail\" alt=\"\" \/><\/a>\n\t\t\t\t<\/dt><\/dl><dl class='gallery-item'>\n\t\t\t\t<dt class='gallery-icon portrait'>\n\t\t\t\t\t<a class=\"rollover rollover-zoom dt-pswp-item\" title=\"715b2737-a10b-4156-b76b-3cd0b493e79f\" data-dt-img-description=\"\" data-large_image_width=\"1200\" data-large_image_height=\"1600\"href='https:\/\/www.radiopiu.net\/wordpress\/wp-content\/uploads\/2022\/08\/715b2737-a10b-4156-b76b-3cd0b493e79f.jpg'><img loading=\"lazy\" decoding=\"async\" width=\"150\" height=\"150\" src=\"https:\/\/www.radiopiu.net\/wordpress\/wp-content\/uploads\/2022\/08\/715b2737-a10b-4156-b76b-3cd0b493e79f-150x150.jpg\" class=\"attachment-thumbnail size-thumbnail\" alt=\"\" \/><\/a>\n\t\t\t\t<\/dt><\/dl><dl class='gallery-item'>\n\t\t\t\t<dt class='gallery-icon portrait'>\n\t\t\t\t\t<a class=\"rollover rollover-zoom dt-pswp-item\" title=\"5a24d72a-f47b-408a-9d86-66421e637e96\" data-dt-img-description=\"\" data-large_image_width=\"1488\" data-large_image_height=\"1984\"href='https:\/\/www.radiopiu.net\/wordpress\/wp-content\/uploads\/2022\/08\/5a24d72a-f47b-408a-9d86-66421e637e96.jpg'><img loading=\"lazy\" decoding=\"async\" width=\"150\" height=\"150\" src=\"https:\/\/www.radiopiu.net\/wordpress\/wp-content\/uploads\/2022\/08\/5a24d72a-f47b-408a-9d86-66421e637e96-150x150.jpg\" class=\"attachment-thumbnail size-thumbnail\" alt=\"\" \/><\/a>\n\t\t\t\t<\/dt><\/dl><br style=\"clear: both\" \/>\n\t\t\t<\/div>\n\n<p>&nbsp;<\/p>\n<p>&nbsp;<\/p>\n<hr \/>\n<p>&nbsp;<\/p>\n<blockquote>\n<h3>EL CANAL DE AGORT<\/h3>\n<\/blockquote>\n<p><strong>AGORDO<\/strong> Presso il museo in via 5 maggio ad Agordo si pu\u00f2 visitare la mostra &#8220;El Canal De Agort&#8221; storia ed archeologia da San Gottardo alla Conca Agordina. La mostra \u00e8 visitabile dal gioved\u00ec alla domenica dalle 9:30 alle 12:30 e dalle16 alle 19 fino al 4 settembre.<\/p>\n<p>&nbsp;<\/p>\n<p>&nbsp;<\/p>\n<hr \/>\n<p>&nbsp;<\/p>\n<blockquote>\n<h3>MUSICA INTE LE VILE A SAN TOMASO<\/h3>\n<\/blockquote>\n<p><strong>SAN TOMASO<\/strong> Ritorna &#8220;Musica Inte Le Vile&#8221; organizzato da la Pro Loco di San Tomaso. Oggi alle 20:45 sar\u00e0 il turno dei Sintagma, quartetto vocale di Feltre. Luned\u00ec 8 agosto alle 21 Musica Nell\u2019Agordino presenta un concerto per soprano e organo, con Sara Cecchin e Manolo Da Rold. Sabato 13 agosto alle 17:30 il concerto del Trio Na Fuoia.<\/p>\n<p>&nbsp;<\/p>\n<p>&nbsp;<\/p>\n<hr \/>\n<p>&nbsp;<\/p>\n<blockquote>\n<h3>SABEDA ITE VILA A ROCCA PIETORE<\/h3>\n<\/blockquote>\n<p><strong>ROCCA PIETORE<\/strong> L&#8217;associazione Borgo di Sottoguda e il comune di Rocca Pietore organizzano &#8220;Sabeda ite vila&#8221;, il mercatino contadino in programma il 13 e 20 agosto dalle 10 in poi.<\/p>\n<p>&nbsp;<\/p>\n<p>&nbsp;<\/p>\n<hr \/>\n<p>&nbsp;<\/p>\n<blockquote>\n<h3>\u00a0A FORCELLA SERAUTA &#8220;QUATTRO PASSI DENTRO LA STORIA&#8221;<\/h3>\n<\/blockquote>\n<p><strong><a class=\"dt-pswp-item\" href=\"https:\/\/www.radiopiu.net\/wordpress\/wp-content\/uploads\/2022\/08\/Schermata-2022-08-03-alle-16.12.53.png\" data-dt-img-description=\"\" data-large_image_width=\"1796\" data-large_image_height=\"786\"><img loading=\"lazy\" decoding=\"async\" class=\"alignleft wp-image-290817 \" src=\"https:\/\/www.radiopiu.net\/wordpress\/wp-content\/uploads\/2022\/08\/Schermata-2022-08-03-alle-16.12.53-300x131.png\" alt=\"\" width=\"211\" height=\"92\" srcset=\"https:\/\/www.radiopiu.net\/wordpress\/wp-content\/uploads\/2022\/08\/Schermata-2022-08-03-alle-16.12.53-300x131.png 300w, https:\/\/www.radiopiu.net\/wordpress\/wp-content\/uploads\/2022\/08\/Schermata-2022-08-03-alle-16.12.53-1024x448.png 1024w, https:\/\/www.radiopiu.net\/wordpress\/wp-content\/uploads\/2022\/08\/Schermata-2022-08-03-alle-16.12.53-768x336.png 768w, https:\/\/www.radiopiu.net\/wordpress\/wp-content\/uploads\/2022\/08\/Schermata-2022-08-03-alle-16.12.53-1536x672.png 1536w, https:\/\/www.radiopiu.net\/wordpress\/wp-content\/uploads\/2022\/08\/Schermata-2022-08-03-alle-16.12.53.png 1796w\" sizes=\"auto, (max-width: 211px) 100vw, 211px\" \/><\/a>ROCCA PIETORE<\/strong> \u00c8 in programma per oggi dalle 9 alle 16 a Forcella Serauta Marmolada &#8220;Quattro passi dentro la storia&#8221;, la rievocazione con i gruppi storici Associazione Storica IV Novembre; Gruppo Storico Carosello Tre Leoni \u2013 3\u00b0 Reggimento Bersaglieri; Gruppo Storico VI\u00b0 Alpini Brigata Verona; \u201cDie Wu\u0308rttemberger 1914.1918\u201d; LIR 27, Landwehrinfanterieregiment 27, tradition regiment Ljubljana. Rievocatori in divisa della Grande Guerra all\u2019interno di trincee e postazioni in galleria, vi faranno vivere momenti realistici. Forcella Serauta Marmolada raggiungibile con la Funivia da Malga Ciapela. Per informazioni visitamarmolada@funiviemarmolada.com oppure telefonare al 334 6794461.<\/p>\n<p>&nbsp;<\/p>\n<p>&nbsp;<\/p>\n<hr \/>\n<p>&nbsp;<\/p>\n<blockquote>\n<blockquote>\n<h3>MADONA DE LA NEIF, LA SAGRA A LA VALLE AGORDINA: IL PROGRAMMA<\/h3>\n<\/blockquote>\n<p><strong>LA VALLE<\/strong><\/p><\/blockquote>\n<p><strong>ALLA RADIO\u00a0<\/strong><\/p>\n<blockquote><audio class=\"wp-audio-shortcode\" id=\"audio-291046-7\" preload=\"none\" style=\"width: 100%;\" controls=\"controls\"><source type=\"audio\/mpeg\" src=\"https:\/\/www.radiopiu.net\/wordpress\/wp-content\/uploads\/2022\/07\/SPOT-MADONA-DE-LA-NEIF.mp3?_=7\" \/><a href=\"https:\/\/www.radiopiu.net\/wordpress\/wp-content\/uploads\/2022\/07\/SPOT-MADONA-DE-LA-NEIF.mp3\">https:\/\/www.radiopiu.net\/wordpress\/wp-content\/uploads\/2022\/07\/SPOT-MADONA-DE-LA-NEIF.mp3<\/a><\/audio>\n<p>&nbsp;<\/p>\n\n\t\t\t<style type='text\/css'>\n\t\t\t\t#gallery-7 {\n\t\t\t\t\tmargin: auto;\n\t\t\t\t}\n\t\t\t\t#gallery-7 .gallery-item {\n\t\t\t\t\tfloat: left;\n\t\t\t\t\tmargin-top: 10px;\n\t\t\t\t\ttext-align: center;\n\t\t\t\t\twidth: 33%;\n\t\t\t\t}\n\t\t\t\t#gallery-7 img {\n\t\t\t\t\tborder: 2px solid #cfcfcf;\n\t\t\t\t}\n\t\t\t\t#gallery-7 .gallery-caption {\n\t\t\t\t\tmargin-left: 0;\n\t\t\t\t}\n\t\t\t\t\/* see gallery_shortcode() in wp-includes\/media.php *\/\n\t\t\t<\/style>\n\t\t<div id='gallery-7' class='dt-gallery-container gallery galleryid-291046 gallery-columns-3 gallery-size-thumbnail'><dl class='gallery-item'>\n\t\t\t\t<dt class='gallery-icon portrait'>\n\t\t\t\t\t<a class=\"rollover rollover-zoom dt-pswp-item\" title=\"530a2d72-bda3-7461-e542-59cf0ee1053c\" data-dt-img-description=\"\" data-large_image_width=\"1730\" data-large_image_height=\"2423\"href='https:\/\/www.radiopiu.net\/wordpress\/wp-content\/uploads\/2022\/07\/530a2d72-bda3-7461-e542-59cf0ee1053c.jpg'><img loading=\"lazy\" decoding=\"async\" width=\"150\" height=\"150\" src=\"https:\/\/www.radiopiu.net\/wordpress\/wp-content\/uploads\/2022\/07\/530a2d72-bda3-7461-e542-59cf0ee1053c-150x150.jpg\" class=\"attachment-thumbnail size-thumbnail\" alt=\"\" \/><\/a>\n\t\t\t\t<\/dt><\/dl><dl class='gallery-item'>\n\t\t\t\t<dt class='gallery-icon portrait'>\n\t\t\t\t\t<a class=\"rollover rollover-zoom dt-pswp-item\" title=\"38dcef37-7bbc-4024-ebb0-6a6882717ada\" data-dt-img-description=\"\" data-large_image_width=\"1811\" data-large_image_height=\"2560\"href='https:\/\/www.radiopiu.net\/wordpress\/wp-content\/uploads\/2022\/07\/38dcef37-7bbc-4024-ebb0-6a6882717ada-scaled.jpg'><img loading=\"lazy\" decoding=\"async\" width=\"150\" height=\"150\" src=\"https:\/\/www.radiopiu.net\/wordpress\/wp-content\/uploads\/2022\/07\/38dcef37-7bbc-4024-ebb0-6a6882717ada-150x150.jpg\" class=\"attachment-thumbnail size-thumbnail\" alt=\"\" \/><\/a>\n\t\t\t\t<\/dt><\/dl><dl class='gallery-item'>\n\t\t\t\t<dt class='gallery-icon portrait'>\n\t\t\t\t\t<a class=\"rollover rollover-zoom dt-pswp-item\" title=\"4935b63e-fab3-2b11-4f4a-803c2ec51972\" data-dt-img-description=\"\" data-large_image_width=\"1811\" data-large_image_height=\"2560\"href='https:\/\/www.radiopiu.net\/wordpress\/wp-content\/uploads\/2022\/07\/4935b63e-fab3-2b11-4f4a-803c2ec51972-scaled.jpg'><img loading=\"lazy\" decoding=\"async\" width=\"150\" height=\"150\" src=\"https:\/\/www.radiopiu.net\/wordpress\/wp-content\/uploads\/2022\/07\/4935b63e-fab3-2b11-4f4a-803c2ec51972-150x150.jpg\" class=\"attachment-thumbnail size-thumbnail\" alt=\"\" \/><\/a>\n\t\t\t\t<\/dt><\/dl><br style=\"clear: both\" \/>\n\t\t\t<\/div>\n<\/blockquote>\n<p>&nbsp;<\/p>\n<p>&nbsp;<\/p>\n<hr \/>\n<p>&nbsp;<\/p>\n<blockquote>\n<h3>IL 12 AGOSTO A VALLADA PROTAGONISTA IL MONTE CELENTONE<\/h3>\n<\/blockquote>\n<p><strong>VALLADA<\/strong> Venerd\u00ec 12 agosto alle 18 presso la Chiesa Monumentale di San Simon a Vallada, lo storico Marco Perale terr\u00e0 una conferenza dal titolo &#8220;Il Nome Celentone&#8221;, un viaggio nella storia di un toponimo. Organizzano comune di Vallada, Union Ladina Val Biois e Pro Loco.<\/p>\n<p>&nbsp;<\/p>\n<p>&nbsp;<\/p>\n<hr \/>\n<p>&nbsp;<\/p>\n<blockquote>\n<h3>ESCURSIONE CON IL CAI DI AGORDO<\/h3>\n<\/blockquote>\n<p><strong>AGORDO<\/strong> Domani escursione con il Cai di Agordo alla Cima Montanel (Gruppo del Cridola). Tempo di percorrenza 7-8 ore, 1400 metri di dislivello difficolt\u00e0 EE con buon allenamento. Iscrizioni al 380 6983040<\/p>\n<p>&nbsp;<\/p>\n<p>&nbsp;<\/p>\n<hr \/>\n<p>&nbsp;<\/p>\n<blockquote>\n<h3>VISITE GUIDATE NELLA CHIESA DI AGORDO<\/h3>\n<\/blockquote>\n<p><strong>AGORDO<\/strong>\u00a0 Venerdi 12 agosto dalle 10 alle 11, e mercoledi 17 agosto dalle 16 alle 17 visite guidate gratuita nella chiesa Arcidiaconale di Agordo. Informazioni all\u2019Ufficio turistico di Agordo.<\/p>\n<p>&nbsp;<\/p>\n<p>&nbsp;<\/p>\n<hr \/>\n<p>&nbsp;<\/p>\n<blockquote>\n<h3>IL CORO FEMMINILE COL DI LANA IN CONCERTO<\/h3>\n<\/blockquote>\n<p><strong>LIVINALLONGO<\/strong> Il Coro Femminile Col di Lana &#8211; Livinallongo diretto da Anna Devich presenta: canti e note di pace oggi alle 20.45 nella chiesa San Giacomo Maggiore di Livinallongo. Sar\u00e0 presente anche il coro Ana di Oderzo diretto dal maestro Claudio Provedel, presenta, Giulia Riva.<\/p>\n<p>&nbsp;<\/p>\n<p>&nbsp;<\/p>\n<hr \/>\n<p>&nbsp;<\/p>\n<blockquote>\n<h3>IL SUONO MAGICO DEL LEGNO<\/h3>\n<\/blockquote>\n<p><strong>ROCCA PIETORE<\/strong> Domenica 14 agosto a Sottoguda \u00e8 in programma &#8220;Il Suono Magico Del Legno&#8221; con il complesso degli archi del Friuli e del Veneto. Inizio alle 21 con entrata a offerta libera.<\/p>\n<p>&nbsp;<\/p>\n<p>&nbsp;<\/p>\n<hr \/>\n<p>&nbsp;<\/p>\n<blockquote>\n<h3>SECONDO APPUNTAMENTO CON LA FIERA IN NEVEGAL<\/h3>\n<\/blockquote>\n<p><strong>BELLUNO<\/strong> Domani ritornano le bancarelle sul Colle, per il secondo appuntamento con le Fiera del Nevega\u0300l. Dalle 8.00 alle 20.00 sara\u0300 possibile, per cittadini e turisti, girare tra le bancarelle, trovando prodotti agricoli e dell\u2019artigianato locali, alimentari, giocattoli e vestiario, capaci di incontrare gli interessi piu\u0300 diversi. Non mancheranno punti di somministrazione di cibo e bevande. Sul piazzale, dalle 9 alle 17, sara\u0300 operativo anche l&#8217;Infopoint, per offrire ai visitatori utili spunti per vivere al meglio le opportunita\u0300 offerte dal Colle: dal 5 al 28 agosto, sara\u0300 aperto dalle 9 alle 17.<\/p>\n<p>&nbsp;<\/p>\n<p>&nbsp;<\/p>\n<hr \/>\n<p>&nbsp;<\/p>\n<blockquote>\n<h3>LA MOSTRA DI ANNA PLUDA A LAMON<\/h3>\n<\/blockquote>\n<p><strong>LAMON<\/strong> Verr\u00e0 inaugurata oggi presso la Chiesa di San Daniele a Lamon la mostra di Anna Pluda dal titolo&#8221; Vi racconto Oltra&#8221;. Esposizione che sar\u00e0 aperta al pubblico fino al 20 agosto con i seguenti orari: sabato, domenica e festivi dalle 10 alle 12 e dalle 17 alle 19, il marted\u00ec e il gioved\u00ec dalle 10 alle 12<\/p>\n<p>&nbsp;<\/p>\n<p>&nbsp;<\/p>\n<hr \/>\n<p>&nbsp;<\/p>\n<blockquote>\n<h3>FERRAGOSTO AL LAGHETTO DI POLANE<\/h3>\n<\/blockquote>\n<p><strong>AGORDO<\/strong> Il Bacino n\u00b05 agordino organizza per il 15 agosto al laghetto di Polane di Agordo il Trofeo D&#8217;Isep, gara di pesca alla trota riservata ai Pierini, categorie cuccioli fino ad 8 anni e pierini dagli 8 ai 14 anni. Raduno alle 7 al Bar Schenot, inizio gara alle 8, alle 10:30 la pesatura e alle 11 le premiazioni. Iscrizioni presso il Bar Schenot 0437 63104 o Negozio D&#8217;Isep 0437 62411. Termine iscrizioni il 13 agosto, quota 15 euro.<\/p>\n<p>&nbsp;<\/p>\n<p>&nbsp;<\/p>\n<hr \/>\n<p>&nbsp;<\/p>\n<blockquote>\n<h3>DUGONE, IL TORNEO DI GREEN VOLLEY A CENCENIGHE<\/h3>\n<\/blockquote>\n<p><strong>CENCENIGHE<\/strong> U.S. Cencenighe, Comune e Pro Loco organizzano per domenica 21 agosto un torneo di green volley agli impianti sportivi. Due categorie: Senior dai 15 anni in su e Junior dai 9 ai 14 anni. In serata aperitivo con Oh Per Bacco e musica con DJ Jack. Per info ed iscrizioni scrivere a dugone.torneogreenvolly@gmail.com iscrizioni entro il 19 agosto.<\/p>\n<p>&nbsp;<\/p>\n<p>&nbsp;<\/p>\n<hr \/>\n<p>&nbsp;<\/p>\n<blockquote>\n<h3>LA FESTA DEI 100 ANNI DEL GRUPPO SPORTIVO FRASSENE&#8217;<\/h3>\n<\/blockquote>\n<p><strong><a class=\"dt-pswp-item\" href=\"https:\/\/www.radiopiu.net\/wordpress\/wp-content\/uploads\/2022\/08\/Schermata-2022-08-04-alle-12.23.41.png\" data-dt-img-description=\"\" data-large_image_width=\"1336\" data-large_image_height=\"1014\"><img loading=\"lazy\" decoding=\"async\" class=\"alignleft wp-image-290914 \" src=\"https:\/\/www.radiopiu.net\/wordpress\/wp-content\/uploads\/2022\/08\/Schermata-2022-08-04-alle-12.23.41-300x228.png\" alt=\"\" width=\"158\" height=\"120\" srcset=\"https:\/\/www.radiopiu.net\/wordpress\/wp-content\/uploads\/2022\/08\/Schermata-2022-08-04-alle-12.23.41-300x228.png 300w, https:\/\/www.radiopiu.net\/wordpress\/wp-content\/uploads\/2022\/08\/Schermata-2022-08-04-alle-12.23.41-1024x777.png 1024w, https:\/\/www.radiopiu.net\/wordpress\/wp-content\/uploads\/2022\/08\/Schermata-2022-08-04-alle-12.23.41-768x583.png 768w, https:\/\/www.radiopiu.net\/wordpress\/wp-content\/uploads\/2022\/08\/Schermata-2022-08-04-alle-12.23.41.png 1336w\" sizes=\"auto, (max-width: 158px) 100vw, 158px\" \/><\/a>VOLTAGO <\/strong>1922-2022 il primo secolo di vita del Gruppo Sportivo Frassen\u00e8: tre giorni di eventi al tendone nel parcheggio della chiesa. Venerdi&#8217; 9 settembre alle 18 apertura stand gastronomico e serata musicale con Sabrina Silvestrin. Sabato 10 voli panoramici in elicottero dalle 10 alle 15 e, fino alle 17 mercatini dell&#8217;artigianato, dalle 10 torneo di calcio del Poi, a mezzogiorno stand gastronomico, 16.30 Frassene&#8217; Cross, gare podistiche non competitive, 17 aperitivo con DJ Morgan e Battaglia, 19 cena e premiazioni, dalle 21 serata musicale con I Riflesso, chiusura con DJ Morgan e Battaglia. Domenica 11 alle 10 mostra sui 100 anni del Gruppo Sportivo Frassene&#8217; presso l&#8217;ex scuola Paolo Mosca, 11 sfilata dei gruppi associativi per le vie del paese, 12.30 pranzo, 15 presentazione libro &#8220;Il Primo Secolo Di Vita&#8221;. Il ricavato sar\u00e0 devoluto al Gruppo Sportivo Frasssen\u00e8.<\/p>\n<p>&nbsp;<\/p>\n<p>&nbsp;<\/p>\n<hr \/>\n<p>&nbsp;<\/p>\n<blockquote>\n<h3>&#8220;RESTATE IN CITTA'&#8221; IL SECONDO APPUNTAMENTO<\/h3>\n<\/blockquote>\n<p><strong>BELLUNO<\/strong> Secondo appuntamento, quello di sabato prossimo, 13 agosto, con la rassegna &#8220;REstate in Citta\u0300&#8221;, in programma a Belluno fino al 1\u00b0 settembre, con una proposta di concerti e visite guidate, che animeranno il tempo estivo bellunese. Turisti e residenti avranno la possibilita\u0300 di partecipare al trekking urbano &#8220;All&#8217;attacco! Castelli e mura a Belluno&#8221;, dedicato alla riscoperta dei luoghi in cui sorgevano i castelli di Belluno e dove si possono ancora ritrovare alcune parti dell&#8217;antica cinta muraria. La partenza avverra\u0300 alla ore 18.00, in piazza Duomo 2, nei pressi dell&#8217;uscita delle scale mobili del parcheggio di Lambioi. La prenotazione e\u0300 obbligatoria, al numero 348 2791289 o scrivendo a martazzalini@yahoo.it.<\/p>\n<p>&nbsp;<\/p>\n<p>&nbsp;<\/p>\n<hr \/>\n<p>&nbsp;<\/p>\n<blockquote>\n<h3>PALAGHIACCIO DI ALLEGHE APERTO AL PUBBLICO<\/h3>\n<\/blockquote>\n<p><strong>ALLEGHE<\/strong> Apre al pubblico il palaghiaccio di Alleghe per il pattinaggio libero. Dal 1 agosto e fino al 2 settembre si potr\u00e0 pattinare dalle 16:30 alle 18:30 e dal 1 agosto all&#8217;11 settembre anche alla sera dalle 21 alle 23. Unico giorno di chiusura il 14 agosto. Per informazioni 0437 523176 o mail a segreteria@alleghehockey.com<\/p>\n<p>&nbsp;<\/p>\n<p>&nbsp;<\/p>\n<hr \/>\n<p>&nbsp;<\/p>\n<blockquote>\n<h3>GLI ALICE FOR PRESIDENT CONQUISTANO LA FINALE DI SANREMO ROCK PER LA SECONDA VOLTA CONSECUTIVA<\/h3>\n<\/blockquote>\n<p><strong>REDAZIONE<\/strong> Per il secondo anno consecutivo Sanremo Rock parla bellunese. Anche nel 2022 gli Alice For President si sono presentati alla Kermesse canora con un brano che \u00e8 stato scelto per la finale che si disputer\u00e0 a settembre. Alice For President e un gruppo Rock Metal di marca veneta. Nel gruppo anche un agordino, Massimo Cassol che fin da piccolo imbraccia il basso. Il brano presentato a questa edizione di Sanremo Rock si Intitola &#8220;Forever Never&#8221;.<\/p>\n<p><strong>LUCA DEGLI ALICE FOR PRESIDENT<\/strong><\/p>\n<audio class=\"wp-audio-shortcode\" id=\"audio-291046-8\" preload=\"none\" style=\"width: 100%;\" controls=\"controls\"><source type=\"audio\/mpeg\" src=\"https:\/\/www.radiopiu.net\/wordpress\/wp-content\/uploads\/2022\/08\/LUCA-SANREMO.mp3?_=8\" \/><a href=\"https:\/\/www.radiopiu.net\/wordpress\/wp-content\/uploads\/2022\/08\/LUCA-SANREMO.mp3\">https:\/\/www.radiopiu.net\/wordpress\/wp-content\/uploads\/2022\/08\/LUCA-SANREMO.mp3<\/a><\/audio>\n<p>&nbsp;<\/p>\n\n\t\t\t<style type='text\/css'>\n\t\t\t\t#gallery-8 {\n\t\t\t\t\tmargin: auto;\n\t\t\t\t}\n\t\t\t\t#gallery-8 .gallery-item {\n\t\t\t\t\tfloat: left;\n\t\t\t\t\tmargin-top: 10px;\n\t\t\t\t\ttext-align: center;\n\t\t\t\t\twidth: 25%;\n\t\t\t\t}\n\t\t\t\t#gallery-8 img {\n\t\t\t\t\tborder: 2px solid #cfcfcf;\n\t\t\t\t}\n\t\t\t\t#gallery-8 .gallery-caption {\n\t\t\t\t\tmargin-left: 0;\n\t\t\t\t}\n\t\t\t\t\/* see gallery_shortcode() in wp-includes\/media.php *\/\n\t\t\t<\/style>\n\t\t<div id='gallery-8' class='dt-gallery-container gallery galleryid-291046 gallery-columns-4 gallery-size-thumbnail'><dl class='gallery-item'>\n\t\t\t\t<dt class='gallery-icon landscape'>\n\t\t\t\t\t<a class=\"rollover rollover-zoom dt-pswp-item\" title=\"374cf68b-8b92-4c36-b219-410f03ca023f\" data-dt-img-description=\"\" data-large_image_width=\"1080\" data-large_image_height=\"721\"href='https:\/\/www.radiopiu.net\/wordpress\/wp-content\/uploads\/2022\/08\/374cf68b-8b92-4c36-b219-410f03ca023f.jpg'><img loading=\"lazy\" decoding=\"async\" width=\"150\" height=\"150\" src=\"https:\/\/www.radiopiu.net\/wordpress\/wp-content\/uploads\/2022\/08\/374cf68b-8b92-4c36-b219-410f03ca023f-150x150.jpg\" class=\"attachment-thumbnail size-thumbnail\" alt=\"\" \/><\/a>\n\t\t\t\t<\/dt><\/dl><dl class='gallery-item'>\n\t\t\t\t<dt class='gallery-icon landscape'>\n\t\t\t\t\t<a class=\"rollover rollover-zoom dt-pswp-item\" title=\"fdb22217-3cab-40b0-a302-ccf060813dfc\" data-dt-img-description=\"\" data-large_image_width=\"1080\" data-large_image_height=\"721\"href='https:\/\/www.radiopiu.net\/wordpress\/wp-content\/uploads\/2022\/08\/fdb22217-3cab-40b0-a302-ccf060813dfc.jpg'><img loading=\"lazy\" decoding=\"async\" width=\"150\" height=\"150\" src=\"https:\/\/www.radiopiu.net\/wordpress\/wp-content\/uploads\/2022\/08\/fdb22217-3cab-40b0-a302-ccf060813dfc-150x150.jpg\" class=\"attachment-thumbnail size-thumbnail\" alt=\"\" \/><\/a>\n\t\t\t\t<\/dt><\/dl><dl class='gallery-item'>\n\t\t\t\t<dt class='gallery-icon landscape'>\n\t\t\t\t\t<a class=\"rollover rollover-zoom dt-pswp-item\" title=\"16eb4223-c718-49fc-a3b7-493b8a8c18a1\" data-dt-img-description=\"\" data-large_image_width=\"1079\" data-large_image_height=\"720\"href='https:\/\/www.radiopiu.net\/wordpress\/wp-content\/uploads\/2022\/08\/16eb4223-c718-49fc-a3b7-493b8a8c18a1.jpg'><img loading=\"lazy\" decoding=\"async\" width=\"150\" height=\"150\" src=\"https:\/\/www.radiopiu.net\/wordpress\/wp-content\/uploads\/2022\/08\/16eb4223-c718-49fc-a3b7-493b8a8c18a1-150x150.jpg\" class=\"attachment-thumbnail size-thumbnail\" alt=\"\" \/><\/a>\n\t\t\t\t<\/dt><\/dl><dl class='gallery-item'>\n\t\t\t\t<dt class='gallery-icon landscape'>\n\t\t\t\t\t<a class=\"rollover rollover-zoom dt-pswp-item\" title=\"a08ef967-fe85-4f22-97b9-4365298983ea\" data-dt-img-description=\"\" data-large_image_width=\"1080\" data-large_image_height=\"720\"href='https:\/\/www.radiopiu.net\/wordpress\/wp-content\/uploads\/2022\/08\/a08ef967-fe85-4f22-97b9-4365298983ea.jpg'><img loading=\"lazy\" decoding=\"async\" width=\"150\" height=\"150\" src=\"https:\/\/www.radiopiu.net\/wordpress\/wp-content\/uploads\/2022\/08\/a08ef967-fe85-4f22-97b9-4365298983ea-150x150.jpg\" class=\"attachment-thumbnail size-thumbnail\" alt=\"\" \/><\/a>\n\t\t\t\t<\/dt><\/dl><br style=\"clear: both\" \/>\n\t\t\t<\/div>\n\n<p>&nbsp;<\/p>\n<p><iframe loading=\"lazy\" title=\"Alice for President - Forever Never\" width=\"1200\" height=\"675\" src=\"https:\/\/www.youtube.com\/embed\/HLeidptOjiY?feature=oembed\" frameborder=\"0\" allow=\"accelerometer; autoplay; clipboard-write; encrypted-media; gyroscope; picture-in-picture\" allowfullscreen><\/iframe><\/p>\n<p>&nbsp;<\/p>\n<hr \/>\n<p>&nbsp;<\/p>\n<h1><span style=\"color: #ff6600;\">IERI ALLA RADIO<\/span><\/h1>\n<h2><span style=\"color: #008000;\">SPECIALE EP CENTER &#8211; 05 AGOSTO 2022<\/span><\/h2>\n<p><strong>REDAZIONE\u00a0<\/strong>Negli studi di Radio Pi\u00f9 Francesco Zilio di EP Center. Argomento di questa puntata: dalla teoria alla pratica, gestione semplificata degli impianti elettrici<\/p>\n<p><iframe loading=\"lazy\" title=\"DALLA TEORIA ALLA PRATICA, GESTIONE SEMLIFICATA DEGLI IMPIANTI ELETTRICI\" width=\"1200\" height=\"675\" src=\"https:\/\/www.youtube.com\/embed\/raix7yAvT_Q?feature=oembed\" frameborder=\"0\" allow=\"accelerometer; autoplay; clipboard-write; encrypted-media; gyroscope; picture-in-picture\" allowfullscreen><\/iframe><\/p>\n<p>&nbsp;<\/p>\n<p>&nbsp;<\/p>\n<hr \/>\n<p>&nbsp;<\/p>\n<p>&nbsp;<\/p>\n<p>&nbsp;<\/p>\n<h2><strong><a class=\"dt-pswp-item\" href=\"https:\/\/www.radiopiu.net\/wordpress\/wp-content\/uploads\/2022\/08\/e16bbbed-1009-46c0-9d0b-0c48215387bf.jpeg\" data-dt-img-description=\"\" data-large_image_width=\"2048\" data-large_image_height=\"1412\"><img loading=\"lazy\" decoding=\"async\" class=\"size-thumbnail wp-image-291153 alignleft\" src=\"https:\/\/www.radiopiu.net\/wordpress\/wp-content\/uploads\/2022\/08\/e16bbbed-1009-46c0-9d0b-0c48215387bf-150x150.jpeg\" alt=\"\" width=\"150\" height=\"150\" \/><\/a><span style=\"color: #ff00ff;\"> LA SECONDA EDIZIONE DELLA VA PIAN MA RIVA<\/span><\/strong><\/h2>\n<p><strong>di Mirko Mezzacasa<\/strong><\/p>\n<p>OSPITE: Gabriele Riva<\/p>\n<audio class=\"wp-audio-shortcode\" id=\"audio-291046-9\" preload=\"none\" style=\"width: 100%;\" controls=\"controls\"><source type=\"audio\/mpeg\" src=\"https:\/\/www.radiopiu.net\/wordpress\/wp-content\/uploads\/2022\/08\/VA-PIAN-MA-RIVA.mp3?_=9\" \/><a href=\"https:\/\/www.radiopiu.net\/wordpress\/wp-content\/uploads\/2022\/08\/VA-PIAN-MA-RIVA.mp3\">https:\/\/www.radiopiu.net\/wordpress\/wp-content\/uploads\/2022\/08\/VA-PIAN-MA-RIVA.mp3<\/a><\/audio>\n<p>&nbsp;<\/p>\n<p>&nbsp;<\/p>\n<hr \/>\n<p>&nbsp;<\/p>\n<div>\n<div class=\"b654a4as d2edcug0\">\n<div class=\"rq0escxv hkbzh7o3 jwdofwj8 n8tt0mok r8blr3vg hyh9befq\">\n<p><a class=\"dt-pswp-item\" href=\"https:\/\/www.radiopiu.net\/wordpress\/wp-content\/uploads\/2020\/10\/pp.jpg\" data-dt-img-description=\"\" data-large_image_width=\"640\" data-large_image_height=\"640\"><img loading=\"lazy\" decoding=\"async\" class=\"wp-image-163678 alignleft\" src=\"https:\/\/www.radiopiu.net\/wordpress\/wp-content\/uploads\/2020\/10\/pp-300x300.jpg\" alt=\"\" width=\"106\" height=\"106\" srcset=\"https:\/\/www.radiopiu.net\/wordpress\/wp-content\/uploads\/2020\/10\/pp-300x300.jpg 300w, https:\/\/www.radiopiu.net\/wordpress\/wp-content\/uploads\/2020\/10\/pp-150x150.jpg 150w, https:\/\/www.radiopiu.net\/wordpress\/wp-content\/uploads\/2020\/10\/pp-125x125.jpg 125w, https:\/\/www.radiopiu.net\/wordpress\/wp-content\/uploads\/2020\/10\/pp-200x200.jpg 200w, https:\/\/www.radiopiu.net\/wordpress\/wp-content\/uploads\/2020\/10\/pp-80x80.jpg 80w, https:\/\/www.radiopiu.net\/wordpress\/wp-content\/uploads\/2020\/10\/pp-480x480.jpg 480w, https:\/\/www.radiopiu.net\/wordpress\/wp-content\/uploads\/2020\/10\/pp.jpg 640w\" sizes=\"auto, (max-width: 106px) 100vw, 106px\" \/><\/a><\/p>\n<\/div>\n<\/div>\n<\/div>\n<div>\n<div class=\"page-title-head hgroup\">\n<div class=\"page-title-head hgroup\">\n<div class=\"b654a4as d2edcug0\">\n<div class=\"j83agx80 btwxx1t3 lhclo0ds hop8lmos nkwizq5d scwd0bx6 roh60bw9\">\n<div class=\"rq0escxv hkbzh7o3 jwdofwj8 n8tt0mok r8blr3vg hyh9befq\">\n<div class=\"do00u71z l9j0dhe7 k4urcfbm\">\n<h2><span style=\"color: #000080;\">DON CESARE, IL PENSIERO DEL GIORNO. ALLA RADIO ALLE 7 DEL MATTINO E ALLE 19.30 DELLA SERA.\u00a0<\/span><\/h2>\n<\/div>\n<\/div>\n<\/div>\n<\/div>\n<\/div>\n<\/div>\n<\/div>\n<div class=\"do00u71z l9j0dhe7 k4urcfbm\">\n<div class=\"page-title-head hgroup\">\n<div class=\"page-title-head hgroup\">\n<div class=\"b654a4as d2edcug0\">\n<div class=\"j83agx80 btwxx1t3 lhclo0ds hop8lmos nkwizq5d scwd0bx6 roh60bw9\">\n<div class=\"rq0escxv hkbzh7o3 jwdofwj8 n8tt0mok r8blr3vg hyh9befq\">\n<div class=\"do00u71z l9j0dhe7 k4urcfbm\">\n<div class=\"page-title-head hgroup\">\n<div class=\"page-title-head hgroup\">\n<div class=\"b654a4as d2edcug0\">\n<div class=\"j83agx80 btwxx1t3 lhclo0ds hop8lmos nkwizq5d scwd0bx6 roh60bw9\">\n<div class=\"rq0escxv hkbzh7o3 jwdofwj8 n8tt0mok r8blr3vg hyh9befq\">\n<div class=\"do00u71z l9j0dhe7 k4urcfbm\">\n<div class=\"ecm0bbzt e5nlhep0 a8c37x1j\">\n<div class=\"kvgmc6g5 cxmmr5t8 oygrvhab hcukyx3x c1et5uql\">\n<div class=\"gmail-kvgmc6g5 gmail-cxmmr5t8 gmail-oygrvhab gmail-hcukyx3x gmail-c1et5uql gmail-ii04i59q\">\n<div class=\"page-title-head hgroup\">\n<div class=\"page-title-head hgroup\">\n<div class=\"b654a4as d2edcug0\">\n<div class=\"j83agx80 btwxx1t3 lhclo0ds hop8lmos nkwizq5d scwd0bx6 roh60bw9\">\n<div class=\"rq0escxv hkbzh7o3 jwdofwj8 n8tt0mok r8blr3vg hyh9befq\">\n<div class=\"do00u71z l9j0dhe7 k4urcfbm\">\n<div class=\"page-title-head hgroup\">\n<div class=\"page-title-head hgroup\">\n<div class=\"b654a4as d2edcug0\">\n<div class=\"j83agx80 btwxx1t3 lhclo0ds hop8lmos nkwizq5d scwd0bx6 roh60bw9\">\n<div class=\"rq0escxv hkbzh7o3 jwdofwj8 n8tt0mok r8blr3vg hyh9befq\">\n<div class=\"do00u71z l9j0dhe7 k4urcfbm\">\n<div class=\"page-title-head hgroup\">\n<div class=\"page-title-head hgroup\">\n<div class=\"b654a4as d2edcug0\">\n<div class=\"j83agx80 btwxx1t3 lhclo0ds hop8lmos nkwizq5d scwd0bx6 roh60bw9\">\n<div class=\"rq0escxv hkbzh7o3 jwdofwj8 n8tt0mok r8blr3vg hyh9befq\">\n<div class=\"do00u71z l9j0dhe7 k4urcfbm\">\n<div class=\"ecm0bbzt e5nlhep0 a8c37x1j\">\n<div class=\"kvgmc6g5 cxmmr5t8 oygrvhab hcukyx3x c1et5uql\">\n<div class=\"gmail-kvgmc6g5 gmail-cxmmr5t8 gmail-oygrvhab gmail-hcukyx3x gmail-c1et5uql gmail-ii04i59q\">\n<div class=\"page-title-head hgroup\">\n<div class=\"page-title-head hgroup\">\n<div class=\"b654a4as d2edcug0\">\n<div class=\"j83agx80 btwxx1t3 lhclo0ds hop8lmos nkwizq5d scwd0bx6 roh60bw9\">\n<div class=\"rq0escxv hkbzh7o3 jwdofwj8 n8tt0mok r8blr3vg hyh9befq\">\n<div class=\"do00u71z l9j0dhe7 k4urcfbm\"><\/div>\n<audio class=\"wp-audio-shortcode\" id=\"audio-291046-10\" preload=\"none\" style=\"width: 100%;\" controls=\"controls\"><source type=\"audio\/mpeg\" src=\"https:\/\/www.radiopiu.net\/wordpress\/wp-content\/uploads\/2022\/08\/CESARE-4.mp3?_=10\" \/><a href=\"https:\/\/www.radiopiu.net\/wordpress\/wp-content\/uploads\/2022\/08\/CESARE-4.mp3\">https:\/\/www.radiopiu.net\/wordpress\/wp-content\/uploads\/2022\/08\/CESARE-4.mp3<\/a><\/audio>\n<div class=\"do00u71z l9j0dhe7 k4urcfbm\">\n<p>&nbsp;<\/p>\n<p>&nbsp;<\/p>\n<hr \/>\n<p>&nbsp;<\/p>\n<p><span style=\"color: #0000ff;\">MUSICA PIU&#8217;\u00a0<\/span><\/p>\n<p><a href=\"https:\/\/www.radiopiu.net\/wordpress\/giornale-radiopiu-20-settembre-2021-direttore-mirko-mezzacasa\/pp-79\/\" rel=\"attachment wp-att-232921\"><img loading=\"lazy\" decoding=\"async\" class=\"wp-image-232921 alignleft\" src=\"https:\/\/www.radiopiu.net\/wordpress\/wp-content\/uploads\/2021\/09\/pp-1-300x300.jpg\" alt=\"\" width=\"135\" height=\"135\" srcset=\"https:\/\/www.radiopiu.net\/wordpress\/wp-content\/uploads\/2021\/09\/pp-1-300x300.jpg 300w, https:\/\/www.radiopiu.net\/wordpress\/wp-content\/uploads\/2021\/09\/pp-1-150x150.jpg 150w, https:\/\/www.radiopiu.net\/wordpress\/wp-content\/uploads\/2021\/09\/pp-1.jpg 640w\" sizes=\"auto, (max-width: 135px) 100vw, 135px\" \/><\/a><\/p>\n<div class=\"mkdf-post-text\">\n<div class=\"mkdf-post-text-inner\">\n<div class=\"mkdf-post-text-main\">\n<div class=\"mkdf-post-text\">\n<div class=\"mkdf-post-text-inner\">\n<div class=\"mkdf-post-text-main\">\n<div class=\"mkdf-post-text\">\n<div class=\"mkdf-post-text-inner\">\n<div class=\"mkdf-post-text-main\">\n<div class=\"page-title-head hgroup\">\n<div class=\"page-title-head hgroup\">\n<div class=\"mkdf-post-text\">\n<div class=\"mkdf-post-text-inner\">\n<div class=\"mkdf-post-text-main\">\n<div class=\"mkdf-post-text\">\n<div class=\"mkdf-post-text-inner\">\n<div class=\"mkdf-post-text-main\">\n<div class=\"page-title-head hgroup\">\n<div class=\"page-title-head hgroup\">\n<div class=\"page-title-head hgroup\">\n<div class=\"page-title-head hgroup\">\n<div class=\"b654a4as d2edcug0\">\n<div class=\"page-title-head hgroup\">\n<div class=\"page-title-head hgroup\">\n<div class=\"page-title-head hgroup\">\n<div class=\"page-title-head hgroup\">\n<div class=\"b654a4as d2edcug0\">\n<div class=\"page-title-head hgroup\">\n<div class=\"page-title-head hgroup\">\n<div class=\"page-title-head hgroup\">\n<div class=\"page-title-head hgroup\">\n<div class=\"b654a4as d2edcug0\">\n<div class=\"mkdf-post-text\">\n<div class=\"mkdf-post-text-inner\">\n<div class=\"mkdf-post-text-main\">\n<div class=\"mkdf-post-text\">\n<div class=\"mkdf-post-text-inner\">\n<div class=\"mkdf-post-text-main\">\n<div class=\"mkdf-post-text\">\n<div class=\"mkdf-post-text-inner\">\n<div class=\"mkdf-post-text-main\">\n<div class=\"page-title-head hgroup\">\n<div class=\"page-title-head hgroup\">\n<div class=\"mkdf-post-text\">\n<div class=\"mkdf-post-text-inner\">\n<div class=\"mkdf-post-text-main\">\n<div class=\"mkdf-post-text\">\n<div class=\"mkdf-post-text-inner\">\n<div class=\"mkdf-post-text-main\">\n<div class=\"page-title-head hgroup\">\n<div class=\"page-title-head hgroup\">\n<div class=\"page-title-head hgroup\">\n<div class=\"page-title-head hgroup\">\n<div class=\"b654a4as d2edcug0\">\n<div class=\"page-title-head hgroup\">\n<div class=\"page-title-head hgroup\">\n<div class=\"page-title-head hgroup\">\n<div class=\"page-title-head hgroup\">\n<div class=\"b654a4as d2edcug0\">\n<div class=\"page-title-head hgroup\">\n<div class=\"page-title-head hgroup\">\n<div class=\"page-title-head hgroup\">\n<div class=\"page-title-head hgroup\">\n<div class=\"b654a4as d2edcug0\">\n<div><\/div>\n<div><\/div>\n<div>\n<p><strong>MUSICA ALLA RADIO, IL PROGRAMMA DI LORIS SCUSSEL &#8220;COLLAGE OPERAZIONE NOSTALGIA&#8221; DAL LUNEDI AL VENERDI ALLE 16.00\u00a0 E ALLE 23\u00a0<\/strong><\/p>\n<\/div>\n<\/div>\n<p>&nbsp;<\/p>\n<p>&nbsp;<\/p>\n<div class=\"b654a4as d2edcug0\">\n<p><strong><a class=\"dt-pswp-item\" href=\"https:\/\/www.radiopiu.net\/wordpress\/wp-content\/uploads\/2022\/07\/Marisa-Sannia.jpg\" data-dt-img-description=\"\" data-large_image_width=\"1063\" data-large_image_height=\"1063\"><img loading=\"lazy\" decoding=\"async\" class=\" wp-image-290118 alignleft\" src=\"https:\/\/www.radiopiu.net\/wordpress\/wp-content\/uploads\/2022\/07\/Marisa-Sannia-150x150.jpg\" alt=\"\" width=\"132\" height=\"132\" srcset=\"https:\/\/www.radiopiu.net\/wordpress\/wp-content\/uploads\/2022\/07\/Marisa-Sannia-150x150.jpg 150w, https:\/\/www.radiopiu.net\/wordpress\/wp-content\/uploads\/2022\/07\/Marisa-Sannia-300x300.jpg 300w, https:\/\/www.radiopiu.net\/wordpress\/wp-content\/uploads\/2022\/07\/Marisa-Sannia-1024x1024.jpg 1024w, https:\/\/www.radiopiu.net\/wordpress\/wp-content\/uploads\/2022\/07\/Marisa-Sannia-768x768.jpg 768w, https:\/\/www.radiopiu.net\/wordpress\/wp-content\/uploads\/2022\/07\/Marisa-Sannia.jpg 1063w\" sizes=\"auto, (max-width: 132px) 100vw, 132px\" \/><\/a>di Loris Scussel<\/strong><\/p>\n<p>La programmazione settimanale di Collage si aprir\u00e0 con \u201cBlackbird\u201d dei Beatles per chiudere in bellezza con \u201cBig yellow taxi\u201d di Joni Mitchell nella puntata di venerd\u00ec notte. Il consueto viaggio musicale nella memoria si svilupper\u00e0 attraverso brani come \u201cShe\u2019s a rainbow\u201d, \u201cYou\u2019re so vain\u201d e la consueta selezione di successi italiani pi\u00f9 o meno balneari, proporremo inoltre una puntata speciale dedicata alle voci femminili di casa nostra. Collage va in onda dal luned\u00ec al venerd\u00ec alle 16,00 e alle 23,00 naturalmente su Radio Pi\u00f9.<\/p>\n<\/div>\n<\/div>\n<\/div>\n<\/div>\n<\/div>\n<\/div>\n<\/div>\n<\/div>\n<\/div>\n<\/div>\n<\/div>\n<\/div>\n<\/div>\n<\/div>\n<\/div>\n<\/div>\n<\/div>\n<\/div>\n<\/div>\n<\/div>\n<\/div>\n<\/div>\n<\/div>\n<\/div>\n<\/div>\n<\/div>\n<\/div>\n<\/div>\n<\/div>\n<\/div>\n<\/div>\n<\/div>\n<\/div>\n<\/div>\n<\/div>\n<\/div>\n<\/div>\n<\/div>\n<\/div>\n<\/div>\n<\/div>\n<\/div>\n<\/div>\n<\/div>\n<\/div>\n<\/div>\n<\/div>\n<\/div>\n<\/div>\n<\/div>\n<\/div>\n<\/div>\n<\/div>\n<\/div>\n<\/div>\n<\/div>\n<\/div>\n<\/div>\n<\/div>\n<\/div>\n<\/div>\n<\/div>\n<\/div>\n<\/div>\n<div>\n<div class=\"page-title-head hgroup\">\n<div class=\"page-title-head hgroup\">\n<div class=\"page-title-head hgroup\">\n<div class=\"page-title-head hgroup\">\n<div class=\"b654a4as d2edcug0\">\n<div class=\"page-title-head hgroup\">\n<div class=\"page-title-head hgroup\">\n<div class=\"page-title-head hgroup\">\n<div class=\"page-title-head hgroup\">\n<div class=\"b654a4as d2edcug0\">\n<div class=\"page-title-head hgroup\">\n<div class=\"page-title-head hgroup\">\n<div class=\"page-title-head hgroup\">\n<div class=\"page-title-head hgroup\">\n<div class=\"page-title-head hgroup\">\n<div class=\"page-title-head hgroup\">\n<div class=\"page-title-head hgroup\">\n<div class=\"page-title-head hgroup\">\n<div class=\"page-title-head hgroup\">\n<div class=\"b654a4as d2edcug0\">\n<div class=\"page-title-head hgroup\">\n<div class=\"page-title-head hgroup\">\n<div class=\"page-title-head hgroup\">\n<div class=\"page-title-head hgroup\">\n<div class=\"b654a4as d2edcug0\">\n<div class=\"page-title-head hgroup\">\n<div class=\"page-title-head hgroup\">\n<div class=\"page-title-head hgroup\">\n<div class=\"page-title-head hgroup\">\n<div class=\"page-title-head hgroup\">\n<div class=\"mkdf-post-text\">\n<div class=\"mkdf-post-text-inner\">\n<div class=\"mkdf-post-text-main\">\n<div class=\"mkdf-post-text\">\n<div class=\"mkdf-post-text-inner\">\n<div class=\"mkdf-post-text-main\">\n<div class=\"mkdf-post-text\">\n<div class=\"mkdf-post-text-inner\">\n<div class=\"mkdf-post-text-main\">\n<div class=\"page-title-head hgroup\">\n<div class=\"page-title-head hgroup\">\n<div class=\"mkdf-post-text\">\n<div class=\"mkdf-post-text-inner\">\n<div class=\"mkdf-post-text-main\">\n<div class=\"mkdf-post-text\">\n<div class=\"mkdf-post-text-inner\">\n<div class=\"mkdf-post-text-main\">\n<div class=\"page-title-head hgroup\">\n<div class=\"page-title-head hgroup\">\n<div class=\"page-title-head hgroup\">\n<div class=\"page-title-head hgroup\">\n<div class=\"b654a4as d2edcug0\">\n<div class=\"page-title-head hgroup\">\n<div class=\"page-title-head hgroup\">\n<div class=\"page-title-head hgroup\">\n<div class=\"page-title-head hgroup\">\n<div class=\"b654a4as d2edcug0\">\n<div class=\"page-title-head hgroup\">\n<div class=\"page-title-head hgroup\">\n<div class=\"page-title-head hgroup\">\n<div style=\"text-align: left;\">\n<p>&nbsp;<\/p>\n<\/div>\n<hr \/>\n<p>&nbsp;<\/p>\n<p><a class=\"dt-pswp-item\" href=\"https:\/\/www.radiopiu.net\/wordpress\/wp-content\/uploads\/2018\/09\/WhatsApp-Image-2018-09-20-at-16.04.06.jpeg\" data-dt-img-description=\"\" data-large_image_width=\"800\" data-large_image_height=\"100\"><img loading=\"lazy\" decoding=\"async\" class=\"aligncenter wp-image-61378 size-full\" src=\"https:\/\/www.radiopiu.net\/wordpress\/wp-content\/uploads\/2018\/09\/WhatsApp-Image-2018-09-20-at-16.04.06.jpeg\" alt=\"\" width=\"800\" height=\"100\" srcset=\"https:\/\/www.radiopiu.net\/wordpress\/wp-content\/uploads\/2018\/09\/WhatsApp-Image-2018-09-20-at-16.04.06.jpeg 800w, https:\/\/www.radiopiu.net\/wordpress\/wp-content\/uploads\/2018\/09\/WhatsApp-Image-2018-09-20-at-16.04.06-300x38.jpeg 300w, https:\/\/www.radiopiu.net\/wordpress\/wp-content\/uploads\/2018\/09\/WhatsApp-Image-2018-09-20-at-16.04.06-768x96.jpeg 768w\" sizes=\"auto, (max-width: 800px) 100vw, 800px\" \/><\/a><\/p>\n<p>&nbsp;<\/p>\n<p><center><b>Sabato 6<\/b><\/center><b>Tempo atteso: <\/b>Al mattino lunghi momenti soleggiati con cielo sereno o poco nuvoloso per primi cumuli a ridosso dei rilievi. Poi maggiore nuvolosit\u00e0 pomeridiana per forte attivit\u00e0 cumuliforme, a tratti anche intensa e associata a fenomeni convettivi. L&#8217;andamento termico diurno risentir\u00e0 del minore soleggiamento e dell&#8217;instabilit\u00e0 con attenuazione del caldo.<br \/>\n<b>Precipitazioni: <\/b>Al mattino assenti (0%). Dalle ore centrali in poi crescente probabilit\u00e0 fino ad alta per il passaggio di due linee d&#8217;instabilit\u00e0 con rovesci e temporali (70-80%) sia sulle Dolomiti che sulle Prealpi e la pedemontana. Non escluso fenomeni localmente intensi e grandinigeni. Apporti pluviometri molto variabili: 5-20 mm, localmente fino e oltre i 30-40 mm in caso di temporali forti.<br \/>\n<b>Temperature: <\/b>In generale leggera flessione, con minime alla sera in quota, salvo lieve aumento delle minime nelle valli. Nei settori pi\u00f9 colpiti dall&#8217;instabilit\u00e0, il calo sar\u00e0 anche contenuto. Previste punte di 31\/32\u00b0C nei fondovalle prealpini e di 24\/26\u00b0C a 1000\/1200 m. Su Prealpi a 1500 m: min 16\u00b0C max 19\u00b0C, a 2000 m: min 12\u00b0C max 16\u00b0C; su Dolomiti a 2000 m: min 11\u00b0C max 16\u00b0C, a 3000 m: min 5\u00b0C max 7\u00b0C.<br \/>\n<b>Venti: <\/b>Nelle valli deboli\/moderati a regime di brezza, e non saranno da escludere forti raffiche nelle fasi temporalesche. In quota deboli da sud-ovest, in rotazione da sud-est al pomeriggio\/sera, con qualche rinforzo per l&#8217;instabilit\u00e0, a 5-15 km\/h a 2000 m e 10-25 km\/h a 3000 m.<\/p>\n<hr \/>\n<p><center><b>Domenica 7<\/b><\/center><b>Tempo atteso: <\/b>Tempo da variabile a instabile, con nuvolosit\u00e0 predominante e limitate chance di schiarite. In questo contesto il rischio di rovesci e di temporali potr\u00e0 verificarsi in qualsiasi momento del giorno, anche se la probabilit\u00e0 sar\u00e0 maggiore al pomeriggio. Ambiente termico pi\u00f9 fresco ed uggioso a tutte le quote.<br \/>\n<b>Precipitazioni: <\/b>Gi\u00e0 qua e l\u00e0 al mattino rischio di qualche rovescio o temporale (40-60%). Dalle ore centrali probabilit\u00e0 maggiore (70-80%). si tratter\u00e0 di fenomeni intermittenti e l&#8217;instabilit\u00e0 sar\u00e0 meno spiccata rispetto a sabato. Previsti apporti pluviometrici molto variabili e solo localmente significativi.<br \/>\n<b>Temperature: <\/b>In generale leggera flessione, con minime osservate alla sera in alta quota. Su Prealpi a 1500 m: min 12\u00b0C max 17\u00b0C, a 2000 m: min 11\u00b0C max 13\u00b0C; su Dolomiti a 2000 m: min 10\u00b0C max 14\u00b0C, a 3000 m: min 3\u00b0C max 5\u00b0C.<br \/>\n<b>Venti: <\/b>Nelle valli deboli di direzione variabile, con qualche rinforzo durante le fasi temporalesche. In quota perlopi\u00f9 deboli da sud-ovest nelle prime ore, poi da nord-est, a tratti moderati nelle fasi d&#8217;instabilit\u00e0, a 5-15 km\/h a 2000 m e 5-20 km\/h a 3000 m.<\/p>\n<hr \/>\n<p><center><b>Lunedi 8<\/b><\/center>Nuvolosit\u00e0 irregolare, spesso ancora intensa nella prima parte del giorno e ancora associata a rovesci e temporali sparsi. Nel corso del pomeriggio attenuazione dell&#8217;instabilit\u00e0 e ritorno di rasserenamenti via via pi\u00f9 frequenti. Temperature in ulteriore lieve calo, ma le massime saranno in leggera ripresa nelle valli qualora il sole del pomeriggio tornasse presto. Venti deboli di direzione variabile nelle valli; mentre risulteranno perlopi\u00f9 moderati da nord-est in quota.<\/p>\n<hr \/>\n<p><center><b>Martedi 9<\/b><\/center>Netto miglioramento del tempo con sole e cielo sereno al mattino, poi lieve riduzione del soleggiamento per modesta attivit\u00e0 cumuliforme pomeridiana sulle Dolomiti, localmente anche moderata sulle Prealpi, dove non sar\u00e0 da escludere qualche locale piovasco. Temperature minime in calo e massime in rialzo grazie al buon soleggiamento e all&#8217;avvezione di aria pi\u00f9 calda. Venti a regime di brezza nelle valli; deboli da nord nord-est in quota. Previsore: R.L.Th.<\/p>\n<p>&nbsp;<\/p>\n<hr \/>\n<p>&nbsp;<\/p>\n<p><a href=\"https:\/\/www.radiopiu.net\/wordpress\/giornale-radiopiu-26-settembre-2018-direttore-mirko-mezzacasa\/viabilita-2\/\" rel=\"attachment wp-att-61954\"><img loading=\"lazy\" decoding=\"async\" class=\"aligncenter wp-image-61954 size-full\" src=\"https:\/\/www.radiopiu.net\/wordpress\/wp-content\/uploads\/2018\/09\/viabilita.jpeg\" sizes=\"auto, (max-width: 800px) 100vw, 800px\" srcset=\"https:\/\/www.radiopiu.net\/wordpress\/wp-content\/uploads\/2018\/09\/viabilita.jpeg 800w, https:\/\/www.radiopiu.net\/wordpress\/wp-content\/uploads\/2018\/09\/viabilita-300x38.jpeg 300w, https:\/\/www.radiopiu.net\/wordpress\/wp-content\/uploads\/2018\/09\/viabilita-768x96.jpeg 768w\" alt=\"\" width=\"800\" height=\"100\" \/><\/a><\/p>\n<blockquote>\n<h3><\/h3>\n<h3>GALLERIA DI SEGUSINO CHIUSA PER 4 MESI<\/h3>\n<\/blockquote>\n<p><strong><a class=\"dt-pswp-item\" href=\"https:\/\/www.radiopiu.net\/wordpress\/wp-content\/uploads\/2020\/05\/VENETO-STRADE.png\" data-dt-img-description=\"\" data-large_image_width=\"400\" data-large_image_height=\"400\"><img loading=\"lazy\" decoding=\"async\" class=\" wp-image-135574 alignleft\" src=\"https:\/\/www.radiopiu.net\/wordpress\/wp-content\/uploads\/2020\/05\/VENETO-STRADE-150x150.png\" alt=\"\" width=\"102\" height=\"102\" srcset=\"https:\/\/www.radiopiu.net\/wordpress\/wp-content\/uploads\/2020\/05\/VENETO-STRADE-150x150.png 150w, https:\/\/www.radiopiu.net\/wordpress\/wp-content\/uploads\/2020\/05\/VENETO-STRADE-300x300.png 300w, https:\/\/www.radiopiu.net\/wordpress\/wp-content\/uploads\/2020\/05\/VENETO-STRADE.png 400w\" sizes=\"auto, (max-width: 102px) 100vw, 102px\" \/><\/a><\/strong><\/p>\n<p><strong>SEDICO<\/strong> Veneto Strade comunica che sulla SP 1 Bis &#8220;Madonna del Piave&#8221;, dal 12 luglio e fino al 4 novembre, compresi sabati domeniche e festivi infrasettimanali, un&#8217;interdizione totale al transito per l&#8217;intera tratta della galleria di Segusino in seguito a dei lavori per messa in sicurezza della condotta acquedottistica<\/p>\n<p>&nbsp;<\/p>\n<p>&nbsp;<\/p>\n<blockquote>\n<h3>MODIFICHE ALLA VIABILITA&#8217; A BELLUNO<\/h3>\n<\/blockquote>\n<p><strong>IN CENTRO\u00a0\u00a0<\/strong><span dir=\"ltr\" role=\"presentation\">Dal<\/span><span dir=\"ltr\" role=\"presentation\">le\u00a0 6 del 30 luglio alle 18 del 31 agosto <\/span>\u00a0<span dir=\"ltr\" role=\"presentation\">istituzione del divieto di sosta con rimozione forzata dei veicoli, in<\/span><br role=\"presentation\" \/><span dir=\"ltr\" role=\"presentation\">piazza Mazzini nell\u2019area antistante ai civici da 1 a 5; <\/span>\u00a0<span dir=\"ltr\" role=\"presentation\">istituzione del divieto di sosta con rimozione forzata dei veicoli, in <\/span><span dir=\"ltr\" role=\"presentation\">piazza Mazzini sui due stalli di sosta riservati ai veicoli per residenti <\/span><span dir=\"ltr\" role=\"presentation\">autorizzati<\/span><\/p>\n<p><strong>A LEVEGO<\/strong> Per consentire i lavori di completamento della rotatoria, si rendono necessarie le seguenti modifiche alla viabilita\u0300, nel centro abitato di Levego, nel periodo dal 1\u00b0 agosto al 15 settembre: istituzione del senso unico alternato di circolazione veicolare, regolato da impianto semaforico e, in caso di traffico particolarmente intenso, da idoneo personale, sulla Strada Provinciale 1 \u201cdella Sinistra Piave\u201d; istituzione del limite di velocita\u0300 di 30 km\/h, nonche\u0301 del divieto di sorpasso in corrispondenza dell\u2019area di cantiere.<\/p>\n<p><strong>VIE MATTEOTTI, GARIBALDI E LORETO <\/strong>istituzione del senso unico alternato di circolazione veicolare regolato a vista da idonea segnaletica stradale all\u2019intersezione tra le vie Matteotti, Garibaldi e Loreto in corrispondenza del cantiere, fino alle ore 18.00 del 30 settembre;<\/p>\n<p><strong>VIA FAVERGHERA<\/strong> Per consentire lo svolgimento promozionale di attivita\u0300 motorio-sportiva con pattini, nella giornata di sabato 6 agosto, dalle ore 8.00 alle ore 12.00: istituzione del divieto di sosta con rimozione forzata dei veicoli e del divieto di circolazione<\/p>\n<p><strong>PIAZZA MAZZINI<\/strong> Per consentire l&#8217;esecuzione dei lavori di smontaggio della gru utilizzata nei lavori di recupero edilizio di un fabbricato oggetto di ristrutturazione, si rendono necessarie le seguenti modifiche alla viabilita\u0300, dalle ore 6.00 alle ore 18.00 del 10 agosto: istituzione del senso unico alternato di circolazione veicolare per i soli residenti autorizzati, divieto di sosta con rimozione forzata dei veicoli su tutti gli stalli di piazza Mazzini<\/p>\n<p><strong>VIA FELTRE<\/strong> Per consentire la creazione di un\u2019area di cantiere necessaria al posizionamento di una piattaforma per lavori di manutenzione delle antenne, si rende necessaria l&#8217;istituzione del divieto di sosta con rimozione forzata dei veicoli, in Feltre negli stalli di sosta a pagamento immediatamente a sinistra dell\u2019entrata a ridosso dell\u2019antenna nel parcheggio \u201cex Moi\u201d, dalle ore 8.00 dell&#8217;11 alle ore 18.00 del 12 agosto.<\/p>\n<p>&nbsp;<\/p>\n<p>&nbsp;<\/p>\n<hr \/>\n<p>&nbsp;<\/p>\n<p>&nbsp;<\/p>\n<p><img loading=\"lazy\" decoding=\"async\" class=\"wp-image-60761 size-full aligncenter\" src=\"https:\/\/www.radiopiu.net\/wordpress\/wp-content\/uploads\/2018\/09\/sport.jpg\" alt=\"\" width=\"800\" height=\"100\" srcset=\"https:\/\/www.radiopiu.net\/wordpress\/wp-content\/uploads\/2018\/09\/sport.jpg 800w, https:\/\/www.radiopiu.net\/wordpress\/wp-content\/uploads\/2018\/09\/sport-300x38.jpg 300w, https:\/\/www.radiopiu.net\/wordpress\/wp-content\/uploads\/2018\/09\/sport-768x96.jpg 768w\" sizes=\"auto, (max-width: 800px) 100vw, 800px\" \/><\/p>\n<\/div>\n<\/div>\n<\/div>\n<div class=\"page-title-head hgroup\">\n<div class=\"page-title-head hgroup\">\n<p>&nbsp;<\/p>\n<\/div>\n<\/div>\n<div class=\"page-title-head hgroup\">\n<div class=\"page-title-head hgroup\">\n<div class=\"page-title-head hgroup\">\n<p><span style=\"color: #0000ff;\"><strong>CALCIO<\/strong><\/span><\/p>\n<blockquote>\n<h3>DOMANI A GOSALDO L&#8217;ATTO CONCLUSIVO DEL CAMPIONATO AGORDINO DI CALCIO<\/h3>\n<\/blockquote>\n<p><strong><a class=\"dt-pswp-item\" href=\"https:\/\/www.radiopiu.net\/wordpress\/wp-content\/uploads\/2021\/09\/PALLONE-CALCIO-CSI.jpg\" data-dt-img-description=\"\" data-large_image_width=\"956\" data-large_image_height=\"637\"><img loading=\"lazy\" decoding=\"async\" class=\"size-thumbnail wp-image-233126 alignleft\" src=\"https:\/\/www.radiopiu.net\/wordpress\/wp-content\/uploads\/2021\/09\/PALLONE-CALCIO-CSI-150x150.jpg\" alt=\"\" width=\"150\" height=\"150\" \/><\/a>REDAZIONE<\/strong> Domani sar\u00e0 la giornata conclusiva dell\u2019edizione 2022 del Campionato Agordino di calcio. Teatro dell\u2019evento sar\u00e0 il campo sportivo di Gosaldo, location scelta per le partite finali della stagione. Il Calcio Gosaldo sta organizzando al meglio l\u2019atto conclusivo del Memorial Denis Tonin e del Memorial Gabriele Orzetti, mettendo a disposizione chioschi con cibo e bevande oltre ad altre iniziative per giovani e meno giovani. La giornata avr\u00e0 inizio alle 11 quando sul green sotto la Croda Granda scenderanno in campo gli under 14 di Canale e La Valle per giocarsi la finale 3\u00b0-4\u00b0 posto del campionato giovanile. Nel pomeriggio alle 15 si inizia a fare sul serio con la finalissima del Memorial Gabriele Orzetti tra Taibon e Fodom. Sulla carta i taiboner sono i favoriti della vigilia ma non si deve nascondere che gli orsetti sono in forma e faranno di tutto per portare il trofeo a Livinallongo. Ultima partita in programma alle 17:30 quando ci sar\u00e0 l\u2019atto conclusivo del Memorial Denis Tonin. Sar\u00e0 un derby a decretare la vincete del Campionato Agordino 2022. Di fronte due squadre del Poi, i padroni di casa del Gosaldo e il Voltago campione in carica. Una partita sentita, specialmente dai gosaldini che non vorranno perdere l\u2019occasione di festeggiare in casa il 17\u00b0 scudetto della storia. Il Voltago invece vuole mettere in bacheca il terzo titolo consecutivo. Una partita a scacchi pi\u00f9 che una partita di calcio dove i due allenatori avranno studiato al massimo l\u2019avversario per cercarlo di colpirlo sul punto pi\u00f9 debole. Una sfida che potrebbe essere decisa da un episodio. Radio Pi\u00f9 sar\u00e0 in diretta da Gosaldo per seguire le due finali del pomeriggio con una lunga diretta che porter\u00e0 gli ascoltatori fino a tarda sera quando ci saranno le premiazioni dei due campionati.<\/p>\n<p><strong>IL PROGRAMMA<\/strong> Alle 11 Canale &#8211; La Valle (finale 3\u00b0-4\u00b0 posto giovanile), alle 15 Taibon &#8211; Fodom finalissima Memorial Gabriele Orzetti, alle 17:30 Gosaldo &#8211; Voltago finalissima Memorial Denis Tonin, a seguire le premiazioni<\/p>\n<p>&nbsp;<\/p>\n<h2><span style=\"color: #008000;\"><a class=\"dt-pswp-item\" href=\"https:\/\/www.radiopiu.net\/wordpress\/wp-content\/uploads\/2019\/01\/CALCIO-FALLO.jpeg\" data-dt-img-description=\"\" data-large_image_width=\"1600\" data-large_image_height=\"848\"><img loading=\"lazy\" decoding=\"async\" class=\" wp-image-71538 alignleft\" src=\"https:\/\/www.radiopiu.net\/wordpress\/wp-content\/uploads\/2019\/01\/CALCIO-FALLO-150x150.jpeg\" alt=\"\" width=\"74\" height=\"74\" \/><\/a>SPECIALE CAMPIONATO AGORDINO<\/span><\/h2>\n<p><strong>RIASCOLTA OTTANTESIMO MINUTO &#8211; SETTIMA PUNTATA<\/strong><\/p>\n<audio class=\"wp-audio-shortcode\" id=\"audio-291046-11\" preload=\"none\" style=\"width: 100%;\" controls=\"controls\"><source type=\"audio\/mpeg\" src=\"https:\/\/www.radiopiu.net\/wordpress\/wp-content\/uploads\/2022\/07\/80MIN-3.mp3?_=11\" \/><a href=\"https:\/\/www.radiopiu.net\/wordpress\/wp-content\/uploads\/2022\/07\/80MIN-3.mp3\">https:\/\/www.radiopiu.net\/wordpress\/wp-content\/uploads\/2022\/07\/80MIN-3.mp3<\/a><\/audio>\n<p>&nbsp;<\/p>\n<p><strong>RIASCOLTA CAMPIONATO AGORDINO SHOW &#8211; OTTAVA PUNTATA (LA SINTESI)<\/strong><\/p>\n<audio class=\"wp-audio-shortcode\" id=\"audio-291046-12\" preload=\"none\" style=\"width: 100%;\" controls=\"controls\"><source type=\"audio\/mpeg\" src=\"https:\/\/www.radiopiu.net\/wordpress\/wp-content\/uploads\/2022\/08\/AGOS.mp3?_=12\" \/><a href=\"https:\/\/www.radiopiu.net\/wordpress\/wp-content\/uploads\/2022\/08\/AGOS.mp3\">https:\/\/www.radiopiu.net\/wordpress\/wp-content\/uploads\/2022\/08\/AGOS.mp3<\/a><\/audio>\n<p>&nbsp;<\/p>\n<hr \/>\n<p>&nbsp;<\/p>\n<p><span style=\"color: #0000ff;\"><strong>CORSA CAMPESTRE<\/strong><\/span><\/p>\n<blockquote>\n<h3>LORENZO BUSIN ED EMANUELE BUSIN VINCONO IL GIRO DE LE BURELE. SIMONETTA SELLE E SARA CAVALLET NEL FEMMINILE<\/h3>\n<\/blockquote>\n<p><strong>LA VALLE<\/strong> Lo si pu\u00f2 definire un vero e proprio successo il Giro De Le Burele 2022. La corsa campestre organizzata dallo Sci Club La Valle ha visto partire ben 140 coppie dagli impianti sportivi di Conaggia. Una festa di sport nel giorno del La Madona de La Neif che ha visto dominare la gara Lorenzo Busin ed Emanele Busin che hanno vinto sul percorso di 5,5 km con il tempo di 19&#8217;42&#8221;. Al secondo posto Matteo e Valentino Costa, terzo gradino del podio per Cesare Friz e Gabriele De Nard. In ambito femminile la vittoria \u00e8 andata alla coppia formata da Simonetta Selle e Sara Cavallet che hanno chiuso con il tempo di 23&#8217;49&#8221;. Alessandra Da Ronch e Martina Scola al secondo posto e Martina e Michela Balzan al terzo. Nella categoria ragazzi, gara di 4 km, vittoria per Diego De Bortolis e Davide Capra e nel femminile hanno dominato Caterina Milani e Arianna Micheluzzi. Spazio anche ai pi\u00f9 giovani con la gara di 2,5 km. Nel maschile vittoria per Manuel Dalle feste e Mattia Canali, nel femminile Mari Sole Bortot e Sofia Perini<\/p>\n<p><strong>CLASSIFICA ADULTI <a href=\"https:\/\/www.radiopiu.net\/wordpress\/wp-content\/uploads\/2022\/08\/BURELE-ADULTI.pdf\">CLICCA QUI<\/a><\/strong><\/p>\n<p><strong>CLASSIFICA RAGAZZI <a href=\"https:\/\/www.radiopiu.net\/wordpress\/wp-content\/uploads\/2022\/08\/BURELE-RAGAZZI.pdf\">CLICCA QUI<\/a><\/strong><\/p>\n<p><strong>CLASSIFICA GIOVANI <a href=\"https:\/\/www.radiopiu.net\/wordpress\/wp-content\/uploads\/2022\/08\/BURELE-GIOVANI.pdf\">CLICCA QUI<\/a><\/strong><\/p>\n\n\t\t\t<style type='text\/css'>\n\t\t\t\t#gallery-9 {\n\t\t\t\t\tmargin: auto;\n\t\t\t\t}\n\t\t\t\t#gallery-9 .gallery-item {\n\t\t\t\t\tfloat: left;\n\t\t\t\t\tmargin-top: 10px;\n\t\t\t\t\ttext-align: center;\n\t\t\t\t\twidth: 25%;\n\t\t\t\t}\n\t\t\t\t#gallery-9 img {\n\t\t\t\t\tborder: 2px solid #cfcfcf;\n\t\t\t\t}\n\t\t\t\t#gallery-9 .gallery-caption {\n\t\t\t\t\tmargin-left: 0;\n\t\t\t\t}\n\t\t\t\t\/* see gallery_shortcode() in wp-includes\/media.php *\/\n\t\t\t<\/style>\n\t\t<div id='gallery-9' class='dt-gallery-container gallery galleryid-291046 gallery-columns-4 gallery-size-thumbnail'><dl class='gallery-item'>\n\t\t\t\t<dt class='gallery-icon landscape'>\n\t\t\t\t\t<a class=\"rollover rollover-zoom dt-pswp-item\" title=\"02099f6a-ed3c-4d24-82e2-4e94a216578e\" data-dt-img-description=\"\" data-large_image_width=\"1024\" data-large_image_height=\"768\"href='https:\/\/www.radiopiu.net\/wordpress\/wp-content\/uploads\/2022\/08\/02099f6a-ed3c-4d24-82e2-4e94a216578e.jpg'><img loading=\"lazy\" decoding=\"async\" width=\"150\" height=\"150\" src=\"https:\/\/www.radiopiu.net\/wordpress\/wp-content\/uploads\/2022\/08\/02099f6a-ed3c-4d24-82e2-4e94a216578e-150x150.jpg\" class=\"attachment-thumbnail size-thumbnail\" alt=\"\" \/><\/a>\n\t\t\t\t<\/dt><\/dl><dl class='gallery-item'>\n\t\t\t\t<dt class='gallery-icon landscape'>\n\t\t\t\t\t<a class=\"rollover rollover-zoom dt-pswp-item\" title=\"2255ba06-543b-49e6-b23e-377f92535a7a\" data-dt-img-description=\"\" data-large_image_width=\"1024\" data-large_image_height=\"768\"href='https:\/\/www.radiopiu.net\/wordpress\/wp-content\/uploads\/2022\/08\/2255ba06-543b-49e6-b23e-377f92535a7a.jpg'><img loading=\"lazy\" decoding=\"async\" width=\"150\" height=\"150\" src=\"https:\/\/www.radiopiu.net\/wordpress\/wp-content\/uploads\/2022\/08\/2255ba06-543b-49e6-b23e-377f92535a7a-150x150.jpg\" class=\"attachment-thumbnail size-thumbnail\" alt=\"\" \/><\/a>\n\t\t\t\t<\/dt><\/dl><dl class='gallery-item'>\n\t\t\t\t<dt class='gallery-icon landscape'>\n\t\t\t\t\t<a class=\"rollover rollover-zoom dt-pswp-item\" title=\"0bad7e4f-3d79-4c86-8d0c-fc136bcedf1a\" data-dt-img-description=\"\" data-large_image_width=\"1024\" data-large_image_height=\"768\"href='https:\/\/www.radiopiu.net\/wordpress\/wp-content\/uploads\/2022\/08\/0bad7e4f-3d79-4c86-8d0c-fc136bcedf1a.jpg'><img loading=\"lazy\" decoding=\"async\" width=\"150\" height=\"150\" src=\"https:\/\/www.radiopiu.net\/wordpress\/wp-content\/uploads\/2022\/08\/0bad7e4f-3d79-4c86-8d0c-fc136bcedf1a-150x150.jpg\" class=\"attachment-thumbnail size-thumbnail\" alt=\"\" \/><\/a>\n\t\t\t\t<\/dt><\/dl><dl class='gallery-item'>\n\t\t\t\t<dt class='gallery-icon landscape'>\n\t\t\t\t\t<a class=\"rollover rollover-zoom dt-pswp-item\" title=\"164df85e-2fe5-4e18-978c-e3e9f8e19834\" data-dt-img-description=\"\" data-large_image_width=\"1024\" data-large_image_height=\"768\"href='https:\/\/www.radiopiu.net\/wordpress\/wp-content\/uploads\/2022\/08\/164df85e-2fe5-4e18-978c-e3e9f8e19834.jpg'><img loading=\"lazy\" decoding=\"async\" width=\"150\" height=\"150\" src=\"https:\/\/www.radiopiu.net\/wordpress\/wp-content\/uploads\/2022\/08\/164df85e-2fe5-4e18-978c-e3e9f8e19834-150x150.jpg\" class=\"attachment-thumbnail size-thumbnail\" alt=\"\" \/><\/a>\n\t\t\t\t<\/dt><\/dl><br style=\"clear: both\" \/>\n\t\t\t<\/div>\n\n<p>&nbsp;<\/p>\n<hr \/>\n<p>&nbsp;<\/p>\n<p><span style=\"color: #0000ff;\"><strong>PALLAVOLO<\/strong><\/span><\/p>\n<blockquote>\n<h3>PER CANDEAGO E&#8217; L&#8217;ANNO DELLA RINASCITA<\/h3>\n<\/blockquote>\n<p><strong><a class=\"dt-pswp-item\" href=\"https:\/\/www.radiopiu.net\/wordpress\/wp-content\/uploads\/2022\/08\/Il_ritorno_di_Giovanni_Candeago.jpg\" data-dt-img-description=\"\" data-large_image_width=\"1040\" data-large_image_height=\"1110\"><img loading=\"lazy\" decoding=\"async\" class=\"size-thumbnail wp-image-291125 alignright\" src=\"https:\/\/www.radiopiu.net\/wordpress\/wp-content\/uploads\/2022\/08\/Il_ritorno_di_Giovanni_Candeago-150x150.jpg\" alt=\"\" width=\"150\" height=\"150\" \/><\/a>BELLUNO<\/strong> Parafrasando Gomorra, \u00e8 pronto a \u00abripigliarsi tutto quello che \u00e8 suo\u00bb. Ovvero, il campo, l\u2019adrenalina della partita, la gioia di un punto realizzato, la soddisfazione di una ricezione eseguita in modo impeccabile e &#8211; perch\u00e9 no &#8211; anche l\u2019amarezza per un errore o una sconfitta. Insomma, quegli sprazzi di normalit\u00e0 pallavolistica che, nella scorsa annata, Giovanni Candeago ha vissuto per poco tempo. Appena due mesi. Poi, a fine novembre, l\u2019infortunio alla caviglia contro Savigliano \u00e8 stato il preludio a un susseguirsi di contrattempi e problemi. Fino alla rottura parziale del gran pettorale destro.<span class=\"gmail-Apple-converted-space\">\u00a0<\/span>Non a caso, lo schiacciatore col numero 4 sulla schiena \u00e8 confermatissimo in rosa. Numero 4? Alt, c\u2019\u00e8 una novit\u00e0, come rivela proprio Giovanni: \u00ab<em>S\u00ec, ho deciso di cambiare. Lascio il 4 per prendere l\u20191: il numero che avevo pure a Trebaseleghe e a Bolzano<\/em>\u00bb.<span class=\"gmail-Apple-converted-space\"> \u00ab<em>Prima dell\u2019infortunio, il parquet ha detto che avevo le carte in regola per disputare un campionato di livello. Carte che ora vorrei giocarmi<\/em>\u00bb. Anche se la concorrenza in gruppo \u00e8 cresciuta: \u00ab<em>Meglio cos\u00ec, \u00e8 pi\u00f9 stimolante. E l\u2019intensit\u00e0 degli allenamenti si alzer\u00e0 ulteriormente. Partiamo da una buona base: la squadra \u00e8 attrezzata e le prospettive sono molto interessanti<\/em>\u00bb.<\/span><\/p>\n<p>&nbsp;<\/p>\n<blockquote>\n<h3>SETTE CONFERME ALLA PALLAVOLO BELLUNO FEMMINILE<\/h3>\n<\/blockquote>\n<p><strong><a class=\"dt-pswp-item\" href=\"https:\/\/www.radiopiu.net\/wordpress\/wp-content\/uploads\/2022\/08\/Martina_Fantinel_al_servizio.jpg\" data-dt-img-description=\"\" data-large_image_width=\"875\" data-large_image_height=\"836\"><img loading=\"lazy\" decoding=\"async\" class=\"size-thumbnail wp-image-291099 alignleft\" src=\"https:\/\/www.radiopiu.net\/wordpress\/wp-content\/uploads\/2022\/08\/Martina_Fantinel_al_servizio-150x150.jpg\" alt=\"\" width=\"150\" height=\"150\" \/><\/a>BELLUNO <\/strong>La Pallavolo Belluno riparte dalle conferme: sono sette, una pi\u00f9 preziosa dell\u2019altra.<span class=\"gmail-Apple-converted-space\"> \u00a0<\/span>A cominciare da Martina Fantinel: la capitana di mille sfide sui palcoscenici di profilo nazionale \u00e8 ormai legata a doppio filo alla societ\u00e0 del capoluogo, presieduta da Giancarlo Ingrosso. Fantinel, infatti, ha deciso di prolungare la sua avventura al De Mas e di guidare le giovani compagne anche in un campionato di respiro regionale come quello di serie C.<span class=\"gmail-Apple-converted-space\"> \u00a0<\/span>In tema di conferme hanno voce in capitolo pure Dana D\u2019Isep, in cabina di regia, Sara Ingrosso in qualit\u00e0 di libero, Letizia Buzzatti e Giulia Zambon in banda, Miriana Casagrande ad agire da opposto ed Elena Zago al centro.<span class=\"gmail-Apple-converted-space\"> \u00a0<\/span>Un buonissima base di partenza, quindi, per coach Paolo Viel e il resto dello staff. In questo senso la dirigenza si \u00e8 attivata fin da subito per allestire un organico finalizzato a riportare in alto la Pallavolo Belluno femminile.<span class=\"gmail-Apple-converted-space\"> \u00a0<\/span>Tanto \u00e8 vero che, dopo queste sette conferme, sono all\u2019orizzonte diverse novit\u00e0 in organico. Il roster \u00e8 pronto, manca solo l\u2019ufficialit\u00e0 delle ultime operazioni.<\/p>\n<\/div>\n<\/div>\n<\/div>\n<\/div>\n<\/div>\n<\/div>\n<\/div>\n<\/div>\n<\/div>\n<\/div>\n<\/div>\n<\/div>\n<\/div>\n<\/div>\n<\/div>\n<\/div>\n<\/div>\n<\/div>\n<\/div>\n<\/div>\n<\/div>\n<\/div>\n<\/div>\n<\/div>\n<\/div>\n<\/div>\n<\/div>\n<\/div>\n<\/div>\n<\/div>\n<\/div>\n<\/div>\n<\/div>\n<\/div>\n<\/div>\n<\/div>\n<\/div>\n<\/div>\n<\/div>\n<\/div>\n<\/div>\n<\/div>\n<\/div>\n<\/div>\n<\/div>\n<\/div>\n<\/div>\n<\/div>\n<\/div>\n<\/div>\n<\/div>\n<\/div>\n<\/div>\n<\/div>\n<\/div>\n<\/div>\n<\/div>\n<\/div>\n<\/div>\n<\/div>\n<\/div>\n<\/div>\n<\/div>\n<\/div>\n<\/div>\n<\/div>\n<\/div>\n<\/div>\n<\/div>\n<\/div>\n<\/div>\n<\/div>\n<\/div>\n<\/div>\n<\/div>\n<\/div>\n<\/div>\n<\/div>\n<\/div>\n<\/div>\n<\/div>\n<\/div>\n<\/div>\n<\/div>\n<\/div>\n<\/div>\n<\/div>\n<\/div>\n<\/div>\n<\/div>\n<\/div>\n<\/div>\n<\/div>\n<\/div>\n<\/div>\n<\/div>\n<\/div>\n<\/div>\n<\/div>\n<\/div>\n<\/div>\n<\/div>\n<\/div>\n<\/div>\n","protected":false},"excerpt":{"rendered":"<p>RADIO PIU INFORMAZIONE il canale su TELEGRAM informazione di prima\u00a0 mano e in tempo reale. iscriviti ed aiutaci a farlo conoscere\u00a0 \u00a0 &nbsp; &nbsp; &nbsp; FRONTALE AD AVOSCAN DI SAN TOMASO SAN TOMASO Scontro frontale tra due Fiat Panda stamane alle 5.30 lungo la 203 agordina ad Avoscan di San Tomaso. Nell&#8217;incidente ha avuto la&hellip;<\/p>\n","protected":false},"author":4,"featured_media":291245,"comment_status":"closed","ping_status":"closed","sticky":false,"template":"","format":"standard","meta":{"_monsterinsights_skip_tracking":false,"_monsterinsights_sitenote_active":false,"_monsterinsights_sitenote_note":"","_monsterinsights_sitenote_category":0,"footnotes":""},"categories":[51,86,49],"tags":[],"class_list":["post-291046","post","type-post","status-publish","format-standard","has-post-thumbnail","hentry","category-evidenza-top","category-gr","category-news-18","category-51","category-86","category-49","description-off"],"img_url":"https:\/\/www.radiopiu.net\/wordpress\/wp-content\/uploads\/2022\/08\/8194e9f7-b9f4-4b24-b74d-e438860d1fef.jpg","_links":{"self":[{"href":"https:\/\/www.radiopiu.net\/wordpress\/wp-json\/wp\/v2\/posts\/291046","targetHints":{"allow":["GET"]}}],"collection":[{"href":"https:\/\/www.radiopiu.net\/wordpress\/wp-json\/wp\/v2\/posts"}],"about":[{"href":"https:\/\/www.radiopiu.net\/wordpress\/wp-json\/wp\/v2\/types\/post"}],"author":[{"embeddable":true,"href":"https:\/\/www.radiopiu.net\/wordpress\/wp-json\/wp\/v2\/users\/4"}],"replies":[{"embeddable":true,"href":"https:\/\/www.radiopiu.net\/wordpress\/wp-json\/wp\/v2\/comments?post=291046"}],"version-history":[{"count":0,"href":"https:\/\/www.radiopiu.net\/wordpress\/wp-json\/wp\/v2\/posts\/291046\/revisions"}],"wp:featuredmedia":[{"embeddable":true,"href":"https:\/\/www.radiopiu.net\/wordpress\/wp-json\/wp\/v2\/media\/291245"}],"wp:attachment":[{"href":"https:\/\/www.radiopiu.net\/wordpress\/wp-json\/wp\/v2\/media?parent=291046"}],"wp:term":[{"taxonomy":"category","embeddable":true,"href":"https:\/\/www.radiopiu.net\/wordpress\/wp-json\/wp\/v2\/categories?post=291046"},{"taxonomy":"post_tag","embeddable":true,"href":"https:\/\/www.radiopiu.net\/wordpress\/wp-json\/wp\/v2\/tags?post=291046"}],"curies":[{"name":"wp","href":"https:\/\/api.w.org\/{rel}","templated":true}]}}