{"id":291070,"date":"2022-08-05T05:47:21","date_gmt":"2022-08-05T03:47:21","guid":{"rendered":"https:\/\/www.radiopiu.net\/wordpress\/?p=291070"},"modified":"2022-08-05T07:51:25","modified_gmt":"2022-08-05T05:51:25","slug":"oggi-il-giro-de-le-burele-la-storia-di-william-da-roit","status":"publish","type":"post","link":"https:\/\/www.radiopiu.net\/wordpress\/oggi-il-giro-de-le-burele-la-storia-di-william-da-roit\/","title":{"rendered":"OGGI IL GIRO DE LE BURELE, LA STORIA: DI WILLIAM DA ROIT"},"content":{"rendered":"<p>LA VALLE Giorno di festa a La Valle Agordina con la Madona de la Neif, tra i tanti e brillanti eventi della proloco e associazioni locali anche la corsa podistica EL GIRO DE LE BURELE<\/p>\n<p>Nell\u2019estate del 1980 i corridori dello Sci Club La Valle corrono la prima edizione della Transcivetta, finita la gara Ovidio Da Roit disse: e se la fon anca a La Val na gara a Coppie? Nasce cos\u00ec il Giro per le Burele!\u00a0 Oggi Giro dele Burele. I festeggiamenti dell\u2019estate lavallese all\u2019epoca erano in calendario a ferragosto sulla piazza della chiesa, poi dopo qualche anno s\u00ec spostarono alle scuole elementari per poi avere come sede fissa il campo sportivo di Conaggia. La gara \u00e8 sempre stata organizzata da Sci Club, Pro Loco e comune. Dalla prima edizione il Pino Sorz \u00e8 stato lo speaker ufficiale\u2026 qui sono passati di corsa tutti i pi\u00f9 forti sportivi Agordini e bellunesi. accompagnati da corridori provenienti da ogni parte del mondo con un pezzo della loro storia e del loro cuore a La Valle.<\/p>\n<p><a class=\"dt-pswp-item\" href=\"https:\/\/www.radiopiu.net\/wordpress\/wp-content\/uploads\/2022\/08\/f01ef5b2-f2a5-4376-8417-96eaf71821a5.jpg\" data-dt-img-description=\"\" data-large_image_width=\"1194\" data-large_image_height=\"1600\"><img loading=\"lazy\" decoding=\"async\" class=\"wp-image-291071  aligncenter\" src=\"https:\/\/www.radiopiu.net\/wordpress\/wp-content\/uploads\/2022\/08\/f01ef5b2-f2a5-4376-8417-96eaf71821a5-764x1024.jpg\" alt=\"\" width=\"310\" height=\"415\" srcset=\"https:\/\/www.radiopiu.net\/wordpress\/wp-content\/uploads\/2022\/08\/f01ef5b2-f2a5-4376-8417-96eaf71821a5-764x1024.jpg 764w, https:\/\/www.radiopiu.net\/wordpress\/wp-content\/uploads\/2022\/08\/f01ef5b2-f2a5-4376-8417-96eaf71821a5-224x300.jpg 224w, https:\/\/www.radiopiu.net\/wordpress\/wp-content\/uploads\/2022\/08\/f01ef5b2-f2a5-4376-8417-96eaf71821a5-768x1029.jpg 768w, https:\/\/www.radiopiu.net\/wordpress\/wp-content\/uploads\/2022\/08\/f01ef5b2-f2a5-4376-8417-96eaf71821a5-1146x1536.jpg 1146w, https:\/\/www.radiopiu.net\/wordpress\/wp-content\/uploads\/2022\/08\/f01ef5b2-f2a5-4376-8417-96eaf71821a5.jpg 1194w\" sizes=\"auto, (max-width: 310px) 100vw, 310px\" \/><\/a><\/p>\n<blockquote>\n<blockquote>\n<h3>MADONA DE LA NEIF, LA SAGRA A LA VALLE AGORDINA: IL PROGRAMMA<\/h3>\n<\/blockquote>\n<p><strong>LA VALLE<\/strong><\/p><\/blockquote>\n<p><strong>ALLA RADIO\u00a0<\/strong><\/p>\n<blockquote><audio class=\"wp-audio-shortcode\" id=\"audio-291070-1\" preload=\"none\" style=\"width: 100%;\" controls=\"controls\"><source type=\"audio\/mpeg\" src=\"https:\/\/www.radiopiu.net\/wordpress\/wp-content\/uploads\/2022\/07\/SPOT-MADONA-DE-LA-NEIF.mp3?_=1\" \/><a href=\"https:\/\/www.radiopiu.net\/wordpress\/wp-content\/uploads\/2022\/07\/SPOT-MADONA-DE-LA-NEIF.mp3\">https:\/\/www.radiopiu.net\/wordpress\/wp-content\/uploads\/2022\/07\/SPOT-MADONA-DE-LA-NEIF.mp3<\/a><\/audio>\n<p>&nbsp;<\/p>\n\n\t\t\t<style type='text\/css'>\n\t\t\t\t#gallery-1 {\n\t\t\t\t\tmargin: auto;\n\t\t\t\t}\n\t\t\t\t#gallery-1 .gallery-item {\n\t\t\t\t\tfloat: left;\n\t\t\t\t\tmargin-top: 10px;\n\t\t\t\t\ttext-align: center;\n\t\t\t\t\twidth: 33%;\n\t\t\t\t}\n\t\t\t\t#gallery-1 img {\n\t\t\t\t\tborder: 2px solid #cfcfcf;\n\t\t\t\t}\n\t\t\t\t#gallery-1 .gallery-caption {\n\t\t\t\t\tmargin-left: 0;\n\t\t\t\t}\n\t\t\t\t\/* see gallery_shortcode() in wp-includes\/media.php *\/\n\t\t\t<\/style>\n\t\t<div id='gallery-1' class='dt-gallery-container gallery galleryid-291070 gallery-columns-3 gallery-size-thumbnail'><dl class='gallery-item'>\n\t\t\t\t<dt class='gallery-icon portrait'>\n\t\t\t\t\t<a class=\"rollover rollover-zoom dt-pswp-item\" title=\"530a2d72-bda3-7461-e542-59cf0ee1053c\" data-dt-img-description=\"\" data-large_image_width=\"1730\" data-large_image_height=\"2423\"href='https:\/\/www.radiopiu.net\/wordpress\/wp-content\/uploads\/2022\/07\/530a2d72-bda3-7461-e542-59cf0ee1053c.jpg'><img loading=\"lazy\" decoding=\"async\" width=\"150\" height=\"150\" src=\"https:\/\/www.radiopiu.net\/wordpress\/wp-content\/uploads\/2022\/07\/530a2d72-bda3-7461-e542-59cf0ee1053c-150x150.jpg\" class=\"attachment-thumbnail size-thumbnail\" alt=\"\" \/><\/a>\n\t\t\t\t<\/dt><\/dl><dl class='gallery-item'>\n\t\t\t\t<dt class='gallery-icon portrait'>\n\t\t\t\t\t<a class=\"rollover rollover-zoom dt-pswp-item\" title=\"38dcef37-7bbc-4024-ebb0-6a6882717ada\" data-dt-img-description=\"\" data-large_image_width=\"1811\" data-large_image_height=\"2560\"href='https:\/\/www.radiopiu.net\/wordpress\/wp-content\/uploads\/2022\/07\/38dcef37-7bbc-4024-ebb0-6a6882717ada-scaled.jpg'><img loading=\"lazy\" decoding=\"async\" width=\"150\" height=\"150\" src=\"https:\/\/www.radiopiu.net\/wordpress\/wp-content\/uploads\/2022\/07\/38dcef37-7bbc-4024-ebb0-6a6882717ada-150x150.jpg\" class=\"attachment-thumbnail size-thumbnail\" alt=\"\" \/><\/a>\n\t\t\t\t<\/dt><\/dl><dl class='gallery-item'>\n\t\t\t\t<dt class='gallery-icon portrait'>\n\t\t\t\t\t<a class=\"rollover rollover-zoom dt-pswp-item\" title=\"4935b63e-fab3-2b11-4f4a-803c2ec51972\" data-dt-img-description=\"\" data-large_image_width=\"1811\" data-large_image_height=\"2560\"href='https:\/\/www.radiopiu.net\/wordpress\/wp-content\/uploads\/2022\/07\/4935b63e-fab3-2b11-4f4a-803c2ec51972-scaled.jpg'><img loading=\"lazy\" decoding=\"async\" width=\"150\" height=\"150\" src=\"https:\/\/www.radiopiu.net\/wordpress\/wp-content\/uploads\/2022\/07\/4935b63e-fab3-2b11-4f4a-803c2ec51972-150x150.jpg\" class=\"attachment-thumbnail size-thumbnail\" alt=\"\" \/><\/a>\n\t\t\t\t<\/dt><\/dl><br style=\"clear: both\" \/>\n\t\t\t<\/div>\n<\/blockquote>\n<p>&nbsp;<\/p>\n<p>&nbsp;<\/p>\n","protected":false},"excerpt":{"rendered":"<p>LA VALLE Giorno di festa a La Valle Agordina con la Madona de la Neif, tra i tanti e brillanti eventi della proloco e associazioni locali anche la corsa podistica EL GIRO DE LE BURELE Nell\u2019estate del 1980 i corridori dello Sci Club La Valle corrono la prima edizione della Transcivetta, finita la gara Ovidio&hellip;<\/p>\n","protected":false},"author":4,"featured_media":291071,"comment_status":"closed","ping_status":"closed","sticky":false,"template":"","format":"standard","meta":{"_monsterinsights_skip_tracking":false,"_monsterinsights_sitenote_active":false,"_monsterinsights_sitenote_note":"","_monsterinsights_sitenote_category":0,"footnotes":""},"categories":[49],"tags":[],"class_list":["post-291070","post","type-post","status-publish","format-standard","has-post-thumbnail","hentry","category-news-18","category-49","description-off"],"img_url":"https:\/\/www.radiopiu.net\/wordpress\/wp-content\/uploads\/2022\/08\/f01ef5b2-f2a5-4376-8417-96eaf71821a5.jpg","_links":{"self":[{"href":"https:\/\/www.radiopiu.net\/wordpress\/wp-json\/wp\/v2\/posts\/291070","targetHints":{"allow":["GET"]}}],"collection":[{"href":"https:\/\/www.radiopiu.net\/wordpress\/wp-json\/wp\/v2\/posts"}],"about":[{"href":"https:\/\/www.radiopiu.net\/wordpress\/wp-json\/wp\/v2\/types\/post"}],"author":[{"embeddable":true,"href":"https:\/\/www.radiopiu.net\/wordpress\/wp-json\/wp\/v2\/users\/4"}],"replies":[{"embeddable":true,"href":"https:\/\/www.radiopiu.net\/wordpress\/wp-json\/wp\/v2\/comments?post=291070"}],"version-history":[{"count":0,"href":"https:\/\/www.radiopiu.net\/wordpress\/wp-json\/wp\/v2\/posts\/291070\/revisions"}],"wp:featuredmedia":[{"embeddable":true,"href":"https:\/\/www.radiopiu.net\/wordpress\/wp-json\/wp\/v2\/media\/291071"}],"wp:attachment":[{"href":"https:\/\/www.radiopiu.net\/wordpress\/wp-json\/wp\/v2\/media?parent=291070"}],"wp:term":[{"taxonomy":"category","embeddable":true,"href":"https:\/\/www.radiopiu.net\/wordpress\/wp-json\/wp\/v2\/categories?post=291070"},{"taxonomy":"post_tag","embeddable":true,"href":"https:\/\/www.radiopiu.net\/wordpress\/wp-json\/wp\/v2\/tags?post=291070"}],"curies":[{"name":"wp","href":"https:\/\/api.w.org\/{rel}","templated":true}]}}