{"id":291104,"date":"2022-08-05T11:06:23","date_gmt":"2022-08-05T09:06:23","guid":{"rendered":"https:\/\/www.radiopiu.net\/wordpress\/?p=291104"},"modified":"2022-08-05T11:06:23","modified_gmt":"2022-08-05T09:06:23","slug":"sport-arte-cultura-fede-gli-eventi-di-agosto-in-marmolada-restiamo-aperti-in-sicurezza","status":"publish","type":"post","link":"https:\/\/www.radiopiu.net\/wordpress\/sport-arte-cultura-fede-gli-eventi-di-agosto-in-marmolada-restiamo-aperti-in-sicurezza\/","title":{"rendered":"SPORT, ARTE, CULTURA, FEDE. GLI EVENTI DI AGOSTO IN MARMOLADA: \u201cRESTIAMO APERTI IN SICUREZZA\u201d"},"content":{"rendered":"<p><strong><a class=\"dt-pswp-item\" href=\"https:\/\/www.radiopiu.net\/wordpress\/wp-content\/uploads\/2022\/08\/20210806_082029-scaled.jpg\" data-dt-img-description=\"\" data-large_image_width=\"2560\" data-large_image_height=\"1440\"><img loading=\"lazy\" decoding=\"async\" class=\"alignleft wp-image-291105 \" src=\"https:\/\/www.radiopiu.net\/wordpress\/wp-content\/uploads\/2022\/08\/20210806_082029-300x169.jpg\" alt=\"\" width=\"202\" height=\"114\" srcset=\"https:\/\/www.radiopiu.net\/wordpress\/wp-content\/uploads\/2022\/08\/20210806_082029-300x169.jpg 300w, https:\/\/www.radiopiu.net\/wordpress\/wp-content\/uploads\/2022\/08\/20210806_082029-1024x576.jpg 1024w, https:\/\/www.radiopiu.net\/wordpress\/wp-content\/uploads\/2022\/08\/20210806_082029-768x432.jpg 768w, https:\/\/www.radiopiu.net\/wordpress\/wp-content\/uploads\/2022\/08\/20210806_082029-1536x864.jpg 1536w, https:\/\/www.radiopiu.net\/wordpress\/wp-content\/uploads\/2022\/08\/20210806_082029-2048x1152.jpg 2048w\" sizes=\"auto, (max-width: 202px) 100vw, 202px\" \/><\/a>ROCCA PIETORE <\/strong>Sport, arte, storia, spiritualit\u00e0. \u00c8 un agosto ricco di iniziative quello in programma sulla Regina delle Dolomiti, dove \u2013 accanto alle Funivie \u2013 resteranno aperti a Serauta (2.950 m) il Museo della Grande Guerra, le escursioni all\u2019aperto delle trincee della prima guerra mondiale e a Punta Rocca (3265), la Terrazza panoramica a 3.265 metri con vista su tutti i nove sistemi delle Dolomiti Patrimonio Unesco e la grotta della Madonna, con la statua consacrata da Papa Giovanni Paolo II nel 1979. Sar\u00e0 sempre visitabile \u2013 e questo fino al 18 settembre a Serauta \u2013 la mostra \u201cFormiche in Marmolada\u201d con protagoniste le iconiche \u201cFormiche\u201d di Fabio Vettori. Paesaggi e proposte unici ai quali si aggiunge una serie di eventi e iniziative. Ritorna infatti &#8211; dopo il successo delle precedenti edizioni \u2013 lo \u201cYoga sulla Regina\u201d, che si terr\u00e0 ogni venerd\u00ec del mese con insegnanti professionisti, mentre gli amanti degli apr\u00e8s-Ski invernali potranno vivere l\u2019esperienza di un vero e proprio \u201capr\u00e8s-trekking\u201d con chiusura ritardata del bar Funivia a Malga Ciapela il 13 e 20 agosto. Sabato 6 agosto salir\u00e0 sul massiccio un gruppo di rievocatori storici che racconter\u00e0 la vita e le gesta dei soldati che qui vissero negli anni della Grande Guerra. Un tuffo nel passato, che per\u00f2 \u00e8 possibile tutti i giorni nel Museo grazie alle visite gratuite con guida specializzata, un servizio che ritorna \u2013 previa prenotazione &#8211; dopo i due anni di stop causati dalla pandemia. L\u201911 agosto, nell\u2019ambito della mostra \u201cFormiche in Marmolada\u201d, si terr\u00e0 una giornata di scultura dal vivo con il maestro Egidio Petri, che realizzer\u00e0 un\u2019opera proprio dedicata alla Marmolada, Regina delle Dolomiti. Torna poi anche la santa messa del 26 agosto per ricordare la visita di Papa Giovanni Paolo II del 1979. Il Papa quell\u2019anno sal\u00ec in quota per rendere omaggio ai luoghi natali di Papa Giovanni Paolo I consacrando anche una statua, la statua della Madonna Regina delle Dolomiti, che ancora oggi \u00e8 conservata a Punta Rocca in una grotta. <a class=\"dt-pswp-item\" href=\"https:\/\/www.radiopiu.net\/wordpress\/wp-content\/uploads\/2022\/08\/IMG-20210731-WA0004.jpg\" data-dt-img-description=\"\" data-large_image_width=\"1416\" data-large_image_height=\"688\"><img loading=\"lazy\" decoding=\"async\" class=\"alignright wp-image-291106 \" src=\"https:\/\/www.radiopiu.net\/wordpress\/wp-content\/uploads\/2022\/08\/IMG-20210731-WA0004-300x146.jpg\" alt=\"\" width=\"251\" height=\"122\" srcset=\"https:\/\/www.radiopiu.net\/wordpress\/wp-content\/uploads\/2022\/08\/IMG-20210731-WA0004-300x146.jpg 300w, https:\/\/www.radiopiu.net\/wordpress\/wp-content\/uploads\/2022\/08\/IMG-20210731-WA0004-1024x498.jpg 1024w, https:\/\/www.radiopiu.net\/wordpress\/wp-content\/uploads\/2022\/08\/IMG-20210731-WA0004-768x373.jpg 768w, https:\/\/www.radiopiu.net\/wordpress\/wp-content\/uploads\/2022\/08\/IMG-20210731-WA0004.jpg 1416w\" sizes=\"auto, (max-width: 251px) 100vw, 251px\" \/><\/a>L\u2019evento, quest\u2019anno, preceder\u00e0 di pochi giorni la beatificazione a Roma di Papa Luciani. \u201c<em>Il versante veneto e bellunese della Marmolada \u00e8 accessibile e sicuro<\/em>\u201d, spiegano da Marmolada srl. \u201c<em>Stiamo portando avanti la stagione con un peso nel cuore rispetto a quanto successo il 3 luglio scorso, ma \u00e8 nostro dovere andare avanti per amore di questa montagna, della sua gente e di chi la ama<\/em>\u201d. Per maggiori informazioni sulle iniziative agostane rivolgersi all\u2019ufficio comunicazione e marketing di Marmolada Srl al numero 334 679446.<\/p>\n<p>&nbsp;<\/p>\n<p>&nbsp;<\/p>\n<p>&nbsp;<\/p>\n<p>******<\/p>\n","protected":false},"excerpt":{"rendered":"<p>ROCCA PIETORE Sport, arte, storia, spiritualit\u00e0. \u00c8 un agosto ricco di iniziative quello in programma sulla Regina delle Dolomiti, dove \u2013 accanto alle Funivie \u2013 resteranno aperti a Serauta (2.950 m) il Museo della Grande Guerra, le escursioni all\u2019aperto delle trincee della prima guerra mondiale e a Punta Rocca (3265), la Terrazza panoramica a 3.265&hellip;<\/p>\n","protected":false},"author":4,"featured_media":291105,"comment_status":"closed","ping_status":"closed","sticky":false,"template":"","format":"standard","meta":{"_monsterinsights_skip_tracking":false,"_monsterinsights_sitenote_active":false,"_monsterinsights_sitenote_note":"","_monsterinsights_sitenote_category":0,"footnotes":""},"categories":[49],"tags":[],"class_list":["post-291104","post","type-post","status-publish","format-standard","has-post-thumbnail","hentry","category-news-18","category-49","description-off"],"img_url":"https:\/\/www.radiopiu.net\/wordpress\/wp-content\/uploads\/2022\/08\/20210806_082029-scaled.jpg","_links":{"self":[{"href":"https:\/\/www.radiopiu.net\/wordpress\/wp-json\/wp\/v2\/posts\/291104","targetHints":{"allow":["GET"]}}],"collection":[{"href":"https:\/\/www.radiopiu.net\/wordpress\/wp-json\/wp\/v2\/posts"}],"about":[{"href":"https:\/\/www.radiopiu.net\/wordpress\/wp-json\/wp\/v2\/types\/post"}],"author":[{"embeddable":true,"href":"https:\/\/www.radiopiu.net\/wordpress\/wp-json\/wp\/v2\/users\/4"}],"replies":[{"embeddable":true,"href":"https:\/\/www.radiopiu.net\/wordpress\/wp-json\/wp\/v2\/comments?post=291104"}],"version-history":[{"count":0,"href":"https:\/\/www.radiopiu.net\/wordpress\/wp-json\/wp\/v2\/posts\/291104\/revisions"}],"wp:featuredmedia":[{"embeddable":true,"href":"https:\/\/www.radiopiu.net\/wordpress\/wp-json\/wp\/v2\/media\/291105"}],"wp:attachment":[{"href":"https:\/\/www.radiopiu.net\/wordpress\/wp-json\/wp\/v2\/media?parent=291104"}],"wp:term":[{"taxonomy":"category","embeddable":true,"href":"https:\/\/www.radiopiu.net\/wordpress\/wp-json\/wp\/v2\/categories?post=291104"},{"taxonomy":"post_tag","embeddable":true,"href":"https:\/\/www.radiopiu.net\/wordpress\/wp-json\/wp\/v2\/tags?post=291104"}],"curies":[{"name":"wp","href":"https:\/\/api.w.org\/{rel}","templated":true}]}}