{"id":291157,"date":"2022-08-06T05:46:21","date_gmt":"2022-08-06T03:46:21","guid":{"rendered":"https:\/\/www.radiopiu.net\/wordpress\/?p=291157"},"modified":"2022-08-06T06:01:57","modified_gmt":"2022-08-06T04:01:57","slug":"instabilita-sulle-zone-montane-e-probabili-precipitazioni-poi-in-estensione-a-pedemontana-e-pianura","status":"publish","type":"post","link":"https:\/\/www.radiopiu.net\/wordpress\/instabilita-sulle-zone-montane-e-probabili-precipitazioni-poi-in-estensione-a-pedemontana-e-pianura\/","title":{"rendered":"INSTABILITA&#8217; SULLE ZONE MONTANE E PROBABILI PRECIPITAZIONI, POI IN ESTENSIONE A PEDEMONTANA E PIANURA"},"content":{"rendered":"<p><strong>VENEZIA <\/strong>Il Centro funzionale decentrato della Protezione Civile del Veneto ha emesso un nuovo bollettino in base al quale, viste le alte temperature nei bassi strati e la presenza di aria un po\u2019 pi\u00f9 fredda in quota a ridosso dell\u2019arco alpino nella giornata di venerd\u00ec 5 agosto, si prevede instabilit\u00e0 sulle zone montane, in particolare sulle Dolomiti dove non si esclude qualche locale fenomeno intenso. Sabato 6 l\u2019instabilit\u00e0 sar\u00e0 pi\u00f9 consistente e diffusa per il cedimento del promontorio anticiclonico e l\u2019ingresso sulla Regione di aria pi\u00f9 fredda in quota. Dalle ore centrali di sabato 6, fino alla mattinata di domenica 7 saranno dunque probabili le precipitazioni, pi\u00f9 diffuse in montagna, in prevalenza a carattere di rovescio e temporale, prima sulle zone montane e pedemontane e poi anche sulla pianura specie dalla serata\/notte di sabato. Saranno possibili fenomeni localmente intensi (forti rovesci, forti raffiche di vento, qualche grandinata). Nel resto della giornata di domenica 7 saranno ancora probabili delle precipitazioni con rovesci e temporali specie in montagna. Alla luce dei fenomeni meteorologici previsti, si decreta lo stato di attenzione per criticit\u00e0 idrogeologica (riferita allo scenario per temporali forti), per tutti i bacini idrografici della Regione, a causa dei disagi che potrebbero verificarsi al sistema fognario e di drenaggio urbano e lungo la rete idrografica minore. Si segnala la possibilit\u00e0 d\u2019innesco di fenomeni franosi superficiali sui versanti e la possibilit\u00e0 di innesco di colate rapide.<\/p>\n<p><a class=\"dt-pswp-item\" href=\"https:\/\/www.radiopiu.net\/wordpress\/wp-content\/uploads\/2022\/08\/Schermata-2022-08-05-alle-14.45.36.png\" data-dt-img-description=\"\" data-large_image_width=\"1296\" data-large_image_height=\"416\"><img loading=\"lazy\" decoding=\"async\" class=\"alignnone wp-image-291158 size-large\" src=\"https:\/\/www.radiopiu.net\/wordpress\/wp-content\/uploads\/2022\/08\/Schermata-2022-08-05-alle-14.45.36-1024x329.png\" alt=\"\" width=\"1024\" height=\"329\" srcset=\"https:\/\/www.radiopiu.net\/wordpress\/wp-content\/uploads\/2022\/08\/Schermata-2022-08-05-alle-14.45.36-1024x329.png 1024w, https:\/\/www.radiopiu.net\/wordpress\/wp-content\/uploads\/2022\/08\/Schermata-2022-08-05-alle-14.45.36-300x96.png 300w, https:\/\/www.radiopiu.net\/wordpress\/wp-content\/uploads\/2022\/08\/Schermata-2022-08-05-alle-14.45.36-768x247.png 768w, https:\/\/www.radiopiu.net\/wordpress\/wp-content\/uploads\/2022\/08\/Schermata-2022-08-05-alle-14.45.36.png 1296w\" sizes=\"auto, (max-width: 1024px) 100vw, 1024px\" \/><\/a><\/p>\n<p>&nbsp;<\/p>\n<p>&nbsp;<\/p>\n<p>*****<\/p>\n","protected":false},"excerpt":{"rendered":"<p>VENEZIA Il Centro funzionale decentrato della Protezione Civile del Veneto ha emesso un nuovo bollettino in base al quale, viste le alte temperature nei bassi strati e la presenza di aria un po\u2019 pi\u00f9 fredda in quota a ridosso dell\u2019arco alpino nella giornata di venerd\u00ec 5 agosto, si prevede instabilit\u00e0 sulle zone montane, in particolare&hellip;<\/p>\n","protected":false},"author":4,"featured_media":165742,"comment_status":"closed","ping_status":"closed","sticky":false,"template":"","format":"standard","meta":{"_monsterinsights_skip_tracking":false,"_monsterinsights_sitenote_active":false,"_monsterinsights_sitenote_note":"","_monsterinsights_sitenote_category":0,"footnotes":""},"categories":[51,49],"tags":[],"class_list":["post-291157","post","type-post","status-publish","format-standard","has-post-thumbnail","hentry","category-evidenza-top","category-news-18","category-51","category-49","description-off"],"img_url":"https:\/\/www.radiopiu.net\/wordpress\/wp-content\/uploads\/2020\/10\/PIOGGIA.jpg","_links":{"self":[{"href":"https:\/\/www.radiopiu.net\/wordpress\/wp-json\/wp\/v2\/posts\/291157","targetHints":{"allow":["GET"]}}],"collection":[{"href":"https:\/\/www.radiopiu.net\/wordpress\/wp-json\/wp\/v2\/posts"}],"about":[{"href":"https:\/\/www.radiopiu.net\/wordpress\/wp-json\/wp\/v2\/types\/post"}],"author":[{"embeddable":true,"href":"https:\/\/www.radiopiu.net\/wordpress\/wp-json\/wp\/v2\/users\/4"}],"replies":[{"embeddable":true,"href":"https:\/\/www.radiopiu.net\/wordpress\/wp-json\/wp\/v2\/comments?post=291157"}],"version-history":[{"count":0,"href":"https:\/\/www.radiopiu.net\/wordpress\/wp-json\/wp\/v2\/posts\/291157\/revisions"}],"wp:featuredmedia":[{"embeddable":true,"href":"https:\/\/www.radiopiu.net\/wordpress\/wp-json\/wp\/v2\/media\/165742"}],"wp:attachment":[{"href":"https:\/\/www.radiopiu.net\/wordpress\/wp-json\/wp\/v2\/media?parent=291157"}],"wp:term":[{"taxonomy":"category","embeddable":true,"href":"https:\/\/www.radiopiu.net\/wordpress\/wp-json\/wp\/v2\/categories?post=291157"},{"taxonomy":"post_tag","embeddable":true,"href":"https:\/\/www.radiopiu.net\/wordpress\/wp-json\/wp\/v2\/tags?post=291157"}],"curies":[{"name":"wp","href":"https:\/\/api.w.org\/{rel}","templated":true}]}}