{"id":291181,"date":"2022-08-06T05:07:23","date_gmt":"2022-08-06T03:07:23","guid":{"rendered":"https:\/\/www.radiopiu.net\/wordpress\/?p=291181"},"modified":"2022-08-06T06:04:38","modified_gmt":"2022-08-06T04:04:38","slug":"cade-con-lamountain-bike-sotto-al-rifugio-bec-de-roces","status":"publish","type":"post","link":"https:\/\/www.radiopiu.net\/wordpress\/cade-con-lamountain-bike-sotto-al-rifugio-bec-de-roces\/","title":{"rendered":"CADE CON LA MOUNTAIN BIKE SOTTO AL RIFUGIO BEC DE ROCES"},"content":{"rendered":"<p><strong>LIVINALLONGO<\/strong> Verso le 12.45 l&#8217;eliambulanza \u00e8 poi volata sopra il Rifugio Bec de Roces, dove, su indicazioni della figlia doveva trovarsi un uomo caduto sul sentiero. Poich\u00e9 a seguito della ricognizione non si era trovato nessuno, l&#8217;elicottero \u00e8 atterrato in piazzola. \u00c8 quindi stata attivata anche una squadra del Soccorso alpino di Livinallongo in quanto un passante aveva segnalato la presenza di un infortunato sul tratto di pista tra il Bec de Roces e Arabba, poi rivelatasi un&#8217;unica emergenza. Il padre della ragazza della prima chiamata, un 49enne canadese, si trovava in realt\u00e0 sotto il Rifugio ed era caduto con la mountain bike, con conseguente possibile trauma al ginocchio. Raggiunto dai soccorritori, \u00e8 stato caricato a bordo della jeep per essere poi trasferito sull&#8217;elicottero in attesa al Rifugio e accompagnato a Belluno.<\/p>\n<p>&nbsp;<\/p>\n<p>&nbsp;<\/p>\n<p>*****<\/p>\n","protected":false},"excerpt":{"rendered":"<p>LIVINALLONGO Verso le 12.45 l&#8217;eliambulanza \u00e8 poi volata sopra il Rifugio Bec de Roces, dove, su indicazioni della figlia doveva trovarsi un uomo caduto sul sentiero. Poich\u00e9 a seguito della ricognizione non si era trovato nessuno, l&#8217;elicottero \u00e8 atterrato in piazzola. \u00c8 quindi stata attivata anche una squadra del Soccorso alpino di Livinallongo in quanto&hellip;<\/p>\n","protected":false},"author":4,"featured_media":74738,"comment_status":"closed","ping_status":"closed","sticky":false,"template":"","format":"standard","meta":{"_monsterinsights_skip_tracking":false,"_monsterinsights_sitenote_active":false,"_monsterinsights_sitenote_note":"","_monsterinsights_sitenote_category":0,"footnotes":""},"categories":[104,49],"tags":[],"class_list":["post-291181","post","type-post","status-publish","format-standard","has-post-thumbnail","hentry","category-evidenza_3","category-news-18","category-104","category-49","description-off"],"img_url":"https:\/\/www.radiopiu.net\/wordpress\/wp-content\/uploads\/2019\/01\/IMG-20190104-WA0017.jpg","_links":{"self":[{"href":"https:\/\/www.radiopiu.net\/wordpress\/wp-json\/wp\/v2\/posts\/291181","targetHints":{"allow":["GET"]}}],"collection":[{"href":"https:\/\/www.radiopiu.net\/wordpress\/wp-json\/wp\/v2\/posts"}],"about":[{"href":"https:\/\/www.radiopiu.net\/wordpress\/wp-json\/wp\/v2\/types\/post"}],"author":[{"embeddable":true,"href":"https:\/\/www.radiopiu.net\/wordpress\/wp-json\/wp\/v2\/users\/4"}],"replies":[{"embeddable":true,"href":"https:\/\/www.radiopiu.net\/wordpress\/wp-json\/wp\/v2\/comments?post=291181"}],"version-history":[{"count":0,"href":"https:\/\/www.radiopiu.net\/wordpress\/wp-json\/wp\/v2\/posts\/291181\/revisions"}],"wp:featuredmedia":[{"embeddable":true,"href":"https:\/\/www.radiopiu.net\/wordpress\/wp-json\/wp\/v2\/media\/74738"}],"wp:attachment":[{"href":"https:\/\/www.radiopiu.net\/wordpress\/wp-json\/wp\/v2\/media?parent=291181"}],"wp:term":[{"taxonomy":"category","embeddable":true,"href":"https:\/\/www.radiopiu.net\/wordpress\/wp-json\/wp\/v2\/categories?post=291181"},{"taxonomy":"post_tag","embeddable":true,"href":"https:\/\/www.radiopiu.net\/wordpress\/wp-json\/wp\/v2\/tags?post=291181"}],"curies":[{"name":"wp","href":"https:\/\/api.w.org\/{rel}","templated":true}]}}