{"id":291325,"date":"2022-08-08T05:46:12","date_gmt":"2022-08-08T03:46:12","guid":{"rendered":"https:\/\/www.radiopiu.net\/wordpress\/?p=291325"},"modified":"2022-08-08T07:46:51","modified_gmt":"2022-08-08T05:46:51","slug":"giornale-radiopiu-08-agosto-2022-direttore-mirko-mezzacasa","status":"publish","type":"post","link":"https:\/\/www.radiopiu.net\/wordpress\/giornale-radiopiu-08-agosto-2022-direttore-mirko-mezzacasa\/","title":{"rendered":"GIORNALE RADIOPIU 08 AGOSTO 2022 DIRETTORE MIRKO MEZZACASA"},"content":{"rendered":"<h3 class=\"kvgmc6g5 cxmmr5t8 oygrvhab hcukyx3x c1et5uql\"><span style=\"color: #0000ff;\"><strong>RADIO PIU INFORMAZIONE il canale su TELEGRAM informazione di prima\u00a0 <\/strong><\/span><span style=\"color: #0000ff;\"><strong>mano e in tempo reale. iscriviti ed aiutaci a farlo conoscere\u00a0 \u00a0<\/strong><\/span><\/h3>\n<p><iframe loading=\"lazy\" title=\"Rocca Pietore, Marmolada, Val Pettorina\" width=\"1200\" height=\"675\" src=\"https:\/\/www.youtube.com\/embed\/fnodpFI2M1w?feature=oembed\" frameborder=\"0\" allow=\"accelerometer; autoplay; clipboard-write; encrypted-media; gyroscope; picture-in-picture\" allowfullscreen><\/iframe><\/p>\n<p>&nbsp;<\/p>\n<p>&nbsp;<\/p>\n<p>&nbsp;<\/p>\n<p>&nbsp;<\/p>\n<hr \/>\n<blockquote>\n<h3>ACQUA NON POTABILE A MOE&#8217; DI LASTE DI ROCCA PIETORE<\/h3>\n<\/blockquote>\n<p><strong>ROCCA PIETORE<\/strong> Gestione Servizi Pubblici informa che a ROCCA PIETORE in localit\u00e0 MOE\u2019 DI LASTE l&#8217;acqua erogata dall&#8217;acquedotto non \u00e8 potabile e pu\u00f2 essere usata per scopi alimentari SOLO PREVIA bollitura. GSP ha, comunque, gi\u00e0 adottato le necessarie misure per la disinfezione dell&#8217;acqua presente nei serbatoi e nella rete idrica con l&#8217;aggiunta di cloro.<\/p>\n<p>&nbsp;<\/p>\n<hr \/>\n<p>&nbsp;<\/p>\n<p>&nbsp;<\/p>\n<blockquote>\n<h3>ATTENTATO A LIMANA? L&#8217;IPOTESI PIU&#8217; ACCREDITATA E&#8217; LA &#8220;RAGAZZATA&#8221;<\/h3>\n<\/blockquote>\n<div class=\"entry_meta\">\n<p><strong><img loading=\"lazy\" decoding=\"async\" class=\"alignleft\" src=\"https:\/\/www.radiopiu.net\/wordpress\/wp-content\/uploads\/2022\/08\/th-1.jpg\" width=\"227\" height=\"127\" \/>LIMANA<\/strong> Un atto incendiario che risale ancora alla sera di gioved\u00ec notte quando l&#8217;ignoto o gli ignoti hanno appoggiato una bottiglia tipo &#8220;molotov&#8221; sul terrazzo di un appartamento\u00a0 di via Mandron. Niente di grave, nessun danno evidente, ma rimane la paura per quella fiammata. Immediato, come sempre, l&#8217;intervento dei vigili del fuoco allertati da un cittadino che ha digitato il 115. \u00a0I Carabinieri di Feltre sono intervenuti sul luogo dell&#8217;episodio dell&#8217;altra sera. Su un terrazzo \u00e8 stata appoggiata una bottiglia incendiaria &#8220;E&#8217; esagerato chiamarla molotov&#8221;, attacca il Capitano Luca Innelli, &#8220;<em>Era una bottiglia di birra con all&#8217;interno un liquido infiammabile certo, ma la bomba molotov \u00e8 cosa diversa e questa tra l&#8217;altro non \u00e8 certo stata lanciata&#8221;. <\/em>Per questo prende corpo l&#8217;ipotesi della ragazzata, anche perch\u00e9 in quell&#8217;appartamento non vi abita nessuna personalit\u00e0 che potrebbe essere oggetto di ritorsioni. <em>&#8220;Ma ovviamente &#8211; conferma il Capitano Luca Innelli &#8211; continueremo nelle indagini per capire quali siano le motivazioni e gli autori del gesto&#8221;.<\/em><\/p>\n<\/div>\n<div><\/div>\n<div><\/div>\n<div><\/div>\n<div>\n<hr \/>\n<\/div>\n<blockquote>\n<h3>ANZIANA DERUBATA, CASA DEVASTATA DAI LADRI<\/h3>\n<\/blockquote>\n<div>\n<div class=\"sezioneArticolo\"><strong>ALANO DI PIAVE<\/strong> L&#8217;anziana donna \u00e8 ritornata a casa dalla messa\u00a0 del sabato e quando alle 17\u00a0 \u00e8 arrivata sulla soglia dell&#8217;abitazione ha scoperto che ignoti erano entrati in casa frugando ovunque. Hanno rubato poca cosa, ma i danni subiti sono davvero tanti. Il furto in via Kennedy\u00a0 a Fener dove la donna vive da sola.\u00a0 I malviventi sono entrati\u00a0 in casa forzando la porta, hanno messo a soqquadra l&#8217;abitazione nel giro di un&#8217;ora. Indagano i Carabinieri\u00a0 ma la gente ha sempre paura e cresce l&#8217;insicurezza.<\/div>\n<div><img loading=\"lazy\" decoding=\"async\" class=\"\" src=\"https:\/\/www.radiopiu.net\/wordpress\/wp-content\/uploads\/2022\/08\/Alano-del-Piave-panorama-1200x675-1.jpg\" width=\"233\" height=\"131\" \/><\/div>\n<div><\/div>\n<\/div>\n<p>&nbsp;<\/p>\n<hr \/>\n<p>&nbsp;<\/p>\n<p>&nbsp;<\/p>\n<blockquote>\n<h3>FELTRINO E ZONE LIMITROFE, SEMPRE PIU&#8217; ZONA ROSSA DELLA PROVINCIA<\/h3>\n<\/blockquote>\n<p><strong><img loading=\"lazy\" decoding=\"async\" class=\"alignleft\" src=\"https:\/\/www.radiopiu.net\/wordpress\/wp-content\/uploads\/2022\/08\/a2475688-69b4-4085-a4ec-8fc0aa4eb03b.jpg\" width=\"331\" height=\"248\" \/>REDAZIONE<\/strong> Prendere casa e mettere su famiglia nel feltrino e zone limItrofe? Anche no, almeno fino a quando non sar\u00e0 percepita maggiore sicurezza\u00a0 dal cittadino. Gli esempi dell&#8217;ultimo periodo\u00a0 sono evidenti: furti in abitazione, furti con scasso in pieno centro lungo la principale via di comunicazione, bombe lasciate sul terrazzo, delinquenti che entrano nelle case e frugano nelle auto fermati dai cittadini del paese (Cesana) mentre gli uomini dell&#8217;Arma arrivano a cose fatte e via discorrendo.<br \/>\nCosa sta succedendo in questo angolo della provincia\u00a0 sempre pi\u00f9 spesso sugli organi di stampa e non certo per mettere in evidenza operazioni di sicurezza per il cittadino? Se lo chiede la gente, la stessa che vorrebbe\u00a0 maggiore sicurezza. Anche nel Feltrino, come nell&#8217;Agordino si sente\u00a0 l&#8217;assenza di un maggiore presidio, ad esempio degli uomini della Questura che da Belluno citt\u00e0 a Cortina sono un&#8217;ulteriore garanzia. Siamo certi che gli amministratori, anche i nuovi eletti,\u00a0 non sottovaluteranno questa problematica chiedendo maggiori controlli e attenzione verso il cittadino.<\/p>\n<p>&nbsp;<\/p>\n<blockquote>\n<h3><\/h3>\n<\/blockquote>\n<p>&nbsp;<\/p>\n<hr \/>\n<p>&nbsp;<\/p>\n<blockquote>\n<h3><a class=\"dt-pswp-item\" href=\"https:\/\/www.radiopiu.net\/wordpress\/wp-content\/uploads\/2022\/08\/Frana-Cortina-strada-liberata-da-fango-e-detriti3.jpeg\" data-dt-img-description=\"\" data-large_image_width=\"1600\" data-large_image_height=\"1200\"><img loading=\"lazy\" decoding=\"async\" class=\" wp-image-291414 alignleft\" src=\"https:\/\/www.radiopiu.net\/wordpress\/wp-content\/uploads\/2022\/08\/Frana-Cortina-strada-liberata-da-fango-e-detriti3-150x150.jpeg\" alt=\"\" width=\"123\" height=\"123\" \/><\/a>IERI ALLE 14, DOPO 48 ORE LA RIAPERTURA DELLA 51 DI ALEMAGNA A FIAMES<\/h3>\n<\/blockquote>\n<p><strong>CORTINA<\/strong> Le squadre Anas, in collaborazione con i Vigili del Fuoco hanno lavorato ininterrottamente per oltre 48 ore, per le\u00a0 operazioni di rimozione di materiali e detriti dal piano viabile e per monitorare il fronte della frana a causa delle intense precipitazioni atmosferiche nella zona\u00a0 Il miglioramento delle condizioni meteo e il completamento delle attivit\u00e0 hanno consentito la riapertura.<\/p>\n<p>&nbsp;<\/p>\n<p>&nbsp;<\/p>\n<hr \/>\n<p>&nbsp;<\/p>\n<blockquote>\n<h2>DOMENICA IN MALGA PER I VIGILI DEL FUOCO<\/h2>\n<\/blockquote>\n<p>&nbsp;<\/p>\n<p><strong>VIGO DI CADORE<\/strong> I vigili del fuoco liberano la strada provinciale 465. Tre le frane che bloccavano completamente l&#8217;accesso alla malga di Lorenzago. Bloccate cinque persone, 20 le mucche nella malga. Rimossi tutti i detriti per almeno 80 metri cubi di pietrisco<\/p>\n\n\t\t\t<style type='text\/css'>\n\t\t\t\t#gallery-1 {\n\t\t\t\t\tmargin: auto;\n\t\t\t\t}\n\t\t\t\t#gallery-1 .gallery-item {\n\t\t\t\t\tfloat: left;\n\t\t\t\t\tmargin-top: 10px;\n\t\t\t\t\ttext-align: center;\n\t\t\t\t\twidth: 33%;\n\t\t\t\t}\n\t\t\t\t#gallery-1 img {\n\t\t\t\t\tborder: 2px solid #cfcfcf;\n\t\t\t\t}\n\t\t\t\t#gallery-1 .gallery-caption {\n\t\t\t\t\tmargin-left: 0;\n\t\t\t\t}\n\t\t\t\t\/* see gallery_shortcode() in wp-includes\/media.php *\/\n\t\t\t<\/style>\n\t\t<div id='gallery-1' class='dt-gallery-container gallery galleryid-291325 gallery-columns-3 gallery-size-thumbnail'><dl class='gallery-item'>\n\t\t\t\t<dt class='gallery-icon portrait'>\n\t\t\t\t\t<a class=\"rollover rollover-zoom dt-pswp-item\" title=\"a570a939-fb2b-44a6-9038-de654caecb10\" data-dt-img-description=\"\" data-large_image_width=\"958\" data-large_image_height=\"1212\"href='https:\/\/www.radiopiu.net\/wordpress\/wp-content\/uploads\/2022\/08\/a570a939-fb2b-44a6-9038-de654caecb10.jpg'><img loading=\"lazy\" decoding=\"async\" width=\"150\" height=\"150\" src=\"https:\/\/www.radiopiu.net\/wordpress\/wp-content\/uploads\/2022\/08\/a570a939-fb2b-44a6-9038-de654caecb10-150x150.jpg\" class=\"attachment-thumbnail size-thumbnail\" alt=\"\" \/><\/a>\n\t\t\t\t<\/dt><\/dl><dl class='gallery-item'>\n\t\t\t\t<dt class='gallery-icon portrait'>\n\t\t\t\t\t<a class=\"rollover rollover-zoom dt-pswp-item\" title=\"505958c5-1230-41ba-9b44-d8a3af4c4b39\" data-dt-img-description=\"\" data-large_image_width=\"768\" data-large_image_height=\"1024\"href='https:\/\/www.radiopiu.net\/wordpress\/wp-content\/uploads\/2022\/08\/505958c5-1230-41ba-9b44-d8a3af4c4b39.jpg'><img loading=\"lazy\" decoding=\"async\" width=\"150\" height=\"150\" src=\"https:\/\/www.radiopiu.net\/wordpress\/wp-content\/uploads\/2022\/08\/505958c5-1230-41ba-9b44-d8a3af4c4b39-150x150.jpg\" class=\"attachment-thumbnail size-thumbnail\" alt=\"\" \/><\/a>\n\t\t\t\t<\/dt><\/dl><dl class='gallery-item'>\n\t\t\t\t<dt class='gallery-icon portrait'>\n\t\t\t\t\t<a class=\"rollover rollover-zoom dt-pswp-item\" title=\"8e1c0f0b-2cd3-4f56-85db-d2ba97c3355e\" data-dt-img-description=\"\" data-large_image_width=\"768\" data-large_image_height=\"1024\"href='https:\/\/www.radiopiu.net\/wordpress\/wp-content\/uploads\/2022\/08\/8e1c0f0b-2cd3-4f56-85db-d2ba97c3355e.jpg'><img loading=\"lazy\" decoding=\"async\" width=\"150\" height=\"150\" src=\"https:\/\/www.radiopiu.net\/wordpress\/wp-content\/uploads\/2022\/08\/8e1c0f0b-2cd3-4f56-85db-d2ba97c3355e-150x150.jpg\" class=\"attachment-thumbnail size-thumbnail\" alt=\"\" \/><\/a>\n\t\t\t\t<\/dt><\/dl><br style=\"clear: both\" \/>\n\t\t\t<\/div>\n\n<p>&nbsp;<\/p>\n<div style=\"width: 640px;\" class=\"wp-video\"><video class=\"wp-video-shortcode\" id=\"video-291325-1\" width=\"640\" height=\"368\" preload=\"metadata\" controls=\"controls\"><source type=\"video\/mp4\" src=\"https:\/\/www.radiopiu.net\/wordpress\/wp-content\/uploads\/2022\/08\/WhatsApp-Video-2022-08-07-at-22.12.10.mp4?_=1\" \/><a href=\"https:\/\/www.radiopiu.net\/wordpress\/wp-content\/uploads\/2022\/08\/WhatsApp-Video-2022-08-07-at-22.12.10.mp4\">https:\/\/www.radiopiu.net\/wordpress\/wp-content\/uploads\/2022\/08\/WhatsApp-Video-2022-08-07-at-22.12.10.mp4<\/a><\/video><\/div>\n<p>&nbsp;<\/p>\n<hr \/>\n<p>&nbsp;<\/p>\n<blockquote>\n<h3>BLOCCATI DAL TORRENTE IN PIENA DOPO IL TEMPORALE<\/h3>\n<\/blockquote>\n<p><strong><a class=\"dt-pswp-item\" href=\"https:\/\/www.radiopiu.net\/wordpress\/wp-content\/uploads\/2022\/08\/salt_20220806_173806_610.jpg\" data-dt-img-description=\"\" data-large_image_width=\"2364\" data-large_image_height=\"1773\"><img loading=\"lazy\" decoding=\"async\" class=\" wp-image-291429 alignleft\" src=\"https:\/\/www.radiopiu.net\/wordpress\/wp-content\/uploads\/2022\/08\/salt_20220806_173806_610-150x150.jpg\" alt=\"\" width=\"94\" height=\"94\" \/><\/a>AURONZO DI CADORE<\/strong> Sabato attorno alle 14.20 il Soccorso alpino di Auronzo \u00e8 stato allertato per due escursionisti in difficolt\u00e0 al rientro dal Bivacco Fanton sulle Marmarole. M.N., 59 anni, di Marcon (VE), \u00e8 V.S., 49 anni, di Mirano (VE), hanno trovato sul loro tragitto il torrente della Val da Rin in piena dopo il forte temporale e hanno chiesto aiuto. Una squadra, assieme al Soccorso alpino della Guardia di finanza di Auronzo, ha raggiunto in jeep il punto indicato e non ha potuto fare altro che attendere l&#8217;abbassamento del livello dell&#8217;acqua. Appena passibile, i due uomini sono riusciti a passare.<\/p>\n<p>&nbsp;<\/p>\n<p>&nbsp;<\/p>\n<p>&nbsp;<\/p>\n<hr \/>\n<p>&nbsp;<\/p>\n<p>&nbsp;<\/p>\n<blockquote>\n<h2>203 AGORDINA, DUE INCIDENTI IN POCHE ORE. E&#8217; ANCORA TEMPO DI RIFLESSIONI<\/h2>\n<\/blockquote>\n<p><strong><a class=\"dt-pswp-item\" href=\"https:\/\/www.radiopiu.net\/wordpress\/wp-content\/uploads\/2022\/08\/Un-tratto-di-SR-203-visto-dallalto-tra-Cencenighe-e-Le-Vare-scaled.jpg\" data-dt-img-description=\"\" data-large_image_width=\"2560\" data-large_image_height=\"1440\"><img loading=\"lazy\" decoding=\"async\" class=\"wp-image-291594 alignleft\" src=\"https:\/\/www.radiopiu.net\/wordpress\/wp-content\/uploads\/2022\/08\/Un-tratto-di-SR-203-visto-dallalto-tra-Cencenighe-e-Le-Vare-1024x576.jpg\" alt=\"\" width=\"214\" height=\"120\" srcset=\"https:\/\/www.radiopiu.net\/wordpress\/wp-content\/uploads\/2022\/08\/Un-tratto-di-SR-203-visto-dallalto-tra-Cencenighe-e-Le-Vare-1024x576.jpg 1024w, https:\/\/www.radiopiu.net\/wordpress\/wp-content\/uploads\/2022\/08\/Un-tratto-di-SR-203-visto-dallalto-tra-Cencenighe-e-Le-Vare-300x169.jpg 300w, https:\/\/www.radiopiu.net\/wordpress\/wp-content\/uploads\/2022\/08\/Un-tratto-di-SR-203-visto-dallalto-tra-Cencenighe-e-Le-Vare-768x432.jpg 768w, https:\/\/www.radiopiu.net\/wordpress\/wp-content\/uploads\/2022\/08\/Un-tratto-di-SR-203-visto-dallalto-tra-Cencenighe-e-Le-Vare-1536x864.jpg 1536w, https:\/\/www.radiopiu.net\/wordpress\/wp-content\/uploads\/2022\/08\/Un-tratto-di-SR-203-visto-dallalto-tra-Cencenighe-e-Le-Vare-2048x1152.jpg 2048w\" sizes=\"auto, (max-width: 214px) 100vw, 214px\" \/><\/a>\u00a0CENCENIGHE<\/strong><\/p>\n<p><strong>DI LUISA MANFROI\u00a0<\/strong><\/p>\n<p>&nbsp;<\/p>\n<audio class=\"wp-audio-shortcode\" id=\"audio-291325-1\" preload=\"none\" style=\"width: 100%;\" controls=\"controls\"><source type=\"audio\/mpeg\" src=\"https:\/\/www.radiopiu.net\/wordpress\/wp-content\/uploads\/2022\/08\/Considerazioni-sulla-SR-203-tra-Cencenighe-e-Vare-di-San-Tomaso.mp3?_=1\" \/><a href=\"https:\/\/www.radiopiu.net\/wordpress\/wp-content\/uploads\/2022\/08\/Considerazioni-sulla-SR-203-tra-Cencenighe-e-Vare-di-San-Tomaso.mp3\">https:\/\/www.radiopiu.net\/wordpress\/wp-content\/uploads\/2022\/08\/Considerazioni-sulla-SR-203-tra-Cencenighe-e-Vare-di-San-Tomaso.mp3<\/a><\/audio>\n<p>&nbsp;<\/p>\n<p>&nbsp;<\/p>\n<p>&nbsp;<\/p>\n<hr \/>\n<p>&nbsp;<\/p>\n<blockquote>\n<h3>SOCCORSO UN GIOVANE IN VIA SOTTOCASTELLO. IL SINDACO DE PELLEGRIN: \u201cSU VIA SOTTOCASTELLO LAVOREREMO A FONDO\u201d<\/h3>\n<\/blockquote>\n<p><strong><a class=\"dt-pswp-item\" href=\"https:\/\/www.radiopiu.net\/wordpress\/wp-content\/uploads\/2022\/02\/BELLUNO-BELLUNO-5.jpg\" data-dt-img-description=\"\" data-large_image_width=\"151\" data-large_image_height=\"240\"><img loading=\"lazy\" decoding=\"async\" class=\"size-thumbnail wp-image-258268 alignleft\" src=\"https:\/\/www.radiopiu.net\/wordpress\/wp-content\/uploads\/2022\/02\/BELLUNO-BELLUNO-5-150x150.jpg\" alt=\"\" width=\"150\" height=\"150\" \/><\/a>BELLUNO<\/strong> Il Suem e una pattuglia della polizia sono intervenuti venerd\u00ec sera in via Sottocastello per soccorrere un ragazzo ospite di una comunit\u00e0 terapeutica. Una volta trovato e valutate le sue condizioni hanno cominciato a trattarlo sul posto,\u00a0 era in stato confusionale, quindi il trasporto al Pronto soccorso dell\u2019ospedale San Martino.\u00a0 Un altro episodio di degrado, in una via, che gi\u00e0 in passato era stata teatro di illegalit\u00e0, a cominciare dallo spaccio di sostanze stupefacenti. \u201c<em>Sicurezza e vera inclusione, su via Sottocastello lavoreremo a fondo. Abbiamo gi\u00e0 iniziato a farlo. Non lasceremo indietro nessuno e Belluno sar\u00e0 ai vertici per qualit\u00e0 della vita<\/em>\u201d. Sono le prime parole del sindaco Oscar De Pellegrin all\u2019indomani dei fatti di via Sottocastello, dove nella serata di venerd\u00ec un uomo di 34 anni \u00e8 stato soccorso dai sanitari e portato in Pronto soccorso dopo essere stato trovato riverso a terra.\u00a0 \u201c<em>La zona ha una lunga storia di scarsa sicurezza e degrado, lo sappiamo ed \u00e8 per questo che tra le prime azioni dal nostro insediamento c\u2019\u00e8 stato l\u2019avvio di una campagna di prevenzione e di informazione rivolta, in particolare, ai giovani \u2013 prosegue il primo cittadino -. E\u2019 solo il primo passo, da settembre entreremo nelle scuole. L\u2019obiettivo \u00e8 alleviare le marginalit\u00e0, aiutare chi \u00e8 in difficolt\u00e0 e controllare maggiormente certe aree del capoluogo. Belluno \u00e8 una citt\u00e0 sicura, ma \u00e8 importante non abbassare la guardia e prestare attenzione a tutti<\/em>\u201d.<\/p>\n<p><strong>RAFFAELE ADDAMIANO, ASSESSORE ALLA SICUREZZA DEL COMUNE DI BELLUNO<\/strong><\/p>\n<audio class=\"wp-audio-shortcode\" id=\"audio-291325-2\" preload=\"none\" style=\"width: 100%;\" controls=\"controls\"><source type=\"audio\/mpeg\" src=\"https:\/\/www.radiopiu.net\/wordpress\/wp-content\/uploads\/2022\/08\/ADDAMIANO-SOTTOCASTELLO.mp3?_=2\" \/><a href=\"https:\/\/www.radiopiu.net\/wordpress\/wp-content\/uploads\/2022\/08\/ADDAMIANO-SOTTOCASTELLO.mp3\">https:\/\/www.radiopiu.net\/wordpress\/wp-content\/uploads\/2022\/08\/ADDAMIANO-SOTTOCASTELLO.mp3<\/a><\/audio>\n<p>&nbsp;<\/p>\n<hr \/>\n<p>&nbsp;<\/p>\n<blockquote>\n<h3>1972-2022, CINQUANT&#8217;ANNI FA 7 ALPINI TRAVOLTI DALLA VALANGA, TRA LORO L&#8217;ALPAGOTO SAVIANE<\/h3>\n<\/blockquote>\n<p><strong>ALPAGO<\/strong> Per non dimenticare,\u00a0 consegnata\u00a0 la statua a ricordo di un alpino morto 50 anni sotto una valanga in val Venosta. Morirono in sette. Un loro commilitone di allora ha realizzato sette copie di una statua a ricordo e le sta consegnando ai gruppi alpini dei ragazzi morti<\/p>\n<p><strong>DI MORENO GIOLI<\/strong><\/p>\n<audio class=\"wp-audio-shortcode\" id=\"audio-291325-3\" preload=\"none\" style=\"width: 100%;\" controls=\"controls\"><source type=\"audio\/mpeg\" src=\"https:\/\/www.radiopiu.net\/wordpress\/wp-content\/uploads\/2022\/08\/moreno.mp3?_=3\" \/><a href=\"https:\/\/www.radiopiu.net\/wordpress\/wp-content\/uploads\/2022\/08\/moreno.mp3\">https:\/\/www.radiopiu.net\/wordpress\/wp-content\/uploads\/2022\/08\/moreno.mp3<\/a><\/audio>\n<p>&nbsp;<\/p>\n<p><img loading=\"lazy\" decoding=\"async\" class=\"aligncenter\" src=\"https:\/\/www.radiopiu.net\/wordpress\/wp-content\/uploads\/2022\/08\/5dc8dbc2-6f6a-49e2-8ffa-b8cc865b8c20.jpg\" width=\"277\" height=\"208\" \/><\/p>\n<p>&nbsp;<\/p>\n<hr \/>\n<p>&nbsp;<\/p>\n<blockquote>\n<h3 class=\"entry-title\">ALLARGATA LA STRADA A TAIER, IN ARRIVO IL PONTE SUL CORDEVOLE<\/h3>\n<\/blockquote>\n<p><strong>TAIBON<\/strong>\u00a0La curva a Taier, sulla strada da Brugnach Agordo a Taibon-Campagna \u00e8 stata allargata. Ora finalmente il bilico con il ponte in legno da collocare sul Cordevole potr\u00e0 passare. Presto inizieranno i lavori per dare continuit\u00e0 alla ciclabile evitando il rientro lungo la regionale 203 agordina in localit\u00e0 Bries<\/p>\n<p class=\"photoswipe-wrapper\"><a class=\"dt-pswp-item pspw-wrap-ready\" href=\"https:\/\/www.radiopiu.net\/wordpress\/wp-content\/uploads\/2022\/07\/d392e255-1706-49ac-b07b-ac06fdfd9a1a.jpg\" data-dt-img-description=\"\" data-large_image_width=\"1920\" data-large_image_height=\"1080\"><img loading=\"lazy\" decoding=\"async\" class=\"wp-image-291393 aligncenter\" src=\"https:\/\/www.radiopiu.net\/wordpress\/wp-content\/uploads\/2022\/07\/d392e255-1706-49ac-b07b-ac06fdfd9a1a.jpg\" sizes=\"auto, (max-width: 1920px) 100vw, 1920px\" srcset=\"https:\/\/www.radiopiu.net\/wordpress\/wp-content\/uploads\/2022\/07\/d392e255-1706-49ac-b07b-ac06fdfd9a1a.jpg 1920w, https:\/\/www.radiopiu.net\/wordpress\/wp-content\/uploads\/2022\/07\/d392e255-1706-49ac-b07b-ac06fdfd9a1a-300x169.jpg 300w, https:\/\/www.radiopiu.net\/wordpress\/wp-content\/uploads\/2022\/07\/d392e255-1706-49ac-b07b-ac06fdfd9a1a-1024x576.jpg 1024w, https:\/\/www.radiopiu.net\/wordpress\/wp-content\/uploads\/2022\/07\/d392e255-1706-49ac-b07b-ac06fdfd9a1a-768x432.jpg 768w, https:\/\/www.radiopiu.net\/wordpress\/wp-content\/uploads\/2022\/07\/d392e255-1706-49ac-b07b-ac06fdfd9a1a-1536x864.jpg 1536w\" alt=\"\" width=\"405\" height=\"228\" \/>\u00a0<\/a><\/p>\n<p><strong>ARTICOLI PRECEDENTI\u00a0\u00a0<\/strong><\/p>\n<blockquote class=\"wp-embedded-content\" data-secret=\"Zd1PaQXxc1\"><p><a href=\"https:\/\/www.radiopiu.net\/wordpress\/allargata-la-strada-a-taier-in-arrivo-il-ponte-sul-cordevole\/\">ALLARGATA LA STRADA A TAIER, IN ARRIVO IL PONTE SUL CORDEVOLE<\/a><\/p><\/blockquote>\n<p><iframe loading=\"lazy\" class=\"wp-embedded-content\" sandbox=\"allow-scripts\" security=\"restricted\" style=\"position: absolute; clip: rect(1px, 1px, 1px, 1px);\" title=\"&#8220;ALLARGATA LA STRADA A TAIER, IN ARRIVO IL PONTE SUL CORDEVOLE&#8221; &#8212; Radio Pi\u00f9\" src=\"https:\/\/www.radiopiu.net\/wordpress\/allargata-la-strada-a-taier-in-arrivo-il-ponte-sul-cordevole\/embed\/#?secret=i4yStcO5aj#?secret=Zd1PaQXxc1\" data-secret=\"Zd1PaQXxc1\" width=\"600\" height=\"338\" frameborder=\"0\" marginwidth=\"0\" marginheight=\"0\" scrolling=\"no\"><\/iframe><\/p>\n<p>&nbsp;<\/p>\n<hr \/>\n<p>&nbsp;<\/p>\n<blockquote>\n<h3>CASA DELLA COMUNITA&#8217; DI AGORDO: APPROVATO IL PROGETTO DI FATTIBILIT\u00c0<\/h3>\n<\/blockquote>\n<p><strong><a class=\"dt-pswp-item\" href=\"https:\/\/www.radiopiu.net\/wordpress\/wp-content\/uploads\/2022\/07\/OSPEDALE-AGORDO.png\" data-dt-img-description=\"\" data-large_image_width=\"1316\" data-large_image_height=\"756\"><img loading=\"lazy\" decoding=\"async\" class=\"size-thumbnail wp-image-289638 alignleft\" src=\"https:\/\/www.radiopiu.net\/wordpress\/wp-content\/uploads\/2022\/07\/OSPEDALE-AGORDO-150x150.png\" alt=\"\" width=\"150\" height=\"150\" \/><\/a>BELLUNO <\/strong>E\u2019 stato approvato il progetto di fattibilit\u00e0 della Casa di Comunit\u00e0 di Agordo che sar\u00e0 realizzata\u00a0 grazie a un investimento di 2,5 milioni di euro di cui 1,5 finanziati col PNRR e 1 col FSR. Il progetto prevede, realizzato dalla societ\u00e0 Pool Engineering la riqualificazione del primo piano dell\u2019ala ovest del corpo C del complesso Ospedaliero di Agordo, attualmente in disuso, oltre al miglioramento sismico del corpo che prevede lavorazioni puntuali a tutti i piani. Il progetto prevede un intervento di ristrutturazione su una superficie totale di circa 507 mq . Il layout prevede la realizzazione di 5 ambulatori specialistici in cui saranno erogati servizi diagnostici per il monitoraggio della cronicit\u00e0, 1 punto unico di accesso e 1 punto unico di accesso integrato (PUA), 1 locale dedicato all\u2019assistenza domiciliare integrata (ADI), locali per attivit\u00e0 dedicate al sociale, n. 1 locale polivalente, spazi dedicati alle attivit\u00e0 di segreteria e archivio, n. 1 locale per il coordinatore, n. 1 ufficio per attivit\u00e0 di segreteria e n. 1 ufficio direzionale, oltre ai locali di servizio a supporto alle attivit\u00e0 prevalenti. L\u2019accesso alla Casa della Comunit\u00e0 avviene dal vano scale e ascensore adiacente, posto a est. Vi \u00e8 inoltre una scala di emergenza che funge da via di fuga posta sul fronte nord. Il progetto rispetta l&#8217;assetto esistente che prevede la distribuzione tramite un corridoio centrale. Le funzioni di supporto sono state allocate in testa al reparto e nello snodo centrale, mentre le attivit\u00e0 ambulatoriali sono disposte in posizione baricentrica e lungo il fronte sud. Vi sono due grandi sale d&#8217;attesa in posizione contrapposta, in modo tale da poter differenziare la tipologia di utenza e garantire il distanziamento sociale. L\u2019accesso al piano si apre su una visuale aperta sull\u2019ampio corridoio di ingresso che termina sulla prima sala d\u2019attesa, facilitando l\u2019orientamento dell\u2019utenza. Di fronte alla sala di attesa si trovano i punti di accesso, dai quali si pu\u00f2 essere indirizzati nell\u2019ambulatorio di riferimento. Dal punto di vista impiantistico, si prevede il completo rifacimento degli impianti esistenti. Oltre alla ristrutturazione interna al piano, sono previsti degli interventi puntuali alle strutture, con l\u2019obiettivo di migliorare sismicamente l\u2019edificio. Anche ad Agordo, la casa della comunit\u00e0 \u00e8 stata pensata per essere il fulcro della assistenza territoriale e far trovare al cittadino in un unico punto tutti i servizi di cui necessita.<\/p>\n<p>&nbsp;<\/p>\n<h3>APPROVATO ANCHE IL PROGETTO PER FELTRE<\/h3>\n<p><strong>BELLUNO <\/strong>E\u2019 stato approvato il progetto di fattibilit\u00e0 della Casa di Comunit\u00e0 di Feltre che sar\u00e0 realizzata nella ex casa di cura Bellati in via Marconi grazie a un investimento di 4 milioni di euro di cui 2,5 finanziati col PNRR e 1,5 col FSR. Il progetto, redatto dalla societ\u00e0 di Ingegneria Areatecnica, prevede il rinforzo strutturale e la ristrutturazione del piano terra e del primo piano e l\u2019adeguamento antincendio. Il vero centro del progetto sar\u00e0 la riorganizzazione degli spazi interni, in particolare al primo piano, per dare la cornice ideale alla serie di servizi previsti dalla Casa della Comunit\u00e0 che diventer\u00e0 il fulcro della assistenza territoriale. La Nuova Casa di Comunit\u00e0 di Feltre, piano primo della Ex Casa di cura Bellati, si sviluppa per Aree funzionali: Area criticit\u00e0: Punto Unico di Accesso a tutti i servizi territoriali; Area direzionale; Area sanitaria consultoriale e di salute pubblica. L\u2019area criticit\u00e0 ospita n.9 ambulatori (specialistici, infermieristici, per infermieri di famiglia), una centrale di telemedicina. Il PUA (Punto Unico di Accesso) ospita l\u2019ufficio anagrafe, lo sportello amministrativo per telemedicina e l\u2019ufficio ausili e presidi, insieme ad un locale attesa; l\u2019area direzionale accoglie n.12 uffici. L\u2019area consultoriale e di salute pubblica ospita n.4 ambulatori.<\/p>\n<p>&nbsp;<\/p>\n<h3>CENTRALE OPERATIVA TERRITORIALE: APPROVATO IL PROGETTO DI FATTIBILIT\u00c0<\/h3>\n<p><strong>BELLUNO <\/strong>E\u2019 stato approvato il progetto di fattibilit\u00e0 della Centrale Operativa Territoriale che sar\u00e0 realizzata nel Blocco B (San Gervasio) dell\u2019Ospedale San Martino di Belluno al secondo piano, grazie a un investimento di 331 mila euro finanziati col PNRR. Il progetto prevede una serie di interventi di natura edile e impiantistica, oltre al rifacimento dei serramenti per rendere gli ambienti funzionali e accoglienti.<\/p>\n<p>&nbsp;<\/p>\n<hr \/>\n<p>&nbsp;<\/p>\n<blockquote>\n<h2>W GLI ALPINI, NELLE EMERGENZE E NEI MOMENTI CONVIVIALI<\/h2>\n<\/blockquote>\n<p><strong>ROCCA PIETORE<\/strong> Dopo la Festa Alpina organizzata dal Gruppo Alpini di Laste, oggi anche a Bosco Verde si \u00e8 svolto il tradizionale ritrovo organizzato dal Gruppo Alpini Rocca\/Marmolada. Dopo l&#8217;alzabandiera e la Santa Messa officiata dal Parroco di Rocca Don Franco Decima, pranzo sotto al tendone acquistato dal Comune con parte delle donazioni post Vaia.<em> &#8220;Ringrazio gli Alpini che anche da fuori provincia hanno voluto essere presenti con i loro gagliardetti ma ringrazio soprattutto i nostri Alpini che con costanza e passione ci regalano questi bei momenti conviviali, tipici del carattere e dell&#8217;organizzazione Alpina&#8221;<\/em> ha detto il sindaco Andrea De Bernardin<\/p>\n<p>audio<\/p>\n<audio class=\"wp-audio-shortcode\" id=\"audio-291325-4\" preload=\"none\" style=\"width: 100%;\" controls=\"controls\"><source type=\"audio\/mpeg\" src=\"https:\/\/www.radiopiu.net\/wordpress\/wp-content\/uploads\/2022\/08\/andrea.mp3?_=4\" \/><a href=\"https:\/\/www.radiopiu.net\/wordpress\/wp-content\/uploads\/2022\/08\/andrea.mp3\">https:\/\/www.radiopiu.net\/wordpress\/wp-content\/uploads\/2022\/08\/andrea.mp3<\/a><\/audio>\n<p>&nbsp;<\/p>\n\n\t\t\t<style type='text\/css'>\n\t\t\t\t#gallery-2 {\n\t\t\t\t\tmargin: auto;\n\t\t\t\t}\n\t\t\t\t#gallery-2 .gallery-item {\n\t\t\t\t\tfloat: left;\n\t\t\t\t\tmargin-top: 10px;\n\t\t\t\t\ttext-align: center;\n\t\t\t\t\twidth: 25%;\n\t\t\t\t}\n\t\t\t\t#gallery-2 img {\n\t\t\t\t\tborder: 2px solid #cfcfcf;\n\t\t\t\t}\n\t\t\t\t#gallery-2 .gallery-caption {\n\t\t\t\t\tmargin-left: 0;\n\t\t\t\t}\n\t\t\t\t\/* see gallery_shortcode() in wp-includes\/media.php *\/\n\t\t\t<\/style>\n\t\t<div id='gallery-2' class='dt-gallery-container gallery galleryid-291325 gallery-columns-4 gallery-size-thumbnail'><dl class='gallery-item'>\n\t\t\t\t<dt class='gallery-icon landscape'>\n\t\t\t\t\t<a class=\"rollover rollover-zoom dt-pswp-item\" title=\"df4c67ff-8d88-480e-9c28-f1d3e8bb89b6\" data-dt-img-description=\"\" data-large_image_width=\"1600\" data-large_image_height=\"1200\"href='https:\/\/www.radiopiu.net\/wordpress\/wp-content\/uploads\/2022\/08\/df4c67ff-8d88-480e-9c28-f1d3e8bb89b6.jpg'><img loading=\"lazy\" decoding=\"async\" width=\"150\" height=\"150\" src=\"https:\/\/www.radiopiu.net\/wordpress\/wp-content\/uploads\/2022\/08\/df4c67ff-8d88-480e-9c28-f1d3e8bb89b6-150x150.jpg\" class=\"attachment-thumbnail size-thumbnail\" alt=\"\" \/><\/a>\n\t\t\t\t<\/dt><\/dl><dl class='gallery-item'>\n\t\t\t\t<dt class='gallery-icon landscape'>\n\t\t\t\t\t<a class=\"rollover rollover-zoom dt-pswp-item\" title=\"4347366f-f243-4e99-813b-733ddc8fa0f3\" data-dt-img-description=\"\" data-large_image_width=\"1600\" data-large_image_height=\"1200\"href='https:\/\/www.radiopiu.net\/wordpress\/wp-content\/uploads\/2022\/08\/4347366f-f243-4e99-813b-733ddc8fa0f3.jpg'><img loading=\"lazy\" decoding=\"async\" width=\"150\" height=\"150\" src=\"https:\/\/www.radiopiu.net\/wordpress\/wp-content\/uploads\/2022\/08\/4347366f-f243-4e99-813b-733ddc8fa0f3-150x150.jpg\" class=\"attachment-thumbnail size-thumbnail\" alt=\"\" \/><\/a>\n\t\t\t\t<\/dt><\/dl><dl class='gallery-item'>\n\t\t\t\t<dt class='gallery-icon landscape'>\n\t\t\t\t\t<a class=\"rollover rollover-zoom dt-pswp-item\" title=\"bed1f3f7-7f1e-49fe-a525-2f7200b7a544\" data-dt-img-description=\"\" data-large_image_width=\"1600\" data-large_image_height=\"1200\"href='https:\/\/www.radiopiu.net\/wordpress\/wp-content\/uploads\/2022\/08\/bed1f3f7-7f1e-49fe-a525-2f7200b7a544.jpg'><img loading=\"lazy\" decoding=\"async\" width=\"150\" height=\"150\" src=\"https:\/\/www.radiopiu.net\/wordpress\/wp-content\/uploads\/2022\/08\/bed1f3f7-7f1e-49fe-a525-2f7200b7a544-150x150.jpg\" class=\"attachment-thumbnail size-thumbnail\" alt=\"\" \/><\/a>\n\t\t\t\t<\/dt><\/dl><dl class='gallery-item'>\n\t\t\t\t<dt class='gallery-icon landscape'>\n\t\t\t\t\t<a class=\"rollover rollover-zoom dt-pswp-item\" title=\"e1093fea-165a-484b-a1f5-76833e7a6e35\" data-dt-img-description=\"\" data-large_image_width=\"1600\" data-large_image_height=\"1200\"href='https:\/\/www.radiopiu.net\/wordpress\/wp-content\/uploads\/2022\/08\/e1093fea-165a-484b-a1f5-76833e7a6e35.jpg'><img loading=\"lazy\" decoding=\"async\" width=\"150\" height=\"150\" src=\"https:\/\/www.radiopiu.net\/wordpress\/wp-content\/uploads\/2022\/08\/e1093fea-165a-484b-a1f5-76833e7a6e35-150x150.jpg\" class=\"attachment-thumbnail size-thumbnail\" alt=\"\" \/><\/a>\n\t\t\t\t<\/dt><\/dl><br style=\"clear: both\" \/><dl class='gallery-item'>\n\t\t\t\t<dt class='gallery-icon landscape'>\n\t\t\t\t\t<a class=\"rollover rollover-zoom dt-pswp-item\" title=\"0cbb5648-286e-4b77-8a25-38b3e80b492d\" data-dt-img-description=\"\" data-large_image_width=\"1600\" data-large_image_height=\"1200\"href='https:\/\/www.radiopiu.net\/wordpress\/wp-content\/uploads\/2022\/08\/0cbb5648-286e-4b77-8a25-38b3e80b492d.jpg'><img loading=\"lazy\" decoding=\"async\" width=\"150\" height=\"150\" src=\"https:\/\/www.radiopiu.net\/wordpress\/wp-content\/uploads\/2022\/08\/0cbb5648-286e-4b77-8a25-38b3e80b492d-150x150.jpg\" class=\"attachment-thumbnail size-thumbnail\" alt=\"\" \/><\/a>\n\t\t\t\t<\/dt><\/dl><dl class='gallery-item'>\n\t\t\t\t<dt class='gallery-icon landscape'>\n\t\t\t\t\t<a class=\"rollover rollover-zoom dt-pswp-item\" title=\"c3e0e89c-a522-4e2e-8a59-56b72404fefb\" data-dt-img-description=\"\" data-large_image_width=\"1600\" data-large_image_height=\"1200\"href='https:\/\/www.radiopiu.net\/wordpress\/wp-content\/uploads\/2022\/08\/c3e0e89c-a522-4e2e-8a59-56b72404fefb.jpg'><img loading=\"lazy\" decoding=\"async\" width=\"150\" height=\"150\" src=\"https:\/\/www.radiopiu.net\/wordpress\/wp-content\/uploads\/2022\/08\/c3e0e89c-a522-4e2e-8a59-56b72404fefb-150x150.jpg\" class=\"attachment-thumbnail size-thumbnail\" alt=\"\" \/><\/a>\n\t\t\t\t<\/dt><\/dl><dl class='gallery-item'>\n\t\t\t\t<dt class='gallery-icon landscape'>\n\t\t\t\t\t<a class=\"rollover rollover-zoom dt-pswp-item\" title=\"535abc2e-510a-4d32-9684-f8d55ca502f1\" data-dt-img-description=\"\" data-large_image_width=\"1600\" data-large_image_height=\"1200\"href='https:\/\/www.radiopiu.net\/wordpress\/wp-content\/uploads\/2022\/08\/535abc2e-510a-4d32-9684-f8d55ca502f1.jpg'><img loading=\"lazy\" decoding=\"async\" width=\"150\" height=\"150\" src=\"https:\/\/www.radiopiu.net\/wordpress\/wp-content\/uploads\/2022\/08\/535abc2e-510a-4d32-9684-f8d55ca502f1-150x150.jpg\" class=\"attachment-thumbnail size-thumbnail\" alt=\"\" \/><\/a>\n\t\t\t\t<\/dt><\/dl><dl class='gallery-item'>\n\t\t\t\t<dt class='gallery-icon landscape'>\n\t\t\t\t\t<a class=\"rollover rollover-zoom dt-pswp-item\" title=\"da66a3c7-309a-49e4-9b5a-55eb6a8247e1\" data-dt-img-description=\"\" data-large_image_width=\"1600\" data-large_image_height=\"1200\"href='https:\/\/www.radiopiu.net\/wordpress\/wp-content\/uploads\/2022\/08\/da66a3c7-309a-49e4-9b5a-55eb6a8247e1.jpg'><img loading=\"lazy\" decoding=\"async\" width=\"150\" height=\"150\" src=\"https:\/\/www.radiopiu.net\/wordpress\/wp-content\/uploads\/2022\/08\/da66a3c7-309a-49e4-9b5a-55eb6a8247e1-150x150.jpg\" class=\"attachment-thumbnail size-thumbnail\" alt=\"\" \/><\/a>\n\t\t\t\t<\/dt><\/dl><br style=\"clear: both\" \/>\n\t\t\t<\/div>\n\n<p>&nbsp;<\/p>\n<p>&nbsp;<\/p>\n<hr \/>\n<p>&nbsp;<\/p>\n<blockquote class=\"wp-embedded-content\" data-secret=\"NGvSWcM34V\"><p><a href=\"https:\/\/www.radiopiu.net\/wordpress\/aggnazionaleagosto07\/\">CORONAVIRUS: AGGIORNAMENTO NAZIONALE 07 AGOSTO 2022<\/a><\/p><\/blockquote>\n<p><iframe loading=\"lazy\" class=\"wp-embedded-content\" sandbox=\"allow-scripts\" security=\"restricted\" style=\"position: absolute; clip: rect(1px, 1px, 1px, 1px);\" title=\"&#8220;CORONAVIRUS: AGGIORNAMENTO NAZIONALE 07 AGOSTO 2022&#8221; &#8212; Radio Pi\u00f9\" src=\"https:\/\/www.radiopiu.net\/wordpress\/aggnazionaleagosto07\/embed\/#?secret=oW6mFQrKac#?secret=NGvSWcM34V\" data-secret=\"NGvSWcM34V\" width=\"600\" height=\"338\" frameborder=\"0\" marginwidth=\"0\" marginheight=\"0\" scrolling=\"no\"><\/iframe><\/p>\n<p>&nbsp;<\/p>\n<p>&nbsp;<\/p>\n<blockquote class=\"wp-embedded-content\" data-secret=\"AVzC4i2hiv\"><p><a href=\"https:\/\/www.radiopiu.net\/wordpress\/oltre-2000-attualmente-positivi-in-meno-in-24-ore-zero-decessi\/\">OLTRE 2000 ATTUALMENTE POSITIVI IN MENO IN 24 ORE, ZERO DECESSI<\/a><\/p><\/blockquote>\n<p><iframe loading=\"lazy\" class=\"wp-embedded-content\" sandbox=\"allow-scripts\" security=\"restricted\" style=\"position: absolute; clip: rect(1px, 1px, 1px, 1px);\" title=\"&#8220;OLTRE 2000 ATTUALMENTE POSITIVI IN MENO IN 24 ORE, ZERO DECESSI&#8221; &#8212; Radio Pi\u00f9\" src=\"https:\/\/www.radiopiu.net\/wordpress\/oltre-2000-attualmente-positivi-in-meno-in-24-ore-zero-decessi\/embed\/#?secret=sRVa2m4RCq#?secret=AVzC4i2hiv\" data-secret=\"AVzC4i2hiv\" width=\"600\" height=\"338\" frameborder=\"0\" marginwidth=\"0\" marginheight=\"0\" scrolling=\"no\"><\/iframe><\/p>\n<p>&nbsp;<\/p>\n<p>&nbsp;<\/p>\n<h2>I GRAFICI DI TIZIANO DE COL<\/h2>\n\n\t\t\t<style type='text\/css'>\n\t\t\t\t#gallery-3 {\n\t\t\t\t\tmargin: auto;\n\t\t\t\t}\n\t\t\t\t#gallery-3 .gallery-item {\n\t\t\t\t\tfloat: left;\n\t\t\t\t\tmargin-top: 10px;\n\t\t\t\t\ttext-align: center;\n\t\t\t\t\twidth: 33%;\n\t\t\t\t}\n\t\t\t\t#gallery-3 img {\n\t\t\t\t\tborder: 2px solid #cfcfcf;\n\t\t\t\t}\n\t\t\t\t#gallery-3 .gallery-caption {\n\t\t\t\t\tmargin-left: 0;\n\t\t\t\t}\n\t\t\t\t\/* see gallery_shortcode() in wp-includes\/media.php *\/\n\t\t\t<\/style>\n\t\t<div id='gallery-3' class='dt-gallery-container gallery galleryid-291325 gallery-columns-3 gallery-size-thumbnail'><dl class='gallery-item'>\n\t\t\t\t<dt class='gallery-icon landscape'>\n\t\t\t\t\t<a class=\"rollover rollover-zoom dt-pswp-item\" title=\"bcadfc48-aaaf-4801-95d9-35b67d5cb734\" data-dt-img-description=\"\" data-large_image_width=\"590\" data-large_image_height=\"373\"href='https:\/\/www.radiopiu.net\/wordpress\/wp-content\/uploads\/2022\/08\/bcadfc48-aaaf-4801-95d9-35b67d5cb734.jpg'><img loading=\"lazy\" decoding=\"async\" width=\"150\" height=\"150\" src=\"https:\/\/www.radiopiu.net\/wordpress\/wp-content\/uploads\/2022\/08\/bcadfc48-aaaf-4801-95d9-35b67d5cb734-150x150.jpg\" class=\"attachment-thumbnail size-thumbnail\" alt=\"\" \/><\/a>\n\t\t\t\t<\/dt><\/dl><dl class='gallery-item'>\n\t\t\t\t<dt class='gallery-icon landscape'>\n\t\t\t\t\t<a class=\"rollover rollover-zoom dt-pswp-item\" title=\"0d7d427d-cea1-4627-b300-bf757f602780\" data-dt-img-description=\"\" data-large_image_width=\"603\" data-large_image_height=\"392\"href='https:\/\/www.radiopiu.net\/wordpress\/wp-content\/uploads\/2022\/08\/0d7d427d-cea1-4627-b300-bf757f602780.jpg'><img loading=\"lazy\" decoding=\"async\" width=\"150\" height=\"150\" src=\"https:\/\/www.radiopiu.net\/wordpress\/wp-content\/uploads\/2022\/08\/0d7d427d-cea1-4627-b300-bf757f602780-150x150.jpg\" class=\"attachment-thumbnail size-thumbnail\" alt=\"\" \/><\/a>\n\t\t\t\t<\/dt><\/dl><dl class='gallery-item'>\n\t\t\t\t<dt class='gallery-icon landscape'>\n\t\t\t\t\t<a class=\"rollover rollover-zoom dt-pswp-item\" title=\"a19a2d68-a2d6-4db4-b984-95d08edf3cfd\" data-dt-img-description=\"\" data-large_image_width=\"612\" data-large_image_height=\"363\"href='https:\/\/www.radiopiu.net\/wordpress\/wp-content\/uploads\/2022\/08\/a19a2d68-a2d6-4db4-b984-95d08edf3cfd.jpg'><img loading=\"lazy\" decoding=\"async\" width=\"150\" height=\"150\" src=\"https:\/\/www.radiopiu.net\/wordpress\/wp-content\/uploads\/2022\/08\/a19a2d68-a2d6-4db4-b984-95d08edf3cfd-150x150.jpg\" class=\"attachment-thumbnail size-thumbnail\" alt=\"\" \/><\/a>\n\t\t\t\t<\/dt><\/dl><br style=\"clear: both\" \/><dl class='gallery-item'>\n\t\t\t\t<dt class='gallery-icon landscape'>\n\t\t\t\t\t<a class=\"rollover rollover-zoom dt-pswp-item\" title=\"ce15c396-5e19-494f-a3fd-e29c7e433a39\" data-dt-img-description=\"\" data-large_image_width=\"610\" data-large_image_height=\"361\"href='https:\/\/www.radiopiu.net\/wordpress\/wp-content\/uploads\/2022\/08\/ce15c396-5e19-494f-a3fd-e29c7e433a39.jpg'><img loading=\"lazy\" decoding=\"async\" width=\"150\" height=\"150\" src=\"https:\/\/www.radiopiu.net\/wordpress\/wp-content\/uploads\/2022\/08\/ce15c396-5e19-494f-a3fd-e29c7e433a39-150x150.jpg\" class=\"attachment-thumbnail size-thumbnail\" alt=\"\" \/><\/a>\n\t\t\t\t<\/dt><\/dl><dl class='gallery-item'>\n\t\t\t\t<dt class='gallery-icon landscape'>\n\t\t\t\t\t<a class=\"rollover rollover-zoom dt-pswp-item\" title=\"39186e38-a05d-4bcd-9e0b-cc3bc397a5ca\" data-dt-img-description=\"\" data-large_image_width=\"614\" data-large_image_height=\"363\"href='https:\/\/www.radiopiu.net\/wordpress\/wp-content\/uploads\/2022\/08\/39186e38-a05d-4bcd-9e0b-cc3bc397a5ca.jpg'><img loading=\"lazy\" decoding=\"async\" width=\"150\" height=\"150\" src=\"https:\/\/www.radiopiu.net\/wordpress\/wp-content\/uploads\/2022\/08\/39186e38-a05d-4bcd-9e0b-cc3bc397a5ca-150x150.jpg\" class=\"attachment-thumbnail size-thumbnail\" alt=\"\" \/><\/a>\n\t\t\t\t<\/dt><\/dl><dl class='gallery-item'>\n\t\t\t\t<dt class='gallery-icon landscape'>\n\t\t\t\t\t<a class=\"rollover rollover-zoom dt-pswp-item\" title=\"60365f4b-c8ff-4b68-90b5-1f33856f97b1\" data-dt-img-description=\"\" data-large_image_width=\"618\" data-large_image_height=\"379\"href='https:\/\/www.radiopiu.net\/wordpress\/wp-content\/uploads\/2022\/08\/60365f4b-c8ff-4b68-90b5-1f33856f97b1.jpg'><img loading=\"lazy\" decoding=\"async\" width=\"150\" height=\"150\" src=\"https:\/\/www.radiopiu.net\/wordpress\/wp-content\/uploads\/2022\/08\/60365f4b-c8ff-4b68-90b5-1f33856f97b1-150x150.jpg\" class=\"attachment-thumbnail size-thumbnail\" alt=\"\" \/><\/a>\n\t\t\t\t<\/dt><\/dl><br style=\"clear: both\" \/>\n\t\t\t<\/div>\n\n<hr \/>\n<p>&nbsp;<\/p>\n<p>&nbsp;<\/p>\n<blockquote>\n<h3><strong>ZANZARE: AL VIA ALCUNI INCONTRI PER LA POPOLAZIONE<\/strong><\/h3>\n<\/blockquote>\n<p><strong>BELLUNO <\/strong>La zanzara non \u00e8 solo un insetto fastidioso, la puntura di zanzara pu\u00f2 diventare talvolta un pericolo per la trasmissione di alcune malattie virali. L\u2019Ulss Dolomiti ha attivato un ciclo di incontri per sensibilizzare i cittadini sulle misure preventive da poter adottare per ridurre la proliferazione delle zanzare e sulle malattie virali che possono essere trasmesse dalle punture di questi insetti. In Italia, le malattie virali trasmesse dalla puntura di zanzare sono: West Nile, Chikungunya, Dengue, Zika. Il primo incontro si terr\u00e0 luned\u00ec 8 agosto 2022 alle 17.30 a Pieve di Cadore presso la Sala della Magnifica Comunit\u00e0 del Cadore. Seguiranno altri due incontri,<span style=\"color: #ff0000;\"> GIOVEDI 18 AGOSTO AD AGORDO ALLE 17.30 IN SALA DELLA BIBLIOTECA<\/span>\u00a0 e venerd\u00ec 26 agosto ad Arsi\u00e8, ai quali si aggiungeranno ulteriori incontri. Seguiranno i dettagli per i prossimi appuntamenti.<\/p>\n<p>&nbsp;<\/p>\n<hr \/>\n<p>&nbsp;<\/p>\n<blockquote>\n<h3>WEST NILE. I CONSIGLI DELLA DIREZIONE PREVENZIONE DELLA REGIONE VENETO<\/h3>\n<\/blockquote>\n<p><strong>VENEZIA <\/strong>La Direzione Prevenzione della Regione del Veneto sta affrontando attivamente il fenomeno della diffusione della west nile, infezione trasmessa dalle comuni zanzare \u201cCulex\u201d, che in alcuni casi pu\u00f2 provocare una forma neuroinvasiva piuttosto grave, soprattutto negli anziani e nelle persone deboli. Per la west nile non esiste un vaccino, \u00e8 quindi particolarmente importante che le persone sappiano come difendersi al meglio dalla puntura degli insetti che potrebbero esserne portatori. Per questo la Direzione Prevenzione della Regione Veneto ha avviato una campagna informativa, distribuendo una serie di tabelle che spiegano come difendersi in tutte le Ullss. Si parte dal cos\u2019\u00e8 la west nile, per poi indicare gli indumenti pi\u00f9 adatti da indossare soprattutto nelle ore serali, i repellenti cutanei da utilizzare, l\u2019\u2019utilizzo (se possibile) del condizionatore di notte (le zanzare soffrono le temperature basse), la raccomandazione di chiamare il medico se la febbre sale oltre 38,5 e compaiono dolori articolari e muscolari, cefalea, stato di confusione, eruzione cutanea.<\/p>\n<p>&nbsp;<\/p>\n<p>&nbsp;<\/p>\n<hr \/>\n<p>&nbsp;<\/p>\n<blockquote>\n<h3>RIQUALIFICAZIONE DELL&#8217;AREA SPORTIVA DI NUOVA ERTO<\/h3>\n<\/blockquote>\n<p><strong><a class=\"dt-pswp-item\" href=\"https:\/\/www.radiopiu.net\/wordpress\/wp-content\/uploads\/2022\/08\/Area_sportiva_Nuova_Erto-scaled.jpg\" data-dt-img-description=\"\" data-large_image_width=\"2560\" data-large_image_height=\"1375\"><img loading=\"lazy\" decoding=\"async\" class=\"size-thumbnail wp-image-291328 alignleft\" src=\"https:\/\/www.radiopiu.net\/wordpress\/wp-content\/uploads\/2022\/08\/Area_sportiva_Nuova_Erto-150x150.jpg\" alt=\"\" width=\"150\" height=\"150\" \/><\/a>PONTE NELLE ALPI <\/strong>Approvato lo studio di fattibilit\u00e0 tecnica ed economica di riqualificazione dell\u2019area sportiva di Nuova Erto e dello stadio \u201cUmberto Orzes\u201d.<span class=\"gmail-Apple-converted-space\"> \u00a0<\/span>Il Comune di Ponte nelle Alpi, infatti, \u00e8 proprietario dell\u2019area che comprende lo stadio, la struttura coperta del PalaMares e i campi da tennis. E ha sottoscritto una convenzione con l\u2019associazione Polisportiva \u201cPonte nelle Alpi\u201d che gestisce gli impianti e ne permette la fruibilit\u00e0 dell\u2019utenza e delle societ\u00e0. Perch\u00e9 lo sport \u00e8 un importante strumento educativo e sociale, \u00e8 motore e linfa vitale del tempo libero della collettivit\u00e0, in particolare per i giovani. Le opere saranno graduali e sono state presentate dall\u2019ingegner Sandro D\u2019Agostini, incaricato dello studio di fattibilit\u00e0: in che consistono? Nella realizzazione di un nuovo spogliatoio a servizio del PalaMares, di un nuovo parcheggio verso i borghi di Madonna di Vedoia con la demolizione di un vecchio rudere, nel riordino delle infrastrutture del piazzale dello stadio e in una piattaforma per successivi allestimenti. I lavori, inoltre, interesseranno la tribuna dello stadio. Per quanto riguarda l\u2019area adiacente il parcheggio, \u00e8 individuata anche nel Piano comunale di Protezione civile come zona di attesa della popolazione e ammassamento dei soccorritori: per questo \u00e8 considerata strategica e di rilievo. In pi\u00f9, nella stessa zona, si svolge nel mese di settembre la tradizionale Sagra di Polpet.<span class=\"gmail-Apple-converted-space\"> \u00a0<\/span>Gli interventi, che saranno realizzati per step annuali e prevedono l\u2019accesso a bandi e contributi sovracomunali, ammontano a 400mila euro.<span class=\"gmail-Apple-converted-space\">\u00a0<\/span><\/p>\n<p>&nbsp;<\/p>\n<p>&nbsp;<\/p>\n<hr \/>\n<p>&nbsp;<\/p>\n<blockquote>\n<h3>MEDIASET AI SINDACI, &#8220;NON POTEVAMO NON SPEGNERE I RIPETITORI&#8221;<\/h3>\n<\/blockquote>\n<p><strong><a class=\"dt-pswp-item\" href=\"https:\/\/www.radiopiu.net\/wordpress\/wp-content\/uploads\/2022\/02\/TELEVISIONE-TV.jpg\" data-dt-img-description=\"\" data-large_image_width=\"1920\" data-large_image_height=\"1280\"><img loading=\"lazy\" decoding=\"async\" class=\"size-thumbnail wp-image-260071 alignleft\" src=\"https:\/\/www.radiopiu.net\/wordpress\/wp-content\/uploads\/2022\/02\/TELEVISIONE-TV-150x150.jpg\" alt=\"\" width=\"150\" height=\"150\" \/><\/a>ROMA<\/strong> &#8220;<em>Mediaset non riattiver\u00e0 i suoi impianti dismessi negli ultimi mesi nelle valli alpine e appenniniche, a causa del cambio di frequenze. La risposta \u00e8 stata data nelle scorse ore tramite Pec da Alessandro Capuzzello, Direttore Generale di Elettronica Industriale Spa, societ\u00e0 del Gruppo Mediaset, al Presidente dell&#8217;Unione montana Valle Stura. Spenti e non riaccesi. Inaccettabile. Avremmo auspicato una risposta diversa. Nonostante la disponibilit\u00e0 data da Elettronica Industriale nel &#8216;valutare eventuali possibili alternative, idonee a soddisfare le esigenze rappresentate&#8217; dall&#8217;Ente, i ripetitori non verranno riattivati. Non possiamo accettarlo. Auspichiamo Mediaset risponda alle richieste del Mise, dopo la convocazione al tavolo che ha ricevuto, e intervenga sui ripetitori delle valli alpini e appenniniche. Lo spegnimento comporta il dover trovare idonee e celeri soluzioni per l&#8217;utenza, ovvero le comunit\u00e0, ovvero i cittadini. Mediaset smobilita e non cerca soluzioni con gli Enti locali. Non possiamo accettarlo. Sono certo che il Ministro Giorgetti e la Sottosegretaria Ascani impegneranno l&#8217;azienda, in un tavolo nazionale, a iniziative per superare la grave situazione creatasi dopo lo spegnimento dei ripetitori<\/em>&#8220;. Lo afferma Marco Bussone, Presidente nazionale Uncem.<\/p>\n<p>&nbsp;<\/p>\n<p>&nbsp;<\/p>\n<hr \/>\n<p>&nbsp;<\/p>\n<blockquote>\n<h2><strong><a class=\"dt-pswp-item\" href=\"https:\/\/www.radiopiu.net\/wordpress\/wp-content\/uploads\/2022\/08\/7ea48a6c-63a0-4ed2-b46f-e11dcd93f648.jpg\" data-dt-img-description=\"\" data-large_image_width=\"1368\" data-large_image_height=\"1026\"><img loading=\"lazy\" decoding=\"async\" class=\"wp-image-291515 alignleft\" src=\"https:\/\/www.radiopiu.net\/wordpress\/wp-content\/uploads\/2022\/08\/7ea48a6c-63a0-4ed2-b46f-e11dcd93f648-1024x768.jpg\" alt=\"\" width=\"218\" height=\"164\" srcset=\"https:\/\/www.radiopiu.net\/wordpress\/wp-content\/uploads\/2022\/08\/7ea48a6c-63a0-4ed2-b46f-e11dcd93f648-1024x768.jpg 1024w, https:\/\/www.radiopiu.net\/wordpress\/wp-content\/uploads\/2022\/08\/7ea48a6c-63a0-4ed2-b46f-e11dcd93f648-300x225.jpg 300w, https:\/\/www.radiopiu.net\/wordpress\/wp-content\/uploads\/2022\/08\/7ea48a6c-63a0-4ed2-b46f-e11dcd93f648-768x576.jpg 768w, https:\/\/www.radiopiu.net\/wordpress\/wp-content\/uploads\/2022\/08\/7ea48a6c-63a0-4ed2-b46f-e11dcd93f648.jpg 1368w\" sizes=\"auto, (max-width: 218px) 100vw, 218px\" \/><\/a><\/strong><\/h2>\n<h2><\/h2>\n<h2>DOMENICA A PIAN DE LE FEMENE IL RICORDO<\/h2>\n<\/blockquote>\n<p>&nbsp;<\/p>\n<p><strong>BELLUNO<\/strong><\/p>\n<p><strong>DI ROBERTO BONA<\/strong><\/p>\n<p><strong>AUDIO\u00a0<\/strong><\/p>\n<audio class=\"wp-audio-shortcode\" id=\"audio-291325-5\" preload=\"none\" style=\"width: 100%;\" controls=\"controls\"><source type=\"audio\/mpeg\" src=\"https:\/\/www.radiopiu.net\/wordpress\/wp-content\/uploads\/2022\/08\/ROBERTO-BONA.mp3?_=5\" \/><a href=\"https:\/\/www.radiopiu.net\/wordpress\/wp-content\/uploads\/2022\/08\/ROBERTO-BONA.mp3\">https:\/\/www.radiopiu.net\/wordpress\/wp-content\/uploads\/2022\/08\/ROBERTO-BONA.mp3<\/a><\/audio>\n<p>&nbsp;<\/p>\n<p>&nbsp;<\/p>\n<p>&nbsp;<\/p>\n<hr \/>\n<p>&nbsp;<\/p>\n<blockquote>\n<h3>IL VENETO TORNA A ESSERE LA LOCOMOTIVA ECONOMICA DEL PAESE<\/h3>\n<\/blockquote>\n<p>Ancorch\u00e9 gli scostamenti tra le previsioni di crescita delle singole regioni siano minimi, il Nordest, comunque, torna a trainare l\u2019economia del Paese. Nel 2022, infatti, il Pil del Veneto \u00e8 destinato ad aumentare del 3,4 per cento. Nessuna altra regione italiana \u00e8 destinata a fare meglio. Subito dopo scorgiamo la Lombardia con il 3,3 e l\u2019Emilia Romagna con il 3,2. Friuli Venezia Giulia e Trentino Alto Adige registrano entrambe una variazione del +2,7 per cento. In coda, invece, scorgiamo le Marche con un aumento del 2,4 per cento, la Basilicata con il 2,3 e, infine, la Calabria con il 2,1 (vedi Graf. 1). I dati emergono da un\u2019analisi realizzata dall\u2019Ufficio studi della CGIA sugli scenari territoriali presentati nelle settimane scorse da Prometeia. Entro quest\u2019anno, inoltre, solo 7 regioni su 20 recuperano il livello di Pil che avevano prima dell\u2019avvento della pandemia (2019). Esse sono: Trentino Alto Adige (+0,1 per cento), Puglia e Abruzzo (+0,2), Emilia Romagna (+0,3), Valle d\u2019Aosta (+0,8), Lombardia (+1,2 per cento) e Friuli Venezia Giulia (+1,6). Le altre 13, invece, ancora no. Le realt\u00e0 territoriali che faticano pi\u00f9 delle altre a recuperare il terreno perduto sono la Toscana (-1,4 per cento), la Calabria (-1,8) e, infine, la Sardegna (-2,1). Il Veneto registra una variazione del -0,1 per cento (vedi Tab. 1).<\/p>\n<p><strong>Le incognite del prossimo autunno: la crisi tedesca potrebbe rallentare il Nordest<\/strong><br \/>\nRispetto alle previsioni presentate in queste ultime settimane dai principali istituti economico\u2013statistici nazionali, quelle richiamate in questa analisi sono, invece, pi\u00f9 prudenti. Nel 2022, infatti, la crescita media del Pil italiano \u00e8 stimata al 2,9 per cento. Un livello inferiore a quello ipotizzato, ad esempio, nelle settimane scorse dalla Banca d\u2019Italia (+3,2 per cento) o al dato sulla crescita acquisita dall\u2019Istat (+3,4). L\u2019Ufficio studi della CGIA ritiene, infatti, che il prossimo autunno sar\u00e0 caratterizzato da uno scenario economico-sociale particolarmente difficile. Il caro energia, l\u2019inflazione galoppante, gli sviluppi della guerra in Ucraina e una possibile recrudescenza del Covid potrebbero \u201cfrenare\u201d con pi\u00f9 forza di quanto previsto lo slancio economico maturato in Italia nella prima parte di quest\u2019anno. Anche i forti segnali di crisi che stanno investendo l\u2019economia tedesca non lasciano presagire nulla di buono. Tutti sanno quanto la nostra economia sia legata ai L\u00e4nder tedeschi. I nostri prodotti del tessile, abbigliamento, calzature, mobilio e della componentistica dell\u2019auto sono molto richiesti in Germania. Se, come sostengono molti economisti, Berlino dovesse nel prossimo inverno scivolare verso la recessione a causa dell\u2019aumento dei prezzi dell\u2019energia e della carenza di gas, le conseguenze negative sarebbero avvertite anche a Nordest.<\/p>\n<p><strong>La ripresa \u00e8 arrivata da aiuti, turismo, investimenti ed export<\/strong><br \/>\nGli aiuti pubblici erogati dal Governo Draghi per contrastare la crisi, il buon andamento delle presenze turistiche, gli investimenti (in particolar modo nelle costruzioni) e l\u2019export sono le voci pi\u00f9 significative che stanno puntellando la ripresa economica in atto. Per quanto concerne i consumi delle famiglie che, ricordiamo, costituiscono il 60 per cento circa del Pil nazionale, dovrebbero salire, rispetto al 2021, del 2,8 per cento, anche se rispetto al 2019 sono ancora inferiori del 4,1. A livello regionale, le variazioni 2022 su 2021 pi\u00f9 importanti si segnalano in Lombardia, e Veneto (ambedue +3,4 per cento) e in Valle d\u2019Aosta (+3,3) (vedi Tab. 2). Per quanto concerne gli investimenti, quest\u2019anno aumentano del 9,9 per cento, con punte del 10,4 in Lombardia, del 10,3 per cento in Emilia Romagna e del 10,2 per cento in Sicilia, Piemonte, Campania e Puglia. In Veneto gli investimenti si \u201cfermano\u201d al +10 per cento. Rispetto alla situazione pre-Covid, il dato medio nazionale \u00e8 aumentato addirittura del 16,9 per cento (in Veneto +15,8) (vedi Tab. 3). In merito all\u2019export, infine, quest\u2019anno il dato nazionale dovrebbe aumentare del 6,3 per cento, con picchi particolarmente positivi in Sicilia (+15,5 per cento), Liguria (+12,3), Valle d\u2019Aosta (+12,2) e Calabria (+11,8). Nella nostra regione l\u2019incremento sar\u00e0 del 6 per cento. Rispetto a 3 anni fa, le vendite italiane all\u2019estero sono incrementate del 9 per cento, in Veneto, invece, del +9,5 (vedi Tab. 4).<\/p>\n<p><strong>Svettano le 2 province della Venezia Giulia<\/strong><br \/>\nIn merito alla crescita economica, misurata a livello provinciale dal valore aggiunto, svetta la Venezia Giulia: Gorizia con il +4,4 per cento e Trieste con il +4,3 guidano la classifica nazionale. Sondrio, invece, con il +4,1 occupa il terzo gradino del podio. La prima provincia veneta, vale a dire Verona, si piazza all\u2019ottavo posto con un incremento del Pil rispetto al 2021 del 3,9 per cento. Venezia e Vicenza registrano una crescita del 3,7, Rovigo del 3,6, Padova del 3,4, Belluno del 3,3 e Treviso del 2,7. Rispetto al 2019, tre province venete su sette devono ancora recuperare la caduta del Pil causata dalla crisi pandemica. Esse sono Padova (-0,1 per cento), Rovigo (-3,8) e Belluno che presenta uno scostamento del -5,2 per cento. Nessuna altra provincia italiana presenta un risultato cos\u00ec negativo come quello ascrivibile alla realt\u00e0 bellunese (vedi Tab. 5).<\/p>\n\n\t\t\t<style type='text\/css'>\n\t\t\t\t#gallery-4 {\n\t\t\t\t\tmargin: auto;\n\t\t\t\t}\n\t\t\t\t#gallery-4 .gallery-item {\n\t\t\t\t\tfloat: left;\n\t\t\t\t\tmargin-top: 10px;\n\t\t\t\t\ttext-align: center;\n\t\t\t\t\twidth: 33%;\n\t\t\t\t}\n\t\t\t\t#gallery-4 img {\n\t\t\t\t\tborder: 2px solid #cfcfcf;\n\t\t\t\t}\n\t\t\t\t#gallery-4 .gallery-caption {\n\t\t\t\t\tmargin-left: 0;\n\t\t\t\t}\n\t\t\t\t\/* see gallery_shortcode() in wp-includes\/media.php *\/\n\t\t\t<\/style>\n\t\t<div id='gallery-4' class='dt-gallery-container gallery galleryid-291325 gallery-columns-3 gallery-size-medium'><dl class='gallery-item'>\n\t\t\t\t<dt class='gallery-icon landscape'>\n\t\t\t\t\t<a class=\"rollover rollover-zoom dt-pswp-item\" title=\"Schermata 2022-08-06 alle 09.24.14\" data-dt-img-description=\"\" data-large_image_width=\"1234\" data-large_image_height=\"1072\"href='https:\/\/www.radiopiu.net\/wordpress\/wp-content\/uploads\/2022\/08\/Schermata-2022-08-06-alle-09.24.14.png'><img loading=\"lazy\" decoding=\"async\" width=\"300\" height=\"261\" src=\"https:\/\/www.radiopiu.net\/wordpress\/wp-content\/uploads\/2022\/08\/Schermata-2022-08-06-alle-09.24.14-300x261.png\" class=\"attachment-medium size-medium\" alt=\"\" srcset=\"https:\/\/www.radiopiu.net\/wordpress\/wp-content\/uploads\/2022\/08\/Schermata-2022-08-06-alle-09.24.14-300x261.png 300w, https:\/\/www.radiopiu.net\/wordpress\/wp-content\/uploads\/2022\/08\/Schermata-2022-08-06-alle-09.24.14-1024x890.png 1024w, https:\/\/www.radiopiu.net\/wordpress\/wp-content\/uploads\/2022\/08\/Schermata-2022-08-06-alle-09.24.14-768x667.png 768w, https:\/\/www.radiopiu.net\/wordpress\/wp-content\/uploads\/2022\/08\/Schermata-2022-08-06-alle-09.24.14.png 1234w\" sizes=\"auto, (max-width: 300px) 100vw, 300px\" \/><\/a>\n\t\t\t\t<\/dt><\/dl><dl class='gallery-item'>\n\t\t\t\t<dt class='gallery-icon portrait'>\n\t\t\t\t\t<a class=\"rollover rollover-zoom dt-pswp-item\" title=\"Schermata 2022-08-06 alle 09.24.37\" data-dt-img-description=\"\" data-large_image_width=\"1030\" data-large_image_height=\"1412\"href='https:\/\/www.radiopiu.net\/wordpress\/wp-content\/uploads\/2022\/08\/Schermata-2022-08-06-alle-09.24.37.png'><img loading=\"lazy\" decoding=\"async\" width=\"219\" height=\"300\" src=\"https:\/\/www.radiopiu.net\/wordpress\/wp-content\/uploads\/2022\/08\/Schermata-2022-08-06-alle-09.24.37-219x300.png\" class=\"attachment-medium size-medium\" alt=\"\" srcset=\"https:\/\/www.radiopiu.net\/wordpress\/wp-content\/uploads\/2022\/08\/Schermata-2022-08-06-alle-09.24.37-219x300.png 219w, https:\/\/www.radiopiu.net\/wordpress\/wp-content\/uploads\/2022\/08\/Schermata-2022-08-06-alle-09.24.37-747x1024.png 747w, https:\/\/www.radiopiu.net\/wordpress\/wp-content\/uploads\/2022\/08\/Schermata-2022-08-06-alle-09.24.37-768x1053.png 768w, https:\/\/www.radiopiu.net\/wordpress\/wp-content\/uploads\/2022\/08\/Schermata-2022-08-06-alle-09.24.37.png 1030w\" sizes=\"auto, (max-width: 219px) 100vw, 219px\" \/><\/a>\n\t\t\t\t<\/dt><\/dl><dl class='gallery-item'>\n\t\t\t\t<dt class='gallery-icon portrait'>\n\t\t\t\t\t<a class=\"rollover rollover-zoom dt-pswp-item\" title=\"Schermata 2022-08-06 alle 09.25.03\" data-dt-img-description=\"\" data-large_image_width=\"1030\" data-large_image_height=\"1412\"href='https:\/\/www.radiopiu.net\/wordpress\/wp-content\/uploads\/2022\/08\/Schermata-2022-08-06-alle-09.25.03.png'><img loading=\"lazy\" decoding=\"async\" width=\"219\" height=\"300\" src=\"https:\/\/www.radiopiu.net\/wordpress\/wp-content\/uploads\/2022\/08\/Schermata-2022-08-06-alle-09.25.03-219x300.png\" class=\"attachment-medium size-medium\" alt=\"\" srcset=\"https:\/\/www.radiopiu.net\/wordpress\/wp-content\/uploads\/2022\/08\/Schermata-2022-08-06-alle-09.25.03-219x300.png 219w, https:\/\/www.radiopiu.net\/wordpress\/wp-content\/uploads\/2022\/08\/Schermata-2022-08-06-alle-09.25.03-747x1024.png 747w, https:\/\/www.radiopiu.net\/wordpress\/wp-content\/uploads\/2022\/08\/Schermata-2022-08-06-alle-09.25.03-768x1053.png 768w, https:\/\/www.radiopiu.net\/wordpress\/wp-content\/uploads\/2022\/08\/Schermata-2022-08-06-alle-09.25.03.png 1030w\" sizes=\"auto, (max-width: 219px) 100vw, 219px\" \/><\/a>\n\t\t\t\t<\/dt><\/dl><br style=\"clear: both\" \/><dl class='gallery-item'>\n\t\t\t\t<dt class='gallery-icon landscape'>\n\t\t\t\t\t<a class=\"rollover rollover-zoom dt-pswp-item\" title=\"Schermata 2022-08-06 alle 09.25.59\" data-dt-img-description=\"\" data-large_image_width=\"1120\" data-large_image_height=\"658\"href='https:\/\/www.radiopiu.net\/wordpress\/wp-content\/uploads\/2022\/08\/Schermata-2022-08-06-alle-09.25.59.png'><img loading=\"lazy\" decoding=\"async\" width=\"300\" height=\"176\" src=\"https:\/\/www.radiopiu.net\/wordpress\/wp-content\/uploads\/2022\/08\/Schermata-2022-08-06-alle-09.25.59-300x176.png\" class=\"attachment-medium size-medium\" alt=\"\" srcset=\"https:\/\/www.radiopiu.net\/wordpress\/wp-content\/uploads\/2022\/08\/Schermata-2022-08-06-alle-09.25.59-300x176.png 300w, https:\/\/www.radiopiu.net\/wordpress\/wp-content\/uploads\/2022\/08\/Schermata-2022-08-06-alle-09.25.59-1024x602.png 1024w, https:\/\/www.radiopiu.net\/wordpress\/wp-content\/uploads\/2022\/08\/Schermata-2022-08-06-alle-09.25.59-768x451.png 768w, https:\/\/www.radiopiu.net\/wordpress\/wp-content\/uploads\/2022\/08\/Schermata-2022-08-06-alle-09.25.59.png 1120w\" sizes=\"auto, (max-width: 300px) 100vw, 300px\" \/><\/a>\n\t\t\t\t<\/dt><\/dl><dl class='gallery-item'>\n\t\t\t\t<dt class='gallery-icon portrait'>\n\t\t\t\t\t<a class=\"rollover rollover-zoom dt-pswp-item\" title=\"Schermata 2022-08-06 alle 09.25.41\" data-dt-img-description=\"\" data-large_image_width=\"1028\" data-large_image_height=\"1444\"href='https:\/\/www.radiopiu.net\/wordpress\/wp-content\/uploads\/2022\/08\/Schermata-2022-08-06-alle-09.25.41.png'><img loading=\"lazy\" decoding=\"async\" width=\"214\" height=\"300\" src=\"https:\/\/www.radiopiu.net\/wordpress\/wp-content\/uploads\/2022\/08\/Schermata-2022-08-06-alle-09.25.41-214x300.png\" class=\"attachment-medium size-medium\" alt=\"\" srcset=\"https:\/\/www.radiopiu.net\/wordpress\/wp-content\/uploads\/2022\/08\/Schermata-2022-08-06-alle-09.25.41-214x300.png 214w, https:\/\/www.radiopiu.net\/wordpress\/wp-content\/uploads\/2022\/08\/Schermata-2022-08-06-alle-09.25.41-729x1024.png 729w, https:\/\/www.radiopiu.net\/wordpress\/wp-content\/uploads\/2022\/08\/Schermata-2022-08-06-alle-09.25.41-768x1079.png 768w, https:\/\/www.radiopiu.net\/wordpress\/wp-content\/uploads\/2022\/08\/Schermata-2022-08-06-alle-09.25.41.png 1028w\" sizes=\"auto, (max-width: 214px) 100vw, 214px\" \/><\/a>\n\t\t\t\t<\/dt><\/dl><dl class='gallery-item'>\n\t\t\t\t<dt class='gallery-icon portrait'>\n\t\t\t\t\t<a class=\"rollover rollover-zoom dt-pswp-item\" title=\"Schermata 2022-08-06 alle 09.25.22\" data-dt-img-description=\"\" data-large_image_width=\"1030\" data-large_image_height=\"1412\"href='https:\/\/www.radiopiu.net\/wordpress\/wp-content\/uploads\/2022\/08\/Schermata-2022-08-06-alle-09.25.22.png'><img loading=\"lazy\" decoding=\"async\" width=\"219\" height=\"300\" src=\"https:\/\/www.radiopiu.net\/wordpress\/wp-content\/uploads\/2022\/08\/Schermata-2022-08-06-alle-09.25.22-219x300.png\" class=\"attachment-medium size-medium\" alt=\"\" srcset=\"https:\/\/www.radiopiu.net\/wordpress\/wp-content\/uploads\/2022\/08\/Schermata-2022-08-06-alle-09.25.22-219x300.png 219w, https:\/\/www.radiopiu.net\/wordpress\/wp-content\/uploads\/2022\/08\/Schermata-2022-08-06-alle-09.25.22-747x1024.png 747w, https:\/\/www.radiopiu.net\/wordpress\/wp-content\/uploads\/2022\/08\/Schermata-2022-08-06-alle-09.25.22-768x1053.png 768w, https:\/\/www.radiopiu.net\/wordpress\/wp-content\/uploads\/2022\/08\/Schermata-2022-08-06-alle-09.25.22.png 1030w\" sizes=\"auto, (max-width: 219px) 100vw, 219px\" \/><\/a>\n\t\t\t\t<\/dt><\/dl><br style=\"clear: both\" \/>\n\t\t\t<\/div>\n\n<p>&nbsp;<\/p>\n<hr \/>\n<p>&nbsp;<\/p>\n<blockquote>\n<h3>\u201cLAMON: PROFILO STORICO DI UNA COMUNIT\u00c0 DI CONFINE\u201d NEL LIBRO (2003) DI PAOLO CONTE<\/h3>\n<\/blockquote>\n<p><strong>di RENATO BONA<\/strong><\/p>\n<p>Nel novembre 2003 lo storico lamonese Paolo Conte (del quale ci onoriamo di essere amici di lunga data . ndr.), abitante con la famiglia a Belluno, gi\u00e0 direttore responsabile dell\u2019Archivio storico di Belluno, Feltre e Cadore, rivista fondata nel capoluogo nel 1929, dava alle stampe con la bellunese tipografia Piave (da mesi ha, purtroppo, cessato, l\u2019attivit\u00e0 \u2013 ndr.), ad iniziativa dell\u2019associazione Pro Loco Lamon, il libro \u201cLamon: profilo storico di una Comunit\u00e0 di confine\u201d fra l\u2019altro proponendo nella copertina la miniatura raffigurante San Pietro nell\u2019inventario dei beni della parrocchia di San Pietro Apostolo di Lamon (1529-1533). Al primo degli apostoli fu dedicata l\u2019unica chiesa pievanale sorta su un precedente insediamento tardo-romano. Per secoli il santo patrono e la chiesa costituirono i punti di riferimento della fede e dell\u2019impegno civile della Comunit\u00e0 lamonese. In quarta di copertina: Emo Mazzetti (1870-1936) olio sui tela 105&#215;89, collezione privata, con cui il pittore trevigiano riprende uno scorcio del centro del paese con sullo sfondo la chiesa di San Daniele. Il pregevole volume di Conte (grafica ed impaginazione di Antonio Genuin) sul quale avremo modo e il piacere di tornare, si articola in tre parti: \u201cLamon: profilo storico di una Comunit\u00e0 di confine con 38 biografie di personaggi noti e sconosciuti\u201d; \u201cImmagini del tempo\u201d; Profili biografici\u201d ed \u00e8 per cos\u00ec dire &#8211; lo ricordava in occasione della presentazione la presidente della Pro Loco, Franca Tollardo &#8211; la derivazione da: \u201cIl dialetto storico di Lamon cultura nelle parole\u201d fondamentale studio sulla nostra parlata, curato da Loredana Corr\u00e0 la quale apriva proprio col breve saggio di Paolo Conte dedicato alle secolari vicende del paese e che ha dato il titolo al libro di cui ci occupiamo nella circostanza. La Tollardo esprimendo gratitudine al Comune di Lamon e al prof. Paolo Conte per la disponibilit\u00e0 dimostrata, concludeva con l\u2019auspicio che \u201cattraverso queste agili pagine gli ospiti e i villeggianti apprendano l\u2019origine e gli avvenimenti salienti della nostra Comunit\u00e0, i giovani si accostino all\u2019esistenza dei loro antenati traendone forza per vivere consapevolmente il presente e progettare con lungimiranza il futuro, gli insegnanti trovino un\u2019utile guida per avvicinare i loro allievi alla grande storia approfondendo gli eventi e la cultura del microcosmo in cui essi crescono\u201d. Accennavamo pi\u00f9 sopra all\u2019articolazione del libro ed allora vediamola: il capitolo \u201cLamon: profilo storico di una comunit\u00e0 di confine\u201d propone: \u201cIl luogo, l\u2019origine del nome, lo stemma\u201d; \u201cDai primi abitatori alla romanizzazione del territorio\u201d; \u201cDalle invasioni barbariche del V secolo alla nascita del Comune di Feltre\u201d; \u201cDalla diffusione del cristianesimo al calice del diacono Orso, alla fondazione del santuario dei Santi Vittore e Corona\u201d; \u201cLa pieve rurale di Lamon; le altre due parrocchie: San Donato e Arina\u201d; \u201cDal XII secolo alla vigilia dell\u2019egemonia veneziana\u201d, \u201cQuestioni fra Comunit\u00e0: la sentenza arbitrale del 1177; la prima attestazione storica del nome del paese\u201d; \u201cLa Regola di Lamon\u201d; \u201cDal dominio di Venezia alla fine del Settecento: le relazioni dei rettori; la pubblicazione degli statuti cittadini; la ripresa delle vertenze confinarie; ancora dai consuntivi dei podest\u00e0; inizia la decadenza economica della citt\u00e0 di Feltre e del territorio; riemergono le controversie tra vicini; i provvedimenti sul diritto di pascolo, le ultime relazioni dei rettori, le liti confinarie alla conclusione del XVIII secolo\u201d; \u201cDalla caduta della Repubblica di San Marco al 1866\u201d; \u201cDall\u2019annessione del Veneto all\u2019Italia alla grande guerra\u201d; \u201cDalla fine del primo, al termine del secondo conflitto mondiale\u201d; \u201cDal dopoguerra al chiudersi del Novecento\u201d. Seguono: \u201cImmagini del tempo\u201d, \u201dProfili biografici\u201d, \u201cBibliografia e indici\u201d. Sul luogo, in estrema sintesi, Paolo Conte scrive che la particolare morfologia del vasto territorio &#8211; oltre 54 chilometri quqadrati che si distendono dai circa 360 metri sul mare della borgata dei Maoli, ai 2069 del monte Coppolo &#8211; ha da una parte favorito la concentrazione degli insediamenti nell\u2019area pianeggiante centrale del paese, ospitante oltre la met\u00e0 degli abitanti residenti, e dall\u2019altra la loro distribuzione in frazioni e borgate sparse ed arroccate su erti pendii. Quale conseguenza, \u00e8 derivato per secoli un duplice isolamento: quello creato dalle difficolt\u00e0 naturali di collegamento verso l\u2019esterno del paese e quello interno fra le quindici frazioni principali, due delle quali, San Donato e Arina (rispettivamente a 9 e a 7,5 chilometri dal capoluogo) sono state per molto tempo le pi\u00f9 popolate. Quanto al nome del paese \u201cin passato si \u00e8 a lungo discusso\u201d: Antonio Cambruzzi immagin\u00f2 che discendesse da Lamone, figlio di Ercole o, pi\u00f9 probabile, da Giove Ammone divinit\u00e0 alla quale in epoca romana, si pensava fosse stato dedicato un tempio sul colle di San Pietro dove venne poi costruita la chiesa. Altri ipotizzarono che derivasse da Aimone o Almone, nome proprio di un signore del posto. Mentre nell\u2019Ottocento il medico lamonese Jacopo Facen accolse la seconda versione di Cambruzzi fatta propria e tramandata dallo storico feltrino Antonio Vecellio. Della questione si occuparono anche il prof. Attilio Dal Zotto nel 1953 e nel 1962 lo studioso Bortolo Mastel mentre nel 1940 il linguista Carlo Battisti pensava alla derivazione da \u2018lama\u2019 (concavit\u00e0 del terreno con acqua \u2013 ndr.) , ipotesi condivisa in tempi pi\u00f9 recenti dal glottologo Giovan Battista Pellegrini. Infine lo stemma del Comune che: \u201cricalca le origini leggendarie del paese. Proposto dal Consiglio comunale, che accolse i suggerimenti del farmacista e appassionato di storia locale Guerrino Susin, venne approvato nel 1921 con regio decreto: al centro presenta il tempio dedicato a Giove Ammone, sorgente sul colle di San Pietro, con ai lati le fronde di quercia e olivo e sopra la corona ghibellina\u201d.<\/p>\n<p>&nbsp;<\/p>\n\n\t\t\t<style type='text\/css'>\n\t\t\t\t#gallery-5 {\n\t\t\t\t\tmargin: auto;\n\t\t\t\t}\n\t\t\t\t#gallery-5 .gallery-item {\n\t\t\t\t\tfloat: left;\n\t\t\t\t\tmargin-top: 10px;\n\t\t\t\t\ttext-align: center;\n\t\t\t\t\twidth: 25%;\n\t\t\t\t}\n\t\t\t\t#gallery-5 img {\n\t\t\t\t\tborder: 2px solid #cfcfcf;\n\t\t\t\t}\n\t\t\t\t#gallery-5 .gallery-caption {\n\t\t\t\t\tmargin-left: 0;\n\t\t\t\t}\n\t\t\t\t\/* see gallery_shortcode() in wp-includes\/media.php *\/\n\t\t\t<\/style>\n\t\t<div id='gallery-5' class='dt-gallery-container gallery galleryid-291325 gallery-columns-4 gallery-size-thumbnail'><dl class='gallery-item'>\n\t\t\t\t<dt class='gallery-icon portrait'>\n\t\t\t\t\t<a class=\"rollover rollover-zoom dt-pswp-item\" title=\"295626245_332197979035935_6421161931844656629_n\" data-dt-img-description=\"\" data-large_image_width=\"152\" data-large_image_height=\"247\"href='https:\/\/www.radiopiu.net\/wordpress\/wp-content\/uploads\/2022\/08\/295626245_332197979035935_6421161931844656629_n.jpg'><img loading=\"lazy\" decoding=\"async\" width=\"150\" height=\"150\" src=\"https:\/\/www.radiopiu.net\/wordpress\/wp-content\/uploads\/2022\/08\/295626245_332197979035935_6421161931844656629_n-150x150.jpg\" class=\"attachment-thumbnail size-thumbnail\" alt=\"\" \/><\/a>\n\t\t\t\t<\/dt><\/dl><dl class='gallery-item'>\n\t\t\t\t<dt class='gallery-icon portrait'>\n\t\t\t\t\t<a class=\"rollover rollover-zoom dt-pswp-item\" title=\"297224966_370145458598606_621622484121003489_n\" data-dt-img-description=\"\" data-large_image_width=\"160\" data-large_image_height=\"206\"href='https:\/\/www.radiopiu.net\/wordpress\/wp-content\/uploads\/2022\/08\/297224966_370145458598606_621622484121003489_n.jpg'><img loading=\"lazy\" decoding=\"async\" width=\"150\" height=\"150\" src=\"https:\/\/www.radiopiu.net\/wordpress\/wp-content\/uploads\/2022\/08\/297224966_370145458598606_621622484121003489_n-150x150.jpg\" class=\"attachment-thumbnail size-thumbnail\" alt=\"\" \/><\/a>\n\t\t\t\t<\/dt><\/dl><dl class='gallery-item'>\n\t\t\t\t<dt class='gallery-icon landscape'>\n\t\t\t\t\t<a class=\"rollover rollover-zoom dt-pswp-item\" title=\"296315308_574614920796921_3206714282390954469_n\" data-dt-img-description=\"\" data-large_image_width=\"249\" data-large_image_height=\"130\"href='https:\/\/www.radiopiu.net\/wordpress\/wp-content\/uploads\/2022\/08\/296315308_574614920796921_3206714282390954469_n.jpg'><img loading=\"lazy\" decoding=\"async\" width=\"150\" height=\"130\" src=\"https:\/\/www.radiopiu.net\/wordpress\/wp-content\/uploads\/2022\/08\/296315308_574614920796921_3206714282390954469_n-150x130.jpg\" class=\"attachment-thumbnail size-thumbnail\" alt=\"\" \/><\/a>\n\t\t\t\t<\/dt><\/dl><dl class='gallery-item'>\n\t\t\t\t<dt class='gallery-icon portrait'>\n\t\t\t\t\t<a class=\"rollover rollover-zoom dt-pswp-item\" title=\"295860012_751694206059523_7672068336091219363_n\" data-dt-img-description=\"\" data-large_image_width=\"160\" data-large_image_height=\"202\"href='https:\/\/www.radiopiu.net\/wordpress\/wp-content\/uploads\/2022\/08\/295860012_751694206059523_7672068336091219363_n.jpg'><img loading=\"lazy\" decoding=\"async\" width=\"150\" height=\"150\" src=\"https:\/\/www.radiopiu.net\/wordpress\/wp-content\/uploads\/2022\/08\/295860012_751694206059523_7672068336091219363_n-150x150.jpg\" class=\"attachment-thumbnail size-thumbnail\" alt=\"\" \/><\/a>\n\t\t\t\t<\/dt><\/dl><br style=\"clear: both\" \/><dl class='gallery-item'>\n\t\t\t\t<dt class='gallery-icon portrait'>\n\t\t\t\t\t<a class=\"rollover rollover-zoom dt-pswp-item\" title=\"296002668_588850596280166_6281890454069619670_n\" data-dt-img-description=\"\" data-large_image_width=\"154\" data-large_image_height=\"206\"href='https:\/\/www.radiopiu.net\/wordpress\/wp-content\/uploads\/2022\/08\/296002668_588850596280166_6281890454069619670_n.jpg'><img loading=\"lazy\" decoding=\"async\" width=\"150\" height=\"150\" src=\"https:\/\/www.radiopiu.net\/wordpress\/wp-content\/uploads\/2022\/08\/296002668_588850596280166_6281890454069619670_n-150x150.jpg\" class=\"attachment-thumbnail size-thumbnail\" alt=\"\" \/><\/a>\n\t\t\t\t<\/dt><\/dl><dl class='gallery-item'>\n\t\t\t\t<dt class='gallery-icon landscape'>\n\t\t\t\t\t<a class=\"rollover rollover-zoom dt-pswp-item\" title=\"296348416_1114938432734609_7910004877838737150_n\" data-dt-img-description=\"\" data-large_image_width=\"511\" data-large_image_height=\"206\"href='https:\/\/www.radiopiu.net\/wordpress\/wp-content\/uploads\/2022\/08\/296348416_1114938432734609_7910004877838737150_n.jpg'><img loading=\"lazy\" decoding=\"async\" width=\"150\" height=\"150\" src=\"https:\/\/www.radiopiu.net\/wordpress\/wp-content\/uploads\/2022\/08\/296348416_1114938432734609_7910004877838737150_n-150x150.jpg\" class=\"attachment-thumbnail size-thumbnail\" alt=\"\" \/><\/a>\n\t\t\t\t<\/dt><\/dl><dl class='gallery-item'>\n\t\t\t\t<dt class='gallery-icon portrait'>\n\t\t\t\t\t<a class=\"rollover rollover-zoom dt-pswp-item\" title=\"295709214_571052114512733_7214337097080947229_n\" data-dt-img-description=\"\" data-large_image_width=\"153\" data-large_image_height=\"247\"href='https:\/\/www.radiopiu.net\/wordpress\/wp-content\/uploads\/2022\/08\/295709214_571052114512733_7214337097080947229_n.jpg'><img loading=\"lazy\" decoding=\"async\" width=\"150\" height=\"150\" src=\"https:\/\/www.radiopiu.net\/wordpress\/wp-content\/uploads\/2022\/08\/295709214_571052114512733_7214337097080947229_n-150x150.jpg\" class=\"attachment-thumbnail size-thumbnail\" alt=\"\" \/><\/a>\n\t\t\t\t<\/dt><\/dl><dl class='gallery-item'>\n\t\t\t\t<dt class='gallery-icon landscape'>\n\t\t\t\t\t<a class=\"rollover rollover-zoom dt-pswp-item\" title=\"296056469_1038276520222592_7668518674862061774_n\" data-dt-img-description=\"\" data-large_image_width=\"417\" data-large_image_height=\"202\"href='https:\/\/www.radiopiu.net\/wordpress\/wp-content\/uploads\/2022\/08\/296056469_1038276520222592_7668518674862061774_n.jpg'><img loading=\"lazy\" decoding=\"async\" width=\"150\" height=\"150\" src=\"https:\/\/www.radiopiu.net\/wordpress\/wp-content\/uploads\/2022\/08\/296056469_1038276520222592_7668518674862061774_n-150x150.jpg\" class=\"attachment-thumbnail size-thumbnail\" alt=\"\" \/><\/a>\n\t\t\t\t<\/dt><\/dl><br style=\"clear: both\" \/><dl class='gallery-item'>\n\t\t\t\t<dt class='gallery-icon portrait'>\n\t\t\t\t\t<a class=\"rollover rollover-zoom dt-pswp-item\" title=\"296961903_758165128739300_1220990772067509027_n\" data-dt-img-description=\"\" data-large_image_width=\"152\" data-large_image_height=\"225\"href='https:\/\/www.radiopiu.net\/wordpress\/wp-content\/uploads\/2022\/08\/296961903_758165128739300_1220990772067509027_n.jpg'><img loading=\"lazy\" decoding=\"async\" width=\"150\" height=\"150\" src=\"https:\/\/www.radiopiu.net\/wordpress\/wp-content\/uploads\/2022\/08\/296961903_758165128739300_1220990772067509027_n-150x150.jpg\" class=\"attachment-thumbnail size-thumbnail\" alt=\"\" \/><\/a>\n\t\t\t\t<\/dt><\/dl><dl class='gallery-item'>\n\t\t\t\t<dt class='gallery-icon portrait'>\n\t\t\t\t\t<a class=\"rollover rollover-zoom dt-pswp-item\" title=\"295677670_595621688605723_4906782254043089806_n\" data-dt-img-description=\"\" data-large_image_width=\"158\" data-large_image_height=\"206\"href='https:\/\/www.radiopiu.net\/wordpress\/wp-content\/uploads\/2022\/08\/295677670_595621688605723_4906782254043089806_n.jpg'><img loading=\"lazy\" decoding=\"async\" width=\"150\" height=\"150\" src=\"https:\/\/www.radiopiu.net\/wordpress\/wp-content\/uploads\/2022\/08\/295677670_595621688605723_4906782254043089806_n-150x150.jpg\" class=\"attachment-thumbnail size-thumbnail\" alt=\"\" \/><\/a>\n\t\t\t\t<\/dt><\/dl><dl class='gallery-item'>\n\t\t\t\t<dt class='gallery-icon landscape'>\n\t\t\t\t\t<a class=\"rollover rollover-zoom dt-pswp-item\" title=\"295673365_539976464587672_9155432526654646623_n\" data-dt-img-description=\"\" data-large_image_width=\"296\" data-large_image_height=\"201\"href='https:\/\/www.radiopiu.net\/wordpress\/wp-content\/uploads\/2022\/08\/295673365_539976464587672_9155432526654646623_n.jpg'><img loading=\"lazy\" decoding=\"async\" width=\"150\" height=\"150\" src=\"https:\/\/www.radiopiu.net\/wordpress\/wp-content\/uploads\/2022\/08\/295673365_539976464587672_9155432526654646623_n-150x150.jpg\" class=\"attachment-thumbnail size-thumbnail\" alt=\"\" \/><\/a>\n\t\t\t\t<\/dt><\/dl><dl class='gallery-item'>\n\t\t\t\t<dt class='gallery-icon portrait'>\n\t\t\t\t\t<a class=\"rollover rollover-zoom dt-pswp-item\" title=\"296954596_1172064343371228_3613820899026931265_n\" data-dt-img-description=\"\" data-large_image_width=\"180\" data-large_image_height=\"205\"href='https:\/\/www.radiopiu.net\/wordpress\/wp-content\/uploads\/2022\/08\/296954596_1172064343371228_3613820899026931265_n.jpg'><img loading=\"lazy\" decoding=\"async\" width=\"150\" height=\"150\" src=\"https:\/\/www.radiopiu.net\/wordpress\/wp-content\/uploads\/2022\/08\/296954596_1172064343371228_3613820899026931265_n-150x150.jpg\" class=\"attachment-thumbnail size-thumbnail\" alt=\"\" \/><\/a>\n\t\t\t\t<\/dt><\/dl><br style=\"clear: both\" \/>\n\t\t\t<\/div>\n\n<p>&nbsp;<\/p>\n<p>NELLE FOTO (riproduzioni dal libro \u201cLamon: profilo storico di una Comunit\u00e0 dfi confine\u201d): la copertina del libro, con miniatura di San Pietro; la quarta di copertina che propone uno scorcio del centro di Lamon opera di Emo Mazzetti; l\u2019autore del libro, lo storico Paolo Conte, lamonese; lo stemma del Comune di Lamon; particolare dello scheletro dell\u2019\u201cUrsus spelaeus\u201d conservato nel palazzo municipale; grattatoi e raschiatoi appartenuti ad abitatori dell\u2019altipiano lamonese 2000 anni circa avanti Cristo; scavo archeologico nella localit\u00e0 Piasentoti a San Donato di Lamon (concessione del Ministero per i beni e le attivit\u00e0 culturali); avanti e retro di una moneta dell\u2019imperatore Claudio ritrovata nella localit\u00e0 Alle Crosere di San Donato; il calice del diacono Orso del sesto secolo; la chiesa di San Pietro con la gradinata d\u2019accesso; interno dell\u2019edificio sacro lamonese con abside e altar maggiore; il medico lamonese Jacopo Facen (1803-1886).<\/p>\n<p>&nbsp;<\/p>\n<p>&nbsp;<\/p>\n<hr \/>\n<p>&nbsp;<\/p>\n<blockquote>\n<h3>CHIUSO IL SENTIERO SPERTI<\/h3>\n<\/blockquote>\n<p><strong>BELLUNO<\/strong> In seguito a rilievi tecnici, l&#8217;Unione Montana Bellunese \u201cBelluno-Ponte nelle Alpi\u201d ha comunicato la stato di pericolosita\u0300 del sentiero attrezzato \u201cSperti\u201d, ferrata del gruppo dello Schiara. Si rende pertanto necessaria la chiusura con interdizione totale a qualsiasi percorribilita\u0300 dello stesso sentiero attrezzato \u201cSperti\u201d,\u00a0 fino alla completa eliminazione delle cause di pericolo.<\/p>\n<p>&nbsp;<\/p>\n<p>&nbsp;<\/p>\n<hr \/>\n<p>&nbsp;<\/p>\n<blockquote>\n<h2>UN BRINDISI ALLA CRONOSCALATA DEI RECORD E AI PREZIOSI COLLABORATORI<\/h2>\n<\/blockquote>\n<p>&nbsp;<\/p>\n<p><strong>BELLUNO\u00a0<\/strong><\/p>\n<p><strong>DI ROBERTO BONA\u00a0<\/strong><\/p>\n<audio class=\"wp-audio-shortcode\" id=\"audio-291325-6\" preload=\"none\" style=\"width: 100%;\" controls=\"controls\"><source type=\"audio\/mpeg\" src=\"https:\/\/www.radiopiu.net\/wordpress\/wp-content\/uploads\/2022\/08\/ROBERTO-BONA-1.mp3?_=6\" \/><a href=\"https:\/\/www.radiopiu.net\/wordpress\/wp-content\/uploads\/2022\/08\/ROBERTO-BONA-1.mp3\">https:\/\/www.radiopiu.net\/wordpress\/wp-content\/uploads\/2022\/08\/ROBERTO-BONA-1.mp3<\/a><\/audio>\n<p>&nbsp;<\/p>\n\n\t\t\t<style type='text\/css'>\n\t\t\t\t#gallery-6 {\n\t\t\t\t\tmargin: auto;\n\t\t\t\t}\n\t\t\t\t#gallery-6 .gallery-item {\n\t\t\t\t\tfloat: left;\n\t\t\t\t\tmargin-top: 10px;\n\t\t\t\t\ttext-align: center;\n\t\t\t\t\twidth: 50%;\n\t\t\t\t}\n\t\t\t\t#gallery-6 img {\n\t\t\t\t\tborder: 2px solid #cfcfcf;\n\t\t\t\t}\n\t\t\t\t#gallery-6 .gallery-caption {\n\t\t\t\t\tmargin-left: 0;\n\t\t\t\t}\n\t\t\t\t\/* see gallery_shortcode() in wp-includes\/media.php *\/\n\t\t\t<\/style>\n\t\t<div id='gallery-6' class='dt-gallery-container gallery galleryid-291325 gallery-columns-2 gallery-size-medium'><dl class='gallery-item'>\n\t\t\t\t<dt class='gallery-icon landscape'>\n\t\t\t\t\t<a class=\"rollover rollover-zoom dt-pswp-item\" title=\"e345eae7-bfe4-4afe-a5a1-9b802cb21578\" data-dt-img-description=\"\" data-large_image_width=\"1600\" data-large_image_height=\"1200\"href='https:\/\/www.radiopiu.net\/wordpress\/wp-content\/uploads\/2022\/08\/e345eae7-bfe4-4afe-a5a1-9b802cb21578.jpg'><img loading=\"lazy\" decoding=\"async\" width=\"300\" height=\"225\" src=\"https:\/\/www.radiopiu.net\/wordpress\/wp-content\/uploads\/2022\/08\/e345eae7-bfe4-4afe-a5a1-9b802cb21578-300x225.jpg\" class=\"attachment-medium size-medium\" alt=\"\" srcset=\"https:\/\/www.radiopiu.net\/wordpress\/wp-content\/uploads\/2022\/08\/e345eae7-bfe4-4afe-a5a1-9b802cb21578-300x225.jpg 300w, https:\/\/www.radiopiu.net\/wordpress\/wp-content\/uploads\/2022\/08\/e345eae7-bfe4-4afe-a5a1-9b802cb21578-1024x768.jpg 1024w, https:\/\/www.radiopiu.net\/wordpress\/wp-content\/uploads\/2022\/08\/e345eae7-bfe4-4afe-a5a1-9b802cb21578-768x576.jpg 768w, https:\/\/www.radiopiu.net\/wordpress\/wp-content\/uploads\/2022\/08\/e345eae7-bfe4-4afe-a5a1-9b802cb21578-1536x1152.jpg 1536w, https:\/\/www.radiopiu.net\/wordpress\/wp-content\/uploads\/2022\/08\/e345eae7-bfe4-4afe-a5a1-9b802cb21578.jpg 1600w\" sizes=\"auto, (max-width: 300px) 100vw, 300px\" \/><\/a>\n\t\t\t\t<\/dt><\/dl><dl class='gallery-item'>\n\t\t\t\t<dt class='gallery-icon landscape'>\n\t\t\t\t\t<a class=\"rollover rollover-zoom dt-pswp-item\" title=\"d4237b4c-de0c-4f5e-8c14-c991e93b415d\" data-dt-img-description=\"\" data-large_image_width=\"1600\" data-large_image_height=\"1200\"href='https:\/\/www.radiopiu.net\/wordpress\/wp-content\/uploads\/2022\/08\/d4237b4c-de0c-4f5e-8c14-c991e93b415d.jpg'><img loading=\"lazy\" decoding=\"async\" width=\"300\" height=\"225\" src=\"https:\/\/www.radiopiu.net\/wordpress\/wp-content\/uploads\/2022\/08\/d4237b4c-de0c-4f5e-8c14-c991e93b415d-300x225.jpg\" class=\"attachment-medium size-medium\" alt=\"\" srcset=\"https:\/\/www.radiopiu.net\/wordpress\/wp-content\/uploads\/2022\/08\/d4237b4c-de0c-4f5e-8c14-c991e93b415d-300x225.jpg 300w, https:\/\/www.radiopiu.net\/wordpress\/wp-content\/uploads\/2022\/08\/d4237b4c-de0c-4f5e-8c14-c991e93b415d-1024x768.jpg 1024w, https:\/\/www.radiopiu.net\/wordpress\/wp-content\/uploads\/2022\/08\/d4237b4c-de0c-4f5e-8c14-c991e93b415d-768x576.jpg 768w, https:\/\/www.radiopiu.net\/wordpress\/wp-content\/uploads\/2022\/08\/d4237b4c-de0c-4f5e-8c14-c991e93b415d-1536x1152.jpg 1536w, https:\/\/www.radiopiu.net\/wordpress\/wp-content\/uploads\/2022\/08\/d4237b4c-de0c-4f5e-8c14-c991e93b415d.jpg 1600w\" sizes=\"auto, (max-width: 300px) 100vw, 300px\" \/><\/a>\n\t\t\t\t<\/dt><\/dl><br style=\"clear: both\" \/>\n\t\t\t<\/div>\n\n<p>&nbsp;<\/p>\n<p>&nbsp;<\/p>\n<hr \/>\n<p>&nbsp;<\/p>\n<blockquote>\n<h3 class=\"entry-title\">L\u201911 AGOSTO AD ALLEGHE IL CONCERTO DEI MATIA BAZAR<\/h3>\n<\/blockquote>\n<p><strong><img loading=\"lazy\" decoding=\"async\" class=\"alignleft\" src=\"https:\/\/www.radiopiu.net\/wordpress\/wp-content\/uploads\/2022\/08\/Matia-Bazar-nuovo-singolo.jpg\" width=\"167\" height=\"94\" \/>ALLEGHE<\/strong>\u00a0Nell\u2019ambito del tour estivo Casa Sanremo, il truck allestito dal gruppo eventi collegato al Festival della canzone italiana si fermer\u00e0 in alcune piazze del bellunese: il 9 a Mel con ospite Francesco Baccini, l\u201911 agosto ad Alleghe, dove \u00e8 attesa l\u2019esibizione dei Matia Bazar con la collaborazione del Consorzio Operatori Turistici di Alleghe e Caprile, dalle 18 al piazzale dello Stadio show cooking ed a seguire il concerto. Il 13 a Cortina sul palco Gianluca Grignani.\u00a0<em>\u00abCi sono diversi modi di promuovere le specificit\u00e0 del nostro territorio. Dobbiamo puntare sulla spettacolarit\u00e0 delle Dolomiti bellunesi. Per questo abbiamo pensato di proporre alcune serate di spettacolo nello spettacolo di alcune piazze bellunesi \u2013 sottolinea il consigliere provinciale delegato al turismo, Danilo De Toni- Idealmente le tre localit\u00e0 toccate da questi spettacoli abbracciano tutte le piazze della provincia, con l\u2019obiettivo di far apprezzare ai turisti ma anche ai locali la qualit\u00e0 del vivere nel Bellunese, dove non \u00e8 vero che non ci sono mai occasioni di svago e divertimento\u00bb.<\/em><\/p>\n<p><strong>il sindaco di Alleghe, Danilo De Toni\u00a0<\/strong><\/p>\n<audio class=\"wp-audio-shortcode\" id=\"audio-291325-7\" preload=\"none\" style=\"width: 100%;\" controls=\"controls\"><source type=\"audio\/mpeg\" src=\"https:\/\/www.radiopiu.net\/wordpress\/wp-content\/uploads\/2022\/08\/DANILO-DE-TOI-MATIA.mp3?_=7\" \/><a href=\"https:\/\/www.radiopiu.net\/wordpress\/wp-content\/uploads\/2022\/08\/DANILO-DE-TOI-MATIA.mp3\">https:\/\/www.radiopiu.net\/wordpress\/wp-content\/uploads\/2022\/08\/DANILO-DE-TOI-MATIA.mp3<\/a><\/audio>\n<p>&nbsp;<\/p>\n<hr \/>\n<p>&nbsp;<\/p>\n<blockquote>\n<h3>STASERA CONSIGLIO COMUNALE A FALCADE in diretta sui nostri canali facebook e telegram<\/h3>\n<\/blockquote>\n<p><strong>FALCADE<\/strong> Oggi alle 20 \u00e8 in programma il consiglio comunale di Falcade. Il sindaco Mauro Salvaterra ha convocato i consiglieri per trattare 12 punti all&#8217;ordine del giorno. Tra questi si parler\u00e0 del regolamento dei controlli interni, la determinazione del gettone di presenza ai consiglieri comunali, due varianti al piano degli interventi, le variazioni al bilancio, il bilancio di previsione 2022-2024, il documento unico di programmazione, la convenzione con la provincia per l&#8217;utilizzo da parte dell&#8217;istituto alberghiero della sala polifunzionale Dolomiti e il nulla osta della provincia per la riqualificazione dello stabile adibito a mensa scolastica presso il convitto dell&#8217;istituto.<\/p>\n<p><strong>di Gianni Santomaso, dal Corriere Delle Alpi<\/strong><\/p>\n<audio class=\"wp-audio-shortcode\" id=\"audio-291325-8\" preload=\"none\" style=\"width: 100%;\" controls=\"controls\"><source type=\"audio\/mpeg\" src=\"https:\/\/www.radiopiu.net\/wordpress\/wp-content\/uploads\/2022\/08\/GIANNI-LUNEDI-IL-CONSIGLIO-COMUNALE-DI-FALCADE.mp3?_=8\" \/><a href=\"https:\/\/www.radiopiu.net\/wordpress\/wp-content\/uploads\/2022\/08\/GIANNI-LUNEDI-IL-CONSIGLIO-COMUNALE-DI-FALCADE.mp3\">https:\/\/www.radiopiu.net\/wordpress\/wp-content\/uploads\/2022\/08\/GIANNI-LUNEDI-IL-CONSIGLIO-COMUNALE-DI-FALCADE.mp3<\/a><\/audio>\n<p>&nbsp;<\/p>\n<hr \/>\n<p>&nbsp;<\/p>\n<blockquote>\n<h3>CONSIGLIO COMUNALE DI ROCCA PIETORE IN DUE PUNTI ALL&#8217;ORDINE DEL GIORNO<\/h3>\n<\/blockquote>\n<p><strong>ROCCA PIETORE<\/strong> Il sindaco di Rocca Pietore Andrea De Bernardin ha convocato il consiglio comunale per marted\u00ec alle 19. Solo due punti da discutere. Argomento principale l&#8217;assestamento generale di bilancio e salvaguardia degli equilibri per l&#8217;esercizio 2022<\/p>\n<p>&nbsp;<\/p>\n<p>&nbsp;<\/p>\n<hr \/>\n<p>&nbsp;<\/p>\n<blockquote>\n<h2><a class=\"dt-pswp-item\" href=\"https:\/\/www.radiopiu.net\/wordpress\/wp-content\/uploads\/2022\/08\/aaa-7.jpg\" data-dt-img-description=\"\" data-large_image_width=\"553\" data-large_image_height=\"181\"><img loading=\"lazy\" decoding=\"async\" class=\"wp-image-291465 size-medium alignleft\" src=\"https:\/\/www.radiopiu.net\/wordpress\/wp-content\/uploads\/2022\/08\/aaa-7-300x98.jpg\" alt=\"\" width=\"300\" height=\"98\" srcset=\"https:\/\/www.radiopiu.net\/wordpress\/wp-content\/uploads\/2022\/08\/aaa-7-300x98.jpg 300w, https:\/\/www.radiopiu.net\/wordpress\/wp-content\/uploads\/2022\/08\/aaa-7.jpg 553w\" sizes=\"auto, (max-width: 300px) 100vw, 300px\" \/><\/a>MUSICA LIVE ESTATE 22&#8230;E CHE MUSICA!<\/h2>\n<\/blockquote>\n<p>IN PIAZZA A CANALE D&#8217;AGORDO, TRE APPUNTAMENTI PER RENDERE PIU&#8217; FRIZZANTE LA TUA ESTATE.<br \/>\nvenerdi 12 agosto dalle 21 MAGAZZINO COMMERCIALE, LA PIU&#8217; BELLA BUSICA DANCE DEGLI ANNI 90, DA ASCOLTARE, DA BALLARE. sabato 20 agosto dalle 21, THE JB BAND I grandi successi dei Blues Brothers insieme a brani culto degli anni 60-70-80. GRAN FINALE SABATO 27 AGOSTO alle 21 con lo spettacolo dei TIRATAIE, perch\u00e9 sulla loro piazza sanno dare sempre il meglio.\u00a0 CANALE D&#8217;AGORDO, ESTATE 22 IN PIAZZA&#8230; VI TENIAMO D&#8217;OCCHIO&#8230; PARDON D&#8217;ORECCHIO.<\/p>\n<p><strong><span style=\"color: #ff0000;\">ALLA RADIO, THE VOICE MORENO TOCCHETTO<\/span><\/strong><\/p>\n<audio class=\"wp-audio-shortcode\" id=\"audio-291325-9\" preload=\"none\" style=\"width: 100%;\" controls=\"controls\"><source type=\"audio\/mpeg\" src=\"https:\/\/www.radiopiu.net\/wordpress\/wp-content\/uploads\/2022\/08\/MUSICA-CANALE-LUGLIO-22.mp3?_=9\" \/><a href=\"https:\/\/www.radiopiu.net\/wordpress\/wp-content\/uploads\/2022\/08\/MUSICA-CANALE-LUGLIO-22.mp3\">https:\/\/www.radiopiu.net\/wordpress\/wp-content\/uploads\/2022\/08\/MUSICA-CANALE-LUGLIO-22.mp3<\/a><\/audio>\n<p>&nbsp;<\/p>\n<p>&nbsp;<\/p>\n<hr \/>\n<p>&nbsp;<\/p>\n<blockquote>\n<h3>QUATTRO USCITE ORGANIZZATE DAL GAMP<\/h3>\n<\/blockquote>\n<p><strong><a class=\"dt-pswp-item\" href=\"https:\/\/www.radiopiu.net\/wordpress\/wp-content\/uploads\/2022\/05\/closeup-of-a-colourful-mineral-stone-under-the-lights-isolated-on-a-white-background.jpg\" data-dt-img-description=\"\" data-large_image_width=\"1000\" data-large_image_height=\"667\"><img loading=\"lazy\" decoding=\"async\" class=\"size-thumbnail wp-image-274690 alignleft\" src=\"https:\/\/www.radiopiu.net\/wordpress\/wp-content\/uploads\/2022\/05\/closeup-of-a-colourful-mineral-stone-under-the-lights-isolated-on-a-white-background-150x150.jpg\" alt=\"\" width=\"150\" height=\"150\" \/><\/a>AGORDO<\/strong><\/p>\n<p>di Gianni Santomaso<\/p>\n<audio class=\"wp-audio-shortcode\" id=\"audio-291325-10\" preload=\"none\" style=\"width: 100%;\" controls=\"controls\"><source type=\"audio\/mpeg\" src=\"https:\/\/www.radiopiu.net\/wordpress\/wp-content\/uploads\/2022\/07\/GIANNI-ESCURSIONI-GAMP.mp3?_=10\" \/><a href=\"https:\/\/www.radiopiu.net\/wordpress\/wp-content\/uploads\/2022\/07\/GIANNI-ESCURSIONI-GAMP.mp3\">https:\/\/www.radiopiu.net\/wordpress\/wp-content\/uploads\/2022\/07\/GIANNI-ESCURSIONI-GAMP.mp3<\/a><\/audio>\n<p>&nbsp;<\/p>\n<hr \/>\n<p>&nbsp;<\/p>\n<blockquote>\n<h3>IL GIRO DEL LAGO DI ALLEGHE<\/h3>\n<\/blockquote>\n<p><strong>ALLEGHE<\/strong> Torna il Giro del Lago di Alleghe in notturna: marcia non competitiva di 5,3 chilometri arrivata alla 42\u00aa edizione. Domenica 14 agosto da Masare&#8217; di Alleghe con l&#8217;Associazione Alpini, ANA Alleghe. Alle 12 apre il tendone con i piatti tipici, alle 21 il via alla competizione. Iscrizioni presso la sede gli alpini a Masare&#8217; entro le 20,45, oppure all&#8217;ufficio turistico, per tutti maglietta ricordo.<\/p>\n<p>&nbsp;<\/p>\n<p>&nbsp;<\/p>\n<hr \/>\n<p>&nbsp;<\/p>\n<blockquote>\n<h3>LA MADONA DE LA FORZELA CON GLI ALPINI DI SAN TOMASO<\/h3>\n<\/blockquote>\n<p><strong>SAN TOMASO<\/strong> \u00c8 in programma per sabato 13 agosto &#8220;La Madona De La Forzela&#8221; con gli alpini di San Tomaso. Alle 10 il ritrovo presso la forcella di San Tomaso, alle 10:45 l&#8217;alzabandiera e a seguire la santa messa. Alle 12:30 il ristoro. Il ricavato della giornata sar\u00e0 devoluto al Gruppo Alpini di San Tomaso e alla Protezione Civile di San Tomaso. In caso di maltempo la manifestazione sar\u00e0 rinviata a data da destinarsi.<\/p>\n<p><span style=\"color: #ff0000;\">ECCO IL NUOVO CAMPANILE PER LA CHIESETTA CHE SARA&#8217; INAUGURATO IL 13 AGOSTO\u00a0<\/span><\/p>\n\n\t\t\t<style type='text\/css'>\n\t\t\t\t#gallery-7 {\n\t\t\t\t\tmargin: auto;\n\t\t\t\t}\n\t\t\t\t#gallery-7 .gallery-item {\n\t\t\t\t\tfloat: left;\n\t\t\t\t\tmargin-top: 10px;\n\t\t\t\t\ttext-align: center;\n\t\t\t\t\twidth: 33%;\n\t\t\t\t}\n\t\t\t\t#gallery-7 img {\n\t\t\t\t\tborder: 2px solid #cfcfcf;\n\t\t\t\t}\n\t\t\t\t#gallery-7 .gallery-caption {\n\t\t\t\t\tmargin-left: 0;\n\t\t\t\t}\n\t\t\t\t\/* see gallery_shortcode() in wp-includes\/media.php *\/\n\t\t\t<\/style>\n\t\t<div id='gallery-7' class='dt-gallery-container gallery galleryid-291325 gallery-columns-3 gallery-size-thumbnail'><dl class='gallery-item'>\n\t\t\t\t<dt class='gallery-icon portrait'>\n\t\t\t\t\t<a class=\"rollover rollover-zoom dt-pswp-item\" title=\"da0b3418-e26e-4306-b9f9-796dc1947f5e\" data-dt-img-description=\"\" data-large_image_width=\"1200\" data-large_image_height=\"1600\"href='https:\/\/www.radiopiu.net\/wordpress\/wp-content\/uploads\/2022\/08\/da0b3418-e26e-4306-b9f9-796dc1947f5e.jpg'><img loading=\"lazy\" decoding=\"async\" width=\"150\" height=\"150\" src=\"https:\/\/www.radiopiu.net\/wordpress\/wp-content\/uploads\/2022\/08\/da0b3418-e26e-4306-b9f9-796dc1947f5e-150x150.jpg\" class=\"attachment-thumbnail size-thumbnail\" alt=\"\" \/><\/a>\n\t\t\t\t<\/dt><\/dl><dl class='gallery-item'>\n\t\t\t\t<dt class='gallery-icon portrait'>\n\t\t\t\t\t<a class=\"rollover rollover-zoom dt-pswp-item\" title=\"715b2737-a10b-4156-b76b-3cd0b493e79f\" data-dt-img-description=\"\" data-large_image_width=\"1200\" data-large_image_height=\"1600\"href='https:\/\/www.radiopiu.net\/wordpress\/wp-content\/uploads\/2022\/08\/715b2737-a10b-4156-b76b-3cd0b493e79f.jpg'><img loading=\"lazy\" decoding=\"async\" width=\"150\" height=\"150\" src=\"https:\/\/www.radiopiu.net\/wordpress\/wp-content\/uploads\/2022\/08\/715b2737-a10b-4156-b76b-3cd0b493e79f-150x150.jpg\" class=\"attachment-thumbnail size-thumbnail\" alt=\"\" \/><\/a>\n\t\t\t\t<\/dt><\/dl><dl class='gallery-item'>\n\t\t\t\t<dt class='gallery-icon portrait'>\n\t\t\t\t\t<a class=\"rollover rollover-zoom dt-pswp-item\" title=\"5a24d72a-f47b-408a-9d86-66421e637e96\" data-dt-img-description=\"\" data-large_image_width=\"1488\" data-large_image_height=\"1984\"href='https:\/\/www.radiopiu.net\/wordpress\/wp-content\/uploads\/2022\/08\/5a24d72a-f47b-408a-9d86-66421e637e96.jpg'><img loading=\"lazy\" decoding=\"async\" width=\"150\" height=\"150\" src=\"https:\/\/www.radiopiu.net\/wordpress\/wp-content\/uploads\/2022\/08\/5a24d72a-f47b-408a-9d86-66421e637e96-150x150.jpg\" class=\"attachment-thumbnail size-thumbnail\" alt=\"\" \/><\/a>\n\t\t\t\t<\/dt><\/dl><br style=\"clear: both\" \/>\n\t\t\t<\/div>\n\n<p>&nbsp;<\/p>\n<p>&nbsp;<\/p>\n<p>&nbsp;<\/p>\n<p>&nbsp;<\/p>\n<hr \/>\n<p>&nbsp;<\/p>\n<blockquote>\n<h3>ESTATE TEMPO DI MOSTRE, A FALCADE SANTE PICCOLIN E SERGIO FOLLADOR<\/h3>\n<\/blockquote>\n<p><strong>AGORDO<\/strong> Presso il museo in via 5 maggio ad Agordo si pu\u00f2 visitare la mostra &#8220;El Canal De Agort&#8221; storia ed archeologia da San Gottardo alla Conca Agordina. La mostra \u00e8 visitabile dal gioved\u00ec alla domenica dalle 9:30 alle 12:30 e dalle16 alle 19 fino al 4 settembre.<\/p>\n<p><strong>DI LUISA MANFROI<\/strong><\/p>\n<p><strong>FALCADE\u00a0<\/strong><\/p>\n<p>Falcade \u2013 L\u2019estate \u00e8 tempo di mostre. \u201cIl richiamo della Natura\u201d, nella sede del Gruppo Alpini in via del Mercato, \u00e8 la proposta Sante Piccolin e Sergio Follador in mostra dal 5 al 27 agosto. Il primo \u00e8 un nome noto da tempo per la rappresentazione dei temi naturalistici delle sue opere. Dipinti\u00a0 che raffigurano soprattutto animali, da quelli della fauna alpina a quelli esotici eseguiti con varie tecniche: dall\u2019olio all\u2019acrilico fino al carboncino. Soggetti ripresi nella loro naturalezza cogliendone spesso gli aspetti emozionali e caratteriali: la fierezza della tigre, il\u00a0 diverbio di una coppia di corvi, il volo e la precisione del rapace,\u00a0 l\u2019occhio osservatore dell\u2019aquila, la prudenza del capriolo. Tante potrebbero essere le caratteristiche che emergono prepotentemente dai lavori di Sante Piccolin realizzati su tela con l\u2019uso dell\u2019aerografo per definire i particolari. Una tecnica, quella dell\u2019aerografia che permette di spruzzare il colore creando effetti quasi fotografici consentendo di riprodurre i minuziosi dettagli.\u00a0 Quelli stessi che si trovano nei suoi dipinti sui Nativi americani, un soggetto che lo coinvolge. Sono una cinquantina le opere in mostra a Falcade che mettono in risalto la sua passione per la natura tradotta in arte grazie all\u2019uso del colore e dei pennelli. Piccolin\u00a0 ha all\u2019attivo una serie di personali e collettive in Agordino e in regione cui si unisce una preparazione che gli deriva dal fatto di avere frequentato l\u2019Istituto d\u2019arte di Pozza di Fassa. La stessa scuola che ha frequentato Sergio Follador, di Somor che, sempre guidato dalla passione per il disegno, ha ripreso in mano gli strumenti del pittore nel periodo del lockdown dovuto alla pandemia trovando una rinnovata ispirazione per realizzare lavori pittorici e portare una sua selezione alla mostra. Pur essendo diversi per tecniche Sante Piccolin e Sergio Follador si accomunano nei soggetti sempre a sfondo naturalistico con paesaggi montani e animali. E\u00a0 la Valle del Biois\u00a0 \u201cselvaggia\u201d non manca di essere ispirazione e di spunti per quanti vogliono rappresentarla catturandone le sue emozioni.\u00a0 L\u2019evento \u00e8 promosso da Comune di Falcade, Gruppo Alpini di Falcade, Pro loco di Caviola e Falcade Dolomiti.<\/p>\n<p><b>AUDIO<\/b><\/p>\n<audio class=\"wp-audio-shortcode\" id=\"audio-291325-11\" preload=\"none\" style=\"width: 100%;\" controls=\"controls\"><source type=\"audio\/mpeg\" src=\"https:\/\/www.radiopiu.net\/wordpress\/wp-content\/uploads\/2022\/08\/Mostra-di-Sante-Piccolin-e-Sergio-Follador-a-Falcade.mp3?_=11\" \/><a href=\"https:\/\/www.radiopiu.net\/wordpress\/wp-content\/uploads\/2022\/08\/Mostra-di-Sante-Piccolin-e-Sergio-Follador-a-Falcade.mp3\">https:\/\/www.radiopiu.net\/wordpress\/wp-content\/uploads\/2022\/08\/Mostra-di-Sante-Piccolin-e-Sergio-Follador-a-Falcade.mp3<\/a><\/audio>\n<p>&nbsp;<\/p>\n\n\t\t\t<style type='text\/css'>\n\t\t\t\t#gallery-8 {\n\t\t\t\t\tmargin: auto;\n\t\t\t\t}\n\t\t\t\t#gallery-8 .gallery-item {\n\t\t\t\t\tfloat: left;\n\t\t\t\t\tmargin-top: 10px;\n\t\t\t\t\ttext-align: center;\n\t\t\t\t\twidth: 33%;\n\t\t\t\t}\n\t\t\t\t#gallery-8 img {\n\t\t\t\t\tborder: 2px solid #cfcfcf;\n\t\t\t\t}\n\t\t\t\t#gallery-8 .gallery-caption {\n\t\t\t\t\tmargin-left: 0;\n\t\t\t\t}\n\t\t\t\t\/* see gallery_shortcode() in wp-includes\/media.php *\/\n\t\t\t<\/style>\n\t\t<div id='gallery-8' class='dt-gallery-container gallery galleryid-291325 gallery-columns-3 gallery-size-thumbnail'><dl class='gallery-item'>\n\t\t\t\t<dt class='gallery-icon portrait'>\n\t\t\t\t\t<a class=\"rollover rollover-zoom dt-pswp-item\" title=\"Follador 1\" data-dt-img-description=\"\" data-large_image_width=\"404\" data-large_image_height=\"572\"href='https:\/\/www.radiopiu.net\/wordpress\/wp-content\/uploads\/2022\/08\/Follador-1.png'><img loading=\"lazy\" decoding=\"async\" width=\"150\" height=\"150\" src=\"https:\/\/www.radiopiu.net\/wordpress\/wp-content\/uploads\/2022\/08\/Follador-1-150x150.png\" class=\"attachment-thumbnail size-thumbnail\" alt=\"\" \/><\/a>\n\t\t\t\t<\/dt><\/dl><dl class='gallery-item'>\n\t\t\t\t<dt class='gallery-icon portrait'>\n\t\t\t\t\t<a class=\"rollover rollover-zoom dt-pswp-item\" title=\"Piccolin 1\" data-dt-img-description=\"\" data-large_image_width=\"569\" data-large_image_height=\"705\"href='https:\/\/www.radiopiu.net\/wordpress\/wp-content\/uploads\/2022\/08\/Piccolin-1.png'><img loading=\"lazy\" decoding=\"async\" width=\"150\" height=\"150\" src=\"https:\/\/www.radiopiu.net\/wordpress\/wp-content\/uploads\/2022\/08\/Piccolin-1-150x150.png\" class=\"attachment-thumbnail size-thumbnail\" alt=\"\" \/><\/a>\n\t\t\t\t<\/dt><\/dl><dl class='gallery-item'>\n\t\t\t\t<dt class='gallery-icon portrait'>\n\t\t\t\t\t<a class=\"rollover rollover-zoom dt-pswp-item\" title=\"Piccolin 2\" data-dt-img-description=\"\" data-large_image_width=\"637\" data-large_image_height=\"777\"href='https:\/\/www.radiopiu.net\/wordpress\/wp-content\/uploads\/2022\/08\/Piccolin-2.png'><img loading=\"lazy\" decoding=\"async\" width=\"150\" height=\"150\" src=\"https:\/\/www.radiopiu.net\/wordpress\/wp-content\/uploads\/2022\/08\/Piccolin-2-150x150.png\" class=\"attachment-thumbnail size-thumbnail\" alt=\"\" \/><\/a>\n\t\t\t\t<\/dt><\/dl><br style=\"clear: both\" \/>\n\t\t\t<\/div>\n\n<p>&nbsp;<\/p>\n<p>&nbsp;<\/p>\n<hr \/>\n<p>&nbsp;<\/p>\n<blockquote>\n<h3>MUSICA INTE LE VILE A SAN TOMASO<\/h3>\n<\/blockquote>\n<p><strong>SAN TOMASO<\/strong> Ritorna &#8220;Musica Inte Le Vile&#8221; organizzato da la Pro Loco di San Tomaso. Oggi alle 21 Musica Nell\u2019Agordino presenta un concerto per soprano e organo, con Sara Cecchin e Manolo Da Rold. Sabato 13 agosto alle 17:30 il concerto del Trio Na Fuoia.<\/p>\n<p>&nbsp;<\/p>\n<p>&nbsp;<\/p>\n<hr \/>\n<p>&nbsp;<\/p>\n<blockquote>\n<h3>SABEDA ITE VILA A ROCCA PIETORE<\/h3>\n<\/blockquote>\n<p><strong>ROCCA PIETORE<\/strong> L&#8217;associazione Borgo di Sottoguda e il comune di Rocca Pietore organizzano &#8220;Sabeda ite vila&#8221;, il mercatino contadino in programma il 13 e 20 agosto dalle 10 in poi.<\/p>\n<p>&nbsp;<\/p>\n<p>&nbsp;<\/p>\n<hr \/>\n<p>&nbsp;<\/p>\n<blockquote>\n<h3>IL 12 AGOSTO A VALLADA PROTAGONISTA IL MONTE CELENTONE<\/h3>\n<\/blockquote>\n<p><strong>VALLADA<\/strong> Venerd\u00ec 12 agosto alle 18 presso la Chiesa Monumentale di San Simon a Vallada, lo storico Marco Perale terr\u00e0 una conferenza dal titolo &#8220;Il Nome Celentone&#8221;, un viaggio nella storia di un toponimo. Organizzano comune di Vallada, Union Ladina Val Biois e Pro Loco.<\/p>\n<p>&nbsp;<\/p>\n<p>&nbsp;<\/p>\n<hr \/>\n<p>&nbsp;<\/p>\n<blockquote>\n<h3>VISITE GUIDATE NELLA CHIESA DI AGORDO<\/h3>\n<\/blockquote>\n<p><strong>AGORDO<\/strong>\u00a0 Venerdi 12 agosto dalle 10 alle 11, e mercoledi 17 agosto dalle 16 alle 17 visite guidate gratuita nella chiesa Arcidiaconale di Agordo. Informazioni all\u2019Ufficio turistico di Agordo.<\/p>\n<p>&nbsp;<\/p>\n<p>&nbsp;<\/p>\n<hr \/>\n<p>&nbsp;<\/p>\n<blockquote>\n<h3>IL SUONO MAGICO DEL LEGNO<\/h3>\n<\/blockquote>\n<p><strong>ROCCA PIETORE<\/strong> Domenica 14 agosto a Sottoguda \u00e8 in programma &#8220;Il Suono Magico Del Legno&#8221; con il complesso degli archi del Friuli e del Veneto. Inizio alle 21 con entrata a offerta libera.<\/p>\n<p>&nbsp;<\/p>\n<p>&nbsp;<\/p>\n<hr \/>\n<p>&nbsp;<\/p>\n<blockquote>\n<h3>FERRAGOSTO AL LAGHETTO DI POLANE<\/h3>\n<\/blockquote>\n<p><strong>AGORDO<\/strong> Il Bacino n\u00b05 agordino organizza per il 15 agosto al laghetto di Polane di Agordo il Trofeo D&#8217;Isep, gara di pesca alla trota riservata ai Pierini, categorie cuccioli fino ad 8 anni e pierini dagli 8 ai 14 anni. Raduno alle 7 al Bar Schenot, inizio gara alle 8, alle 10:30 la pesatura e alle 11 le premiazioni. Iscrizioni presso il Bar Schenot 0437 63104 o Negozio D&#8217;Isep 0437 62411. Termine iscrizioni il 13 agosto, quota 15 euro.<\/p>\n<p>&nbsp;<\/p>\n<p>&nbsp;<\/p>\n<hr \/>\n<p>&nbsp;<\/p>\n<blockquote>\n<h3>DUGONE, IL TORNEO DI GREEN VOLLEY A CENCENIGHE<\/h3>\n<\/blockquote>\n<p><strong>CENCENIGHE<\/strong> U.S. Cencenighe, Comune e Pro Loco organizzano per domenica 21 agosto un torneo di green volley agli impianti sportivi. Due categorie: Senior dai 15 anni in su e Junior dai 9 ai 14 anni. In serata aperitivo con Oh Per Bacco e musica con DJ Jack. Per info ed iscrizioni scrivere a dugone.torneogreenvolly@gmail.com iscrizioni entro il 19 agosto.<\/p>\n<p>&nbsp;<\/p>\n<p>&nbsp;<\/p>\n<hr \/>\n<p>&nbsp;<\/p>\n<blockquote>\n<h3>LA FESTA DEI 100 ANNI DEL GRUPPO SPORTIVO FRASSENE&#8217;<\/h3>\n<\/blockquote>\n<p><strong><a class=\"dt-pswp-item\" href=\"https:\/\/www.radiopiu.net\/wordpress\/wp-content\/uploads\/2022\/08\/Schermata-2022-08-04-alle-12.23.41.png\" data-dt-img-description=\"\" data-large_image_width=\"1336\" data-large_image_height=\"1014\"><img loading=\"lazy\" decoding=\"async\" class=\"alignleft wp-image-290914 \" src=\"https:\/\/www.radiopiu.net\/wordpress\/wp-content\/uploads\/2022\/08\/Schermata-2022-08-04-alle-12.23.41-300x228.png\" alt=\"\" width=\"158\" height=\"120\" srcset=\"https:\/\/www.radiopiu.net\/wordpress\/wp-content\/uploads\/2022\/08\/Schermata-2022-08-04-alle-12.23.41-300x228.png 300w, https:\/\/www.radiopiu.net\/wordpress\/wp-content\/uploads\/2022\/08\/Schermata-2022-08-04-alle-12.23.41-1024x777.png 1024w, https:\/\/www.radiopiu.net\/wordpress\/wp-content\/uploads\/2022\/08\/Schermata-2022-08-04-alle-12.23.41-768x583.png 768w, https:\/\/www.radiopiu.net\/wordpress\/wp-content\/uploads\/2022\/08\/Schermata-2022-08-04-alle-12.23.41.png 1336w\" sizes=\"auto, (max-width: 158px) 100vw, 158px\" \/><\/a>VOLTAGO <\/strong>1922-2022 il primo secolo di vita del Gruppo Sportivo Frassen\u00e8: tre giorni di eventi al tendone nel parcheggio della chiesa. Venerdi&#8217; 9 settembre alle 18 apertura stand gastronomico e serata musicale con Sabrina Silvestrin. Sabato 10 voli panoramici in elicottero dalle 10 alle 15 e, fino alle 17 mercatini dell&#8217;artigianato, dalle 10 torneo di calcio del Poi, a mezzogiorno stand gastronomico, 16.30 Frassene&#8217; Cross, gare podistiche non competitive, 17 aperitivo con DJ Morgan e Battaglia, 19 cena e premiazioni, dalle 21 serata musicale con I Riflesso, chiusura con DJ Morgan e Battaglia. Domenica 11 alle 10 mostra sui 100 anni del Gruppo Sportivo Frassene&#8217; presso l&#8217;ex scuola Paolo Mosca, 11 sfilata dei gruppi associativi per le vie del paese, 12.30 pranzo, 15 presentazione libro &#8220;Il Primo Secolo Di Vita&#8221;. Il ricavato sar\u00e0 devoluto al Gruppo Sportivo Frasssen\u00e8.<\/p>\n<p>&nbsp;<\/p>\n<p>&nbsp;<\/p>\n<hr \/>\n<p>&nbsp;<\/p>\n<blockquote>\n<h3>&#8220;RESTATE IN CITTA'&#8221; IL SECONDO APPUNTAMENTO<\/h3>\n<\/blockquote>\n<p><strong>BELLUNO<\/strong> Secondo appuntamento, quello di sabato prossimo, 13 agosto, con la rassegna &#8220;REstate in Citta\u0300&#8221;, in programma a Belluno fino al 1\u00b0 settembre, con una proposta di concerti e visite guidate, che animeranno il tempo estivo bellunese. Turisti e residenti avranno la possibilita\u0300 di partecipare al trekking urbano &#8220;All&#8217;attacco! Castelli e mura a Belluno&#8221;, dedicato alla riscoperta dei luoghi in cui sorgevano i castelli di Belluno e dove si possono ancora ritrovare alcune parti dell&#8217;antica cinta muraria. La partenza avverra\u0300 alla ore 18.00, in piazza Duomo 2, nei pressi dell&#8217;uscita delle scale mobili del parcheggio di Lambioi. La prenotazione e\u0300 obbligatoria, al numero 348 2791289 o scrivendo a martazzalini@yahoo.it.<\/p>\n<p>&nbsp;<\/p>\n<p>&nbsp;<\/p>\n<hr \/>\n<p>&nbsp;<\/p>\n<blockquote>\n<h3><a class=\"dt-pswp-item\" href=\"https:\/\/www.radiopiu.net\/wordpress\/wp-content\/uploads\/2022\/08\/foto-Tessari-artistica-2019.jpg\" data-dt-img-description=\"\" data-large_image_width=\"960\" data-large_image_height=\"539\"><img loading=\"lazy\" decoding=\"async\" class=\"wp-image-291479 alignleft\" src=\"https:\/\/www.radiopiu.net\/wordpress\/wp-content\/uploads\/2022\/08\/foto-Tessari-artistica-2019-300x168.jpg\" alt=\"\" width=\"223\" height=\"125\" srcset=\"https:\/\/www.radiopiu.net\/wordpress\/wp-content\/uploads\/2022\/08\/foto-Tessari-artistica-2019-300x168.jpg 300w, https:\/\/www.radiopiu.net\/wordpress\/wp-content\/uploads\/2022\/08\/foto-Tessari-artistica-2019-768x431.jpg 768w, https:\/\/www.radiopiu.net\/wordpress\/wp-content\/uploads\/2022\/08\/foto-Tessari-artistica-2019.jpg 960w\" sizes=\"auto, (max-width: 223px) 100vw, 223px\" \/><\/a>DA UOMINI E TERRE LONTANE, CON SILVIA TESSARI<\/h3>\n<\/blockquote>\n<p><strong>FALCADE<\/strong>\u00a0 \u201cDa uomini e terre lontane\u201d \u00e8 il titolo che la pianista Silvia Tessari ha scelto per il suo concerto\u00a0 di venerdi\u00a0 alla Casa della giovent\u00f9 di Caviola, dalle 21.\u00a0 Il\u00a0 titolo \u00e8 ispirato alla prima delle \u2018Scene infantili\u2019 di Robert Schumann.\u00a0Silvia Tessari, pianista di Falcade, docente e ricercatrice universitaria, ha tenuto concerti in Europa, Stati Uniti, Georgia, Federazione Russa, Thailandia, Corea del Sud. \u00c8 da poco tornata da un\u2019esperienza di giurata al concorso Ibla Granz Prize di Ragusa, e da un concerto a Valencia. L\u2019evento \u00e8 organizzato dal Comune di Falcade e dalla ProLoco di Caviola, grazie all\u2019ospitalit\u00e0 della parrocchia di Caviola.<\/p>\n<p>&nbsp;<\/p>\n<hr \/>\n<p>&nbsp;<\/p>\n<blockquote>\n<h3>PALAGHIACCIO DI ALLEGHE APERTO AL PUBBLICO<\/h3>\n<\/blockquote>\n<p><strong>ALLEGHE<\/strong> Apre al pubblico il palaghiaccio di Alleghe per il pattinaggio libero. Dal 1 agosto e fino al 2 settembre si potr\u00e0 pattinare dalle 16:30 alle 18:30 e dal 1 agosto all&#8217;11 settembre anche alla sera dalle 21 alle 23. Unico giorno di chiusura il 14 agosto. Per informazioni 0437 523176 o mail a segreteria@alleghehockey.com<\/p>\n<p>&nbsp;<\/p>\n<p>&nbsp;<\/p>\n<hr \/>\n<p>&nbsp;<\/p>\n<blockquote class=\"wp-embedded-content\" data-secret=\"xjG85upKOk\"><p><a href=\"https:\/\/www.radiopiu.net\/wordpress\/i-nostri-tirataie-in-trasferta-in-svizzera-pagina-in-continuo-aggiornamento-ok\/\">I NOSTRI TIRATAIE IN TRASFERTA IN SVIZZERA<\/a><\/p><\/blockquote>\n<p><iframe loading=\"lazy\" class=\"wp-embedded-content\" sandbox=\"allow-scripts\" security=\"restricted\" style=\"position: absolute; clip: rect(1px, 1px, 1px, 1px);\" title=\"&#8220;I NOSTRI TIRATAIE IN TRASFERTA IN SVIZZERA&#8221; &#8212; Radio Pi\u00f9\" src=\"https:\/\/www.radiopiu.net\/wordpress\/i-nostri-tirataie-in-trasferta-in-svizzera-pagina-in-continuo-aggiornamento-ok\/embed\/#?secret=gD9IMSQzkW#?secret=xjG85upKOk\" data-secret=\"xjG85upKOk\" width=\"600\" height=\"338\" frameborder=\"0\" marginwidth=\"0\" marginheight=\"0\" scrolling=\"no\"><\/iframe><\/p>\n<p>&nbsp;<\/p>\n<hr \/>\n<p>&nbsp;<\/p>\n<h1><span style=\"color: #ff6600;\">IERI ALLA RADIO<\/span><\/h1>\n<h2><strong><a class=\"dt-pswp-item\" href=\"https:\/\/www.radiopiu.net\/wordpress\/wp-content\/uploads\/2020\/12\/DON-GIORGIO-LISE.jpg\" data-dt-img-description=\"\" data-large_image_width=\"1600\" data-large_image_height=\"901\"><img loading=\"lazy\" decoding=\"async\" class=\"size-thumbnail wp-image-177420 alignleft\" src=\"https:\/\/www.radiopiu.net\/wordpress\/wp-content\/uploads\/2020\/12\/DON-GIORGIO-LISE-150x150.jpg\" alt=\"\" width=\"150\" height=\"150\" \/><\/a><\/strong><span style=\"color: #339966;\">DUE MINUTI PER TE<\/span><\/h2>\n<p><strong>APPUNTAMENTO DELLA DOMENICA CON MONSIGNOR GIORGIO LISE<\/strong><\/p>\n<audio class=\"wp-audio-shortcode\" id=\"audio-291325-12\" preload=\"none\" style=\"width: 100%;\" controls=\"controls\"><source type=\"audio\/mpeg\" src=\"https:\/\/www.radiopiu.net\/wordpress\/wp-content\/uploads\/2022\/08\/DON-GIORGIO.mp3?_=12\" \/><a href=\"https:\/\/www.radiopiu.net\/wordpress\/wp-content\/uploads\/2022\/08\/DON-GIORGIO.mp3\">https:\/\/www.radiopiu.net\/wordpress\/wp-content\/uploads\/2022\/08\/DON-GIORGIO.mp3<\/a><\/audio>\n<p>&nbsp;<\/p>\n<p>&nbsp;<\/p>\n<hr \/>\n<p>&nbsp;<\/p>\n<div>\n<div class=\"b654a4as d2edcug0\">\n<div class=\"rq0escxv hkbzh7o3 jwdofwj8 n8tt0mok r8blr3vg hyh9befq\">\n<p><a class=\"dt-pswp-item\" href=\"https:\/\/www.radiopiu.net\/wordpress\/wp-content\/uploads\/2020\/10\/pp.jpg\" data-dt-img-description=\"\" data-large_image_width=\"640\" data-large_image_height=\"640\"><img loading=\"lazy\" decoding=\"async\" class=\"wp-image-163678 alignleft\" src=\"https:\/\/www.radiopiu.net\/wordpress\/wp-content\/uploads\/2020\/10\/pp-300x300.jpg\" alt=\"\" width=\"106\" height=\"106\" srcset=\"https:\/\/www.radiopiu.net\/wordpress\/wp-content\/uploads\/2020\/10\/pp-300x300.jpg 300w, https:\/\/www.radiopiu.net\/wordpress\/wp-content\/uploads\/2020\/10\/pp-150x150.jpg 150w, https:\/\/www.radiopiu.net\/wordpress\/wp-content\/uploads\/2020\/10\/pp-125x125.jpg 125w, https:\/\/www.radiopiu.net\/wordpress\/wp-content\/uploads\/2020\/10\/pp-200x200.jpg 200w, https:\/\/www.radiopiu.net\/wordpress\/wp-content\/uploads\/2020\/10\/pp-80x80.jpg 80w, https:\/\/www.radiopiu.net\/wordpress\/wp-content\/uploads\/2020\/10\/pp-480x480.jpg 480w, https:\/\/www.radiopiu.net\/wordpress\/wp-content\/uploads\/2020\/10\/pp.jpg 640w\" sizes=\"auto, (max-width: 106px) 100vw, 106px\" \/><\/a><\/p>\n<\/div>\n<\/div>\n<\/div>\n<div>\n<div class=\"page-title-head hgroup\">\n<div class=\"page-title-head hgroup\">\n<div class=\"b654a4as d2edcug0\">\n<div class=\"j83agx80 btwxx1t3 lhclo0ds hop8lmos nkwizq5d scwd0bx6 roh60bw9\">\n<div class=\"rq0escxv hkbzh7o3 jwdofwj8 n8tt0mok r8blr3vg hyh9befq\">\n<div class=\"do00u71z l9j0dhe7 k4urcfbm\">\n<h2><span style=\"color: #000080;\">DON CESARE, IL PENSIERO DEL GIORNO. ALLA RADIO ALLE 7 DEL MATTINO E ALLE 19.30 DELLA SERA.\u00a0<\/span><\/h2>\n<\/div>\n<\/div>\n<\/div>\n<\/div>\n<\/div>\n<\/div>\n<\/div>\n<div class=\"do00u71z l9j0dhe7 k4urcfbm\">\n<div class=\"page-title-head hgroup\">\n<div class=\"page-title-head hgroup\">\n<div class=\"b654a4as d2edcug0\">\n<div class=\"j83agx80 btwxx1t3 lhclo0ds hop8lmos nkwizq5d scwd0bx6 roh60bw9\">\n<div class=\"rq0escxv hkbzh7o3 jwdofwj8 n8tt0mok r8blr3vg hyh9befq\">\n<div class=\"do00u71z l9j0dhe7 k4urcfbm\">\n<div class=\"page-title-head hgroup\">\n<div class=\"page-title-head hgroup\">\n<div class=\"b654a4as d2edcug0\">\n<div class=\"j83agx80 btwxx1t3 lhclo0ds hop8lmos nkwizq5d scwd0bx6 roh60bw9\">\n<div class=\"rq0escxv hkbzh7o3 jwdofwj8 n8tt0mok r8blr3vg hyh9befq\">\n<div class=\"do00u71z l9j0dhe7 k4urcfbm\">\n<div class=\"ecm0bbzt e5nlhep0 a8c37x1j\">\n<div class=\"kvgmc6g5 cxmmr5t8 oygrvhab hcukyx3x c1et5uql\">\n<div class=\"gmail-kvgmc6g5 gmail-cxmmr5t8 gmail-oygrvhab gmail-hcukyx3x gmail-c1et5uql gmail-ii04i59q\">\n<div class=\"page-title-head hgroup\">\n<div class=\"page-title-head hgroup\">\n<div class=\"b654a4as d2edcug0\">\n<div class=\"j83agx80 btwxx1t3 lhclo0ds hop8lmos nkwizq5d scwd0bx6 roh60bw9\">\n<div class=\"rq0escxv hkbzh7o3 jwdofwj8 n8tt0mok r8blr3vg hyh9befq\">\n<div class=\"do00u71z l9j0dhe7 k4urcfbm\">\n<div class=\"page-title-head hgroup\">\n<div class=\"page-title-head hgroup\">\n<div class=\"b654a4as d2edcug0\">\n<div class=\"j83agx80 btwxx1t3 lhclo0ds hop8lmos nkwizq5d scwd0bx6 roh60bw9\">\n<div class=\"rq0escxv hkbzh7o3 jwdofwj8 n8tt0mok r8blr3vg hyh9befq\">\n<div class=\"do00u71z l9j0dhe7 k4urcfbm\">\n<div class=\"page-title-head hgroup\">\n<div class=\"page-title-head hgroup\">\n<div class=\"b654a4as d2edcug0\">\n<div class=\"j83agx80 btwxx1t3 lhclo0ds hop8lmos nkwizq5d scwd0bx6 roh60bw9\">\n<div class=\"rq0escxv hkbzh7o3 jwdofwj8 n8tt0mok r8blr3vg hyh9befq\">\n<div class=\"do00u71z l9j0dhe7 k4urcfbm\">\n<div class=\"ecm0bbzt e5nlhep0 a8c37x1j\">\n<div class=\"kvgmc6g5 cxmmr5t8 oygrvhab hcukyx3x c1et5uql\">\n<div class=\"gmail-kvgmc6g5 gmail-cxmmr5t8 gmail-oygrvhab gmail-hcukyx3x gmail-c1et5uql gmail-ii04i59q\">\n<div class=\"page-title-head hgroup\">\n<div class=\"page-title-head hgroup\">\n<div class=\"b654a4as d2edcug0\">\n<div class=\"j83agx80 btwxx1t3 lhclo0ds hop8lmos nkwizq5d scwd0bx6 roh60bw9\">\n<div class=\"rq0escxv hkbzh7o3 jwdofwj8 n8tt0mok r8blr3vg hyh9befq\">\n<div>\n<audio class=\"wp-audio-shortcode\" id=\"audio-291325-13\" preload=\"none\" style=\"width: 100%;\" controls=\"controls\"><source type=\"audio\/mpeg\" src=\"https:\/\/www.radiopiu.net\/wordpress\/wp-content\/uploads\/2022\/08\/cesare-1.mp3?_=13\" \/><a href=\"https:\/\/www.radiopiu.net\/wordpress\/wp-content\/uploads\/2022\/08\/cesare-1.mp3\">https:\/\/www.radiopiu.net\/wordpress\/wp-content\/uploads\/2022\/08\/cesare-1.mp3<\/a><\/audio>\n<\/div>\n<div class=\"do00u71z l9j0dhe7 k4urcfbm\">\n<p>&nbsp;<\/p>\n<p>&nbsp;<\/p>\n<hr \/>\n<p>&nbsp;<\/p>\n<p><span style=\"color: #0000ff;\">MUSICA PIU&#8217;\u00a0<\/span><\/p>\n<p><a href=\"https:\/\/www.radiopiu.net\/wordpress\/giornale-radiopiu-20-settembre-2021-direttore-mirko-mezzacasa\/pp-79\/\" rel=\"attachment wp-att-232921\"><img loading=\"lazy\" decoding=\"async\" class=\"wp-image-232921 alignleft\" src=\"https:\/\/www.radiopiu.net\/wordpress\/wp-content\/uploads\/2021\/09\/pp-1-300x300.jpg\" alt=\"\" width=\"135\" height=\"135\" srcset=\"https:\/\/www.radiopiu.net\/wordpress\/wp-content\/uploads\/2021\/09\/pp-1-300x300.jpg 300w, https:\/\/www.radiopiu.net\/wordpress\/wp-content\/uploads\/2021\/09\/pp-1-150x150.jpg 150w, https:\/\/www.radiopiu.net\/wordpress\/wp-content\/uploads\/2021\/09\/pp-1.jpg 640w\" sizes=\"auto, (max-width: 135px) 100vw, 135px\" \/><\/a><\/p>\n<div class=\"mkdf-post-text\">\n<div class=\"mkdf-post-text-inner\">\n<div class=\"mkdf-post-text-main\">\n<div class=\"mkdf-post-text\">\n<div class=\"mkdf-post-text-inner\">\n<div class=\"mkdf-post-text-main\">\n<div class=\"mkdf-post-text\">\n<div class=\"mkdf-post-text-inner\">\n<div class=\"mkdf-post-text-main\">\n<div class=\"page-title-head hgroup\">\n<div class=\"page-title-head hgroup\">\n<div class=\"mkdf-post-text\">\n<div class=\"mkdf-post-text-inner\">\n<div class=\"mkdf-post-text-main\">\n<div class=\"mkdf-post-text\">\n<div class=\"mkdf-post-text-inner\">\n<div class=\"mkdf-post-text-main\">\n<div class=\"page-title-head hgroup\">\n<div class=\"page-title-head hgroup\">\n<div class=\"page-title-head hgroup\">\n<div class=\"page-title-head hgroup\">\n<div class=\"b654a4as d2edcug0\">\n<div class=\"page-title-head hgroup\">\n<div class=\"page-title-head hgroup\">\n<div class=\"page-title-head hgroup\">\n<div class=\"page-title-head hgroup\">\n<div class=\"b654a4as d2edcug0\">\n<div class=\"page-title-head hgroup\">\n<div class=\"page-title-head hgroup\">\n<div class=\"page-title-head hgroup\">\n<div class=\"page-title-head hgroup\">\n<div class=\"b654a4as d2edcug0\">\n<div class=\"mkdf-post-text\">\n<div class=\"mkdf-post-text-inner\">\n<div class=\"mkdf-post-text-main\">\n<div class=\"mkdf-post-text\">\n<div class=\"mkdf-post-text-inner\">\n<div class=\"mkdf-post-text-main\">\n<div class=\"mkdf-post-text\">\n<div class=\"mkdf-post-text-inner\">\n<div class=\"mkdf-post-text-main\">\n<div class=\"page-title-head hgroup\">\n<div class=\"page-title-head hgroup\">\n<div class=\"mkdf-post-text\">\n<div class=\"mkdf-post-text-inner\">\n<div class=\"mkdf-post-text-main\">\n<div class=\"mkdf-post-text\">\n<div class=\"mkdf-post-text-inner\">\n<div class=\"mkdf-post-text-main\">\n<div class=\"page-title-head hgroup\">\n<div class=\"page-title-head hgroup\">\n<div class=\"page-title-head hgroup\">\n<div class=\"page-title-head hgroup\">\n<div class=\"b654a4as d2edcug0\">\n<div class=\"page-title-head hgroup\">\n<div class=\"page-title-head hgroup\">\n<div class=\"page-title-head hgroup\">\n<div class=\"page-title-head hgroup\">\n<div class=\"b654a4as d2edcug0\">\n<div class=\"page-title-head hgroup\">\n<div class=\"page-title-head hgroup\">\n<div class=\"page-title-head hgroup\">\n<div class=\"page-title-head hgroup\">\n<div class=\"b654a4as d2edcug0\">\n<div><\/div>\n<div><\/div>\n<div>\n<p><strong>MUSICA ALLA RADIO, IL PROGRAMMA DI LORIS SCUSSEL &#8220;COLLAGE OPERAZIONE NOSTALGIA&#8221; DAL LUNEDI AL VENERDI ALLE 16.00\u00a0 E ALLE 23\u00a0<\/strong><\/p>\n<\/div>\n<\/div>\n<p>&nbsp;<\/p>\n<p>&nbsp;<\/p>\n<div class=\"b654a4as d2edcug0\">\n<blockquote>\n<h3>COLLAGE OPERAZIONE NOSTALGIA TANTE DIVERSE PROPOSTE.<\/h3>\n<\/blockquote>\n<p><span style=\"font-size: medium;\"><a class=\"dt-pswp-item\" href=\"https:\/\/www.radiopiu.net\/wordpress\/wp-content\/uploads\/2022\/08\/Clapton-e-Winwood.jpeg\" data-dt-img-description=\"\" data-large_image_width=\"534\" data-large_image_height=\"693\"><img loading=\"lazy\" decoding=\"async\" class=\"size-thumbnail wp-image-291460 alignleft\" src=\"https:\/\/www.radiopiu.net\/wordpress\/wp-content\/uploads\/2022\/08\/Clapton-e-Winwood-150x150.jpeg\" alt=\"\" width=\"150\" height=\"150\" \/><\/a>Una settimana caratterizzata da varie trasmissioni a tema quella di \u201cCollage operazione nostalgia\u201d dove troveranno spazio i complessi di casa nostra, i cantautori, il rock progressive italiano dei primi anni 70, il juke box, l\u2019umorismo ovviamente senza trascurare la musica internazionale con una puntata dedicata alle canzoni in lingua originale che abbiamo conosciuto grazie alle cover e ancora tanta, tanta altra buona musica.<\/span><\/p>\n<p><span style=\"font-size: medium;\">Collage va in onda dal luned\u00ec al venerd\u00ec alle 16,00 e alle 23,00 naturalmente su Radiopi\u00f9.<\/span><\/p>\n<p>&nbsp;<\/p>\n<hr \/>\n<p>&nbsp;<\/p>\n<p>&nbsp;<\/p>\n<p>&nbsp;<\/p>\n<h2><strong><a class=\"dt-pswp-item\" href=\"https:\/\/www.radiopiu.net\/wordpress\/wp-content\/uploads\/2019\/07\/LA-VALLE.jpg\" data-dt-img-description=\"\" data-large_image_width=\"259\" data-large_image_height=\"194\"><img loading=\"lazy\" decoding=\"async\" class=\"size-thumbnail wp-image-93156 alignleft\" src=\"https:\/\/www.radiopiu.net\/wordpress\/wp-content\/uploads\/2019\/07\/LA-VALLE-150x150.jpg\" alt=\"\" width=\"150\" height=\"150\" \/><\/a><\/strong><span style=\"color: #3366ff;\">LA RASSEGNA STAMPA DA L&#8217;AMICO DEL POPOLO<\/span><\/h2>\n<p><strong>di Gianni Santomaso<\/strong><\/p>\n<p>OSPITE: Andrea Da Roit, presidente della Pro Loco di La Valle<\/p>\n<audio class=\"wp-audio-shortcode\" id=\"audio-291325-14\" preload=\"none\" style=\"width: 100%;\" controls=\"controls\"><source type=\"audio\/mpeg\" src=\"https:\/\/www.radiopiu.net\/wordpress\/wp-content\/uploads\/2022\/08\/RASSEGNA-GIANNI1.mp3?_=14\" \/><a href=\"https:\/\/www.radiopiu.net\/wordpress\/wp-content\/uploads\/2022\/08\/RASSEGNA-GIANNI1.mp3\">https:\/\/www.radiopiu.net\/wordpress\/wp-content\/uploads\/2022\/08\/RASSEGNA-GIANNI1.mp3<\/a><\/audio>\n<p>&nbsp;<\/p>\n<blockquote class=\"wp-embedded-content\" data-secret=\"qTBLbjIvaB\"><p><a href=\"https:\/\/www.radiopiu.net\/wordpress\/rassegna-stampa-di-gianni-santomaso\/\">Rassegna stampa da l&#8217;amico del popolo &#8211; di Gianni Santomaso<\/a><\/p><\/blockquote>\n<p><iframe loading=\"lazy\" class=\"wp-embedded-content\" sandbox=\"allow-scripts\" security=\"restricted\" style=\"position: absolute; clip: rect(1px, 1px, 1px, 1px);\" title=\"&#8220;Rassegna stampa da l&#8217;amico del popolo &#8211; di Gianni Santomaso&#8221; &#8212; Radio Pi\u00f9\" src=\"https:\/\/www.radiopiu.net\/wordpress\/rassegna-stampa-di-gianni-santomaso\/embed\/#?secret=jGF0Hy9kUI#?secret=qTBLbjIvaB\" data-secret=\"qTBLbjIvaB\" width=\"600\" height=\"338\" frameborder=\"0\" marginwidth=\"0\" marginheight=\"0\" scrolling=\"no\"><\/iframe><\/p>\n<p>&nbsp;<\/p>\n<\/div>\n<\/div>\n<\/div>\n<\/div>\n<\/div>\n<\/div>\n<\/div>\n<\/div>\n<\/div>\n<\/div>\n<\/div>\n<\/div>\n<\/div>\n<\/div>\n<\/div>\n<\/div>\n<\/div>\n<\/div>\n<\/div>\n<\/div>\n<\/div>\n<\/div>\n<\/div>\n<\/div>\n<\/div>\n<\/div>\n<\/div>\n<\/div>\n<\/div>\n<\/div>\n<\/div>\n<\/div>\n<\/div>\n<\/div>\n<\/div>\n<\/div>\n<\/div>\n<\/div>\n<\/div>\n<\/div>\n<\/div>\n<\/div>\n<\/div>\n<\/div>\n<\/div>\n<\/div>\n<\/div>\n<\/div>\n<\/div>\n<\/div>\n<\/div>\n<\/div>\n<\/div>\n<\/div>\n<\/div>\n<\/div>\n<\/div>\n<\/div>\n<\/div>\n<\/div>\n<\/div>\n<\/div>\n<\/div>\n<\/div>\n<div>\n<div class=\"page-title-head hgroup\">\n<div class=\"page-title-head hgroup\">\n<div class=\"page-title-head hgroup\">\n<div class=\"page-title-head hgroup\">\n<div class=\"b654a4as d2edcug0\">\n<div class=\"page-title-head hgroup\">\n<div class=\"page-title-head hgroup\">\n<div class=\"page-title-head hgroup\">\n<div class=\"page-title-head hgroup\">\n<div class=\"b654a4as d2edcug0\">\n<div class=\"page-title-head hgroup\">\n<div class=\"page-title-head hgroup\">\n<div class=\"page-title-head hgroup\">\n<div class=\"page-title-head hgroup\">\n<div class=\"page-title-head hgroup\">\n<div class=\"page-title-head hgroup\">\n<div class=\"page-title-head hgroup\">\n<div class=\"page-title-head hgroup\">\n<div class=\"page-title-head hgroup\">\n<div class=\"b654a4as d2edcug0\">\n<div class=\"page-title-head hgroup\">\n<div class=\"page-title-head hgroup\">\n<div class=\"page-title-head hgroup\">\n<div class=\"page-title-head hgroup\">\n<div class=\"b654a4as d2edcug0\">\n<div class=\"page-title-head hgroup\">\n<div class=\"page-title-head hgroup\">\n<div class=\"page-title-head hgroup\">\n<div class=\"page-title-head hgroup\">\n<div class=\"page-title-head hgroup\">\n<div class=\"mkdf-post-text\">\n<div class=\"mkdf-post-text-inner\">\n<div class=\"mkdf-post-text-main\">\n<div class=\"mkdf-post-text\">\n<div class=\"mkdf-post-text-inner\">\n<div class=\"mkdf-post-text-main\">\n<div class=\"mkdf-post-text\">\n<div class=\"mkdf-post-text-inner\">\n<div class=\"mkdf-post-text-main\">\n<div class=\"page-title-head hgroup\">\n<div class=\"page-title-head hgroup\">\n<div class=\"mkdf-post-text\">\n<div class=\"mkdf-post-text-inner\">\n<div class=\"mkdf-post-text-main\">\n<div class=\"mkdf-post-text\">\n<div class=\"mkdf-post-text-inner\">\n<div class=\"mkdf-post-text-main\">\n<div class=\"page-title-head hgroup\">\n<div class=\"page-title-head hgroup\">\n<div class=\"page-title-head hgroup\">\n<div class=\"page-title-head hgroup\">\n<div class=\"b654a4as d2edcug0\">\n<div class=\"page-title-head hgroup\">\n<div class=\"page-title-head hgroup\">\n<div class=\"page-title-head hgroup\">\n<div class=\"page-title-head hgroup\">\n<div class=\"b654a4as d2edcug0\">\n<div class=\"page-title-head hgroup\">\n<div class=\"page-title-head hgroup\">\n<div class=\"page-title-head hgroup\">\n<div style=\"text-align: left;\">\n<p>&nbsp;<\/p>\n<\/div>\n<hr \/>\n<p>&nbsp;<\/p>\n<p><a class=\"dt-pswp-item\" href=\"https:\/\/www.radiopiu.net\/wordpress\/wp-content\/uploads\/2018\/09\/WhatsApp-Image-2018-09-20-at-16.04.06.jpeg\" data-dt-img-description=\"\" data-large_image_width=\"800\" data-large_image_height=\"100\"><img loading=\"lazy\" decoding=\"async\" class=\"aligncenter wp-image-61378 size-full\" src=\"https:\/\/www.radiopiu.net\/wordpress\/wp-content\/uploads\/2018\/09\/WhatsApp-Image-2018-09-20-at-16.04.06.jpeg\" alt=\"\" width=\"800\" height=\"100\" srcset=\"https:\/\/www.radiopiu.net\/wordpress\/wp-content\/uploads\/2018\/09\/WhatsApp-Image-2018-09-20-at-16.04.06.jpeg 800w, https:\/\/www.radiopiu.net\/wordpress\/wp-content\/uploads\/2018\/09\/WhatsApp-Image-2018-09-20-at-16.04.06-300x38.jpeg 300w, https:\/\/www.radiopiu.net\/wordpress\/wp-content\/uploads\/2018\/09\/WhatsApp-Image-2018-09-20-at-16.04.06-768x96.jpeg 768w\" sizes=\"auto, (max-width: 800px) 100vw, 800px\" \/><\/a><\/p>\n<p>&nbsp;<\/p>\n<p><center><b>Lunedi 8<\/b><\/center><b>Tempo atteso: <\/b>Nuvolosit\u00e0 irregolare spesso intensa anche al mattino, con ripresa di moderata attivit\u00e0 cumuliforme pomeridiana, con attenuazione della stessa entro il tardo pomeriggio\/sera. Contesto termico mite, specie in caso di schiarite limitate.<br \/>\n<b>Precipitazioni: <\/b>Nella notte e al mattino possibile qualche rovescio locale (30\/40%); al pomeriggio ripresa di ulteriori rovesci o temporali sparsi (50\/70%). I quantitativi complessivi rimarranno nell&#8217;ordine di 5\/15 mm, ma localmente potranno essere di pi\u00f9 in caso di rovesci o temporali pi\u00f9 duraturi.<br \/>\n<b>Temperature: <\/b>Minime in lieve calo nelle valli, stazionarie in quota; massime stazionarie o in lieve aumento nelle valli in funzione del soleggiamento. Su Prealpi a 1500 m min 13\u00b0C max 17\u00b0C, a 2000 m min 9\u00b0C max 12\u00b0C. Su Dolomiti a 2000 m min 8\u00b0C max 13\u00b0C, a 3000 m min 2\u00b0C max 5\u00b0C.<br \/>\n<b>Venti: <\/b>Nelle valli deboli di direzione variabile, con qualche rinforzo in caso di temporali. In quota perlopi\u00f9 deboli da est nord-est, a 5-10 km\/h a 2000 m e 5-15 km\/h a 3000 m.<\/p>\n<hr \/>\n<p><center><b>Martedi 9<\/b><\/center><b>Tempo atteso: <\/b>Netto miglioramento del tempo con sole e cielo sereno o poco nuvoloso al mattino, poi lieve riduzione del soleggiamento per modesta attivit\u00e0 cumuliforme pomeridiana, solo localmente moderata, con tempo perlopi\u00f9 stabile.<br \/>\n<b>Precipitazioni: <\/b>Generalmente assenti, al pi\u00f9 limitate a qualche isolato e breve piovasco pomeridiano (10\/20%).<br \/>\n<b>Temperature: <\/b>Minime in calo nelle valli, stazionarie in quota; massime in contenuto aumento. Su Prealpi a 1500 m min 14\u00b0C max 17\u00b0C, a 2000 m min 9\u00b0C max 13\u00b0C. Su Dolomiti a 2000 m min 9\u00b0C max 14\u00b0C, a 3000 m min 3\u00b0C max 6\u00b0C.<br \/>\n<b>Venti: <\/b>Nelle valli deboli o moderati a regime di brezza. In quota perlopi\u00f9 deboli dai quadranti settentrionali, a 5-10 km\/h a 2000 m e 5-20 km\/h a 3000 m.<\/p>\n<hr \/>\n<p><center><b>Mercoledi 10<\/b><\/center>Tempo abbastanza soleggiato, anche se con nuvolosit\u00e0 irregolare un po&#8217; pi\u00f9 presente di marted\u00ec, ma senza fenomeni significativi associati, anche se qualche isolato rovescio o temporale non sar\u00e0 da escludere del tutto. Temperature perlopi\u00f9 stazionarie rispetto a marted\u00ec. Venti deboli\/moderati nord-occidentali in quota, brezze nelle valli.<\/p>\n<hr \/>\n<p><center><b>Giovedi 11<\/b><\/center>Tempo abbastanza soleggiato, con ampi spazi di sereno al mattino, e attivit\u00e0 cumuliforme pomeridiana spesso moderata, ma con basso rischio di fenomeni di instabilit\u00e0. Temperature senza notevoli variazioni a tutte le quote. Previsore: G.M.<\/p>\n<p>&nbsp;<\/p>\n<hr \/>\n<p>&nbsp;<\/p>\n<p><a href=\"https:\/\/www.radiopiu.net\/wordpress\/giornale-radiopiu-26-settembre-2018-direttore-mirko-mezzacasa\/viabilita-2\/\" rel=\"attachment wp-att-61954\"><img loading=\"lazy\" decoding=\"async\" class=\"aligncenter wp-image-61954 size-full\" src=\"https:\/\/www.radiopiu.net\/wordpress\/wp-content\/uploads\/2018\/09\/viabilita.jpeg\" sizes=\"auto, (max-width: 800px) 100vw, 800px\" srcset=\"https:\/\/www.radiopiu.net\/wordpress\/wp-content\/uploads\/2018\/09\/viabilita.jpeg 800w, https:\/\/www.radiopiu.net\/wordpress\/wp-content\/uploads\/2018\/09\/viabilita-300x38.jpeg 300w, https:\/\/www.radiopiu.net\/wordpress\/wp-content\/uploads\/2018\/09\/viabilita-768x96.jpeg 768w\" alt=\"\" width=\"800\" height=\"100\" \/><\/a><\/p>\n<blockquote>\n<h3><\/h3>\n<h3>GALLERIA DI SEGUSINO CHIUSA PER 4 MESI<\/h3>\n<\/blockquote>\n<p><strong><a class=\"dt-pswp-item\" href=\"https:\/\/www.radiopiu.net\/wordpress\/wp-content\/uploads\/2020\/05\/VENETO-STRADE.png\" data-dt-img-description=\"\" data-large_image_width=\"400\" data-large_image_height=\"400\"><img loading=\"lazy\" decoding=\"async\" class=\" wp-image-135574 alignleft\" src=\"https:\/\/www.radiopiu.net\/wordpress\/wp-content\/uploads\/2020\/05\/VENETO-STRADE-150x150.png\" alt=\"\" width=\"102\" height=\"102\" srcset=\"https:\/\/www.radiopiu.net\/wordpress\/wp-content\/uploads\/2020\/05\/VENETO-STRADE-150x150.png 150w, https:\/\/www.radiopiu.net\/wordpress\/wp-content\/uploads\/2020\/05\/VENETO-STRADE-300x300.png 300w, https:\/\/www.radiopiu.net\/wordpress\/wp-content\/uploads\/2020\/05\/VENETO-STRADE.png 400w\" sizes=\"auto, (max-width: 102px) 100vw, 102px\" \/><\/a><\/strong><\/p>\n<p><strong>SEDICO<\/strong> Veneto Strade comunica che sulla SP 1 Bis &#8220;Madonna del Piave&#8221;, dal 12 luglio e fino al 4 novembre, compresi sabati domeniche e festivi infrasettimanali, un&#8217;interdizione totale al transito per l&#8217;intera tratta della galleria di Segusino in seguito a dei lavori per messa in sicurezza della condotta acquedottistica<\/p>\n<p>&nbsp;<\/p>\n<p>&nbsp;<\/p>\n<blockquote>\n<h3>MODIFICHE ALLA VIABILITA&#8217; A BELLUNO<\/h3>\n<\/blockquote>\n<p><strong>IN CENTRO\u00a0\u00a0<\/strong><span dir=\"ltr\" role=\"presentation\">Dal<\/span><span dir=\"ltr\" role=\"presentation\">le\u00a0 6 del 30 luglio alle 18 del 31 agosto <\/span>\u00a0<span dir=\"ltr\" role=\"presentation\">istituzione del divieto di sosta con rimozione forzata dei veicoli, in<\/span><br role=\"presentation\" \/><span dir=\"ltr\" role=\"presentation\">piazza Mazzini nell\u2019area antistante ai civici da 1 a 5; <\/span>\u00a0<span dir=\"ltr\" role=\"presentation\">istituzione del divieto di sosta con rimozione forzata dei veicoli, in <\/span><span dir=\"ltr\" role=\"presentation\">piazza Mazzini sui due stalli di sosta riservati ai veicoli per residenti <\/span><span dir=\"ltr\" role=\"presentation\">autorizzati<\/span><\/p>\n<p><strong>A LEVEGO<\/strong> Per consentire i lavori di completamento della rotatoria, si rendono necessarie le seguenti modifiche alla viabilita\u0300, nel centro abitato di Levego, nel periodo dal 1\u00b0 agosto al 15 settembre: istituzione del senso unico alternato di circolazione veicolare, regolato da impianto semaforico e, in caso di traffico particolarmente intenso, da idoneo personale, sulla Strada Provinciale 1 \u201cdella Sinistra Piave\u201d; istituzione del limite di velocita\u0300 di 30 km\/h, nonche\u0301 del divieto di sorpasso in corrispondenza dell\u2019area di cantiere.<\/p>\n<p><strong>VIE MATTEOTTI, GARIBALDI E LORETO <\/strong>istituzione del senso unico alternato di circolazione veicolare regolato a vista da idonea segnaletica stradale all\u2019intersezione tra le vie Matteotti, Garibaldi e Loreto in corrispondenza del cantiere, fino alle ore 18.00 del 30 settembre;<\/p>\n<p><strong>VIA FAVERGHERA<\/strong> Per consentire lo svolgimento promozionale di attivita\u0300 motorio-sportiva con pattini, nella giornata di sabato 6 agosto, dalle ore 8.00 alle ore 12.00: istituzione del divieto di sosta con rimozione forzata dei veicoli e del divieto di circolazione<\/p>\n<p><strong>PIAZZA MAZZINI<\/strong> Per consentire l&#8217;esecuzione dei lavori di smontaggio della gru utilizzata nei lavori di recupero edilizio di un fabbricato oggetto di ristrutturazione, si rendono necessarie le seguenti modifiche alla viabilita\u0300, dalle ore 6.00 alle ore 18.00 del 10 agosto: istituzione del senso unico alternato di circolazione veicolare per i soli residenti autorizzati, divieto di sosta con rimozione forzata dei veicoli su tutti gli stalli di piazza Mazzini<\/p>\n<p><strong>VIA FELTRE<\/strong> Per consentire la creazione di un\u2019area di cantiere necessaria al posizionamento di una piattaforma per lavori di manutenzione delle antenne, si rende necessaria l&#8217;istituzione del divieto di sosta con rimozione forzata dei veicoli, in Feltre negli stalli di sosta a pagamento immediatamente a sinistra dell\u2019entrata a ridosso dell\u2019antenna nel parcheggio \u201cex Moi\u201d, dalle ore 8.00 dell&#8217;11 alle ore 18.00 del 12 agosto.<\/p>\n<p>&nbsp;<\/p>\n<p>&nbsp;<\/p>\n<hr \/>\n<p>&nbsp;<\/p>\n<p>&nbsp;<\/p>\n<p><img loading=\"lazy\" decoding=\"async\" class=\"wp-image-60761 size-full aligncenter\" src=\"https:\/\/www.radiopiu.net\/wordpress\/wp-content\/uploads\/2018\/09\/sport.jpg\" alt=\"\" width=\"800\" height=\"100\" srcset=\"https:\/\/www.radiopiu.net\/wordpress\/wp-content\/uploads\/2018\/09\/sport.jpg 800w, https:\/\/www.radiopiu.net\/wordpress\/wp-content\/uploads\/2018\/09\/sport-300x38.jpg 300w, https:\/\/www.radiopiu.net\/wordpress\/wp-content\/uploads\/2018\/09\/sport-768x96.jpg 768w\" sizes=\"auto, (max-width: 800px) 100vw, 800px\" \/><\/p>\n<\/div>\n<\/div>\n<\/div>\n<div class=\"page-title-head hgroup\">\n<div class=\"page-title-head hgroup\">\n<p>&nbsp;<\/p>\n<\/div>\n<\/div>\n<div class=\"page-title-head hgroup\">\n<div class=\"page-title-head hgroup\">\n<div class=\"page-title-head hgroup\">\n<p><span style=\"color: #0000ff;\"><strong>CALCIO<\/strong><\/span><\/p>\n<blockquote>\n<h3>IL VOLTAGO SI AGGIUDICA IL CAMPIONATO AGORDINO 2022. IL TAIBON VINCE IL TORNEO GIOVANILE<\/h3>\n<\/blockquote>\n<h3><span style=\"color: #ff0000;\"><strong>MEMORIAL DENIS TONIN<\/strong><\/span><\/h3>\n<p><strong><a class=\"dt-pswp-item\" href=\"https:\/\/www.radiopiu.net\/wordpress\/wp-content\/uploads\/2022\/08\/aebafb82-041a-4ec6-8f01-38d6754a59e2.jpg\" data-dt-img-description=\"\" data-large_image_width=\"1024\" data-large_image_height=\"768\"><img loading=\"lazy\" decoding=\"async\" class=\"size-thumbnail wp-image-291618 alignleft\" src=\"https:\/\/www.radiopiu.net\/wordpress\/wp-content\/uploads\/2022\/08\/aebafb82-041a-4ec6-8f01-38d6754a59e2-150x150.jpg\" alt=\"\" width=\"150\" height=\"150\" \/><\/a>VOLTAGO &#8211; GOSALDO 2-1<\/strong><\/p>\n<p><strong>GOL:<\/strong> 3&#8242; Francesco Costa, 16&#8242; Andrea Chiea, 71&#8242; Robin Marcon (AUT)<\/p>\n<p><strong>GOSALDO<\/strong> Sotto una pioggia battenete si \u00e8 conclusa al campo sportivo di Gosaldo l&#8217;edizione 2022 de Campionato Agordino di calcio. Il derby del Poi se lo aggiudica il Voltago dopo una partita combattuta e decisa da un episodio. Il Voltago passa subito in vantaggio con un gol di rapina di Francesco Costa, bravo a sfruttare una disattenzione del portiere gosaldino per calciare in rete. Il match \u00e8 vivace nonostante il terreno pesante per la pioggia. Il Gosaldo prova a rispondere con Dal Don ma la conclusione termina fuori. I pluriscudettati gosaldini non demordono e al 16&#8242; pareggiano i conti con una punizione di Chiea imprendibile per il portiere del Voltago. Si continua a lottare su ogni pallone ma si va al riposo col punteggio di 1 a 1. Nella ripresa non mancano le occasioni e, dopo una girandola di cambi, la partita sembra pi\u00f9 emozionante. L&#8217;episodio che decide la sfida arriva al 71&#8242; quando Tirabeni crossa in area ma Robin Marcon sbaglia a spazzare spedendo il pallone in fondo alla propria porta. Il Voltago continua ad attaccare fino al triplice fischio del direttore di gara. Terza vittoria consecutiva per il Voltago che mette in bacheca il Memorial Denis Tonin.<\/p>\n\n\t\t\t<style type='text\/css'>\n\t\t\t\t#gallery-9 {\n\t\t\t\t\tmargin: auto;\n\t\t\t\t}\n\t\t\t\t#gallery-9 .gallery-item {\n\t\t\t\t\tfloat: left;\n\t\t\t\t\tmargin-top: 10px;\n\t\t\t\t\ttext-align: center;\n\t\t\t\t\twidth: 33%;\n\t\t\t\t}\n\t\t\t\t#gallery-9 img {\n\t\t\t\t\tborder: 2px solid #cfcfcf;\n\t\t\t\t}\n\t\t\t\t#gallery-9 .gallery-caption {\n\t\t\t\t\tmargin-left: 0;\n\t\t\t\t}\n\t\t\t\t\/* see gallery_shortcode() in wp-includes\/media.php *\/\n\t\t\t<\/style>\n\t\t<div id='gallery-9' class='dt-gallery-container gallery galleryid-291325 gallery-columns-3 gallery-size-thumbnail'><dl class='gallery-item'>\n\t\t\t\t<dt class='gallery-icon landscape'>\n\t\t\t\t\t<a class=\"rollover rollover-zoom dt-pswp-item\" title=\"9a2cf02a-d10c-4657-8653-c022fec58ea9\" data-dt-img-description=\"\" data-large_image_width=\"1600\" data-large_image_height=\"1200\"href='https:\/\/www.radiopiu.net\/wordpress\/wp-content\/uploads\/2022\/08\/9a2cf02a-d10c-4657-8653-c022fec58ea9.jpg'><img loading=\"lazy\" decoding=\"async\" width=\"150\" height=\"150\" src=\"https:\/\/www.radiopiu.net\/wordpress\/wp-content\/uploads\/2022\/08\/9a2cf02a-d10c-4657-8653-c022fec58ea9-150x150.jpg\" class=\"attachment-thumbnail size-thumbnail\" alt=\"\" \/><\/a>\n\t\t\t\t<\/dt><\/dl><dl class='gallery-item'>\n\t\t\t\t<dt class='gallery-icon landscape'>\n\t\t\t\t\t<a class=\"rollover rollover-zoom dt-pswp-item\" title=\"3f2a0f85-457a-435c-b63c-583b33279519\" data-dt-img-description=\"\" data-large_image_width=\"1024\" data-large_image_height=\"768\"href='https:\/\/www.radiopiu.net\/wordpress\/wp-content\/uploads\/2022\/08\/3f2a0f85-457a-435c-b63c-583b33279519.jpg'><img loading=\"lazy\" decoding=\"async\" width=\"150\" height=\"150\" src=\"https:\/\/www.radiopiu.net\/wordpress\/wp-content\/uploads\/2022\/08\/3f2a0f85-457a-435c-b63c-583b33279519-150x150.jpg\" class=\"attachment-thumbnail size-thumbnail\" alt=\"\" \/><\/a>\n\t\t\t\t<\/dt><\/dl><dl class='gallery-item'>\n\t\t\t\t<dt class='gallery-icon landscape'>\n\t\t\t\t\t<a class=\"rollover rollover-zoom dt-pswp-item\" title=\"4df54526-e273-456e-81cb-c14a1908e031\" data-dt-img-description=\"\" data-large_image_width=\"1024\" data-large_image_height=\"768\"href='https:\/\/www.radiopiu.net\/wordpress\/wp-content\/uploads\/2022\/08\/4df54526-e273-456e-81cb-c14a1908e031.jpg'><img loading=\"lazy\" decoding=\"async\" width=\"150\" height=\"150\" src=\"https:\/\/www.radiopiu.net\/wordpress\/wp-content\/uploads\/2022\/08\/4df54526-e273-456e-81cb-c14a1908e031-150x150.jpg\" class=\"attachment-thumbnail size-thumbnail\" alt=\"\" \/><\/a>\n\t\t\t\t<\/dt><\/dl><br style=\"clear: both\" \/><dl class='gallery-item'>\n\t\t\t\t<dt class='gallery-icon landscape'>\n\t\t\t\t\t<a class=\"rollover rollover-zoom dt-pswp-item\" title=\"1bbbb8b7-3f1f-4ed4-a4e8-36000126d878\" data-dt-img-description=\"\" data-large_image_width=\"1024\" data-large_image_height=\"768\"href='https:\/\/www.radiopiu.net\/wordpress\/wp-content\/uploads\/2022\/08\/1bbbb8b7-3f1f-4ed4-a4e8-36000126d878.jpg'><img loading=\"lazy\" decoding=\"async\" width=\"150\" height=\"150\" src=\"https:\/\/www.radiopiu.net\/wordpress\/wp-content\/uploads\/2022\/08\/1bbbb8b7-3f1f-4ed4-a4e8-36000126d878-150x150.jpg\" class=\"attachment-thumbnail size-thumbnail\" alt=\"\" \/><\/a>\n\t\t\t\t<\/dt><\/dl><dl class='gallery-item'>\n\t\t\t\t<dt class='gallery-icon landscape'>\n\t\t\t\t\t<a class=\"rollover rollover-zoom dt-pswp-item\" title=\"a9a6284b-57b3-4778-9e33-9a21dc02bd9a\" data-dt-img-description=\"\" data-large_image_width=\"1024\" data-large_image_height=\"768\"href='https:\/\/www.radiopiu.net\/wordpress\/wp-content\/uploads\/2022\/08\/a9a6284b-57b3-4778-9e33-9a21dc02bd9a.jpg'><img loading=\"lazy\" decoding=\"async\" width=\"150\" height=\"150\" src=\"https:\/\/www.radiopiu.net\/wordpress\/wp-content\/uploads\/2022\/08\/a9a6284b-57b3-4778-9e33-9a21dc02bd9a-150x150.jpg\" class=\"attachment-thumbnail size-thumbnail\" alt=\"\" \/><\/a>\n\t\t\t\t<\/dt><\/dl><dl class='gallery-item'>\n\t\t\t\t<dt class='gallery-icon landscape'>\n\t\t\t\t\t<a class=\"rollover rollover-zoom dt-pswp-item\" title=\"1b64df47-6ade-479a-a833-6e5ddf3c5d0e\" data-dt-img-description=\"\" data-large_image_width=\"1024\" data-large_image_height=\"768\"href='https:\/\/www.radiopiu.net\/wordpress\/wp-content\/uploads\/2022\/08\/1b64df47-6ade-479a-a833-6e5ddf3c5d0e.jpg'><img loading=\"lazy\" decoding=\"async\" width=\"150\" height=\"150\" src=\"https:\/\/www.radiopiu.net\/wordpress\/wp-content\/uploads\/2022\/08\/1b64df47-6ade-479a-a833-6e5ddf3c5d0e-150x150.jpg\" class=\"attachment-thumbnail size-thumbnail\" alt=\"\" \/><\/a>\n\t\t\t\t<\/dt><\/dl><br style=\"clear: both\" \/>\n\t\t\t<\/div>\n\n<p>&nbsp;<\/p>\n<p><strong>LA CLASSIFICA FINALE<\/strong> 1. Voltago, 2. Gosaldo, 3. Fodom, 4. Caprile, 5. Taibon, 6. Le Ville, 7. Canale, 8. Rivamonte, 9. Agordo 2009, 10. Cencenighe, 11. Vallada, 12. La Valle, 13. Alleghe<\/p>\n<p><strong>PREMI SPECIALI<\/strong> Coppa Disciplina Trofeo Dell&#8217;Amicizia Radio Pi\u00f9: Agordo 2009, Miglior Giocatore Corriere Delle Alpi: William Wiesner (Agordo 2009), Capocannoniere: Joseph Masoch (Gosaldo) 8 gol, Miglior Portiere: Fausto Rumor (Voltago), Miglior Giocatore Della Finale: Francesco Costa (Voltago)<\/p>\n<p><strong>LE INTERVISTE DI FINE GARA<\/strong><\/p>\n<p>https:\/\/www.facebook.com\/marco.baghy.1\/videos\/613913570441875<\/p>\n<p>&nbsp;<\/p>\n<h3><span style=\"color: #0000ff;\"><strong>MEMORIAL GABRIELE ORZETTI<\/strong><\/span><\/h3>\n<p><strong>TAIBON &#8211; FODOM 4-1<\/strong><\/p>\n<p><strong>GOL:<\/strong> 16&#8242; Ploner, 20&#8242; e 55&#8242; Soccol, 29&#8242; e 50&#8242; Zasso<\/p>\n<p>Il Taibon torna a vincere il Campionato Agordino Giovanile. Il Fodom esce sconfitto a testa alta da una finale combattuta e decisa dai calci piazzati. Al 16&#8242; Ploner porta in vantaggio gli orsetti su punizione dalla distanza. Risponde subito il Taibon con Soccol che batte il portiere con un diagonale chirurgico. Al 29&#8242; Zasso porta in vantaggio i taiboner con una punizione imprendibile per l&#8217;estremo avversario. Nonostante tutto il Fodom lotta con le unghie e con i denti per contenere le incursioni avversarie. Al 50&#8242; Zasso firma la doppietta personale e a chiudere definitivamente la sfida ci pensa Soccol a 5&#8242; dal termine. Taibon campione agordino giovanile.<\/p>\n\n\t\t\t<style type='text\/css'>\n\t\t\t\t#gallery-10 {\n\t\t\t\t\tmargin: auto;\n\t\t\t\t}\n\t\t\t\t#gallery-10 .gallery-item {\n\t\t\t\t\tfloat: left;\n\t\t\t\t\tmargin-top: 10px;\n\t\t\t\t\ttext-align: center;\n\t\t\t\t\twidth: 33%;\n\t\t\t\t}\n\t\t\t\t#gallery-10 img {\n\t\t\t\t\tborder: 2px solid #cfcfcf;\n\t\t\t\t}\n\t\t\t\t#gallery-10 .gallery-caption {\n\t\t\t\t\tmargin-left: 0;\n\t\t\t\t}\n\t\t\t\t\/* see gallery_shortcode() in wp-includes\/media.php *\/\n\t\t\t<\/style>\n\t\t<div id='gallery-10' class='dt-gallery-container gallery galleryid-291325 gallery-columns-3 gallery-size-thumbnail'><dl class='gallery-item'>\n\t\t\t\t<dt class='gallery-icon landscape'>\n\t\t\t\t\t<a class=\"rollover rollover-zoom dt-pswp-item\" title=\"fc5b81cb-8ebd-4f4b-ae9f-7fcbfb139d52\" data-dt-img-description=\"\" data-large_image_width=\"1600\" data-large_image_height=\"1200\"href='https:\/\/www.radiopiu.net\/wordpress\/wp-content\/uploads\/2022\/08\/fc5b81cb-8ebd-4f4b-ae9f-7fcbfb139d52.jpg'><img loading=\"lazy\" decoding=\"async\" width=\"150\" height=\"150\" src=\"https:\/\/www.radiopiu.net\/wordpress\/wp-content\/uploads\/2022\/08\/fc5b81cb-8ebd-4f4b-ae9f-7fcbfb139d52-150x150.jpg\" class=\"attachment-thumbnail size-thumbnail\" alt=\"\" \/><\/a>\n\t\t\t\t<\/dt><\/dl><dl class='gallery-item'>\n\t\t\t\t<dt class='gallery-icon landscape'>\n\t\t\t\t\t<a class=\"rollover rollover-zoom dt-pswp-item\" title=\"1ba9e31f-0b1e-4245-aa62-ee287be19b4d\" data-dt-img-description=\"\" data-large_image_width=\"1600\" data-large_image_height=\"1200\"href='https:\/\/www.radiopiu.net\/wordpress\/wp-content\/uploads\/2022\/08\/1ba9e31f-0b1e-4245-aa62-ee287be19b4d.jpg'><img loading=\"lazy\" decoding=\"async\" width=\"150\" height=\"150\" src=\"https:\/\/www.radiopiu.net\/wordpress\/wp-content\/uploads\/2022\/08\/1ba9e31f-0b1e-4245-aa62-ee287be19b4d-150x150.jpg\" class=\"attachment-thumbnail size-thumbnail\" alt=\"\" \/><\/a>\n\t\t\t\t<\/dt><\/dl><dl class='gallery-item'>\n\t\t\t\t<dt class='gallery-icon landscape'>\n\t\t\t\t\t<a class=\"rollover rollover-zoom dt-pswp-item\" title=\"b3a2cf34-471d-4c8b-8dea-d065d6eda9f6\" data-dt-img-description=\"\" data-large_image_width=\"1600\" data-large_image_height=\"1200\"href='https:\/\/www.radiopiu.net\/wordpress\/wp-content\/uploads\/2022\/08\/b3a2cf34-471d-4c8b-8dea-d065d6eda9f6.jpg'><img loading=\"lazy\" decoding=\"async\" width=\"150\" height=\"150\" src=\"https:\/\/www.radiopiu.net\/wordpress\/wp-content\/uploads\/2022\/08\/b3a2cf34-471d-4c8b-8dea-d065d6eda9f6-150x150.jpg\" class=\"attachment-thumbnail size-thumbnail\" alt=\"\" \/><\/a>\n\t\t\t\t<\/dt><\/dl><br style=\"clear: both\" \/><dl class='gallery-item'>\n\t\t\t\t<dt class='gallery-icon landscape'>\n\t\t\t\t\t<a class=\"rollover rollover-zoom dt-pswp-item\" title=\"ce8becf6-a53e-4cec-961a-af5929406fda\" data-dt-img-description=\"\" data-large_image_width=\"1600\" data-large_image_height=\"1200\"href='https:\/\/www.radiopiu.net\/wordpress\/wp-content\/uploads\/2022\/08\/ce8becf6-a53e-4cec-961a-af5929406fda.jpg'><img loading=\"lazy\" decoding=\"async\" width=\"150\" height=\"150\" src=\"https:\/\/www.radiopiu.net\/wordpress\/wp-content\/uploads\/2022\/08\/ce8becf6-a53e-4cec-961a-af5929406fda-150x150.jpg\" class=\"attachment-thumbnail size-thumbnail\" alt=\"\" \/><\/a>\n\t\t\t\t<\/dt><\/dl><dl class='gallery-item'>\n\t\t\t\t<dt class='gallery-icon landscape'>\n\t\t\t\t\t<a class=\"rollover rollover-zoom dt-pswp-item\" title=\"162dbeba-129d-4adb-ba14-24654a58b89b\" data-dt-img-description=\"\" data-large_image_width=\"1600\" data-large_image_height=\"1200\"href='https:\/\/www.radiopiu.net\/wordpress\/wp-content\/uploads\/2022\/08\/162dbeba-129d-4adb-ba14-24654a58b89b.jpg'><img loading=\"lazy\" decoding=\"async\" width=\"150\" height=\"150\" src=\"https:\/\/www.radiopiu.net\/wordpress\/wp-content\/uploads\/2022\/08\/162dbeba-129d-4adb-ba14-24654a58b89b-150x150.jpg\" class=\"attachment-thumbnail size-thumbnail\" alt=\"\" \/><\/a>\n\t\t\t\t<\/dt><\/dl><dl class='gallery-item'>\n\t\t\t\t<dt class='gallery-icon landscape'>\n\t\t\t\t\t<a class=\"rollover rollover-zoom dt-pswp-item\" title=\"4da60586-cea6-499c-bcc9-887493be0613\" data-dt-img-description=\"\" data-large_image_width=\"1600\" data-large_image_height=\"1200\"href='https:\/\/www.radiopiu.net\/wordpress\/wp-content\/uploads\/2022\/08\/4da60586-cea6-499c-bcc9-887493be0613.jpg'><img loading=\"lazy\" decoding=\"async\" width=\"150\" height=\"150\" src=\"https:\/\/www.radiopiu.net\/wordpress\/wp-content\/uploads\/2022\/08\/4da60586-cea6-499c-bcc9-887493be0613-150x150.jpg\" class=\"attachment-thumbnail size-thumbnail\" alt=\"\" \/><\/a>\n\t\t\t\t<\/dt><\/dl><br style=\"clear: both\" \/>\n\t\t\t<\/div>\n\n<p><strong>CLASSIFICA FINALE\u00a0<\/strong>1. Taibon, 2. Fodom, 3. Canale, 4. La Valle, 5. Caprile, 6. Cencenighe, 7. Le Ville<\/p>\n<p><strong>PREMI SPECIALI<\/strong> Coppa Disciplina Trofeo Dell&#8217;Amicizia Radio Pi\u00f9: Fodom, Capocannoniere: Alex Rossi (Canale) 13 gol, Miglior Portiere: Stefano Polato (Canale), Miglior Giocatore Della Finale: Thomas Zasso (Taibon)<\/p>\n<p><strong>LE PREMIAZIONI<\/strong><\/p>\n<p>https:\/\/www.facebook.com\/marco.baghy.1\/videos\/599011078597588<\/p>\n<p>&nbsp;<\/p>\n<hr \/>\n<p>&nbsp;<\/p>\n<p><span style=\"color: #0000ff;\"><strong>HOCKEY SU GHIACCIO<\/strong><\/span><\/p>\n<blockquote>\n<h3>ALTRE TRE NUOVE CONFERME PER L&#8217;ALLEGHE HOCKEY<\/h3>\n<\/blockquote>\n<p><strong>di Roberto Miana, portavoce dell&#8217;Alleghe Hockey<\/strong><\/p>\n<p><strong>ALLEGHE <\/strong>Dagli uffici di via Lungolago arrivano novit\u00e0 sui giocatori che comporranno il roster biancorosso per la prossima stagione di IHL. La societ\u00e0 alleghese conferma con orgoglio un importante gruppo di giovanotti ben consolidato sotto al Civetta.<\/p>\n\n\t\t\t<style type='text\/css'>\n\t\t\t\t#gallery-11 {\n\t\t\t\t\tmargin: auto;\n\t\t\t\t}\n\t\t\t\t#gallery-11 .gallery-item {\n\t\t\t\t\tfloat: left;\n\t\t\t\t\tmargin-top: 10px;\n\t\t\t\t\ttext-align: center;\n\t\t\t\t\twidth: 33%;\n\t\t\t\t}\n\t\t\t\t#gallery-11 img {\n\t\t\t\t\tborder: 2px solid #cfcfcf;\n\t\t\t\t}\n\t\t\t\t#gallery-11 .gallery-caption {\n\t\t\t\t\tmargin-left: 0;\n\t\t\t\t}\n\t\t\t\t\/* see gallery_shortcode() in wp-includes\/media.php *\/\n\t\t\t<\/style>\n\t\t<div id='gallery-11' class='dt-gallery-container gallery galleryid-291325 gallery-columns-3 gallery-size-medium'><dl class='gallery-item'>\n\t\t\t\t<dt class='gallery-icon portrait'>\n\t\t\t\t\t<a class=\"rollover rollover-zoom dt-pswp-item\" title=\"NICOLA SOPPELSA\" data-dt-img-description=\"\" data-large_image_width=\"681\" data-large_image_height=\"1024\"href='https:\/\/www.radiopiu.net\/wordpress\/wp-content\/uploads\/2022\/08\/NICOLA-SOPPELSA.jpg'><img loading=\"lazy\" decoding=\"async\" width=\"200\" height=\"300\" src=\"https:\/\/www.radiopiu.net\/wordpress\/wp-content\/uploads\/2022\/08\/NICOLA-SOPPELSA-200x300.jpg\" class=\"attachment-medium size-medium\" alt=\"\" aria-describedby=\"gallery-11-291329\" srcset=\"https:\/\/www.radiopiu.net\/wordpress\/wp-content\/uploads\/2022\/08\/NICOLA-SOPPELSA-200x300.jpg 200w, https:\/\/www.radiopiu.net\/wordpress\/wp-content\/uploads\/2022\/08\/NICOLA-SOPPELSA.jpg 681w\" sizes=\"auto, (max-width: 200px) 100vw, 200px\" \/><\/a>\n\t\t\t\t<\/dt>\n\t\t\t\t\t<dd class='wp-caption-text gallery-caption' id='gallery-11-291329'>\n\t\t\t\t\tNICOLA SOPPELSA\n\t\t\t\t\t<\/dd><\/dl><dl class='gallery-item'>\n\t\t\t\t<dt class='gallery-icon portrait'>\n\t\t\t\t\t<a class=\"rollover rollover-zoom dt-pswp-item\" title=\"MIRKO GIOLAI\" data-dt-img-description=\"\" data-large_image_width=\"681\" data-large_image_height=\"1024\"href='https:\/\/www.radiopiu.net\/wordpress\/wp-content\/uploads\/2022\/08\/MIRKO-GIOLAI.jpg'><img loading=\"lazy\" decoding=\"async\" width=\"200\" height=\"300\" src=\"https:\/\/www.radiopiu.net\/wordpress\/wp-content\/uploads\/2022\/08\/MIRKO-GIOLAI-200x300.jpg\" class=\"attachment-medium size-medium\" alt=\"\" aria-describedby=\"gallery-11-291331\" srcset=\"https:\/\/www.radiopiu.net\/wordpress\/wp-content\/uploads\/2022\/08\/MIRKO-GIOLAI-200x300.jpg 200w, https:\/\/www.radiopiu.net\/wordpress\/wp-content\/uploads\/2022\/08\/MIRKO-GIOLAI.jpg 681w\" sizes=\"auto, (max-width: 200px) 100vw, 200px\" \/><\/a>\n\t\t\t\t<\/dt>\n\t\t\t\t\t<dd class='wp-caption-text gallery-caption' id='gallery-11-291331'>\n\t\t\t\t\tMIRKO GIOLAI\n\t\t\t\t\t<\/dd><\/dl><dl class='gallery-item'>\n\t\t\t\t<dt class='gallery-icon portrait'>\n\t\t\t\t\t<a class=\"rollover rollover-zoom dt-pswp-item\" title=\"RICCARDO DELL&#039;OSBEL\" data-dt-img-description=\"\" data-large_image_width=\"681\" data-large_image_height=\"1024\"href='https:\/\/www.radiopiu.net\/wordpress\/wp-content\/uploads\/2022\/08\/RICCARDO-DELLOSBEL.jpg'><img loading=\"lazy\" decoding=\"async\" width=\"200\" height=\"300\" src=\"https:\/\/www.radiopiu.net\/wordpress\/wp-content\/uploads\/2022\/08\/RICCARDO-DELLOSBEL-200x300.jpg\" class=\"attachment-medium size-medium\" alt=\"\" aria-describedby=\"gallery-11-291330\" srcset=\"https:\/\/www.radiopiu.net\/wordpress\/wp-content\/uploads\/2022\/08\/RICCARDO-DELLOSBEL-200x300.jpg 200w, https:\/\/www.radiopiu.net\/wordpress\/wp-content\/uploads\/2022\/08\/RICCARDO-DELLOSBEL.jpg 681w\" sizes=\"auto, (max-width: 200px) 100vw, 200px\" \/><\/a>\n\t\t\t\t<\/dt>\n\t\t\t\t\t<dd class='wp-caption-text gallery-caption' id='gallery-11-291330'>\n\t\t\t\t\tRICCARDO DELL&#8217;OSBEL\n\t\t\t\t\t<\/dd><\/dl><br style=\"clear: both\" \/>\n\t\t\t<\/div>\n\n<p>&nbsp;<\/p>\n<p><strong>Nicola SOPPELSA<\/strong>, prodotto del vivaio Alleghese, difensore classe 2000 \u00e8 uno dei pezzi pregiati della retroguardia biancorossa. Nicola ha esordito in prima squadra nel campionato 2016\/2017, collezionando 137 presenze, 9 gol e 18 assist. Nell\u2019ultima stagione in 25 gare giocate 3 gol e 2 assist. Cos\u00ec Nicola: \u201cPer la prossima stagione ci mancano ancora due attaccanti per lo pi\u00f9 stranieri e finch\u00e9 non avremo certezze sui nuovi arrivi non posso esprimere un giudizio definitivo sulla competitivit\u00e0 della squadra, ma di sicuro l\u2019obbiettivo stagionale sar\u00e0 centrare i playoff. I prossimi giorni riprenderemo gli allenamenti sul ghiaccio; da qualche mese stiamo seguendo un esclusivo programma di preparazione a secco veramente ben strutturato da Nicola (Fontanive), preparatore atletico che altre squadre possono solo invidiarci. Ormai il livello della IHL \u00e8 tale che senza un buon allenamento non si ottengono risultati concreti. Sono convinto che ci sar\u00e0 da lottare in ogni partita\u201d.<\/p>\n<p><strong>Mirko GIOLAI<\/strong>, attaccante alleghese del 2001, con le sue doti ha dato dimostrazione di poter fare la differenza. Con la prima squadra gioca dal 2017\/2018, nella quale ha disputato 125 partite e un totale di 16 gol + 28 assist. Mirko nella passata stagione ha giocato 31 partite, impreziosite da 3 gol e 11 assist. Cos\u00ec Mirko: \u201cAvendo fatto bene la scorsa stagione prevedo buoni risultati anche quest\u2019anno da parte di tutti. Come miei obbiettivi personali vorrei riuscire a migliorare sempre di pi\u00f9 per rendermi utile alla squadra. Per questo campionato vedo una squadra sempre pi\u00f9 unita e pronta a dare il meglio per regalarci soddisfazioni\u201d.<\/p>\n<p><strong>Riccardo DELL\u2019OSBEL<\/strong> \u00e8 un attaccante ventiduenne cresciuto nelle giovanili biancorosse, dove ha esordito in IHL nella stagione 2017\/2018, totalizzando in prima squadra 133 presenze. Cos\u00ec Riccardo: \u201cSiamo tutti carichi e pronti per la nuova stagione. Il gruppo \u00e8 pieno di entusiasmo e sar\u00e0 sicuramente un bel campionato. Personalmente punto sempre a dare il meglio per la squadra, cercando di migliorare le mie carenze. Con la maggior parte dei miei compagni sono ormai 5\/6 anni che giochiamo assieme e abbiamo imparato a prenderci le nostre responsabilit\u00e0, anche per dare il buon esempio ai pi\u00f9 giovani. Ora \u00e8 arrivato il momento di rimettere i pattini ai piedi e ricominciare gli allenamenti sul ghiaccio. Noi siamo pronti, ci sono delle conferme importanti come abbiamo gi\u00e0 visto nelle scorse settimane. \u00c8 un peccato che Gianni (Scola) non sia con noi quest\u2019anno, in quanto si \u00e8 dimostrato un ragazzo fondamentale sia sul ghiaccio che fuori, ma sicuramente Tommaso (Zanardi), come dimostrato l\u2019anno scorso, sar\u00e0 pronto a sostituirlo sfruttando l\u2019opportunit\u00e0 per mettersi in luce. Allo stesso tempo sono sicuro che la societ\u00e0 riuscir\u00e0 a rimpiazzare nel migliore dei modi anche Kiviranta e Berger. Con il nostro nuovo preparatore atletico Nicola (Fontanive) personalmente mi sono trovato benissimo, pur essendo in America \u00e8 riuscito ad essere esaustivo sulla preparazione e molto disponibile ad ogni mio dubbio. Serviva una figura cos\u00ec all\u2019interno della societ\u00e0 per prepararci al meglio alla nuova stagione. Non ho ancora visto i roster delle altre squadre, ma negli ultimi anni il campionato IHL \u00e8 salito molto di livello con l\u2019aggiunta dei due stranieri per squadra e sicuramente anche quest\u2019anno ci sar\u00e0 da divertirsi\u201d.<\/p>\n<p>&nbsp;<\/p>\n<hr \/>\n<p><span style=\"color: #0000ff;\"><strong>CORSA IN MONTAGNA<\/strong><\/span><\/p>\n<blockquote>\n<h3><strong>L\u2019ALTOATESINO LUKAS GASSER E LA BELLUNESE GIULIA POL VINCONO LA <a href=\"http:\/\/10.MA\">10.MA<\/a> EDIZIONE DI ALPAGO SKY SUPER 3<\/strong><\/h3>\n<\/blockquote>\n<p>&nbsp;<\/p>\n<p>CHIES D&#8217;ALPAGO La gara per\u00a0 onorare la memoria di Andrea Zanon, David Cecchin e Maudi De March, i tre ragazzi del Soccorso Alpino caduti sul Monte Cridola nell\u2019estate del 2012 \u00e8 stata vinta dall\u2019altoatesino Lukas Gasser che ha portato a termine la propria fatica in 2h00\u201913\u201d, precedendo di 11\u201d il veronese Francesco Lorenzi e di 39\u201d il bellunese Gabriele Del Longo. A completare la top five sono stati l\u2019atleta di casa Gianpietro Barattin e il veronese, azzurro di winter triathlon, Mattia Tanara. La gara femminile \u00e8 stata vinta dalla bellunese Giulia Pol in 2h27\u201918\u201d davanti a Simona Checcucci e Milena Pasin. La Mini Sky 3 ha visto il successo di Klajdi Jaupaj (Podisti Monselicensi) sull\u2019alpagoto Stefano Mognol e sul trevigiano Samuele Toscan. Nella classifica femminile a primeggiare \u00e8 stata la bellunese Sara Mazzucco che ha avuto la meglio sulla trevigiana Patrizia Zanette e su un\u2019altra bellunese, Elena Andrich.<\/p>\n\n\t\t\t<style type='text\/css'>\n\t\t\t\t#gallery-12 {\n\t\t\t\t\tmargin: auto;\n\t\t\t\t}\n\t\t\t\t#gallery-12 .gallery-item {\n\t\t\t\t\tfloat: left;\n\t\t\t\t\tmargin-top: 10px;\n\t\t\t\t\ttext-align: center;\n\t\t\t\t\twidth: 50%;\n\t\t\t\t}\n\t\t\t\t#gallery-12 img {\n\t\t\t\t\tborder: 2px solid #cfcfcf;\n\t\t\t\t}\n\t\t\t\t#gallery-12 .gallery-caption {\n\t\t\t\t\tmargin-left: 0;\n\t\t\t\t}\n\t\t\t\t\/* see gallery_shortcode() in wp-includes\/media.php *\/\n\t\t\t<\/style>\n\t\t<div id='gallery-12' class='dt-gallery-container gallery galleryid-291325 gallery-columns-2 gallery-size-medium'><dl class='gallery-item'>\n\t\t\t\t<dt class='gallery-icon landscape'>\n\t\t\t\t\t<a class=\"rollover rollover-zoom dt-pswp-item\" title=\"giulia pol - vincitrice alpago sky super 3 donne\" data-dt-img-description=\"\" data-large_image_width=\"1000\" data-large_image_height=\"667\"href='https:\/\/www.radiopiu.net\/wordpress\/wp-content\/uploads\/2022\/08\/giulia-pol-vincitrice-alpago-sky-super-3-donne.jpg'><img loading=\"lazy\" decoding=\"async\" width=\"300\" height=\"200\" src=\"https:\/\/www.radiopiu.net\/wordpress\/wp-content\/uploads\/2022\/08\/giulia-pol-vincitrice-alpago-sky-super-3-donne-300x200.jpg\" class=\"attachment-medium size-medium\" alt=\"\" srcset=\"https:\/\/www.radiopiu.net\/wordpress\/wp-content\/uploads\/2022\/08\/giulia-pol-vincitrice-alpago-sky-super-3-donne-300x200.jpg 300w, https:\/\/www.radiopiu.net\/wordpress\/wp-content\/uploads\/2022\/08\/giulia-pol-vincitrice-alpago-sky-super-3-donne-768x512.jpg 768w, https:\/\/www.radiopiu.net\/wordpress\/wp-content\/uploads\/2022\/08\/giulia-pol-vincitrice-alpago-sky-super-3-donne.jpg 1000w\" sizes=\"auto, (max-width: 300px) 100vw, 300px\" \/><\/a>\n\t\t\t\t<\/dt><\/dl><dl class='gallery-item'>\n\t\t\t\t<dt class='gallery-icon landscape'>\n\t\t\t\t\t<a class=\"rollover rollover-zoom dt-pswp-item\" title=\"podio maschile alpago sky super 3 - con vittorio romor coordinatore organizzazione\" data-dt-img-description=\"\" data-large_image_width=\"1000\" data-large_image_height=\"667\"href='https:\/\/www.radiopiu.net\/wordpress\/wp-content\/uploads\/2022\/08\/podio-maschile-alpago-sky-super-3-con-vittorio-romor-coordinatore-organizzazione.jpg'><img loading=\"lazy\" decoding=\"async\" width=\"300\" height=\"200\" src=\"https:\/\/www.radiopiu.net\/wordpress\/wp-content\/uploads\/2022\/08\/podio-maschile-alpago-sky-super-3-con-vittorio-romor-coordinatore-organizzazione-300x200.jpg\" class=\"attachment-medium size-medium\" alt=\"\" srcset=\"https:\/\/www.radiopiu.net\/wordpress\/wp-content\/uploads\/2022\/08\/podio-maschile-alpago-sky-super-3-con-vittorio-romor-coordinatore-organizzazione-300x200.jpg 300w, https:\/\/www.radiopiu.net\/wordpress\/wp-content\/uploads\/2022\/08\/podio-maschile-alpago-sky-super-3-con-vittorio-romor-coordinatore-organizzazione-768x512.jpg 768w, https:\/\/www.radiopiu.net\/wordpress\/wp-content\/uploads\/2022\/08\/podio-maschile-alpago-sky-super-3-con-vittorio-romor-coordinatore-organizzazione.jpg 1000w\" sizes=\"auto, (max-width: 300px) 100vw, 300px\" \/><\/a>\n\t\t\t\t<\/dt><\/dl><br style=\"clear: both\" \/>\n\t\t\t<\/div>\n\n<\/div>\n<\/div>\n<hr \/>\n<div class=\"page-title-head hgroup\">\n<div class=\"page-title-head hgroup\">\n<p>&nbsp;<\/p>\n<p>&nbsp;<\/p>\n<\/div>\n<\/div>\n<\/div>\n<\/div>\n<\/div>\n<\/div>\n<\/div>\n<\/div>\n<\/div>\n<\/div>\n<\/div>\n<\/div>\n<\/div>\n<\/div>\n<\/div>\n<\/div>\n<\/div>\n<\/div>\n<\/div>\n<\/div>\n<\/div>\n<\/div>\n<\/div>\n<\/div>\n<\/div>\n<\/div>\n<\/div>\n<\/div>\n<\/div>\n<\/div>\n<\/div>\n<\/div>\n<\/div>\n<\/div>\n<\/div>\n<\/div>\n<\/div>\n<\/div>\n<\/div>\n<\/div>\n<\/div>\n<\/div>\n<\/div>\n<\/div>\n<\/div>\n<\/div>\n<\/div>\n<\/div>\n<\/div>\n<\/div>\n<\/div>\n<\/div>\n<\/div>\n<\/div>\n<\/div>\n<\/div>\n<\/div>\n<\/div>\n<\/div>\n<\/div>\n<\/div>\n<\/div>\n<\/div>\n<\/div>\n<\/div>\n<\/div>\n<\/div>\n<\/div>\n<\/div>\n<\/div>\n<\/div>\n<\/div>\n<\/div>\n<\/div>\n<\/div>\n<\/div>\n<\/div>\n<\/div>\n<\/div>\n<\/div>\n<\/div>\n<\/div>\n<\/div>\n<\/div>\n<\/div>\n<\/div>\n<\/div>\n<\/div>\n<\/div>\n<\/div>\n<\/div>\n<\/div>\n<\/div>\n<\/div>\n<\/div>\n<\/div>\n<\/div>\n<\/div>\n<\/div>\n<\/div>\n<\/div>\n<\/div>\n<\/div>\n<\/div>\n","protected":false},"excerpt":{"rendered":"<p>RADIO PIU INFORMAZIONE il canale su TELEGRAM informazione di prima\u00a0 mano e in tempo reale. iscriviti ed aiutaci a farlo conoscere\u00a0 \u00a0 &nbsp; &nbsp; &nbsp; &nbsp; ACQUA NON POTABILE A MOE&#8217; DI LASTE DI ROCCA PIETORE ROCCA PIETORE Gestione Servizi Pubblici informa che a ROCCA PIETORE in localit\u00e0 MOE\u2019 DI LASTE l&#8217;acqua erogata dall&#8217;acquedotto non&hellip;<\/p>\n","protected":false},"author":4,"featured_media":291620,"comment_status":"closed","ping_status":"closed","sticky":false,"template":"","format":"standard","meta":{"_monsterinsights_skip_tracking":false,"_monsterinsights_sitenote_active":false,"_monsterinsights_sitenote_note":"","_monsterinsights_sitenote_category":0,"footnotes":""},"categories":[51,86,49],"tags":[],"class_list":["post-291325","post","type-post","status-publish","format-standard","has-post-thumbnail","hentry","category-evidenza-top","category-gr","category-news-18","category-51","category-86","category-49","description-off"],"img_url":"https:\/\/www.radiopiu.net\/wordpress\/wp-content\/uploads\/2022\/08\/162dbeba-129d-4adb-ba14-24654a58b89b.jpg","_links":{"self":[{"href":"https:\/\/www.radiopiu.net\/wordpress\/wp-json\/wp\/v2\/posts\/291325","targetHints":{"allow":["GET"]}}],"collection":[{"href":"https:\/\/www.radiopiu.net\/wordpress\/wp-json\/wp\/v2\/posts"}],"about":[{"href":"https:\/\/www.radiopiu.net\/wordpress\/wp-json\/wp\/v2\/types\/post"}],"author":[{"embeddable":true,"href":"https:\/\/www.radiopiu.net\/wordpress\/wp-json\/wp\/v2\/users\/4"}],"replies":[{"embeddable":true,"href":"https:\/\/www.radiopiu.net\/wordpress\/wp-json\/wp\/v2\/comments?post=291325"}],"version-history":[{"count":0,"href":"https:\/\/www.radiopiu.net\/wordpress\/wp-json\/wp\/v2\/posts\/291325\/revisions"}],"wp:featuredmedia":[{"embeddable":true,"href":"https:\/\/www.radiopiu.net\/wordpress\/wp-json\/wp\/v2\/media\/291620"}],"wp:attachment":[{"href":"https:\/\/www.radiopiu.net\/wordpress\/wp-json\/wp\/v2\/media?parent=291325"}],"wp:term":[{"taxonomy":"category","embeddable":true,"href":"https:\/\/www.radiopiu.net\/wordpress\/wp-json\/wp\/v2\/categories?post=291325"},{"taxonomy":"post_tag","embeddable":true,"href":"https:\/\/www.radiopiu.net\/wordpress\/wp-json\/wp\/v2\/tags?post=291325"}],"curies":[{"name":"wp","href":"https:\/\/api.w.org\/{rel}","templated":true}]}}