{"id":291327,"date":"2022-08-06T10:30:15","date_gmt":"2022-08-06T08:30:15","guid":{"rendered":"https:\/\/www.radiopiu.net\/wordpress\/?p=291327"},"modified":"2022-08-06T10:49:22","modified_gmt":"2022-08-06T08:49:22","slug":"altre-tre-nuove-conferme-per-lalleghe-hockey","status":"publish","type":"post","link":"https:\/\/www.radiopiu.net\/wordpress\/altre-tre-nuove-conferme-per-lalleghe-hockey\/","title":{"rendered":"ALTRE TRE NUOVE CONFERME PER L&#8217;ALLEGHE HOCKEY"},"content":{"rendered":"<p><strong>di Roberto Miana, portavoce dell&#8217;Alleghe Hockey<\/strong><\/p>\n<p><strong>ALLEGHE <\/strong>Dagli uffici di via Lungolago arrivano novit\u00e0 sui giocatori che comporranno il roster biancorosso per la prossima stagione di IHL. La societ\u00e0 alleghese conferma con orgoglio un importante gruppo di giovanotti ben consolidato sotto al Civetta.<\/p>\n\n\t\t\t<style type='text\/css'>\n\t\t\t\t#gallery-1 {\n\t\t\t\t\tmargin: auto;\n\t\t\t\t}\n\t\t\t\t#gallery-1 .gallery-item {\n\t\t\t\t\tfloat: left;\n\t\t\t\t\tmargin-top: 10px;\n\t\t\t\t\ttext-align: center;\n\t\t\t\t\twidth: 33%;\n\t\t\t\t}\n\t\t\t\t#gallery-1 img {\n\t\t\t\t\tborder: 2px solid #cfcfcf;\n\t\t\t\t}\n\t\t\t\t#gallery-1 .gallery-caption {\n\t\t\t\t\tmargin-left: 0;\n\t\t\t\t}\n\t\t\t\t\/* see gallery_shortcode() in wp-includes\/media.php *\/\n\t\t\t<\/style>\n\t\t<div id='gallery-1' class='dt-gallery-container gallery galleryid-291327 gallery-columns-3 gallery-size-medium'><dl class='gallery-item'>\n\t\t\t\t<dt class='gallery-icon portrait'>\n\t\t\t\t\t<a class=\"rollover rollover-zoom dt-pswp-item\" title=\"NICOLA SOPPELSA\" data-dt-img-description=\"\" data-large_image_width=\"681\" data-large_image_height=\"1024\"href='https:\/\/www.radiopiu.net\/wordpress\/wp-content\/uploads\/2022\/08\/NICOLA-SOPPELSA.jpg'><img loading=\"lazy\" decoding=\"async\" width=\"200\" height=\"300\" src=\"https:\/\/www.radiopiu.net\/wordpress\/wp-content\/uploads\/2022\/08\/NICOLA-SOPPELSA-200x300.jpg\" class=\"attachment-medium size-medium\" alt=\"\" aria-describedby=\"gallery-1-291329\" srcset=\"https:\/\/www.radiopiu.net\/wordpress\/wp-content\/uploads\/2022\/08\/NICOLA-SOPPELSA-200x300.jpg 200w, https:\/\/www.radiopiu.net\/wordpress\/wp-content\/uploads\/2022\/08\/NICOLA-SOPPELSA.jpg 681w\" sizes=\"auto, (max-width: 200px) 100vw, 200px\" \/><\/a>\n\t\t\t\t<\/dt>\n\t\t\t\t\t<dd class='wp-caption-text gallery-caption' id='gallery-1-291329'>\n\t\t\t\t\tNICOLA SOPPELSA\n\t\t\t\t\t<\/dd><\/dl><dl class='gallery-item'>\n\t\t\t\t<dt class='gallery-icon portrait'>\n\t\t\t\t\t<a class=\"rollover rollover-zoom dt-pswp-item\" title=\"MIRKO GIOLAI\" data-dt-img-description=\"\" data-large_image_width=\"681\" data-large_image_height=\"1024\"href='https:\/\/www.radiopiu.net\/wordpress\/wp-content\/uploads\/2022\/08\/MIRKO-GIOLAI.jpg'><img loading=\"lazy\" decoding=\"async\" width=\"200\" height=\"300\" src=\"https:\/\/www.radiopiu.net\/wordpress\/wp-content\/uploads\/2022\/08\/MIRKO-GIOLAI-200x300.jpg\" class=\"attachment-medium size-medium\" alt=\"\" aria-describedby=\"gallery-1-291331\" srcset=\"https:\/\/www.radiopiu.net\/wordpress\/wp-content\/uploads\/2022\/08\/MIRKO-GIOLAI-200x300.jpg 200w, https:\/\/www.radiopiu.net\/wordpress\/wp-content\/uploads\/2022\/08\/MIRKO-GIOLAI.jpg 681w\" sizes=\"auto, (max-width: 200px) 100vw, 200px\" \/><\/a>\n\t\t\t\t<\/dt>\n\t\t\t\t\t<dd class='wp-caption-text gallery-caption' id='gallery-1-291331'>\n\t\t\t\t\tMIRKO GIOLAI\n\t\t\t\t\t<\/dd><\/dl><dl class='gallery-item'>\n\t\t\t\t<dt class='gallery-icon portrait'>\n\t\t\t\t\t<a class=\"rollover rollover-zoom dt-pswp-item\" title=\"RICCARDO DELL&#039;OSBEL\" data-dt-img-description=\"\" data-large_image_width=\"681\" data-large_image_height=\"1024\"href='https:\/\/www.radiopiu.net\/wordpress\/wp-content\/uploads\/2022\/08\/RICCARDO-DELLOSBEL.jpg'><img loading=\"lazy\" decoding=\"async\" width=\"200\" height=\"300\" src=\"https:\/\/www.radiopiu.net\/wordpress\/wp-content\/uploads\/2022\/08\/RICCARDO-DELLOSBEL-200x300.jpg\" class=\"attachment-medium size-medium\" alt=\"\" aria-describedby=\"gallery-1-291330\" srcset=\"https:\/\/www.radiopiu.net\/wordpress\/wp-content\/uploads\/2022\/08\/RICCARDO-DELLOSBEL-200x300.jpg 200w, https:\/\/www.radiopiu.net\/wordpress\/wp-content\/uploads\/2022\/08\/RICCARDO-DELLOSBEL.jpg 681w\" sizes=\"auto, (max-width: 200px) 100vw, 200px\" \/><\/a>\n\t\t\t\t<\/dt>\n\t\t\t\t\t<dd class='wp-caption-text gallery-caption' id='gallery-1-291330'>\n\t\t\t\t\tRICCARDO DELL&#8217;OSBEL\n\t\t\t\t\t<\/dd><\/dl><br style=\"clear: both\" \/>\n\t\t\t<\/div>\n\n<p>&nbsp;<\/p>\n<p><strong>Nicola SOPPELSA<\/strong>, prodotto del vivaio Alleghese, difensore classe 2000 \u00e8 uno dei pezzi pregiati della retroguardia biancorossa. Nicola ha esordito in prima squadra nel campionato 2016\/2017, collezionando 137 presenze, 9 gol e 18 assist. Nell\u2019ultima stagione in 25 gare giocate 3 gol e 2 assist. Cos\u00ec Nicola: \u201cPer la prossima stagione ci mancano ancora due attaccanti per lo pi\u00f9 stranieri e finch\u00e9 non avremo certezze sui nuovi arrivi non posso esprimere un giudizio definitivo sulla competitivit\u00e0 della squadra, ma di sicuro l\u2019obbiettivo stagionale sar\u00e0 centrare i playoff. I prossimi giorni riprenderemo gli allenamenti sul ghiaccio; da qualche mese stiamo seguendo un esclusivo programma di preparazione a secco veramente ben strutturato da Nicola (Fontanive), preparatore atletico che altre squadre possono solo invidiarci. Ormai il livello della IHL \u00e8 tale che senza un buon allenamento non si ottengono risultati concreti. Sono convinto che ci sar\u00e0 da lottare in ogni partita\u201d.<\/p>\n<p><strong>Mirko GIOLAI<\/strong>, attaccante alleghese del 2001, con le sue doti ha dato dimostrazione di poter fare la differenza. Con la prima squadra gioca dal 2017\/2018, nella quale ha disputato 125 partite e un totale di 16 gol + 28 assist. Mirko nella passata stagione ha giocato 31 partite, impreziosite da 3 gol e 11 assist. Cos\u00ec Mirko: \u201cAvendo fatto bene la scorsa stagione prevedo buoni risultati anche quest\u2019anno da parte di tutti. Come miei obbiettivi personali vorrei riuscire a migliorare sempre di pi\u00f9 per rendermi utile alla squadra. Per questo campionato vedo una squadra sempre pi\u00f9 unita e pronta a dare il meglio per regalarci soddisfazioni\u201d.<\/p>\n<p><strong>Riccardo DELL\u2019OSBEL<\/strong> \u00e8 un attaccante ventiduenne cresciuto nelle giovanili biancorosse, dove ha esordito in IHL nella stagione 2017\/2018, totalizzando in prima squadra 133 presenze. Cos\u00ec Riccardo: \u201cSiamo tutti carichi e pronti per la nuova stagione. Il gruppo \u00e8 pieno di entusiasmo e sar\u00e0 sicuramente un bel campionato. Personalmente punto sempre a dare il meglio per la squadra, cercando di migliorare le mie carenze. Con la maggior parte dei miei compagni sono ormai 5\/6 anni che giochiamo assieme e abbiamo imparato a prenderci le nostre responsabilit\u00e0, anche per dare il buon esempio ai pi\u00f9 giovani. Ora \u00e8 arrivato il momento di rimettere i pattini ai piedi e ricominciare gli allenamenti sul ghiaccio. Noi siamo pronti, ci sono delle conferme importanti come abbiamo gi\u00e0 visto nelle scorse settimane. \u00c8 un peccato che Gianni (Scola) non sia con noi quest\u2019anno, in quanto si \u00e8 dimostrato un ragazzo fondamentale sia sul ghiaccio che fuori, ma sicuramente Tommaso (Zanardi), come dimostrato l\u2019anno scorso, sar\u00e0 pronto a sostituirlo sfruttando l\u2019opportunit\u00e0 per mettersi in luce. Allo stesso tempo sono sicuro che la societ\u00e0 riuscir\u00e0 a rimpiazzare nel migliore dei modi anche Kiviranta e Berger. Con il nostro nuovo preparatore atletico Nicola (Fontanive) personalmente mi sono trovato benissimo, pur essendo in America \u00e8 riuscito ad essere esaustivo sulla preparazione e molto disponibile ad ogni mio dubbio. Serviva una figura cos\u00ec all\u2019interno della societ\u00e0 per prepararci al meglio alla nuova stagione. Non ho ancora visto i roster delle altre squadre, ma negli ultimi anni il campionato IHL \u00e8 salito molto di livello con l\u2019aggiunta dei due stranieri per squadra e sicuramente anche quest\u2019anno ci sar\u00e0 da divertirsi\u201d.<\/p>\n<p>&nbsp;<\/p>\n<p>&nbsp;<\/p>\n<p>&nbsp;<\/p>\n<p>******<\/p>\n","protected":false},"excerpt":{"rendered":"<p>di Roberto Miana, portavoce dell&#8217;Alleghe Hockey ALLEGHE Dagli uffici di via Lungolago arrivano novit\u00e0 sui giocatori che comporranno il roster biancorosso per la prossima stagione di IHL. La societ\u00e0 alleghese conferma con orgoglio un importante gruppo di giovanotti ben consolidato sotto al Civetta. &nbsp; Nicola SOPPELSA, prodotto del vivaio Alleghese, difensore classe 2000 \u00e8 uno&hellip;<\/p>\n","protected":false},"author":4,"featured_media":95699,"comment_status":"closed","ping_status":"closed","sticky":false,"template":"","format":"standard","meta":{"_monsterinsights_skip_tracking":false,"_monsterinsights_sitenote_active":false,"_monsterinsights_sitenote_note":"","_monsterinsights_sitenote_category":0,"footnotes":""},"categories":[49],"tags":[],"class_list":["post-291327","post","type-post","status-publish","format-standard","has-post-thumbnail","hentry","category-news-18","category-49","description-off"],"img_url":"https:\/\/www.radiopiu.net\/wordpress\/wp-content\/uploads\/2019\/08\/logo-alleghe-hockey.png","_links":{"self":[{"href":"https:\/\/www.radiopiu.net\/wordpress\/wp-json\/wp\/v2\/posts\/291327","targetHints":{"allow":["GET"]}}],"collection":[{"href":"https:\/\/www.radiopiu.net\/wordpress\/wp-json\/wp\/v2\/posts"}],"about":[{"href":"https:\/\/www.radiopiu.net\/wordpress\/wp-json\/wp\/v2\/types\/post"}],"author":[{"embeddable":true,"href":"https:\/\/www.radiopiu.net\/wordpress\/wp-json\/wp\/v2\/users\/4"}],"replies":[{"embeddable":true,"href":"https:\/\/www.radiopiu.net\/wordpress\/wp-json\/wp\/v2\/comments?post=291327"}],"version-history":[{"count":0,"href":"https:\/\/www.radiopiu.net\/wordpress\/wp-json\/wp\/v2\/posts\/291327\/revisions"}],"wp:featuredmedia":[{"embeddable":true,"href":"https:\/\/www.radiopiu.net\/wordpress\/wp-json\/wp\/v2\/media\/95699"}],"wp:attachment":[{"href":"https:\/\/www.radiopiu.net\/wordpress\/wp-json\/wp\/v2\/media?parent=291327"}],"wp:term":[{"taxonomy":"category","embeddable":true,"href":"https:\/\/www.radiopiu.net\/wordpress\/wp-json\/wp\/v2\/categories?post=291327"},{"taxonomy":"post_tag","embeddable":true,"href":"https:\/\/www.radiopiu.net\/wordpress\/wp-json\/wp\/v2\/tags?post=291327"}],"curies":[{"name":"wp","href":"https:\/\/api.w.org\/{rel}","templated":true}]}}