{"id":291383,"date":"2022-08-06T14:33:15","date_gmt":"2022-08-06T12:33:15","guid":{"rendered":"https:\/\/www.radiopiu.net\/wordpress\/?p=291383"},"modified":"2022-08-06T14:33:15","modified_gmt":"2022-08-06T12:33:15","slug":"prolungato-lo-stato-di-attenzione-per-criticita-idrogeologica-fino-a-domani","status":"publish","type":"post","link":"https:\/\/www.radiopiu.net\/wordpress\/prolungato-lo-stato-di-attenzione-per-criticita-idrogeologica-fino-a-domani\/","title":{"rendered":"PROLUNGATO LO STATO DI ATTENZIONE PER CRITICITA\u2019 IDROGEOLOGICA FINO A DOMANI"},"content":{"rendered":"<p><strong>VENEZIA\u00a0 <\/strong>Il Centro Funzionale Decentrato della Protezione Civile regionale, in base alle previsioni meteo, ha emesso un bollettino di aggiornamento rispetto a quello di ieri, nel quale si conferma lo stato di attenzione per criticit\u00e0 idrogeologica fino a domani nei bacini dell\u2019Alto Piave, Piave Pedemontano, Alto Brenta-Bacchiglione-Alpone e Adige-Garda e Monti Lessini per l\u2019arrivo di temporali. Per quanto riguarda la seconda parte di domani, domenica 7 agosto 2022, si conferma il persistere di condizioni di instabilit\u00e0 soprattutto sulle zone montane e pedemontane, dove saranno pi\u00f9 probabili delle precipitazioni anche a carattere di rovescio e temporale e dove non si esclude qualche ulteriore temporale intenso. L\u2019avviso di criticit\u00e0 aggiorna quello emesso ieri ed \u00e8 valido dalle ore 12 fino alla mezzanotte di domani e, visti i fenomeni meteorologici previsti, la criticit\u00e0 idrogeologica attesa \u00e8 riferita allo scenario per temporali forti.<\/p>\n<p><a class=\"dt-pswp-item\" href=\"https:\/\/www.radiopiu.net\/wordpress\/wp-content\/uploads\/2022\/08\/Schermata-2022-08-06-alle-14.26.13.png\" data-dt-img-description=\"\" data-large_image_width=\"1290\" data-large_image_height=\"424\"><img loading=\"lazy\" decoding=\"async\" class=\"alignnone wp-image-291386 size-large\" src=\"https:\/\/www.radiopiu.net\/wordpress\/wp-content\/uploads\/2022\/08\/Schermata-2022-08-06-alle-14.26.13-1024x337.png\" alt=\"\" width=\"1024\" height=\"337\" srcset=\"https:\/\/www.radiopiu.net\/wordpress\/wp-content\/uploads\/2022\/08\/Schermata-2022-08-06-alle-14.26.13-1024x337.png 1024w, https:\/\/www.radiopiu.net\/wordpress\/wp-content\/uploads\/2022\/08\/Schermata-2022-08-06-alle-14.26.13-300x99.png 300w, https:\/\/www.radiopiu.net\/wordpress\/wp-content\/uploads\/2022\/08\/Schermata-2022-08-06-alle-14.26.13-768x252.png 768w, https:\/\/www.radiopiu.net\/wordpress\/wp-content\/uploads\/2022\/08\/Schermata-2022-08-06-alle-14.26.13.png 1290w\" sizes=\"auto, (max-width: 1024px) 100vw, 1024px\" \/><\/a><\/p>\n<p>&nbsp;<\/p>\n<p>&nbsp;<\/p>\n<p>*****<\/p>\n","protected":false},"excerpt":{"rendered":"<p>VENEZIA\u00a0 Il Centro Funzionale Decentrato della Protezione Civile regionale, in base alle previsioni meteo, ha emesso un bollettino di aggiornamento rispetto a quello di ieri, nel quale si conferma lo stato di attenzione per criticit\u00e0 idrogeologica fino a domani nei bacini dell\u2019Alto Piave, Piave Pedemontano, Alto Brenta-Bacchiglione-Alpone e Adige-Garda e Monti Lessini per l\u2019arrivo di&hellip;<\/p>\n","protected":false},"author":4,"featured_media":158236,"comment_status":"closed","ping_status":"closed","sticky":false,"template":"","format":"standard","meta":{"_monsterinsights_skip_tracking":false,"_monsterinsights_sitenote_active":false,"_monsterinsights_sitenote_note":"","_monsterinsights_sitenote_category":0,"footnotes":""},"categories":[49],"tags":[],"class_list":["post-291383","post","type-post","status-publish","format-standard","has-post-thumbnail","hentry","category-news-18","category-49","description-off"],"img_url":"https:\/\/www.radiopiu.net\/wordpress\/wp-content\/uploads\/2020\/08\/TEMPORALE.jpg","_links":{"self":[{"href":"https:\/\/www.radiopiu.net\/wordpress\/wp-json\/wp\/v2\/posts\/291383","targetHints":{"allow":["GET"]}}],"collection":[{"href":"https:\/\/www.radiopiu.net\/wordpress\/wp-json\/wp\/v2\/posts"}],"about":[{"href":"https:\/\/www.radiopiu.net\/wordpress\/wp-json\/wp\/v2\/types\/post"}],"author":[{"embeddable":true,"href":"https:\/\/www.radiopiu.net\/wordpress\/wp-json\/wp\/v2\/users\/4"}],"replies":[{"embeddable":true,"href":"https:\/\/www.radiopiu.net\/wordpress\/wp-json\/wp\/v2\/comments?post=291383"}],"version-history":[{"count":0,"href":"https:\/\/www.radiopiu.net\/wordpress\/wp-json\/wp\/v2\/posts\/291383\/revisions"}],"wp:featuredmedia":[{"embeddable":true,"href":"https:\/\/www.radiopiu.net\/wordpress\/wp-json\/wp\/v2\/media\/158236"}],"wp:attachment":[{"href":"https:\/\/www.radiopiu.net\/wordpress\/wp-json\/wp\/v2\/media?parent=291383"}],"wp:term":[{"taxonomy":"category","embeddable":true,"href":"https:\/\/www.radiopiu.net\/wordpress\/wp-json\/wp\/v2\/categories?post=291383"},{"taxonomy":"post_tag","embeddable":true,"href":"https:\/\/www.radiopiu.net\/wordpress\/wp-json\/wp\/v2\/tags?post=291383"}],"curies":[{"name":"wp","href":"https:\/\/api.w.org\/{rel}","templated":true}]}}