{"id":291424,"date":"2022-08-06T17:43:36","date_gmt":"2022-08-06T15:43:36","guid":{"rendered":"https:\/\/www.radiopiu.net\/wordpress\/?p=291424"},"modified":"2022-08-06T17:47:55","modified_gmt":"2022-08-06T15:47:55","slug":"soccorso-un-giovane-in-via-sottocastello-il-sindaco-de-pellegrin-su-via-sottocastello-lavoreremo-a-fondo","status":"publish","type":"post","link":"https:\/\/www.radiopiu.net\/wordpress\/soccorso-un-giovane-in-via-sottocastello-il-sindaco-de-pellegrin-su-via-sottocastello-lavoreremo-a-fondo\/","title":{"rendered":"SOCCORSO UN GIOVANE IN VIA SOTTOCASTELLO. IL SINDACO DE PELLEGRIN: \u201cSU VIA SOTTOCASTELLO LAVOREREMO A FONDO\u201d"},"content":{"rendered":"<p><strong><a class=\"dt-pswp-item\" href=\"https:\/\/www.radiopiu.net\/wordpress\/wp-content\/uploads\/2022\/02\/BELLUNO-BELLUNO-5.jpg\" data-dt-img-description=\"\" data-large_image_width=\"151\" data-large_image_height=\"240\"><img loading=\"lazy\" decoding=\"async\" class=\"size-thumbnail wp-image-258268 alignleft\" src=\"https:\/\/www.radiopiu.net\/wordpress\/wp-content\/uploads\/2022\/02\/BELLUNO-BELLUNO-5-150x150.jpg\" alt=\"\" width=\"150\" height=\"150\" \/><\/a>BELLUNO<\/strong> Il Suem e una pattuglia della polizia sono intervenuti ieri sera in via Sottocastello per soccorrere un ragazzo ospite di una comunit\u00e0 terapeutica. Una volta trovato e valutate le sue condizioni hanno cominciato a trattarlo sul posto,\u00a0 era in stato confusionale, quindi il trasporto al Pronto soccorso dell\u2019ospedale San Martino.\u00a0 Un altro episodio di degrado, in una via, che gi\u00e0 in passato era stata teatro di illegalit\u00e0, a cominciare dallo spaccio di sostanze stupefacenti. \u201c<em>Sicurezza e vera inclusione, su via Sottocastello lavoreremo a fondo. Abbiamo gi\u00e0 iniziato a farlo. Non lasceremo indietro nessuno e Belluno sar\u00e0 ai vertici per qualit\u00e0 della vita<\/em>\u201d. Sono le prime parole del sindaco Oscar De Pellegrin all\u2019indomani dei fatti di via Sottocastello, dove nella serata di venerd\u00ec un uomo di 34 anni \u00e8 stato soccorso dai sanitari e portato in Pronto soccorso dopo essere stato trovato riverso a terra.\u00a0 \u201c<em>La zona ha una lunga storia di scarsa sicurezza e degrado, lo sappiamo ed \u00e8 per questo che tra le prime azioni dal nostro insediamento c\u2019\u00e8 stato l\u2019avvio di una campagna di prevenzione e di informazione rivolta, in particolare, ai giovani \u2013 prosegue il primo cittadino -. E\u2019 solo il primo passo, da settembre entreremo nelle scuole. L\u2019obiettivo \u00e8 alleviare le marginalit\u00e0, aiutare chi \u00e8 in difficolt\u00e0 e controllare maggiormente certe aree del capoluogo. Belluno \u00e8 una citt\u00e0 sicura, ma \u00e8 importante non abbassare la guardia e prestare attenzione a tutti<\/em>\u201d.<\/p>\n<p><strong>RAFFAELE ADDAMIANO, ASSESSORE ALLA SICUREZZA DEL COMUNE DI BELLUNO<\/strong><\/p>\n<audio class=\"wp-audio-shortcode\" id=\"audio-291424-1\" preload=\"none\" style=\"width: 100%;\" controls=\"controls\"><source type=\"audio\/mpeg\" src=\"https:\/\/www.radiopiu.net\/wordpress\/wp-content\/uploads\/2022\/08\/ADDAMIANO-SOTTOCASTELLO.mp3?_=1\" \/><a href=\"https:\/\/www.radiopiu.net\/wordpress\/wp-content\/uploads\/2022\/08\/ADDAMIANO-SOTTOCASTELLO.mp3\">https:\/\/www.radiopiu.net\/wordpress\/wp-content\/uploads\/2022\/08\/ADDAMIANO-SOTTOCASTELLO.mp3<\/a><\/audio>\n<p>&nbsp;<\/p>\n<p>&nbsp;<\/p>\n<p>*****<\/p>\n","protected":false},"excerpt":{"rendered":"<p>BELLUNO Il Suem e una pattuglia della polizia sono intervenuti ieri sera in via Sottocastello per soccorrere un ragazzo ospite di una comunit\u00e0 terapeutica. Una volta trovato e valutate le sue condizioni hanno cominciato a trattarlo sul posto,\u00a0 era in stato confusionale, quindi il trasporto al Pronto soccorso dell\u2019ospedale San Martino.\u00a0 Un altro episodio di&hellip;<\/p>\n","protected":false},"author":4,"featured_media":258268,"comment_status":"closed","ping_status":"closed","sticky":false,"template":"","format":"standard","meta":{"_monsterinsights_skip_tracking":false,"_monsterinsights_sitenote_active":false,"_monsterinsights_sitenote_note":"","_monsterinsights_sitenote_category":0,"footnotes":""},"categories":[104,49],"tags":[],"class_list":["post-291424","post","type-post","status-publish","format-standard","has-post-thumbnail","hentry","category-evidenza_3","category-news-18","category-104","category-49","description-off"],"img_url":"https:\/\/www.radiopiu.net\/wordpress\/wp-content\/uploads\/2022\/02\/BELLUNO-BELLUNO-5.jpg","_links":{"self":[{"href":"https:\/\/www.radiopiu.net\/wordpress\/wp-json\/wp\/v2\/posts\/291424","targetHints":{"allow":["GET"]}}],"collection":[{"href":"https:\/\/www.radiopiu.net\/wordpress\/wp-json\/wp\/v2\/posts"}],"about":[{"href":"https:\/\/www.radiopiu.net\/wordpress\/wp-json\/wp\/v2\/types\/post"}],"author":[{"embeddable":true,"href":"https:\/\/www.radiopiu.net\/wordpress\/wp-json\/wp\/v2\/users\/4"}],"replies":[{"embeddable":true,"href":"https:\/\/www.radiopiu.net\/wordpress\/wp-json\/wp\/v2\/comments?post=291424"}],"version-history":[{"count":0,"href":"https:\/\/www.radiopiu.net\/wordpress\/wp-json\/wp\/v2\/posts\/291424\/revisions"}],"wp:featuredmedia":[{"embeddable":true,"href":"https:\/\/www.radiopiu.net\/wordpress\/wp-json\/wp\/v2\/media\/258268"}],"wp:attachment":[{"href":"https:\/\/www.radiopiu.net\/wordpress\/wp-json\/wp\/v2\/media?parent=291424"}],"wp:term":[{"taxonomy":"category","embeddable":true,"href":"https:\/\/www.radiopiu.net\/wordpress\/wp-json\/wp\/v2\/categories?post=291424"},{"taxonomy":"post_tag","embeddable":true,"href":"https:\/\/www.radiopiu.net\/wordpress\/wp-json\/wp\/v2\/tags?post=291424"}],"curies":[{"name":"wp","href":"https:\/\/api.w.org\/{rel}","templated":true}]}}