{"id":291428,"date":"2022-08-06T19:00:17","date_gmt":"2022-08-06T17:00:17","guid":{"rendered":"https:\/\/www.radiopiu.net\/wordpress\/?p=291428"},"modified":"2022-08-06T19:00:17","modified_gmt":"2022-08-06T17:00:17","slug":"bloccati-dal-torrente-in-piena-dopo-il-temporale","status":"publish","type":"post","link":"https:\/\/www.radiopiu.net\/wordpress\/bloccati-dal-torrente-in-piena-dopo-il-temporale\/","title":{"rendered":"BLOCCATI DAL TORRENTE IN PIENA DOPO IL TEMPORALE"},"content":{"rendered":"<p><strong><a class=\"dt-pswp-item\" href=\"https:\/\/www.radiopiu.net\/wordpress\/wp-content\/uploads\/2022\/08\/salt_20220806_173806_610.jpg\" data-dt-img-description=\"\" data-large_image_width=\"2364\" data-large_image_height=\"1773\"><img loading=\"lazy\" decoding=\"async\" class=\" wp-image-291429 alignleft\" src=\"https:\/\/www.radiopiu.net\/wordpress\/wp-content\/uploads\/2022\/08\/salt_20220806_173806_610-150x150.jpg\" alt=\"\" width=\"120\" height=\"120\" \/><\/a>AURONZO DI CADORE<\/strong> Attorno alle 14.20 il Soccorso alpino di Auronzo \u00e8 stato allertato per due escursionisti in difficolt\u00e0 al rientro dal Bivacco Fanton sulle Marmarole. M.N., 59 anni, di Marcon (VE), \u00e8 V.S., 49 anni, di Mirano (VE), hanno trovato sul loro tragitto il torrente della Val da Rin in piena dopo il forte temporale e hanno chiesto aiuto. Una squadra, assieme al Soccorso alpino della Guardia di finanza di Auronzo, ha raggiunto in jeep il punto indicato e non ha potuto fare altro che attendere l&#8217;abbassamento del livello dell&#8217;acqua. Appena passibile, i due uomini sono riusciti a passare.<\/p>\n<p>&nbsp;<\/p>\n<p>&nbsp;<\/p>\n<p>&nbsp;<\/p>\n<p>&nbsp;<\/p>\n<p>******<\/p>\n","protected":false},"excerpt":{"rendered":"<p>AURONZO DI CADORE Attorno alle 14.20 il Soccorso alpino di Auronzo \u00e8 stato allertato per due escursionisti in difficolt\u00e0 al rientro dal Bivacco Fanton sulle Marmarole. M.N., 59 anni, di Marcon (VE), \u00e8 V.S., 49 anni, di Mirano (VE), hanno trovato sul loro tragitto il torrente della Val da Rin in piena dopo il forte&hellip;<\/p>\n","protected":false},"author":4,"featured_media":291429,"comment_status":"closed","ping_status":"closed","sticky":false,"template":"","format":"standard","meta":{"_monsterinsights_skip_tracking":false,"_monsterinsights_sitenote_active":false,"_monsterinsights_sitenote_note":"","_monsterinsights_sitenote_category":0,"footnotes":""},"categories":[51,49],"tags":[],"class_list":["post-291428","post","type-post","status-publish","format-standard","has-post-thumbnail","hentry","category-evidenza-top","category-news-18","category-51","category-49","description-off"],"img_url":"https:\/\/www.radiopiu.net\/wordpress\/wp-content\/uploads\/2022\/08\/salt_20220806_173806_610.jpg","_links":{"self":[{"href":"https:\/\/www.radiopiu.net\/wordpress\/wp-json\/wp\/v2\/posts\/291428","targetHints":{"allow":["GET"]}}],"collection":[{"href":"https:\/\/www.radiopiu.net\/wordpress\/wp-json\/wp\/v2\/posts"}],"about":[{"href":"https:\/\/www.radiopiu.net\/wordpress\/wp-json\/wp\/v2\/types\/post"}],"author":[{"embeddable":true,"href":"https:\/\/www.radiopiu.net\/wordpress\/wp-json\/wp\/v2\/users\/4"}],"replies":[{"embeddable":true,"href":"https:\/\/www.radiopiu.net\/wordpress\/wp-json\/wp\/v2\/comments?post=291428"}],"version-history":[{"count":0,"href":"https:\/\/www.radiopiu.net\/wordpress\/wp-json\/wp\/v2\/posts\/291428\/revisions"}],"wp:featuredmedia":[{"embeddable":true,"href":"https:\/\/www.radiopiu.net\/wordpress\/wp-json\/wp\/v2\/media\/291429"}],"wp:attachment":[{"href":"https:\/\/www.radiopiu.net\/wordpress\/wp-json\/wp\/v2\/media?parent=291428"}],"wp:term":[{"taxonomy":"category","embeddable":true,"href":"https:\/\/www.radiopiu.net\/wordpress\/wp-json\/wp\/v2\/categories?post=291428"},{"taxonomy":"post_tag","embeddable":true,"href":"https:\/\/www.radiopiu.net\/wordpress\/wp-json\/wp\/v2\/tags?post=291428"}],"curies":[{"name":"wp","href":"https:\/\/api.w.org\/{rel}","templated":true}]}}