{"id":291539,"date":"2022-08-07T23:55:53","date_gmt":"2022-08-07T21:55:53","guid":{"rendered":"https:\/\/www.radiopiu.net\/wordpress\/?p=291539"},"modified":"2022-08-08T05:52:09","modified_gmt":"2022-08-08T03:52:09","slug":"lamon-profilo-storico-di-una-comunita-di-confine-nel-libro-2003-di-paolo-conte","status":"publish","type":"post","link":"https:\/\/www.radiopiu.net\/wordpress\/lamon-profilo-storico-di-una-comunita-di-confine-nel-libro-2003-di-paolo-conte\/","title":{"rendered":"\u201cLAMON: PROFILO STORICO DI UNA COMUNIT\u00c0 DI CONFINE\u201d NEL LIBRO (2003) DI PAOLO CONTE"},"content":{"rendered":"<p><strong>di RENATO BONA<\/strong><\/p>\n<p>Nel novembre 2003 lo storico lamonese Paolo Conte (del quale ci onoriamo di essere amici di lunga data . ndr.), abitante con la famiglia a Belluno, gi\u00e0 direttore responsabile dell\u2019Archivio storico di Belluno, Feltre e Cadore, rivista fondata nel capoluogo nel 1929, dava alle stampe con la bellunese tipografia Piave (da mesi ha, purtroppo, cessato, l\u2019attivit\u00e0 \u2013 ndr.), ad iniziativa dell\u2019associazione Pro Loco Lamon, il libro \u201cLamon: profilo storico di una Comunit\u00e0 di confine\u201d fra l\u2019altro proponendo nella copertina la miniatura raffigurante San Pietro nell\u2019inventario dei beni della parrocchia di San Pietro Apostolo di Lamon (1529-1533). Al primo degli apostoli fu dedicata l\u2019unica chiesa pievanale sorta su un precedente insediamento tardo-romano. Per secoli il santo patrono e la chiesa costituirono i punti di riferimento della fede e dell\u2019impegno civile della Comunit\u00e0 lamonese. In quarta di copertina: Emo Mazzetti (1870-1936) olio sui tela 105&#215;89, collezione privata, con cui il pittore trevigiano riprende uno scorcio del centro del paese con sullo sfondo la chiesa di San Daniele. Il pregevole volume di Conte (grafica ed impaginazione di Antonio Genuin) sul quale avremo modo e il piacere di tornare, si articola in tre parti: \u201cLamon: profilo storico di una Comunit\u00e0 di confine con 38 biografie di personaggi noti e sconosciuti\u201d; \u201cImmagini del tempo\u201d; Profili biografici\u201d ed \u00e8 per cos\u00ec dire &#8211; lo ricordava in occasione della presentazione la presidente della Pro Loco, Franca Tollardo &#8211; la derivazione da: \u201cIl dialetto storico di Lamon cultura nelle parole\u201d fondamentale studio sulla nostra parlata, curato da Loredana Corr\u00e0 la quale apriva proprio col breve saggio di Paolo Conte dedicato alle secolari vicende del paese e che ha dato il titolo al libro di cui ci occupiamo nella circostanza. La Tollardo esprimendo gratitudine al Comune di Lamon e al prof. Paolo Conte per la disponibilit\u00e0 dimostrata, concludeva con l\u2019auspicio che \u201cattraverso queste agili pagine gli ospiti e i villeggianti apprendano l\u2019origine e gli avvenimenti salienti della nostra Comunit\u00e0, i giovani si accostino all\u2019esistenza dei loro antenati traendone forza per vivere consapevolmente il presente e progettare con lungimiranza il futuro, gli insegnanti trovino un\u2019utile guida per avvicinare i loro allievi alla grande storia approfondendo gli eventi e la cultura del microcosmo in cui essi crescono\u201d. Accennavamo pi\u00f9 sopra all\u2019articolazione del libro ed allora vediamola: il capitolo \u201cLamon: profilo storico di una comunit\u00e0 di confine\u201d propone: \u201cIl luogo, l\u2019origine del nome, lo stemma\u201d; \u201cDai primi abitatori alla romanizzazione del territorio\u201d; \u201cDalle invasioni barbariche del V secolo alla nascita del Comune di Feltre\u201d; \u201cDalla diffusione del cristianesimo al calice del diacono Orso, alla fondazione del santuario dei Santi Vittore e Corona\u201d; \u201cLa pieve rurale di Lamon; le altre due parrocchie: San Donato e Arina\u201d; \u201cDal XII secolo alla vigilia dell\u2019egemonia veneziana\u201d, \u201cQuestioni fra Comunit\u00e0: la sentenza arbitrale del 1177; la prima attestazione storica del nome del paese\u201d; \u201cLa Regola di Lamon\u201d; \u201cDal dominio di Venezia alla fine del Settecento: le relazioni dei rettori; la pubblicazione degli statuti cittadini; la ripresa delle vertenze confinarie; ancora dai consuntivi dei podest\u00e0; inizia la decadenza economica della citt\u00e0 di Feltre e del territorio; riemergono le controversie tra vicini; i provvedimenti sul diritto di pascolo, le ultime relazioni dei rettori, le liti confinarie alla conclusione del XVIII secolo\u201d; \u201cDalla caduta della Repubblica di San Marco al 1866\u201d; \u201cDall\u2019annessione del Veneto all\u2019Italia alla grande guerra\u201d; \u201cDalla fine del primo, al termine del secondo conflitto mondiale\u201d; \u201cDal dopoguerra al chiudersi del Novecento\u201d. Seguono: \u201cImmagini del tempo\u201d, \u201dProfili biografici\u201d, \u201cBibliografia e indici\u201d. Sul luogo, in estrema sintesi, Paolo Conte scrive che la particolare morfologia del vasto territorio &#8211; oltre 54 chilometri quqadrati che si distendono dai circa 360 metri sul mare della borgata dei Maoli, ai 2069 del monte Coppolo &#8211; ha da una parte favorito la concentrazione degli insediamenti nell\u2019area pianeggiante centrale del paese, ospitante oltre la met\u00e0 degli abitanti residenti, e dall\u2019altra la loro distribuzione in frazioni e borgate sparse ed arroccate su erti pendii. Quale conseguenza, \u00e8 derivato per secoli un duplice isolamento: quello creato dalle difficolt\u00e0 naturali di collegamento verso l\u2019esterno del paese e quello interno fra le quindici frazioni principali, due delle quali, San Donato e Arina (rispettivamente a 9 e a 7,5 chilometri dal capoluogo) sono state per molto tempo le pi\u00f9 popolate. Quanto al nome del paese \u201cin passato si \u00e8 a lungo discusso\u201d: Antonio Cambruzzi immagin\u00f2 che discendesse da Lamone, figlio di Ercole o, pi\u00f9 probabile, da Giove Ammone divinit\u00e0 alla quale in epoca romana, si pensava fosse stato dedicato un tempio sul colle di San Pietro dove venne poi costruita la chiesa. Altri ipotizzarono che derivasse da Aimone o Almone, nome proprio di un signore del posto. Mentre nell\u2019Ottocento il medico lamonese Jacopo Facen accolse la seconda versione di Cambruzzi fatta propria e tramandata dallo storico feltrino Antonio Vecellio. Della questione si occuparono anche il prof. Attilio Dal Zotto nel 1953 e nel 1962 lo studioso Bortolo Mastel mentre nel 1940 il linguista Carlo Battisti pensava alla derivazione da \u2018lama\u2019 (concavit\u00e0 del terreno con acqua \u2013 ndr.) , ipotesi condivisa in tempi pi\u00f9 recenti dal glottologo Giovan Battista Pellegrini. Infine lo stemma del Comune che: \u201cricalca le origini leggendarie del paese. Proposto dal Consiglio comunale, che accolse i suggerimenti del farmacista e appassionato di storia locale Guerrino Susin, venne approvato nel 1921 con regio decreto: al centro presenta il tempio dedicato a Giove Ammone, sorgente sul colle di San Pietro, con ai lati le fronde di quercia e olivo e sopra la corona ghibellina\u201d.<\/p>\n<p>&nbsp;<\/p>\n\n\t\t\t<style type='text\/css'>\n\t\t\t\t#gallery-1 {\n\t\t\t\t\tmargin: auto;\n\t\t\t\t}\n\t\t\t\t#gallery-1 .gallery-item {\n\t\t\t\t\tfloat: left;\n\t\t\t\t\tmargin-top: 10px;\n\t\t\t\t\ttext-align: center;\n\t\t\t\t\twidth: 25%;\n\t\t\t\t}\n\t\t\t\t#gallery-1 img {\n\t\t\t\t\tborder: 2px solid #cfcfcf;\n\t\t\t\t}\n\t\t\t\t#gallery-1 .gallery-caption {\n\t\t\t\t\tmargin-left: 0;\n\t\t\t\t}\n\t\t\t\t\/* see gallery_shortcode() in wp-includes\/media.php *\/\n\t\t\t<\/style>\n\t\t<div id='gallery-1' class='dt-gallery-container gallery galleryid-291539 gallery-columns-4 gallery-size-thumbnail'><dl class='gallery-item'>\n\t\t\t\t<dt class='gallery-icon portrait'>\n\t\t\t\t\t<a class=\"rollover rollover-zoom dt-pswp-item\" title=\"295626245_332197979035935_6421161931844656629_n\" data-dt-img-description=\"\" data-large_image_width=\"152\" data-large_image_height=\"247\"href='https:\/\/www.radiopiu.net\/wordpress\/wp-content\/uploads\/2022\/08\/295626245_332197979035935_6421161931844656629_n.jpg'><img loading=\"lazy\" decoding=\"async\" width=\"150\" height=\"150\" src=\"https:\/\/www.radiopiu.net\/wordpress\/wp-content\/uploads\/2022\/08\/295626245_332197979035935_6421161931844656629_n-150x150.jpg\" class=\"attachment-thumbnail size-thumbnail\" alt=\"\" \/><\/a>\n\t\t\t\t<\/dt><\/dl><dl class='gallery-item'>\n\t\t\t\t<dt class='gallery-icon portrait'>\n\t\t\t\t\t<a class=\"rollover rollover-zoom dt-pswp-item\" title=\"297224966_370145458598606_621622484121003489_n\" data-dt-img-description=\"\" data-large_image_width=\"160\" data-large_image_height=\"206\"href='https:\/\/www.radiopiu.net\/wordpress\/wp-content\/uploads\/2022\/08\/297224966_370145458598606_621622484121003489_n.jpg'><img loading=\"lazy\" decoding=\"async\" width=\"150\" height=\"150\" src=\"https:\/\/www.radiopiu.net\/wordpress\/wp-content\/uploads\/2022\/08\/297224966_370145458598606_621622484121003489_n-150x150.jpg\" class=\"attachment-thumbnail size-thumbnail\" alt=\"\" \/><\/a>\n\t\t\t\t<\/dt><\/dl><dl class='gallery-item'>\n\t\t\t\t<dt class='gallery-icon landscape'>\n\t\t\t\t\t<a class=\"rollover rollover-zoom dt-pswp-item\" title=\"296315308_574614920796921_3206714282390954469_n\" data-dt-img-description=\"\" data-large_image_width=\"249\" data-large_image_height=\"130\"href='https:\/\/www.radiopiu.net\/wordpress\/wp-content\/uploads\/2022\/08\/296315308_574614920796921_3206714282390954469_n.jpg'><img loading=\"lazy\" decoding=\"async\" width=\"150\" height=\"130\" src=\"https:\/\/www.radiopiu.net\/wordpress\/wp-content\/uploads\/2022\/08\/296315308_574614920796921_3206714282390954469_n-150x130.jpg\" class=\"attachment-thumbnail size-thumbnail\" alt=\"\" \/><\/a>\n\t\t\t\t<\/dt><\/dl><dl class='gallery-item'>\n\t\t\t\t<dt class='gallery-icon portrait'>\n\t\t\t\t\t<a class=\"rollover rollover-zoom dt-pswp-item\" title=\"295860012_751694206059523_7672068336091219363_n\" data-dt-img-description=\"\" data-large_image_width=\"160\" data-large_image_height=\"202\"href='https:\/\/www.radiopiu.net\/wordpress\/wp-content\/uploads\/2022\/08\/295860012_751694206059523_7672068336091219363_n.jpg'><img loading=\"lazy\" decoding=\"async\" width=\"150\" height=\"150\" src=\"https:\/\/www.radiopiu.net\/wordpress\/wp-content\/uploads\/2022\/08\/295860012_751694206059523_7672068336091219363_n-150x150.jpg\" class=\"attachment-thumbnail size-thumbnail\" alt=\"\" \/><\/a>\n\t\t\t\t<\/dt><\/dl><br style=\"clear: both\" \/><dl class='gallery-item'>\n\t\t\t\t<dt class='gallery-icon portrait'>\n\t\t\t\t\t<a class=\"rollover rollover-zoom dt-pswp-item\" title=\"296002668_588850596280166_6281890454069619670_n\" data-dt-img-description=\"\" data-large_image_width=\"154\" data-large_image_height=\"206\"href='https:\/\/www.radiopiu.net\/wordpress\/wp-content\/uploads\/2022\/08\/296002668_588850596280166_6281890454069619670_n.jpg'><img loading=\"lazy\" decoding=\"async\" width=\"150\" height=\"150\" src=\"https:\/\/www.radiopiu.net\/wordpress\/wp-content\/uploads\/2022\/08\/296002668_588850596280166_6281890454069619670_n-150x150.jpg\" class=\"attachment-thumbnail size-thumbnail\" alt=\"\" \/><\/a>\n\t\t\t\t<\/dt><\/dl><dl class='gallery-item'>\n\t\t\t\t<dt class='gallery-icon landscape'>\n\t\t\t\t\t<a class=\"rollover rollover-zoom dt-pswp-item\" title=\"296348416_1114938432734609_7910004877838737150_n\" data-dt-img-description=\"\" data-large_image_width=\"511\" data-large_image_height=\"206\"href='https:\/\/www.radiopiu.net\/wordpress\/wp-content\/uploads\/2022\/08\/296348416_1114938432734609_7910004877838737150_n.jpg'><img loading=\"lazy\" decoding=\"async\" width=\"150\" height=\"150\" src=\"https:\/\/www.radiopiu.net\/wordpress\/wp-content\/uploads\/2022\/08\/296348416_1114938432734609_7910004877838737150_n-150x150.jpg\" class=\"attachment-thumbnail size-thumbnail\" alt=\"\" \/><\/a>\n\t\t\t\t<\/dt><\/dl><dl class='gallery-item'>\n\t\t\t\t<dt class='gallery-icon portrait'>\n\t\t\t\t\t<a class=\"rollover rollover-zoom dt-pswp-item\" title=\"295709214_571052114512733_7214337097080947229_n\" data-dt-img-description=\"\" data-large_image_width=\"153\" data-large_image_height=\"247\"href='https:\/\/www.radiopiu.net\/wordpress\/wp-content\/uploads\/2022\/08\/295709214_571052114512733_7214337097080947229_n.jpg'><img loading=\"lazy\" decoding=\"async\" width=\"150\" height=\"150\" src=\"https:\/\/www.radiopiu.net\/wordpress\/wp-content\/uploads\/2022\/08\/295709214_571052114512733_7214337097080947229_n-150x150.jpg\" class=\"attachment-thumbnail size-thumbnail\" alt=\"\" \/><\/a>\n\t\t\t\t<\/dt><\/dl><dl class='gallery-item'>\n\t\t\t\t<dt class='gallery-icon landscape'>\n\t\t\t\t\t<a class=\"rollover rollover-zoom dt-pswp-item\" title=\"296056469_1038276520222592_7668518674862061774_n\" data-dt-img-description=\"\" data-large_image_width=\"417\" data-large_image_height=\"202\"href='https:\/\/www.radiopiu.net\/wordpress\/wp-content\/uploads\/2022\/08\/296056469_1038276520222592_7668518674862061774_n.jpg'><img loading=\"lazy\" decoding=\"async\" width=\"150\" height=\"150\" src=\"https:\/\/www.radiopiu.net\/wordpress\/wp-content\/uploads\/2022\/08\/296056469_1038276520222592_7668518674862061774_n-150x150.jpg\" class=\"attachment-thumbnail size-thumbnail\" alt=\"\" \/><\/a>\n\t\t\t\t<\/dt><\/dl><br style=\"clear: both\" \/><dl class='gallery-item'>\n\t\t\t\t<dt class='gallery-icon portrait'>\n\t\t\t\t\t<a class=\"rollover rollover-zoom dt-pswp-item\" title=\"296961903_758165128739300_1220990772067509027_n\" data-dt-img-description=\"\" data-large_image_width=\"152\" data-large_image_height=\"225\"href='https:\/\/www.radiopiu.net\/wordpress\/wp-content\/uploads\/2022\/08\/296961903_758165128739300_1220990772067509027_n.jpg'><img loading=\"lazy\" decoding=\"async\" width=\"150\" height=\"150\" src=\"https:\/\/www.radiopiu.net\/wordpress\/wp-content\/uploads\/2022\/08\/296961903_758165128739300_1220990772067509027_n-150x150.jpg\" class=\"attachment-thumbnail size-thumbnail\" alt=\"\" \/><\/a>\n\t\t\t\t<\/dt><\/dl><dl class='gallery-item'>\n\t\t\t\t<dt class='gallery-icon portrait'>\n\t\t\t\t\t<a class=\"rollover rollover-zoom dt-pswp-item\" title=\"295677670_595621688605723_4906782254043089806_n\" data-dt-img-description=\"\" data-large_image_width=\"158\" data-large_image_height=\"206\"href='https:\/\/www.radiopiu.net\/wordpress\/wp-content\/uploads\/2022\/08\/295677670_595621688605723_4906782254043089806_n.jpg'><img loading=\"lazy\" decoding=\"async\" width=\"150\" height=\"150\" src=\"https:\/\/www.radiopiu.net\/wordpress\/wp-content\/uploads\/2022\/08\/295677670_595621688605723_4906782254043089806_n-150x150.jpg\" class=\"attachment-thumbnail size-thumbnail\" alt=\"\" \/><\/a>\n\t\t\t\t<\/dt><\/dl><dl class='gallery-item'>\n\t\t\t\t<dt class='gallery-icon landscape'>\n\t\t\t\t\t<a class=\"rollover rollover-zoom dt-pswp-item\" title=\"295673365_539976464587672_9155432526654646623_n\" data-dt-img-description=\"\" data-large_image_width=\"296\" data-large_image_height=\"201\"href='https:\/\/www.radiopiu.net\/wordpress\/wp-content\/uploads\/2022\/08\/295673365_539976464587672_9155432526654646623_n.jpg'><img loading=\"lazy\" decoding=\"async\" width=\"150\" height=\"150\" src=\"https:\/\/www.radiopiu.net\/wordpress\/wp-content\/uploads\/2022\/08\/295673365_539976464587672_9155432526654646623_n-150x150.jpg\" class=\"attachment-thumbnail size-thumbnail\" alt=\"\" \/><\/a>\n\t\t\t\t<\/dt><\/dl><dl class='gallery-item'>\n\t\t\t\t<dt class='gallery-icon portrait'>\n\t\t\t\t\t<a class=\"rollover rollover-zoom dt-pswp-item\" title=\"296954596_1172064343371228_3613820899026931265_n\" data-dt-img-description=\"\" data-large_image_width=\"180\" data-large_image_height=\"205\"href='https:\/\/www.radiopiu.net\/wordpress\/wp-content\/uploads\/2022\/08\/296954596_1172064343371228_3613820899026931265_n.jpg'><img loading=\"lazy\" decoding=\"async\" width=\"150\" height=\"150\" src=\"https:\/\/www.radiopiu.net\/wordpress\/wp-content\/uploads\/2022\/08\/296954596_1172064343371228_3613820899026931265_n-150x150.jpg\" class=\"attachment-thumbnail size-thumbnail\" alt=\"\" \/><\/a>\n\t\t\t\t<\/dt><\/dl><br style=\"clear: both\" \/>\n\t\t\t<\/div>\n\n<p>&nbsp;<\/p>\n<p>NELLE FOTO (riproduzioni dal libro \u201cLamon: profilo storico di una Comunit\u00e0 dfi confine\u201d): la copertina del libro, con miniatura di San Pietro; la quarta di copertina che propone uno scorcio del centro di Lamon opera di Emo Mazzetti; l\u2019autore del libro, lo storico Paolo Conte, lamonese; lo stemma del Comune di Lamon; particolare dello scheletro dell\u2019\u201cUrsus spelaeus\u201d conservato nel palazzo municipale; grattatoi e raschiatoi appartenuti ad abitatori dell\u2019altipiano lamonese 2000 anni circa avanti Cristo; scavo archeologico nella localit\u00e0 Piasentoti a San Donato di Lamon (concessione del Ministero per i beni e le attivit\u00e0 culturali); avanti e retro di una moneta dell\u2019imperatore Claudio ritrovata nella localit\u00e0 Alle Crosere di San Donato; il calice del diacono Orso del sesto secolo; la chiesa di San Pietro con la gradinata d\u2019accesso; interno dell\u2019edificio sacro lamonese con abside e altar maggiore; il medico lamonese Jacopo Facen (1803-1886).<\/p>\n","protected":false},"excerpt":{"rendered":"<p>di RENATO BONA Nel novembre 2003 lo storico lamonese Paolo Conte (del quale ci onoriamo di essere amici di lunga data . ndr.), abitante con la famiglia a Belluno, gi\u00e0 direttore responsabile dell\u2019Archivio storico di Belluno, Feltre e Cadore, rivista fondata nel capoluogo nel 1929, dava alle stampe con la bellunese tipografia Piave (da mesi&hellip;<\/p>\n","protected":false},"author":4,"featured_media":291542,"comment_status":"closed","ping_status":"closed","sticky":false,"template":"","format":"standard","meta":{"_monsterinsights_skip_tracking":false,"_monsterinsights_sitenote_active":false,"_monsterinsights_sitenote_note":"","_monsterinsights_sitenote_category":0,"footnotes":""},"categories":[104,49],"tags":[],"class_list":["post-291539","post","type-post","status-publish","format-standard","has-post-thumbnail","hentry","category-evidenza_3","category-news-18","category-104","category-49","description-off"],"img_url":"https:\/\/www.radiopiu.net\/wordpress\/wp-content\/uploads\/2022\/08\/295860012_751694206059523_7672068336091219363_n.jpg","_links":{"self":[{"href":"https:\/\/www.radiopiu.net\/wordpress\/wp-json\/wp\/v2\/posts\/291539","targetHints":{"allow":["GET"]}}],"collection":[{"href":"https:\/\/www.radiopiu.net\/wordpress\/wp-json\/wp\/v2\/posts"}],"about":[{"href":"https:\/\/www.radiopiu.net\/wordpress\/wp-json\/wp\/v2\/types\/post"}],"author":[{"embeddable":true,"href":"https:\/\/www.radiopiu.net\/wordpress\/wp-json\/wp\/v2\/users\/4"}],"replies":[{"embeddable":true,"href":"https:\/\/www.radiopiu.net\/wordpress\/wp-json\/wp\/v2\/comments?post=291539"}],"version-history":[{"count":0,"href":"https:\/\/www.radiopiu.net\/wordpress\/wp-json\/wp\/v2\/posts\/291539\/revisions"}],"wp:featuredmedia":[{"embeddable":true,"href":"https:\/\/www.radiopiu.net\/wordpress\/wp-json\/wp\/v2\/media\/291542"}],"wp:attachment":[{"href":"https:\/\/www.radiopiu.net\/wordpress\/wp-json\/wp\/v2\/media?parent=291539"}],"wp:term":[{"taxonomy":"category","embeddable":true,"href":"https:\/\/www.radiopiu.net\/wordpress\/wp-json\/wp\/v2\/categories?post=291539"},{"taxonomy":"post_tag","embeddable":true,"href":"https:\/\/www.radiopiu.net\/wordpress\/wp-json\/wp\/v2\/tags?post=291539"}],"curies":[{"name":"wp","href":"https:\/\/api.w.org\/{rel}","templated":true}]}}