{"id":291680,"date":"2022-08-09T05:52:06","date_gmt":"2022-08-09T03:52:06","guid":{"rendered":"https:\/\/www.radiopiu.net\/wordpress\/?p=291680"},"modified":"2023-06-08T05:44:00","modified_gmt":"2023-06-08T03:44:00","slug":"giornale-radiopiu-09-agosto-2022-direttore-mirko-mezzacasa","status":"publish","type":"post","link":"https:\/\/www.radiopiu.net\/wordpress\/giornale-radiopiu-09-agosto-2022-direttore-mirko-mezzacasa\/","title":{"rendered":"GIORNALE RADIOPIU 09 AGOSTO 2022 DIRETTORE MIRKO MEZZACASA"},"content":{"rendered":"<h3 class=\"kvgmc6g5 cxmmr5t8 oygrvhab hcukyx3x c1et5uql\"><span style=\"color: #0000ff;\"><strong>RADIO PIU INFORMAZIONE il canale su TELEGRAM informazione di prima\u00a0 <\/strong><\/span><span style=\"color: #0000ff;\"><strong>mano e in tempo reale. iscriviti ed aiutaci a farlo conoscere\u00a0 \u00a0<\/strong><\/span><\/h3>\n<p><iframe loading=\"lazy\" title=\"Rocca Pietore, Marmolada, Val Pettorina\" width=\"1200\" height=\"675\" src=\"https:\/\/www.youtube.com\/embed\/fnodpFI2M1w?feature=oembed\" frameborder=\"0\" allow=\"accelerometer; autoplay; clipboard-write; encrypted-media; gyroscope; picture-in-picture\" allowfullscreen><\/iframe><\/p>\n<p>&nbsp;<\/p>\n<hr \/>\n<p>&nbsp;<\/p>\n<blockquote>\n<h3>ACQUA NON POTABILE A MOE&#8217; DI LASTE DI ROCCA PIETORE<\/h3>\n<\/blockquote>\n<p><strong>ROCCA PIETORE<\/strong> Gestione Servizi Pubblici informa che a ROCCA PIETORE in localit\u00e0 MOE\u2019 DI LASTE l&#8217;acqua erogata dall&#8217;acquedotto non \u00e8 potabile e pu\u00f2 essere usata per scopi alimentari SOLO PREVIA bollitura. GSP ha, comunque, gi\u00e0 adottato le necessarie misure per la disinfezione dell&#8217;acqua presente nei serbatoi e nella rete idrica con l&#8217;aggiunta di cloro.<\/p>\n<p>&nbsp;<\/p>\n<p>&nbsp;<\/p>\n<p>&nbsp;<\/p>\n<hr \/>\n<p>&nbsp;<\/p>\n<blockquote>\n<h3>SCIVOLA LUNGO LA MULATTIERA E SI FA MALE<\/h3>\n<\/blockquote>\n<p><strong>FALCADE<\/strong> Durante una passeggiata assieme al marito e ad altre persone non distante dalla frazione di Costa, una signora \u00e8 scivolata lungo la mulattiera riportando una sospetta slogatura della caviglia. Attorno alle 12.30 \u00e8 stato attivato il 118, che ha allertato il Soccorso alpino della Val Biois, con un soccorritore di passaggio gi\u00e0 sul posto. Una squadra ha raggiunto la 68enne di Pavia di Udine (UD), le ha stabilizzato il piede e la ha trasportata per 200 metri fino all&#8217;abitato, dove attendeva l&#8217;ambulanza della Croce Verde partita in direzione dell&#8217;ospedale di Agordo.<\/p>\n<p>&nbsp;<\/p>\n<hr \/>\n<p>&nbsp;<\/p>\n<blockquote>\n<h3><a class=\"dt-pswp-item\" href=\"https:\/\/www.radiopiu.net\/wordpress\/wp-content\/uploads\/2022\/08\/8a1d241de208e896b9385c3201c2d24b.jpg\" data-dt-img-description=\"\" data-large_image_width=\"268\" data-large_image_height=\"153\"><img loading=\"lazy\" decoding=\"async\" class=\"wp-image-291804 alignleft\" src=\"https:\/\/www.radiopiu.net\/wordpress\/wp-content\/uploads\/2022\/08\/8a1d241de208e896b9385c3201c2d24b.jpg\" alt=\"\" width=\"222\" height=\"127\" \/><\/a>ADDIO ALLA REGINA DI GREASE, LA STAR DEL CINEMA A FIANCO DI TRAVOLTA<\/h3>\n<p>di Marco Gaz<\/p><\/blockquote>\n<p>Lutto nel cinema, \u00e8 morta\u00a0 Olivia Newton-John. La dolce Sandy di Grease, la biondina timida con il golfino color del cielo sulle spalle e il nastro nei capelli che si trasforma in una pantera sexy inguainata in un total black di pelle nera e capigliatura cotonata nel film cult che l&#8217;ha resa indimenticabile accanto a John Travolta, \u00e8 morta all&#8217;et\u00e0 di 73 anni, dopo una lunga battaglia contro il cancro.\u00a0 Tra i suoi pi\u00f9 grandi successi, nel 1981 il singolo Physical seguito dall&#8217;omonimo album, vincitore di diversi dischi d&#8217;oro e di platino.<\/p>\n<p><strong>IL RICORDO ALLA RADIO\u00a0<\/strong><\/p>\n<audio class=\"wp-audio-shortcode\" id=\"audio-291680-1\" preload=\"none\" style=\"width: 100%;\" controls=\"controls\"><source type=\"audio\/mpeg\" src=\"https:\/\/www.radiopiu.net\/wordpress\/wp-content\/uploads\/2022\/08\/OLIVIA-NEWTON-JOHN-SPECIALE.mp3?_=1\" \/><a href=\"https:\/\/www.radiopiu.net\/wordpress\/wp-content\/uploads\/2022\/08\/OLIVIA-NEWTON-JOHN-SPECIALE.mp3\">https:\/\/www.radiopiu.net\/wordpress\/wp-content\/uploads\/2022\/08\/OLIVIA-NEWTON-JOHN-SPECIALE.mp3<\/a><\/audio>\n<p>&nbsp;<\/p>\n<hr \/>\n<p>&nbsp;<\/p>\n<blockquote>\n<h3>VERIFICA DEI DANNI DA MALTEMPO, IN FASE DI DEFINIZIONE UN PICCOLO PROGETTO A CANCIA<\/h3>\n<\/blockquote>\n<p><strong><a class=\"dt-pswp-item\" href=\"https:\/\/www.radiopiu.net\/wordpress\/wp-content\/uploads\/2022\/08\/Cancia-agosto-2022-scaled.jpg\" data-dt-img-description=\"\" data-large_image_width=\"1920\" data-large_image_height=\"2560\"><img loading=\"lazy\" decoding=\"async\" class=\"size-thumbnail wp-image-291728 alignleft\" src=\"https:\/\/www.radiopiu.net\/wordpress\/wp-content\/uploads\/2022\/08\/Cancia-agosto-2022-150x150.jpg\" alt=\"\" width=\"150\" height=\"150\" \/><\/a>BELLUNO <\/strong>\u00ab<em>L\u2019ultima ondata di maltempo ha lasciato alcuni strascichi in termini di danni. Oltre alle tre frane che hanno bloccato la Alemagna a Fiames, abbiamo dovuto registrare alcuni problemi a Lorenzago, per una silvo-pastorale ostruita da fango e ghiaia; e si sono verificati danni cospicui alla ciclabile Dobbiaco-Cortina, per fortuna in un tratto che rientra nel progetto di miglioramento gi\u00e0 finanziato dal Fondo comuni confinanti<\/em>\u00bb. Lo afferma il consigliere provinciale delegato alla difesa del suolo e alla Protezione civile, all\u2019indomani della serie di temporali che hanno investito tutta la parte alta della provincia. La struttura tecnica della Provincia \u00e8 stata interpellata durante il maltempo per una strada bloccata in localit\u00e0 Pian de Sire (tra Vigo e Lorenzago di Cadore), dove \u00e8 rimasto interdetto l\u2019accesso a una malga. Nessun problema invece sul canalone dell\u2019Antelao, a Cancia, dove le opere di difesa inaugurate meno di un anno fa continuano a dare risposte positive rispetto agli episodi meteorologici. Nei prossimi giorni verr\u00e0 avviata la rimozione del materiale accumulatosi nei vasconi e rimasto tutto a monte dell\u2019abitato. L\u2019operazione \u00e8 gi\u00e0 stata disposta e a breve sposter\u00e0 circa 25mila metri cubi di sassi e ghiaia. Domani, 9 agosto, i tecnici provinciali effettueranno un sopralluogo proprio a Cancia, per ultimare un piccolo progetto di sistemazione del tratto del canalone dal ponte di Metanopoli al vascone di valle: si prevede di stabilizzare le sponde ed evitare anche piccole erosioni dell\u2019acqua che tendono a riempire la vasca a valle di ghiaia. \u00ab<em>Dopo la siccit\u00e0, i temporali violenti degli ultimi giorni ci hanno ricordato la fragilit\u00e0 del territorio<\/em>\u00bb conclude il consigliere delegato. \u00ab<em>La funzionalit\u00e0 delle opere di Cancia \u00e8 un\u2019ottima notizia, soprattutto per la sicurezza di chi abita a valle dell\u2019Antelao, e che negli anni ha visto con preoccupazione ogni evento meteo. L\u2019ultimo intervento che stiamo programmando render\u00e0 ancora pi\u00f9 efficace la gestione del canalone e pi\u00f9 sicura la vivibilit\u00e0 della zona<\/em>\u00bb.<\/p>\n<p>&nbsp;<\/p>\n<p>&nbsp;<\/p>\n<hr \/>\n<p>&nbsp;<\/p>\n<blockquote>\n<h3>MANCA UN MESE ALL\u2019INIZIO DELLA SCUOLA, LA PROVINCIA FA IL PUNTO SUGLI INTERVENTI NEGLI ISTITUTI SUPERIORI<\/h3>\n<\/blockquote>\n<p><strong><a class=\"dt-pswp-item\" href=\"https:\/\/www.radiopiu.net\/wordpress\/wp-content\/uploads\/2020\/06\/primo-piano-gli-studenti-che-scrivono-e-leggono-gli-fogli-di-risposta-degli-esami-di-esercitazione-in-aula-della-scuola-con-lo-stress_73622-858.jpg\" data-dt-img-description=\"\" data-large_image_width=\"626\" data-large_image_height=\"417\"><img loading=\"lazy\" decoding=\"async\" class=\"size-thumbnail wp-image-143128 alignleft\" src=\"https:\/\/www.radiopiu.net\/wordpress\/wp-content\/uploads\/2020\/06\/primo-piano-gli-studenti-che-scrivono-e-leggono-gli-fogli-di-risposta-degli-esami-di-esercitazione-in-aula-della-scuola-con-lo-stress_73622-858-150x150.jpg\" alt=\"\" width=\"150\" height=\"150\" \/><\/a>BELLUNO <\/strong>\u00a0A poco pi\u00f9 di un mese dall\u2019inizio della scuola, la vice presidente della Provincia di Belluno (con delega all\u2019edilizia scolastica) fa il punto della situazione.\u00a0 La Provincia, dopo i corposi interventi di adeguamento Covid effettuati nell\u2019estate 2020 e 2021, non ha mancato quest\u2019anno di rifinire tutte quelle operazioni necessarie a rispondere alle esigenze degli istituti superiori di competenza<\/p>\n<p>&nbsp;<\/p>\n<p><strong>LUCIA DA ROLD, VICE PRESIDENTE DELLA PROVINCIA DI BELLUNO<\/strong><\/p>\n<audio class=\"wp-audio-shortcode\" id=\"audio-291680-2\" preload=\"none\" style=\"width: 100%;\" controls=\"controls\"><source type=\"audio\/mpeg\" src=\"https:\/\/www.radiopiu.net\/wordpress\/wp-content\/uploads\/2022\/08\/LUCIA-DA-ROLD-SCUOLE.mp3?_=2\" \/><a href=\"https:\/\/www.radiopiu.net\/wordpress\/wp-content\/uploads\/2022\/08\/LUCIA-DA-ROLD-SCUOLE.mp3\">https:\/\/www.radiopiu.net\/wordpress\/wp-content\/uploads\/2022\/08\/LUCIA-DA-ROLD-SCUOLE.mp3<\/a><\/audio>\n<p>&nbsp;<\/p>\n<hr \/>\n<p>&nbsp;<\/p>\n<blockquote>\n<h3>DILLO A RADIO PIU&#8217;&#8230;LO STATO DI ABBANDONO DI VILLA POLIT A TRICHIANA<\/h3>\n<\/blockquote>\n<p><strong>REDAZIONE<\/strong> Riceviamo e pubblichiamo una segnalazione arrivata in radio da Dario Dal Magro che riguarda lo stato di abbandono di Villa Polit a Trichiana.<\/p>\n<blockquote><p><em>E\u2019 una villa padronale settecentesca con una serie di annessi rustici, che si distribuiscono alla periferia dell\u2019ampia corte centrale \u201cBrolo\u201d, della superficie di circa 3.900 mq. Parliamo di Villa Polit sita in Cavassico Inferiore dell\u2019ex Municipio di Trichiana. La villa, di interesse storico \u2013 artistico, a suo tempo fu oggetto di donazione con finalit\u00e0 socio assistenziali al Comune di Belluno. Passata di propriet\u00e0 all\u2019Ulss, fu oggetto di alcuni interventi di ristrutturazione e parzialmente utilizzata la piano terra. Nel 2006 fu messa in vendita per un importo a base d\u2019asta di \u20ac 1.364.401,20. Da allora versa in stato di abbandono, come da foto allegate. Eppure nel territorio ci sono necessit\u00e0 da soddisfare,\u00a0 come ha ricordato nel corso dell\u2019ultimo consiglio comunale di Borgo Valbelluna \u00a0Dario Dal Magro. Ad iniziare dal Centro Diurno \u201cNoialtri di Mel\u201d, che ospita ed organizza attivit\u00e0 per ragazzi \u201cdiversamente abili\u201d. Dal 2004 i ragazzi sono ospitati provvisoriamente presso il Distretto Sanitario sito nella stretta di Mel. Tutto in regola grazie a deroghe concesse (sarebbe prevista una superficie di 20 mq per ogni disabile) ma la sede non \u00e8 proprio adatta, anche per la mancanza di qualsiasi spazio verde. Ecco allora che si \u00e8 pensato di utilizzare l\u2019ex scuola elementare di Cavassico Superiore di Trichiana, che ben si adatta allo scopo, ma il cui costo di messa in sicurezza ammonta a circa 800 mila euro .Oppure di realizzare un nuovo immobile su un terreno di propriet\u00e0 del Comune a fianco dell\u2019asilo di Trichiana. Ma i soldi chi li mette? La normativa prevede che sia il Comune a mettere a disposizione i locali (quindi Borgo Valbelluna), mentre\u00a0 l\u2019Ulss deve fornire il servizio di assistenza e trasporto, attualmente affidato ad una cooperativa. E qui inizia il circolo vizioso nel quale tutti hanno una parte di ragione. Perch\u00e9 mail il Comune di Borgo Valbelluna deve farsi carico di ristrutturare o costruire un immobile per buonissime finalit\u00e0, ma il cui servizio va a favore di cittadini dei Comuni dell\u2019ex Ulss n. 2? E se usassimo i fondi dii confine? Qui i Sindaci pare non abbiano messo la proposta fra le priorit\u00e0. Ed il Ministero della disabilit\u00e0? Nessun riscontro. Borgo Valbelluna ha partecipato ad una bando regionale, ma che al massimo assegna 200.000 \u20ac. E di Villa Polit, visto che non si vende, che cosa ne facciamo? Insomma tante domande che richiedono una risposta univoca da dare ai giovani ospiti del Centro Diurno ed ai loro familiari. Sindaci, Direttore dell\u2019Ulss, Consiglieri Regionali, rappresentanti della gestione dei Fondi Comuni Confinanti: sedetevi attorno ad un tavolo e trovate una soluzione. Lo dobbiamo a loro: i giovani diversamente abili.<\/em><\/p>\n<p><em>Dario Dal Magro<\/em><\/p><\/blockquote>\n<p>&nbsp;<\/p>\n\n\t\t\t<style type='text\/css'>\n\t\t\t\t#gallery-1 {\n\t\t\t\t\tmargin: auto;\n\t\t\t\t}\n\t\t\t\t#gallery-1 .gallery-item {\n\t\t\t\t\tfloat: left;\n\t\t\t\t\tmargin-top: 10px;\n\t\t\t\t\ttext-align: center;\n\t\t\t\t\twidth: 50%;\n\t\t\t\t}\n\t\t\t\t#gallery-1 img {\n\t\t\t\t\tborder: 2px solid #cfcfcf;\n\t\t\t\t}\n\t\t\t\t#gallery-1 .gallery-caption {\n\t\t\t\t\tmargin-left: 0;\n\t\t\t\t}\n\t\t\t\t\/* see gallery_shortcode() in wp-includes\/media.php *\/\n\t\t\t<\/style>\n\t\t<div id='gallery-1' class='dt-gallery-container gallery galleryid-291680 gallery-columns-2 gallery-size-medium'><dl class='gallery-item'>\n\t\t\t\t<dt class='gallery-icon landscape'>\n\t\t\t\t\t<a class=\"rollover rollover-zoom dt-pswp-item\" title=\"Unknown\" data-dt-img-description=\"\" data-large_image_width=\"2048\" data-large_image_height=\"1536\"href='https:\/\/www.radiopiu.net\/wordpress\/wp-content\/uploads\/2022\/08\/Unknown.jpeg'><img loading=\"lazy\" decoding=\"async\" width=\"300\" height=\"225\" src=\"https:\/\/www.radiopiu.net\/wordpress\/wp-content\/uploads\/2022\/08\/Unknown-300x225.jpeg\" class=\"attachment-medium size-medium\" alt=\"\" srcset=\"https:\/\/www.radiopiu.net\/wordpress\/wp-content\/uploads\/2022\/08\/Unknown-300x225.jpeg 300w, https:\/\/www.radiopiu.net\/wordpress\/wp-content\/uploads\/2022\/08\/Unknown-1024x768.jpeg 1024w, https:\/\/www.radiopiu.net\/wordpress\/wp-content\/uploads\/2022\/08\/Unknown-768x576.jpeg 768w, https:\/\/www.radiopiu.net\/wordpress\/wp-content\/uploads\/2022\/08\/Unknown-1536x1152.jpeg 1536w, https:\/\/www.radiopiu.net\/wordpress\/wp-content\/uploads\/2022\/08\/Unknown.jpeg 2048w\" sizes=\"auto, (max-width: 300px) 100vw, 300px\" \/><\/a>\n\t\t\t\t<\/dt><\/dl><dl class='gallery-item'>\n\t\t\t\t<dt class='gallery-icon landscape'>\n\t\t\t\t\t<a class=\"rollover rollover-zoom dt-pswp-item\" title=\"Unknown-1\" data-dt-img-description=\"\" data-large_image_width=\"2048\" data-large_image_height=\"1536\"href='https:\/\/www.radiopiu.net\/wordpress\/wp-content\/uploads\/2022\/08\/Unknown-1.jpeg'><img loading=\"lazy\" decoding=\"async\" width=\"300\" height=\"225\" src=\"https:\/\/www.radiopiu.net\/wordpress\/wp-content\/uploads\/2022\/08\/Unknown-1-300x225.jpeg\" class=\"attachment-medium size-medium\" alt=\"\" srcset=\"https:\/\/www.radiopiu.net\/wordpress\/wp-content\/uploads\/2022\/08\/Unknown-1-300x225.jpeg 300w, https:\/\/www.radiopiu.net\/wordpress\/wp-content\/uploads\/2022\/08\/Unknown-1-1024x768.jpeg 1024w, https:\/\/www.radiopiu.net\/wordpress\/wp-content\/uploads\/2022\/08\/Unknown-1-768x576.jpeg 768w, https:\/\/www.radiopiu.net\/wordpress\/wp-content\/uploads\/2022\/08\/Unknown-1-1536x1152.jpeg 1536w, https:\/\/www.radiopiu.net\/wordpress\/wp-content\/uploads\/2022\/08\/Unknown-1.jpeg 2048w\" sizes=\"auto, (max-width: 300px) 100vw, 300px\" \/><\/a>\n\t\t\t\t<\/dt><\/dl><br style=\"clear: both\" \/>\n\t\t\t<\/div>\n\n<p>&nbsp;<\/p>\n<hr \/>\n<p>&nbsp;<\/p>\n<blockquote>\n<h3>PORCINI AD AGOSTO, COSA RARA NEI GIORNI DELLA SICCITA&#8217;<\/h3>\n<\/blockquote>\n<div class=\"cxgpxx05 d1544ag0 sj5x9vvc tw6a2znq l9j0dhe7 ni8dbmo4 stjgntxs e72ty7fz qlfml3jp inkptoze qmr60zad jm1wdb64 qv66sw1b ljqsnud1 odn2s2vf tkr6xdv7\" role=\"none\" data-testid=\"solid-message-bubble\">\n<div class=\"rq0escxv l9j0dhe7 du4w35lb __fb-light-mode\" role=\"none\">\n<div class=\"hzawbc8m ii04i59q jq4qci2q g9io39s2 oo9gr5id\" dir=\"auto\" role=\"none\"><span class=\"tojvnm2t a6sixzi8 abs2jz4q a8s20v7p t1p8iaqh k5wvi7nf q3lfd5jv pk4s997a bipmatt0 cebpdrjk qowsmv63 owwhemhu dp1hu0rb dhp61c6y iyyx5f41\"><img decoding=\"async\" class=\"k4urcfbm bixrwtb6 datstx6m q9uorilb alignleft\" src=\"https:\/\/scontent-mxp2-1.xx.fbcdn.net\/v\/t39.30808-1\/274601036_1574513736258499_8902817331537571544_n.jpg?stp=dst-jpg_p100x100&amp;_nc_cat=101&amp;ccb=1-7&amp;_nc_sid=7206a8&amp;_nc_ohc=zNDhaOAfiCQAX90ugMk&amp;_nc_ad=z-m&amp;_nc_cid=0&amp;_nc_ht=scontent-mxp2-1.xx&amp;oh=00_AT8yxWk9QjhfM2n0gZkFdybFNZE7imP2hLoaKrpUxP4iUA&amp;oe=62F6D9A5\" alt=\"Mario De Marco\" \/><strong>VOLTAGO<\/strong> Mario De Marco si conferma un cercatore di funghi con la C maiuscola. <\/span>Questo\u00a0 ritrovamento\u00a0 \u00e8\u00a0 eccezionale dopo 3 mesi di siccit\u00e0. I pregiati porcini sono stati messi nel cesto il 6 Agosto, fatto tra l&#8217;altro raro in questo periodo<em> &#8220;Questo &#8211; dice Mario &#8211; conferma che viviamo non solo in luoghi stupendi ma anche magici&#8221;<\/em><\/div>\n<\/div>\n<div dir=\"auto\" role=\"none\">\n<div style=\"width: 640px;\" class=\"wp-video\"><video class=\"wp-video-shortcode\" id=\"video-291680-1\" width=\"640\" height=\"368\" preload=\"metadata\" controls=\"controls\"><source type=\"video\/mp4\" src=\"https:\/\/www.radiopiu.net\/wordpress\/wp-content\/uploads\/2022\/08\/video-1659948482-1.mp4?_=1\" \/><a href=\"https:\/\/www.radiopiu.net\/wordpress\/wp-content\/uploads\/2022\/08\/video-1659948482-1.mp4\">https:\/\/www.radiopiu.net\/wordpress\/wp-content\/uploads\/2022\/08\/video-1659948482-1.mp4<\/a><\/video><\/div>\n<\/div>\n<\/div>\n<div class=\"buofh1pr rj1gh0hx\" role=\"none\"><\/div>\n<p>&nbsp;<\/p>\n<hr \/>\n<p>&nbsp;<\/p>\n<blockquote>\n<h3>DA FALCADE IL CONSIGLIO COMUNALE<\/h3>\n<\/blockquote>\n<p><strong>FALCADE <\/strong>Il sindaco Mauro Salvaterra ha convocato i consiglieri per trattare 12 punti all\u2019ordine del giorno. Tra questi si parler\u00e0 del regolamento dei controlli interni, la determinazione del gettone di presenza ai consiglieri comunali, due varianti al piano degli interventi, le variazioni al bilancio, il bilancio di previsione 2022-2024, il documento unico di programmazione, la convenzione con la provincia per l\u2019utilizzo da parte dell\u2019istituto alberghiero della sala polifunzionale Dolomiti e il nulla osta della provincia per la riqualificazione dello stabile adibito a mensa scolastica presso il convitto dell\u2019istituto.<\/p>\n<p><strong>\u00a0<\/strong><\/p>\n<p><strong>DAL CORRIERE DELLE ALPI, DI GIANNI SANTOMASO<\/strong><\/p>\n<audio class=\"wp-audio-shortcode\" id=\"audio-291680-3\" preload=\"none\" style=\"width: 100%;\" controls=\"controls\"><source type=\"audio\/mpeg\" src=\"https:\/\/www.radiopiu.net\/wordpress\/wp-content\/uploads\/2022\/08\/GIANNI-FALCADE.mp3?_=3\" \/><a href=\"https:\/\/www.radiopiu.net\/wordpress\/wp-content\/uploads\/2022\/08\/GIANNI-FALCADE.mp3\">https:\/\/www.radiopiu.net\/wordpress\/wp-content\/uploads\/2022\/08\/GIANNI-FALCADE.mp3<\/a><\/audio>\n<p>&nbsp;<\/p>\n<p><strong>LA DIRETTA RADIO PIU&#8217;<\/strong><\/p>\n<p>https:\/\/www.facebook.com\/marco.baghy.1\/videos\/464080968908576<\/p>\n<p>&nbsp;<\/p>\n<hr \/>\n<p>&nbsp;<\/p>\n<blockquote>\n<h3>NUOVA TRUFFA INFORMATICA CON UNA MAIL FASULLA DEI CARABINIERI<\/h3>\n<\/blockquote>\n<p><strong>REDAZIONE<\/strong> Ogni giorno riceviamo in redazione centinaia di mail e oggi la nostra attenzione \u00e8 andata ad una posta fasulla dei Carabinieri. Una mail con relativo allegato che ci informa di una denuncia che riguarda la giustizia penale per minori. Nell&#8217;allegato le accuse che hanno portato alla denuncia ma meglio stare fermi in questo caso e ragionarci sopra prima di aprire il file PDF. Infatti, notando l&#8217;indirizzo mail da cui si riceve la posta, si scopre che il messaggio \u00e8 inviato da un normale dominio GMail e non da una posta certificata (PEC) dell&#8217;arma dei Carabinieri. Si ricorda che questo tipo di documenti non arrivano mai tramite una normale mail ma tramite PEC o raccomandata con Poste Italiane. Per questo chiediamo di mantenere alta l&#8217;attenzione prima di aprire allegati di posta elettronica che possono danneggiare il vostro pc con un virus e a volte con un riscatto per poter riutilizzare il vostro PC.<\/p>\n<p><a class=\"dt-pswp-item\" href=\"https:\/\/www.radiopiu.net\/wordpress\/wp-content\/uploads\/2022\/08\/Schermata-2022-08-08-alle-13.45.46.png\" data-dt-img-description=\"\" data-large_image_width=\"1446\" data-large_image_height=\"712\"><img loading=\"lazy\" decoding=\"async\" class=\"alignnone wp-image-291708 size-large\" src=\"https:\/\/www.radiopiu.net\/wordpress\/wp-content\/uploads\/2022\/08\/Schermata-2022-08-08-alle-13.45.46-1024x504.png\" alt=\"\" width=\"1024\" height=\"504\" srcset=\"https:\/\/www.radiopiu.net\/wordpress\/wp-content\/uploads\/2022\/08\/Schermata-2022-08-08-alle-13.45.46-1024x504.png 1024w, https:\/\/www.radiopiu.net\/wordpress\/wp-content\/uploads\/2022\/08\/Schermata-2022-08-08-alle-13.45.46-300x148.png 300w, https:\/\/www.radiopiu.net\/wordpress\/wp-content\/uploads\/2022\/08\/Schermata-2022-08-08-alle-13.45.46-768x378.png 768w, https:\/\/www.radiopiu.net\/wordpress\/wp-content\/uploads\/2022\/08\/Schermata-2022-08-08-alle-13.45.46.png 1446w\" sizes=\"auto, (max-width: 1024px) 100vw, 1024px\" \/><\/a><\/p>\n<p>&nbsp;<\/p>\n<p>&nbsp;<\/p>\n<hr \/>\n<p>&nbsp;<\/p>\n<blockquote>\n<h3>COVID IN PROVINCIA: CALANO I CONTAGI, 50 PERSONE RICOVERATE E 4 DECESSI NEGLI ULTIMI 7 GIORNI<\/h3>\n<\/blockquote>\n<p><strong>BELLUNO<\/strong> Aggiornamento settimanale sull&#8217;andamento epidemiologico in provincia di Belluno a cura dell&#8217;ULSS 1 Dolomiti. Le persone attualmente positive sono 2616. Nella settimana qui analizzata continua il trend in diminuzione dei nuovi casi rispetto al precedente periodo di osservazione. Nel dettaglio, i nuovi casi rilevati nell\u2019ultima settimana sono 862 (-316 rispetto alla scorsa settimana), con un conseguente tasso di incidenza settimanale di 434 casi su 100 mila abitanti, lievemente inferiore all&#8217;incidenza nazionale (461 su 100 mila abitanti). Pur se in evidente rallentamento, la circolazione virale di SARS-CoV-2 rimane consistente, determinando una casistica circa 9 volte superiore alla soglia epidemica (50 casi settimanali su 100.000 abitanti). Ci\u00f2 raccomanda la necessit\u00e0 di mantenere attivi i comportamenti preventivi. Nella settimana scorsa sono stati eseguiti dai team dell\u2019Ulss Dolomiti 5.478 tamponi (di cui 2.538 molecolari e 2.940 antigenici). A questi si aggiungono 2.489 tamponi antigenici eseguiti dalle Farmacie del territorio, 65 tamponi eseguiti dai Pediatri di Libera scelta e 128 tamponi eseguiti dai Medici di Medicina Generale. In media, ogni giorno vengono eseguiti circa 590 tamponi ogni 100 mila abitanti. Nella settimana qui analizzata: sono stati somministrati 8 trattamenti con anticorpi monoclonali dall\u2019Unit\u00e0 Operativa di Malattie Infettive di Belluno, per un totale di 456 dosi complessive; sono stati prescritti 13 trattamenti con farmaco antivirale orale per un totale di 395 trattamenti complessivi. Negli ospedali bellunesi sono ricoverate 3 persone in terapia intensiva, 41 in area non critica di cui 18 non covid e 6 negli ospedali di comunit\u00e0. Si contano quattro decessi nella settimana appena trascorsa. <span class=\"Carpredefinitoparagrafo1\">Una donna di 92 anni ricoverata in Malattie Infettive di Belluno, una donna di 101 anni ricoverata in Geriatria Covid di Feltre, una donna di 88 anni ricoverata in Geriatria a Belluno e <\/span><span class=\"Carpredefinitoparagrafo1\">un uomo di 76 anni ricoverato in Geriatria Covid di Belluno. <\/span><span class=\"Carpredefinitoparagrafo1\">Ad oggi sono state somministrate 12.855 dosi di second booster (quarte dosi). \u00c8 stato vaccinato il 50,2% degli eleggibili over 80.<\/span><\/p>\n<p>&nbsp;<\/p>\n\n\t\t\t<style type='text\/css'>\n\t\t\t\t#gallery-2 {\n\t\t\t\t\tmargin: auto;\n\t\t\t\t}\n\t\t\t\t#gallery-2 .gallery-item {\n\t\t\t\t\tfloat: left;\n\t\t\t\t\tmargin-top: 10px;\n\t\t\t\t\ttext-align: center;\n\t\t\t\t\twidth: 33%;\n\t\t\t\t}\n\t\t\t\t#gallery-2 img {\n\t\t\t\t\tborder: 2px solid #cfcfcf;\n\t\t\t\t}\n\t\t\t\t#gallery-2 .gallery-caption {\n\t\t\t\t\tmargin-left: 0;\n\t\t\t\t}\n\t\t\t\t\/* see gallery_shortcode() in wp-includes\/media.php *\/\n\t\t\t<\/style>\n\t\t<div id='gallery-2' class='dt-gallery-container gallery galleryid-291680 gallery-columns-3 gallery-size-thumbnail'><dl class='gallery-item'>\n\t\t\t\t<dt class='gallery-icon landscape'>\n\t\t\t\t\t<a class=\"rollover rollover-zoom dt-pswp-item\" title=\"Schermata 2022-08-08 alle 18.00.15\" data-dt-img-description=\"\" data-large_image_width=\"1220\" data-large_image_height=\"716\"href='https:\/\/www.radiopiu.net\/wordpress\/wp-content\/uploads\/2022\/08\/Schermata-2022-08-08-alle-18.00.15.png'><img loading=\"lazy\" decoding=\"async\" width=\"150\" height=\"150\" src=\"https:\/\/www.radiopiu.net\/wordpress\/wp-content\/uploads\/2022\/08\/Schermata-2022-08-08-alle-18.00.15-150x150.png\" class=\"attachment-thumbnail size-thumbnail\" alt=\"\" aria-describedby=\"gallery-2-291766\" \/><\/a>\n\t\t\t\t<\/dt>\n\t\t\t\t\t<dd class='wp-caption-text gallery-caption' id='gallery-2-291766'>\n\t\t\t\t\tANDAMENTO EPIDEMICO COVID DAI PRIMI DI MARZO 2020 AD OGGI \n\t\t\t\t\t<\/dd><\/dl><dl class='gallery-item'>\n\t\t\t\t<dt class='gallery-icon portrait'>\n\t\t\t\t\t<a class=\"rollover rollover-zoom dt-pswp-item\" title=\"Schermata 2022-08-08 alle 18.00.04\" data-dt-img-description=\"\" data-large_image_width=\"1292\" data-large_image_height=\"1438\"href='https:\/\/www.radiopiu.net\/wordpress\/wp-content\/uploads\/2022\/08\/Schermata-2022-08-08-alle-18.00.04.png'><img loading=\"lazy\" decoding=\"async\" width=\"150\" height=\"150\" src=\"https:\/\/www.radiopiu.net\/wordpress\/wp-content\/uploads\/2022\/08\/Schermata-2022-08-08-alle-18.00.04-150x150.png\" class=\"attachment-thumbnail size-thumbnail\" alt=\"\" aria-describedby=\"gallery-2-291767\" \/><\/a>\n\t\t\t\t<\/dt>\n\t\t\t\t\t<dd class='wp-caption-text gallery-caption' id='gallery-2-291767'>\n\t\t\t\t\tL\u2019INCIDENZA SETTIMANALE PER SINGOLO COMUNE\n\t\t\t\t\t<\/dd><\/dl><dl class='gallery-item'>\n\t\t\t\t<dt class='gallery-icon landscape'>\n\t\t\t\t\t<a class=\"rollover rollover-zoom dt-pswp-item\" title=\"Schermata 2022-08-08 alle 17.59.49\" data-dt-img-description=\"\" data-large_image_width=\"1136\" data-large_image_height=\"738\"href='https:\/\/www.radiopiu.net\/wordpress\/wp-content\/uploads\/2022\/08\/Schermata-2022-08-08-alle-17.59.49.png'><img loading=\"lazy\" decoding=\"async\" width=\"150\" height=\"150\" src=\"https:\/\/www.radiopiu.net\/wordpress\/wp-content\/uploads\/2022\/08\/Schermata-2022-08-08-alle-17.59.49-150x150.png\" class=\"attachment-thumbnail size-thumbnail\" alt=\"\" aria-describedby=\"gallery-2-291768\" \/><\/a>\n\t\t\t\t<\/dt>\n\t\t\t\t\t<dd class='wp-caption-text gallery-caption' id='gallery-2-291768'>\n\t\t\t\t\tNUMERO DI CASI PER FASCIA D&#8217;ETA&#8217;\n\t\t\t\t\t<\/dd><\/dl><br style=\"clear: both\" \/>\n\t\t\t<\/div>\n\n<p>&nbsp;<\/p>\n<hr \/>\n<p>&nbsp;<\/p>\n<blockquote class=\"wp-embedded-content\" data-secret=\"iMFUQXBy7H\"><p><a href=\"https:\/\/www.radiopiu.net\/wordpress\/aggnazionaleagosto08\/\">CORONAVIRUS: AGGIORNAMENTO NAZIONALE 08 AGOSTO 2022<\/a><\/p><\/blockquote>\n<p><iframe loading=\"lazy\" class=\"wp-embedded-content\" sandbox=\"allow-scripts\" security=\"restricted\" style=\"position: absolute; clip: rect(1px, 1px, 1px, 1px);\" title=\"&#8220;CORONAVIRUS: AGGIORNAMENTO NAZIONALE 08 AGOSTO 2022&#8221; &#8212; Radio Pi\u00f9\" src=\"https:\/\/www.radiopiu.net\/wordpress\/aggnazionaleagosto08\/embed\/#?secret=4BuKGmzsJx#?secret=iMFUQXBy7H\" data-secret=\"iMFUQXBy7H\" width=\"600\" height=\"338\" frameborder=\"0\" marginwidth=\"0\" marginheight=\"0\" scrolling=\"no\"><\/iframe><\/p>\n<p>&nbsp;<\/p>\n<blockquote class=\"wp-embedded-content\" data-secret=\"m5ZtEqgWJ2\"><p><a href=\"https:\/\/www.radiopiu.net\/wordpress\/aziendazeroagosto08\/\">POCO PIU&#8217; DI MILLE NUOVE POSITIVITA&#8217; IN 24 ORE NEL VENETO. RICOVERI STABILI<\/a><\/p><\/blockquote>\n<p><iframe loading=\"lazy\" class=\"wp-embedded-content\" sandbox=\"allow-scripts\" security=\"restricted\" style=\"position: absolute; clip: rect(1px, 1px, 1px, 1px);\" title=\"&#8220;POCO PIU&#8217; DI MILLE NUOVE POSITIVITA&#8217; IN 24 ORE NEL VENETO. RICOVERI STABILI&#8221; &#8212; Radio Pi\u00f9\" src=\"https:\/\/www.radiopiu.net\/wordpress\/aziendazeroagosto08\/embed\/#?secret=RIPksYApO8#?secret=m5ZtEqgWJ2\" data-secret=\"m5ZtEqgWJ2\" width=\"600\" height=\"338\" frameborder=\"0\" marginwidth=\"0\" marginheight=\"0\" scrolling=\"no\"><\/iframe><\/p>\n<p>&nbsp;<\/p>\n<h2>I GRAFICI DI TIZIANO DE COL<\/h2>\n\n\t\t\t<style type='text\/css'>\n\t\t\t\t#gallery-3 {\n\t\t\t\t\tmargin: auto;\n\t\t\t\t}\n\t\t\t\t#gallery-3 .gallery-item {\n\t\t\t\t\tfloat: left;\n\t\t\t\t\tmargin-top: 10px;\n\t\t\t\t\ttext-align: center;\n\t\t\t\t\twidth: 33%;\n\t\t\t\t}\n\t\t\t\t#gallery-3 img {\n\t\t\t\t\tborder: 2px solid #cfcfcf;\n\t\t\t\t}\n\t\t\t\t#gallery-3 .gallery-caption {\n\t\t\t\t\tmargin-left: 0;\n\t\t\t\t}\n\t\t\t\t\/* see gallery_shortcode() in wp-includes\/media.php *\/\n\t\t\t<\/style>\n\t\t<div id='gallery-3' class='dt-gallery-container gallery galleryid-291680 gallery-columns-3 gallery-size-thumbnail'><dl class='gallery-item'>\n\t\t\t\t<dt class='gallery-icon landscape'>\n\t\t\t\t\t<a class=\"rollover rollover-zoom dt-pswp-item\" title=\"3db9333c-145c-45c4-96dd-2676e9a9e1eb\" data-dt-img-description=\"\" data-large_image_width=\"604\" data-large_image_height=\"363\"href='https:\/\/www.radiopiu.net\/wordpress\/wp-content\/uploads\/2022\/08\/3db9333c-145c-45c4-96dd-2676e9a9e1eb.jpg'><img loading=\"lazy\" decoding=\"async\" width=\"150\" height=\"150\" src=\"https:\/\/www.radiopiu.net\/wordpress\/wp-content\/uploads\/2022\/08\/3db9333c-145c-45c4-96dd-2676e9a9e1eb-150x150.jpg\" class=\"attachment-thumbnail size-thumbnail\" alt=\"\" \/><\/a>\n\t\t\t\t<\/dt><\/dl><dl class='gallery-item'>\n\t\t\t\t<dt class='gallery-icon landscape'>\n\t\t\t\t\t<a class=\"rollover rollover-zoom dt-pswp-item\" title=\"e9b71059-fd1e-454e-9632-4fb2fab5792d\" data-dt-img-description=\"\" data-large_image_width=\"589\" data-large_image_height=\"366\"href='https:\/\/www.radiopiu.net\/wordpress\/wp-content\/uploads\/2022\/08\/e9b71059-fd1e-454e-9632-4fb2fab5792d.jpg'><img loading=\"lazy\" decoding=\"async\" width=\"150\" height=\"150\" src=\"https:\/\/www.radiopiu.net\/wordpress\/wp-content\/uploads\/2022\/08\/e9b71059-fd1e-454e-9632-4fb2fab5792d-150x150.jpg\" class=\"attachment-thumbnail size-thumbnail\" alt=\"\" \/><\/a>\n\t\t\t\t<\/dt><\/dl><dl class='gallery-item'>\n\t\t\t\t<dt class='gallery-icon landscape'>\n\t\t\t\t\t<a class=\"rollover rollover-zoom dt-pswp-item\" title=\"71f782df-ae52-4e36-bb96-bfcf8d0b9a04\" data-dt-img-description=\"\" data-large_image_width=\"618\" data-large_image_height=\"390\"href='https:\/\/www.radiopiu.net\/wordpress\/wp-content\/uploads\/2022\/08\/71f782df-ae52-4e36-bb96-bfcf8d0b9a04.jpg'><img loading=\"lazy\" decoding=\"async\" width=\"150\" height=\"150\" src=\"https:\/\/www.radiopiu.net\/wordpress\/wp-content\/uploads\/2022\/08\/71f782df-ae52-4e36-bb96-bfcf8d0b9a04-150x150.jpg\" class=\"attachment-thumbnail size-thumbnail\" alt=\"\" \/><\/a>\n\t\t\t\t<\/dt><\/dl><br style=\"clear: both\" \/><dl class='gallery-item'>\n\t\t\t\t<dt class='gallery-icon landscape'>\n\t\t\t\t\t<a class=\"rollover rollover-zoom dt-pswp-item\" title=\"4634b6ac-a82e-4bf6-93dc-ac4dd7abad42\" data-dt-img-description=\"\" data-large_image_width=\"608\" data-large_image_height=\"371\"href='https:\/\/www.radiopiu.net\/wordpress\/wp-content\/uploads\/2022\/08\/4634b6ac-a82e-4bf6-93dc-ac4dd7abad42.jpg'><img loading=\"lazy\" decoding=\"async\" width=\"150\" height=\"150\" src=\"https:\/\/www.radiopiu.net\/wordpress\/wp-content\/uploads\/2022\/08\/4634b6ac-a82e-4bf6-93dc-ac4dd7abad42-150x150.jpg\" class=\"attachment-thumbnail size-thumbnail\" alt=\"\" \/><\/a>\n\t\t\t\t<\/dt><\/dl><dl class='gallery-item'>\n\t\t\t\t<dt class='gallery-icon landscape'>\n\t\t\t\t\t<a class=\"rollover rollover-zoom dt-pswp-item\" title=\"9d146022-044b-4130-b920-b1bf73fcbef5\" data-dt-img-description=\"\" data-large_image_width=\"608\" data-large_image_height=\"352\"href='https:\/\/www.radiopiu.net\/wordpress\/wp-content\/uploads\/2022\/08\/9d146022-044b-4130-b920-b1bf73fcbef5.jpg'><img loading=\"lazy\" decoding=\"async\" width=\"150\" height=\"150\" src=\"https:\/\/www.radiopiu.net\/wordpress\/wp-content\/uploads\/2022\/08\/9d146022-044b-4130-b920-b1bf73fcbef5-150x150.jpg\" class=\"attachment-thumbnail size-thumbnail\" alt=\"\" \/><\/a>\n\t\t\t\t<\/dt><\/dl><dl class='gallery-item'>\n\t\t\t\t<dt class='gallery-icon landscape'>\n\t\t\t\t\t<a class=\"rollover rollover-zoom dt-pswp-item\" title=\"617f8551-30a1-45b1-9c60-08581bbd6998\" data-dt-img-description=\"\" data-large_image_width=\"612\" data-large_image_height=\"358\"href='https:\/\/www.radiopiu.net\/wordpress\/wp-content\/uploads\/2022\/08\/617f8551-30a1-45b1-9c60-08581bbd6998.jpg'><img loading=\"lazy\" decoding=\"async\" width=\"150\" height=\"150\" src=\"https:\/\/www.radiopiu.net\/wordpress\/wp-content\/uploads\/2022\/08\/617f8551-30a1-45b1-9c60-08581bbd6998-150x150.jpg\" class=\"attachment-thumbnail size-thumbnail\" alt=\"\" \/><\/a>\n\t\t\t\t<\/dt><\/dl><br style=\"clear: both\" \/>\n\t\t\t<\/div>\n\n<p>&nbsp;<\/p>\n<hr \/>\n<p>&nbsp;<\/p>\n<blockquote class=\"wp-embedded-content\" data-secret=\"ABqZeaSXNy\"><p><a href=\"https:\/\/www.radiopiu.net\/wordpress\/parte-5\/\">E SE DIVENTASSI INFERMIERE ANCHE TU? &#8211; pagina in aggiornamento quotidiano<\/a><\/p><\/blockquote>\n<p><iframe loading=\"lazy\" class=\"wp-embedded-content\" sandbox=\"allow-scripts\" security=\"restricted\" style=\"position: absolute; clip: rect(1px, 1px, 1px, 1px);\" title=\"&#8220;E SE DIVENTASSI INFERMIERE ANCHE TU? &#8211; pagina in aggiornamento quotidiano&#8221; &#8212; Radio Pi\u00f9\" src=\"https:\/\/www.radiopiu.net\/wordpress\/parte-5\/embed\/#?secret=FFjfZJvGnX#?secret=ABqZeaSXNy\" data-secret=\"ABqZeaSXNy\" width=\"600\" height=\"338\" frameborder=\"0\" marginwidth=\"0\" marginheight=\"0\" scrolling=\"no\"><\/iframe><\/p>\n<p>&nbsp;<\/p>\n<hr \/>\n<p>&nbsp;<\/p>\n<blockquote>\n<h3><strong>ZANZARE: AL VIA ALCUNI INCONTRI PER LA POPOLAZIONE<\/strong><\/h3>\n<\/blockquote>\n<p><strong>BELLUNO <\/strong>La zanzara non \u00e8 solo un insetto fastidioso, la puntura di zanzara pu\u00f2 diventare talvolta un pericolo per la trasmissione di alcune malattie virali. L\u2019Ulss Dolomiti ha attivato un ciclo di incontri per sensibilizzare i cittadini sulle misure preventive da poter adottare per ridurre la proliferazione delle zanzare e sulle malattie virali che possono essere trasmesse dalle punture di questi insetti. In Italia, le malattie virali trasmesse dalla puntura di zanzare sono: West Nile, Chikungunya, Dengue, Zika. Secondo incontro <span style=\"color: #ff0000;\">GIOVEDI 18 AGOSTO AD AGORDO ALLE 17.30 IN SALA DELLA BIBLIOTECA<\/span>\u00a0 e venerd\u00ec 26 agosto ad Arsi\u00e8, ai quali si aggiungeranno ulteriori incontri. Seguiranno i dettagli per i prossimi appuntamenti.<\/p>\n<p>&nbsp;<\/p>\n<p>&nbsp;<\/p>\n<hr \/>\n<p>&nbsp;<\/p>\n<blockquote>\n<h3>RAFFORZAMENTO DELLE MISURE DI PREVENZIONE CONTRO WEST NILE<\/h3>\n<\/blockquote>\n<p><strong><a class=\"dt-pswp-item\" href=\"https:\/\/www.radiopiu.net\/wordpress\/wp-content\/uploads\/2018\/08\/zanzara.jpg\" data-dt-img-description=\"\" data-large_image_width=\"1280\" data-large_image_height=\"851\"><img loading=\"lazy\" decoding=\"async\" class=\"size-thumbnail wp-image-58981 alignleft\" src=\"https:\/\/www.radiopiu.net\/wordpress\/wp-content\/uploads\/2018\/08\/zanzara-150x150.jpg\" alt=\"\" width=\"150\" height=\"150\" \/><\/a>BELLUNO<\/strong> In quest&#8217;estate 2022 si sta verificando un contesto favorevole alla circolazione del West Nile Virus, trasmesso all&#8217;uomo con la puntura di zanzare infette e causa della cosiddetta febbre del Nilo occidentale, benche\u0301 il territorio della provincia di Belluno sia classificato come &#8220;zona di non circolazione virale WNV&#8221;, con assenza di casi umani- animali o di positivita\u0300 nei piani di monitoraggio. Le zanzare responsabili della trasmissione appartengono al genere Culex, tra cui la zanzara comune Culex pipiens, che frequenta luoghi caldi e umidi, e\u0300 attiva dal crepuscolo all&#8217;alba, ama l\u2019acqua stagnante ricca di sostanze organiche e invade le abitazioni. Per quanto riguarda l&#8217;eliminazione delle condizioni favorevoli allo sviluppo delle larve, il Sindaco ha firmato un&#8217;ordinanza, la numero 263 dell&#8217;8 agosto, che richiama l&#8217;attenzione su alcuni comportamenti da adottare contro il formarsi di focolai di zanzare, rivolta a tutta la cittadinanza e ad alcune categorie in particolare. L&#8217;ordinanza sara\u0300 in vigore fino al 31 ottobre 2022.<\/p>\n<p>&nbsp;<\/p>\n<p>&nbsp;<\/p>\n<hr \/>\n<p>&nbsp;<\/p>\n<blockquote>\n<h3>IL SINDACO DI BELLUNO INCONTRA I CITTADINI SENZA APPUNTAMENTO<\/h3>\n<\/blockquote>\n<p><strong>BELLUNO<\/strong> Prendono il via questa settimana gli incontri senza appuntamento con il sindaco Oscar De Pellegrin. Dal suo insediamento a Palazzo Rosso ad oggi De Pellegrin ha incontrato decine di persone, tra istituzioni, associazioni, gruppi di cittadini e di giovani, ha preso contatti con la citt\u00e0 e creato legami.<\/p>\n<p><strong>IL SINDACO DI BELLUNO OSCAR DE PELLEGRIN<\/strong><\/p>\n<div style=\"width: 848px;\" class=\"wp-video\"><video class=\"wp-video-shortcode\" id=\"video-291680-2\" width=\"848\" height=\"480\" preload=\"metadata\" controls=\"controls\"><source type=\"video\/mp4\" src=\"https:\/\/www.radiopiu.net\/wordpress\/wp-content\/uploads\/2022\/08\/Incontro-sindaco-cittadini.mp4?_=2\" \/><a href=\"https:\/\/www.radiopiu.net\/wordpress\/wp-content\/uploads\/2022\/08\/Incontro-sindaco-cittadini.mp4\">https:\/\/www.radiopiu.net\/wordpress\/wp-content\/uploads\/2022\/08\/Incontro-sindaco-cittadini.mp4<\/a><\/video><\/div>\n<p>&nbsp;<\/p>\n<p>&nbsp;<\/p>\n<hr \/>\n<p>&nbsp;<\/p>\n<blockquote>\n<h3>IL COMUNE DI BELLUNO ALLA RICERCA DI UN ISTRUTTORE DIRETTIVO TECNICO<\/h3>\n<\/blockquote>\n<p><strong>BELLUNO<\/strong> Il Comune di Belluno ha indetto un concorso pubblico, per esami, per l&#8217;assunzione a tempo indeterminato e pieno di un istruttore direttivo tecnico categoria D ccnl Funzioni Locali per l&#8217;area Sportello Unico Edilizia &#8211; Sportello Unico Attivita\u0300 Produttive &#8211; Attivita\u0300 economiche. I requisiti specifici e le modalita\u0300 per partecipare al concorso, cosi\u0300 come le materie d&#8217;esame, sono indicati nel bando di concorso pubblicato nel sito Internet istituzionale del Comune di Belluno, all\u2019indirizzo www.comune.belluno.it, sezione \u201cBandi di concorso\u201d in home page. La domanda dovra\u0300 perentoriamente pervenire al protocollo del Comune entro il giorno 23 settembre 2022.<\/p>\n<p>&nbsp;<\/p>\n<p>&nbsp;<\/p>\n<hr \/>\n<p>&nbsp;<\/p>\n<div class=\"page\" title=\"Page 1\">\n<div class=\"layoutArea\">\n<div class=\"column\">\n<blockquote>\n<h3>VENEZIA E FELTRE INSIEME PER LA VALORIZZAZIONE TURISTICA DEL FELTRINO<\/h3>\n<\/blockquote>\n<p><strong><a class=\"dt-pswp-item\" href=\"https:\/\/www.radiopiu.net\/wordpress\/wp-content\/uploads\/2022\/08\/PXL_20220807_133929575_Venturini-e-Zatta-scaled.jpg\" data-dt-img-description=\"\" data-large_image_width=\"2560\" data-large_image_height=\"1920\"><img loading=\"lazy\" decoding=\"async\" class=\"size-thumbnail wp-image-291702 alignleft\" src=\"https:\/\/www.radiopiu.net\/wordpress\/wp-content\/uploads\/2022\/08\/PXL_20220807_133929575_Venturini-e-Zatta-150x150.jpg\" alt=\"\" width=\"150\" height=\"150\" \/><\/a>FELTRE<\/strong> Feltre e Venezia lavoreranno insieme per la realizzazione di nuovi progetti di valorizzazione turistica del feltrino. Lo ha annunciato ieri l&#8217;Assessore al Turismo del capoluogo regionale Simone Venturini, ospite a Feltre del suo collega Maurizio Zatta. \u201c<em>L&#8217;occasione \u2013 spiega l&#8217;Assessore al Turismo di Feltre Zatta \u2013 e\u0300 stata il Palio, che ha permesso a Venturini di toccare con mano quanto ancora in citta\u0300 sia viva la memoria del legame con la Serenissima. Prima di arrivare a Pra&#8217; del Moro, dove abbiamo assistito alle gare e alle premiazioni, ho accompagnato l&#8217;amico Simone a visitare alcune delle bellezze di Feltre come la Galleria Rizzarda e il Museo Diocesano. Soprattutto abbiamo posto le basi per una collaborazione importante su cui abbiamo iniziato a lavorare e il cui obiettivo e\u0300 incrementare il flusso turistico verso il feltrino. <\/em><em>Venezia \u2013 conclude Zatta &#8211; e\u0300 il patrimonio d&#8217;arte cultura e storia che il mondo ci invidia. Ma per comprendere appieno cosa fu la Serenissima bisogna guardare a cio\u0300 che fece in terraferma. E per capire questo Feltre, per il turista, puo\u0300 essere una splendida opportunita\u0300<\/em>\u201d.<\/p>\n<p>&nbsp;<\/p>\n<p>&nbsp;<\/p>\n<hr \/>\n<p>&nbsp;<\/p>\n<\/div>\n<\/div>\n<\/div>\n<blockquote>\n<h3>IL PREMIO BELLUNESI NEL MONDO IN MEMORIA DI HENRIQUE PEDRO NESELLO<\/h3>\n<\/blockquote>\n<p><strong><a class=\"dt-pswp-item\" href=\"https:\/\/www.radiopiu.net\/wordpress\/wp-content\/uploads\/2022\/08\/ABM_Nesello-family.jpg\" data-dt-img-description=\"\" data-large_image_width=\"1500\" data-large_image_height=\"1000\"><img loading=\"lazy\" decoding=\"async\" class=\"alignleft wp-image-291695 \" src=\"https:\/\/www.radiopiu.net\/wordpress\/wp-content\/uploads\/2022\/08\/ABM_Nesello-family-300x200.jpg\" alt=\"\" width=\"164\" height=\"109\" srcset=\"https:\/\/www.radiopiu.net\/wordpress\/wp-content\/uploads\/2022\/08\/ABM_Nesello-family-300x200.jpg 300w, https:\/\/www.radiopiu.net\/wordpress\/wp-content\/uploads\/2022\/08\/ABM_Nesello-family-1024x683.jpg 1024w, https:\/\/www.radiopiu.net\/wordpress\/wp-content\/uploads\/2022\/08\/ABM_Nesello-family-768x512.jpg 768w, https:\/\/www.radiopiu.net\/wordpress\/wp-content\/uploads\/2022\/08\/ABM_Nesello-family.jpg 1500w\" sizes=\"auto, (max-width: 164px) 100vw, 164px\" \/><\/a>BELLUNO<\/strong> Domenica nella chiesa di San Gregorio nelle Alpi dopo la santa messa officiata dal parroco don Anselmo Recchia si \u00e8 tenuta la cerimonia di consegna del premio \u201cBellunesi che hanno onorato la provincia di Belluno in Italia e nel mondo\u201d alla memoria di Henrique Pedro Nesello di Marcelino Ramos (Stato del Rio Grande do Sul, Brasile), deceduto due anni fa. La consegna del premio \u00e8 stata fatta dal sindaco di San Gregorio nelle Alpi Nicola Vieceli. Per conto della Provincia \u00e8 intervenuto il consigliere provinciale nonch\u00e9 sindaco di Sospirolo Mario De Bon e per il Rotary Club di Belluno e per l&#8217;Associazione Bellunesi ha portato i saluti Angelo Paganin, membro dei consigli direttivi di entrambe le due organizzazioni. Presenti anche i presidenti dell&#8217;Associazione Flores da Cunha Gabriele Galletti e della Famiglia ex emigranti Monte Pizzocco Marco Perot, oltre che Giancarlo Scopel gi\u00e0 presidente del Comitato dei Gemellaggi di Feltre.<\/p>\n<p>&nbsp;<\/p>\n<p>&nbsp;<\/p>\n<hr \/>\n<p>&nbsp;<\/p>\n<blockquote>\n<h3>DALLA TOSCANA ALLA VALLE DEL BIOIS PER RINCORRERE LA PASSIONE DELLO SCI<\/h3>\n<\/blockquote>\n<p><strong>VALLADA<\/strong> Come ogni lunedi Gianni Santomaso dalle pagine del Corriere delle Alpi racconta una storia, un personaggio, un pezzo di vita dell\u2019Agordino \u201cVivere l\u2019Agordino\u201d una raccolta spaccato di vita agordina con le immancabili vignette di Erica Andrich<\/p>\n<p><strong>di Gianni Santomaso<\/strong><\/p>\n<audio class=\"wp-audio-shortcode\" id=\"audio-291680-4\" preload=\"none\" style=\"width: 100%;\" controls=\"controls\"><source type=\"audio\/mpeg\" src=\"https:\/\/www.radiopiu.net\/wordpress\/wp-content\/uploads\/2022\/08\/GIANNI-SPECIALE-AGORDINO-RUBINA-FORESI.mp3?_=4\" \/><a href=\"https:\/\/www.radiopiu.net\/wordpress\/wp-content\/uploads\/2022\/08\/GIANNI-SPECIALE-AGORDINO-RUBINA-FORESI.mp3\">https:\/\/www.radiopiu.net\/wordpress\/wp-content\/uploads\/2022\/08\/GIANNI-SPECIALE-AGORDINO-RUBINA-FORESI.mp3<\/a><\/audio>\n<p>&nbsp;<\/p>\n\n\t\t\t<style type='text\/css'>\n\t\t\t\t#gallery-4 {\n\t\t\t\t\tmargin: auto;\n\t\t\t\t}\n\t\t\t\t#gallery-4 .gallery-item {\n\t\t\t\t\tfloat: left;\n\t\t\t\t\tmargin-top: 10px;\n\t\t\t\t\ttext-align: center;\n\t\t\t\t\twidth: 50%;\n\t\t\t\t}\n\t\t\t\t#gallery-4 img {\n\t\t\t\t\tborder: 2px solid #cfcfcf;\n\t\t\t\t}\n\t\t\t\t#gallery-4 .gallery-caption {\n\t\t\t\t\tmargin-left: 0;\n\t\t\t\t}\n\t\t\t\t\/* see gallery_shortcode() in wp-includes\/media.php *\/\n\t\t\t<\/style>\n\t\t<div id='gallery-4' class='dt-gallery-container gallery galleryid-291680 gallery-columns-2 gallery-size-thumbnail'><dl class='gallery-item'>\n\t\t\t\t<dt class='gallery-icon landscape'>\n\t\t\t\t\t<a class=\"rollover rollover-zoom dt-pswp-item\" title=\"f46c93f8-042d-4d03-bed9-48083ca217bd\" data-dt-img-description=\"\" data-large_image_width=\"1600\" data-large_image_height=\"901\"href='https:\/\/www.radiopiu.net\/wordpress\/wp-content\/uploads\/2022\/08\/f46c93f8-042d-4d03-bed9-48083ca217bd.jpg'><img loading=\"lazy\" decoding=\"async\" width=\"150\" height=\"150\" src=\"https:\/\/www.radiopiu.net\/wordpress\/wp-content\/uploads\/2022\/08\/f46c93f8-042d-4d03-bed9-48083ca217bd-150x150.jpg\" class=\"attachment-thumbnail size-thumbnail\" alt=\"\" \/><\/a>\n\t\t\t\t<\/dt><\/dl><dl class='gallery-item'>\n\t\t\t\t<dt class='gallery-icon landscape'>\n\t\t\t\t\t<a class=\"rollover rollover-zoom dt-pswp-item\" title=\"0\" data-dt-img-description=\"\" data-large_image_width=\"1899\" data-large_image_height=\"1810\"href='https:\/\/www.radiopiu.net\/wordpress\/wp-content\/uploads\/2022\/08\/0.png'><img loading=\"lazy\" decoding=\"async\" width=\"150\" height=\"150\" src=\"https:\/\/www.radiopiu.net\/wordpress\/wp-content\/uploads\/2022\/08\/0-150x150.png\" class=\"attachment-thumbnail size-thumbnail\" alt=\"\" \/><\/a>\n\t\t\t\t<\/dt><\/dl><br style=\"clear: both\" \/>\n\t\t\t<\/div>\n\n<p>&nbsp;<\/p>\n<p>&nbsp;<\/p>\n<hr \/>\n<p>&nbsp;<\/p>\n<blockquote>\n<h3>CHIUSO IL SENTIERO SPERTI<\/h3>\n<\/blockquote>\n<p><strong>BELLUNO<\/strong> In seguito a rilievi tecnici, l&#8217;Unione Montana Bellunese \u201cBelluno-Ponte nelle Alpi\u201d ha comunicato la stato di pericolosita\u0300 del sentiero attrezzato \u201cSperti\u201d, ferrata del gruppo dello Schiara. Si rende pertanto necessaria la chiusura con interdizione totale a qualsiasi percorribilita\u0300 dello stesso sentiero attrezzato \u201cSperti\u201d,\u00a0 fino alla completa eliminazione delle cause di pericolo.<\/p>\n<p>&nbsp;<\/p>\n<p>&nbsp;<\/p>\n<hr \/>\n<p>&nbsp;<\/p>\n<blockquote>\n<h3>FINO AL 28 AGOSTO A PIEVE D&#8217;ALPAGO L&#8217;ARTE E LA NATURA SONO PROTAGONISTE CON IL GIRO DEL LAGO<\/h3>\n<\/blockquote>\n<p><strong>ALPAGO<\/strong> <span style=\"font-family: verdana,sans-serif;\">S<\/span>i \u00e8 svolta domenica, al palazzo municipale di Pieve d\u2019Alpago, la presentazione, a cura del giornalista Giovanni Viel, della collettiva d\u2019arte proposta dal Comitato Alpago 2 Ruote&amp;Solidariet\u00e0 in collaborazione con il Comune di Alpago e le Biblioteche Bellunesi. Ad esporre, fino al 28 agosto, sono tre artisti: Aldo Tollot, con una mostra fotografica dedicata al lago di Santa Croce, Ernesto Da Sois, con una esposizione di biciclette artigianali con telaio in legno, e Lisa Bertollo. Quest\u2019ultima \u00e8 l\u2019autrice del disegno della maglietta 2022: ogni anno, infatti, ogni iscritto al Giro del Lago, evento sportivo che ha come obiettivo la raccolta fondi per due associazioni che si occupano di assistenza ai malati (la Cucchini di Belluno e la Via di Natale di Aviano) e che quest\u2019anno si svolger\u00e0 domenica 21 agosto, riceve una maglietta sulla quale campeggia un disegno realizzato da un artista. La mostra sar\u00e0 aperta dal luned\u00ec al sabato, dalle 9 alle 12. Chiusa domenica e festivi.<\/p>\n\n\t\t\t<style type='text\/css'>\n\t\t\t\t#gallery-5 {\n\t\t\t\t\tmargin: auto;\n\t\t\t\t}\n\t\t\t\t#gallery-5 .gallery-item {\n\t\t\t\t\tfloat: left;\n\t\t\t\t\tmargin-top: 10px;\n\t\t\t\t\ttext-align: center;\n\t\t\t\t\twidth: 25%;\n\t\t\t\t}\n\t\t\t\t#gallery-5 img {\n\t\t\t\t\tborder: 2px solid #cfcfcf;\n\t\t\t\t}\n\t\t\t\t#gallery-5 .gallery-caption {\n\t\t\t\t\tmargin-left: 0;\n\t\t\t\t}\n\t\t\t\t\/* see gallery_shortcode() in wp-includes\/media.php *\/\n\t\t\t<\/style>\n\t\t<div id='gallery-5' class='dt-gallery-container gallery galleryid-291680 gallery-columns-4 gallery-size-thumbnail'><dl class='gallery-item'>\n\t\t\t\t<dt class='gallery-icon landscape'>\n\t\t\t\t\t<a class=\"rollover rollover-zoom dt-pswp-item\" title=\"\u00a9Echialessandrosogne\" data-dt-img-description=\"\" data-large_image_width=\"2500\" data-large_image_height=\"1667\"href='https:\/\/www.radiopiu.net\/wordpress\/wp-content\/uploads\/2022\/08\/\u00a9Echialessandrosogne.jpg'><img loading=\"lazy\" decoding=\"async\" width=\"150\" height=\"150\" src=\"https:\/\/www.radiopiu.net\/wordpress\/wp-content\/uploads\/2022\/08\/\u00a9Echialessandrosogne-150x150.jpg\" class=\"attachment-thumbnail size-thumbnail\" alt=\"\" \/><\/a>\n\t\t\t\t<\/dt><\/dl><dl class='gallery-item'>\n\t\t\t\t<dt class='gallery-icon landscape'>\n\t\t\t\t\t<a class=\"rollover rollover-zoom dt-pswp-item\" title=\"\u00a9Echialessandrosogne-18\" data-dt-img-description=\"\" data-large_image_width=\"2500\" data-large_image_height=\"1667\"href='https:\/\/www.radiopiu.net\/wordpress\/wp-content\/uploads\/2022\/08\/\u00a9Echialessandrosogne-18.jpg'><img loading=\"lazy\" decoding=\"async\" width=\"150\" height=\"150\" src=\"https:\/\/www.radiopiu.net\/wordpress\/wp-content\/uploads\/2022\/08\/\u00a9Echialessandrosogne-18-150x150.jpg\" class=\"attachment-thumbnail size-thumbnail\" alt=\"\" \/><\/a>\n\t\t\t\t<\/dt><\/dl><dl class='gallery-item'>\n\t\t\t\t<dt class='gallery-icon landscape'>\n\t\t\t\t\t<a class=\"rollover rollover-zoom dt-pswp-item\" title=\"\u00a9Echialessandrosogne-10\" data-dt-img-description=\"\" data-large_image_width=\"2500\" data-large_image_height=\"1667\"href='https:\/\/www.radiopiu.net\/wordpress\/wp-content\/uploads\/2022\/08\/\u00a9Echialessandrosogne-10.jpg'><img loading=\"lazy\" decoding=\"async\" width=\"150\" height=\"150\" src=\"https:\/\/www.radiopiu.net\/wordpress\/wp-content\/uploads\/2022\/08\/\u00a9Echialessandrosogne-10-150x150.jpg\" class=\"attachment-thumbnail size-thumbnail\" alt=\"\" \/><\/a>\n\t\t\t\t<\/dt><\/dl><dl class='gallery-item'>\n\t\t\t\t<dt class='gallery-icon landscape'>\n\t\t\t\t\t<a class=\"rollover rollover-zoom dt-pswp-item\" title=\"\u00a9Echialessandrosogne-7\" data-dt-img-description=\"\" data-large_image_width=\"2500\" data-large_image_height=\"1667\"href='https:\/\/www.radiopiu.net\/wordpress\/wp-content\/uploads\/2022\/08\/\u00a9Echialessandrosogne-7.jpg'><img loading=\"lazy\" decoding=\"async\" width=\"150\" height=\"150\" src=\"https:\/\/www.radiopiu.net\/wordpress\/wp-content\/uploads\/2022\/08\/\u00a9Echialessandrosogne-7-150x150.jpg\" class=\"attachment-thumbnail size-thumbnail\" alt=\"\" \/><\/a>\n\t\t\t\t<\/dt><\/dl><br style=\"clear: both\" \/>\n\t\t\t<\/div>\n\n<p><strong>LE INTERVISTE<\/strong><\/p>\n<div style=\"width: 1200px;\" class=\"wp-video\"><video class=\"wp-video-shortcode\" id=\"video-291680-3\" width=\"1200\" height=\"675\" preload=\"metadata\" controls=\"controls\"><source type=\"video\/mp4\" src=\"https:\/\/www.radiopiu.net\/wordpress\/wp-content\/uploads\/2022\/08\/INTREVISTE-MOSTRA-GIRO-DEL-LAGO-2022.mp4?_=3\" \/><a href=\"https:\/\/www.radiopiu.net\/wordpress\/wp-content\/uploads\/2022\/08\/INTREVISTE-MOSTRA-GIRO-DEL-LAGO-2022.mp4\">https:\/\/www.radiopiu.net\/wordpress\/wp-content\/uploads\/2022\/08\/INTREVISTE-MOSTRA-GIRO-DEL-LAGO-2022.mp4<\/a><\/video><\/div>\n<p>&nbsp;<\/p>\n<hr \/>\n<p>&nbsp;<\/p>\n<blockquote>\n<h3 class=\"entry-title\">L\u201911 AGOSTO AD ALLEGHE IL CONCERTO DEI MATIA BAZAR<\/h3>\n<\/blockquote>\n<p><strong><img loading=\"lazy\" decoding=\"async\" class=\"alignleft\" src=\"https:\/\/www.radiopiu.net\/wordpress\/wp-content\/uploads\/2022\/08\/Matia-Bazar-nuovo-singolo.jpg\" width=\"167\" height=\"94\" \/>ALLEGHE<\/strong>\u00a0Nell\u2019ambito del tour estivo Casa Sanremo, il truck allestito dal gruppo eventi collegato al Festival della canzone italiana si fermer\u00e0 in alcune piazze del bellunese: il 9 a Mel con ospite Francesco Baccini, l\u201911 agosto ad Alleghe, dove \u00e8 attesa l\u2019esibizione dei Matia Bazar con la collaborazione del Consorzio Operatori Turistici di Alleghe e Caprile, dalle 18 al piazzale dello Stadio show cooking ed a seguire il concerto. Il 13 a Cortina sul palco Gianluca Grignani.\u00a0<em>\u00abCi sono diversi modi di promuovere le specificit\u00e0 del nostro territorio. Dobbiamo puntare sulla spettacolarit\u00e0 delle Dolomiti bellunesi. Per questo abbiamo pensato di proporre alcune serate di spettacolo nello spettacolo di alcune piazze bellunesi \u2013 sottolinea il consigliere provinciale delegato al turismo, Danilo De Toni- Idealmente le tre localit\u00e0 toccate da questi spettacoli abbracciano tutte le piazze della provincia, con l\u2019obiettivo di far apprezzare ai turisti ma anche ai locali la qualit\u00e0 del vivere nel Bellunese, dove non \u00e8 vero che non ci sono mai occasioni di svago e divertimento\u00bb.<\/em><\/p>\n<p><strong>il sindaco di Alleghe, Danilo De Toni\u00a0<\/strong><\/p>\n<audio class=\"wp-audio-shortcode\" id=\"audio-291680-5\" preload=\"none\" style=\"width: 100%;\" controls=\"controls\"><source type=\"audio\/mpeg\" src=\"https:\/\/www.radiopiu.net\/wordpress\/wp-content\/uploads\/2022\/08\/DANILO-DE-TOI-MATIA.mp3?_=5\" \/><a href=\"https:\/\/www.radiopiu.net\/wordpress\/wp-content\/uploads\/2022\/08\/DANILO-DE-TOI-MATIA.mp3\">https:\/\/www.radiopiu.net\/wordpress\/wp-content\/uploads\/2022\/08\/DANILO-DE-TOI-MATIA.mp3<\/a><\/audio>\n<p>&nbsp;<\/p>\n<hr \/>\n<p>&nbsp;<\/p>\n<blockquote>\n<h3>CONSIGLIO COMUNALE DI ROCCA PIETORE IN DUE PUNTI ALL&#8217;ORDINE DEL GIORNO<\/h3>\n<\/blockquote>\n<p><strong>ROCCA PIETORE<\/strong> Il sindaco di Rocca Pietore Andrea De Bernardin ha convocato il consiglio comunale per oggi alle 19. Solo due punti da discutere. Argomento principale l&#8217;assestamento generale di bilancio e salvaguardia degli equilibri per l&#8217;esercizio 2022<\/p>\n<p>&nbsp;<\/p>\n<p>&nbsp;<\/p>\n<hr \/>\n<p>&nbsp;<\/p>\n<blockquote>\n<h3>CONCERTO D&#8217;ORGANO IN ONORE DI PAPA LUCIANI<\/h3>\n<\/blockquote>\n<p><strong>CANALE D&#8217;AGORDO<\/strong> Domani <span style=\"color: #000000;\"><span style=\"font-family: Arial, sans-serif;\"><span style=\"font-size: small;\"><span lang=\"it-IT\">alle <\/span><\/span><\/span><\/span><span style=\"color: #000000;\"><span style=\"font-family: Arial, sans-serif;\"><span style=\"font-size: small;\"><span lang=\"it-IT\">21<\/span><\/span><\/span><\/span><span style=\"color: #000000;\"><span style=\"font-family: Arial, sans-serif;\"><span style=\"font-size: small;\"><span lang=\"it-IT\">, presso la <\/span><\/span><\/span><\/span><span style=\"color: #000000;\"><span style=\"font-family: Arial, sans-serif;\"><span style=\"font-size: small;\"><span lang=\"it-IT\">chiesa arcipretale di Canale d&#8217;Agordo (Belluno)<\/span><\/span><\/span><\/span><span style=\"color: #000000;\"><span style=\"font-family: Arial, sans-serif;\"><span style=\"font-size: small;\"><span lang=\"it-IT\"> si terr\u00e0 il <\/span><\/span><\/span><\/span><span style=\"color: #000000;\"><span style=\"font-family: Arial, sans-serif;\"><span style=\"font-size: small;\"><span lang=\"it-IT\">concerto d&#8217;organo, tromba e soprano del \u201cVenice Trio\u201d in onore di papa Luciani<\/span><\/span><\/span><\/span><span style=\"color: #000000;\"><span style=\"font-family: Arial, sans-serif;\"><span style=\"font-size: small;\"><span lang=\"it-IT\">. Il concerto \u00e8 realizzato in collaborazione con l&#8217;<\/span><\/span><\/span><\/span><span style=\"color: #000000;\"><span style=\"font-family: Arial, sans-serif;\"><span style=\"font-size: small;\"><span lang=\"it-IT\">Associazione Amici della Musica<\/span><\/span><\/span><\/span><span style=\"color: #000000;\"><span style=\"font-family: Arial, sans-serif;\"><span style=\"font-size: small;\"><span lang=\"it-IT\">.<\/span><\/span><\/span><\/span><\/p>\n<p>&nbsp;<\/p>\n<p>&nbsp;<\/p>\n<hr \/>\n<p>&nbsp;<\/p>\n<blockquote>\n<h2><a class=\"dt-pswp-item\" href=\"https:\/\/www.radiopiu.net\/wordpress\/wp-content\/uploads\/2022\/08\/aaa-7.jpg\" data-dt-img-description=\"\" data-large_image_width=\"553\" data-large_image_height=\"181\"><img loading=\"lazy\" decoding=\"async\" class=\"wp-image-291465 size-medium alignleft\" src=\"https:\/\/www.radiopiu.net\/wordpress\/wp-content\/uploads\/2022\/08\/aaa-7-300x98.jpg\" alt=\"\" width=\"300\" height=\"98\" srcset=\"https:\/\/www.radiopiu.net\/wordpress\/wp-content\/uploads\/2022\/08\/aaa-7-300x98.jpg 300w, https:\/\/www.radiopiu.net\/wordpress\/wp-content\/uploads\/2022\/08\/aaa-7.jpg 553w\" sizes=\"auto, (max-width: 300px) 100vw, 300px\" \/><\/a>MUSICA LIVE ESTATE 22&#8230;E CHE MUSICA!<\/h2>\n<\/blockquote>\n<p>IN PIAZZA A CANALE D&#8217;AGORDO, TRE APPUNTAMENTI PER RENDERE PIU&#8217; FRIZZANTE LA TUA ESTATE.<br \/>\nvenerdi 12 agosto dalle 21 MAGAZZINO COMMERCIALE, LA PIU&#8217; BELLA BUSICA DANCE DEGLI ANNI 90, DA ASCOLTARE, DA BALLARE. sabato 20 agosto dalle 21, THE JB BAND I grandi successi dei Blues Brothers insieme a brani culto degli anni 60-70-80. GRAN FINALE SABATO 27 AGOSTO alle 21 con lo spettacolo dei TIRATAIE, perch\u00e9 sulla loro piazza sanno dare sempre il meglio.\u00a0 CANALE D&#8217;AGORDO, ESTATE 22 IN PIAZZA&#8230; VI TENIAMO D&#8217;OCCHIO&#8230; PARDON D&#8217;ORECCHIO.<\/p>\n<p><strong><span style=\"color: #ff0000;\">ALLA RADIO, THE VOICE MORENO TOCCHETTO<\/span><\/strong><\/p>\n<audio class=\"wp-audio-shortcode\" id=\"audio-291680-6\" preload=\"none\" style=\"width: 100%;\" controls=\"controls\"><source type=\"audio\/mpeg\" src=\"https:\/\/www.radiopiu.net\/wordpress\/wp-content\/uploads\/2022\/08\/MUSICA-CANALE-LUGLIO-22.mp3?_=6\" \/><a href=\"https:\/\/www.radiopiu.net\/wordpress\/wp-content\/uploads\/2022\/08\/MUSICA-CANALE-LUGLIO-22.mp3\">https:\/\/www.radiopiu.net\/wordpress\/wp-content\/uploads\/2022\/08\/MUSICA-CANALE-LUGLIO-22.mp3<\/a><\/audio>\n<p>&nbsp;<\/p>\n<p>&nbsp;<\/p>\n<hr \/>\n<p>&nbsp;<\/p>\n<blockquote>\n<h3>QUATTRO USCITE ORGANIZZATE DAL GAMP<\/h3>\n<\/blockquote>\n<p><strong><a class=\"dt-pswp-item\" href=\"https:\/\/www.radiopiu.net\/wordpress\/wp-content\/uploads\/2022\/05\/closeup-of-a-colourful-mineral-stone-under-the-lights-isolated-on-a-white-background.jpg\" data-dt-img-description=\"\" data-large_image_width=\"1000\" data-large_image_height=\"667\"><img loading=\"lazy\" decoding=\"async\" class=\"size-thumbnail wp-image-274690 alignleft\" src=\"https:\/\/www.radiopiu.net\/wordpress\/wp-content\/uploads\/2022\/05\/closeup-of-a-colourful-mineral-stone-under-the-lights-isolated-on-a-white-background-150x150.jpg\" alt=\"\" width=\"150\" height=\"150\" \/><\/a>AGORDO<\/strong><\/p>\n<p>di Gianni Santomaso<\/p>\n<audio class=\"wp-audio-shortcode\" id=\"audio-291680-7\" preload=\"none\" style=\"width: 100%;\" controls=\"controls\"><source type=\"audio\/mpeg\" src=\"https:\/\/www.radiopiu.net\/wordpress\/wp-content\/uploads\/2022\/07\/GIANNI-ESCURSIONI-GAMP.mp3?_=7\" \/><a href=\"https:\/\/www.radiopiu.net\/wordpress\/wp-content\/uploads\/2022\/07\/GIANNI-ESCURSIONI-GAMP.mp3\">https:\/\/www.radiopiu.net\/wordpress\/wp-content\/uploads\/2022\/07\/GIANNI-ESCURSIONI-GAMP.mp3<\/a><\/audio>\n<p>&nbsp;<\/p>\n<hr \/>\n<p>&nbsp;<\/p>\n<blockquote>\n<h3>IL GIRO DEL LAGO DI ALLEGHE<\/h3>\n<\/blockquote>\n<p><strong>ALLEGHE<\/strong> Torna il Giro del Lago di Alleghe in notturna: marcia non competitiva di 5,3 chilometri arrivata alla 42\u00aa edizione. Domenica 14 agosto da Masare&#8217; di Alleghe con l&#8217;Associazione Alpini, ANA Alleghe. Alle 12 apre il tendone con i piatti tipici, alle 21 il via alla competizione. Iscrizioni presso la sede gli alpini a Masare&#8217; entro le 20,45, oppure all&#8217;ufficio turistico, per tutti maglietta ricordo.<\/p>\n<p>&nbsp;<\/p>\n<p>&nbsp;<\/p>\n<hr \/>\n<p>&nbsp;<\/p>\n<blockquote>\n<h3>LA MADONA DE LA FORZELA CON GLI ALPINI DI SAN TOMASO<\/h3>\n<\/blockquote>\n<p><strong>SAN TOMASO<\/strong> \u00c8 in programma per sabato 13 agosto &#8220;La Madona De La Forzela&#8221; con gli alpini di San Tomaso. Alle 10 il ritrovo presso la forcella di San Tomaso, alle 10:45 l&#8217;alzabandiera e a seguire la santa messa. Alle 12:30 il ristoro. Il ricavato della giornata sar\u00e0 devoluto al Gruppo Alpini di San Tomaso e alla Protezione Civile di San Tomaso. In caso di maltempo la manifestazione sar\u00e0 rinviata a data da destinarsi.<\/p>\n<p><span style=\"color: #ff0000;\">ECCO IL NUOVO CAMPANILE PER LA CHIESETTA CHE SARA&#8217; INAUGURATO IL 13 AGOSTO\u00a0<\/span><\/p>\n\n\t\t\t<style type='text\/css'>\n\t\t\t\t#gallery-6 {\n\t\t\t\t\tmargin: auto;\n\t\t\t\t}\n\t\t\t\t#gallery-6 .gallery-item {\n\t\t\t\t\tfloat: left;\n\t\t\t\t\tmargin-top: 10px;\n\t\t\t\t\ttext-align: center;\n\t\t\t\t\twidth: 33%;\n\t\t\t\t}\n\t\t\t\t#gallery-6 img {\n\t\t\t\t\tborder: 2px solid #cfcfcf;\n\t\t\t\t}\n\t\t\t\t#gallery-6 .gallery-caption {\n\t\t\t\t\tmargin-left: 0;\n\t\t\t\t}\n\t\t\t\t\/* see gallery_shortcode() in wp-includes\/media.php *\/\n\t\t\t<\/style>\n\t\t<div id='gallery-6' class='dt-gallery-container gallery galleryid-291680 gallery-columns-3 gallery-size-thumbnail'><dl class='gallery-item'>\n\t\t\t\t<dt class='gallery-icon portrait'>\n\t\t\t\t\t<a class=\"rollover rollover-zoom dt-pswp-item\" title=\"da0b3418-e26e-4306-b9f9-796dc1947f5e\" data-dt-img-description=\"\" data-large_image_width=\"1200\" data-large_image_height=\"1600\"href='https:\/\/www.radiopiu.net\/wordpress\/wp-content\/uploads\/2022\/08\/da0b3418-e26e-4306-b9f9-796dc1947f5e.jpg'><img loading=\"lazy\" decoding=\"async\" width=\"150\" height=\"150\" src=\"https:\/\/www.radiopiu.net\/wordpress\/wp-content\/uploads\/2022\/08\/da0b3418-e26e-4306-b9f9-796dc1947f5e-150x150.jpg\" class=\"attachment-thumbnail size-thumbnail\" alt=\"\" \/><\/a>\n\t\t\t\t<\/dt><\/dl><dl class='gallery-item'>\n\t\t\t\t<dt class='gallery-icon portrait'>\n\t\t\t\t\t<a class=\"rollover rollover-zoom dt-pswp-item\" title=\"715b2737-a10b-4156-b76b-3cd0b493e79f\" data-dt-img-description=\"\" data-large_image_width=\"1200\" data-large_image_height=\"1600\"href='https:\/\/www.radiopiu.net\/wordpress\/wp-content\/uploads\/2022\/08\/715b2737-a10b-4156-b76b-3cd0b493e79f.jpg'><img loading=\"lazy\" decoding=\"async\" width=\"150\" height=\"150\" src=\"https:\/\/www.radiopiu.net\/wordpress\/wp-content\/uploads\/2022\/08\/715b2737-a10b-4156-b76b-3cd0b493e79f-150x150.jpg\" class=\"attachment-thumbnail size-thumbnail\" alt=\"\" \/><\/a>\n\t\t\t\t<\/dt><\/dl><dl class='gallery-item'>\n\t\t\t\t<dt class='gallery-icon portrait'>\n\t\t\t\t\t<a class=\"rollover rollover-zoom dt-pswp-item\" title=\"5a24d72a-f47b-408a-9d86-66421e637e96\" data-dt-img-description=\"\" data-large_image_width=\"1488\" data-large_image_height=\"1984\"href='https:\/\/www.radiopiu.net\/wordpress\/wp-content\/uploads\/2022\/08\/5a24d72a-f47b-408a-9d86-66421e637e96.jpg'><img loading=\"lazy\" decoding=\"async\" width=\"150\" height=\"150\" src=\"https:\/\/www.radiopiu.net\/wordpress\/wp-content\/uploads\/2022\/08\/5a24d72a-f47b-408a-9d86-66421e637e96-150x150.jpg\" class=\"attachment-thumbnail size-thumbnail\" alt=\"\" \/><\/a>\n\t\t\t\t<\/dt><\/dl><br style=\"clear: both\" \/>\n\t\t\t<\/div>\n\n<p>&nbsp;<\/p>\n<p>&nbsp;<\/p>\n<p>&nbsp;<\/p>\n<p>&nbsp;<\/p>\n<hr \/>\n<p>&nbsp;<\/p>\n<blockquote>\n<h3>MUSICA INTE LE VILE A SAN TOMASO<\/h3>\n<\/blockquote>\n<p><strong>SAN TOMASO<\/strong> Ritorna &#8220;Musica Inte Le Vile&#8221; organizzato da la Pro Loco di San Tomaso. Sabato 13 agosto alle 17:30 il concerto del Trio Na Fuoia.<\/p>\n<p>&nbsp;<\/p>\n<p>&nbsp;<\/p>\n<hr \/>\n<p>&nbsp;<\/p>\n<blockquote>\n<h3>SABEDA ITE VILA A ROCCA PIETORE<\/h3>\n<\/blockquote>\n<p><strong>ROCCA PIETORE<\/strong> L&#8217;associazione Borgo di Sottoguda e il comune di Rocca Pietore organizzano &#8220;Sabeda ite vila&#8221;, il mercatino contadino in programma il 13 e 20 agosto dalle 10 in poi.<\/p>\n<p>&nbsp;<\/p>\n<p>&nbsp;<\/p>\n<hr \/>\n<p>&nbsp;<\/p>\n<blockquote>\n<h3>IL 12 AGOSTO A VALLADA PROTAGONISTA IL MONTE CELENTONE<\/h3>\n<\/blockquote>\n<p><strong>VALLADA<\/strong> Venerd\u00ec 12 agosto alle 18 presso la Chiesa Monumentale di San Simon a Vallada, lo storico Marco Perale terr\u00e0 una conferenza dal titolo &#8220;Il Nome Celentone&#8221;, un viaggio nella storia di un toponimo. Organizzano comune di Vallada, Union Ladina Val Biois e Pro Loco.<\/p>\n<p>&nbsp;<\/p>\n<p>&nbsp;<\/p>\n<hr \/>\n<p>&nbsp;<\/p>\n<blockquote>\n<h3>VISITE GUIDATE NELLA CHIESA DI AGORDO<\/h3>\n<\/blockquote>\n<p><strong>AGORDO<\/strong>\u00a0 Venerdi 12 agosto dalle 10 alle 11, e mercoledi 17 agosto dalle 16 alle 17 visite guidate gratuita nella chiesa Arcidiaconale di Agordo. Informazioni all\u2019Ufficio turistico di Agordo.<\/p>\n<p>&nbsp;<\/p>\n<p>&nbsp;<\/p>\n<hr \/>\n<p>&nbsp;<\/p>\n<blockquote>\n<h3>IL SUONO MAGICO DEL LEGNO<\/h3>\n<\/blockquote>\n<p><strong>ROCCA PIETORE<\/strong> Domenica 14 agosto a Sottoguda \u00e8 in programma &#8220;Il Suono Magico Del Legno&#8221; con il complesso degli archi del Friuli e del Veneto. Inizio alle 21 con entrata a offerta libera.<\/p>\n<p>&nbsp;<\/p>\n<p>&nbsp;<\/p>\n<hr \/>\n<p>&nbsp;<\/p>\n<blockquote>\n<h3>FERRAGOSTO AL LAGHETTO DI POLANE<\/h3>\n<\/blockquote>\n<p><strong>AGORDO<\/strong> Il Bacino n\u00b05 agordino organizza per il 15 agosto al laghetto di Polane di Agordo il Trofeo D&#8217;Isep, gara di pesca alla trota riservata ai Pierini, categorie cuccioli fino ad 8 anni e pierini dagli 8 ai 14 anni. Raduno alle 7 al Bar Schenot, inizio gara alle 8, alle 10:30 la pesatura e alle 11 le premiazioni. Iscrizioni presso il Bar Schenot 0437 63104 o Negozio D&#8217;Isep 0437 62411. Termine iscrizioni il 13 agosto, quota 15 euro.<\/p>\n<p>&nbsp;<\/p>\n<p>&nbsp;<\/p>\n<hr \/>\n<p>&nbsp;<\/p>\n<blockquote>\n<h3>DUGONE, IL TORNEO DI GREEN VOLLEY A CENCENIGHE<\/h3>\n<\/blockquote>\n<p><strong>CENCENIGHE<\/strong> U.S. Cencenighe, Comune e Pro Loco organizzano per domenica 21 agosto un torneo di green volley agli impianti sportivi. Due categorie: Senior dai 15 anni in su e Junior dai 9 ai 14 anni. In serata aperitivo con Oh Per Bacco e musica con DJ Jack. Per info ed iscrizioni scrivere a dugone.torneogreenvolly@gmail.com iscrizioni entro il 19 agosto.<\/p>\n<p>&nbsp;<\/p>\n<p>&nbsp;<\/p>\n<hr \/>\n<p>&nbsp;<\/p>\n<blockquote>\n<h3>LA FESTA DEI 100 ANNI DEL GRUPPO SPORTIVO FRASSENE&#8217;<\/h3>\n<\/blockquote>\n<p><strong><a class=\"dt-pswp-item\" href=\"https:\/\/www.radiopiu.net\/wordpress\/wp-content\/uploads\/2022\/08\/Schermata-2022-08-04-alle-12.23.41.png\" data-dt-img-description=\"\" data-large_image_width=\"1336\" data-large_image_height=\"1014\"><img loading=\"lazy\" decoding=\"async\" class=\"alignleft wp-image-290914 \" src=\"https:\/\/www.radiopiu.net\/wordpress\/wp-content\/uploads\/2022\/08\/Schermata-2022-08-04-alle-12.23.41-300x228.png\" alt=\"\" width=\"158\" height=\"120\" srcset=\"https:\/\/www.radiopiu.net\/wordpress\/wp-content\/uploads\/2022\/08\/Schermata-2022-08-04-alle-12.23.41-300x228.png 300w, https:\/\/www.radiopiu.net\/wordpress\/wp-content\/uploads\/2022\/08\/Schermata-2022-08-04-alle-12.23.41-1024x777.png 1024w, https:\/\/www.radiopiu.net\/wordpress\/wp-content\/uploads\/2022\/08\/Schermata-2022-08-04-alle-12.23.41-768x583.png 768w, https:\/\/www.radiopiu.net\/wordpress\/wp-content\/uploads\/2022\/08\/Schermata-2022-08-04-alle-12.23.41.png 1336w\" sizes=\"auto, (max-width: 158px) 100vw, 158px\" \/><\/a>VOLTAGO <\/strong>1922-2022 il primo secolo di vita del Gruppo Sportivo Frassen\u00e8: tre giorni di eventi al tendone nel parcheggio della chiesa. Venerdi&#8217; 9 settembre alle 18 apertura stand gastronomico e serata musicale con Sabrina Silvestrin. Sabato 10 voli panoramici in elicottero dalle 10 alle 15 e, fino alle 17 mercatini dell&#8217;artigianato, dalle 10 torneo di calcio del Poi, a mezzogiorno stand gastronomico, 16.30 Frassene&#8217; Cross, gare podistiche non competitive, 17 aperitivo con DJ Morgan e Battaglia, 19 cena e premiazioni, dalle 21 serata musicale con I Riflesso, chiusura con DJ Morgan e Battaglia. Domenica 11 alle 10 mostra sui 100 anni del Gruppo Sportivo Frassene&#8217; presso l&#8217;ex scuola Paolo Mosca, 11 sfilata dei gruppi associativi per le vie del paese, 12.30 pranzo, 15 presentazione libro &#8220;Il Primo Secolo Di Vita&#8221;. Il ricavato sar\u00e0 devoluto al Gruppo Sportivo Frasssen\u00e8.<\/p>\n<p>&nbsp;<\/p>\n<p>&nbsp;<\/p>\n<hr \/>\n<p>&nbsp;<\/p>\n<blockquote>\n<h3>&#8220;RESTATE IN CITTA'&#8221; IL SECONDO APPUNTAMENTO<\/h3>\n<\/blockquote>\n<p><strong>BELLUNO<\/strong> Secondo appuntamento, quello di sabato prossimo, 13 agosto, con la rassegna &#8220;REstate in Citta\u0300&#8221;, in programma a Belluno fino al 1\u00b0 settembre, con una proposta di concerti e visite guidate, che animeranno il tempo estivo bellunese. Turisti e residenti avranno la possibilita\u0300 di partecipare al trekking urbano &#8220;All&#8217;attacco! Castelli e mura a Belluno&#8221;, dedicato alla riscoperta dei luoghi in cui sorgevano i castelli di Belluno e dove si possono ancora ritrovare alcune parti dell&#8217;antica cinta muraria. La partenza avverra\u0300 alla ore 18.00, in piazza Duomo 2, nei pressi dell&#8217;uscita delle scale mobili del parcheggio di Lambioi. La prenotazione e\u0300 obbligatoria, al numero 348 2791289 o scrivendo a martazzalini@yahoo.it.<\/p>\n<p>&nbsp;<\/p>\n<hr \/>\n<p>&nbsp;<\/p>\n<blockquote>\n<h3>DA UOMINI E TERRE LONTANE, CON SILVIA TESSARI<\/h3>\n<\/blockquote>\n<p><strong>FALCADE<\/strong>\u00a0 \u201cDa uomini e terre lontane\u201d \u00e8 il titolo che la pianista Silvia Tessari ha scelto per il suo concerto\u00a0 di venerdi\u00a0 alla Casa della giovent\u00f9 di Caviola, dalle 21.<\/p>\n<p>&nbsp;<\/p>\n<hr \/>\n<p>&nbsp;<\/p>\n<blockquote>\n<h3>PALAGHIACCIO DI ALLEGHE APERTO AL PUBBLICO<\/h3>\n<\/blockquote>\n<p><strong>ALLEGHE<\/strong> Apre al pubblico il palaghiaccio di Alleghe per il pattinaggio libero. Dal 1 agosto e fino al 2 settembre si potr\u00e0 pattinare dalle 16:30 alle 18:30 e dal 1 agosto all&#8217;11 settembre anche alla sera dalle 21 alle 23. Unico giorno di chiusura il 14 agosto. Per informazioni 0437 523176 o mail a segreteria@alleghehockey.com<\/p>\n<p>&nbsp;<\/p>\n<p>&nbsp;<\/p>\n<hr \/>\n<p>&nbsp;<\/p>\n<blockquote>\n<h3 class=\"entry-title\">LUCIANI BEATO: TRE DIOCESI UN UNICO \u201cGRAZIE\u201d<\/h3>\n<\/blockquote>\n<div dir=\"auto\" role=\"none\"><strong>di RENATO BONA\u00a0<\/strong><\/div>\n<div dir=\"auto\" role=\"none\"><\/div>\n<div class=\"hzawbc8m ii04i59q jq4qci2q g9io39s2 oo9gr5id\" dir=\"auto\" role=\"none\">\u00a0Intanto a San Vito di Cadore il 12 agosto arrivano le reliquie dei santi patroni Vito, Modesto e Crescenzia mentre il 19 ci sar\u00e0 una veglia Tre importanti eventi, legati all\u2019ormai prossima beatificazione di Albino Luciani, il \u201cPapa bellunese del sorriso\u201d, sono previsti in questo mese di agosto e nel successivo settembre. Lo si pu\u00f2 leggere nel sito della Diocesi di Belluno-Feltre che, facendo riferimento ad una nota diffusa dall\u2019Ufficio stampa del Patriarcato di Venezia, annuncia che la Parrocchia di San Vito di Cadore da domenica 12 agosto vivr\u00e0 un \u201cmomento storico\u201d dato che durante la messa delle 18,30 saranno accolte nella pievanale (la fondazione si fa risalire al 1208 anche se \u00e8 menzionata in un documento precedente, del 1203; l\u2019attuale parrocchiale \u2013 secondo Wikipedia \u2013 venne costruita su progetto di Domenico Schiavi di Tolmezzo nel 1760 e consacrata nel 1764 quindi ristrutturata nei secoli successivi) le preziose reliquie dei santi patroni Vito, Modesto e Crescenzia, che il patriarca di Venezia Moraglia ha concesso per un certo tempo, perch\u00e9 siano offerte alla venerazione dei fedeli nel paese del Cadore che porta il nome del giovane martire. Ci\u00f2 anche in considerazione del legame speciale tra Venezia e San Vito di Cadore, dove molti veneziani trascorrono le ferie e dove soprattutto ha sede la residenza estiva del Seminario patriarcale. Per concomitanti impegni il patriarca Francesco Moraglia non potr\u00e0 presiedere come da tradizione la messa dell\u2019Assunta, il 15 agosto ed ha dunque delegato don Fabrizio Favaro, rettore del Seminario e vicario episcopale per gli Affari economici, di portare a San Vito questi segni di fede e di devozione. Seguir\u00e0, il 19, una veglia di preghiera animata dai seminaristi in preparazione alla beatificazione di papa Giovanni Paolo I (che fu patriarca di Venezia dal 1959 al 1978 e che ogni anno trascorreva le vacanze estive con i seminaristi nella villa del Seminario sanvitese proprio nella cappella del \u201cMaria Ausiliatrice). Per l\u2019occasione sar\u00e0 portata come segno speciale legato alla vita del nuovo Beato, la stola papale che Paolo VI in visita a Venezia pose sulle sue spalle il 16 settembre 1972, facendolo \u201cdiventare tutto rosso\u201d, come lo stesso Luciani ebbe a dire. La stola \u00e8 custodita nella Basilica della Madonna della Salute a Venezia, insieme ad altri abiti papali usati da Giovanni Paolo I durante il brevissimo pontificato. Ed eccoci all\u2019ultimo appuntamento segnalato dal sito diocesano: domenica 11 settembre a partire dalle 16 la piazza di Canale d\u2019Agordo, paese natale del prossimo Beato ospiter\u00e0 la concelebrazione della messa con i vescovi delle tre Diocesi: Venezia, Belluno-Feltre, Vittorio Veneto: mons. Moraglia, mons. Marangoni e mons, Pizziolo. Essendo previsto un massiccio afflusso di fedeli per questo \u201ccomune rendimento di grazie\u201d per la beatificazione di Albino Luciani, il Comitato provinciale per l\u2019ordine e la sicurezza riunito dal Prefetto di Belluno ha varato disposizioni affinch\u00e9 sia garantita sotto ogni aspetto la sicurezza dei presenti. Pertanto viene chiesto agli interessati di perfezionare la propria adesione entro il 26 agosto. La civica amministrazione di Canale d\u2019Agordo ha dal canto suo predisposto un piano speciale per l\u2019accoglienza e il parcheggio dei veicoli. Infine si precisa che parte dell\u2019assemblea potr\u00e0 seguire la celebrazione tramite un megaschermo posizionato sul retro del Municipio, a pochi metri dall\u2019altare, vivendo cos\u00ec la liturgia in presenza.<\/div>\n<div dir=\"auto\" role=\"none\">\n\n\t\t\t<style type='text\/css'>\n\t\t\t\t#gallery-7 {\n\t\t\t\t\tmargin: auto;\n\t\t\t\t}\n\t\t\t\t#gallery-7 .gallery-item {\n\t\t\t\t\tfloat: left;\n\t\t\t\t\tmargin-top: 10px;\n\t\t\t\t\ttext-align: center;\n\t\t\t\t\twidth: 25%;\n\t\t\t\t}\n\t\t\t\t#gallery-7 img {\n\t\t\t\t\tborder: 2px solid #cfcfcf;\n\t\t\t\t}\n\t\t\t\t#gallery-7 .gallery-caption {\n\t\t\t\t\tmargin-left: 0;\n\t\t\t\t}\n\t\t\t\t\/* see gallery_shortcode() in wp-includes\/media.php *\/\n\t\t\t<\/style>\n\t\t<div id='gallery-7' class='dt-gallery-container gallery galleryid-291680 gallery-columns-4 gallery-size-thumbnail'><dl class='gallery-item'>\n\t\t\t\t<dt class='gallery-icon portrait'>\n\t\t\t\t\t<a class=\"rollover rollover-zoom dt-pswp-item\" title=\"295637471_499978008558431_4138792826519282011_n\" data-dt-img-description=\"\" data-large_image_width=\"150\" data-large_image_height=\"225\"href='https:\/\/www.radiopiu.net\/wordpress\/wp-content\/uploads\/2022\/08\/295637471_499978008558431_4138792826519282011_n.jpg'><img loading=\"lazy\" decoding=\"async\" width=\"150\" height=\"150\" src=\"https:\/\/www.radiopiu.net\/wordpress\/wp-content\/uploads\/2022\/08\/295637471_499978008558431_4138792826519282011_n-150x150.jpg\" class=\"attachment-thumbnail size-thumbnail\" alt=\"\" \/><\/a>\n\t\t\t\t<\/dt><\/dl><dl class='gallery-item'>\n\t\t\t\t<dt class='gallery-icon portrait'>\n\t\t\t\t\t<a class=\"rollover rollover-zoom dt-pswp-item\" title=\"295847179_602500938059534_3826689267459331889_n\" data-dt-img-description=\"\" data-large_image_width=\"155\" data-large_image_height=\"206\"href='https:\/\/www.radiopiu.net\/wordpress\/wp-content\/uploads\/2022\/08\/295847179_602500938059534_3826689267459331889_n.jpg'><img loading=\"lazy\" decoding=\"async\" width=\"150\" height=\"150\" src=\"https:\/\/www.radiopiu.net\/wordpress\/wp-content\/uploads\/2022\/08\/295847179_602500938059534_3826689267459331889_n-150x150.jpg\" class=\"attachment-thumbnail size-thumbnail\" alt=\"\" \/><\/a>\n\t\t\t\t<\/dt><\/dl><dl class='gallery-item'>\n\t\t\t\t<dt class='gallery-icon portrait'>\n\t\t\t\t\t<a class=\"rollover rollover-zoom dt-pswp-item\" title=\"296855558_2929182964047687_6977647815078548744_n\" data-dt-img-description=\"\" data-large_image_width=\"155\" data-large_image_height=\"206\"href='https:\/\/www.radiopiu.net\/wordpress\/wp-content\/uploads\/2022\/08\/296855558_2929182964047687_6977647815078548744_n.jpg'><img loading=\"lazy\" decoding=\"async\" width=\"150\" height=\"150\" src=\"https:\/\/www.radiopiu.net\/wordpress\/wp-content\/uploads\/2022\/08\/296855558_2929182964047687_6977647815078548744_n-150x150.jpg\" class=\"attachment-thumbnail size-thumbnail\" alt=\"\" \/><\/a>\n\t\t\t\t<\/dt><\/dl><dl class='gallery-item'>\n\t\t\t\t<dt class='gallery-icon landscape'>\n\t\t\t\t\t<a class=\"rollover rollover-zoom dt-pswp-item\" title=\"297875386_793660281805085_4378322894351769946_n\" data-dt-img-description=\"\" data-large_image_width=\"220\" data-large_image_height=\"165\"href='https:\/\/www.radiopiu.net\/wordpress\/wp-content\/uploads\/2022\/08\/297875386_793660281805085_4378322894351769946_n.jpg'><img loading=\"lazy\" decoding=\"async\" width=\"150\" height=\"150\" src=\"https:\/\/www.radiopiu.net\/wordpress\/wp-content\/uploads\/2022\/08\/297875386_793660281805085_4378322894351769946_n-150x150.jpg\" class=\"attachment-thumbnail size-thumbnail\" alt=\"\" \/><\/a>\n\t\t\t\t<\/dt><\/dl><br style=\"clear: both\" \/><dl class='gallery-item'>\n\t\t\t\t<dt class='gallery-icon landscape'>\n\t\t\t\t\t<a class=\"rollover rollover-zoom dt-pswp-item\" title=\"297420343_1400796693736263_6281966486905327117_n\" data-dt-img-description=\"\" data-large_image_width=\"309\" data-large_image_height=\"206\"href='https:\/\/www.radiopiu.net\/wordpress\/wp-content\/uploads\/2022\/08\/297420343_1400796693736263_6281966486905327117_n.jpg'><img loading=\"lazy\" decoding=\"async\" width=\"150\" height=\"150\" src=\"https:\/\/www.radiopiu.net\/wordpress\/wp-content\/uploads\/2022\/08\/297420343_1400796693736263_6281966486905327117_n-150x150.jpg\" class=\"attachment-thumbnail size-thumbnail\" alt=\"\" \/><\/a>\n\t\t\t\t<\/dt><\/dl><dl class='gallery-item'>\n\t\t\t\t<dt class='gallery-icon landscape'>\n\t\t\t\t\t<a class=\"rollover rollover-zoom dt-pswp-item\" title=\"297778945_802565310766690_5361451378170195236_n\" data-dt-img-description=\"\" data-large_image_width=\"276\" data-large_image_height=\"206\"href='https:\/\/www.radiopiu.net\/wordpress\/wp-content\/uploads\/2022\/08\/297778945_802565310766690_5361451378170195236_n.jpg'><img loading=\"lazy\" decoding=\"async\" width=\"150\" height=\"150\" src=\"https:\/\/www.radiopiu.net\/wordpress\/wp-content\/uploads\/2022\/08\/297778945_802565310766690_5361451378170195236_n-150x150.jpg\" class=\"attachment-thumbnail size-thumbnail\" alt=\"\" \/><\/a>\n\t\t\t\t<\/dt><\/dl><dl class='gallery-item'>\n\t\t\t\t<dt class='gallery-icon landscape'>\n\t\t\t\t\t<a class=\"rollover rollover-zoom dt-pswp-item\" title=\"295902165_3255750604752476_1750732755107558559_n\" data-dt-img-description=\"\" data-large_image_width=\"300\" data-large_image_height=\"168\"href='https:\/\/www.radiopiu.net\/wordpress\/wp-content\/uploads\/2022\/08\/295902165_3255750604752476_1750732755107558559_n.jpg'><img loading=\"lazy\" decoding=\"async\" width=\"150\" height=\"150\" src=\"https:\/\/www.radiopiu.net\/wordpress\/wp-content\/uploads\/2022\/08\/295902165_3255750604752476_1750732755107558559_n-150x150.jpg\" class=\"attachment-thumbnail size-thumbnail\" alt=\"\" \/><\/a>\n\t\t\t\t<\/dt><\/dl><dl class='gallery-item'>\n\t\t\t\t<dt class='gallery-icon portrait'>\n\t\t\t\t\t<a class=\"rollover rollover-zoom dt-pswp-item\" title=\"295848650_1130854577774074_8227233958704791665_n\" data-dt-img-description=\"\" data-large_image_width=\"154\" data-large_image_height=\"225\"href='https:\/\/www.radiopiu.net\/wordpress\/wp-content\/uploads\/2022\/08\/295848650_1130854577774074_8227233958704791665_n.jpg'><img loading=\"lazy\" decoding=\"async\" width=\"150\" height=\"150\" src=\"https:\/\/www.radiopiu.net\/wordpress\/wp-content\/uploads\/2022\/08\/295848650_1130854577774074_8227233958704791665_n-150x150.jpg\" class=\"attachment-thumbnail size-thumbnail\" alt=\"\" \/><\/a>\n\t\t\t\t<\/dt><\/dl><br style=\"clear: both\" \/>\n\t\t\t<\/div>\n\n<\/div>\n<div dir=\"auto\" role=\"none\"><\/div>\n<p class=\"hzawbc8m ii04i59q jq4qci2q g9io39s2 oo9gr5id\" dir=\"auto\" role=\"none\">NELLE FOTO (sito chiesabellunofeltre, Wikipedia, Felici): il bellunese Albino Luciani nella foto ufficiale dopo l\u2019elezione a pontefice col nome di Giovanni Paolo I; il dono della stola a Luciani da parte di Papa Paolo VI in visita a Venezia; la facciata della pievanale di San Vito di Cadore; l\u2019interno dell\u2019edificio sacro; la piazza di Canale d\u2019Agordo dove sar\u00e0 concelebrata la messa; il patriarca di Venezia Moraglia; il vescovo di Belluno-Feltre, Marangoni; il presule di Vittorio Veneto, Pizziolo.<\/p>\n<hr \/>\n<h1><span style=\"color: #ff6600;\">\u00a0<\/span><\/h1>\n<h1><span style=\"color: #ff6600;\">IERI ALLA RADIO<\/span><\/h1>\n<h2><strong class=\"photoswipe-wrapper\"><a class=\"dt-pswp-item pspw-wrap-ready\" href=\"https:\/\/www.radiopiu.net\/wordpress\/wp-content\/uploads\/2022\/07\/piazzetta-Vecchia.jpeg\" data-dt-img-description=\"\" data-large_image_width=\"2048\" data-large_image_height=\"1536\"><img loading=\"lazy\" decoding=\"async\" class=\" wp-image-289355 alignleft\" src=\"https:\/\/www.radiopiu.net\/wordpress\/wp-content\/uploads\/2022\/07\/piazzetta-Vecchia-300x225.jpeg\" sizes=\"auto, (max-width: 163px) 100vw, 163px\" srcset=\"https:\/\/www.radiopiu.net\/wordpress\/wp-content\/uploads\/2022\/07\/piazzetta-Vecchia-300x225.jpeg 300w, https:\/\/www.radiopiu.net\/wordpress\/wp-content\/uploads\/2022\/07\/piazzetta-Vecchia-1024x768.jpeg 1024w, https:\/\/www.radiopiu.net\/wordpress\/wp-content\/uploads\/2022\/07\/piazzetta-Vecchia-768x576.jpeg 768w, https:\/\/www.radiopiu.net\/wordpress\/wp-content\/uploads\/2022\/07\/piazzetta-Vecchia-1536x1152.jpeg 1536w, https:\/\/www.radiopiu.net\/wordpress\/wp-content\/uploads\/2022\/07\/piazzetta-Vecchia.jpeg 2048w\" alt=\"\" width=\"163\" height=\"122\" \/><\/a><\/strong><span style=\"color: #0000ff;\">CINEMA ALL&#8217;APERTO IN CONTRADA DEI SIGNORI AD AGORDO<\/span><\/h2>\n<p><strong class=\"photoswipe-wrapper\">AGORDO\u00a0<\/strong> Dopo le esperienza dello scorso anno sul Broi e in Villa de Manzoni, ritorna il cinema all\u2019aperto, quest\u2019anno in Contrada dei Signori (piazzetta vecchia). Tre gli appuntamenti: marted\u00ec 9 Agosto: Midnight in Paris, di Woody Allen; gioved\u00ec 11 Agosto: Fra due battiti, di Stefano Usuardi;\u00a0 sabato 13 Agosto: The Illusionist, di Neil Burger.\u00a0 Tutte le proiezioni inizieranno alle ore 21 e saranno ad ingresso gratuito, previa prenotazione, informazioni all\u2019ufficio turistico. L\u2019evento \u00e8 organizzato dal Comune di Agordo. Collaborazione: \u201cFiFilm productions\u201d di Caterina Francavilla, che per l\u2019occasione presenter\u00e0 per la prima volta ad Agordo l\u2019ultimo film prodotto, \u201cFra due battiti\u201d. In caso di maltempo le proiezioni saranno rinviate al giorno successivo.<\/p>\n<p><strong>L&#8217;INTERVISTA<\/strong><\/p>\n<p><strong>di Mirko Mezzacasa<\/strong><\/p>\n<p>OSPITE: Chiara Fontanive, assessore del comune di Agordo, PRESENTAZIONE\u00a0 di Andrea Colaiacono<\/p>\n<audio class=\"wp-audio-shortcode\" id=\"audio-291680-8\" preload=\"none\" style=\"width: 100%;\" controls=\"controls\"><source type=\"audio\/mpeg\" src=\"https:\/\/www.radiopiu.net\/wordpress\/wp-content\/uploads\/2022\/08\/CINEMA-AD-AGORDO-CHIARA_DAVIDE_ANDREA.mp3?_=8\" \/><a href=\"https:\/\/www.radiopiu.net\/wordpress\/wp-content\/uploads\/2022\/08\/CINEMA-AD-AGORDO-CHIARA_DAVIDE_ANDREA.mp3\">https:\/\/www.radiopiu.net\/wordpress\/wp-content\/uploads\/2022\/08\/CINEMA-AD-AGORDO-CHIARA_DAVIDE_ANDREA.mp3<\/a><\/audio>\n<p>&nbsp;<\/p>\n<hr \/>\n<p>&nbsp;<\/p>\n<div>\n<div class=\"b654a4as d2edcug0\">\n<div class=\"rq0escxv hkbzh7o3 jwdofwj8 n8tt0mok r8blr3vg hyh9befq\">\n<p><a class=\"dt-pswp-item\" href=\"https:\/\/www.radiopiu.net\/wordpress\/wp-content\/uploads\/2020\/10\/pp.jpg\" data-dt-img-description=\"\" data-large_image_width=\"640\" data-large_image_height=\"640\"><img loading=\"lazy\" decoding=\"async\" class=\"wp-image-163678 alignleft\" src=\"https:\/\/www.radiopiu.net\/wordpress\/wp-content\/uploads\/2020\/10\/pp-300x300.jpg\" alt=\"\" width=\"106\" height=\"106\" srcset=\"https:\/\/www.radiopiu.net\/wordpress\/wp-content\/uploads\/2020\/10\/pp-300x300.jpg 300w, https:\/\/www.radiopiu.net\/wordpress\/wp-content\/uploads\/2020\/10\/pp-150x150.jpg 150w, https:\/\/www.radiopiu.net\/wordpress\/wp-content\/uploads\/2020\/10\/pp-125x125.jpg 125w, https:\/\/www.radiopiu.net\/wordpress\/wp-content\/uploads\/2020\/10\/pp-200x200.jpg 200w, https:\/\/www.radiopiu.net\/wordpress\/wp-content\/uploads\/2020\/10\/pp-80x80.jpg 80w, https:\/\/www.radiopiu.net\/wordpress\/wp-content\/uploads\/2020\/10\/pp-480x480.jpg 480w, https:\/\/www.radiopiu.net\/wordpress\/wp-content\/uploads\/2020\/10\/pp.jpg 640w\" sizes=\"auto, (max-width: 106px) 100vw, 106px\" \/><\/a><\/p>\n<\/div>\n<\/div>\n<\/div>\n<div>\n<div class=\"page-title-head hgroup\">\n<div class=\"page-title-head hgroup\">\n<div class=\"b654a4as d2edcug0\">\n<div class=\"j83agx80 btwxx1t3 lhclo0ds hop8lmos nkwizq5d scwd0bx6 roh60bw9\">\n<div class=\"rq0escxv hkbzh7o3 jwdofwj8 n8tt0mok r8blr3vg hyh9befq\">\n<div class=\"do00u71z l9j0dhe7 k4urcfbm\">\n<h2><span style=\"color: #000080;\">DON CESARE, IL PENSIERO DEL GIORNO. ALLA RADIO ALLE 7 DEL MATTINO E ALLE 19.30 DELLA SERA.\u00a0<\/span><\/h2>\n<\/div>\n<\/div>\n<\/div>\n<\/div>\n<\/div>\n<\/div>\n<\/div>\n<div class=\"do00u71z l9j0dhe7 k4urcfbm\">\n<div class=\"page-title-head hgroup\">\n<div class=\"page-title-head hgroup\">\n<div class=\"b654a4as d2edcug0\">\n<div class=\"j83agx80 btwxx1t3 lhclo0ds hop8lmos nkwizq5d scwd0bx6 roh60bw9\">\n<div class=\"rq0escxv hkbzh7o3 jwdofwj8 n8tt0mok r8blr3vg hyh9befq\">\n<div class=\"do00u71z l9j0dhe7 k4urcfbm\">\n<div class=\"page-title-head hgroup\">\n<div class=\"page-title-head hgroup\">\n<div class=\"b654a4as d2edcug0\">\n<div class=\"j83agx80 btwxx1t3 lhclo0ds hop8lmos nkwizq5d scwd0bx6 roh60bw9\">\n<div class=\"rq0escxv hkbzh7o3 jwdofwj8 n8tt0mok r8blr3vg hyh9befq\">\n<div class=\"do00u71z l9j0dhe7 k4urcfbm\">\n<div class=\"ecm0bbzt e5nlhep0 a8c37x1j\">\n<div class=\"kvgmc6g5 cxmmr5t8 oygrvhab hcukyx3x c1et5uql\">\n<div class=\"gmail-kvgmc6g5 gmail-cxmmr5t8 gmail-oygrvhab gmail-hcukyx3x gmail-c1et5uql gmail-ii04i59q\">\n<div class=\"page-title-head hgroup\">\n<div class=\"page-title-head hgroup\">\n<div class=\"b654a4as d2edcug0\">\n<div class=\"j83agx80 btwxx1t3 lhclo0ds hop8lmos nkwizq5d scwd0bx6 roh60bw9\">\n<div class=\"rq0escxv hkbzh7o3 jwdofwj8 n8tt0mok r8blr3vg hyh9befq\">\n<div class=\"do00u71z l9j0dhe7 k4urcfbm\">\n<div class=\"page-title-head hgroup\">\n<div class=\"page-title-head hgroup\">\n<div class=\"b654a4as d2edcug0\">\n<div class=\"j83agx80 btwxx1t3 lhclo0ds hop8lmos nkwizq5d scwd0bx6 roh60bw9\">\n<div class=\"rq0escxv hkbzh7o3 jwdofwj8 n8tt0mok r8blr3vg hyh9befq\">\n<div class=\"do00u71z l9j0dhe7 k4urcfbm\">\n<div class=\"page-title-head hgroup\">\n<div class=\"page-title-head hgroup\">\n<div class=\"b654a4as d2edcug0\">\n<div class=\"j83agx80 btwxx1t3 lhclo0ds hop8lmos nkwizq5d scwd0bx6 roh60bw9\">\n<div class=\"rq0escxv hkbzh7o3 jwdofwj8 n8tt0mok r8blr3vg hyh9befq\">\n<div class=\"do00u71z l9j0dhe7 k4urcfbm\">\n<div class=\"ecm0bbzt e5nlhep0 a8c37x1j\">\n<div class=\"kvgmc6g5 cxmmr5t8 oygrvhab hcukyx3x c1et5uql\">\n<div class=\"gmail-kvgmc6g5 gmail-cxmmr5t8 gmail-oygrvhab gmail-hcukyx3x gmail-c1et5uql gmail-ii04i59q\">\n<div class=\"page-title-head hgroup\">\n<div class=\"page-title-head hgroup\">\n<div class=\"b654a4as d2edcug0\">\n<div class=\"j83agx80 btwxx1t3 lhclo0ds hop8lmos nkwizq5d scwd0bx6 roh60bw9\">\n<div class=\"rq0escxv hkbzh7o3 jwdofwj8 n8tt0mok r8blr3vg hyh9befq\">\n<div><\/div>\n<div class=\"do00u71z l9j0dhe7 k4urcfbm\">\n<audio class=\"wp-audio-shortcode\" id=\"audio-291680-9\" preload=\"none\" style=\"width: 100%;\" controls=\"controls\"><source type=\"audio\/mpeg\" src=\"https:\/\/www.radiopiu.net\/wordpress\/wp-content\/uploads\/2022\/08\/CESARE-5.mp3?_=9\" \/><a href=\"https:\/\/www.radiopiu.net\/wordpress\/wp-content\/uploads\/2022\/08\/CESARE-5.mp3\">https:\/\/www.radiopiu.net\/wordpress\/wp-content\/uploads\/2022\/08\/CESARE-5.mp3<\/a><\/audio>\n<p>&nbsp;<\/p>\n<hr \/>\n<p>&nbsp;<\/p>\n<p><span style=\"color: #0000ff;\">MUSICA PIU&#8217;\u00a0<\/span><\/p>\n<p><a href=\"https:\/\/www.radiopiu.net\/wordpress\/giornale-radiopiu-20-settembre-2021-direttore-mirko-mezzacasa\/pp-79\/\" rel=\"attachment wp-att-232921\"><img loading=\"lazy\" decoding=\"async\" class=\"wp-image-232921 alignleft\" src=\"https:\/\/www.radiopiu.net\/wordpress\/wp-content\/uploads\/2021\/09\/pp-1-300x300.jpg\" alt=\"\" width=\"135\" height=\"135\" srcset=\"https:\/\/www.radiopiu.net\/wordpress\/wp-content\/uploads\/2021\/09\/pp-1-300x300.jpg 300w, https:\/\/www.radiopiu.net\/wordpress\/wp-content\/uploads\/2021\/09\/pp-1-150x150.jpg 150w, https:\/\/www.radiopiu.net\/wordpress\/wp-content\/uploads\/2021\/09\/pp-1.jpg 640w\" sizes=\"auto, (max-width: 135px) 100vw, 135px\" \/><\/a><\/p>\n<div class=\"mkdf-post-text\">\n<div class=\"mkdf-post-text-inner\">\n<div class=\"mkdf-post-text-main\">\n<div class=\"mkdf-post-text\">\n<div class=\"mkdf-post-text-inner\">\n<div class=\"mkdf-post-text-main\">\n<div class=\"mkdf-post-text\">\n<div class=\"mkdf-post-text-inner\">\n<div class=\"mkdf-post-text-main\">\n<div class=\"page-title-head hgroup\">\n<div class=\"page-title-head hgroup\">\n<div class=\"mkdf-post-text\">\n<div class=\"mkdf-post-text-inner\">\n<div class=\"mkdf-post-text-main\">\n<div class=\"mkdf-post-text\">\n<div class=\"mkdf-post-text-inner\">\n<div class=\"mkdf-post-text-main\">\n<div class=\"page-title-head hgroup\">\n<div class=\"page-title-head hgroup\">\n<div class=\"page-title-head hgroup\">\n<div class=\"page-title-head hgroup\">\n<div class=\"b654a4as d2edcug0\">\n<div class=\"page-title-head hgroup\">\n<div class=\"page-title-head hgroup\">\n<div class=\"page-title-head hgroup\">\n<div class=\"page-title-head hgroup\">\n<div class=\"b654a4as d2edcug0\">\n<div class=\"page-title-head hgroup\">\n<div class=\"page-title-head hgroup\">\n<div class=\"page-title-head hgroup\">\n<div class=\"page-title-head hgroup\">\n<div class=\"b654a4as d2edcug0\">\n<div class=\"mkdf-post-text\">\n<div class=\"mkdf-post-text-inner\">\n<div class=\"mkdf-post-text-main\">\n<div class=\"mkdf-post-text\">\n<div class=\"mkdf-post-text-inner\">\n<div class=\"mkdf-post-text-main\">\n<div class=\"mkdf-post-text\">\n<div class=\"mkdf-post-text-inner\">\n<div class=\"mkdf-post-text-main\">\n<div class=\"page-title-head hgroup\">\n<div class=\"page-title-head hgroup\">\n<div class=\"mkdf-post-text\">\n<div class=\"mkdf-post-text-inner\">\n<div class=\"mkdf-post-text-main\">\n<div class=\"mkdf-post-text\">\n<div class=\"mkdf-post-text-inner\">\n<div class=\"mkdf-post-text-main\">\n<div class=\"page-title-head hgroup\">\n<div class=\"page-title-head hgroup\">\n<div class=\"page-title-head hgroup\">\n<div class=\"page-title-head hgroup\">\n<div class=\"b654a4as d2edcug0\">\n<div class=\"page-title-head hgroup\">\n<div class=\"page-title-head hgroup\">\n<div class=\"page-title-head hgroup\">\n<div class=\"page-title-head hgroup\">\n<div class=\"b654a4as d2edcug0\">\n<div class=\"page-title-head hgroup\">\n<div class=\"page-title-head hgroup\">\n<div class=\"page-title-head hgroup\">\n<div class=\"page-title-head hgroup\">\n<div class=\"b654a4as d2edcug0\">\n<div><\/div>\n<div><\/div>\n<div>\n<p><strong>MUSICA ALLA RADIO, IL PROGRAMMA DI LORIS SCUSSEL &#8220;COLLAGE OPERAZIONE NOSTALGIA&#8221; DAL LUNEDI AL VENERDI ALLE 16.00\u00a0 E ALLE 23\u00a0<\/strong><\/p>\n<\/div>\n<\/div>\n<p>&nbsp;<\/p>\n<p>&nbsp;<\/p>\n<div class=\"b654a4as d2edcug0\">\n<blockquote>\n<h3>COLLAGE OPERAZIONE NOSTALGIA TANTE DIVERSE PROPOSTE.<\/h3>\n<\/blockquote>\n<p><span style=\"font-size: medium;\"><a class=\"dt-pswp-item\" href=\"https:\/\/www.radiopiu.net\/wordpress\/wp-content\/uploads\/2022\/08\/Clapton-e-Winwood.jpeg\" data-dt-img-description=\"\" data-large_image_width=\"534\" data-large_image_height=\"693\"><img loading=\"lazy\" decoding=\"async\" class=\"size-thumbnail wp-image-291460 alignleft\" src=\"https:\/\/www.radiopiu.net\/wordpress\/wp-content\/uploads\/2022\/08\/Clapton-e-Winwood-150x150.jpeg\" alt=\"\" width=\"150\" height=\"150\" \/><\/a>Una settimana caratterizzata da varie trasmissioni a tema quella di \u201cCollage operazione nostalgia\u201d dove troveranno spazio i complessi di casa nostra, i cantautori, il rock progressive italiano dei primi anni 70, il juke box, l\u2019umorismo ovviamente senza trascurare la musica internazionale con una puntata dedicata alle canzoni in lingua originale che abbiamo conosciuto grazie alle cover e ancora tanta, tanta altra buona musica.<\/span><\/p>\n<p><span style=\"font-size: medium;\">Collage va in onda dal luned\u00ec al venerd\u00ec alle 16,00 e alle 23,00 naturalmente su Radiopi\u00f9.<\/span><\/p>\n<p>&nbsp;<\/p>\n<hr \/>\n<p>&nbsp;<\/p>\n<h2><span style=\"color: #339966;\">I RACCONTI DI PAOLO SOPPELSA<\/span><\/h2>\n<p><strong>SETTIMANA 27<\/strong><\/p>\n<p><em><strong>AUDIO<\/strong><\/em><\/p>\n<audio class=\"wp-audio-shortcode\" id=\"audio-291680-10\" preload=\"none\" style=\"width: 100%;\" controls=\"controls\"><source type=\"audio\/mpeg\" src=\"https:\/\/www.radiopiu.net\/wordpress\/wp-content\/uploads\/2022\/08\/PAOLO-SOPPELSA-I-RACCONTI.mp3?_=10\" \/><a href=\"https:\/\/www.radiopiu.net\/wordpress\/wp-content\/uploads\/2022\/08\/PAOLO-SOPPELSA-I-RACCONTI.mp3\">https:\/\/www.radiopiu.net\/wordpress\/wp-content\/uploads\/2022\/08\/PAOLO-SOPPELSA-I-RACCONTI.mp3<\/a><\/audio>\n<p>&nbsp;<\/p>\n<p><strong><a class=\"dt-pswp-item\" href=\"https:\/\/www.radiopiu.net\/wordpress\/wp-content\/uploads\/2022\/08\/6a4a899e-4fdf-4b33-a588-32d7f7d6e89b.jpg\" data-dt-img-description=\"\" data-large_image_width=\"1080\" data-large_image_height=\"810\"><img loading=\"lazy\" decoding=\"async\" class=\"wp-image-291467 alignleft\" src=\"https:\/\/www.radiopiu.net\/wordpress\/wp-content\/uploads\/2022\/08\/6a4a899e-4fdf-4b33-a588-32d7f7d6e89b-300x225.jpg\" alt=\"\" width=\"271\" height=\"203\" srcset=\"https:\/\/www.radiopiu.net\/wordpress\/wp-content\/uploads\/2022\/08\/6a4a899e-4fdf-4b33-a588-32d7f7d6e89b-300x225.jpg 300w, https:\/\/www.radiopiu.net\/wordpress\/wp-content\/uploads\/2022\/08\/6a4a899e-4fdf-4b33-a588-32d7f7d6e89b-1024x768.jpg 1024w, https:\/\/www.radiopiu.net\/wordpress\/wp-content\/uploads\/2022\/08\/6a4a899e-4fdf-4b33-a588-32d7f7d6e89b-768x576.jpg 768w, https:\/\/www.radiopiu.net\/wordpress\/wp-content\/uploads\/2022\/08\/6a4a899e-4fdf-4b33-a588-32d7f7d6e89b.jpg 1080w\" sizes=\"auto, (max-width: 271px) 100vw, 271px\" \/><\/a>LA VOCE DEL BIOIS<\/strong><br \/>\n\u00c8 alla sera tardi, quando i normali rumori del vivere si affievoliscono, che il Biois si prende la scena. Nel silenzio di Cencenighe di notte talvolta illuminato dalla luna che passeggia fra le cime, risalta la sua voce d&#8217;acqua fredda e potente. Un parlare perpetuo quello del torrente, come perenne \u00e8 pure il suono della campana grande che scandisce le ore alle stelle; acqua e bronzo che rendono vive quelle mie notti agordine. \u00c8 il mio fedele compagno di tante notti il Biois; d&#8217;inverno, quando la gelida corrente scorre facendosi strada fra i sassi ricoperti di neve, e poi d&#8217;estate, quando, in certe nottate in cui i fulmini illuminano a giorno le montagne, si innervosisce improvvisamente e inizia a ringhiare e, talvolta, a &#8220;men\u00e0 fora sas&#8221;. Attimi inquieti che, per fortuna, solitamente durano il tempo di qualche ora. In quei frangenti \u00e8 acqua marrone, pesante e rabbiosa, che ritorna limpida solo per qualche istante appena, ovvero quando, entrando in paese, salta con forza dalle briglie. E ulula e schizza e canta una nota grave da basso profondo che, ascoltata nel buio della notte, inquieta e incute timore a chi non conosce l&#8217;anima di questo torrente agordino. \u00c8 torrente maschio, vivo e virile, grintoso, per nulla incline a delicatezze ruffiane. \u00c8 acqua invecchiata quella che, dopo aver attraversato il centro di Cencenighe, va ad unirsi a quella pi\u00f9 gentile del Cordevole. Eppure anche lei ha vissuto il tempo spensierato della giovent\u00f9; io la conosco quell&#8217;acqua incerta, fresca di nascita, limpida e saltellante. L&#8217;ho trovata lass\u00f9, un giorno d&#8217;inizio estate, mentre mi apprestavo a valicare il passo San Pellegrino. Ho accostato l&#8217;auto e sono sceso a cercarla, e l&#8217;ho scovata a bordo strada. Appena nata, scorreva fra i prati ricoperti di fiori freschi, ed era acqua gentile e pura. Cantava con voce chiara di bambino, e sembrava impossibile che gi\u00e0 nei pressi di Falcade, sarebbe stata gi\u00e0 acqua adulta, capace di allietare le notti d&#8217;estate e di mostrare muscoli forti a novembre. Appena quindici chilometri di tumultuoso e severo scorrere; forse \u00e8 il suo letto tormentato e sassoso che ne forgia cos\u00ec velocemente il carattere. Quindici chilometri, buoni per caricarsi di storie da raccontare a me, che di notte lo ascolto nei suoi ultimi metri di percorso. Le sue notti sono le mie notti, e se capita di svegliarmi quando la luna \u00e8 ancora padrona del cielo, lui c&#8217;\u00e8 sempre. Con la sua voce profonda e saggia, che narra la sua valle e la sua storia. Che racconta l&#8217;andare infinito delle stagioni, dei temporali estivi che lo ingrossano e del disgelo che a primavera rende scure le sue acque. \u00c8 la voce del Biois, che accompagna le mie notti vissute in compagnia del suo eterno scorrere e sogno di quando, invece, sono lontano e il mio \u00e8 un dormire carico di troppi silenzi. \u00c8 musica d&#8217;acqua di torrente, \u00e8 canto di vita; \u00e8 la voce che racconta i miei paesi e le mie montagne\u2026Magiche Dolomiti!!<\/p>\n<p>&nbsp;<\/p>\n<blockquote class=\"wp-embedded-content\" data-secret=\"7GqivOvUol\"><p><a href=\"https:\/\/www.radiopiu.net\/wordpress\/i-racconti-di-paolo-soppelsa\/\">I racconti di Paolo Soppelsa<\/a><\/p><\/blockquote>\n<p><iframe loading=\"lazy\" class=\"wp-embedded-content\" sandbox=\"allow-scripts\" security=\"restricted\" style=\"position: absolute; clip: rect(1px, 1px, 1px, 1px);\" title=\"&#8220;I racconti di Paolo Soppelsa&#8221; &#8212; Radio Pi\u00f9\" src=\"https:\/\/www.radiopiu.net\/wordpress\/i-racconti-di-paolo-soppelsa\/embed\/#?secret=H2lIYRD4uq#?secret=7GqivOvUol\" data-secret=\"7GqivOvUol\" width=\"600\" height=\"338\" frameborder=\"0\" marginwidth=\"0\" marginheight=\"0\" scrolling=\"no\"><\/iframe><\/p>\n<\/div>\n<\/div>\n<\/div>\n<\/div>\n<\/div>\n<\/div>\n<\/div>\n<\/div>\n<\/div>\n<\/div>\n<\/div>\n<\/div>\n<\/div>\n<\/div>\n<\/div>\n<\/div>\n<\/div>\n<\/div>\n<\/div>\n<\/div>\n<\/div>\n<\/div>\n<\/div>\n<\/div>\n<\/div>\n<\/div>\n<\/div>\n<\/div>\n<\/div>\n<\/div>\n<\/div>\n<\/div>\n<\/div>\n<\/div>\n<\/div>\n<\/div>\n<\/div>\n<\/div>\n<\/div>\n<\/div>\n<\/div>\n<\/div>\n<\/div>\n<\/div>\n<\/div>\n<\/div>\n<\/div>\n<\/div>\n<\/div>\n<\/div>\n<\/div>\n<\/div>\n<\/div>\n<\/div>\n<\/div>\n<\/div>\n<\/div>\n<\/div>\n<\/div>\n<\/div>\n<\/div>\n<\/div>\n<\/div>\n<\/div>\n<div>\n<div class=\"page-title-head hgroup\">\n<div class=\"page-title-head hgroup\">\n<div class=\"page-title-head hgroup\">\n<div class=\"page-title-head hgroup\">\n<div class=\"b654a4as d2edcug0\">\n<div class=\"page-title-head hgroup\">\n<div class=\"page-title-head hgroup\">\n<div class=\"page-title-head hgroup\">\n<div class=\"page-title-head hgroup\">\n<div class=\"b654a4as d2edcug0\">\n<div class=\"page-title-head hgroup\">\n<div class=\"page-title-head hgroup\">\n<div class=\"page-title-head hgroup\">\n<div class=\"page-title-head hgroup\">\n<div class=\"page-title-head hgroup\">\n<div class=\"page-title-head hgroup\">\n<div class=\"page-title-head hgroup\">\n<div class=\"page-title-head hgroup\">\n<div class=\"page-title-head hgroup\">\n<div class=\"b654a4as d2edcug0\">\n<div class=\"page-title-head hgroup\">\n<div class=\"page-title-head hgroup\">\n<div class=\"page-title-head hgroup\">\n<div class=\"page-title-head hgroup\">\n<div class=\"b654a4as d2edcug0\">\n<div class=\"page-title-head hgroup\">\n<div class=\"page-title-head hgroup\">\n<div class=\"page-title-head hgroup\">\n<div class=\"page-title-head hgroup\">\n<div class=\"page-title-head hgroup\">\n<div class=\"mkdf-post-text\">\n<div class=\"mkdf-post-text-inner\">\n<div class=\"mkdf-post-text-main\">\n<div class=\"mkdf-post-text\">\n<div class=\"mkdf-post-text-inner\">\n<div class=\"mkdf-post-text-main\">\n<div class=\"mkdf-post-text\">\n<div class=\"mkdf-post-text-inner\">\n<div class=\"mkdf-post-text-main\">\n<div class=\"page-title-head hgroup\">\n<div class=\"page-title-head hgroup\">\n<div class=\"mkdf-post-text\">\n<div class=\"mkdf-post-text-inner\">\n<div class=\"mkdf-post-text-main\">\n<div class=\"mkdf-post-text\">\n<div class=\"mkdf-post-text-inner\">\n<div class=\"mkdf-post-text-main\">\n<div class=\"page-title-head hgroup\">\n<div class=\"page-title-head hgroup\">\n<div class=\"page-title-head hgroup\">\n<div class=\"page-title-head hgroup\">\n<div class=\"b654a4as d2edcug0\">\n<div class=\"page-title-head hgroup\">\n<div class=\"page-title-head hgroup\">\n<div class=\"page-title-head hgroup\">\n<div class=\"page-title-head hgroup\">\n<div class=\"b654a4as d2edcug0\">\n<div class=\"page-title-head hgroup\">\n<div class=\"page-title-head hgroup\">\n<div class=\"page-title-head hgroup\">\n<div style=\"text-align: left;\">\n<p>&nbsp;<\/p>\n<\/div>\n<hr \/>\n<p>&nbsp;<\/p>\n<p><a class=\"dt-pswp-item\" href=\"https:\/\/www.radiopiu.net\/wordpress\/wp-content\/uploads\/2018\/09\/WhatsApp-Image-2018-09-20-at-16.04.06.jpeg\" data-dt-img-description=\"\" data-large_image_width=\"800\" data-large_image_height=\"100\"><img loading=\"lazy\" decoding=\"async\" class=\"aligncenter wp-image-61378 size-full\" src=\"https:\/\/www.radiopiu.net\/wordpress\/wp-content\/uploads\/2018\/09\/WhatsApp-Image-2018-09-20-at-16.04.06.jpeg\" alt=\"\" width=\"800\" height=\"100\" srcset=\"https:\/\/www.radiopiu.net\/wordpress\/wp-content\/uploads\/2018\/09\/WhatsApp-Image-2018-09-20-at-16.04.06.jpeg 800w, https:\/\/www.radiopiu.net\/wordpress\/wp-content\/uploads\/2018\/09\/WhatsApp-Image-2018-09-20-at-16.04.06-300x38.jpeg 300w, https:\/\/www.radiopiu.net\/wordpress\/wp-content\/uploads\/2018\/09\/WhatsApp-Image-2018-09-20-at-16.04.06-768x96.jpeg 768w\" sizes=\"auto, (max-width: 800px) 100vw, 800px\" \/><\/a><\/p>\n<p>&nbsp;<\/p>\n<p style=\"text-align: center;\"><strong>Marted\u00ec 9<\/strong><\/p>\n<p>Netto miglioramento del tempo con sole e cielo sereno al mattino e sereno o poco nuvoloso al pomeriggio per modesti cumuli a ridosso delle cime. Aria nitida e ottima visibilit\u00e0. Il contesto fresco della notte lascer\u00e0 spazio a una giornata di nuovo un po&#8217; pi\u00f9 calda grazie al buon soleggiamento.<br \/>\n<strong>Precipitazioni.<\/strong>\u00a0Assenti (0%).<br \/>\n<strong>Temperature.<\/strong>\u00a0Minime in lieve calo, massime in contenuto aumento. Sono previste punte di 29\/31\u00b0C nelle conche prealpine e di 24\/26\u00b0C a 1000\/1200 m. Su Prealpi a 1500 m min 12\u00b0C max 20\u00b0C, a 2000 m min 9\u00b0C max 16\u00b0C. Su Dolomiti a 2000 m min 8\u00b0C max 17\u00b0C, a 3000 m min 3\u00b0C max 7\u00b0C.<br \/>\n<strong>Venti.<\/strong>\u00a0Nelle valli perlopi\u00f9 deboli a regime di brezza, localmente e a tratti moderati. In quota perlopi\u00f9 deboli dai quadranti settentrionali, salvo rinforzi erratici sulle cime pi\u00f9 alte, a 5-10 km\/h a 2000 m e 5-20 km\/h a 3000 m.<\/p>\n<p style=\"text-align: center;\"><strong>Mercoled\u00ec 10<\/strong><\/p>\n<p>Tempo ben soleggiato al mattino e lieve riduzione del soleggiamento al pomeriggio per attivit\u00e0 cumuliforme, spesso modesta e solo localmente moderata. La dinamica sar\u00e0 ancora improntata alla stabilit\u00e0 scongiurando il rischio di fenomeni. Il contesto termico sar\u00e0 estivo nelle valli e ancora un po&#8217; fresco in alta quota, specie nei settori interessati dalla nuvolosit\u00e0.<br \/>\n<strong>Precipitazioni.<\/strong>\u00a0Assenti (0%).<br \/>\n<strong>Temperature.<\/strong>\u00a0Senza variazioni di rilievo nelle valli rispetto a marted\u00ec e in leggera flessione in quota, dove il contesto sar\u00e0 fresco all&#8217;alba. Su Prealpi a 1500 m min 12\u00b0C max 18\u00b0C, a 2000 m min 9\u00b0C max 15\u00b0C. Su Dolomiti a 2000 m min 8\u00b0C max 15\u00b0C, a 3000 m min 2\u00b0C max 5\u00b0C.<br \/>\n<strong>Venti.<\/strong>\u00a0Nelle valli perlopi\u00f9 deboli a regime di brezza, localmente e a tratti moderati. In quota perlopi\u00f9 deboli nord-occidentali, salvo rinforzi erratici sulle cime pi\u00f9 alte, a 5-10 km\/h a 2000 m e 5-20 km\/h a 3000 m.<\/p>\n<h3 style=\"text-align: center;\"><strong style=\"font-size: 14px;\">Gioved\u00ec 11<\/strong><span style=\"font-size: 14px; font-weight: normal;\">\u00a0<\/span><\/h3>\n<h3><span style=\"font-size: 14px; font-weight: normal;\">Tempo ancora perlopi\u00f9 soleggiato con ampi tratti di sereno e presenza di temporanee velature del cielo per sottili nubi alte. A inizio giornata, tuttavia, non esclusi stratocumuli, in diradamento nel corso della mattinata. La dinamica sar\u00e0 ancora all&#8217;insegna della stabilit\u00e0, salvo isolati fenomeni serali. Temperature minime stazionarie e massime in lieve diminuzione. Venti perlopi\u00f9 deboli a regime di brezza nelle valli, localmente e a tratti moderati nelle ore pi\u00f9 calde. In quota deboli da nord nord-ovest con qualche rinforzo erratico sulle cime pi\u00f9 alte.<\/span><\/h3>\n<p style=\"text-align: center;\"><strong>Venerd\u00ec 12<\/strong><\/p>\n<p>Al mattino tratti soleggiati, anche lunghi e primi annuvolamenti irregolari. Al pomeriggio aumento della nuvolosit\u00e0, la quale risulter\u00e0 via via pi\u00f9 intensa. La probabilit\u00e0 di rovesci e temporali aumenter\u00e0 tra il pomeriggio e la sera fino a risultare alte; ritorno di un po&#8217; di neve sulle cime dolomitiche pi\u00f9 alte (3000 m). Temperature in generale calo, eccetto aumento delle minime nelle valli. Venti deboli\/moderati per brezze nelle valli, senza escludere locali forti raffiche in caso di temporale; in quota moderati da nord. Previsore: R.L.Th.<\/p>\n<p>&nbsp;<\/p>\n<hr \/>\n<p>&nbsp;<\/p>\n<p><a href=\"https:\/\/www.radiopiu.net\/wordpress\/giornale-radiopiu-26-settembre-2018-direttore-mirko-mezzacasa\/viabilita-2\/\" rel=\"attachment wp-att-61954\"><img loading=\"lazy\" decoding=\"async\" class=\"aligncenter wp-image-61954 size-full\" src=\"https:\/\/www.radiopiu.net\/wordpress\/wp-content\/uploads\/2018\/09\/viabilita.jpeg\" sizes=\"auto, (max-width: 800px) 100vw, 800px\" srcset=\"https:\/\/www.radiopiu.net\/wordpress\/wp-content\/uploads\/2018\/09\/viabilita.jpeg 800w, https:\/\/www.radiopiu.net\/wordpress\/wp-content\/uploads\/2018\/09\/viabilita-300x38.jpeg 300w, https:\/\/www.radiopiu.net\/wordpress\/wp-content\/uploads\/2018\/09\/viabilita-768x96.jpeg 768w\" alt=\"\" width=\"800\" height=\"100\" \/><\/a><\/p>\n<blockquote>\n<h3><\/h3>\n<h3>GALLERIA DI SEGUSINO CHIUSA PER 4 MESI<\/h3>\n<\/blockquote>\n<p><strong><a class=\"dt-pswp-item\" href=\"https:\/\/www.radiopiu.net\/wordpress\/wp-content\/uploads\/2020\/05\/VENETO-STRADE.png\" data-dt-img-description=\"\" data-large_image_width=\"400\" data-large_image_height=\"400\"><img loading=\"lazy\" decoding=\"async\" class=\" wp-image-135574 alignleft\" src=\"https:\/\/www.radiopiu.net\/wordpress\/wp-content\/uploads\/2020\/05\/VENETO-STRADE-150x150.png\" alt=\"\" width=\"102\" height=\"102\" srcset=\"https:\/\/www.radiopiu.net\/wordpress\/wp-content\/uploads\/2020\/05\/VENETO-STRADE-150x150.png 150w, https:\/\/www.radiopiu.net\/wordpress\/wp-content\/uploads\/2020\/05\/VENETO-STRADE-300x300.png 300w, https:\/\/www.radiopiu.net\/wordpress\/wp-content\/uploads\/2020\/05\/VENETO-STRADE.png 400w\" sizes=\"auto, (max-width: 102px) 100vw, 102px\" \/><\/a><\/strong><\/p>\n<p><strong>SEDICO<\/strong> Veneto Strade comunica che sulla SP 1 Bis &#8220;Madonna del Piave&#8221;, dal 12 luglio e fino al 4 novembre, compresi sabati domeniche e festivi infrasettimanali, un&#8217;interdizione totale al transito per l&#8217;intera tratta della galleria di Segusino in seguito a dei lavori per messa in sicurezza della condotta acquedottistica<\/p>\n<p>&nbsp;<\/p>\n<p>&nbsp;<\/p>\n<blockquote>\n<h3>MODIFICHE ALLA VIABILITA&#8217; A BELLUNO<\/h3>\n<\/blockquote>\n<p><strong>IN CENTRO\u00a0\u00a0<\/strong><span dir=\"ltr\" role=\"presentation\">Dal<\/span><span dir=\"ltr\" role=\"presentation\">le\u00a0 6 del 30 luglio alle 18 del 31 agosto <\/span>\u00a0<span dir=\"ltr\" role=\"presentation\">istituzione del divieto di sosta con rimozione forzata dei veicoli, in<\/span><br role=\"presentation\" \/><span dir=\"ltr\" role=\"presentation\">piazza Mazzini nell\u2019area antistante ai civici da 1 a 5; <\/span>\u00a0<span dir=\"ltr\" role=\"presentation\">istituzione del divieto di sosta con rimozione forzata dei veicoli, in <\/span><span dir=\"ltr\" role=\"presentation\">piazza Mazzini sui due stalli di sosta riservati ai veicoli per residenti <\/span><span dir=\"ltr\" role=\"presentation\">autorizzati<\/span><\/p>\n<p><strong>A LEVEGO<\/strong> Per consentire i lavori di completamento della rotatoria, si rendono necessarie le seguenti modifiche alla viabilita\u0300, nel centro abitato di Levego, nel periodo dal 1\u00b0 agosto al 15 settembre: istituzione del senso unico alternato di circolazione veicolare, regolato da impianto semaforico e, in caso di traffico particolarmente intenso, da idoneo personale, sulla Strada Provinciale 1 \u201cdella Sinistra Piave\u201d; istituzione del limite di velocita\u0300 di 30 km\/h, nonche\u0301 del divieto di sorpasso in corrispondenza dell\u2019area di cantiere.<\/p>\n<p><strong>VIE MATTEOTTI, GARIBALDI E LORETO <\/strong>istituzione del senso unico alternato di circolazione veicolare regolato a vista da idonea segnaletica stradale all\u2019intersezione tra le vie Matteotti, Garibaldi e Loreto in corrispondenza del cantiere, fino alle ore 18.00 del 30 settembre;<\/p>\n<p><strong>VIA FAVERGHERA<\/strong> Per consentire lo svolgimento promozionale di attivita\u0300 motorio-sportiva con pattini, nella giornata di sabato 6 agosto, dalle ore 8.00 alle ore 12.00: istituzione del divieto di sosta con rimozione forzata dei veicoli e del divieto di circolazione<\/p>\n<p><strong>PIAZZA MAZZINI<\/strong> Per consentire l&#8217;esecuzione dei lavori di smontaggio della gru utilizzata nei lavori di recupero edilizio di un fabbricato oggetto di ristrutturazione, si rendono necessarie le seguenti modifiche alla viabilita\u0300, dalle ore 6.00 alle ore 18.00 del 10 agosto: istituzione del senso unico alternato di circolazione veicolare per i soli residenti autorizzati, divieto di sosta con rimozione forzata dei veicoli su tutti gli stalli di piazza Mazzini<\/p>\n<p><strong>VIA FELTRE<\/strong> Per consentire la creazione di un\u2019area di cantiere necessaria al posizionamento di una piattaforma per lavori di manutenzione delle antenne, si rende necessaria l&#8217;istituzione del divieto di sosta con rimozione forzata dei veicoli, in Feltre negli stalli di sosta a pagamento immediatamente a sinistra dell\u2019entrata a ridosso dell\u2019antenna nel parcheggio \u201cex Moi\u201d, dalle ore 8.00 dell&#8217;11 alle ore 18.00 del 12 agosto.<\/p>\n<p>&nbsp;<\/p>\n<p>&nbsp;<\/p>\n<hr \/>\n<p>&nbsp;<\/p>\n<p>&nbsp;<\/p>\n<p><img loading=\"lazy\" decoding=\"async\" class=\"wp-image-60761 size-full aligncenter\" src=\"https:\/\/www.radiopiu.net\/wordpress\/wp-content\/uploads\/2018\/09\/sport.jpg\" alt=\"\" width=\"800\" height=\"100\" srcset=\"https:\/\/www.radiopiu.net\/wordpress\/wp-content\/uploads\/2018\/09\/sport.jpg 800w, https:\/\/www.radiopiu.net\/wordpress\/wp-content\/uploads\/2018\/09\/sport-300x38.jpg 300w, https:\/\/www.radiopiu.net\/wordpress\/wp-content\/uploads\/2018\/09\/sport-768x96.jpg 768w\" sizes=\"auto, (max-width: 800px) 100vw, 800px\" \/><\/p>\n<\/div>\n<\/div>\n<\/div>\n<div class=\"page-title-head hgroup\">\n<div class=\"page-title-head hgroup\">\n<p>&nbsp;<\/p>\n<\/div>\n<\/div>\n<div class=\"page-title-head hgroup\">\n<div class=\"page-title-head hgroup\">\n<div class=\"page-title-head hgroup\">\n<p><span style=\"color: #0000ff;\"><strong>CALCIO<\/strong><\/span><\/p>\n<blockquote>\n<h3>VOLTAGO CAMPIONE AGORDINO, I COMPLIMENTI DEL SINDACO GIUSEPPE SCHENA<\/h3>\n<\/blockquote>\n<p><strong><a class=\"dt-pswp-item\" href=\"https:\/\/www.radiopiu.net\/wordpress\/wp-content\/uploads\/2022\/08\/315b96f4-3a78-4a4e-9cca-5f5bc71073f4.jpg\" data-dt-img-description=\"\" data-large_image_width=\"1024\" data-large_image_height=\"768\"><img loading=\"lazy\" decoding=\"async\" class=\"size-thumbnail wp-image-291678 alignleft\" src=\"https:\/\/www.radiopiu.net\/wordpress\/wp-content\/uploads\/2022\/08\/315b96f4-3a78-4a4e-9cca-5f5bc71073f4-150x150.jpg\" alt=\"\" width=\"150\" height=\"150\" \/><\/a>VOLTAGO<\/strong> Per la terza volta consecutiva il Voltago ha vinto il Campionato Agordino di calcio. A bordo campo tra il pubblico anche il sindaco di Voltago Giuseppe Schena che a Gosaldo \u00e8 andato ad incitare la squadra del paese. Una partita tirata che ha vissuto con ansia e poi la festa sotto al tendone del campo sportivo con l&#8217;organizzazione del U.S. Gosaldo<\/p>\n<p><strong>IL SINDACO DI VOLTAGO GIUSEPPE SCHENA<\/strong><\/p>\n<audio class=\"wp-audio-shortcode\" id=\"audio-291680-11\" preload=\"none\" style=\"width: 100%;\" controls=\"controls\"><source type=\"audio\/mpeg\" src=\"https:\/\/www.radiopiu.net\/wordpress\/wp-content\/uploads\/2022\/08\/SINDACO-VOLTAGO-CAMPIONATO-AGORDINO.mp3?_=11\" \/><a href=\"https:\/\/www.radiopiu.net\/wordpress\/wp-content\/uploads\/2022\/08\/SINDACO-VOLTAGO-CAMPIONATO-AGORDINO.mp3\">https:\/\/www.radiopiu.net\/wordpress\/wp-content\/uploads\/2022\/08\/SINDACO-VOLTAGO-CAMPIONATO-AGORDINO.mp3<\/a><\/audio>\n<p>&nbsp;<\/p>\n<blockquote>\n<h3>ANCHE PER IL TAIBON UN TRIPLETE NEL CAMPIONATO GIOVANILE<\/h3>\n<\/blockquote>\n<p><strong><a class=\"dt-pswp-item\" href=\"https:\/\/www.radiopiu.net\/wordpress\/wp-content\/uploads\/2022\/08\/162dbeba-129d-4adb-ba14-24654a58b89b.jpg\" data-dt-img-description=\"\" data-large_image_width=\"1600\" data-large_image_height=\"1200\"><img loading=\"lazy\" decoding=\"async\" class=\"size-thumbnail wp-image-291620 alignleft\" src=\"https:\/\/www.radiopiu.net\/wordpress\/wp-content\/uploads\/2022\/08\/162dbeba-129d-4adb-ba14-24654a58b89b-150x150.jpg\" alt=\"\" width=\"150\" height=\"150\" \/><\/a>REDAZIONE<\/strong> Nelle ultime ore si \u00e8 parlato tanto delle tre vittorie consecutive del Voltago nel Memorial Denis Tonin. Ma anche il Taibon non \u00e8 da meno. La squadra guidata da Roberto Broglio ha fatto altrettanto nel Memorial Gabriele Orzetti dedicato ai giovani under 14. Infatti anche i taiboner hanno copiato i grandi del Voltago mettendo a segno una triplete vincendo il torneo nel 2018, 2019 e 2022. Un obbiettivo non da poco conto considerando che in 5 anni le squadre del giovanile sono state completamente stravolte con gli ingressi dei pi\u00f9 giovani e il passaggio al campionato senior per coloro che hanno superato il limite d&#8217;et\u00e0. Come si sa il Campionato Agordino Giovanile \u00e8 sempre stato il pi\u00f9 difficile da vincere e molto spesso succede che ogni anno viene vito da una squadra diversa. Complimenti ai giovani del Taibon, all&#8217;allenatore Roberto Broglio e al Gruppo Sportivo Taibon che ha saputo creare un gruppo vincente.<\/p>\n<p>&nbsp;<\/p>\n<p>&nbsp;<\/p>\n<hr \/>\n<p>&nbsp;<\/p>\n<p><span style=\"color: #0000ff;\"><strong>SPORT PARALIMPICI<\/strong><\/span><\/p>\n<blockquote>\n<h3>RUGBY IN CARROZZINA, L&#8217;ITALIA RINUNCIA ALL&#8217;EUROPEO<\/h3>\n<\/blockquote>\n<p><strong><a class=\"dt-pswp-item\" href=\"https:\/\/www.radiopiu.net\/wordpress\/wp-content\/uploads\/2022\/08\/Schermata-2022-08-08-alle-21.40.21.png\" data-dt-img-description=\"\" data-large_image_width=\"1284\" data-large_image_height=\"806\"><img loading=\"lazy\" decoding=\"async\" class=\"alignleft wp-image-291790 \" src=\"https:\/\/www.radiopiu.net\/wordpress\/wp-content\/uploads\/2022\/08\/Schermata-2022-08-08-alle-21.40.21-300x188.png\" alt=\"\" width=\"207\" height=\"130\" srcset=\"https:\/\/www.radiopiu.net\/wordpress\/wp-content\/uploads\/2022\/08\/Schermata-2022-08-08-alle-21.40.21-300x188.png 300w, https:\/\/www.radiopiu.net\/wordpress\/wp-content\/uploads\/2022\/08\/Schermata-2022-08-08-alle-21.40.21-1024x643.png 1024w, https:\/\/www.radiopiu.net\/wordpress\/wp-content\/uploads\/2022\/08\/Schermata-2022-08-08-alle-21.40.21-768x482.png 768w, https:\/\/www.radiopiu.net\/wordpress\/wp-content\/uploads\/2022\/08\/Schermata-2022-08-08-alle-21.40.21.png 1284w\" sizes=\"auto, (max-width: 207px) 100vw, 207px\" \/><\/a>REDAZIONE<\/strong> Niente europeo di Rugby in carrozzina per l&#8217;Italia. Ad annunciarlo con una nota la Federazione. La motivazione \u00e8 legata alle difficolt\u00e0 logistiche nel trasferimento dei giocatori e delle carrozzine. Infatti non sono state trovate compagnie aree che forniscano assistenza agli atleti e al trasbordo delle carrozzine da gioco. Gli europei di Rugby in carrozzina sono in programma dal 4 all&#8217;11 settembre in Norvegia. Un&#8217;occasione persa per gli atleti disabili che si stavano preparando all&#8217;appuntamento scandinavo. Tra loro anche Davide Giozet, bellunese di Sedico che sul sito della FISPES, la federazione degli sport paralimpici, dichiara che erano pronti per l&#8217;appuntamento. I giocatori si erano allenati il pi\u00f9 possibile rinunciando anche alle ferie.<\/p>\n<p><strong>DAL SITO DELLA FISPES <a href=\"https:\/\/l.facebook.com\/l.php?u=https%3A%2F%2Ffispes.it%2Fnews%2Flrsquoitalia-rinuncia-allrsquoeuropeo-di-rugby-carrozzina-di-settembrenbspnbsp%3Ffbclid%3DIwAR1dCe_keM07dKbHmOtcekst_UhNo4SA2_l09sqH3EsLxqeUJ3oondK0y0g&amp;h=AT2BIEzOBiU95IL0lGojN2sArm8TNvKNVuyGjO-J4CHnrEYGNs4gEpQxRTTH1ifnq0WX3s3cKAPhemNMiBMK2mhxBme4xTJKOcwVEansFvQE5eDKJv0XipOt2Jqo3HyECdyHCVE&amp;__tn__=%2CmH-R&amp;c[0]=AT0iDid933YFtVHtVtib_53sEo0GhKUXVE454kqxnYiVZMWoD6iKY3gOobo-sYD7ZomYmUzyH_W5VCBoofCVgOHh0rWXrxg5lIxTv5Gf5EPgo5UwPe211zHlZXAVxuWJKJJ71hy2p-klh1B7kN9QEpLObSs\">CLICCA QUI<\/a><\/strong><\/p>\n<p>&nbsp;<\/p>\n<p>&nbsp;<\/p>\n<hr \/>\n<p>&nbsp;<\/p>\n<p><span style=\"color: #0000ff;\">CORSA IN MONTAGNA\u00a0<\/span><\/p>\n<p><strong><a class=\"dt-pswp-item\" href=\"https:\/\/www.radiopiu.net\/wordpress\/wp-content\/uploads\/2022\/08\/e16bbbed-1009-46c0-9d0b-0c48215387bf.jpeg\" data-dt-img-description=\"\" data-large_image_width=\"2048\" data-large_image_height=\"1412\"><img loading=\"lazy\" decoding=\"async\" class=\"size-thumbnail wp-image-291153 alignleft\" src=\"https:\/\/www.radiopiu.net\/wordpress\/wp-content\/uploads\/2022\/08\/e16bbbed-1009-46c0-9d0b-0c48215387bf-150x150.jpeg\" alt=\"\" width=\"150\" height=\"150\" \/><\/a>di Mirko Mezzacasa<\/strong><\/p>\n<p><strong>OSPITI:<\/strong> Gabriele Riva, Simone Merlin e Viki Riva<\/p>\n<audio class=\"wp-audio-shortcode\" id=\"audio-291680-12\" preload=\"none\" style=\"width: 100%;\" controls=\"controls\"><source type=\"audio\/mpeg\" src=\"https:\/\/www.radiopiu.net\/wordpress\/wp-content\/uploads\/2022\/08\/VA-PIAN-MA-RIVA.mp3?_=12\" \/><a href=\"https:\/\/www.radiopiu.net\/wordpress\/wp-content\/uploads\/2022\/08\/VA-PIAN-MA-RIVA.mp3\">https:\/\/www.radiopiu.net\/wordpress\/wp-content\/uploads\/2022\/08\/VA-PIAN-MA-RIVA.mp3<\/a><\/audio>\n<p><strong><a class=\"dt-pswp-item\" href=\"https:\/\/www.radiopiu.net\/wordpress\/wp-content\/uploads\/2022\/08\/alan.jpg\" data-dt-img-description=\"\" data-large_image_width=\"262\" data-large_image_height=\"372\"><img loading=\"lazy\" decoding=\"async\" class=\"size-thumbnail wp-image-291802 alignleft\" src=\"https:\/\/www.radiopiu.net\/wordpress\/wp-content\/uploads\/2022\/08\/alan-150x150.jpg\" alt=\"\" width=\"150\" height=\"150\" \/><\/a><\/strong><\/p>\n<p>&nbsp;<\/p>\n<p>&nbsp;<\/p>\n<p>&nbsp;<\/p>\n<p>&nbsp;<\/p>\n<p>&nbsp;<\/p>\n<p>foto, Alan Scussel<\/p>\n<p><strong>di GIANNI SANTOMASO, dal Corriere delle Alpi\u00a0<\/strong><\/p>\n<audio class=\"wp-audio-shortcode\" id=\"audio-291680-13\" preload=\"none\" style=\"width: 100%;\" controls=\"controls\"><source type=\"audio\/mpeg\" src=\"https:\/\/www.radiopiu.net\/wordpress\/wp-content\/uploads\/2022\/08\/GIANNI-VA-PIAN-MA-RIVA.mp3?_=13\" \/><a href=\"https:\/\/www.radiopiu.net\/wordpress\/wp-content\/uploads\/2022\/08\/GIANNI-VA-PIAN-MA-RIVA.mp3\">https:\/\/www.radiopiu.net\/wordpress\/wp-content\/uploads\/2022\/08\/GIANNI-VA-PIAN-MA-RIVA.mp3<\/a><\/audio>\n<p>&nbsp;<\/p>\n<p>&nbsp;<\/p>\n<p>&nbsp;<\/p>\n<hr \/>\n<p><span style=\"color: #0000ff;\"><strong>\u00a0<\/strong><\/span><\/p>\n<p><span style=\"color: #0000ff;\"><strong>PALLAVOLO<\/strong><\/span><\/p>\n<blockquote>\n<h3>IL CAMP ESTIVO DELLA PALLAVOLO BELLUNO<\/h3>\n<\/blockquote>\n<p><strong>BELLUNO <\/strong>In estate la pallavolo va in vacanza? No. E nemmeno la passione, che invece \u00e8 il caso di coltivare anche sotto il sol leone. Specialmente se si tratta di coinvolgere i giovani, prenderli per mano e accompagnarli nel magico mondo dei palleggi e delle schiacciate. Un mondo da cui, una volta entrati, \u00e8 difficile uscire.<span class=\"gmail-Apple-converted-space\"> \u00a0<\/span>Lo sanno benissimo tre atleti della prima squadra legata alla Da Rold Logistics Belluno e ormai prossimi ad affrontare il secondo campionato di fila in Serie A3: in particolare, il libero Gonzalo Martinez e due nuovi arrivati come l\u2019opposto Marco Novello e la banda Alberto Saibene.<span class=\"gmail-Apple-converted-space\"> \u00a0<\/span>Il trio ha raggiunto le ragazze e i ragazzi impegnati nel Camp estivo di volley, promosso dalla Spes e gestito da Simone \u201cGigio\u201d Donadel ed Erica Padoin.<span class=\"gmail-Apple-converted-space\"> \u00a0<\/span>Oltre ad aver svelato alcuni \u201ctrucchi del mestiere\u201d ai protagonisti dell\u2019iniziativa sotto rete, i \u201crinoceronti\u201d hanno ammaliato i baby pallavolisti con il racconto delle loro esperienze vissute sui parquet di livello nazionale.<span class=\"gmail-Apple-converted-space\"> \u00a0<\/span>Per i giovani, un momento davvero coinvolgente. Per Martinez, Novello e Saibene, una parentesi gratificante, nella quale hanno dato un contributo tangibile, ricevendo in cambio affetto, passione, spontaneit\u00e0 e sorrisi: ingredienti fondamentali per far crescere la pallavolo all\u2019ombra delle Dolomiti.<span class=\"gmail-Apple-converted-space\">\u00a0<\/span><\/p>\n\n\t\t\t<style type='text\/css'>\n\t\t\t\t#gallery-8 {\n\t\t\t\t\tmargin: auto;\n\t\t\t\t}\n\t\t\t\t#gallery-8 .gallery-item {\n\t\t\t\t\tfloat: left;\n\t\t\t\t\tmargin-top: 10px;\n\t\t\t\t\ttext-align: center;\n\t\t\t\t\twidth: 50%;\n\t\t\t\t}\n\t\t\t\t#gallery-8 img {\n\t\t\t\t\tborder: 2px solid #cfcfcf;\n\t\t\t\t}\n\t\t\t\t#gallery-8 .gallery-caption {\n\t\t\t\t\tmargin-left: 0;\n\t\t\t\t}\n\t\t\t\t\/* see gallery_shortcode() in wp-includes\/media.php *\/\n\t\t\t<\/style>\n\t\t<div id='gallery-8' class='dt-gallery-container gallery galleryid-291680 gallery-columns-2 gallery-size-medium'><dl class='gallery-item'>\n\t\t\t\t<dt class='gallery-icon landscape'>\n\t\t\t\t\t<a class=\"rollover rollover-zoom dt-pswp-item\" title=\"Martinez_e_Saibene_al_Camp\" data-dt-img-description=\"\" data-large_image_width=\"1600\" data-large_image_height=\"1200\"href='https:\/\/www.radiopiu.net\/wordpress\/wp-content\/uploads\/2022\/08\/Martinez_e_Saibene_al_Camp.jpg'><img loading=\"lazy\" decoding=\"async\" width=\"300\" height=\"225\" src=\"https:\/\/www.radiopiu.net\/wordpress\/wp-content\/uploads\/2022\/08\/Martinez_e_Saibene_al_Camp-300x225.jpg\" class=\"attachment-medium size-medium\" alt=\"\" srcset=\"https:\/\/www.radiopiu.net\/wordpress\/wp-content\/uploads\/2022\/08\/Martinez_e_Saibene_al_Camp-300x225.jpg 300w, https:\/\/www.radiopiu.net\/wordpress\/wp-content\/uploads\/2022\/08\/Martinez_e_Saibene_al_Camp-1024x768.jpg 1024w, https:\/\/www.radiopiu.net\/wordpress\/wp-content\/uploads\/2022\/08\/Martinez_e_Saibene_al_Camp-768x576.jpg 768w, https:\/\/www.radiopiu.net\/wordpress\/wp-content\/uploads\/2022\/08\/Martinez_e_Saibene_al_Camp-1536x1152.jpg 1536w, https:\/\/www.radiopiu.net\/wordpress\/wp-content\/uploads\/2022\/08\/Martinez_e_Saibene_al_Camp.jpg 1600w\" sizes=\"auto, (max-width: 300px) 100vw, 300px\" \/><\/a>\n\t\t\t\t<\/dt><\/dl><dl class='gallery-item'>\n\t\t\t\t<dt class='gallery-icon landscape'>\n\t\t\t\t\t<a class=\"rollover rollover-zoom dt-pswp-item\" title=\"Novello_al_Camp_estivo\" data-dt-img-description=\"\" data-large_image_width=\"1600\" data-large_image_height=\"1200\"href='https:\/\/www.radiopiu.net\/wordpress\/wp-content\/uploads\/2022\/08\/Novello_al_Camp_estivo.jpg'><img loading=\"lazy\" decoding=\"async\" width=\"300\" height=\"225\" src=\"https:\/\/www.radiopiu.net\/wordpress\/wp-content\/uploads\/2022\/08\/Novello_al_Camp_estivo-300x225.jpg\" class=\"attachment-medium size-medium\" alt=\"\" srcset=\"https:\/\/www.radiopiu.net\/wordpress\/wp-content\/uploads\/2022\/08\/Novello_al_Camp_estivo-300x225.jpg 300w, https:\/\/www.radiopiu.net\/wordpress\/wp-content\/uploads\/2022\/08\/Novello_al_Camp_estivo-1024x768.jpg 1024w, https:\/\/www.radiopiu.net\/wordpress\/wp-content\/uploads\/2022\/08\/Novello_al_Camp_estivo-768x576.jpg 768w, https:\/\/www.radiopiu.net\/wordpress\/wp-content\/uploads\/2022\/08\/Novello_al_Camp_estivo-1536x1152.jpg 1536w, https:\/\/www.radiopiu.net\/wordpress\/wp-content\/uploads\/2022\/08\/Novello_al_Camp_estivo.jpg 1600w\" sizes=\"auto, (max-width: 300px) 100vw, 300px\" \/><\/a>\n\t\t\t\t<\/dt><\/dl><br style=\"clear: both\" \/>\n\t\t\t<\/div>\n\n<\/div>\n<\/div>\n<\/div>\n<\/div>\n<\/div>\n<\/div>\n<\/div>\n<\/div>\n<\/div>\n<\/div>\n<\/div>\n<\/div>\n<\/div>\n<\/div>\n<\/div>\n<\/div>\n<\/div>\n<\/div>\n<\/div>\n<\/div>\n<\/div>\n<\/div>\n<\/div>\n<\/div>\n<\/div>\n<\/div>\n<\/div>\n<\/div>\n<\/div>\n<\/div>\n<\/div>\n<\/div>\n<\/div>\n<\/div>\n<\/div>\n<\/div>\n<\/div>\n<\/div>\n<\/div>\n<\/div>\n<\/div>\n<\/div>\n<\/div>\n<\/div>\n<\/div>\n<\/div>\n<\/div>\n<\/div>\n<\/div>\n<\/div>\n<\/div>\n<\/div>\n<\/div>\n<\/div>\n<\/div>\n<\/div>\n<\/div>\n<\/div>\n<\/div>\n<\/div>\n<\/div>\n<\/div>\n<\/div>\n<\/div>\n<\/div>\n<\/div>\n<\/div>\n<\/div>\n<\/div>\n<\/div>\n<\/div>\n<\/div>\n<\/div>\n<\/div>\n<\/div>\n<\/div>\n<\/div>\n<\/div>\n<\/div>\n<\/div>\n<\/div>\n<\/div>\n<\/div>\n<\/div>\n<\/div>\n<\/div>\n<\/div>\n<\/div>\n<\/div>\n<\/div>\n<\/div>\n<\/div>\n<\/div>\n<\/div>\n<\/div>\n<\/div>\n<\/div>\n<\/div>\n<\/div>\n<\/div>\n<\/div>\n<\/div>\n<\/div>\n<\/div>\n","protected":false},"excerpt":{"rendered":"<p>RADIO PIU INFORMAZIONE il canale su TELEGRAM informazione di prima\u00a0 mano e in tempo reale. iscriviti ed aiutaci a farlo conoscere\u00a0 \u00a0 &nbsp; &nbsp; ACQUA NON POTABILE A MOE&#8217; DI LASTE DI ROCCA PIETORE ROCCA PIETORE Gestione Servizi Pubblici informa che a ROCCA PIETORE in localit\u00e0 MOE\u2019 DI LASTE l&#8217;acqua erogata dall&#8217;acquedotto non \u00e8 potabile&hellip;<\/p>\n","protected":false},"author":4,"featured_media":291743,"comment_status":"closed","ping_status":"closed","sticky":false,"template":"","format":"standard","meta":{"_monsterinsights_skip_tracking":false,"_monsterinsights_sitenote_active":false,"_monsterinsights_sitenote_note":"","_monsterinsights_sitenote_category":0,"footnotes":""},"categories":[51,86,49],"tags":[],"class_list":["post-291680","post","type-post","status-publish","format-standard","has-post-thumbnail","hentry","category-evidenza-top","category-gr","category-news-18","category-51","category-86","category-49","description-off"],"img_url":"https:\/\/www.radiopiu.net\/wordpress\/wp-content\/uploads\/2022\/08\/\u00a9Echialessandrosogne-18.jpg","_links":{"self":[{"href":"https:\/\/www.radiopiu.net\/wordpress\/wp-json\/wp\/v2\/posts\/291680","targetHints":{"allow":["GET"]}}],"collection":[{"href":"https:\/\/www.radiopiu.net\/wordpress\/wp-json\/wp\/v2\/posts"}],"about":[{"href":"https:\/\/www.radiopiu.net\/wordpress\/wp-json\/wp\/v2\/types\/post"}],"author":[{"embeddable":true,"href":"https:\/\/www.radiopiu.net\/wordpress\/wp-json\/wp\/v2\/users\/4"}],"replies":[{"embeddable":true,"href":"https:\/\/www.radiopiu.net\/wordpress\/wp-json\/wp\/v2\/comments?post=291680"}],"version-history":[{"count":0,"href":"https:\/\/www.radiopiu.net\/wordpress\/wp-json\/wp\/v2\/posts\/291680\/revisions"}],"wp:featuredmedia":[{"embeddable":true,"href":"https:\/\/www.radiopiu.net\/wordpress\/wp-json\/wp\/v2\/media\/291743"}],"wp:attachment":[{"href":"https:\/\/www.radiopiu.net\/wordpress\/wp-json\/wp\/v2\/media?parent=291680"}],"wp:term":[{"taxonomy":"category","embeddable":true,"href":"https:\/\/www.radiopiu.net\/wordpress\/wp-json\/wp\/v2\/categories?post=291680"},{"taxonomy":"post_tag","embeddable":true,"href":"https:\/\/www.radiopiu.net\/wordpress\/wp-json\/wp\/v2\/tags?post=291680"}],"curies":[{"name":"wp","href":"https:\/\/api.w.org\/{rel}","templated":true}]}}