{"id":291733,"date":"2022-08-09T05:44:25","date_gmt":"2022-08-09T03:44:25","guid":{"rendered":"https:\/\/www.radiopiu.net\/wordpress\/?p=291733"},"modified":"2022-08-09T05:59:51","modified_gmt":"2022-08-09T03:59:51","slug":"verifica-dei-danni-da-maltempo-in-fase-di-definizione-un-piccolo-progetto-a-cancia","status":"publish","type":"post","link":"https:\/\/www.radiopiu.net\/wordpress\/verifica-dei-danni-da-maltempo-in-fase-di-definizione-un-piccolo-progetto-a-cancia\/","title":{"rendered":"VERIFICA DEI DANNI DA MALTEMPO, IN FASE DI DEFINIZIONE UN PICCOLO PROGETTO A CANCIA"},"content":{"rendered":"<p><strong><a class=\"dt-pswp-item\" href=\"https:\/\/www.radiopiu.net\/wordpress\/wp-content\/uploads\/2022\/08\/Cancia-agosto-2022-scaled.jpg\" data-dt-img-description=\"\" data-large_image_width=\"1920\" data-large_image_height=\"2560\"><img loading=\"lazy\" decoding=\"async\" class=\"size-thumbnail wp-image-291728 alignleft\" src=\"https:\/\/www.radiopiu.net\/wordpress\/wp-content\/uploads\/2022\/08\/Cancia-agosto-2022-150x150.jpg\" alt=\"\" width=\"150\" height=\"150\" \/><\/a>BELLUNO <\/strong>\u00ab<em>L\u2019ultima ondata di maltempo ha lasciato alcuni strascichi in termini di danni. Oltre alle tre frane che hanno bloccato la Alemagna a Fiames, abbiamo dovuto registrare alcuni problemi a Lorenzago, per una silvo-pastorale ostruita da fango e ghiaia; e si sono verificati danni cospicui alla ciclabile Dobbiaco-Cortina, per fortuna in un tratto che rientra nel progetto di miglioramento gi\u00e0 finanziato dal Fondo comuni confinanti<\/em>\u00bb. Lo afferma il consigliere provinciale delegato alla difesa del suolo e alla Protezione civile, all\u2019indomani della serie di temporali che hanno investito tutta la parte alta della provincia. La struttura tecnica della Provincia \u00e8 stata interpellata durante il maltempo per una strada bloccata in localit\u00e0 Pian de Sire (tra Vigo e Lorenzago di Cadore), dove \u00e8 rimasto interdetto l\u2019accesso a una malga. Nessun problema invece sul canalone dell\u2019Antelao, a Cancia, dove le opere di difesa inaugurate meno di un anno fa continuano a dare risposte positive rispetto agli episodi meteorologici. Nei prossimi giorni verr\u00e0 avviata la rimozione del materiale accumulatosi nei vasconi e rimasto tutto a monte dell\u2019abitato. L\u2019operazione \u00e8 gi\u00e0 stata disposta e a breve sposter\u00e0 circa 25mila metri cubi di sassi e ghiaia. Domani, 9 agosto, i tecnici provinciali effettueranno un sopralluogo proprio a Cancia, per ultimare un piccolo progetto di sistemazione del tratto del canalone dal ponte di Metanopoli al vascone di valle: si prevede di stabilizzare le sponde ed evitare anche piccole erosioni dell\u2019acqua che tendono a riempire la vasca a valle di ghiaia. \u00ab<em>Dopo la siccit\u00e0, i temporali violenti degli ultimi giorni ci hanno ricordato la fragilit\u00e0 del territorio<\/em>\u00bb conclude il consigliere delegato. \u00ab<em>La funzionalit\u00e0 delle opere di Cancia \u00e8 un\u2019ottima notizia, soprattutto per la sicurezza di chi abita a valle dell\u2019Antelao, e che negli anni ha visto con preoccupazione ogni evento meteo. L\u2019ultimo intervento che stiamo programmando render\u00e0 ancora pi\u00f9 efficace la gestione del canalone e pi\u00f9 sicura la vivibilit\u00e0 della zona<\/em>\u00bb.<\/p>\n<p>&nbsp;<\/p>\n<p>&nbsp;<\/p>\n<p>&nbsp;<\/p>\n<p>*****<\/p>\n","protected":false},"excerpt":{"rendered":"<p>BELLUNO \u00abL\u2019ultima ondata di maltempo ha lasciato alcuni strascichi in termini di danni. Oltre alle tre frane che hanno bloccato la Alemagna a Fiames, abbiamo dovuto registrare alcuni problemi a Lorenzago, per una silvo-pastorale ostruita da fango e ghiaia; e si sono verificati danni cospicui alla ciclabile Dobbiaco-Cortina, per fortuna in un tratto che rientra&hellip;<\/p>\n","protected":false},"author":4,"featured_media":291728,"comment_status":"closed","ping_status":"closed","sticky":false,"template":"","format":"standard","meta":{"_monsterinsights_skip_tracking":false,"_monsterinsights_sitenote_active":false,"_monsterinsights_sitenote_note":"","_monsterinsights_sitenote_category":0,"footnotes":""},"categories":[51,49],"tags":[],"class_list":["post-291733","post","type-post","status-publish","format-standard","has-post-thumbnail","hentry","category-evidenza-top","category-news-18","category-51","category-49","description-off"],"img_url":"https:\/\/www.radiopiu.net\/wordpress\/wp-content\/uploads\/2022\/08\/Cancia-agosto-2022-scaled.jpg","_links":{"self":[{"href":"https:\/\/www.radiopiu.net\/wordpress\/wp-json\/wp\/v2\/posts\/291733","targetHints":{"allow":["GET"]}}],"collection":[{"href":"https:\/\/www.radiopiu.net\/wordpress\/wp-json\/wp\/v2\/posts"}],"about":[{"href":"https:\/\/www.radiopiu.net\/wordpress\/wp-json\/wp\/v2\/types\/post"}],"author":[{"embeddable":true,"href":"https:\/\/www.radiopiu.net\/wordpress\/wp-json\/wp\/v2\/users\/4"}],"replies":[{"embeddable":true,"href":"https:\/\/www.radiopiu.net\/wordpress\/wp-json\/wp\/v2\/comments?post=291733"}],"version-history":[{"count":0,"href":"https:\/\/www.radiopiu.net\/wordpress\/wp-json\/wp\/v2\/posts\/291733\/revisions"}],"wp:featuredmedia":[{"embeddable":true,"href":"https:\/\/www.radiopiu.net\/wordpress\/wp-json\/wp\/v2\/media\/291728"}],"wp:attachment":[{"href":"https:\/\/www.radiopiu.net\/wordpress\/wp-json\/wp\/v2\/media?parent=291733"}],"wp:term":[{"taxonomy":"category","embeddable":true,"href":"https:\/\/www.radiopiu.net\/wordpress\/wp-json\/wp\/v2\/categories?post=291733"},{"taxonomy":"post_tag","embeddable":true,"href":"https:\/\/www.radiopiu.net\/wordpress\/wp-json\/wp\/v2\/tags?post=291733"}],"curies":[{"name":"wp","href":"https:\/\/api.w.org\/{rel}","templated":true}]}}