{"id":291753,"date":"2022-08-09T05:50:03","date_gmt":"2022-08-09T03:50:03","guid":{"rendered":"https:\/\/www.radiopiu.net\/wordpress\/?p=291753"},"modified":"2022-08-09T05:59:15","modified_gmt":"2022-08-09T03:59:15","slug":"scivola-lungo-la-mulattiera-e-si-fa-male","status":"publish","type":"post","link":"https:\/\/www.radiopiu.net\/wordpress\/scivola-lungo-la-mulattiera-e-si-fa-male\/","title":{"rendered":"SCIVOLA LUNGO LA MULATTIERA E SI FA MALE"},"content":{"rendered":"<p><strong>FALCADE<\/strong> Durante una passeggiata assieme al marito e ad altre persone non distante dalla frazione di Costa, una signora \u00e8 scivolata lungo la mulattiera riportando una sospetta slogatura della caviglia. Attorno alle 12.30 \u00e8 stato attivato il 118, che ha allertato il Soccorso alpino della Val Biois, con un soccorritore di passaggio gi\u00e0 sul posto. Una squadra ha raggiunto la 68enne di Pavia di Udine (UD), le ha stabilizzato il piede e la ha trasportata per 200 metri fino all&#8217;abitato, dove attendeva l&#8217;ambulanza della Croce Verde partita in direzione dell&#8217;ospedale di Agordo.<\/p>\n<p>&nbsp;<\/p>\n<p>&nbsp;<\/p>\n<p>******<\/p>\n","protected":false},"excerpt":{"rendered":"<p>FALCADE Durante una passeggiata assieme al marito e ad altre persone non distante dalla frazione di Costa, una signora \u00e8 scivolata lungo la mulattiera riportando una sospetta slogatura della caviglia. Attorno alle 12.30 \u00e8 stato attivato il 118, che ha allertato il Soccorso alpino della Val Biois, con un soccorritore di passaggio gi\u00e0 sul posto.&hellip;<\/p>\n","protected":false},"author":4,"featured_media":270917,"comment_status":"closed","ping_status":"closed","sticky":false,"template":"","format":"standard","meta":{"_monsterinsights_skip_tracking":false,"_monsterinsights_sitenote_active":false,"_monsterinsights_sitenote_note":"","_monsterinsights_sitenote_category":0,"footnotes":""},"categories":[51,49],"tags":[],"class_list":["post-291753","post","type-post","status-publish","format-standard","has-post-thumbnail","hentry","category-evidenza-top","category-news-18","category-51","category-49","description-off"],"img_url":"https:\/\/www.radiopiu.net\/wordpress\/wp-content\/uploads\/2022\/04\/soccorso-alpino-1024x602-1.jpg","_links":{"self":[{"href":"https:\/\/www.radiopiu.net\/wordpress\/wp-json\/wp\/v2\/posts\/291753","targetHints":{"allow":["GET"]}}],"collection":[{"href":"https:\/\/www.radiopiu.net\/wordpress\/wp-json\/wp\/v2\/posts"}],"about":[{"href":"https:\/\/www.radiopiu.net\/wordpress\/wp-json\/wp\/v2\/types\/post"}],"author":[{"embeddable":true,"href":"https:\/\/www.radiopiu.net\/wordpress\/wp-json\/wp\/v2\/users\/4"}],"replies":[{"embeddable":true,"href":"https:\/\/www.radiopiu.net\/wordpress\/wp-json\/wp\/v2\/comments?post=291753"}],"version-history":[{"count":0,"href":"https:\/\/www.radiopiu.net\/wordpress\/wp-json\/wp\/v2\/posts\/291753\/revisions"}],"wp:featuredmedia":[{"embeddable":true,"href":"https:\/\/www.radiopiu.net\/wordpress\/wp-json\/wp\/v2\/media\/270917"}],"wp:attachment":[{"href":"https:\/\/www.radiopiu.net\/wordpress\/wp-json\/wp\/v2\/media?parent=291753"}],"wp:term":[{"taxonomy":"category","embeddable":true,"href":"https:\/\/www.radiopiu.net\/wordpress\/wp-json\/wp\/v2\/categories?post=291753"},{"taxonomy":"post_tag","embeddable":true,"href":"https:\/\/www.radiopiu.net\/wordpress\/wp-json\/wp\/v2\/tags?post=291753"}],"curies":[{"name":"wp","href":"https:\/\/api.w.org\/{rel}","templated":true}]}}