{"id":291793,"date":"2022-08-10T05:36:16","date_gmt":"2022-08-10T03:36:16","guid":{"rendered":"https:\/\/www.radiopiu.net\/wordpress\/?p=291793"},"modified":"2022-08-10T09:31:26","modified_gmt":"2022-08-10T07:31:26","slug":"giornale-radiopiu-10-agosto-2022-direttore-mirko-mezzacasa","status":"publish","type":"post","link":"https:\/\/www.radiopiu.net\/wordpress\/giornale-radiopiu-10-agosto-2022-direttore-mirko-mezzacasa\/","title":{"rendered":"GIORNALE RADIOPIU 10 AGOSTO 2022 DIRETTORE MIRKO MEZZACASA"},"content":{"rendered":"<h3 class=\"kvgmc6g5 cxmmr5t8 oygrvhab hcukyx3x c1et5uql\"><span style=\"color: #0000ff;\"><strong>RADIO PIU INFORMAZIONE il canale su TELEGRAM informazione di prima\u00a0 <\/strong><\/span><span style=\"color: #0000ff;\"><strong>mano e in tempo reale. iscriviti ed aiutaci a farlo conoscere\u00a0 \u00a0<\/strong><\/span><\/h3>\n<p><iframe loading=\"lazy\" title=\"Rocca Pietore, Marmolada, Val Pettorina\" width=\"1200\" height=\"675\" src=\"https:\/\/www.youtube.com\/embed\/fnodpFI2M1w?feature=oembed\" frameborder=\"0\" allow=\"accelerometer; autoplay; clipboard-write; encrypted-media; gyroscope; picture-in-picture\" allowfullscreen><\/iframe><\/p>\n<p>&nbsp;<\/p>\n<hr \/>\n<p>&nbsp;<\/p>\n<blockquote>\n<h3>SP3, LAVORI A GONA DI CONEDERA FINO AL 29 AGOSTO<\/h3>\n<\/blockquote>\n<p><strong>SEDICO<\/strong> Veneto Strade comunica che lungo la SP 3 della Valle Imperina, a Gona di Conedera in comune di Rivamonte, verr\u00e0 istituito un senso unico alternato regolato da semaforo fino al 29 agosto compresi sabato domenica e festivi. Senso unico necessario per consentire i lavori di consolidamento della strada.<\/p>\n<p>&nbsp;<\/p>\n<p>&nbsp;<\/p>\n<hr \/>\n<p>&nbsp;<\/p>\n<blockquote>\n<h3>ACQUA NON POTABILE A MOE&#8217; DI LASTE DI ROCCA PIETORE<\/h3>\n<\/blockquote>\n<p><strong>ROCCA PIETORE<\/strong> Gestione Servizi Pubblici informa che a ROCCA PIETORE in localit\u00e0 MOE\u2019 DI LASTE l&#8217;acqua erogata dall&#8217;acquedotto non \u00e8 potabile e pu\u00f2 essere usata per scopi alimentari SOLO PREVIA bollitura. GSP ha, comunque, gi\u00e0 adottato le necessarie misure per la disinfezione dell&#8217;acqua presente nei serbatoi e nella rete idrica con l&#8217;aggiunta di cloro.<\/p>\n<p>&nbsp;<\/p>\n<p>&nbsp;<\/p>\n<hr \/>\n<p>&nbsp;<\/p>\n<blockquote>\n<h3>CROLLO DALLA PARTE SOMMITALE DEL MONTE PELMO, INTERESSATO IL GHIAIONE<\/h3>\n<\/blockquote>\n<p><strong><a class=\"dt-pswp-item\" href=\"https:\/\/www.radiopiu.net\/wordpress\/wp-content\/uploads\/2022\/08\/d8e669f2-5d59-4514-89dd-6264daf4a8f4.jpg\" data-dt-img-description=\"\" data-large_image_width=\"2048\" data-large_image_height=\"1536\"><img loading=\"lazy\" decoding=\"async\" class=\"wp-image-291839 alignleft\" src=\"https:\/\/www.radiopiu.net\/wordpress\/wp-content\/uploads\/2022\/08\/d8e669f2-5d59-4514-89dd-6264daf4a8f4-300x225.jpg\" alt=\"\" width=\"215\" height=\"161\" srcset=\"https:\/\/www.radiopiu.net\/wordpress\/wp-content\/uploads\/2022\/08\/d8e669f2-5d59-4514-89dd-6264daf4a8f4-300x225.jpg 300w, https:\/\/www.radiopiu.net\/wordpress\/wp-content\/uploads\/2022\/08\/d8e669f2-5d59-4514-89dd-6264daf4a8f4-1024x768.jpg 1024w, https:\/\/www.radiopiu.net\/wordpress\/wp-content\/uploads\/2022\/08\/d8e669f2-5d59-4514-89dd-6264daf4a8f4-768x576.jpg 768w, https:\/\/www.radiopiu.net\/wordpress\/wp-content\/uploads\/2022\/08\/d8e669f2-5d59-4514-89dd-6264daf4a8f4-1536x1152.jpg 1536w, https:\/\/www.radiopiu.net\/wordpress\/wp-content\/uploads\/2022\/08\/d8e669f2-5d59-4514-89dd-6264daf4a8f4.jpg 2048w\" sizes=\"auto, (max-width: 215px) 100vw, 215px\" \/><\/a>REDAZIONE<\/strong> Alle 7.45 di ieri un gran frastuono tra la Val di Zoldo, Colle Santa Lucia e Selva di Cadore. E&#8217; crollato un altro pezzo del monte Pelmo. Dai paesi ben visibile il gran polverone e subito l&#8217;intuizione <em>&#8220;E&#8217; venuto gi\u00f9 un pezzo di Pelmo&#8221;<\/em>.<\/p>\n<p>&nbsp;<\/p>\n<p>&nbsp;<\/p>\n<p>&nbsp;<\/p>\n<p><span style=\"color: #ff0000;\">LUCA LORENZINI, SINDACO DI SELVA DI CADORE<\/span><\/p>\n<audio class=\"wp-audio-shortcode\" id=\"audio-291793-1\" preload=\"none\" style=\"width: 100%;\" controls=\"controls\"><source type=\"audio\/mpeg\" src=\"https:\/\/www.radiopiu.net\/wordpress\/wp-content\/uploads\/2022\/08\/LUCA.mp3?_=1\" \/><a href=\"https:\/\/www.radiopiu.net\/wordpress\/wp-content\/uploads\/2022\/08\/LUCA.mp3\">https:\/\/www.radiopiu.net\/wordpress\/wp-content\/uploads\/2022\/08\/LUCA.mp3<\/a><\/audio>\n<p>&nbsp;<\/p>\n<p><span style=\"color: #ff0000;\">IL SINDACO DI VAL DI ZOLDO CAMILLO DE PELLEGRIN\u00a0<\/span><\/p>\n<audio class=\"wp-audio-shortcode\" id=\"audio-291793-2\" preload=\"none\" style=\"width: 100%;\" controls=\"controls\"><source type=\"audio\/mpeg\" src=\"https:\/\/www.radiopiu.net\/wordpress\/wp-content\/uploads\/2022\/08\/CAMILLO.mp3?_=2\" \/><a href=\"https:\/\/www.radiopiu.net\/wordpress\/wp-content\/uploads\/2022\/08\/CAMILLO.mp3\">https:\/\/www.radiopiu.net\/wordpress\/wp-content\/uploads\/2022\/08\/CAMILLO.mp3<\/a><\/audio>\n<p>&nbsp;<\/p>\n<p><strong>DAL SOCCORSO ALPINO<\/strong><\/p>\n<p>Il Soccorso alpino della Val Fiorentina \u00e8 intervenuto per escludere la presenza di persone coinvolte<\/p>\n<div style=\"width: 1200px;\" class=\"wp-video\"><video class=\"wp-video-shortcode\" id=\"video-291793-1\" width=\"1200\" height=\"675\" preload=\"metadata\" controls=\"controls\"><source type=\"video\/mp4\" src=\"https:\/\/www.radiopiu.net\/wordpress\/wp-content\/uploads\/2022\/08\/FRANA-PELMO-SOCC-ALPINO.mp4?_=1\" \/><a href=\"https:\/\/www.radiopiu.net\/wordpress\/wp-content\/uploads\/2022\/08\/FRANA-PELMO-SOCC-ALPINO.mp4\">https:\/\/www.radiopiu.net\/wordpress\/wp-content\/uploads\/2022\/08\/FRANA-PELMO-SOCC-ALPINO.mp4<\/a><\/video><\/div>\n<p>&nbsp;<\/p>\n<blockquote>\n<h3>DAI VIGILI DEL FUOCO<\/h3>\n<\/blockquote>\n<div class=\"col-md-12\">\n<h1><a class=\"dt-pswp-item\" href=\"https:\/\/www.radiopiu.net\/wordpress\/wp-content\/uploads\/2022\/08\/22647b4e-9964-4c76-a1ea-7686d8c41121.jpg\" data-dt-img-description=\"\" data-large_image_width=\"1536\" data-large_image_height=\"2048\"><img loading=\"lazy\" decoding=\"async\" class=\"alignleft wp-image-291910 size-medium\" src=\"https:\/\/www.radiopiu.net\/wordpress\/wp-content\/uploads\/2022\/08\/22647b4e-9964-4c76-a1ea-7686d8c41121-225x300.jpg\" alt=\"\" width=\"225\" height=\"300\" srcset=\"https:\/\/www.radiopiu.net\/wordpress\/wp-content\/uploads\/2022\/08\/22647b4e-9964-4c76-a1ea-7686d8c41121-225x300.jpg 225w, https:\/\/www.radiopiu.net\/wordpress\/wp-content\/uploads\/2022\/08\/22647b4e-9964-4c76-a1ea-7686d8c41121-768x1024.jpg 768w, https:\/\/www.radiopiu.net\/wordpress\/wp-content\/uploads\/2022\/08\/22647b4e-9964-4c76-a1ea-7686d8c41121-1152x1536.jpg 1152w, https:\/\/www.radiopiu.net\/wordpress\/wp-content\/uploads\/2022\/08\/22647b4e-9964-4c76-a1ea-7686d8c41121.jpg 1536w\" sizes=\"auto, (max-width: 225px) 100vw, 225px\" \/><\/a><\/h1>\n<h1><\/h1>\n<h1><span style=\"font-size: 14px; font-weight: normal;\">Intervento dei Vigili del fuoco\u00a0 sulla frana del Monte Pelmo: squadre al lavoro per escludere l&#8217;eventuale presenza di persone coinvolte. I pompieri volontari di Selva di Cadore e il personale della centrale di Belluno. \u00a0sono \u00a0usciti verso le otto in 7 unit\u00e0 e tre mezzi risalendo il ghiaione fino sotto la scarica<\/span><\/h1>\n<p>&nbsp;<\/p>\n<\/div>\n<p>&nbsp;<\/p>\n<blockquote><p>&nbsp;<\/p><\/blockquote>\n<div class=\"col-md-12\">\n<p><strong>\u00a0<\/strong><\/p>\n<p><strong>\u00a0 <\/strong><\/p>\n<p><strong>\u00a0<\/strong><\/p>\n<p><strong>VIDEO<\/strong><\/p>\n<div style=\"width: 1200px;\" class=\"wp-video\"><video class=\"wp-video-shortcode\" id=\"video-291793-2\" width=\"1200\" height=\"675\" preload=\"metadata\" controls=\"controls\"><source type=\"video\/mp4\" src=\"https:\/\/www.radiopiu.net\/wordpress\/wp-content\/uploads\/2022\/08\/af870aa_48706.mp4?_=2\" \/><a href=\"https:\/\/www.radiopiu.net\/wordpress\/wp-content\/uploads\/2022\/08\/af870aa_48706.mp4\">https:\/\/www.radiopiu.net\/wordpress\/wp-content\/uploads\/2022\/08\/af870aa_48706.mp4<\/a><\/video><\/div>\n<p><strong>\u00a0<\/strong><\/p>\n<p><strong>GALLERIA FOTO<\/strong><\/p>\n\n\t\t\t<style type='text\/css'>\n\t\t\t\t#gallery-1 {\n\t\t\t\t\tmargin: auto;\n\t\t\t\t}\n\t\t\t\t#gallery-1 .gallery-item {\n\t\t\t\t\tfloat: left;\n\t\t\t\t\tmargin-top: 10px;\n\t\t\t\t\ttext-align: center;\n\t\t\t\t\twidth: 20%;\n\t\t\t\t}\n\t\t\t\t#gallery-1 img {\n\t\t\t\t\tborder: 2px solid #cfcfcf;\n\t\t\t\t}\n\t\t\t\t#gallery-1 .gallery-caption {\n\t\t\t\t\tmargin-left: 0;\n\t\t\t\t}\n\t\t\t\t\/* see gallery_shortcode() in wp-includes\/media.php *\/\n\t\t\t<\/style>\n\t\t<div id='gallery-1' class='dt-gallery-container gallery galleryid-291793 gallery-columns-5 gallery-size-thumbnail'><dl class='gallery-item'>\n\t\t\t\t<dt class='gallery-icon landscape'>\n\t\t\t\t\t<a class=\"rollover rollover-zoom dt-pswp-item\" title=\"af870aa_48699\" data-dt-img-description=\"\" data-large_image_width=\"1024\" data-large_image_height=\"768\"href='https:\/\/www.radiopiu.net\/wordpress\/wp-content\/uploads\/2022\/08\/af870aa_48699.jpg'><img loading=\"lazy\" decoding=\"async\" width=\"150\" height=\"150\" src=\"https:\/\/www.radiopiu.net\/wordpress\/wp-content\/uploads\/2022\/08\/af870aa_48699-150x150.jpg\" class=\"attachment-thumbnail size-thumbnail\" alt=\"\" \/><\/a>\n\t\t\t\t<\/dt><\/dl><dl class='gallery-item'>\n\t\t\t\t<dt class='gallery-icon portrait'>\n\t\t\t\t\t<a class=\"rollover rollover-zoom dt-pswp-item\" title=\"af870aa_48705\" data-dt-img-description=\"\" data-large_image_width=\"576\" data-large_image_height=\"768\"href='https:\/\/www.radiopiu.net\/wordpress\/wp-content\/uploads\/2022\/08\/af870aa_48705.jpg'><img loading=\"lazy\" decoding=\"async\" width=\"150\" height=\"150\" src=\"https:\/\/www.radiopiu.net\/wordpress\/wp-content\/uploads\/2022\/08\/af870aa_48705-150x150.jpg\" class=\"attachment-thumbnail size-thumbnail\" alt=\"\" \/><\/a>\n\t\t\t\t<\/dt><\/dl><dl class='gallery-item'>\n\t\t\t\t<dt class='gallery-icon portrait'>\n\t\t\t\t\t<a class=\"rollover rollover-zoom dt-pswp-item\" title=\"af870aa_48704\" data-dt-img-description=\"\" data-large_image_width=\"576\" data-large_image_height=\"768\"href='https:\/\/www.radiopiu.net\/wordpress\/wp-content\/uploads\/2022\/08\/af870aa_48704.jpg'><img loading=\"lazy\" decoding=\"async\" width=\"150\" height=\"150\" src=\"https:\/\/www.radiopiu.net\/wordpress\/wp-content\/uploads\/2022\/08\/af870aa_48704-150x150.jpg\" class=\"attachment-thumbnail size-thumbnail\" alt=\"\" \/><\/a>\n\t\t\t\t<\/dt><\/dl><dl class='gallery-item'>\n\t\t\t\t<dt class='gallery-icon portrait'>\n\t\t\t\t\t<a class=\"rollover rollover-zoom dt-pswp-item\" title=\"af870aa_48703\" data-dt-img-description=\"\" data-large_image_width=\"576\" data-large_image_height=\"768\"href='https:\/\/www.radiopiu.net\/wordpress\/wp-content\/uploads\/2022\/08\/af870aa_48703.jpg'><img loading=\"lazy\" decoding=\"async\" width=\"150\" height=\"150\" src=\"https:\/\/www.radiopiu.net\/wordpress\/wp-content\/uploads\/2022\/08\/af870aa_48703-150x150.jpg\" class=\"attachment-thumbnail size-thumbnail\" alt=\"\" \/><\/a>\n\t\t\t\t<\/dt><\/dl><dl class='gallery-item'>\n\t\t\t\t<dt class='gallery-icon portrait'>\n\t\t\t\t\t<a class=\"rollover rollover-zoom dt-pswp-item\" title=\"af870aa_48702\" data-dt-img-description=\"\" data-large_image_width=\"576\" data-large_image_height=\"768\"href='https:\/\/www.radiopiu.net\/wordpress\/wp-content\/uploads\/2022\/08\/af870aa_48702.jpg'><img loading=\"lazy\" decoding=\"async\" width=\"150\" height=\"150\" src=\"https:\/\/www.radiopiu.net\/wordpress\/wp-content\/uploads\/2022\/08\/af870aa_48702-150x150.jpg\" class=\"attachment-thumbnail size-thumbnail\" alt=\"\" \/><\/a>\n\t\t\t\t<\/dt><\/dl><br style=\"clear: both\" \/><dl class='gallery-item'>\n\t\t\t\t<dt class='gallery-icon landscape'>\n\t\t\t\t\t<a class=\"rollover rollover-zoom dt-pswp-item\" title=\"af870aa_48698\" data-dt-img-description=\"\" data-large_image_width=\"1022\" data-large_image_height=\"768\"href='https:\/\/www.radiopiu.net\/wordpress\/wp-content\/uploads\/2022\/08\/af870aa_48698.jpg'><img loading=\"lazy\" decoding=\"async\" width=\"150\" height=\"150\" src=\"https:\/\/www.radiopiu.net\/wordpress\/wp-content\/uploads\/2022\/08\/af870aa_48698-150x150.jpg\" class=\"attachment-thumbnail size-thumbnail\" alt=\"\" \/><\/a>\n\t\t\t\t<\/dt><\/dl><dl class='gallery-item'>\n\t\t\t\t<dt class='gallery-icon portrait'>\n\t\t\t\t\t<a class=\"rollover rollover-zoom dt-pswp-item\" title=\"af870aa_48697\" data-dt-img-description=\"\" data-large_image_width=\"576\" data-large_image_height=\"768\"href='https:\/\/www.radiopiu.net\/wordpress\/wp-content\/uploads\/2022\/08\/af870aa_48697.jpg'><img loading=\"lazy\" decoding=\"async\" width=\"150\" height=\"150\" src=\"https:\/\/www.radiopiu.net\/wordpress\/wp-content\/uploads\/2022\/08\/af870aa_48697-150x150.jpg\" class=\"attachment-thumbnail size-thumbnail\" alt=\"\" \/><\/a>\n\t\t\t\t<\/dt><\/dl><dl class='gallery-item'>\n\t\t\t\t<dt class='gallery-icon portrait'>\n\t\t\t\t\t<a class=\"rollover rollover-zoom dt-pswp-item\" title=\"af870aa_48696\" data-dt-img-description=\"\" data-large_image_width=\"659\" data-large_image_height=\"768\"href='https:\/\/www.radiopiu.net\/wordpress\/wp-content\/uploads\/2022\/08\/af870aa_48696.jpg'><img loading=\"lazy\" decoding=\"async\" width=\"150\" height=\"150\" src=\"https:\/\/www.radiopiu.net\/wordpress\/wp-content\/uploads\/2022\/08\/af870aa_48696-150x150.jpg\" class=\"attachment-thumbnail size-thumbnail\" alt=\"\" \/><\/a>\n\t\t\t\t<\/dt><\/dl><dl class='gallery-item'>\n\t\t\t\t<dt class='gallery-icon landscape'>\n\t\t\t\t\t<a class=\"rollover rollover-zoom dt-pswp-item\" title=\"af870aa_48701\" data-dt-img-description=\"\" data-large_image_width=\"1024\" data-large_image_height=\"768\"href='https:\/\/www.radiopiu.net\/wordpress\/wp-content\/uploads\/2022\/08\/af870aa_48701.jpg'><img loading=\"lazy\" decoding=\"async\" width=\"150\" height=\"150\" src=\"https:\/\/www.radiopiu.net\/wordpress\/wp-content\/uploads\/2022\/08\/af870aa_48701-150x150.jpg\" class=\"attachment-thumbnail size-thumbnail\" alt=\"\" \/><\/a>\n\t\t\t\t<\/dt><\/dl><dl class='gallery-item'>\n\t\t\t\t<dt class='gallery-icon landscape'>\n\t\t\t\t\t<a class=\"rollover rollover-zoom dt-pswp-item\" title=\"af870aa_48700\" data-dt-img-description=\"\" data-large_image_width=\"1024\" data-large_image_height=\"768\"href='https:\/\/www.radiopiu.net\/wordpress\/wp-content\/uploads\/2022\/08\/af870aa_48700.jpg'><img loading=\"lazy\" decoding=\"async\" width=\"150\" height=\"150\" src=\"https:\/\/www.radiopiu.net\/wordpress\/wp-content\/uploads\/2022\/08\/af870aa_48700-150x150.jpg\" class=\"attachment-thumbnail size-thumbnail\" alt=\"\" \/><\/a>\n\t\t\t\t<\/dt><\/dl><br style=\"clear: both\" \/>\n\t\t\t<\/div>\n\n<\/div>\n<blockquote>\n<h3><\/h3>\n<\/blockquote>\n<blockquote>\n<h3>FOTA DA FACEBOOK\u00a0 RIFUGIO CITTA&#8217; DI FIUME<\/h3>\n<div class=\"kvgmc6g5 cxmmr5t8 oygrvhab hcukyx3x c1et5uql ii04i59q\">\n<div dir=\"auto\"><em>&#8220;Risveglio con fuori programma. A ricordarci la fragilit\u00e0 delle Dolomiti&#8221;<\/em><\/div>\n<div dir=\"auto\"><\/div>\n<\/div>\n<p>PAGINA FACEBOOK <a href=\"https:\/\/www.facebook.com\/rifugiocittadifiume\">CLICCA QUI<\/a><\/p><\/blockquote>\n<p><img decoding=\"async\" src=\"https:\/\/www.radiopiu.net\/wordpress\/wp-content\/uploads\/2022\/08\/b28627e8-a686-4512-a713-e518803c2935.jpg\" \/><\/p>\n<p>&nbsp;<\/p>\n<p>&nbsp;<\/p>\n<p>&nbsp;<\/p>\n<hr \/>\n<p>&nbsp;<\/p>\n<blockquote>\n<h3>DICIANNOVENNE RECIDIVO, AGLI ARRESTI DOMICILIARI PER DETENZIONE DI STUPEFACENTI<\/h3>\n<\/blockquote>\n<p><strong>BELLUNO <\/strong>La Squadra Mobile di Belluno ha dato esecuzione a due provvedimenti cautelari, emessi dal\u00a0 \u00a0Giudice per le indagini preliminari\u00a0 del\u00a0 Tribunale, su richiesta della Procura della Repubblica. La motivazione: delitti in materia di stupefacenti.\u00a0 L.P., bellunese di 19 anni, gi\u00e0 sottoposto alla misura cautelare dell&#8217;obbligo di dimora nel Comune di Ponte nelle Alpi \u00e8 ora agli arresti domicialiari. Il giovane era stato arrestato lo scorso 17 febbraio da un equipaggio delle Volanti per detenzione di circa 100 grammi di hashish. Operazione peraltro che\u00a0 ha permesso agli uomini della Anti droga di ricostruire amicizie e clientela.\u00a0 Nello stesso periodo, gli agenti della Mobile erano stati informati\u00a0 dai responsabili dell&#8217;Istituto Professionale &#8220;Dolomieu &#8221; di\u00a0 Longarone di movimenti sospetti\u00a0 all&#8217;interno della scuola. L&#8217;indagine ha permesso di individuare R.A.S., 19 anni, come il pusher che riforniva gli studenti dell&#8217;istituto. Nei suoi confronti divieto di dimora nel Comune di Longarone, luogo appunto in cui si trovava la piazza di spaccio dell&#8217;indagato. L&#8217;attivit\u00e0 investigativa ha permesso di raccogliere elementi\u00a0 decisivi per ricostruire il circuito di attivit\u00e0 di spaccio al dettaglio di sostanze stupefacente\u00a0 tipo hashish, consistente in centinaia di cessioni, soprattutto a soggetti minorenni. Non solo, tra i contatti degli indagati l&#8217;indagine ha permesso di individuare un altro diciannovenne di Ponte Nelle Alpi, che nel mese di giugno \u00e8 stato arrestato in flagranza con al seguito oltre 300 grammi di cocaina.<\/p>\n\n\t\t\t<style type='text\/css'>\n\t\t\t\t#gallery-2 {\n\t\t\t\t\tmargin: auto;\n\t\t\t\t}\n\t\t\t\t#gallery-2 .gallery-item {\n\t\t\t\t\tfloat: left;\n\t\t\t\t\tmargin-top: 10px;\n\t\t\t\t\ttext-align: center;\n\t\t\t\t\twidth: 50%;\n\t\t\t\t}\n\t\t\t\t#gallery-2 img {\n\t\t\t\t\tborder: 2px solid #cfcfcf;\n\t\t\t\t}\n\t\t\t\t#gallery-2 .gallery-caption {\n\t\t\t\t\tmargin-left: 0;\n\t\t\t\t}\n\t\t\t\t\/* see gallery_shortcode() in wp-includes\/media.php *\/\n\t\t\t<\/style>\n\t\t<div id='gallery-2' class='dt-gallery-container gallery galleryid-291793 gallery-columns-2 gallery-size-medium'><dl class='gallery-item'>\n\t\t\t\t<dt class='gallery-icon landscape'>\n\t\t\t\t\t<a class=\"rollover rollover-zoom dt-pswp-item\" title=\"Schermata 2022-08-09 alle 11.49.17\" data-dt-img-description=\"\" data-large_image_width=\"1588\" data-large_image_height=\"1040\"href='https:\/\/www.radiopiu.net\/wordpress\/wp-content\/uploads\/2022\/08\/Schermata-2022-08-09-alle-11.49.17.jpg'><img loading=\"lazy\" decoding=\"async\" width=\"300\" height=\"196\" src=\"https:\/\/www.radiopiu.net\/wordpress\/wp-content\/uploads\/2022\/08\/Schermata-2022-08-09-alle-11.49.17-300x196.jpg\" class=\"attachment-medium size-medium\" alt=\"\" srcset=\"https:\/\/www.radiopiu.net\/wordpress\/wp-content\/uploads\/2022\/08\/Schermata-2022-08-09-alle-11.49.17-300x196.jpg 300w, https:\/\/www.radiopiu.net\/wordpress\/wp-content\/uploads\/2022\/08\/Schermata-2022-08-09-alle-11.49.17-1024x671.jpg 1024w, https:\/\/www.radiopiu.net\/wordpress\/wp-content\/uploads\/2022\/08\/Schermata-2022-08-09-alle-11.49.17-768x503.jpg 768w, https:\/\/www.radiopiu.net\/wordpress\/wp-content\/uploads\/2022\/08\/Schermata-2022-08-09-alle-11.49.17-1536x1006.jpg 1536w, https:\/\/www.radiopiu.net\/wordpress\/wp-content\/uploads\/2022\/08\/Schermata-2022-08-09-alle-11.49.17.jpg 1588w\" sizes=\"auto, (max-width: 300px) 100vw, 300px\" \/><\/a>\n\t\t\t\t<\/dt><\/dl><dl class='gallery-item'>\n\t\t\t\t<dt class='gallery-icon landscape'>\n\t\t\t\t\t<a class=\"rollover rollover-zoom dt-pswp-item\" title=\"Schermata 2022-08-09 alle 11.49.28\" data-dt-img-description=\"\" data-large_image_width=\"1572\" data-large_image_height=\"1162\"href='https:\/\/www.radiopiu.net\/wordpress\/wp-content\/uploads\/2022\/08\/Schermata-2022-08-09-alle-11.49.28.jpg'><img loading=\"lazy\" decoding=\"async\" width=\"300\" height=\"222\" src=\"https:\/\/www.radiopiu.net\/wordpress\/wp-content\/uploads\/2022\/08\/Schermata-2022-08-09-alle-11.49.28-300x222.jpg\" class=\"attachment-medium size-medium\" alt=\"\" srcset=\"https:\/\/www.radiopiu.net\/wordpress\/wp-content\/uploads\/2022\/08\/Schermata-2022-08-09-alle-11.49.28-300x222.jpg 300w, https:\/\/www.radiopiu.net\/wordpress\/wp-content\/uploads\/2022\/08\/Schermata-2022-08-09-alle-11.49.28-1024x757.jpg 1024w, https:\/\/www.radiopiu.net\/wordpress\/wp-content\/uploads\/2022\/08\/Schermata-2022-08-09-alle-11.49.28-768x568.jpg 768w, https:\/\/www.radiopiu.net\/wordpress\/wp-content\/uploads\/2022\/08\/Schermata-2022-08-09-alle-11.49.28-1536x1135.jpg 1536w, https:\/\/www.radiopiu.net\/wordpress\/wp-content\/uploads\/2022\/08\/Schermata-2022-08-09-alle-11.49.28.jpg 1572w\" sizes=\"auto, (max-width: 300px) 100vw, 300px\" \/><\/a>\n\t\t\t\t<\/dt><\/dl><br style=\"clear: both\" \/>\n\t\t\t<\/div>\n\n<p>&nbsp;<\/p>\n<hr \/>\n<p>&nbsp;<\/p>\n<blockquote>\n<h2>INSICUREZZA NEL FELTRINO E ZONE LIMITROFE: SEMPRE PEGGIO<\/h2>\n<\/blockquote>\n<p><strong><img loading=\"lazy\" decoding=\"async\" class=\"alignleft\" src=\"https:\/\/www.radiopiu.net\/wordpress\/wp-content\/uploads\/2022\/08\/f48d385e2721ffaa3af2da424c1b1b77.webp\" width=\"242\" height=\"162\" \/>SANTA GIUSTINA<\/strong> Da non poterne pi\u00f9, la paura cresce, i malviventi imperversano e non arriva la tanto attesa risposta dalle Forze dell&#8217;Ordine che anche in questo caso avvieranno le indagini, ma i cittadini vorrebbero ben altro che le insoddisfacenti parole &#8220;stiamo indagando&#8221;. Domenica i ladri hanno agito di nuovo indisturbati tra via Caliol di Cesiomaggiore, Formegan e Lasserai e hanno messo a segno altri tre colpi nelle abitazioni della zona mentre i proprietari di erano momentaneamente assentati. Misero il bottino, ma rimane la paura e la rabbia e la percezione di insicurezza aumenta giorno dopo giorno. Un altro furto che si aggiunge a quelli all&#8217;Ediltutto e all&#8217;Autoexpo di Santa Giustina. Nel lungo elenco dei colpi riusciti e ai quali nessuno \u00e8 riuscito a dare il nome del colpevole,\u00a0 anche il furto alla sala slot del Pasquer dove il bottino \u00e8 stato quantificato in 20mila euro, i malviventi hanno sconfitto anche l&#8217;impianto di video sorveglianza. Ma anche in questo caso, come recita il ritornello sono state avviate le indagini per&#8230;affidare i colpevoli alla giustizia.<\/p>\n<p>&nbsp;<\/p>\n<hr \/>\n<p>&nbsp;<\/p>\n<blockquote>\n<h3>VA A FUNGHI E SCIVOLA NEL BOSCO<\/h3>\n<\/blockquote>\n<p><strong>COMELICO SUPERIORE<\/strong> Ieri verso le 10 la Centrale del Suem \u00e8 stata allertata per una donna scivolata nei boschi sotto Passo Monte Croce. La 73enne di Treviso era scesa in cerca di funghi con il marito nelle vicinanze della cascata del Pissandol, salvo chiamare al cellulare l&#8217;uomo, risalito prima di lei, dicendogli che era caduta. Il marito per\u00f2 non era pi\u00f9 riuscito a ricontattarlo e aveva chiesto aiuto. Una squadra del Soccorso alpino della Val Comelico ha raggiunto l&#8217;uomo in jeep, assieme a lui \u00e8 tornata dove si era separato dalla moglie e in quel momento lei \u00e8 uscita dal bosco. Stava bene, solo un po&#8217; spaventata, dopo essere scivolata in una pozza d&#8217;acqua. La coppia \u00e8 poi rientrata autonomamente.<\/p>\n<p>&nbsp;<\/p>\n<p>&nbsp;<\/p>\n<hr \/>\n<p>&nbsp;<\/p>\n<blockquote>\n<h3>INFORTUNIO SULLE CINQUE TORRI<\/h3>\n<\/blockquote>\n<p><strong>CORTINA<\/strong> Ieri mattina l&#8217;elicottero di Dolomiti Emergency \u00e8 intervenuto nella zona delle Cinque Torri, dove, scalando una via breve nelle vicinanze della Torre Inglese, un diciannovenne di Firenze aveva riportato una sospetta distorsione al ginocchio. Poich\u00e9 non era possibile per il compagno calarlo alla base della parete a causa del forte dolore, il ragazzo \u00e8 stato raggiunto dal tecnico di elisoccorso sbarcato con un verricello di una ventina di metri, per poi essere recuperato allo stesso modo. Accompagnato a Fiames, il giovane \u00e8 stato trasferito sull&#8217;ambulanza diretta all&#8217;ospedale di Cortina.<\/p>\n<p>&nbsp;<\/p>\n<p>&nbsp;<\/p>\n<hr \/>\n<p>&nbsp;<\/p>\n<blockquote>\n<h3>PROBABILE FRATTURA DELLA CAVIGLIA SUL NEVEGAL<\/h3>\n<\/blockquote>\n<p><strong>BELLUNO<\/strong> Il Soccorso alpino di Belluno \u00e8 stato inviato in Nevegal, poich\u00e9, scendendo all&#8217;altezza della Vallavia, dal nuovo sentiero che parte dalla Casera, per eseguire dei rilievi forestali con una collega, un 49enne di Cesiomaggiore (BL), aveva riportato la probabile frattura di una caviglia. Una squadra \u00e8 arrivata dall&#8217;infortunato e gli ha immobilizzato il piede. Caricato in barella, l&#8217;infortunato \u00e8 stato trasportato 300 metri a spalla fino alla jeep e da l\u00ec alle Torri, dove attendeva l&#8217;ambulanza.<\/p>\n<p>&nbsp;<\/p>\n<p>&nbsp;<\/p>\n<hr \/>\n<p>&nbsp;<\/p>\n<blockquote>\n<h3>MALORE AL RIFUGIO LAVAREDO<\/h3>\n<\/blockquote>\n<p><strong>CORTINA<\/strong> L&#8217;eliambulanza di Cortina \u00e8 stata dirottata al Rifugio Lavaredo per una 23enne tedesca colta da malore. Valutate le sue condizioni, la giovane \u00e8 stata imbarcata e accompagnata per gli accertamenti del caso all&#8217;ospedale di Pieve di Cadore.<\/p>\n<p>&nbsp;<\/p>\n<p>&nbsp;<\/p>\n<hr \/>\n<p>&nbsp;<\/p>\n<blockquote>\n<h3>METTE MALE UN PIEDE SULLA FERRATA DELLE TRINCEE<\/h3>\n<\/blockquote>\n<p><strong>LIVINALLONGO<\/strong> L&#8217;elicottero di Dolomiti Emergency \u00e8 volato verso la Ferrata delle Trincee. A met\u00e0 percorso, superando uno scalino un 70enne di Bologna aveva messo male la gamba con conseguente sospetta frattura del femore. Sbarcati con un verricello di 30 metri, tecnico di elisoccorso ed equipe medica hanno prestato le prime cure all&#8217;uomo, assistito dai due compagni che hanno dato il loro supporto ai soccorritori. Imbarellato e issato a bordo, l&#8217;escursionista \u00e8 stato trasportato in ospedale.<\/p>\n<p>&nbsp;<\/p>\n<p>&nbsp;<\/p>\n<hr \/>\n<p>&nbsp;<\/p>\n<blockquote>\n<h3 class=\"entry-title\">TRAUMA AD UNA SPALLA NEI PRESSI DEL RIFUGIO AURONZO<\/h3>\n<\/blockquote>\n<p><strong>AURONZO DI CADORE<\/strong> Verso le 16.30 di ieri una squadra del Soccorso alpino della Guardia di finanza e intervenuta nei pressi del Rifugio Auronzo, dove si trovava un\u2019escursionista 58enne di Poggibonsi (SI), che aveva riportato un sospetto trauma alla spalla. La donna \u00e8 stata poi recuperata dall\u2019elicottero di Dolomiti Emergency e trasportata all\u2019ospedale di Cortina.<\/p>\n<p>&nbsp;<\/p>\n<p>&nbsp;<\/p>\n<hr \/>\n<p>&nbsp;<\/p>\n<blockquote>\n<h3 class=\"entry-title\">COLPITO DA UNA SCARICA DI SASSI<\/h3>\n<\/blockquote>\n<p><strong>CORTINA<\/strong> L\u2019eliambulanza \u00e8 volata sulla Tofana di Rozes, ultimo tiro della Via Eotvos-Dimai, dove un alpinista altoatesino, secondo di cordata, era stato colpito al piede da una scarica di sassi e non poteva pi\u00f9 proseguire. Lo scalatore, 26enne di Bressanone, \u00e8 stato issato a bordo dal tecnico di elisoccorso con un verricello di 30 metri. Recuperata anche la compagna ferma in sosta pi\u00f9 in alto.<\/p>\n<p>&nbsp;<\/p>\n<p>&nbsp;<\/p>\n<hr \/>\n<p>&nbsp;<\/p>\n<blockquote>\n<h3 class=\"entry-title\">BLOCCATA SU UN GHIAIONE<\/h3>\n<\/blockquote>\n<p><strong>MISURINA<\/strong>\u00a0Una squadra del Soccorso alpino della Guardia di finanza \u00e8 andata in aiuto di una 62enne della Repubblica Ceca ferma sui ghiaioni sotto Punta Col de Varda. La donna \u00e8 stata raggiunta dai soccorritori e accompagnata in rifugio dai compagni.<\/p>\n<p>&nbsp;<\/p>\n<p>&nbsp;<\/p>\n<hr \/>\n<p>&nbsp;<\/p>\n<blockquote>\n<h3 class=\"entry-title\">SFINITO DALLA STANCHEZZA E FUORI SENTIERO<\/h3>\n<\/blockquote>\n<p><strong>PREDAZZO\u00a0<\/strong>Alle 19 di ieri , su segnalazione del figlio, l\u2019elicottero del Suem di Pieve di Cadore \u00e8 volato nella zona del Lagorai, sulla Forcella Gasser Depot per un turista tedesco di 69 anni, da solo, sfinito dalla stanchezza fuori sentiero. Individuato, l\u2019uomo \u00e8 stato recuperato e portato al Passo Falzarego<\/p>\n<p>&nbsp;<\/p>\n<p>&nbsp;<\/p>\n<hr \/>\n<p>&nbsp;<\/p>\n<blockquote>\n<h3 class=\"entry-title\">MALORE SULLA MOIAZZA<\/h3>\n<\/blockquote>\n<p><strong>AGORDO<\/strong>\u00a0L\u2019eliambulanza di Pieve di Cadore ha recuperato un escursionista di 21 anni, che si era sentito poco bene mentre si trovava al Bivacco Grisetti in Moiazza.<\/p>\n<p>&nbsp;<\/p>\n<p>&nbsp;<\/p>\n<hr \/>\n<p>&nbsp;<\/p>\n<blockquote>\n<h3>LA REGIONE STANZIA UN MILIONE E 900 MILA EURO PER IL TURISMO DI MONTAGNA<\/h3>\n<\/blockquote>\n<p><strong><a class=\"dt-pswp-item\" href=\"https:\/\/www.radiopiu.net\/wordpress\/wp-content\/uploads\/2020\/05\/ESCURSIONE-MONTAGNA.jpg\" data-dt-img-description=\"\" data-large_image_width=\"1920\" data-large_image_height=\"1151\"><img loading=\"lazy\" decoding=\"async\" class=\"size-thumbnail wp-image-139138 alignleft\" src=\"https:\/\/www.radiopiu.net\/wordpress\/wp-content\/uploads\/2020\/05\/ESCURSIONE-MONTAGNA-150x150.jpg\" alt=\"\" width=\"150\" height=\"150\" \/><\/a>VENEZIA<\/strong><\/p>\n<p>di Gianni Santomaso<\/p>\n<audio class=\"wp-audio-shortcode\" id=\"audio-291793-3\" preload=\"none\" style=\"width: 100%;\" controls=\"controls\"><source type=\"audio\/mpeg\" src=\"https:\/\/www.radiopiu.net\/wordpress\/wp-content\/uploads\/2022\/08\/GIANNI-LA-REGIONE-STANZIA-UN-MILIONE-E-900-MILA-EURO-PER-IL-TURISMO-DI-MONTAGNA.mp3?_=3\" \/><a href=\"https:\/\/www.radiopiu.net\/wordpress\/wp-content\/uploads\/2022\/08\/GIANNI-LA-REGIONE-STANZIA-UN-MILIONE-E-900-MILA-EURO-PER-IL-TURISMO-DI-MONTAGNA.mp3\">https:\/\/www.radiopiu.net\/wordpress\/wp-content\/uploads\/2022\/08\/GIANNI-LA-REGIONE-STANZIA-UN-MILIONE-E-900-MILA-EURO-PER-IL-TURISMO-DI-MONTAGNA.mp3<\/a><\/audio>\n<p>&nbsp;<\/p>\n<hr \/>\n<p>&nbsp;<\/p>\n<blockquote>\n<h3>RIGENERAZIONE DELL\u2019EX CASERMA FANTUZZI, IL CONSIGLIO PROVINCIALE VARA L\u2019ATTO DI INDIRIZZO PRELIMINARE ALLA PERMUTA CON L\u2019AGENZIA DEL DEMANIO<\/h3>\n<\/blockquote>\n<p><strong><a class=\"dt-pswp-item\" href=\"https:\/\/www.radiopiu.net\/wordpress\/wp-content\/uploads\/2022\/08\/IMG_5545-scaled.jpg\" data-dt-img-description=\"\" data-large_image_width=\"2560\" data-large_image_height=\"1566\"><img loading=\"lazy\" decoding=\"async\" class=\"size-thumbnail wp-image-291939 alignleft\" src=\"https:\/\/www.radiopiu.net\/wordpress\/wp-content\/uploads\/2022\/08\/IMG_5545-150x150.jpg\" alt=\"\" width=\"150\" height=\"150\" \/><\/a>BELLUNO <\/strong>L\u2019idea di riqualificare l\u2019ex caserma Fantuzzi e realizzare una cittadella scolastica va avanti. La Provincia di Belluno ha varato un atto di indirizzo preliminare proprio alla rifunzionalizzazione del complesso militare, costruito attorno al 1886-1889 e dismesso nel 1997. Il consiglio provinciale, riunitosi oggi in Val di Zoldo secondo la modalit\u00e0 delle sedute itineranti, ha approvato il percorso di definizione di una permuta con l\u2019Agenzia del Demanio, proprietaria al momento dell\u2019area della caserma. Nello scambio, la Provincia ceder\u00e0 allo Stato i palazzi della Prefettura e della Questura (che oggi necessitano di interventi di adeguamento), per ricevere in cambio le strutture della Fantuzzi.<\/p>\n<p>&nbsp;<\/p>\n<hr \/>\n<p>&nbsp;<\/p>\n<blockquote>\n<h3><a class=\"dt-pswp-item\" href=\"https:\/\/www.radiopiu.net\/wordpress\/wp-content\/uploads\/2021\/08\/972ec435-fa04-49e8-bf1e-048263cab367.jpg\" data-dt-img-description=\"\" data-large_image_width=\"1024\" data-large_image_height=\"684\"><img loading=\"lazy\" decoding=\"async\" class=\"size-thumbnail wp-image-226219 alignleft\" src=\"https:\/\/www.radiopiu.net\/wordpress\/wp-content\/uploads\/2021\/08\/972ec435-fa04-49e8-bf1e-048263cab367-150x150.jpg\" alt=\"\" width=\"150\" height=\"150\" \/><\/a>IL TURISMO NEL FELTRINO E&#8217; IN NETTA CRESCITA<\/h3>\n<\/blockquote>\n<p><strong>FELTRE <\/strong>Si consolida e prende corpo la ripresa del mercato turistico nel Feltrino, che &#8211; dopo il tracollo del 2020 legato all\u2019esplosione della pandemia da Covid-19 &#8211; gi\u00e0 nel corso del 2021 aveva manifestato i primi incoraggianti segnali di recupero. \u201cA confermarlo sono i numeri relativi agli introiti della tassa di soggiorno nei primi 6 mesi di quest\u2019anno\u201d, sottolinea l\u2019assessore al turismo dell\u2019Unione Montana Feltrina Dario Scopel<\/p>\n<p><strong>DARIO SCOPEL, PRESIDENTE DELL&#8217;UNIONE MONTANA FELTRINA<\/strong><\/p>\n<audio class=\"wp-audio-shortcode\" id=\"audio-291793-4\" preload=\"none\" style=\"width: 100%;\" controls=\"controls\"><source type=\"audio\/mpeg\" src=\"https:\/\/www.radiopiu.net\/wordpress\/wp-content\/uploads\/2022\/08\/SCOPEL-TURISMO-FELTRINO.mp3?_=4\" \/><a href=\"https:\/\/www.radiopiu.net\/wordpress\/wp-content\/uploads\/2022\/08\/SCOPEL-TURISMO-FELTRINO.mp3\">https:\/\/www.radiopiu.net\/wordpress\/wp-content\/uploads\/2022\/08\/SCOPEL-TURISMO-FELTRINO.mp3<\/a><\/audio>\n<p>&nbsp;<\/p>\n<hr \/>\n<p>&nbsp;<\/p>\n<blockquote>\n<h3>VINCOLI COMELICO AURONZO: LA PROVINCIA TRA I VINCITORI DEL RICORSO<\/h3>\n<\/blockquote>\n<p><strong>BELLUNO <\/strong>\u00abSe c\u2019\u00e8 una pietra tombale sulla tutela della montagna e dei paesaggi dolomitici, \u00e8 lo spopolamento, nient\u2019altro. Lo ha compreso anche il Tar\u00bb. \u00c8 il primo commento del presidente della Provincia di Belluno dopo la sentenza con cui il tribunale amministrativo ha rigettato l\u2019introduzione di nuovi vincoli paesaggistici in Comelico e nel territorio di Auronzo.\u00a0 La Provincia si era costituita ad adiuvandum nel ricorso presentato dai Comuni di Auronzo, Comelico Superiore, Danta, Santo Stefano, San Nicol\u00f2 e San Pietro, consapevole dell\u2019alterazione del ruolo delle amministrazioni locali che sarebbe derivato dall\u2019imposizione dei vincoli. Il caso era montato a ridosso della presentazione del progetto di realizzazione dei nuovi impianti sciistici Padola-Pusteria.<\/p>\n<p>&nbsp;<\/p>\n<p>&nbsp;<\/p>\n<hr \/>\n<p>&nbsp;<\/p>\n<blockquote>\n<h3>SICCIT\u00c0, AL VIA LA RICERCA PERDITE OCCULTE IN ALPAGO E A PONTE NELLE ALPI<\/h3>\n<\/blockquote>\n<p><strong><a class=\"dt-pswp-item\" href=\"https:\/\/www.radiopiu.net\/wordpress\/wp-content\/uploads\/2022\/08\/rifornimenti-con-autobotte.jpg\" data-dt-img-description=\"\" data-large_image_width=\"1230\" data-large_image_height=\"1035\"><img loading=\"lazy\" decoding=\"async\" class=\"size-thumbnail wp-image-291943 alignleft\" src=\"https:\/\/www.radiopiu.net\/wordpress\/wp-content\/uploads\/2022\/08\/rifornimenti-con-autobotte-150x150.jpg\" alt=\"\" width=\"150\" height=\"150\" \/><\/a>BELLUNO <\/strong>Continua a non dare tregua l\u2019emergenza siccit\u00e0. Nonostante i temporali dei giorni scorsi abbiano portato un minimo apporto idrico nelle sorgenti montane, continuano a diminuire drasticamente i livelli dell\u2019acqua disponibile negli impianti gestiti da Bim Gsp, soprattutto in Alpago, tra le zone pi\u00f9 a rischio di seria carenza idrica. Qui, infatti, da sabato sono ripresi in localit\u00e0 Villanova i razionamenti notturni, programmati nella fascia oraria tra le 22 e le 6, e da oggi sono ripresi i rifornimenti con le autobotti di Gsp e dei Vigili del fuoco nei serbatoi locali. Misure indispensabili, queste, per permettere alle vasche di accumulo di ricaricarsi adeguatamente e assicurare, nel corso della giornata, stabilit\u00e0 nell\u2019erogazione all\u2019utenza.La ricerca, poi, si sposter\u00e0 in Comune di Ponte nelle Alpi, lungo il sistema acquedottistico che alimenta buona parte del territorio comunicale, in particolare lungo la tratta di rete di distribuzione collegata alla sorgente Arsi\u00e8, da cui dipendono le zone di Casan, Paiane, Soccher e Lizzona, dove i razionamenti notturni non sono ad oggi mai stati sospesi.<\/p>\n<p>&nbsp;<\/p>\n<hr \/>\n<p>&nbsp;<\/p>\n<blockquote>\n<h3>LO SCRITTORE MENDICINO RICORDA AUGUSTO MURER<\/h3>\n<\/blockquote>\n<p><b>REDAZIONE <\/b>Giuseppe Mendicino\u00a0(<a title=\"Arezzo\" href=\"https:\/\/it.wikipedia.org\/wiki\/Arezzo\">Arezzo<\/a>,\u00a0<a title=\"\" href=\"https:\/\/it.wikipedia.org\/wiki\/27_agosto\">27 agosto<\/a>\u00a0<a title=\"1960\" href=\"https:\/\/it.wikipedia.org\/wiki\/1960\">1960<\/a>) \u00e8 uno\u00a0<a title=\"Scrittore\" href=\"https:\/\/it.wikipedia.org\/wiki\/Scrittore\">scrittore<\/a>\u00a0<a title=\"Italia\" href=\"https:\/\/it.wikipedia.org\/wiki\/Italia\">italiano<\/a>, conosciuto principalmente per i suoi lavori sullo scrittore\u00a0<a title=\"Mario Rigoni Stern\" href=\"https:\/\/it.wikipedia.org\/wiki\/Mario_Rigoni_Stern\">Mario Rigoni Stern<\/a>. Dal 2005 \u00e8 socio accademico del\u00a0<a title=\"Gruppo italiano scrittori di montagna\" href=\"https:\/\/it.wikipedia.org\/wiki\/Gruppo_italiano_scrittori_di_montagna\">GISM<\/a> (Gruppo italiano scrittori di montagna). Lo scrittore aretino l&#8217;altra sera \u00e8 intervenuto (in collegamento video)\u00a0 nell&#8217;ambito delle celebrazioni a Falcade nel ricordo di Augusto Murer, a 100 anni dalla nascita.<br \/>\n<strong><span style=\"color: #ff0000;\">OGGI ALLE 10.30 E 1900 SU RADIO PIU, IL RICORDO DI AUGUSTO CON IL FIGLIO BRUNO MURER<\/span><\/strong><\/p>\n<p><iframe loading=\"lazy\" title=\"Giuseppe Mendicino, su Augusto Murer e Mario Rigoni Stern\" width=\"1200\" height=\"675\" src=\"https:\/\/www.youtube.com\/embed\/gNZX-k2f23I?start=1&#038;feature=oembed\" frameborder=\"0\" allow=\"accelerometer; autoplay; clipboard-write; encrypted-media; gyroscope; picture-in-picture\" allowfullscreen><\/iframe><\/p>\n<p>&nbsp;<\/p>\n<p>&nbsp;<\/p>\n<hr \/>\n<p>&nbsp;<\/p>\n<blockquote>\n<h3>TESTI, IMMAGINI, LIRICHE DIALETTALI, VECCHI ARTICOLI NEL LIBRO \u201cIL LAVORO NELLE VALLI DEL PIAVE E VAJONT\u201d<\/h3>\n<\/blockquote>\n<p><strong>di\u00a0 RENATO BONA<\/strong><\/p>\n<p>Contributi di Eliana Olivotto, Agostino Sacchet, Mauro Corona, Associazione Pietra e Scalpellini di Castellavazzo, \u201cSvalt De Forza\u201d Spiegare \u201cIl lavoro nelle Valli del Piave e del Vajont prima del 9 ottobre 1963\u201d (titolo del libro curato da Elda Deon Cardin, longaronese trapiantata a Belluno, con impaginazione e stampa nel novembre 2008 di Grafiche Longaronesi ed il patrocinio del Comune) significa inevitabilmente, perch\u00e9 giusto, parlare e scrivere anche di scalpellini. Se poi hai l\u2019acume di accostare a testi e immagini le liriche dialettali di Eliana Olivotto, il gioco \u00e8 fatto ed il successo meritato. Complimenti dunque all\u2019autrice &#8211; esemplare anche nella ricerca-raccolta di cartoline del tempo che fu &#8211; alla poetessa e ai molti altri che hanno volentieri garantito la loro collaborazione. Il capitolo si apre con la lirica della Olivotto: \u201cPensier de \u2018n scalpel\u00ecn\u201d la quale fa sua la ipotetica domanda di uno scalpellino: \u201cDa \u2018sta pi\u00e9ra r\u00f2sa, co\u2019 scalp\u00e8l e mart\u00e8l, cossa c\u00e0vele fora le me man de b\u00e8l?\u2026\u201d (da questa pietra rosa, con scalpello e martello cosa ricaveranno le mie mani di bello? &#8211; ndr.) per introdurre un testo di Agostino Sacchet il quale illustra \u201cPietra e Scalpellini di Castellavazzo\u201d ricordando che \u201cLa pi\u00e9ra de Castel \u00e8 una risorsa naturale utilizzata fin dai tempi di Roma, ne \u00e8 prova la stele neroniana conservata nel municipio di Castellavazzo\u201d. Si tratta di una pietra calcarea con due variet\u00e0 principali di colore rosso venato e grigio cinereo, una delle pi\u00f9 pregiate della provincia di Belluno. All\u2019uso della pietra \u00e8 legata l\u2019attivit\u00e0 degli scalpellini vanto storico, artigianale, professionale ed artistico del paese. Richiamati alcuni esempi importanti di utilizzo a Belluno (oltre che in Veneto) della pietra di Castellavazzo: cattedrale e campanile del capoluogo, palazzo Reviviscar, la sede delle Poste, non trascura di scrivere che \u201cGli scalpellini, oltre che nel loro paese, hanno portato l\u2019arte e l\u2019abilit\u00e0 professionale in molti stati d\u2019Europa, con un forte flusso migratorio, dalla met\u00e0 degli anni 1800 in Svizzera, in Germania, in Francia\u201d. Avviandosi a conclusione puntualizza: \u201cAttualmente rimane in attivit\u00e0 una sola cava delle oltre venti segnalate nel passato, quella di Marsor a Olantreghe\u2026 Per non perdere la tradizione \u00e8 stata costituita l\u2019associazione \u201cPietra e Scalpellini di Castellavazzo\u201d che si \u00e8 fatta carico di recuperare e rinnovare l\u2019arte della lavorazione manuale della pietra creando la \u201cBottega degli Scalpellini\u201d e recuperando la documentazione e le attrezzature dell\u2019attivit\u00e0 dei tempi passati, che sono state raccolte nell\u2019interessante Museo della Pietra degli Scalpellini ospitato presso le ex scuole medie\u201d. Sotto il titolo \u201cCastellavazzo, un paese di pietra, la pietra di un paese\u201d, l\u2019Associazione Pietra e Scalpellini ricordato che \u201cle vicende storiche che hanno riguardato questo borgo di montagna si sono sempre intrecciate con le attivit\u00e0 di estrazione e lavorazione della pregiata pietra locale, universalmente nota come \u2018di Castellavazzo\u2019, evidenzia il fatto che \u201cTutta l\u2019Europa, l\u2019Africa, l\u2019Asia, le terre d\u2019Oltreoceano, hanno apprezzato l\u2019opera dei cavatori e degli scalpellini provenienti da Castellavazzo dove oggigiorno, a perenne testimonianza del loro prezioso operato, rimangono intatte come un tempo le loro realizzazioni nelle chiese, nei palazzi, sui ponti ancor oggi fruiti\u201d. Elda Deon Cardin non ha certo perso l\u2019occasione ed ha dunque pubblicato uno stralcio da \u201cSotto le foglie\u201d, di un personaggio come Mauro Corona (Corriere delle Alpi, domenica 12 gennaio 2003) in cui lo scrittore spiega che: \u201cAlla cava il rischio di farsi male seriamente o addirittura di lasciarci la pelle era in agguato tutti i giorni e ad ogni ora . Troppi aggeggi complicati, pesi colossali, blocchi mastodontici in movimento dovevano essere gestiti e tenuti a bada dall\u2019intelligenza e dall\u2019esperienza umana\u2026 Una volta dovevamo fendere un blocco enorme di forma ovale. Una mastodontica noce di quattro metri cubi da dividere esattamente a met\u00e0 lungo la linea longitudinale, Berto pratic\u00f2 i fori, dopo di che io vi puntai i cunei d\u2019acciaio assieme alle lamine. Se c\u2019era da spaccare blocchi mi offrivo volontario perch\u00e9 speravo sempre di imbattermi nell\u2019\u2018occhio azzurro\u2019\u2026\u201d. Infine l\u2019autrice ha recuperato da \u201cIl Gazzettino\u201d del 30 dicembre 1959 il servizio firmato \u201cSvalt De Forza\u201d e \u201cintitolato: \u201cIl magnifico marmo della cava di Buscada far\u00e0 di Erto la \u2018citt\u00e0\u2019 voluta dalla profezia?\u201d (e cio\u00e8: \u201cErto diventer\u00e0 una citt\u00e0 e poi sprofonder\u00e0\u201d), con la puntualizzazione: \u201cSe la citt\u00e0 \u00e8 ancora di l\u00e0 da venire, tuttavia qualcosa si va maturando&#8230; fra qualche anno il ghibellino bel campanile di Erto si specchier\u00e0 sulle tranquille acque di un lago meraviglioso che render\u00e0 la zona magnifica dal lato turistico, poi dir\u00f2 che si \u00e8 aperta in Buscada (a m.1752 slm) una cava di marmo rosso di interesse indiscutibile\u2026\u201d.<\/p>\n\n\t\t\t<style type='text\/css'>\n\t\t\t\t#gallery-3 {\n\t\t\t\t\tmargin: auto;\n\t\t\t\t}\n\t\t\t\t#gallery-3 .gallery-item {\n\t\t\t\t\tfloat: left;\n\t\t\t\t\tmargin-top: 10px;\n\t\t\t\t\ttext-align: center;\n\t\t\t\t\twidth: 33%;\n\t\t\t\t}\n\t\t\t\t#gallery-3 img {\n\t\t\t\t\tborder: 2px solid #cfcfcf;\n\t\t\t\t}\n\t\t\t\t#gallery-3 .gallery-caption {\n\t\t\t\t\tmargin-left: 0;\n\t\t\t\t}\n\t\t\t\t\/* see gallery_shortcode() in wp-includes\/media.php *\/\n\t\t\t<\/style>\n\t\t<div id='gallery-3' class='dt-gallery-container gallery galleryid-291793 gallery-columns-3 gallery-size-thumbnail'><dl class='gallery-item'>\n\t\t\t\t<dt class='gallery-icon portrait'>\n\t\t\t\t\t<a class=\"rollover\" href='https:\/\/www.radiopiu.net\/wordpress\/giornale-radiopiu-10-agosto-2022-direttore-mirko-mezzacasa\/296022098_601907051506595_770542093823152341_n\/'><img loading=\"lazy\" decoding=\"async\" width=\"150\" height=\"150\" src=\"https:\/\/www.radiopiu.net\/wordpress\/wp-content\/uploads\/2022\/08\/296022098_601907051506595_770542093823152341_n-150x150.jpg\" class=\"attachment-thumbnail size-thumbnail\" alt=\"\" \/><\/a>\n\t\t\t\t<\/dt><\/dl><dl class='gallery-item'>\n\t\t\t\t<dt class='gallery-icon landscape'>\n\t\t\t\t\t<a class=\"rollover\" href='https:\/\/www.radiopiu.net\/wordpress\/giornale-radiopiu-10-agosto-2022-direttore-mirko-mezzacasa\/296002668_800337671124742_6168675447119068195_n\/'><img loading=\"lazy\" decoding=\"async\" width=\"150\" height=\"150\" src=\"https:\/\/www.radiopiu.net\/wordpress\/wp-content\/uploads\/2022\/08\/296002668_800337671124742_6168675447119068195_n-150x150.jpg\" class=\"attachment-thumbnail size-thumbnail\" alt=\"\" \/><\/a>\n\t\t\t\t<\/dt><\/dl><dl class='gallery-item'>\n\t\t\t\t<dt class='gallery-icon landscape'>\n\t\t\t\t\t<a class=\"rollover\" href='https:\/\/www.radiopiu.net\/wordpress\/giornale-radiopiu-10-agosto-2022-direttore-mirko-mezzacasa\/297103462_734060154492495_3854095511252038259_n\/'><img loading=\"lazy\" decoding=\"async\" width=\"150\" height=\"150\" src=\"https:\/\/www.radiopiu.net\/wordpress\/wp-content\/uploads\/2022\/08\/297103462_734060154492495_3854095511252038259_n-150x150.jpg\" class=\"attachment-thumbnail size-thumbnail\" alt=\"\" \/><\/a>\n\t\t\t\t<\/dt><\/dl><br style=\"clear: both\" \/><dl class='gallery-item'>\n\t\t\t\t<dt class='gallery-icon portrait'>\n\t\t\t\t\t<a class=\"rollover\" href='https:\/\/www.radiopiu.net\/wordpress\/giornale-radiopiu-10-agosto-2022-direttore-mirko-mezzacasa\/297076431_1448206702322191_7429032548104355947_n\/'><img loading=\"lazy\" decoding=\"async\" width=\"150\" height=\"150\" src=\"https:\/\/www.radiopiu.net\/wordpress\/wp-content\/uploads\/2022\/08\/297076431_1448206702322191_7429032548104355947_n-150x150.jpg\" class=\"attachment-thumbnail size-thumbnail\" alt=\"\" \/><\/a>\n\t\t\t\t<\/dt><\/dl><dl class='gallery-item'>\n\t\t\t\t<dt class='gallery-icon landscape'>\n\t\t\t\t\t<a class=\"rollover\" href='https:\/\/www.radiopiu.net\/wordpress\/giornale-radiopiu-10-agosto-2022-direttore-mirko-mezzacasa\/297256779_3376885112546902_151605745034916324_n\/'><img loading=\"lazy\" decoding=\"async\" width=\"150\" height=\"150\" src=\"https:\/\/www.radiopiu.net\/wordpress\/wp-content\/uploads\/2022\/08\/297256779_3376885112546902_151605745034916324_n-150x150.jpg\" class=\"attachment-thumbnail size-thumbnail\" alt=\"\" \/><\/a>\n\t\t\t\t<\/dt><\/dl>\n\t\t\t\t<br style='clear: both' \/>\n\t\t\t<\/div>\n\n<p>NELLE FOTO (riproduzioni dal libro \u201cIl lavoro nelle Valli del Piave e del Vajont prima del 9 ottobre 1963\u201d e Pro Logo Longarone):gruppo di scalpellini; La falda \u2013 Sierras de Cordoba, primi anni del \u2018900; foto Arturo Francisco, donatore Narciso Bergamasco, collezione Apsc: Associazione Pietra e Scalpellini Castellavazzo; gruppo di scalpellini provenienti dalla zona di Castellavazzo in Baviera, Germania, nel 1908; donatore Luca Mazzucco (Bero), collezione Apsc; cava di Buscada: preparazione dei blocchi di marmo, anni \u201869-\u201970, foto Leschiutta, Claut, collezione Gianpietro Corona; ancora Buscada: preparazione del \u2018mus\u00e0t\u2019 per la discesa a valle del blocco finito e suono della tromba come allarme sparo mine, anni \u201869-\u201970, foto Leschiutta Claut, collezione G.C.; particolare della cava di Buscada; collezione Archivio Biblioteca Comune di Erto e Casso; la nuova sede di Associazione e Museo degli scalpellini a Castellavazzo in provincia di Belluno.<\/p>\n<p>&nbsp;<\/p>\n<hr \/>\n<p>&nbsp;<\/p>\n<blockquote class=\"wp-embedded-content\" data-secret=\"ASwDJGNjoV\"><p><a href=\"https:\/\/www.radiopiu.net\/wordpress\/aggnazionaleagosto09\/\">CORONAVIRUS: AGGIORNAMENTO NAZIONALE 09 AGOSTO 2022<\/a><\/p><\/blockquote>\n<p><iframe loading=\"lazy\" class=\"wp-embedded-content\" sandbox=\"allow-scripts\" security=\"restricted\" style=\"position: absolute; clip: rect(1px, 1px, 1px, 1px);\" title=\"&#8220;CORONAVIRUS: AGGIORNAMENTO NAZIONALE 09 AGOSTO 2022&#8221; &#8212; Radio Pi\u00f9\" src=\"https:\/\/www.radiopiu.net\/wordpress\/aggnazionaleagosto09\/embed\/#?secret=YbGamaHpkt#?secret=ASwDJGNjoV\" data-secret=\"ASwDJGNjoV\" width=\"600\" height=\"338\" frameborder=\"0\" marginwidth=\"0\" marginheight=\"0\" scrolling=\"no\"><\/iframe><\/p>\n<p>&nbsp;<\/p>\n<blockquote class=\"wp-embedded-content\" data-secret=\"h76to6uNcb\"><p><a href=\"https:\/\/www.radiopiu.net\/wordpress\/aziendazeroagosto09\/\">RICOVERI IN CALO, 16 DECESSI E 5429 NUOVI POSITIVI IN VENETO NELLE ULTIME 24 ORE<\/a><\/p><\/blockquote>\n<p><iframe loading=\"lazy\" class=\"wp-embedded-content\" sandbox=\"allow-scripts\" security=\"restricted\" style=\"position: absolute; clip: rect(1px, 1px, 1px, 1px);\" title=\"&#8220;RICOVERI IN CALO, 16 DECESSI E 5429 NUOVI POSITIVI IN VENETO NELLE ULTIME 24 ORE&#8221; &#8212; Radio Pi\u00f9\" src=\"https:\/\/www.radiopiu.net\/wordpress\/aziendazeroagosto09\/embed\/#?secret=vzGb44ThWD#?secret=h76to6uNcb\" data-secret=\"h76to6uNcb\" width=\"600\" height=\"338\" frameborder=\"0\" marginwidth=\"0\" marginheight=\"0\" scrolling=\"no\"><\/iframe><\/p>\n<p>&nbsp;<\/p>\n<h2>I GRAFICI DI TIZIANO DE COL<\/h2>\n\n\t\t\t<style type='text\/css'>\n\t\t\t\t#gallery-4 {\n\t\t\t\t\tmargin: auto;\n\t\t\t\t}\n\t\t\t\t#gallery-4 .gallery-item {\n\t\t\t\t\tfloat: left;\n\t\t\t\t\tmargin-top: 10px;\n\t\t\t\t\ttext-align: center;\n\t\t\t\t\twidth: 33%;\n\t\t\t\t}\n\t\t\t\t#gallery-4 img {\n\t\t\t\t\tborder: 2px solid #cfcfcf;\n\t\t\t\t}\n\t\t\t\t#gallery-4 .gallery-caption {\n\t\t\t\t\tmargin-left: 0;\n\t\t\t\t}\n\t\t\t\t\/* see gallery_shortcode() in wp-includes\/media.php *\/\n\t\t\t<\/style>\n\t\t<div id='gallery-4' class='dt-gallery-container gallery galleryid-291793 gallery-columns-3 gallery-size-thumbnail'><dl class='gallery-item'>\n\t\t\t\t<dt class='gallery-icon landscape'>\n\t\t\t\t\t<a class=\"rollover rollover-zoom dt-pswp-item\" title=\"f97a4daf-90d3-4f39-9f23-08035b325e56\" data-dt-img-description=\"\" data-large_image_width=\"606\" data-large_image_height=\"366\"href='https:\/\/www.radiopiu.net\/wordpress\/wp-content\/uploads\/2022\/08\/f97a4daf-90d3-4f39-9f23-08035b325e56.jpg'><img loading=\"lazy\" decoding=\"async\" width=\"150\" height=\"150\" src=\"https:\/\/www.radiopiu.net\/wordpress\/wp-content\/uploads\/2022\/08\/f97a4daf-90d3-4f39-9f23-08035b325e56-150x150.jpg\" class=\"attachment-thumbnail size-thumbnail\" alt=\"\" \/><\/a>\n\t\t\t\t<\/dt><\/dl><dl class='gallery-item'>\n\t\t\t\t<dt class='gallery-icon landscape'>\n\t\t\t\t\t<a class=\"rollover rollover-zoom dt-pswp-item\" title=\"999ca510-9117-443c-bf7c-e4df70be7a19\" data-dt-img-description=\"\" data-large_image_width=\"594\" data-large_image_height=\"361\"href='https:\/\/www.radiopiu.net\/wordpress\/wp-content\/uploads\/2022\/08\/999ca510-9117-443c-bf7c-e4df70be7a19.jpg'><img loading=\"lazy\" decoding=\"async\" width=\"150\" height=\"150\" src=\"https:\/\/www.radiopiu.net\/wordpress\/wp-content\/uploads\/2022\/08\/999ca510-9117-443c-bf7c-e4df70be7a19-150x150.jpg\" class=\"attachment-thumbnail size-thumbnail\" alt=\"\" \/><\/a>\n\t\t\t\t<\/dt><\/dl><dl class='gallery-item'>\n\t\t\t\t<dt class='gallery-icon landscape'>\n\t\t\t\t\t<a class=\"rollover rollover-zoom dt-pswp-item\" title=\"5964b2e6-2eab-4850-a973-cdd45567cb90\" data-dt-img-description=\"\" data-large_image_width=\"612\" data-large_image_height=\"354\"href='https:\/\/www.radiopiu.net\/wordpress\/wp-content\/uploads\/2022\/08\/5964b2e6-2eab-4850-a973-cdd45567cb90.jpg'><img loading=\"lazy\" decoding=\"async\" width=\"150\" height=\"150\" src=\"https:\/\/www.radiopiu.net\/wordpress\/wp-content\/uploads\/2022\/08\/5964b2e6-2eab-4850-a973-cdd45567cb90-150x150.jpg\" class=\"attachment-thumbnail size-thumbnail\" alt=\"\" \/><\/a>\n\t\t\t\t<\/dt><\/dl><br style=\"clear: both\" \/><dl class='gallery-item'>\n\t\t\t\t<dt class='gallery-icon landscape'>\n\t\t\t\t\t<a class=\"rollover rollover-zoom dt-pswp-item\" title=\"113fcc17-44f2-4f94-bd6c-25987cab3207\" data-dt-img-description=\"\" data-large_image_width=\"626\" data-large_image_height=\"363\"href='https:\/\/www.radiopiu.net\/wordpress\/wp-content\/uploads\/2022\/08\/113fcc17-44f2-4f94-bd6c-25987cab3207.jpg'><img loading=\"lazy\" decoding=\"async\" width=\"150\" height=\"150\" src=\"https:\/\/www.radiopiu.net\/wordpress\/wp-content\/uploads\/2022\/08\/113fcc17-44f2-4f94-bd6c-25987cab3207-150x150.jpg\" class=\"attachment-thumbnail size-thumbnail\" alt=\"\" \/><\/a>\n\t\t\t\t<\/dt><\/dl><dl class='gallery-item'>\n\t\t\t\t<dt class='gallery-icon landscape'>\n\t\t\t\t\t<a class=\"rollover rollover-zoom dt-pswp-item\" title=\"a8efa36e-7556-44c0-8f30-0509fa829d16\" data-dt-img-description=\"\" data-large_image_width=\"604\" data-large_image_height=\"384\"href='https:\/\/www.radiopiu.net\/wordpress\/wp-content\/uploads\/2022\/08\/a8efa36e-7556-44c0-8f30-0509fa829d16.jpg'><img loading=\"lazy\" decoding=\"async\" width=\"150\" height=\"150\" src=\"https:\/\/www.radiopiu.net\/wordpress\/wp-content\/uploads\/2022\/08\/a8efa36e-7556-44c0-8f30-0509fa829d16-150x150.jpg\" class=\"attachment-thumbnail size-thumbnail\" alt=\"\" \/><\/a>\n\t\t\t\t<\/dt><\/dl><dl class='gallery-item'>\n\t\t\t\t<dt class='gallery-icon landscape'>\n\t\t\t\t\t<a class=\"rollover rollover-zoom dt-pswp-item\" title=\"158abf89-265d-4eae-8f81-c2719453d716\" data-dt-img-description=\"\" data-large_image_width=\"610\" data-large_image_height=\"366\"href='https:\/\/www.radiopiu.net\/wordpress\/wp-content\/uploads\/2022\/08\/158abf89-265d-4eae-8f81-c2719453d716.jpg'><img loading=\"lazy\" decoding=\"async\" width=\"150\" height=\"150\" src=\"https:\/\/www.radiopiu.net\/wordpress\/wp-content\/uploads\/2022\/08\/158abf89-265d-4eae-8f81-c2719453d716-150x150.jpg\" class=\"attachment-thumbnail size-thumbnail\" alt=\"\" \/><\/a>\n\t\t\t\t<\/dt><\/dl><br style=\"clear: both\" \/>\n\t\t\t<\/div>\n\n<p>&nbsp;<\/p>\n<hr \/>\n<p>&nbsp;<\/p>\n<blockquote>\n<h3><strong>ZANZARE: AL VIA ALCUNI INCONTRI PER LA POPOLAZIONE<\/strong><\/h3>\n<\/blockquote>\n<p><strong>BELLUNO <\/strong>La zanzara non \u00e8 solo un insetto fastidioso, la puntura di zanzara pu\u00f2 diventare talvolta un pericolo per la trasmissione di alcune malattie virali. L\u2019Ulss Dolomiti ha attivato un ciclo di incontri per sensibilizzare i cittadini sulle misure preventive da poter adottare per ridurre la proliferazione delle zanzare e sulle malattie virali che possono essere trasmesse dalle punture di questi insetti. In Italia, le malattie virali trasmesse dalla puntura di zanzare sono: West Nile, Chikungunya, Dengue, Zika. Secondo incontro <span style=\"color: #ff0000;\">GIOVEDI 18 AGOSTO AD AGORDO ALLE 17.30 IN SALA DELLA BIBLIOTECA<\/span>\u00a0 e venerd\u00ec 26 agosto ad Arsi\u00e8, ai quali si aggiungeranno ulteriori incontri. Seguiranno i dettagli per i prossimi appuntamenti.<\/p>\n<p>&nbsp;<\/p>\n<p>&nbsp;<\/p>\n<hr \/>\n<p>&nbsp;<\/p>\n<blockquote>\n<h3>ONLINE SUL SITO WEB DELLA REGIONE IL RENDICONTO GENERALE 2021<\/h3>\n<\/blockquote>\n<p><strong><a class=\"dt-pswp-item\" href=\"https:\/\/www.radiopiu.net\/wordpress\/wp-content\/uploads\/2020\/01\/uomo-disteso-che-conta-soldi-con-il-calcolatore_23-2148230056.jpg\" data-dt-img-description=\"\" data-large_image_width=\"626\" data-large_image_height=\"417\"><img loading=\"lazy\" decoding=\"async\" class=\"size-thumbnail wp-image-115054 alignleft\" src=\"https:\/\/www.radiopiu.net\/wordpress\/wp-content\/uploads\/2020\/01\/uomo-disteso-che-conta-soldi-con-il-calcolatore_23-2148230056-150x150.jpg\" alt=\"\" width=\"150\" height=\"150\" \/><\/a>VENEZIA <\/strong>Oltre al Bilancio semplificato del 2022, \u00e8 stato pubblicato online nel portale regionale, all\u2019indirizzo <a href=\"https:\/\/rendiconto.regione.veneto.it\/\">https:\/\/rendiconto.regione.veneto.it\/<\/a>, il Rendiconto generale semplificato per il cittadino. Un vero e proprio sito dedicato ai dati dell\u2019attivit\u00e0 finanziaria della Regione del Veneto, riferita all\u2019anno 2021. Il Rendiconto generale del 2021 ha un valore complessivo di circa 15 miliardi di euro. Nel 2021 sono state accertate entrate per 15.300,66 milioni di euro che, rapportate alle previsioni definitive dei Titoli dell&#8217;Entrata pari a circa 17.154,89 milioni di euro, determinano una capacit\u00e0 di accertamento pari a circa l&#8217;89,19% degli stanziamenti finali. Gli impegni di spesa ammontano complessivamente a 14.976,96 milioni di euro, rispetto ad un ammontare di previsioni definitive pari a circa 18.893,64 milioni di euro. Il fondo cassa al 31 dicembre 2021 \u00e8 stato di 1.462.325.639,70 euro.<\/p>\n<p>&nbsp;<\/p>\n<p>&nbsp;<\/p>\n<hr \/>\n<p>&nbsp;<\/p>\n<blockquote>\n<h3>VIA ALL&#8217;AGGIORNAMENTO FINALE DEL PIANO RIFIUTI VENETO<\/h3>\n<\/blockquote>\n<p><strong>VENEZIA<\/strong> Con l\u2019approvazione da parte della Giunta \u00e8 giunto alla conclusione del suo iter l\u2019aggiornamento del Piano regionale di gestione dei rifiuti urbani e speciali. Un piano che prosegue nel solco di quello fino ad oggi vigente, che tanti risultati ha gi\u00e0 portato. Ora, in prospettiva 2030, si punta a consolidare ulteriormente tali risultati, innanzitutto portando la raccolta differenziata all\u201984% e la riduzione del rifiuto urbano non differenziato pro capite entro gli 80 chilogrammi per abitante all&#8217;anno senza la necessit\u00e0 di aprire nessuna nuova discarica.<strong><br \/>\n<\/strong><\/p>\n<p>&nbsp;<\/p>\n<p>&nbsp;<\/p>\n<hr \/>\n<p>&nbsp;<\/p>\n<blockquote>\n<h3>CONSIGLIO SENZA NUMERO LEGALE: SALTA LA SURROGA DEL CONSIGLIERE DIMISSIONARIO<\/h3>\n<\/blockquote>\n<p><strong>LIMANA <\/strong>I Consiglieri del Gruppo Oltre Limana esprimono il loro stupore di fronte alla deliberata assenza, non preventivamente giustificata, dei Consiglieri del Gruppo di Minoranza Limana Prospettiva Futura e del Gruppo Misto al Consiglio convocato per le 19:00 del 08 agosto 2022. Assenza che ha impedito che il Consiglio si riunisse e deliberasse la surroga della Consigliera dimissionaria Tiziana Roncada convalidando l\u2019assegnazione del seggio, attualmente vacante, che spetta di diritto all\u2019assessore Cinzia Dal Molin, primo dei non eletti della lista di maggioranza Oltre Limana. A giudizio dei Consiglieri di Maggioranza, aver impedito lo svolgimento della seduta consiliare, congelando l\u2019operativit\u00e0 del Consiglio Comunale che ora non pu\u00f2 adottare alcun provvedimento amministrativo, \u00e8 un atto di estrema e ingiustificabile gravit\u00e0. Al fine di limitare gli effetti di tale scelta, l\u2019Amministrazione ha gi\u00e0 provveduto a riunire in seconda convocazione il Consiglio Comunale per le ore 13:00 della giornata di oggi.<\/p>\n<p>&nbsp;<\/p>\n<p>&nbsp;<\/p>\n<hr \/>\n<p>&nbsp;<\/p>\n<blockquote>\n<h3>L&#8217;ABM RICORDA LA TRAGEDIA DI MARCINELLE<\/h3>\n<\/blockquote>\n<p><strong><a class=\"dt-pswp-item\" href=\"https:\/\/www.radiopiu.net\/wordpress\/wp-content\/uploads\/2022\/08\/marcinelle_bortot_figlia_bis.jpeg\" data-dt-img-description=\"\" data-large_image_width=\"2016\" data-large_image_height=\"1134\"><img loading=\"lazy\" decoding=\"async\" class=\"size-thumbnail wp-image-291937 alignleft\" src=\"https:\/\/www.radiopiu.net\/wordpress\/wp-content\/uploads\/2022\/08\/marcinelle_bortot_figlia_bis-150x150.jpeg\" alt=\"\" width=\"150\" height=\"150\" \/><\/a>BELLUNO<\/strong> Seicento bambini orfani. Seicento donne vedove. \u00c8 il 1971 e siamo in provincia di Belluno. Una provincia di emigranti e allora, una delle persone che diede battaglia affinch\u00e9 orfani e vedove avessero il giusto sostegno fu l\u2019allora parlamentare, nonch\u00e9 sindaco di Ponte nelle Alpi. Giovanni Bortot. E proprio la figura di Bortot \u00e8 stata ricordata in occasione del 66\u00b0 anniversario della tragedia di Marcinelle e della 21.ma Giornata del sacrificio del lavoro degli italiani all\u2019estero, che l\u2019Associazione Bellunesi nel Mondo ha ricordato luned\u00ec 8 agosto davanti alla propria sede, in\u00a0 via Cavour a Belluno, in cui \u00e8 presente il monumento degli emigranti scolpito da Franco Fiabane. Un monumento che rappresenta anche la tragedia di Marcinelle. Era l\u20198 agosto del 1956, quando un incendio scoppiato in uno dei pozzi della miniera di carbon fossile del Bois du Cazier (Marcinelle \u2013 Belgio) provoc\u00f2 un disastro che segn\u00f2 per sempre la storia dell\u2019emigrazione italiana. 262 vittime, provenienti da 12 diversi paesi,136 italiani, tra questi il bellunese Dino Della Vecchia. La tragedia, con il suo dolore, permise tuttavia di far luce sulle deplorevoli condizioni di lavoro nelle miniere, contribuendo finalmente all\u2019introduzione delle maschere antigas.<\/p>\n<p>&nbsp;<\/p>\n<p>&nbsp;<\/p>\n<hr \/>\n<p>&nbsp;<\/p>\n<blockquote>\n<h3>GIOVANNI BORTOT E UN RICONOSCIMENTO SPECIALE<\/h3>\n<\/blockquote>\n<p><strong><a class=\"dt-pswp-item\" href=\"https:\/\/www.radiopiu.net\/wordpress\/wp-content\/uploads\/2022\/08\/Premiazione_Abm.jpg\" data-dt-img-description=\"\" data-large_image_width=\"1112\" data-large_image_height=\"2089\"><img loading=\"lazy\" decoding=\"async\" class=\"alignleft wp-image-291932 \" src=\"https:\/\/www.radiopiu.net\/wordpress\/wp-content\/uploads\/2022\/08\/Premiazione_Abm-160x300.jpg\" alt=\"\" width=\"97\" height=\"182\" srcset=\"https:\/\/www.radiopiu.net\/wordpress\/wp-content\/uploads\/2022\/08\/Premiazione_Abm-160x300.jpg 160w, https:\/\/www.radiopiu.net\/wordpress\/wp-content\/uploads\/2022\/08\/Premiazione_Abm-545x1024.jpg 545w, https:\/\/www.radiopiu.net\/wordpress\/wp-content\/uploads\/2022\/08\/Premiazione_Abm-768x1443.jpg 768w, https:\/\/www.radiopiu.net\/wordpress\/wp-content\/uploads\/2022\/08\/Premiazione_Abm-818x1536.jpg 818w, https:\/\/www.radiopiu.net\/wordpress\/wp-content\/uploads\/2022\/08\/Premiazione_Abm-1090x2048.jpg 1090w, https:\/\/www.radiopiu.net\/wordpress\/wp-content\/uploads\/2022\/08\/Premiazione_Abm.jpg 1112w\" sizes=\"auto, (max-width: 97px) 100vw, 97px\" \/><\/a>PONTE NELLE ALPI <\/strong>L\u2019amministrazione comunale di Ponte nelle Alpi ringrazia l\u2019Associazione Bellunesi nel Mondo per il riconoscimento dato alla figura di Giovanni Bortot.<span class=\"gmail-Apple-converted-space\"> \u00a0<\/span>Gi\u00e0 lo scorso 31 luglio, in localit\u00e0 Pus &#8211; Pian Longhi sul Nevegal, al compianto Bortot era stata dedicata l\u2019area ricreativa che ospita la tradizionale Festa de l\u2019Unit\u00e0: un appuntamento importante sotto il profilo aggregativo, di convegni, dibattiti, confronti e manifestazioni. Senza trascurare la sfera enogastronomica. E domenica scorsa, nell\u2019ambito della commemorazione della tragedia di Marcinelle, l\u2019ABM ha consegnato alla figlia di Giovanni Bortot, Tiziana, una pergamena ricordo e benemerenza per tutto ci\u00f2 che l\u2019ex sindaco di Ponte nelle Alpi e deputato della Repubblica ha fatto in favore degli emigranti. L\u2019amministrazione pontalpina, con la vice sindaca Lucia Da Rold, ha quindi ringraziato il presidente dell\u2019Associazione Bellunesi nel Mondo, Oscar De Bona, e Gioachino Bratti, gi\u00e0 sindaco di Longarone, ma soprattutto amico e collega di Bortot.<span class=\"gmail-Apple-converted-space\">\u00a0<\/span><\/p>\n<p>&nbsp;<\/p>\n<p>&nbsp;<\/p>\n<hr \/>\n<p>&nbsp;<\/p>\n<blockquote>\n<h3>SARA&#8217; SEDICO AD OSPITARE IL PREMIO INTERNAZIONALE ABM<\/h3>\n<\/blockquote>\n<p><strong>BELLUNO<\/strong> Sar\u00e0 la chiesa arcipretale di Sedico a ospitare la XXII edizione del premio internazionale \u201cBellunesi che onorano la provincia di Belluno in Italia e all\u2019estero\u201d in programma nella mattinata di sabato 26 novembre.<\/p>\n<p>&nbsp;<\/p>\n<hr \/>\n<p>&nbsp;<\/p>\n<blockquote>\n<h3>DISAGI NEL SERVIZIO DELLE TRE CIME. LE SCUSE DI DOLOMITI BUS<\/h3>\n<\/blockquote>\n<p><strong><a class=\"dt-pswp-item\" href=\"https:\/\/www.radiopiu.net\/wordpress\/wp-content\/uploads\/2020\/06\/80c303ed-9a2e-49f0-8b20-3dd5e061bbf3.jpg\" data-dt-img-description=\"\" data-large_image_width=\"1280\" data-large_image_height=\"960\"><img loading=\"lazy\" decoding=\"async\" class=\"size-thumbnail wp-image-145520 alignleft\" src=\"https:\/\/www.radiopiu.net\/wordpress\/wp-content\/uploads\/2020\/06\/80c303ed-9a2e-49f0-8b20-3dd5e061bbf3-150x150.jpg\" alt=\"\" width=\"150\" height=\"150\" \/><\/a>BELLUNO <\/strong>Ieri mattina si sono registrati alcuni ritardi nel servizio Dolomiti Bus relativo alle Tre Cime di Lavaredo. La biglietteria \u00e8 rimasta inattiva per un\u2019ora e di conseguenza si sono formate lunghe code di passeggeri in attesa di acquistare il titolo di viaggio. \u00ab<em>Ci scusiamo con i viaggiatori\u00bb il messaggio di Dolomiti Bus spa. \u00abStiamo lavorando per migliorare il servizio e da domani sicuramente torneremo alla piena operativit\u00e0<\/em>\u00bb. Con l\u2019installazione di una macchina obliteratrice diminuiranno i tempi di attesa alla fermata delle Tre Cime. I passeggeri, infatti, potranno timbrare il biglietto prima di salire a bordo dei pullman, limitando cos\u00ec la creazione di file. La macchina obliteratrice \u00e8 collegata a un pannello fotovoltaico, cos\u00ec da rendere sostenibile anche dal punto di vista energetico e ambientale il nuovo servizio. \u00ab<em>Come si leggeva una volta sui cartelli autostradali, \u201cstiamo lavorando per voi<\/em>\u201d\u00bb sottolinea il presidente di Dolomiti Bus spa, Andrea Biasiotto. \u00ab<em>Questa mattina la biglietteria \u00e8 stata aperta con ritardo, causa l\u2019installazione della obliteratrice. Ci dispiace che questo abbia causato file e tempi di attesa per i viaggiatori. Colgo l\u2019occasione per ringraziare i conducenti che con grande professionalit\u00e0 stanno rispondendo a un flusso senza pari sulle Tre Cime, consentendo a Dolomiti Bus di continuare a essere l\u2019azienda del territorio, non solo per le esigenze di viaggio dei residenti, ma anche per i turisti<\/em>\u00bb.<\/p>\n<p>&nbsp;<\/p>\n<p>&nbsp;<\/p>\n<hr \/>\n<p>&nbsp;<\/p>\n<blockquote>\n<h3>POSTE ITALIANE: CON I NUOVI VEICOLI GREEN IL RECAPITO A BELLUNO E&#8217; SEMPRE PIU&#8217; SOSTENIBILE<\/h3>\n<\/blockquote>\n<p><strong>BELLUNO\u00a0 <\/strong>Anche in provincia di Belluno sono operativi 83 veicoli a basse emissioni che si aggiungono agli altri mezzi green a tre ruote gi\u00e0 presenti sul territorio per la consegna dei pacchi e della corrispondenza. La nuova fornitura \u00e8 composta da veicoli a quattro ruote, tra macchine e furgoni, allestiti con propulsori endotermici di ultima generazione: metano, motorizzazioni ibride e full electric.<\/p>\n<p>&nbsp;<\/p>\n<hr \/>\n<p>&nbsp;<\/p>\n<blockquote>\n<h3>TRE APPUNTAMENTI CONCLUSIVI PER IL 50\u00b0 DEGLI AMICI DEL NEVEGAL<\/h3>\n<\/blockquote>\n<p><strong><a class=\"dt-pswp-item\" href=\"https:\/\/www.radiopiu.net\/wordpress\/wp-content\/uploads\/2022\/08\/giardino-botanico_2022.jpg\" data-dt-img-description=\"\" data-large_image_width=\"2048\" data-large_image_height=\"945\"><img loading=\"lazy\" decoding=\"async\" class=\"size-thumbnail wp-image-291918 alignleft\" src=\"https:\/\/www.radiopiu.net\/wordpress\/wp-content\/uploads\/2022\/08\/giardino-botanico_2022-150x150.jpg\" alt=\"\" width=\"150\" height=\"150\" \/><\/a>BELLUNO <\/strong>Proseguono gli appuntamenti per celebrare il 50\u00b0 anniversario dalla costituzione dell\u2019associazione \u201cAmici del Nevegal\u201d. Venerd\u00ec 12 agosto alle 17, presso la Sala congressi (ex hall) del Centro Le Torri, ci sar\u00e0 la cerimonia ufficiale per celebrare il 50\u00b0 rivolta a soci e simpatizzanti, che vedr\u00e0 l\u2019intervento delle istituzioni e rinfresco finale aperto a tutti. Marted\u00ec 17 agosto, alle 20.45 sempre presso il Centro Le Torri, ci sar\u00e0 uno spettacolo-omaggio, teatrale e musicale, aGigi Proietti. La chiusura \u00e8 affidata, sabato 20 agosto alle 15.15 (accreditamento coppie alle 14.45), a un Torneo amatoriale di burraco<\/p>\n<p>&nbsp;<\/p>\n<p>&nbsp;<\/p>\n<hr \/>\n<p>&nbsp;<\/p>\n<blockquote>\n<h3>DOPPIA FESTA ALPINA A ROCCA PIETORE<\/h3>\n<\/blockquote>\n<p><strong><a class=\"dt-pswp-item\" href=\"https:\/\/www.radiopiu.net\/wordpress\/wp-content\/uploads\/2021\/06\/244f56bc-9696-40f1-b3e8-f2f5b3cf36c3.jpg\" data-dt-img-description=\"\" data-large_image_width=\"768\" data-large_image_height=\"1024\"><img loading=\"lazy\" decoding=\"async\" class=\"size-thumbnail wp-image-215002 alignleft\" src=\"https:\/\/www.radiopiu.net\/wordpress\/wp-content\/uploads\/2021\/06\/244f56bc-9696-40f1-b3e8-f2f5b3cf36c3-150x150.jpg\" alt=\"\" width=\"150\" height=\"150\" \/><\/a>ROCCA PIETORE<\/strong><\/p>\n<p>di Gianni Santomaso<\/p>\n<audio class=\"wp-audio-shortcode\" id=\"audio-291793-5\" preload=\"none\" style=\"width: 100%;\" controls=\"controls\"><source type=\"audio\/mpeg\" src=\"https:\/\/www.radiopiu.net\/wordpress\/wp-content\/uploads\/2022\/08\/GIANNI-DOPPIA-FESTA-ALPINA-A-ROCCA-PIETORE.mp3?_=5\" \/><a href=\"https:\/\/www.radiopiu.net\/wordpress\/wp-content\/uploads\/2022\/08\/GIANNI-DOPPIA-FESTA-ALPINA-A-ROCCA-PIETORE.mp3\">https:\/\/www.radiopiu.net\/wordpress\/wp-content\/uploads\/2022\/08\/GIANNI-DOPPIA-FESTA-ALPINA-A-ROCCA-PIETORE.mp3<\/a><\/audio>\n<p>&nbsp;<\/p>\n<hr \/>\n<p>&nbsp;<\/p>\n<blockquote>\n<h3>UNA BELLUNESE TRA I FINALISTI DEL MITTELMODA FASHION AWARD<\/h3>\n<\/blockquote>\n<p><strong><a class=\"dt-pswp-item\" href=\"https:\/\/www.radiopiu.net\/wordpress\/wp-content\/uploads\/2022\/08\/Schermata-2022-08-09-alle-14.50.52.png\" data-dt-img-description=\"\" data-large_image_width=\"1452\" data-large_image_height=\"946\"><img loading=\"lazy\" decoding=\"async\" class=\"size-thumbnail wp-image-291926 alignleft\" src=\"https:\/\/www.radiopiu.net\/wordpress\/wp-content\/uploads\/2022\/08\/Schermata-2022-08-09-alle-14.50.52-150x150.png\" alt=\"\" width=\"150\" height=\"150\" \/><\/a> <\/strong><\/p>\n<p><strong>\u00a0<\/strong><\/p>\n<p><strong>BELLUNO<\/strong> Anche una bellunese dell&#8217;ITS Cosmo Certottica tra i finalisti al &#8220;Mittelmoda Fashion Award 2022&#8221;, noto concorso di moda a livello internazionale, riservato agli stilisti e agli studenti di fashion design degli istituti di Art &amp; Design di tutto il mondo. Si tratta di Valeria Zucco. La finalissima con la consegna del premio \u00e8 in programma per il 19 settembre dopo la sfilata delle 30 collezioni scelte per la fase finale.<\/p>\n<p>&nbsp;<\/p>\n<p>&nbsp;<\/p>\n<p>&nbsp;<\/p>\n<hr \/>\n<p>&nbsp;<\/p>\n<blockquote>\n<h3>CHIUSO IL SENTIERO SPERTI<\/h3>\n<\/blockquote>\n<p><strong>BELLUNO<\/strong> In seguito a rilievi tecnici, l&#8217;Unione Montana Bellunese \u201cBelluno-Ponte nelle Alpi\u201d ha comunicato la stato di pericolosita\u0300 del sentiero attrezzato \u201cSperti\u201d, ferrata del gruppo dello Schiara. Si rende pertanto necessaria la chiusura con interdizione totale a qualsiasi percorribilita\u0300 dello stesso sentiero attrezzato \u201cSperti\u201d,\u00a0 fino alla completa eliminazione delle cause di pericolo.<\/p>\n<p>&nbsp;<\/p>\n<p>&nbsp;<\/p>\n<hr \/>\n<p>&nbsp;<\/p>\n<blockquote>\n<h3 class=\"entry-title\">DOMANI AD ALLEGHE IL CONCERTO DEI MATIA BAZAR<\/h3>\n<\/blockquote>\n<p><strong><img loading=\"lazy\" decoding=\"async\" class=\"alignleft\" src=\"https:\/\/www.radiopiu.net\/wordpress\/wp-content\/uploads\/2022\/08\/Matia-Bazar-nuovo-singolo.jpg\" width=\"167\" height=\"94\" \/>ALLEGHE<\/strong> Nell\u2019ambito del tour estivo Casa Sanremo, il truck allestito dal gruppo eventi collegato al Festival della canzone italiana si fermer\u00e0 in alcune piazze del bellunese: domani ad Alleghe, dove \u00e8 attesa l\u2019esibizione dei Matia Bazar con la collaborazione del Consorzio Operatori Turistici di Alleghe e Caprile, dalle 18 al piazzale dello Stadio show cooking ed a seguire il concerto. Il 13 a Cortina sul palco Gianluca Grignani. <em>\u00abCi sono diversi modi di promuovere le specificit\u00e0 del nostro territorio. Dobbiamo puntare sulla spettacolarit\u00e0 delle Dolomiti bellunesi. Per questo abbiamo pensato di proporre alcune serate di spettacolo nello spettacolo di alcune piazze bellunesi \u2013 sottolinea il consigliere provinciale delegato al turismo, Danilo De Toni- Idealmente le tre localit\u00e0 toccate da questi spettacoli abbracciano tutte le piazze della provincia, con l\u2019obiettivo di far apprezzare ai turisti ma anche ai locali la qualit\u00e0 del vivere nel Bellunese, dove non \u00e8 vero che non ci sono mai occasioni di svago e divertimento\u00bb.<\/em><\/p>\n<p><strong>il sindaco di Alleghe, Danilo De Toni\u00a0<\/strong><\/p>\n<audio class=\"wp-audio-shortcode\" id=\"audio-291793-6\" preload=\"none\" style=\"width: 100%;\" controls=\"controls\"><source type=\"audio\/mpeg\" src=\"https:\/\/www.radiopiu.net\/wordpress\/wp-content\/uploads\/2022\/08\/DANILO-DE-TOI-MATIA.mp3?_=6\" \/><a href=\"https:\/\/www.radiopiu.net\/wordpress\/wp-content\/uploads\/2022\/08\/DANILO-DE-TOI-MATIA.mp3\">https:\/\/www.radiopiu.net\/wordpress\/wp-content\/uploads\/2022\/08\/DANILO-DE-TOI-MATIA.mp3<\/a><\/audio>\n<p>&nbsp;<\/p>\n<p>&nbsp;<\/p>\n<hr \/>\n<p>&nbsp;<\/p>\n<blockquote>\n<h3>CONCERTO D&#8217;ORGANO IN ONORE DI PAPA LUCIANI<\/h3>\n<\/blockquote>\n<p><strong>CANALE D&#8217;AGORDO<\/strong> Oggi <span style=\"color: #000000;\"><span style=\"font-family: Arial, sans-serif;\"><span style=\"font-size: small;\"><span lang=\"it-IT\">alle <\/span><\/span><\/span><\/span><span style=\"color: #000000;\"><span style=\"font-family: Arial, sans-serif;\"><span style=\"font-size: small;\"><span lang=\"it-IT\">21<\/span><\/span><\/span><\/span><span style=\"color: #000000;\"><span style=\"font-family: Arial, sans-serif;\"><span style=\"font-size: small;\"><span lang=\"it-IT\">, presso la <\/span><\/span><\/span><\/span><span style=\"color: #000000;\"><span style=\"font-family: Arial, sans-serif;\"><span style=\"font-size: small;\"><span lang=\"it-IT\">chiesa arcipretale di Canale d&#8217;Agordo (Belluno)<\/span><\/span><\/span><\/span><span style=\"color: #000000;\"><span style=\"font-family: Arial, sans-serif;\"><span style=\"font-size: small;\"><span lang=\"it-IT\"> si terr\u00e0 il <\/span><\/span><\/span><\/span><span style=\"color: #000000;\"><span style=\"font-family: Arial, sans-serif;\"><span style=\"font-size: small;\"><span lang=\"it-IT\">concerto d&#8217;organo, tromba e soprano del \u201cVenice Trio\u201d in onore di papa Luciani<\/span><\/span><\/span><\/span><span style=\"color: #000000;\"><span style=\"font-family: Arial, sans-serif;\"><span style=\"font-size: small;\"><span lang=\"it-IT\">. Il concerto \u00e8 realizzato in collaborazione con l&#8217;<\/span><\/span><\/span><\/span><span style=\"color: #000000;\"><span style=\"font-family: Arial, sans-serif;\"><span style=\"font-size: small;\"><span lang=\"it-IT\">Associazione Amici della Musica<\/span><\/span><\/span><\/span><span style=\"color: #000000;\"><span style=\"font-family: Arial, sans-serif;\"><span style=\"font-size: small;\"><span lang=\"it-IT\">.<\/span><\/span><\/span><\/span><\/p>\n<p>&nbsp;<\/p>\n<p>&nbsp;<\/p>\n<hr \/>\n<p>&nbsp;<\/p>\n<blockquote>\n<h2><a class=\"dt-pswp-item\" href=\"https:\/\/www.radiopiu.net\/wordpress\/wp-content\/uploads\/2022\/08\/aaa-7.jpg\" data-dt-img-description=\"\" data-large_image_width=\"553\" data-large_image_height=\"181\"><img loading=\"lazy\" decoding=\"async\" class=\"wp-image-291465 size-medium alignleft\" src=\"https:\/\/www.radiopiu.net\/wordpress\/wp-content\/uploads\/2022\/08\/aaa-7-300x98.jpg\" alt=\"\" width=\"300\" height=\"98\" srcset=\"https:\/\/www.radiopiu.net\/wordpress\/wp-content\/uploads\/2022\/08\/aaa-7-300x98.jpg 300w, https:\/\/www.radiopiu.net\/wordpress\/wp-content\/uploads\/2022\/08\/aaa-7.jpg 553w\" sizes=\"auto, (max-width: 300px) 100vw, 300px\" \/><\/a>MUSICA LIVE ESTATE 22&#8230;E CHE MUSICA!<\/h2>\n<\/blockquote>\n<p>IN PIAZZA A CANALE D&#8217;AGORDO, TRE APPUNTAMENTI PER RENDERE PIU&#8217; FRIZZANTE LA TUA ESTATE.<br \/>\nvenerdi 12 agosto dalle 21 MAGAZZINO COMMERCIALE, LA PIU&#8217; BELLA BUSICA DANCE DEGLI ANNI 90, DA ASCOLTARE, DA BALLARE. sabato 20 agosto dalle 21, THE JB BAND I grandi successi dei Blues Brothers insieme a brani culto degli anni 60-70-80. GRAN FINALE SABATO 27 AGOSTO alle 21 con lo spettacolo dei TIRATAIE, perch\u00e9 sulla loro piazza sanno dare sempre il meglio.\u00a0 CANALE D&#8217;AGORDO, ESTATE 22 IN PIAZZA&#8230; VI TENIAMO D&#8217;OCCHIO&#8230; PARDON D&#8217;ORECCHIO.<\/p>\n<p><strong><span style=\"color: #ff0000;\">ALLA RADIO, THE VOICE MORENO TOCCHETTO<\/span><\/strong><\/p>\n<audio class=\"wp-audio-shortcode\" id=\"audio-291793-7\" preload=\"none\" style=\"width: 100%;\" controls=\"controls\"><source type=\"audio\/mpeg\" src=\"https:\/\/www.radiopiu.net\/wordpress\/wp-content\/uploads\/2022\/08\/MUSICA-CANALE-LUGLIO-22.mp3?_=7\" \/><a href=\"https:\/\/www.radiopiu.net\/wordpress\/wp-content\/uploads\/2022\/08\/MUSICA-CANALE-LUGLIO-22.mp3\">https:\/\/www.radiopiu.net\/wordpress\/wp-content\/uploads\/2022\/08\/MUSICA-CANALE-LUGLIO-22.mp3<\/a><\/audio>\n<p>&nbsp;<\/p>\n<p>&nbsp;<\/p>\n<hr \/>\n<p>&nbsp;<\/p>\n<blockquote>\n<h3>QUATTRO USCITE ORGANIZZATE DAL GAMP<\/h3>\n<\/blockquote>\n<p><strong><a class=\"dt-pswp-item\" href=\"https:\/\/www.radiopiu.net\/wordpress\/wp-content\/uploads\/2022\/05\/closeup-of-a-colourful-mineral-stone-under-the-lights-isolated-on-a-white-background.jpg\" data-dt-img-description=\"\" data-large_image_width=\"1000\" data-large_image_height=\"667\"><img loading=\"lazy\" decoding=\"async\" class=\"size-thumbnail wp-image-274690 alignleft\" src=\"https:\/\/www.radiopiu.net\/wordpress\/wp-content\/uploads\/2022\/05\/closeup-of-a-colourful-mineral-stone-under-the-lights-isolated-on-a-white-background-150x150.jpg\" alt=\"\" width=\"150\" height=\"150\" \/><\/a>AGORDO<\/strong><\/p>\n<p>di Gianni Santomaso<\/p>\n<audio class=\"wp-audio-shortcode\" id=\"audio-291793-8\" preload=\"none\" style=\"width: 100%;\" controls=\"controls\"><source type=\"audio\/mpeg\" src=\"https:\/\/www.radiopiu.net\/wordpress\/wp-content\/uploads\/2022\/07\/GIANNI-ESCURSIONI-GAMP.mp3?_=8\" \/><a href=\"https:\/\/www.radiopiu.net\/wordpress\/wp-content\/uploads\/2022\/07\/GIANNI-ESCURSIONI-GAMP.mp3\">https:\/\/www.radiopiu.net\/wordpress\/wp-content\/uploads\/2022\/07\/GIANNI-ESCURSIONI-GAMP.mp3<\/a><\/audio>\n<p>&nbsp;<\/p>\n<hr \/>\n<p>&nbsp;<\/p>\n<blockquote>\n<h3>IL GIRO DEL LAGO DI ALLEGHE<\/h3>\n<\/blockquote>\n<p><strong>ALLEGHE<\/strong> Torna il Giro del Lago di Alleghe in notturna: marcia non competitiva di 5,3 chilometri arrivata alla 42\u00aa edizione. Domenica 14 agosto da Masare&#8217; di Alleghe con l&#8217;Associazione Alpini, ANA Alleghe. Alle 12 apre il tendone con i piatti tipici, alle 21 il via alla competizione. Iscrizioni presso la sede gli alpini a Masare&#8217; entro le 20,45, oppure all&#8217;ufficio turistico, per tutti maglietta ricordo.<\/p>\n<p>&nbsp;<\/p>\n<p>&nbsp;<\/p>\n<hr \/>\n<p>&nbsp;<\/p>\n<blockquote>\n<h3>LA MADONA DE LA FORZELA CON GLI ALPINI DI SAN TOMASO<\/h3>\n<\/blockquote>\n<p><strong>SAN TOMASO<\/strong> \u00c8 in programma per sabato 13 agosto &#8220;La Madona De La Forzela&#8221; con gli alpini di San Tomaso. Alle 10 il ritrovo presso la forcella di San Tomaso, alle 10:45 l&#8217;alzabandiera e a seguire la santa messa. Alle 12:30 il ristoro. Il ricavato della giornata sar\u00e0 devoluto al Gruppo Alpini di San Tomaso e alla Protezione Civile di San Tomaso. In caso di maltempo la manifestazione sar\u00e0 rinviata a data da destinarsi.<\/p>\n<p><span style=\"color: #ff0000;\">ECCO IL NUOVO CAMPANILE PER LA CHIESETTA CHE SARA&#8217; INAUGURATO IL 13 AGOSTO\u00a0<\/span><\/p>\n\n\t\t\t<style type='text\/css'>\n\t\t\t\t#gallery-5 {\n\t\t\t\t\tmargin: auto;\n\t\t\t\t}\n\t\t\t\t#gallery-5 .gallery-item {\n\t\t\t\t\tfloat: left;\n\t\t\t\t\tmargin-top: 10px;\n\t\t\t\t\ttext-align: center;\n\t\t\t\t\twidth: 33%;\n\t\t\t\t}\n\t\t\t\t#gallery-5 img {\n\t\t\t\t\tborder: 2px solid #cfcfcf;\n\t\t\t\t}\n\t\t\t\t#gallery-5 .gallery-caption {\n\t\t\t\t\tmargin-left: 0;\n\t\t\t\t}\n\t\t\t\t\/* see gallery_shortcode() in wp-includes\/media.php *\/\n\t\t\t<\/style>\n\t\t<div id='gallery-5' class='dt-gallery-container gallery galleryid-291793 gallery-columns-3 gallery-size-thumbnail'><dl class='gallery-item'>\n\t\t\t\t<dt class='gallery-icon portrait'>\n\t\t\t\t\t<a class=\"rollover rollover-zoom dt-pswp-item\" title=\"da0b3418-e26e-4306-b9f9-796dc1947f5e\" data-dt-img-description=\"\" data-large_image_width=\"1200\" data-large_image_height=\"1600\"href='https:\/\/www.radiopiu.net\/wordpress\/wp-content\/uploads\/2022\/08\/da0b3418-e26e-4306-b9f9-796dc1947f5e.jpg'><img loading=\"lazy\" decoding=\"async\" width=\"150\" height=\"150\" src=\"https:\/\/www.radiopiu.net\/wordpress\/wp-content\/uploads\/2022\/08\/da0b3418-e26e-4306-b9f9-796dc1947f5e-150x150.jpg\" class=\"attachment-thumbnail size-thumbnail\" alt=\"\" \/><\/a>\n\t\t\t\t<\/dt><\/dl><dl class='gallery-item'>\n\t\t\t\t<dt class='gallery-icon portrait'>\n\t\t\t\t\t<a class=\"rollover rollover-zoom dt-pswp-item\" title=\"715b2737-a10b-4156-b76b-3cd0b493e79f\" data-dt-img-description=\"\" data-large_image_width=\"1200\" data-large_image_height=\"1600\"href='https:\/\/www.radiopiu.net\/wordpress\/wp-content\/uploads\/2022\/08\/715b2737-a10b-4156-b76b-3cd0b493e79f.jpg'><img loading=\"lazy\" decoding=\"async\" width=\"150\" height=\"150\" src=\"https:\/\/www.radiopiu.net\/wordpress\/wp-content\/uploads\/2022\/08\/715b2737-a10b-4156-b76b-3cd0b493e79f-150x150.jpg\" class=\"attachment-thumbnail size-thumbnail\" alt=\"\" \/><\/a>\n\t\t\t\t<\/dt><\/dl><dl class='gallery-item'>\n\t\t\t\t<dt class='gallery-icon portrait'>\n\t\t\t\t\t<a class=\"rollover rollover-zoom dt-pswp-item\" title=\"5a24d72a-f47b-408a-9d86-66421e637e96\" data-dt-img-description=\"\" data-large_image_width=\"1488\" data-large_image_height=\"1984\"href='https:\/\/www.radiopiu.net\/wordpress\/wp-content\/uploads\/2022\/08\/5a24d72a-f47b-408a-9d86-66421e637e96.jpg'><img loading=\"lazy\" decoding=\"async\" width=\"150\" height=\"150\" src=\"https:\/\/www.radiopiu.net\/wordpress\/wp-content\/uploads\/2022\/08\/5a24d72a-f47b-408a-9d86-66421e637e96-150x150.jpg\" class=\"attachment-thumbnail size-thumbnail\" alt=\"\" \/><\/a>\n\t\t\t\t<\/dt><\/dl><br style=\"clear: both\" \/>\n\t\t\t<\/div>\n\n<p>&nbsp;<\/p>\n<p>&nbsp;<\/p>\n<hr \/>\n<p>&nbsp;<\/p>\n<blockquote>\n<h3>LA FESTA DEL CACCIATORE A CANALE D&#8217;AGORDO<\/h3>\n<\/blockquote>\n<p><strong>CANALE D&#8217;AGORDO <\/strong>\u00c8 in programma nel fine settimana la Festa del cacciatore a Soia di Canale D&#8217;Agordo. Sabato alle 10 la Santa Messa. A mezzogiorno e sera cucina aperta con piatti tipici, alle 15 la gara di briscola\u00a0 e alla sera musica con DJ Battaglia. Domenica alle 10 la consegna degli attestati ai cacciatori agordini, a mezzogiorno apertura delle cucine, alle 18 l&#8217;estrazione dei biglietti della lotteria e musica con Silver Music per tutta la giornata.<\/p>\n<p>&nbsp;<\/p>\n<p>&nbsp;<\/p>\n<hr \/>\n<p>&nbsp;<\/p>\n<blockquote>\n<h3>MUSICA INTE LE VILE A SAN TOMASO<\/h3>\n<\/blockquote>\n<p><strong>SAN TOMASO<\/strong> Ritorna &#8220;Musica Inte Le Vile&#8221; organizzato da la Pro Loco di San Tomaso. Sabato 13 agosto alle 17:30 il concerto del Trio Na Fuoia.<\/p>\n<p>&nbsp;<\/p>\n<p>&nbsp;<\/p>\n<hr \/>\n<p>&nbsp;<\/p>\n<blockquote>\n<h3>SABEDA ITE VILA A ROCCA PIETORE<\/h3>\n<\/blockquote>\n<p><strong>ROCCA PIETORE<\/strong> L&#8217;associazione Borgo di Sottoguda e il comune di Rocca Pietore organizzano &#8220;Sabeda ite vila&#8221;, il mercatino contadino in programma il 13 e 20 agosto dalle 10 in poi.<\/p>\n<p>&nbsp;<\/p>\n<p>&nbsp;<\/p>\n<hr \/>\n<p>&nbsp;<\/p>\n<blockquote>\n<h3>IL 12 AGOSTO A VALLADA PROTAGONISTA IL MONTE CELENTONE<\/h3>\n<\/blockquote>\n<p><strong>VALLADA<\/strong> Venerd\u00ec 12 agosto alle 18 presso la Chiesa Monumentale di San Simon a Vallada, lo storico Marco Perale terr\u00e0 una conferenza dal titolo &#8220;Il Nome Celentone&#8221;, un viaggio nella storia di un toponimo. Organizzano comune di Vallada, Union Ladina Val Biois e Pro Loco.<\/p>\n<p>&nbsp;<\/p>\n<p>&nbsp;<\/p>\n<hr \/>\n<p>&nbsp;<\/p>\n<blockquote>\n<h3>VISITE GUIDATE NELLA CHIESA DI AGORDO<\/h3>\n<\/blockquote>\n<p><strong>AGORDO<\/strong>\u00a0 Venerdi 12 agosto dalle 10 alle 11, e mercoledi 17 agosto dalle 16 alle 17 visite guidate gratuita nella chiesa Arcidiaconale di Agordo. Informazioni all\u2019Ufficio turistico di Agordo.<\/p>\n<p>&nbsp;<\/p>\n<p>&nbsp;<\/p>\n<hr \/>\n<p>&nbsp;<\/p>\n<blockquote>\n<h3>IL SUONO MAGICO DEL LEGNO<\/h3>\n<\/blockquote>\n<p><strong>ROCCA PIETORE<\/strong> Domenica 14 agosto a Sottoguda \u00e8 in programma &#8220;Il Suono Magico Del Legno&#8221; con il complesso degli archi del Friuli e del Veneto. Inizio alle 21 con entrata a offerta libera.<\/p>\n<p>&nbsp;<\/p>\n<p>&nbsp;<\/p>\n<hr \/>\n<p>&nbsp;<\/p>\n<blockquote>\n<h3>FERRAGOSTO AL LAGHETTO DI POLANE<\/h3>\n<\/blockquote>\n<p><strong>AGORDO<\/strong> Il Bacino n\u00b05 agordino organizza per il 15 agosto al laghetto di Polane di Agordo il Trofeo D&#8217;Isep, gara di pesca alla trota riservata ai Pierini, categorie cuccioli fino ad 8 anni e pierini dagli 8 ai 14 anni. Raduno alle 7 al Bar Schenot, inizio gara alle 8, alle 10:30 la pesatura e alle 11 le premiazioni. Iscrizioni presso il Bar Schenot 0437 63104 o Negozio D&#8217;Isep 0437 62411. Termine iscrizioni il 13 agosto, quota 15 euro.<\/p>\n<p>&nbsp;<\/p>\n<p>&nbsp;<\/p>\n<hr \/>\n<p>&nbsp;<\/p>\n<blockquote>\n<h3>DUGONE, IL TORNEO DI GREEN VOLLEY A CENCENIGHE<\/h3>\n<\/blockquote>\n<p><strong>CENCENIGHE<\/strong> U.S. Cencenighe, Comune e Pro Loco organizzano per domenica 21 agosto un torneo di green volley agli impianti sportivi. Due categorie: Senior dai 15 anni in su e Junior dai 9 ai 14 anni. In serata aperitivo con Oh Per Bacco e musica con DJ Jack. Per info ed iscrizioni scrivere a dugone.torneogreenvolly@gmail.com iscrizioni entro il 19 agosto.<\/p>\n<p>&nbsp;<\/p>\n<p>&nbsp;<\/p>\n<hr \/>\n<p>&nbsp;<\/p>\n<blockquote>\n<h3>LA FESTA DEI 100 ANNI DEL GRUPPO SPORTIVO FRASSENE&#8217;<\/h3>\n<\/blockquote>\n<p><strong><a class=\"dt-pswp-item\" href=\"https:\/\/www.radiopiu.net\/wordpress\/wp-content\/uploads\/2022\/08\/Schermata-2022-08-04-alle-12.23.41.png\" data-dt-img-description=\"\" data-large_image_width=\"1336\" data-large_image_height=\"1014\"><img loading=\"lazy\" decoding=\"async\" class=\"alignleft wp-image-290914 \" src=\"https:\/\/www.radiopiu.net\/wordpress\/wp-content\/uploads\/2022\/08\/Schermata-2022-08-04-alle-12.23.41-300x228.png\" alt=\"\" width=\"158\" height=\"120\" srcset=\"https:\/\/www.radiopiu.net\/wordpress\/wp-content\/uploads\/2022\/08\/Schermata-2022-08-04-alle-12.23.41-300x228.png 300w, https:\/\/www.radiopiu.net\/wordpress\/wp-content\/uploads\/2022\/08\/Schermata-2022-08-04-alle-12.23.41-1024x777.png 1024w, https:\/\/www.radiopiu.net\/wordpress\/wp-content\/uploads\/2022\/08\/Schermata-2022-08-04-alle-12.23.41-768x583.png 768w, https:\/\/www.radiopiu.net\/wordpress\/wp-content\/uploads\/2022\/08\/Schermata-2022-08-04-alle-12.23.41.png 1336w\" sizes=\"auto, (max-width: 158px) 100vw, 158px\" \/><\/a>VOLTAGO <\/strong>1922-2022 il primo secolo di vita del Gruppo Sportivo Frassen\u00e8: tre giorni di eventi al tendone nel parcheggio della chiesa. Venerdi&#8217; 9 settembre alle 18 apertura stand gastronomico e serata musicale con Sabrina Silvestrin. Sabato 10 voli panoramici in elicottero dalle 10 alle 15 e, fino alle 17 mercatini dell&#8217;artigianato, dalle 10 torneo di calcio del Poi, a mezzogiorno stand gastronomico, 16.30 Frassene&#8217; Cross, gare podistiche non competitive, 17 aperitivo con DJ Morgan e Battaglia, 19 cena e premiazioni, dalle 21 serata musicale con I Riflesso, chiusura con DJ Morgan e Battaglia. Domenica 11 alle 10 mostra sui 100 anni del Gruppo Sportivo Frassene&#8217; presso l&#8217;ex scuola Paolo Mosca, 11 sfilata dei gruppi associativi per le vie del paese, 12.30 pranzo, 15 presentazione libro &#8220;Il Primo Secolo Di Vita&#8221;. Il ricavato sar\u00e0 devoluto al Gruppo Sportivo Frasssen\u00e8.<\/p>\n<p>&nbsp;<\/p>\n<p>&nbsp;<\/p>\n<hr \/>\n<p>&nbsp;<\/p>\n<blockquote>\n<h3>&#8220;RESTATE IN CITTA'&#8221; IL SECONDO APPUNTAMENTO<\/h3>\n<\/blockquote>\n<p><strong>BELLUNO<\/strong> Secondo appuntamento, quello di sabato prossimo, 13 agosto, con la rassegna &#8220;REstate in Citta\u0300&#8221;, in programma a Belluno fino al 1\u00b0 settembre, con una proposta di concerti e visite guidate, che animeranno il tempo estivo bellunese. Turisti e residenti avranno la possibilita\u0300 di partecipare al trekking urbano &#8220;All&#8217;attacco! Castelli e mura a Belluno&#8221;, dedicato alla riscoperta dei luoghi in cui sorgevano i castelli di Belluno e dove si possono ancora ritrovare alcune parti dell&#8217;antica cinta muraria. La partenza avverra\u0300 alla ore 18.00, in piazza Duomo 2, nei pressi dell&#8217;uscita delle scale mobili del parcheggio di Lambioi. La prenotazione e\u0300 obbligatoria, al numero 348 2791289 o scrivendo a martazzalini@yahoo.it.<\/p>\n<p>&nbsp;<\/p>\n<p>&nbsp;<\/p>\n<hr \/>\n<p>&nbsp;<\/p>\n<blockquote>\n<h3><a class=\"dt-pswp-item\" href=\"https:\/\/www.radiopiu.net\/wordpress\/wp-content\/uploads\/2022\/08\/foto-Tessari-artistica-2019.jpg\" data-dt-img-description=\"\" data-large_image_width=\"960\" data-large_image_height=\"539\"><img loading=\"lazy\" decoding=\"async\" class=\"wp-image-291479 alignleft\" src=\"https:\/\/www.radiopiu.net\/wordpress\/wp-content\/uploads\/2022\/08\/foto-Tessari-artistica-2019-300x168.jpg\" alt=\"\" width=\"223\" height=\"125\" srcset=\"https:\/\/www.radiopiu.net\/wordpress\/wp-content\/uploads\/2022\/08\/foto-Tessari-artistica-2019-300x168.jpg 300w, https:\/\/www.radiopiu.net\/wordpress\/wp-content\/uploads\/2022\/08\/foto-Tessari-artistica-2019-768x431.jpg 768w, https:\/\/www.radiopiu.net\/wordpress\/wp-content\/uploads\/2022\/08\/foto-Tessari-artistica-2019.jpg 960w\" sizes=\"auto, (max-width: 223px) 100vw, 223px\" \/><\/a>DA UOMINI E TERRE LONTANE, CON SILVIA TESSARI<\/h3>\n<\/blockquote>\n<p><strong>FALCADE<\/strong>\u00a0 \u201cDa uomini e terre lontane\u201d \u00e8 il titolo che la pianista Silvia Tessari ha scelto per il suo concerto\u00a0 di venerdi\u00a0 alla Casa della giovent\u00f9 di Caviola, dalle 21.\u00a0 Il\u00a0 titolo \u00e8 ispirato alla prima delle \u2018Scene infantili\u2019 di Robert Schumann.\u00a0Silvia Tessari, pianista di Falcade, docente e ricercatrice universitaria, ha tenuto concerti in Europa, Stati Uniti, Georgia, Federazione Russa, Thailandia, Corea del Sud. \u00c8 da poco tornata da un\u2019esperienza di giurata al concorso Ibla Granz Prize di Ragusa, e da un concerto a Valencia. L\u2019evento \u00e8 organizzato dal Comune di Falcade e dalla ProLoco di Caviola, grazie all\u2019ospitalit\u00e0 della parrocchia di Caviola.<\/p>\n<p>&nbsp;<\/p>\n<hr \/>\n<p>&nbsp;<\/p>\n<blockquote>\n<h3>PALAGHIACCIO DI ALLEGHE APERTO AL PUBBLICO<\/h3>\n<\/blockquote>\n<p><strong>ALLEGHE<\/strong> Apre al pubblico il palaghiaccio di Alleghe per il pattinaggio libero. Dal 1 agosto e fino al 2 settembre si potr\u00e0 pattinare dalle 16:30 alle 18:30 e dal 1 agosto all&#8217;11 settembre anche alla sera dalle 21 alle 23. Unico giorno di chiusura il 14 agosto. Per informazioni 0437 523176 o mail a segreteria@alleghehockey.com<\/p>\n<p>&nbsp;<\/p>\n<hr \/>\n<h1><span style=\"color: #ff6600;\">\u00a0<\/span><\/h1>\n<h1><span style=\"color: #ff6600;\">IERI ALLA RADIO<\/span><\/h1>\n<h2><span style=\"color: #008080;\">&#8220;DINTORN E FORA VIA&#8221; A CURA DEL MUSLA, IL NUOVO PROGRAMMA\u00a0<\/span><\/h2>\n<p>&nbsp;<\/p>\n<p><strong><a class=\"dt-pswp-item\" href=\"https:\/\/www.radiopiu.net\/wordpress\/wp-content\/uploads\/2022\/08\/b0662a3b-56ce-49d9-a0fa-4f84a646427e.jpg\" data-dt-img-description=\"\" data-large_image_width=\"1024\" data-large_image_height=\"1024\"><img loading=\"lazy\" decoding=\"async\" class=\"size-thumbnail wp-image-291934 alignleft\" src=\"https:\/\/www.radiopiu.net\/wordpress\/wp-content\/uploads\/2022\/08\/b0662a3b-56ce-49d9-a0fa-4f84a646427e-150x150.jpg\" alt=\"\" width=\"150\" height=\"150\" srcset=\"https:\/\/www.radiopiu.net\/wordpress\/wp-content\/uploads\/2022\/08\/b0662a3b-56ce-49d9-a0fa-4f84a646427e-150x150.jpg 150w, https:\/\/www.radiopiu.net\/wordpress\/wp-content\/uploads\/2022\/08\/b0662a3b-56ce-49d9-a0fa-4f84a646427e-300x300.jpg 300w, https:\/\/www.radiopiu.net\/wordpress\/wp-content\/uploads\/2022\/08\/b0662a3b-56ce-49d9-a0fa-4f84a646427e-768x768.jpg 768w, https:\/\/www.radiopiu.net\/wordpress\/wp-content\/uploads\/2022\/08\/b0662a3b-56ce-49d9-a0fa-4f84a646427e.jpg 1024w\" sizes=\"auto, (max-width: 150px) 100vw, 150px\" \/><\/a>LA PUNTATA DEL 09 AGOSTO &#8211; EMILY BONIFACCIO<\/strong><\/p>\n<audio class=\"wp-audio-shortcode\" id=\"audio-291793-9\" preload=\"none\" style=\"width: 100%;\" controls=\"controls\"><source type=\"audio\/mpeg\" src=\"https:\/\/www.radiopiu.net\/wordpress\/wp-content\/uploads\/2022\/08\/Puntata-8-Agosto-2022.mp3?_=9\" \/><a href=\"https:\/\/www.radiopiu.net\/wordpress\/wp-content\/uploads\/2022\/08\/Puntata-8-Agosto-2022.mp3\">https:\/\/www.radiopiu.net\/wordpress\/wp-content\/uploads\/2022\/08\/Puntata-8-Agosto-2022.mp3<\/a><\/audio>\n<p><strong>\u00a0<\/strong><\/p>\n<p><strong>LA RACCOLTA COMPLETA<\/strong><\/p>\n<blockquote class=\"wp-embedded-content\" data-secret=\"375vqzLq8J\"><p><a href=\"https:\/\/www.radiopiu.net\/wordpress\/musla\/\">MUSLA<\/a><\/p><\/blockquote>\n<p><iframe loading=\"lazy\" class=\"wp-embedded-content\" sandbox=\"allow-scripts\" security=\"restricted\" style=\"position: absolute; clip: rect(1px, 1px, 1px, 1px);\" title=\"&#8220;MUSLA&#8221; &#8212; Radio Pi\u00f9\" src=\"https:\/\/www.radiopiu.net\/wordpress\/musla\/embed\/#?secret=Y5Fboadaz8#?secret=375vqzLq8J\" data-secret=\"375vqzLq8J\" width=\"600\" height=\"338\" frameborder=\"0\" marginwidth=\"0\" marginheight=\"0\" scrolling=\"no\"><\/iframe><\/p>\n<p>&nbsp;<\/p>\n<p>&nbsp;<\/p>\n<hr \/>\n<p>&nbsp;<\/p>\n<div>\n<div class=\"b654a4as d2edcug0\">\n<div class=\"rq0escxv hkbzh7o3 jwdofwj8 n8tt0mok r8blr3vg hyh9befq\">\n<p><a class=\"dt-pswp-item\" href=\"https:\/\/www.radiopiu.net\/wordpress\/wp-content\/uploads\/2020\/10\/pp.jpg\" data-dt-img-description=\"\" data-large_image_width=\"640\" data-large_image_height=\"640\"><img loading=\"lazy\" decoding=\"async\" class=\"wp-image-163678 alignleft\" src=\"https:\/\/www.radiopiu.net\/wordpress\/wp-content\/uploads\/2020\/10\/pp-300x300.jpg\" alt=\"\" width=\"106\" height=\"106\" srcset=\"https:\/\/www.radiopiu.net\/wordpress\/wp-content\/uploads\/2020\/10\/pp-300x300.jpg 300w, https:\/\/www.radiopiu.net\/wordpress\/wp-content\/uploads\/2020\/10\/pp-150x150.jpg 150w, https:\/\/www.radiopiu.net\/wordpress\/wp-content\/uploads\/2020\/10\/pp-125x125.jpg 125w, https:\/\/www.radiopiu.net\/wordpress\/wp-content\/uploads\/2020\/10\/pp-200x200.jpg 200w, https:\/\/www.radiopiu.net\/wordpress\/wp-content\/uploads\/2020\/10\/pp-80x80.jpg 80w, https:\/\/www.radiopiu.net\/wordpress\/wp-content\/uploads\/2020\/10\/pp-480x480.jpg 480w, https:\/\/www.radiopiu.net\/wordpress\/wp-content\/uploads\/2020\/10\/pp.jpg 640w\" sizes=\"auto, (max-width: 106px) 100vw, 106px\" \/><\/a><\/p>\n<\/div>\n<\/div>\n<\/div>\n<div>\n<div class=\"page-title-head hgroup\">\n<div class=\"page-title-head hgroup\">\n<div class=\"b654a4as d2edcug0\">\n<div class=\"j83agx80 btwxx1t3 lhclo0ds hop8lmos nkwizq5d scwd0bx6 roh60bw9\">\n<div class=\"rq0escxv hkbzh7o3 jwdofwj8 n8tt0mok r8blr3vg hyh9befq\">\n<div class=\"do00u71z l9j0dhe7 k4urcfbm\">\n<h2><span style=\"color: #000080;\">DON CESARE, IL PENSIERO DEL GIORNO. ALLA RADIO ALLE 7 DEL MATTINO E ALLE 19.30 DELLA SERA.\u00a0<\/span><\/h2>\n<\/div>\n<\/div>\n<\/div>\n<\/div>\n<\/div>\n<\/div>\n<\/div>\n<div class=\"do00u71z l9j0dhe7 k4urcfbm\">\n<div class=\"page-title-head hgroup\">\n<div class=\"page-title-head hgroup\">\n<div class=\"b654a4as d2edcug0\">\n<div class=\"j83agx80 btwxx1t3 lhclo0ds hop8lmos nkwizq5d scwd0bx6 roh60bw9\">\n<div class=\"rq0escxv hkbzh7o3 jwdofwj8 n8tt0mok r8blr3vg hyh9befq\">\n<div class=\"do00u71z l9j0dhe7 k4urcfbm\">\n<div class=\"page-title-head hgroup\">\n<div class=\"page-title-head hgroup\">\n<div class=\"b654a4as d2edcug0\">\n<div class=\"j83agx80 btwxx1t3 lhclo0ds hop8lmos nkwizq5d scwd0bx6 roh60bw9\">\n<div class=\"rq0escxv hkbzh7o3 jwdofwj8 n8tt0mok r8blr3vg hyh9befq\">\n<div class=\"do00u71z l9j0dhe7 k4urcfbm\">\n<div class=\"ecm0bbzt e5nlhep0 a8c37x1j\">\n<div class=\"kvgmc6g5 cxmmr5t8 oygrvhab hcukyx3x c1et5uql\">\n<div class=\"gmail-kvgmc6g5 gmail-cxmmr5t8 gmail-oygrvhab gmail-hcukyx3x gmail-c1et5uql gmail-ii04i59q\">\n<div class=\"page-title-head hgroup\">\n<div class=\"page-title-head hgroup\">\n<div class=\"b654a4as d2edcug0\">\n<div class=\"j83agx80 btwxx1t3 lhclo0ds hop8lmos nkwizq5d scwd0bx6 roh60bw9\">\n<div class=\"rq0escxv hkbzh7o3 jwdofwj8 n8tt0mok r8blr3vg hyh9befq\">\n<div class=\"do00u71z l9j0dhe7 k4urcfbm\">\n<div class=\"page-title-head hgroup\">\n<div class=\"page-title-head hgroup\">\n<div class=\"b654a4as d2edcug0\">\n<div class=\"j83agx80 btwxx1t3 lhclo0ds hop8lmos nkwizq5d scwd0bx6 roh60bw9\">\n<div class=\"rq0escxv hkbzh7o3 jwdofwj8 n8tt0mok r8blr3vg hyh9befq\">\n<div class=\"do00u71z l9j0dhe7 k4urcfbm\">\n<div class=\"page-title-head hgroup\">\n<div class=\"page-title-head hgroup\">\n<div class=\"b654a4as d2edcug0\">\n<div class=\"j83agx80 btwxx1t3 lhclo0ds hop8lmos nkwizq5d scwd0bx6 roh60bw9\">\n<div class=\"rq0escxv hkbzh7o3 jwdofwj8 n8tt0mok r8blr3vg hyh9befq\">\n<div class=\"do00u71z l9j0dhe7 k4urcfbm\">\n<div class=\"ecm0bbzt e5nlhep0 a8c37x1j\">\n<div class=\"kvgmc6g5 cxmmr5t8 oygrvhab hcukyx3x c1et5uql\">\n<div class=\"gmail-kvgmc6g5 gmail-cxmmr5t8 gmail-oygrvhab gmail-hcukyx3x gmail-c1et5uql gmail-ii04i59q\">\n<div class=\"page-title-head hgroup\">\n<div class=\"page-title-head hgroup\">\n<div class=\"b654a4as d2edcug0\">\n<div class=\"j83agx80 btwxx1t3 lhclo0ds hop8lmos nkwizq5d scwd0bx6 roh60bw9\">\n<div class=\"rq0escxv hkbzh7o3 jwdofwj8 n8tt0mok r8blr3vg hyh9befq\">\n<div>\n<audio class=\"wp-audio-shortcode\" id=\"audio-291793-10\" preload=\"none\" style=\"width: 100%;\" controls=\"controls\"><source type=\"audio\/mpeg\" src=\"https:\/\/www.radiopiu.net\/wordpress\/wp-content\/uploads\/2022\/08\/CESARE-6.mp3?_=10\" \/><a href=\"https:\/\/www.radiopiu.net\/wordpress\/wp-content\/uploads\/2022\/08\/CESARE-6.mp3\">https:\/\/www.radiopiu.net\/wordpress\/wp-content\/uploads\/2022\/08\/CESARE-6.mp3<\/a><\/audio>\n<\/div>\n<div class=\"do00u71z l9j0dhe7 k4urcfbm\">\n<p>&nbsp;<\/p>\n<p>&nbsp;<\/p>\n<hr \/>\n<p>&nbsp;<\/p>\n<p><span style=\"color: #0000ff;\">MUSICA PIU&#8217;\u00a0<\/span><\/p>\n<p><a href=\"https:\/\/www.radiopiu.net\/wordpress\/giornale-radiopiu-20-settembre-2021-direttore-mirko-mezzacasa\/pp-79\/\" rel=\"attachment wp-att-232921\"><img loading=\"lazy\" decoding=\"async\" class=\"wp-image-232921 alignleft\" src=\"https:\/\/www.radiopiu.net\/wordpress\/wp-content\/uploads\/2021\/09\/pp-1-300x300.jpg\" alt=\"\" width=\"135\" height=\"135\" srcset=\"https:\/\/www.radiopiu.net\/wordpress\/wp-content\/uploads\/2021\/09\/pp-1-300x300.jpg 300w, https:\/\/www.radiopiu.net\/wordpress\/wp-content\/uploads\/2021\/09\/pp-1-150x150.jpg 150w, https:\/\/www.radiopiu.net\/wordpress\/wp-content\/uploads\/2021\/09\/pp-1.jpg 640w\" sizes=\"auto, (max-width: 135px) 100vw, 135px\" \/><\/a><\/p>\n<div class=\"mkdf-post-text\">\n<div class=\"mkdf-post-text-inner\">\n<div class=\"mkdf-post-text-main\">\n<div class=\"mkdf-post-text\">\n<div class=\"mkdf-post-text-inner\">\n<div class=\"mkdf-post-text-main\">\n<div class=\"mkdf-post-text\">\n<div class=\"mkdf-post-text-inner\">\n<div class=\"mkdf-post-text-main\">\n<div class=\"page-title-head hgroup\">\n<div class=\"page-title-head hgroup\">\n<div class=\"mkdf-post-text\">\n<div class=\"mkdf-post-text-inner\">\n<div class=\"mkdf-post-text-main\">\n<div class=\"mkdf-post-text\">\n<div class=\"mkdf-post-text-inner\">\n<div class=\"mkdf-post-text-main\">\n<div class=\"page-title-head hgroup\">\n<div class=\"page-title-head hgroup\">\n<div class=\"page-title-head hgroup\">\n<div class=\"page-title-head hgroup\">\n<div class=\"b654a4as d2edcug0\">\n<div class=\"page-title-head hgroup\">\n<div class=\"page-title-head hgroup\">\n<div class=\"page-title-head hgroup\">\n<div class=\"page-title-head hgroup\">\n<div class=\"b654a4as d2edcug0\">\n<div class=\"page-title-head hgroup\">\n<div class=\"page-title-head hgroup\">\n<div class=\"page-title-head hgroup\">\n<div class=\"page-title-head hgroup\">\n<div class=\"b654a4as d2edcug0\">\n<div class=\"mkdf-post-text\">\n<div class=\"mkdf-post-text-inner\">\n<div class=\"mkdf-post-text-main\">\n<div class=\"mkdf-post-text\">\n<div class=\"mkdf-post-text-inner\">\n<div class=\"mkdf-post-text-main\">\n<div class=\"mkdf-post-text\">\n<div class=\"mkdf-post-text-inner\">\n<div class=\"mkdf-post-text-main\">\n<div class=\"page-title-head hgroup\">\n<div class=\"page-title-head hgroup\">\n<div class=\"mkdf-post-text\">\n<div class=\"mkdf-post-text-inner\">\n<div class=\"mkdf-post-text-main\">\n<div class=\"mkdf-post-text\">\n<div class=\"mkdf-post-text-inner\">\n<div class=\"mkdf-post-text-main\">\n<div class=\"page-title-head hgroup\">\n<div class=\"page-title-head hgroup\">\n<div class=\"page-title-head hgroup\">\n<div class=\"page-title-head hgroup\">\n<div class=\"b654a4as d2edcug0\">\n<div class=\"page-title-head hgroup\">\n<div class=\"page-title-head hgroup\">\n<div class=\"page-title-head hgroup\">\n<div class=\"page-title-head hgroup\">\n<div class=\"b654a4as d2edcug0\">\n<div class=\"page-title-head hgroup\">\n<div class=\"page-title-head hgroup\">\n<div class=\"page-title-head hgroup\">\n<div class=\"page-title-head hgroup\">\n<div class=\"b654a4as d2edcug0\">\n<div><\/div>\n<div><\/div>\n<div>\n<p><strong>MUSICA ALLA RADIO, IL PROGRAMMA DI LORIS SCUSSEL &#8220;COLLAGE OPERAZIONE NOSTALGIA&#8221; DAL LUNEDI AL VENERDI ALLE 16.00\u00a0 E ALLE 23\u00a0<\/strong><\/p>\n<\/div>\n<\/div>\n<p>&nbsp;<\/p>\n<p>&nbsp;<\/p>\n<div class=\"b654a4as d2edcug0\">\n<blockquote>\n<h3>COLLAGE OPERAZIONE NOSTALGIA TANTE DIVERSE PROPOSTE.<\/h3>\n<\/blockquote>\n<p><span style=\"font-size: medium;\"><a class=\"dt-pswp-item\" href=\"https:\/\/www.radiopiu.net\/wordpress\/wp-content\/uploads\/2022\/08\/Clapton-e-Winwood.jpeg\" data-dt-img-description=\"\" data-large_image_width=\"534\" data-large_image_height=\"693\"><img loading=\"lazy\" decoding=\"async\" class=\"size-thumbnail wp-image-291460 alignleft\" src=\"https:\/\/www.radiopiu.net\/wordpress\/wp-content\/uploads\/2022\/08\/Clapton-e-Winwood-150x150.jpeg\" alt=\"\" width=\"150\" height=\"150\" \/><\/a>Una settimana caratterizzata da varie trasmissioni a tema quella di \u201cCollage operazione nostalgia\u201d dove troveranno spazio i complessi di casa nostra, i cantautori, il rock progressive italiano dei primi anni 70, il juke box, l\u2019umorismo ovviamente senza trascurare la musica internazionale con una puntata dedicata alle canzoni in lingua originale che abbiamo conosciuto grazie alle cover e ancora tanta, tanta altra buona musica.<\/span><\/p>\n<p><span style=\"font-size: medium;\">Collage va in onda dal luned\u00ec al venerd\u00ec alle 16,00 e alle 23,00 naturalmente su Radiopi\u00f9.<\/span><\/p>\n<p>&nbsp;<\/p>\n<p>&nbsp;<\/p>\n<\/div>\n<\/div>\n<\/div>\n<\/div>\n<\/div>\n<\/div>\n<\/div>\n<\/div>\n<\/div>\n<\/div>\n<\/div>\n<\/div>\n<\/div>\n<\/div>\n<\/div>\n<\/div>\n<\/div>\n<\/div>\n<\/div>\n<\/div>\n<\/div>\n<\/div>\n<\/div>\n<\/div>\n<\/div>\n<\/div>\n<\/div>\n<\/div>\n<\/div>\n<\/div>\n<\/div>\n<\/div>\n<\/div>\n<\/div>\n<\/div>\n<\/div>\n<\/div>\n<\/div>\n<\/div>\n<\/div>\n<\/div>\n<\/div>\n<\/div>\n<\/div>\n<\/div>\n<\/div>\n<\/div>\n<\/div>\n<\/div>\n<\/div>\n<\/div>\n<\/div>\n<\/div>\n<\/div>\n<\/div>\n<\/div>\n<\/div>\n<\/div>\n<\/div>\n<\/div>\n<\/div>\n<\/div>\n<\/div>\n<\/div>\n<div>\n<div class=\"page-title-head hgroup\">\n<div class=\"page-title-head hgroup\">\n<div class=\"page-title-head hgroup\">\n<div class=\"page-title-head hgroup\">\n<div class=\"b654a4as d2edcug0\">\n<div class=\"page-title-head hgroup\">\n<div class=\"page-title-head hgroup\">\n<div class=\"page-title-head hgroup\">\n<div class=\"page-title-head hgroup\">\n<div class=\"b654a4as d2edcug0\">\n<div class=\"page-title-head hgroup\">\n<div class=\"page-title-head hgroup\">\n<div class=\"page-title-head hgroup\">\n<div class=\"page-title-head hgroup\">\n<div class=\"page-title-head hgroup\">\n<div class=\"page-title-head hgroup\">\n<div class=\"page-title-head hgroup\">\n<div class=\"page-title-head hgroup\">\n<div class=\"page-title-head hgroup\">\n<div class=\"b654a4as d2edcug0\">\n<div class=\"page-title-head hgroup\">\n<div class=\"page-title-head hgroup\">\n<div class=\"page-title-head hgroup\">\n<div class=\"page-title-head hgroup\">\n<div class=\"b654a4as d2edcug0\">\n<div class=\"page-title-head hgroup\">\n<div class=\"page-title-head hgroup\">\n<div class=\"page-title-head hgroup\">\n<div class=\"page-title-head hgroup\">\n<div class=\"page-title-head hgroup\">\n<div class=\"mkdf-post-text\">\n<div class=\"mkdf-post-text-inner\">\n<div class=\"mkdf-post-text-main\">\n<div class=\"mkdf-post-text\">\n<div class=\"mkdf-post-text-inner\">\n<div class=\"mkdf-post-text-main\">\n<div class=\"mkdf-post-text\">\n<div class=\"mkdf-post-text-inner\">\n<div class=\"mkdf-post-text-main\">\n<div class=\"page-title-head hgroup\">\n<div class=\"page-title-head hgroup\">\n<div class=\"mkdf-post-text\">\n<div class=\"mkdf-post-text-inner\">\n<div class=\"mkdf-post-text-main\">\n<div class=\"mkdf-post-text\">\n<div class=\"mkdf-post-text-inner\">\n<div class=\"mkdf-post-text-main\">\n<div class=\"page-title-head hgroup\">\n<div class=\"page-title-head hgroup\">\n<div class=\"page-title-head hgroup\">\n<div class=\"page-title-head hgroup\">\n<div class=\"b654a4as d2edcug0\">\n<div class=\"page-title-head hgroup\">\n<div class=\"page-title-head hgroup\">\n<div class=\"page-title-head hgroup\">\n<div class=\"page-title-head hgroup\">\n<div class=\"b654a4as d2edcug0\">\n<div class=\"page-title-head hgroup\">\n<div class=\"page-title-head hgroup\">\n<div class=\"page-title-head hgroup\">\n<hr \/>\n<p>&nbsp;<\/p>\n<p><a class=\"dt-pswp-item\" href=\"https:\/\/www.radiopiu.net\/wordpress\/wp-content\/uploads\/2018\/09\/WhatsApp-Image-2018-09-20-at-16.04.06.jpeg\" data-dt-img-description=\"\" data-large_image_width=\"800\" data-large_image_height=\"100\"><img loading=\"lazy\" decoding=\"async\" class=\"aligncenter wp-image-61378 size-full\" src=\"https:\/\/www.radiopiu.net\/wordpress\/wp-content\/uploads\/2018\/09\/WhatsApp-Image-2018-09-20-at-16.04.06.jpeg\" alt=\"\" width=\"800\" height=\"100\" srcset=\"https:\/\/www.radiopiu.net\/wordpress\/wp-content\/uploads\/2018\/09\/WhatsApp-Image-2018-09-20-at-16.04.06.jpeg 800w, https:\/\/www.radiopiu.net\/wordpress\/wp-content\/uploads\/2018\/09\/WhatsApp-Image-2018-09-20-at-16.04.06-300x38.jpeg 300w, https:\/\/www.radiopiu.net\/wordpress\/wp-content\/uploads\/2018\/09\/WhatsApp-Image-2018-09-20-at-16.04.06-768x96.jpeg 768w\" sizes=\"auto, (max-width: 800px) 100vw, 800px\" \/><\/a><\/p>\n<p>&nbsp;<\/p>\n<p><center><b>Mercoledi 10<\/b><\/center><b>Tempo atteso: <\/b>Al mattino tempo ben soleggiato con cielo perlopi\u00f9 sereno. Dalle ore centrali in poi riduzione del soleggiamento per attivit\u00e0 cumuliforme irregolare, anche se su alcune zone si conserver\u00e0 ampi tratti di sole. A ridosso del Trentino e dell&#8217;alto Adige, invece, gli addensamenti saranno localmente intensi e associati a qualche fenomeno convettivo. Contesto termico ancora estivo nelle valli e un po&#8217; meno mite in alta quota.<br \/>\n<b>Precipitazioni: <\/b>Al mattino Assenti (0%). Al pomeriggio non escluso qualche rovescio o singolo temporale (30-40%) sulle Dolomiti a ridosso del Trentino e dell&#8217;Alto-Adige. Altrove il rischio sar\u00e0 minore (10-20%), anche assente su molti settori montani. Gli apporti saranno variabili, da 0-5 mm, fino a 10 mm e pi\u00f9 per temporale.<br \/>\n<b>Temperature: <\/b>Senza variazioni di rilievo nelle valli rispetto a marted\u00ec e in leggera flessione in quota, dove il contesto sar\u00e0 fresco all&#8217;alba. Previste punte di 30\/32\u00b0C nei fondovalle prealpini e di 24\/27\u00b0C a 1000\/1200 m. Su Prealpi a 1500 m min 12\u00b0C max 18\u00b0C, a 2000 m min 9\u00b0C max 14\u00b0C. Su Dolomiti a 2000 m min 8\u00b0C max 15\u00b0C, a 3000 m min 2\u00b0C max 5\u00b0C.<br \/>\n<b>Venti: <\/b>Nelle valli perlopi\u00f9 deboli a regime di brezza, localmente e a tratti moderati. In quota perlopi\u00f9 deboli nord-occidentali, salvo rinforzi erratici sulle cime pi\u00f9 alte, a 5-10 km\/h a 2000 m e 5-20 km\/h a 3000 m.<\/p>\n<hr \/>\n<p><center><b>Giovedi 11<\/b><\/center><b>Tempo atteso: <\/b>Tempo ancora perlopi\u00f9 soleggiato con ampi tratti di sereno e presenza di temporanee velature del cielo per sottili nubi alte. Qua e l\u00e0 a inizio giornata non esclusi stratocumuli, in diradamento nel corso della mattinata. La dinamica sar\u00e0 un po&#8217; pi\u00f9 stabile rispetto a mercoled\u00ec pomeriggio, per\u00f2 l&#8217;ingresso di aria pi\u00f9 fresca alla sera potrebbe favorire il formarsi di addensamenti e il verificarsi di isolati fenomeni.<br \/>\n<b>Precipitazioni: <\/b>In giornata assenti o pressoch\u00e9 assenti (0-10%). Alla sera qualche sporadico rovescio o temporale di calore (20-30%).<br \/>\n<b>Temperature: <\/b>Pressoch\u00e9 stazionarie rispetto a mercoled\u00ec, salvo locali variazioni legate all&#8217;entit\u00e0 della nuvolosit\u00e0. Su Prealpi a 1500 m min 12\u00b0C max 19\u00b0C, a 2000 m min 9\u00b0C max 15\u00b0C. Su Dolomiti a 2000 m min 8\u00b0C max 16\u00b0C, a 3000 m min 2\u00b0C max 6\u00b0C.<br \/>\n<b>Venti: <\/b>Nelle valli perlopi\u00f9 deboli a regime di brezza, localmente e a tratti moderati nelle ore pi\u00f9 calde; in quota deboli da nord nord-ovest con qualche rinforzo erratico sulle cime pi\u00f9 alte, a 5-10 km\/h a 2000 m e 5-20 km\/h a 3000 m.<\/p>\n<hr \/>\n<p><center><b>Venerdi 12<\/b><\/center>Al mattino tratti soleggiati, anche duraturi, e primi annuvolamenti irregolari. Dalle ore centrali ulteriore aumento della nuvolosit\u00e0, la quale risulter\u00e0 via via pi\u00f9 intensa e associata ad alta probabilit\u00e0 di rovesci e temporali, in trasferta dalle Dolomiti alle Prealpi; ritorno di un po&#8217; di neve sulle cime dolomitiche, oltre i 2900-3000 m. Miglioramento del tempo entro la sera. Temperature in generale calo con minime osservate alla sera. Venti deboli\/moderati per brezze nelle valli, senza escludere locali forti raffiche in caso di temporale; in quota moderati da nord.<\/p>\n<hr \/>\n<p><center><b>Sabato 13<\/b><\/center>Miglioramento del tempo con sole, cielo sereno e aria tersa al mattino. Poi sole e modesta attivit\u00e0 cumuliforme nelle ore pi\u00f9 calde. Temperature minime in sensibile calo, con contesto assai fresco all&#8217;alba; massime in ripresa. Nelle valli venti perlopi\u00f9 deboli per brezze, a tratti e localmente moderati nelle ore pi\u00f9 calde; in quota moderati da nord-est, localmente tesi alla sera sulle cime dolomitiche e sulle creste prealpine. Previsore: R.L.Th.<\/p>\n<p>&nbsp;<\/p>\n<hr \/>\n<p>&nbsp;<\/p>\n<p><a href=\"https:\/\/www.radiopiu.net\/wordpress\/giornale-radiopiu-26-settembre-2018-direttore-mirko-mezzacasa\/viabilita-2\/\" rel=\"attachment wp-att-61954\"><img loading=\"lazy\" decoding=\"async\" class=\"aligncenter wp-image-61954 size-full\" src=\"https:\/\/www.radiopiu.net\/wordpress\/wp-content\/uploads\/2018\/09\/viabilita.jpeg\" sizes=\"auto, (max-width: 800px) 100vw, 800px\" srcset=\"https:\/\/www.radiopiu.net\/wordpress\/wp-content\/uploads\/2018\/09\/viabilita.jpeg 800w, https:\/\/www.radiopiu.net\/wordpress\/wp-content\/uploads\/2018\/09\/viabilita-300x38.jpeg 300w, https:\/\/www.radiopiu.net\/wordpress\/wp-content\/uploads\/2018\/09\/viabilita-768x96.jpeg 768w\" alt=\"\" width=\"800\" height=\"100\" \/><\/a><\/p>\n<blockquote>\n<h3><\/h3>\n<h3>GALLERIA DI SEGUSINO CHIUSA PER 4 MESI<\/h3>\n<\/blockquote>\n<p><strong><a class=\"dt-pswp-item\" href=\"https:\/\/www.radiopiu.net\/wordpress\/wp-content\/uploads\/2020\/05\/VENETO-STRADE.png\" data-dt-img-description=\"\" data-large_image_width=\"400\" data-large_image_height=\"400\"><img loading=\"lazy\" decoding=\"async\" class=\" wp-image-135574 alignleft\" src=\"https:\/\/www.radiopiu.net\/wordpress\/wp-content\/uploads\/2020\/05\/VENETO-STRADE-150x150.png\" alt=\"\" width=\"102\" height=\"102\" srcset=\"https:\/\/www.radiopiu.net\/wordpress\/wp-content\/uploads\/2020\/05\/VENETO-STRADE-150x150.png 150w, https:\/\/www.radiopiu.net\/wordpress\/wp-content\/uploads\/2020\/05\/VENETO-STRADE-300x300.png 300w, https:\/\/www.radiopiu.net\/wordpress\/wp-content\/uploads\/2020\/05\/VENETO-STRADE.png 400w\" sizes=\"auto, (max-width: 102px) 100vw, 102px\" \/><\/a><\/strong><\/p>\n<p><strong>SEDICO<\/strong> Veneto Strade comunica che sulla SP 1 Bis &#8220;Madonna del Piave&#8221;, dal 12 luglio e fino al 4 novembre, compresi sabati domeniche e festivi infrasettimanali, un&#8217;interdizione totale al transito per l&#8217;intera tratta della galleria di Segusino in seguito a dei lavori per messa in sicurezza della condotta acquedottistica<\/p>\n<p>&nbsp;<\/p>\n<p>&nbsp;<\/p>\n<blockquote>\n<h3>MODIFICHE ALLA VIABILITA&#8217; A BELLUNO<\/h3>\n<\/blockquote>\n<p><strong>IN CENTRO\u00a0\u00a0<\/strong><span dir=\"ltr\" role=\"presentation\">Dal<\/span><span dir=\"ltr\" role=\"presentation\">le\u00a0 6 del 30 luglio alle 18 del 31 agosto <\/span>\u00a0<span dir=\"ltr\" role=\"presentation\">istituzione del divieto di sosta con rimozione forzata dei veicoli, in<\/span><br role=\"presentation\" \/><span dir=\"ltr\" role=\"presentation\">piazza Mazzini nell\u2019area antistante ai civici da 1 a 5; <\/span>\u00a0<span dir=\"ltr\" role=\"presentation\">istituzione del divieto di sosta con rimozione forzata dei veicoli, in <\/span><span dir=\"ltr\" role=\"presentation\">piazza Mazzini sui due stalli di sosta riservati ai veicoli per residenti <\/span><span dir=\"ltr\" role=\"presentation\">autorizzati<\/span><\/p>\n<p><strong>A LEVEGO<\/strong> Per consentire i lavori di completamento della rotatoria, si rendono necessarie le seguenti modifiche alla viabilita\u0300, nel centro abitato di Levego, nel periodo dal 1\u00b0 agosto al 15 settembre: istituzione del senso unico alternato di circolazione veicolare, regolato da impianto semaforico e, in caso di traffico particolarmente intenso, da idoneo personale, sulla Strada Provinciale 1 \u201cdella Sinistra Piave\u201d; istituzione del limite di velocita\u0300 di 30 km\/h, nonche\u0301 del divieto di sorpasso in corrispondenza dell\u2019area di cantiere.<\/p>\n<p><strong>VIE MATTEOTTI, GARIBALDI E LORETO <\/strong>istituzione del senso unico alternato di circolazione veicolare regolato a vista da idonea segnaletica stradale all\u2019intersezione tra le vie Matteotti, Garibaldi e Loreto in corrispondenza del cantiere, fino alle ore 18.00 del 30 settembre;<\/p>\n<p><strong>PIAZZA MAZZINI<\/strong> Per consentire l&#8217;esecuzione dei lavori di smontaggio della gru utilizzata nei lavori di recupero edilizio di un fabbricato oggetto di ristrutturazione, si rendono necessarie le seguenti modifiche alla viabilita\u0300, dalle ore 6.00 alle ore 18.00 del 10 agosto: istituzione del senso unico alternato di circolazione veicolare per i soli residenti autorizzati, divieto di sosta con rimozione forzata dei veicoli su tutti gli stalli di piazza Mazzini<\/p>\n<p><strong>VIA FELTRE<\/strong> Per consentire la creazione di un\u2019area di cantiere necessaria al posizionamento di una piattaforma per lavori di manutenzione delle antenne, si rende necessaria l&#8217;istituzione del divieto di sosta con rimozione forzata dei veicoli, in Feltre negli stalli di sosta a pagamento immediatamente a sinistra dell\u2019entrata a ridosso dell\u2019antenna nel parcheggio \u201cex Moi\u201d, dalle ore 8.00 dell&#8217;11 alle ore 18.00 del 12 agosto.<\/p>\n<p>&nbsp;<\/p>\n<p>&nbsp;<\/p>\n<hr \/>\n<p>&nbsp;<\/p>\n<p>&nbsp;<\/p>\n<p><img loading=\"lazy\" decoding=\"async\" class=\"wp-image-60761 size-full aligncenter\" src=\"https:\/\/www.radiopiu.net\/wordpress\/wp-content\/uploads\/2018\/09\/sport.jpg\" alt=\"\" width=\"800\" height=\"100\" srcset=\"https:\/\/www.radiopiu.net\/wordpress\/wp-content\/uploads\/2018\/09\/sport.jpg 800w, https:\/\/www.radiopiu.net\/wordpress\/wp-content\/uploads\/2018\/09\/sport-300x38.jpg 300w, https:\/\/www.radiopiu.net\/wordpress\/wp-content\/uploads\/2018\/09\/sport-768x96.jpg 768w\" sizes=\"auto, (max-width: 800px) 100vw, 800px\" \/><\/p>\n<\/div>\n<\/div>\n<\/div>\n<div class=\"page-title-head hgroup\">\n<div class=\"page-title-head hgroup\">\n<p>&nbsp;<\/p>\n<\/div>\n<\/div>\n<div class=\"page-title-head hgroup\">\n<div class=\"page-title-head hgroup\">\n<div class=\"page-title-head hgroup\">\n<p><span style=\"color: #0000ff;\"><strong>PODISMO<\/strong><\/span><\/p>\n<blockquote>\n<h3>A FALCADE RITORNANO IL GIRO PODISTICO E IL MINI GIRO<\/h3>\n<\/blockquote>\n<p><strong><a class=\"dt-pswp-item\" href=\"https:\/\/www.radiopiu.net\/wordpress\/wp-content\/uploads\/2022\/08\/giro-podistico-falcade-13-agosto-2021.jpg\" data-dt-img-description=\"\" data-large_image_width=\"1001\" data-large_image_height=\"667\"><img loading=\"lazy\" decoding=\"async\" class=\"size-thumbnail wp-image-291959 alignleft\" src=\"https:\/\/www.radiopiu.net\/wordpress\/wp-content\/uploads\/2022\/08\/giro-podistico-falcade-13-agosto-2021-150x150.jpg\" alt=\"\" width=\"150\" height=\"150\" \/><\/a>FALCADE <\/strong>Torna sabato, 13 agosto, il Giro podistico di Falcade, evento proposto dallo Sci club Val Biois. La manifestazione, giunta all\u2019edizione numero 28, si svolger\u00e0 in abbinata con il Mini Giro podistico, corsa dedicata ai pi\u00f9 piccoli e giunta alla 20.ma edizione. La partenza del Giro podistico verr\u00e0 data alle 18.50. Il percorso, di circa 6 chilometri, si snoder\u00e0 attraverso le vie del fondo valle di Falcade toccando le seguenti localit\u00e0: parcheggio Parco Giochi di Falcade , piazza Municipio, via degli Emigranti, , via Agostino Murer, cinema Dolomiti, corso Roma, via Maredane, laghetto l\u2019Aivaz, Parco Giochi Falcade, via Focobon, Camping Eden, piazzale al Molino, via Fontanelle, piazza Molino, via Fol, via Garibaldi, transito Col de Rif, via Caruo, passaggio albergo San Giusto, pista ciclabile, ed arrivo al Parco Giochi di Falcade. I primi 300 iscritti riceveranno una maglietta tecnica. Ad essere premiati saranno i primi dieci assoluti e le prime dieci assolute. Saranno inoltre premiati tutti gli atleti over 70 sia dell\u2019ambito maschile che di quello femminile. Le iscrizioni sono possibili sul sito <a href=\"http:\/\/www.sportdolomiti.it\/\">www.sportdolomiti.it<\/a> oppure rivolgendosi all&#8217;ufficio turistico di Falcade.\u00a0 Per quanto riguarda il Mini Giro, la manifestazione \u00e8 riservata agli under 14 e si svolger\u00e0 a partire dalle 16 su un tracciato interamente pianeggiante ricavato sulla piana di Falcade, con distanze diverse a seconda della categoria di appartenenza. In palio ci sono una\u00a0 maglietta tecnica per i primi 300 iscritti, una medaglia per tutti i partecipanti e un ulteriore premio per i primi tre di ogni categoria. Le iscrizioni soo possibili il giorno della gara, entro le ore 15.\u00a0 Per eventuali ulteriori: <a href=\"mailto:info@sciclubvalbiois.it\">info@sciclubvalbiois.it<\/a><\/p>\n<p><span style=\"color: #ff0000;\"><em><strong>OGGI SU RADIO PIU&#8217; LO SPECIALE ALLE 15:10 E ALLE 20:30 ALL&#8217;INTERNO DI &#8220;LA FABBRICA DELLE EMOZIONI&#8221;. OSPITE IL PRESIDENTE DELLO SCI CLUB VAL BIOIS MATTEO CAGNATI<\/strong><\/em><\/span><\/p>\n<p>&nbsp;<\/p>\n<hr \/>\n<p>&nbsp;<\/p>\n<p><span style=\"color: #0000ff;\"><strong>MOTORI<\/strong><\/span><\/p>\n<blockquote>\n<h3>SPOSTATA AD OTTOBRE LA PEDAVENA CROCE D&#8217;AUNE<\/h3>\n<\/blockquote>\n<p><strong><a class=\"dt-pswp-item\" href=\"https:\/\/www.radiopiu.net\/wordpress\/wp-content\/uploads\/2020\/08\/Merli-su-Osella-al-Nevegal.jpeg\" data-dt-img-description=\"\" data-large_image_width=\"1280\" data-large_image_height=\"851\"><img loading=\"lazy\" decoding=\"async\" class=\"size-thumbnail wp-image-154088 alignleft\" src=\"https:\/\/www.radiopiu.net\/wordpress\/wp-content\/uploads\/2020\/08\/Merli-su-Osella-al-Nevegal-150x150.jpeg\" alt=\"\" width=\"150\" height=\"150\" \/><\/a>BELLUNO<\/strong><\/p>\n<p>di Roberto Bona<\/p>\n<audio class=\"wp-audio-shortcode\" id=\"audio-291793-11\" preload=\"none\" style=\"width: 100%;\" controls=\"controls\"><source type=\"audio\/mpeg\" src=\"https:\/\/www.radiopiu.net\/wordpress\/wp-content\/uploads\/2022\/08\/BONA-PEDAVENA-CROCE.mp3?_=11\" \/><a href=\"https:\/\/www.radiopiu.net\/wordpress\/wp-content\/uploads\/2022\/08\/BONA-PEDAVENA-CROCE.mp3\">https:\/\/www.radiopiu.net\/wordpress\/wp-content\/uploads\/2022\/08\/BONA-PEDAVENA-CROCE.mp3<\/a><\/audio>\n<p>&nbsp;<\/p>\n<p>&nbsp;<\/p>\n<hr \/>\n<p>&nbsp;<\/p>\n<p><span style=\"color: #0000ff;\"><strong>PARACADUTISMO<\/strong><\/span><\/p>\n<blockquote>\n<h3>IL TROFEO CITTA&#8217; DI BELLUNO DAL 12 AL 14 AGOSTO<\/h3>\n<\/blockquote>\n<p><strong><a class=\"dt-pswp-item\" href=\"https:\/\/www.radiopiu.net\/wordpress\/wp-content\/uploads\/2022\/08\/\u00a9ti-comunicazione.com-TROFEO-CITTA-DI-BELLUNO-2021-scaled.jpg\" data-dt-img-description=\"\" data-large_image_width=\"2560\" data-large_image_height=\"1707\"><img loading=\"lazy\" decoding=\"async\" class=\"size-thumbnail wp-image-291974 alignleft\" src=\"https:\/\/www.radiopiu.net\/wordpress\/wp-content\/uploads\/2022\/08\/\u00a9ti-comunicazione.com-TROFEO-CITTA-DI-BELLUNO-2021-150x150.jpg\" alt=\"\" width=\"150\" height=\"150\" \/><\/a>BELLUNO <\/strong>Ritorna il Trofeo \u201cTrofeo Citt\u00e0 di Belluno\u201d, evento proposto all\u2019aeroporto \u201cArturo Dell\u2019Oro\u201d dall\u2019Associazione paracadutismo Belluno in sinergia con l\u2019Aeroclub Belluno. L\u2019evento, giunto all\u2019edizione numero 33, costituisce uno dei riferimenti storici delle World Cup Series, la Coppa del Mondo di atterraggio di precisione. Tre saranno le giornate di gara del Trofeo \u201cTrofeo Citt\u00e0 di Belluno\u201d: si comincer\u00e0 venerd\u00ec 12 per andare avanti fino a domenica 14 agosto. Le squadre iscritte sono oltre 40, per un totale di concorrenti che supera i 200. Il supporto per i lanci sar\u00e0 fornito dagli elicotteri di EliFriulia. l Trofeo citt\u00e0 di Belluno costituisce la terza tappa delle World Cup Series: le prime due si sono svolte a Rijeka, in Croazia, dal 10 al 12 giugno, e a Bled, in Slovenia, dall\u20198 al 10 luglio. Dopo Belluno il circuito approder\u00e0 a Thalgau, in Austria, dal 26 al 28 agosto e a Locarno, in Svizzera, per la finale in programma dal 23 al 25 settembre.<\/p>\n<\/div>\n<\/div>\n<\/div>\n<\/div>\n<\/div>\n<\/div>\n<\/div>\n<\/div>\n<\/div>\n<\/div>\n<\/div>\n<\/div>\n<\/div>\n<\/div>\n<\/div>\n<\/div>\n<\/div>\n<\/div>\n<\/div>\n<\/div>\n<\/div>\n<\/div>\n<\/div>\n<\/div>\n<\/div>\n<\/div>\n<\/div>\n<\/div>\n<\/div>\n<\/div>\n<\/div>\n<\/div>\n<\/div>\n<\/div>\n<\/div>\n<\/div>\n<\/div>\n<\/div>\n<\/div>\n<\/div>\n<\/div>\n<\/div>\n<\/div>\n<\/div>\n<\/div>\n<\/div>\n<\/div>\n<\/div>\n<\/div>\n<\/div>\n<\/div>\n<\/div>\n<\/div>\n<\/div>\n<\/div>\n<\/div>\n<\/div>\n<\/div>\n<\/div>\n<\/div>\n<\/div>\n<\/div>\n<\/div>\n<\/div>\n<\/div>\n<\/div>\n<\/div>\n<\/div>\n<\/div>\n<\/div>\n<\/div>\n<\/div>\n<\/div>\n<\/div>\n<\/div>\n<\/div>\n<\/div>\n<\/div>\n<\/div>\n<\/div>\n<\/div>\n<\/div>\n<\/div>\n<\/div>\n<\/div>\n<\/div>\n<\/div>\n<\/div>\n<\/div>\n<\/div>\n<\/div>\n<\/div>\n<\/div>\n<\/div>\n<\/div>\n<\/div>\n<\/div>\n<\/div>\n<\/div>\n<\/div>\n<\/div>\n<\/div>\n<\/div>\n<\/div>\n","protected":false},"excerpt":{"rendered":"<p>RADIO PIU INFORMAZIONE il canale su TELEGRAM informazione di prima\u00a0 mano e in tempo reale. iscriviti ed aiutaci a farlo conoscere\u00a0 \u00a0 &nbsp; &nbsp; SP3, LAVORI A GONA DI CONEDERA FINO AL 29 AGOSTO SEDICO Veneto Strade comunica che lungo la SP 3 della Valle Imperina, a Gona di Conedera in comune di Rivamonte, verr\u00e0&hellip;<\/p>\n","protected":false},"author":4,"featured_media":291910,"comment_status":"closed","ping_status":"closed","sticky":false,"template":"","format":"standard","meta":{"_monsterinsights_skip_tracking":false,"_monsterinsights_sitenote_active":false,"_monsterinsights_sitenote_note":"","_monsterinsights_sitenote_category":0,"footnotes":""},"categories":[51,86,49],"tags":[],"class_list":["post-291793","post","type-post","status-publish","format-standard","has-post-thumbnail","hentry","category-evidenza-top","category-gr","category-news-18","category-51","category-86","category-49","description-off"],"img_url":"https:\/\/www.radiopiu.net\/wordpress\/wp-content\/uploads\/2022\/08\/22647b4e-9964-4c76-a1ea-7686d8c41121.jpg","_links":{"self":[{"href":"https:\/\/www.radiopiu.net\/wordpress\/wp-json\/wp\/v2\/posts\/291793","targetHints":{"allow":["GET"]}}],"collection":[{"href":"https:\/\/www.radiopiu.net\/wordpress\/wp-json\/wp\/v2\/posts"}],"about":[{"href":"https:\/\/www.radiopiu.net\/wordpress\/wp-json\/wp\/v2\/types\/post"}],"author":[{"embeddable":true,"href":"https:\/\/www.radiopiu.net\/wordpress\/wp-json\/wp\/v2\/users\/4"}],"replies":[{"embeddable":true,"href":"https:\/\/www.radiopiu.net\/wordpress\/wp-json\/wp\/v2\/comments?post=291793"}],"version-history":[{"count":0,"href":"https:\/\/www.radiopiu.net\/wordpress\/wp-json\/wp\/v2\/posts\/291793\/revisions"}],"wp:featuredmedia":[{"embeddable":true,"href":"https:\/\/www.radiopiu.net\/wordpress\/wp-json\/wp\/v2\/media\/291910"}],"wp:attachment":[{"href":"https:\/\/www.radiopiu.net\/wordpress\/wp-json\/wp\/v2\/media?parent=291793"}],"wp:term":[{"taxonomy":"category","embeddable":true,"href":"https:\/\/www.radiopiu.net\/wordpress\/wp-json\/wp\/v2\/categories?post=291793"},{"taxonomy":"post_tag","embeddable":true,"href":"https:\/\/www.radiopiu.net\/wordpress\/wp-json\/wp\/v2\/tags?post=291793"}],"curies":[{"name":"wp","href":"https:\/\/api.w.org\/{rel}","templated":true}]}}