{"id":291929,"date":"2022-08-09T16:37:56","date_gmt":"2022-08-09T14:37:56","guid":{"rendered":"https:\/\/www.radiopiu.net\/wordpress\/?p=291929"},"modified":"2022-08-09T16:37:56","modified_gmt":"2022-08-09T14:37:56","slug":"rigenerazione-dellex-caserma-fantuzzi-il-consiglio-provinciale-vara-latto-di-indirizzo-preliminare-alla-permuta-con-lagenzia-del-demanio","status":"publish","type":"post","link":"https:\/\/www.radiopiu.net\/wordpress\/rigenerazione-dellex-caserma-fantuzzi-il-consiglio-provinciale-vara-latto-di-indirizzo-preliminare-alla-permuta-con-lagenzia-del-demanio\/","title":{"rendered":"RIGENERAZIONE DELL\u2019EX CASERMA FANTUZZI, IL CONSIGLIO PROVINCIALE VARA L\u2019ATTO DI INDIRIZZO PRELIMINARE ALLA PERMUTA CON L\u2019AGENZIA DEL DEMANIO"},"content":{"rendered":"<p><strong><a class=\"dt-pswp-item\" href=\"https:\/\/www.radiopiu.net\/wordpress\/wp-content\/uploads\/2022\/08\/IMG_5545-scaled.jpg\" data-dt-img-description=\"\" data-large_image_width=\"2560\" data-large_image_height=\"1566\"><img loading=\"lazy\" decoding=\"async\" class=\"size-thumbnail wp-image-291939 alignleft\" src=\"https:\/\/www.radiopiu.net\/wordpress\/wp-content\/uploads\/2022\/08\/IMG_5545-150x150.jpg\" alt=\"\" width=\"150\" height=\"150\" \/><\/a>BELLUNO <\/strong>L\u2019idea di riqualificare l\u2019ex caserma Fantuzzi e realizzare una cittadella scolastica va avanti. La Provincia di Belluno ha varato un atto di indirizzo preliminare proprio alla rifunzionalizzazione del complesso militare, costruito attorno al 1886-1889 e dismesso nel 1997. Il consiglio provinciale, riunitosi oggi in Val di Zoldo secondo la modalit\u00e0 delle sedute itineranti, ha approvato il percorso di definizione di una permuta con l\u2019Agenzia del Demanio, proprietaria al momento dell\u2019area della caserma. Nello scambio, la Provincia ceder\u00e0 allo Stato i palazzi della Prefettura e della Questura (che oggi necessitano di interventi di adeguamento), per ricevere in cambio le strutture della Fantuzzi. \u00ab<em>Si tratta di un\u2019operazione che ci porter\u00e0 a ristrutturare la vecchia caserma, restituendo alla piena operativit\u00e0 uno spazio strategico, anche se oggi \u00e8 dismesso e degradato &#8211; ha sottolineato il presidente della Provincia -. Valorizzare quell\u2019immobile, nelle nostre idee condivise con l\u2019amministrazione di Belluno, significa portarci le scuole, a cominciare dalla sede del liceo scientifico Galilei, oggi decentrata. Questa operazione ha il vantaggio di rigenerare uno spazio, ma anche di ridurre le spese delle navette scolastiche. La permuta sar\u00e0 definita non appena avremo verificato la compatibilit\u00e0 economica dell\u2019operazione e non appena ci saranno date garanzie di finanziamento da parte dello Stato<\/em>\u00bb. Secondo le stime, infatti, la rigenerazione della Fantuzzi in cittadella scolastica comporter\u00e0 un investimento di circa 20 milioni di euro.\u00a0 Il consiglio provinciale ha varato anche il Dup (documento unico di programmazione) 2023-2025. L\u2019atto evidenzia le criticit\u00e0 sociali del territorio provinciale, con lo spopolamento che ha portato i residenti totali sotto quota 200mila, e ricalca il programma presentato e approvato all\u2019unanimit\u00e0 dopo le elezioni del dicembre 2021. Ma prende atto anche delle difficolt\u00e0 finanziarie che stanno attraversando tutti gli enti Provincia. \u00ab<em>Purtroppo il calo drastico delle entrate &#8211; in particolare Rc auto e Ipt &#8211; ci ha costretto a misure sofferte, tra cui l\u2019interruzione di diverse tipologie di finanziamento, come quello alle Unioni Montane\u00bb ha spiegato il presidente della Provincia. \u00abAbbiamo dovuto congelare anche tutto il programma di assunzioni e questo ci mette in difficolt\u00e0 in diversi settori. Ciononostante, il Dup conferma la volont\u00e0 ampia e piena di dare risposte al territorio e alle comunit\u00e0 locali, nella convinzione che la Provincia \u00e8 e rimane ente di servizio per le amministrazioni comunali<\/em>\u00bb.\u00a0 A margine del consiglio, alla presenza del sindaco di Val di Zoldo che ha sollecitato un intervento risolutivo sulle note problematiche della viabilit\u00e0 di accesso alla vallata, \u00e8 stato espresso anche un auspicio sulla sistemazione della Sp251. \u00ab<em>La Provincia ha investito 2 milioni di euro, il massimo possibile viste le ristrettezze economiche, per la sistemazione della frana a Solagnot e per alcune barriere paramassi<\/em>\u00bb ha spiegato il presidente. \u00ab<em>Ci siamo mossi a livello regionale e governativo per trovare le risorse necessarie a mettere a posto i tratti di strada pi\u00f9 a rischio. Secondo i primi calcoli servono 20 milioni di euro per trovare una sistemazione definitiva. Da parte nostra continueremo a spingere gli enti superiori per avere risposte e dare sicurezza a uno dei territori pi\u00f9 belli della nostra provincia<\/em>\u00bb.<\/p>\n<p>&nbsp;<\/p>\n<p>&nbsp;<\/p>\n<p>*****<\/p>\n","protected":false},"excerpt":{"rendered":"<p>BELLUNO L\u2019idea di riqualificare l\u2019ex caserma Fantuzzi e realizzare una cittadella scolastica va avanti. La Provincia di Belluno ha varato un atto di indirizzo preliminare proprio alla rifunzionalizzazione del complesso militare, costruito attorno al 1886-1889 e dismesso nel 1997. Il consiglio provinciale, riunitosi oggi in Val di Zoldo secondo la modalit\u00e0 delle sedute itineranti, ha&hellip;<\/p>\n","protected":false},"author":4,"featured_media":291939,"comment_status":"closed","ping_status":"closed","sticky":false,"template":"","format":"standard","meta":{"_monsterinsights_skip_tracking":false,"_monsterinsights_sitenote_active":false,"_monsterinsights_sitenote_note":"","_monsterinsights_sitenote_category":0,"footnotes":""},"categories":[49],"tags":[],"class_list":["post-291929","post","type-post","status-publish","format-standard","has-post-thumbnail","hentry","category-news-18","category-49","description-off"],"img_url":"https:\/\/www.radiopiu.net\/wordpress\/wp-content\/uploads\/2022\/08\/IMG_5545-scaled.jpg","_links":{"self":[{"href":"https:\/\/www.radiopiu.net\/wordpress\/wp-json\/wp\/v2\/posts\/291929","targetHints":{"allow":["GET"]}}],"collection":[{"href":"https:\/\/www.radiopiu.net\/wordpress\/wp-json\/wp\/v2\/posts"}],"about":[{"href":"https:\/\/www.radiopiu.net\/wordpress\/wp-json\/wp\/v2\/types\/post"}],"author":[{"embeddable":true,"href":"https:\/\/www.radiopiu.net\/wordpress\/wp-json\/wp\/v2\/users\/4"}],"replies":[{"embeddable":true,"href":"https:\/\/www.radiopiu.net\/wordpress\/wp-json\/wp\/v2\/comments?post=291929"}],"version-history":[{"count":0,"href":"https:\/\/www.radiopiu.net\/wordpress\/wp-json\/wp\/v2\/posts\/291929\/revisions"}],"wp:featuredmedia":[{"embeddable":true,"href":"https:\/\/www.radiopiu.net\/wordpress\/wp-json\/wp\/v2\/media\/291939"}],"wp:attachment":[{"href":"https:\/\/www.radiopiu.net\/wordpress\/wp-json\/wp\/v2\/media?parent=291929"}],"wp:term":[{"taxonomy":"category","embeddable":true,"href":"https:\/\/www.radiopiu.net\/wordpress\/wp-json\/wp\/v2\/categories?post=291929"},{"taxonomy":"post_tag","embeddable":true,"href":"https:\/\/www.radiopiu.net\/wordpress\/wp-json\/wp\/v2\/tags?post=291929"}],"curies":[{"name":"wp","href":"https:\/\/api.w.org\/{rel}","templated":true}]}}