{"id":291942,"date":"2022-08-10T05:30:33","date_gmt":"2022-08-10T03:30:33","guid":{"rendered":"https:\/\/www.radiopiu.net\/wordpress\/?p=291942"},"modified":"2022-08-10T05:50:21","modified_gmt":"2022-08-10T03:50:21","slug":"siccita-al-via-la-ricerca-perdite-occulte-in-alpago-e-a-ponte-nelle-alpi","status":"publish","type":"post","link":"https:\/\/www.radiopiu.net\/wordpress\/siccita-al-via-la-ricerca-perdite-occulte-in-alpago-e-a-ponte-nelle-alpi\/","title":{"rendered":"SICCIT\u00c0, AL VIA LA RICERCA PERDITE OCCULTE IN ALPAGO E A PONTE NELLE ALPI"},"content":{"rendered":"<p><strong><a class=\"dt-pswp-item\" href=\"https:\/\/www.radiopiu.net\/wordpress\/wp-content\/uploads\/2022\/08\/rifornimenti-con-autobotte.jpg\" data-dt-img-description=\"\" data-large_image_width=\"1230\" data-large_image_height=\"1035\"><img loading=\"lazy\" decoding=\"async\" class=\"size-thumbnail wp-image-291943 alignleft\" src=\"https:\/\/www.radiopiu.net\/wordpress\/wp-content\/uploads\/2022\/08\/rifornimenti-con-autobotte-150x150.jpg\" alt=\"\" width=\"150\" height=\"150\" \/><\/a>BELLUNO <\/strong>Continua a non dare tregua l\u2019emergenza siccit\u00e0. Nonostante i temporali dei giorni scorsi abbiano portato un minimo apporto idrico nelle sorgenti montane, continuano a diminuire drasticamente i livelli dell\u2019acqua disponibile negli impianti gestiti da Bim Gsp, soprattutto in Alpago, tra le zone pi\u00f9 a rischio di seria carenza idrica. Qui, infatti, da sabato sono ripresi in localit\u00e0 Villanova i razionamenti notturni, programmati nella fascia oraria tra le 22 e le 6, e da oggi sono ripresi i rifornimenti con le autobotti di Gsp e dei Vigili del fuoco nei serbatoi locali. Misure indispensabili, queste, per permettere alle vasche di accumulo di ricaricarsi adeguatamente e assicurare, nel corso della giornata, stabilit\u00e0 nell\u2019erogazione all\u2019utenza. Un equilibrio estremamente fragile per\u00f2, che al momento sostiene la richiesta giornaliera ma che potrebbe andare a compromettersi a breve con l\u2019atteso picco di presenze turistiche e di seconde case. Importante, quindi, che tutta l\u2019utenza limiti i prelievi allo stretto necessario e ai soli usi umani e igienico-sanitari. In parallelo, nelle scorse settimane, Bim Gsp ha dato avvio all\u2019iter autorizzativo per il riutilizzo, in via d\u2019urgenza, di due opere di presa dismesse e ubicate nei pressi della sorgente Caotes. Iter che ha previsto anche prelievi analitici dell\u2019Ulss per accertare la qualit\u00e0 dell\u2019acqua e i cui esiti sono stati favorevoli. Si attende, ora, il via libera definitivo da parte degli enti preposti. Ed \u00e8 proprio da Villanova di Farra d\u2019Alpago che \u00e8 partita ieri la ricerca perdite lungo la rete idrica locale. L\u2019attivit\u00e0, che durer\u00e0 circa tre settimane, interesser\u00e0 i sistemi acquedottistici collegati alle sorgenti Caotes e del Venal, da cui dipendono non solo frazioni del comune di Ponte nelle Alpi (Quantin, Col di Cugnan e Losego) ma anche vaste zone dell\u2019Alpago (Farra, Pieve, Puos in comune di Alpago e Lavina, Soralavina e Borsoi a Tambre). Sar\u00e0 investigata e monitorata la rete di distribuzione, palmo a palmo, grazie a strumentazioni specifiche e sofisticate: la ricerca consentir\u00e0 non solo la rilevazione puntuale di rotture occulte, quindi non visibili in superficie, ma anche la tempestiva riparazione. A svolgere l\u2019attivit\u00e0, le squadre operative di Bim Gsp e la ditta Tae di Rovereto, specialista nel settore. La ricerca, poi, si sposter\u00e0 in Comune di Ponte nelle Alpi, lungo il sistema acquedottistico che alimenta buona parte del territorio comunicale, in particolare lungo la tratta di rete di distribuzione collegata alla sorgente Arsi\u00e8, da cui dipendono le zone di Casan, Paiane, Soccher e Lizzona, dove i razionamenti notturni non sono ad oggi mai stati sospesi.<\/p>\n<p>&nbsp;<\/p>\n<p>&nbsp;<\/p>\n<p>******<\/p>\n","protected":false},"excerpt":{"rendered":"<p>BELLUNO Continua a non dare tregua l\u2019emergenza siccit\u00e0. Nonostante i temporali dei giorni scorsi abbiano portato un minimo apporto idrico nelle sorgenti montane, continuano a diminuire drasticamente i livelli dell\u2019acqua disponibile negli impianti gestiti da Bim Gsp, soprattutto in Alpago, tra le zone pi\u00f9 a rischio di seria carenza idrica. Qui, infatti, da sabato sono&hellip;<\/p>\n","protected":false},"author":4,"featured_media":291943,"comment_status":"closed","ping_status":"closed","sticky":false,"template":"","format":"standard","meta":{"_monsterinsights_skip_tracking":false,"_monsterinsights_sitenote_active":false,"_monsterinsights_sitenote_note":"","_monsterinsights_sitenote_category":0,"footnotes":""},"categories":[51,49],"tags":[],"class_list":["post-291942","post","type-post","status-publish","format-standard","has-post-thumbnail","hentry","category-evidenza-top","category-news-18","category-51","category-49","description-off"],"img_url":"https:\/\/www.radiopiu.net\/wordpress\/wp-content\/uploads\/2022\/08\/rifornimenti-con-autobotte.jpg","_links":{"self":[{"href":"https:\/\/www.radiopiu.net\/wordpress\/wp-json\/wp\/v2\/posts\/291942","targetHints":{"allow":["GET"]}}],"collection":[{"href":"https:\/\/www.radiopiu.net\/wordpress\/wp-json\/wp\/v2\/posts"}],"about":[{"href":"https:\/\/www.radiopiu.net\/wordpress\/wp-json\/wp\/v2\/types\/post"}],"author":[{"embeddable":true,"href":"https:\/\/www.radiopiu.net\/wordpress\/wp-json\/wp\/v2\/users\/4"}],"replies":[{"embeddable":true,"href":"https:\/\/www.radiopiu.net\/wordpress\/wp-json\/wp\/v2\/comments?post=291942"}],"version-history":[{"count":0,"href":"https:\/\/www.radiopiu.net\/wordpress\/wp-json\/wp\/v2\/posts\/291942\/revisions"}],"wp:featuredmedia":[{"embeddable":true,"href":"https:\/\/www.radiopiu.net\/wordpress\/wp-json\/wp\/v2\/media\/291943"}],"wp:attachment":[{"href":"https:\/\/www.radiopiu.net\/wordpress\/wp-json\/wp\/v2\/media?parent=291942"}],"wp:term":[{"taxonomy":"category","embeddable":true,"href":"https:\/\/www.radiopiu.net\/wordpress\/wp-json\/wp\/v2\/categories?post=291942"},{"taxonomy":"post_tag","embeddable":true,"href":"https:\/\/www.radiopiu.net\/wordpress\/wp-json\/wp\/v2\/tags?post=291942"}],"curies":[{"name":"wp","href":"https:\/\/api.w.org\/{rel}","templated":true}]}}